{"id":69521,"date":"2025-10-03T05:52:23","date_gmt":"2025-10-03T08:52:23","guid":{"rendered":"https:\/\/afogadosfm.com.br\/afogadosfm\/?p=69521"},"modified":"2025-10-03T05:53:06","modified_gmt":"2025-10-03T08:53:06","slug":"69521","status":"publish","type":"post","link":"https:\/\/afogadosfm.com.br\/afogadosfm\/2025\/10\/03\/69521\/","title":{"rendered":"Prefeitura de Afogados inaugurou quadra poliesportiva na escola Dom Mota"},"content":{"rendered":"\n<p>A Prefeitura de Afogados da Ingazeira inaugurou na noite da ultima quarta (01), a quadra poliesportiva Antonio Manuel Maia Bazantt Barros, na nova Escola Dom Mota, no bairro Borges.\u00a0<\/p>\n\n\n\n<p>O nome da quadra foi proposi\u00e7\u00e3o do vereador Douglas Rodrigues, e \u00e9 uma bela homenagem \u00e0 mem\u00f3ria do jovem Antonio Manuel, que estudou na escola e nos deixou precocemente.&nbsp;<\/p>\n\n\n\n<p>Familiares do jovem estiveram presentes \u00e0 inaugura\u00e7\u00e3o e foram representados na fala por Charles Maia, pai de Antonio. \u201cPara n\u00f3s essa n\u00e3o \u00e9 apenas uma obra de cal, de pedra ou de cimento. \u00c9 um espa\u00e7o de mem\u00f3ria, de lembran\u00e7a e de homenagem ao nosso t\u00e3o amado filho. Quero agradecer a todos por esse momento,\u201d falou Charles, bastante emocionado.&nbsp;<\/p>\n\n\n\n<p>O Poeta Alexandre Morais tamb\u00e9m usou do microfone para homenagear, com versos, o jovem Antonio. Falando de coisas que Antonio gostava, como rob\u00f3tica, basquete, karat\u00ea e cubo m\u00e1gico, o poeta terminou seus versos assim:&nbsp;<\/p>\n\n\n\n<p>\u201cSolte o riso, minha m\u00e3e<\/p>\n\n\n\n<p>Sorria, meu pai querido<\/p>\n\n\n\n<p>Minha irm\u00e3, tios, amigos,<\/p>\n\n\n\n<p>Soltem um riso comprido&nbsp;<\/p>\n\n\n\n<p>Com voc\u00eas estando bem&nbsp;<\/p>\n\n\n\n<p>\u00c9 que eu vou me sentir cem<\/p>\n\n\n\n<p>Cem por cento mais feliz&nbsp;<\/p>\n\n\n\n<p>Eu sou flor, voc\u00eas adubo&nbsp;<\/p>\n\n\n\n<p>S\u00f3 completei mais um cubo&nbsp;<\/p>\n\n\n\n<p>O melhor cubo que eu fiz.\u201d<\/p>\n\n\n\n<p>Tamb\u00e9m se fizeram presentes \u00e0 homenagem, representantes das lojas ma\u00e7\u00f4nicas Ac\u00e1cia do Sert\u00e3o n\u00b0 57, Arquitetos da Paz n\u00b0 50 e Cavaleiros de A\u00e7o n\u00b0 45.<\/p>\n\n\n\n<figure class=\"wp-block-image\"><a href=\"https:\/\/i0.wp.com\/blogger.googleusercontent.com\/img\/b\/R29vZ2xl\/AVvXsEhhrKUe6YQWUvQflCoxOQGHLQauVIyAObNOAsFTzgZzfR4LBDCgCS4NEdgUUFuDuWuQzedK3OMjvJngvfwgKuwIdlzwfd-9wAun-44cOCwzL2HzOvPPAR0dEttNhAc3-Nh7yc5VToR9YTcrM29XY0uQh-GkPI_otoqF2ozmDZ_0Gt4JejV-hIxtrcmIZyws\/s1600\/e86f706d-3790-451d-b480-5c72e76ecc46.jpg?ssl=1\"><img data-recalc-dims=\"1\" decoding=\"async\" src=\"https:\/\/i0.wp.com\/blogger.googleusercontent.com\/img\/b\/R29vZ2xl\/AVvXsEhhrKUe6YQWUvQflCoxOQGHLQauVIyAObNOAsFTzgZzfR4LBDCgCS4NEdgUUFuDuWuQzedK3OMjvJngvfwgKuwIdlzwfd-9wAun-44cOCwzL2HzOvPPAR0dEttNhAc3-Nh7yc5VToR9YTcrM29XY0uQh-GkPI_otoqF2ozmDZ_0Gt4JejV-hIxtrcmIZyws\/w400-h266\/e86f706d-3790-451d-b480-5c72e76ecc46.jpg?w=840&#038;ssl=1\" alt=\"\"\/><\/a><\/figure>\n\n\n\n<p>O Prefeito Sandrinho Palmeira se disse emocionado com as homenagens ao jovem Antonio e destacou a import\u00e2ncia do trabalho permanente da gest\u00e3o e da entrega de a\u00e7\u00f5es e obras para a popula\u00e7\u00e3o. \u201cNossa energia \u00e9 a energia do bem, a que acolhe, a que tem entregas pra mostrar a popula\u00e7\u00e3o, e o abra\u00e7o afetuoso de nossas crian\u00e7as que recebi aqui \u00e9 prova disso, desse reconhecimento. A nossa principal resposta para a coletividade \u00e9 a entrega de uma obra como essa. Uma entrega por semana, fazendo o bem e levando o bem \u00e0s pessoas,\u201d destacou o Prefeito Sandrinho Palmeira. Em sua fala, o Prefeito apresentou aos presentes o projeto da piscina que ser\u00e1 constru\u00edda pela Prefeitura na Escola Dom Mota, a primeira de uma escola p\u00fablica de Afogados da Ingazeira.&nbsp;<\/p>\n\n\n\n<p>Na quadra poder\u00e3o ser praticadas atividades das aulas de educa\u00e7\u00e3o&nbsp; f\u00edsica e disputas nas modalidades futsal, v\u00f4lei, basquete e handebol. A noite terminou com duas partidas amistosas, de futsal e handebol, entre alunos da escola.&nbsp;<\/p>\n\n\n\n<p>Presentes \u00e0 inaugura\u00e7\u00e3o o vice-prefeito Daniel Valadares, secret\u00e1rios minuciais, comunidade escolar e os Vereadores Raimundo Lima, C\u00edcero Miguel, Gal Mariano, C\u00e9sar Ten\u00f3rio, Simone da Feira, Lucineide Cordeiro, Douglas Rodrigues e M\u00e1rio Martins.<\/p>\n\n\n\n<figure class=\"wp-block-image\"><a href=\"https:\/\/i0.wp.com\/blogger.googleusercontent.com\/img\/b\/R29vZ2xl\/AVvXsEjmq6BYX3qykQ4pjF9JycFwwqQt6kiQ5S5w43exWupbSIezbQ5C62XSjt7o3YtTtQkcJJS4WdVQJ8aevqrVONeQ576GI8svPF1jrij5-b_4dI8T_DEcgAWDgjkVjGKXo8rtR9XJETzO9yoSVmobMa63KacY0xWazJHDg2R01chyytywscPacQ9_qaIjwT4q\/s1600\/05b12d6d-c873-495f-a164-47c8e67f6b2f.jpg?ssl=1\"><img data-recalc-dims=\"1\" decoding=\"async\" src=\"https:\/\/i0.wp.com\/blogger.googleusercontent.com\/img\/b\/R29vZ2xl\/AVvXsEjmq6BYX3qykQ4pjF9JycFwwqQt6kiQ5S5w43exWupbSIezbQ5C62XSjt7o3YtTtQkcJJS4WdVQJ8aevqrVONeQ576GI8svPF1jrij5-b_4dI8T_DEcgAWDgjkVjGKXo8rtR9XJETzO9yoSVmobMa63KacY0xWazJHDg2R01chyytywscPacQ9_qaIjwT4q\/w400-h266\/05b12d6d-c873-495f-a164-47c8e67f6b2f.jpg?w=840&#038;ssl=1\" alt=\"\"\/><\/a><\/figure>\n","protected":false},"excerpt":{"rendered":"<p>A Prefeitura de Afogados da Ingazeira inaugurou na noite da ultima quarta (01), a quadra poliesportiva Antonio Manuel Maia Bazantt<\/p>\n","protected":false},"author":2,"featured_media":69522,"comment_status":"open","ping_status":"open","sticky":false,"template":"","format":"standard","meta":{"jetpack_post_was_ever_published":false,"_jetpack_newsletter_access":"","_jetpack_dont_email_post_to_subs":false,"_jetpack_newsletter_tier_id":0,"_jetpack_memberships_contains_paywalled_content":false,"_jetpack_memberships_contains_paid_content":false,"footnotes":"","jetpack_publicize_message":"","jetpack_publicize_feature_enabled":true,"jetpack_social_post_already_shared":true,"jetpack_social_options":{"image_generator_settings":{"template":"highway","default_image_id":0,"font":"","enabled":false},"version":2}},"categories":[14],"tags":[],"class_list":["post-69521","post","type-post","status-publish","format-standard","has-post-thumbnail","hentry","category-afogados-da-ingazeira"],"yoast_head":"<!-- This site is optimized with the Yoast SEO plugin v27.5 - https:\/\/yoast.com\/product\/yoast-seo-wordpress\/ -->\n<title>Prefeitura de Afogados inaugurou quadra poliesportiva na escola Dom Mota - Afogados FM<\/title>\n<meta name=\"robots\" content=\"index, follow, max-snippet:-1, max-image-preview:large, max-video-preview:-1\" \/>\n<link rel=\"canonical\" href=\"https:\/\/afogadosfm.com.br\/afogadosfm\/2025\/10\/03\/69521\/\" \/>\n<meta property=\"og:locale\" content=\"pt_BR\" \/>\n<meta property=\"og:type\" content=\"article\" \/>\n<meta property=\"og:title\" content=\"Prefeitura de Afogados inaugurou quadra poliesportiva na escola Dom Mota - Afogados FM\" \/>\n<meta property=\"og:description\" content=\"A Prefeitura de Afogados da Ingazeira inaugurou na noite da ultima quarta (01), a quadra poliesportiva Antonio Manuel Maia Bazantt\" \/>\n<meta property=\"og:url\" content=\"https:\/\/afogadosfm.com.br\/afogadosfm\/2025\/10\/03\/69521\/\" \/>\n<meta property=\"og:site_name\" content=\"Afogados FM\" \/>\n<meta property=\"article:published_time\" content=\"2025-10-03T08:52:23+00:00\" \/>\n<meta property=\"article:modified_time\" content=\"2025-10-03T08:53:06+00:00\" \/>\n<meta property=\"og:image\" content=\"https:\/\/afogadosfm.com.br\/afogadosfm\/wp-content\/uploads\/2025\/10\/bff41f4d-366e-4e94-a3f7-9412f3dc79d0.jpg\" \/>\n\t<meta property=\"og:image:width\" content=\"400\" \/>\n\t<meta property=\"og:image:height\" content=\"266\" \/>\n\t<meta property=\"og:image:type\" content=\"image\/jpeg\" \/>\n<meta name=\"author\" content=\"afogadosfm\" \/>\n<meta name=\"twitter:card\" content=\"summary_large_image\" \/>\n<meta name=\"twitter:label1\" content=\"Escrito por\" \/>\n\t<meta name=\"twitter:data1\" content=\"afogadosfm\" \/>\n\t<meta name=\"twitter:label2\" content=\"Est. tempo de leitura\" \/>\n\t<meta name=\"twitter:data2\" content=\"3 minutos\" \/>\n<script type=\"application\/ld+json\" class=\"yoast-schema-graph\">{\"@context\":\"https:\\\/\\\/schema.org\",\"@graph\":[{\"@type\":\"Article\",\"@id\":\"https:\\\/\\\/afogadosfm.com.br\\\/afogadosfm\\\/2025\\\/10\\\/03\\\/69521\\\/#article\",\"isPartOf\":{\"@id\":\"https:\\\/\\\/afogadosfm.com.br\\\/afogadosfm\\\/2025\\\/10\\\/03\\\/69521\\\/\"},\"author\":{\"name\":\"afogadosfm\",\"@id\":\"https:\\\/\\\/afogadosfm.com.br\\\/afogadosfm\\\/#\\\/schema\\\/person\\\/60e56f2cf5dc960fc093fe093d9e9057\"},\"headline\":\"Prefeitura de Afogados inaugurou quadra poliesportiva na escola Dom Mota\",\"datePublished\":\"2025-10-03T08:52:23+00:00\",\"dateModified\":\"2025-10-03T08:53:06+00:00\",\"mainEntityOfPage\":{\"@id\":\"https:\\\/\\\/afogadosfm.com.br\\\/afogadosfm\\\/2025\\\/10\\\/03\\\/69521\\\/\"},\"wordCount\":467,\"commentCount\":0,\"publisher\":{\"@id\":\"https:\\\/\\\/afogadosfm.com.br\\\/afogadosfm\\\/#organization\"},\"image\":{\"@id\":\"https:\\\/\\\/afogadosfm.com.br\\\/afogadosfm\\\/2025\\\/10\\\/03\\\/69521\\\/#primaryimage\"},\"thumbnailUrl\":\"https:\\\/\\\/i0.wp.com\\\/afogadosfm.com.br\\\/afogadosfm\\\/wp-content\\\/uploads\\\/2025\\\/10\\\/bff41f4d-366e-4e94-a3f7-9412f3dc79d0.jpg?fit=400%2C266&ssl=1\",\"articleSection\":[\"Afogados da Ingazeira\"],\"inLanguage\":\"pt-BR\",\"potentialAction\":[{\"@type\":\"CommentAction\",\"name\":\"Comment\",\"target\":[\"https:\\\/\\\/afogadosfm.com.br\\\/afogadosfm\\\/2025\\\/10\\\/03\\\/69521\\\/#respond\"]}]},{\"@type\":\"WebPage\",\"@id\":\"https:\\\/\\\/afogadosfm.com.br\\\/afogadosfm\\\/2025\\\/10\\\/03\\\/69521\\\/\",\"url\":\"https:\\\/\\\/afogadosfm.com.br\\\/afogadosfm\\\/2025\\\/10\\\/03\\\/69521\\\/\",\"name\":\"Prefeitura de Afogados inaugurou quadra poliesportiva na escola Dom Mota - Afogados FM\",\"isPartOf\":{\"@id\":\"https:\\\/\\\/afogadosfm.com.br\\\/afogadosfm\\\/#website\"},\"primaryImageOfPage\":{\"@id\":\"https:\\\/\\\/afogadosfm.com.br\\\/afogadosfm\\\/2025\\\/10\\\/03\\\/69521\\\/#primaryimage\"},\"image\":{\"@id\":\"https:\\\/\\\/afogadosfm.com.br\\\/afogadosfm\\\/2025\\\/10\\\/03\\\/69521\\\/#primaryimage\"},\"thumbnailUrl\":\"https:\\\/\\\/i0.wp.com\\\/afogadosfm.com.br\\\/afogadosfm\\\/wp-content\\\/uploads\\\/2025\\\/10\\\/bff41f4d-366e-4e94-a3f7-9412f3dc79d0.jpg?fit=400%2C266&ssl=1\",\"datePublished\":\"2025-10-03T08:52:23+00:00\",\"dateModified\":\"2025-10-03T08:53:06+00:00\",\"breadcrumb\":{\"@id\":\"https:\\\/\\\/afogadosfm.com.br\\\/afogadosfm\\\/2025\\\/10\\\/03\\\/69521\\\/#breadcrumb\"},\"inLanguage\":\"pt-BR\",\"potentialAction\":[{\"@type\":\"ReadAction\",\"target\":[\"https:\\\/\\\/afogadosfm.com.br\\\/afogadosfm\\\/2025\\\/10\\\/03\\\/69521\\\/\"]}]},{\"@type\":\"ImageObject\",\"inLanguage\":\"pt-BR\",\"@id\":\"https:\\\/\\\/afogadosfm.com.br\\\/afogadosfm\\\/2025\\\/10\\\/03\\\/69521\\\/#primaryimage\",\"url\":\"https:\\\/\\\/i0.wp.com\\\/afogadosfm.com.br\\\/afogadosfm\\\/wp-content\\\/uploads\\\/2025\\\/10\\\/bff41f4d-366e-4e94-a3f7-9412f3dc79d0.jpg?fit=400%2C266&ssl=1\",\"contentUrl\":\"https:\\\/\\\/i0.wp.com\\\/afogadosfm.com.br\\\/afogadosfm\\\/wp-content\\\/uploads\\\/2025\\\/10\\\/bff41f4d-366e-4e94-a3f7-9412f3dc79d0.jpg?fit=400%2C266&ssl=1\",\"width\":400,\"height\":266},{\"@type\":\"BreadcrumbList\",\"@id\":\"https:\\\/\\\/afogadosfm.com.br\\\/afogadosfm\\\/2025\\\/10\\\/03\\\/69521\\\/#breadcrumb\",\"itemListElement\":[{\"@type\":\"ListItem\",\"position\":1,\"name\":\"In\u00edcio\",\"item\":\"https:\\\/\\\/afogadosfm.com.br\\\/afogadosfm\\\/\"},{\"@type\":\"ListItem\",\"position\":2,\"name\":\"Prefeitura de Afogados inaugurou quadra poliesportiva na escola Dom Mota\"}]},{\"@type\":\"WebSite\",\"@id\":\"https:\\\/\\\/afogadosfm.com.br\\\/afogadosfm\\\/#website\",\"url\":\"https:\\\/\\\/afogadosfm.com.br\\\/afogadosfm\\\/\",\"name\":\"Afogados FM\",\"description\":\"Um site completo!\",\"publisher\":{\"@id\":\"https:\\\/\\\/afogadosfm.com.br\\\/afogadosfm\\\/#organization\"},\"potentialAction\":[{\"@type\":\"SearchAction\",\"target\":{\"@type\":\"EntryPoint\",\"urlTemplate\":\"https:\\\/\\\/afogadosfm.com.br\\\/afogadosfm\\\/?s={search_term_string}\"},\"query-input\":{\"@type\":\"PropertyValueSpecification\",\"valueRequired\":true,\"valueName\":\"search_term_string\"}}],\"inLanguage\":\"pt-BR\"},{\"@type\":\"Organization\",\"@id\":\"https:\\\/\\\/afogadosfm.com.br\\\/afogadosfm\\\/#organization\",\"name\":\"Afogados FM\",\"url\":\"https:\\\/\\\/afogadosfm.com.br\\\/afogadosfm\\\/\",\"logo\":{\"@type\":\"ImageObject\",\"inLanguage\":\"pt-BR\",\"@id\":\"https:\\\/\\\/afogadosfm.com.br\\\/afogadosfm\\\/#\\\/schema\\\/logo\\\/image\\\/\",\"url\":\"https:\\\/\\\/i0.wp.com\\\/afogadosfm.com.br\\\/afogadosfm\\\/wp-content\\\/uploads\\\/2020\\\/06\\\/cropped-banner-afogados-4.jpg?fit=369%2C137&ssl=1\",\"contentUrl\":\"https:\\\/\\\/i0.wp.com\\\/afogadosfm.com.br\\\/afogadosfm\\\/wp-content\\\/uploads\\\/2020\\\/06\\\/cropped-banner-afogados-4.jpg?fit=369%2C137&ssl=1\",\"width\":369,\"height\":137,\"caption\":\"Afogados FM\"},\"image\":{\"@id\":\"https:\\\/\\\/afogadosfm.com.br\\\/afogadosfm\\\/#\\\/schema\\\/logo\\\/image\\\/\"}},{\"@type\":\"Person\",\"@id\":\"https:\\\/\\\/afogadosfm.com.br\\\/afogadosfm\\\/#\\\/schema\\\/person\\\/60e56f2cf5dc960fc093fe093d9e9057\",\"name\":\"afogadosfm\",\"image\":{\"@type\":\"ImageObject\",\"inLanguage\":\"pt-BR\",\"@id\":\"https:\\\/\\\/secure.gravatar.com\\\/avatar\\\/e0359add7ed5dc3560906d861b52c6a8cf5c1e199d3a7dd85070998f49bd4701?s=96&d=mm&r=g\",\"url\":\"https:\\\/\\\/secure.gravatar.com\\\/avatar\\\/e0359add7ed5dc3560906d861b52c6a8cf5c1e199d3a7dd85070998f49bd4701?s=96&d=mm&r=g\",\"contentUrl\":\"https:\\\/\\\/secure.gravatar.com\\\/avatar\\\/e0359add7ed5dc3560906d861b52c6a8cf5c1e199d3a7dd85070998f49bd4701?s=96&d=mm&r=g\",\"caption\":\"afogadosfm\"},\"url\":\"https:\\\/\\\/afogadosfm.com.br\\\/afogadosfm\\\/author\\\/afogadosfm\\\/\"}]}<\/script>\n<!-- \/ Yoast SEO plugin. -->","yoast_head_json":{"title":"Prefeitura de Afogados inaugurou quadra poliesportiva na escola Dom Mota - Afogados FM","robots":{"index":"index","follow":"follow","max-snippet":"max-snippet:-1","max-image-preview":"max-image-preview:large","max-video-preview":"max-video-preview:-1"},"canonical":"https:\/\/afogadosfm.com.br\/afogadosfm\/2025\/10\/03\/69521\/","og_locale":"pt_BR","og_type":"article","og_title":"Prefeitura de Afogados inaugurou quadra poliesportiva na escola Dom Mota - Afogados FM","og_description":"A Prefeitura de Afogados da Ingazeira inaugurou na noite da ultima quarta (01), a quadra poliesportiva Antonio Manuel Maia Bazantt","og_url":"https:\/\/afogadosfm.com.br\/afogadosfm\/2025\/10\/03\/69521\/","og_site_name":"Afogados FM","article_published_time":"2025-10-03T08:52:23+00:00","article_modified_time":"2025-10-03T08:53:06+00:00","og_image":[{"width":400,"height":266,"url":"https:\/\/afogadosfm.com.br\/afogadosfm\/wp-content\/uploads\/2025\/10\/bff41f4d-366e-4e94-a3f7-9412f3dc79d0.jpg","type":"image\/jpeg"}],"author":"afogadosfm","twitter_card":"summary_large_image","twitter_misc":{"Escrito por":"afogadosfm","Est. tempo de leitura":"3 minutos"},"schema":{"@context":"https:\/\/schema.org","@graph":[{"@type":"Article","@id":"https:\/\/afogadosfm.com.br\/afogadosfm\/2025\/10\/03\/69521\/#article","isPartOf":{"@id":"https:\/\/afogadosfm.com.br\/afogadosfm\/2025\/10\/03\/69521\/"},"author":{"name":"afogadosfm","@id":"https:\/\/afogadosfm.com.br\/afogadosfm\/#\/schema\/person\/60e56f2cf5dc960fc093fe093d9e9057"},"headline":"Prefeitura de Afogados inaugurou quadra poliesportiva na escola Dom Mota","datePublished":"2025-10-03T08:52:23+00:00","dateModified":"2025-10-03T08:53:06+00:00","mainEntityOfPage":{"@id":"https:\/\/afogadosfm.com.br\/afogadosfm\/2025\/10\/03\/69521\/"},"wordCount":467,"commentCount":0,"publisher":{"@id":"https:\/\/afogadosfm.com.br\/afogadosfm\/#organization"},"image":{"@id":"https:\/\/afogadosfm.com.br\/afogadosfm\/2025\/10\/03\/69521\/#primaryimage"},"thumbnailUrl":"https:\/\/i0.wp.com\/afogadosfm.com.br\/afogadosfm\/wp-content\/uploads\/2025\/10\/bff41f4d-366e-4e94-a3f7-9412f3dc79d0.jpg?fit=400%2C266&ssl=1","articleSection":["Afogados da Ingazeira"],"inLanguage":"pt-BR","potentialAction":[{"@type":"CommentAction","name":"Comment","target":["https:\/\/afogadosfm.com.br\/afogadosfm\/2025\/10\/03\/69521\/#respond"]}]},{"@type":"WebPage","@id":"https:\/\/afogadosfm.com.br\/afogadosfm\/2025\/10\/03\/69521\/","url":"https:\/\/afogadosfm.com.br\/afogadosfm\/2025\/10\/03\/69521\/","name":"Prefeitura de Afogados inaugurou quadra poliesportiva na escola Dom Mota - Afogados FM","isPartOf":{"@id":"https:\/\/afogadosfm.com.br\/afogadosfm\/#website"},"primaryImageOfPage":{"@id":"https:\/\/afogadosfm.com.br\/afogadosfm\/2025\/10\/03\/69521\/#primaryimage"},"image":{"@id":"https:\/\/afogadosfm.com.br\/afogadosfm\/2025\/10\/03\/69521\/#primaryimage"},"thumbnailUrl":"https:\/\/i0.wp.com\/afogadosfm.com.br\/afogadosfm\/wp-content\/uploads\/2025\/10\/bff41f4d-366e-4e94-a3f7-9412f3dc79d0.jpg?fit=400%2C266&ssl=1","datePublished":"2025-10-03T08:52:23+00:00","dateModified":"2025-10-03T08:53:06+00:00","breadcrumb":{"@id":"https:\/\/afogadosfm.com.br\/afogadosfm\/2025\/10\/03\/69521\/#breadcrumb"},"inLanguage":"pt-BR","potentialAction":[{"@type":"ReadAction","target":["https:\/\/afogadosfm.com.br\/afogadosfm\/2025\/10\/03\/69521\/"]}]},{"@type":"ImageObject","inLanguage":"pt-BR","@id":"https:\/\/afogadosfm.com.br\/afogadosfm\/2025\/10\/03\/69521\/#primaryimage","url":"https:\/\/i0.wp.com\/afogadosfm.com.br\/afogadosfm\/wp-content\/uploads\/2025\/10\/bff41f4d-366e-4e94-a3f7-9412f3dc79d0.jpg?fit=400%2C266&ssl=1","contentUrl":"https:\/\/i0.wp.com\/afogadosfm.com.br\/afogadosfm\/wp-content\/uploads\/2025\/10\/bff41f4d-366e-4e94-a3f7-9412f3dc79d0.jpg?fit=400%2C266&ssl=1","width":400,"height":266},{"@type":"BreadcrumbList","@id":"https:\/\/afogadosfm.com.br\/afogadosfm\/2025\/10\/03\/69521\/#breadcrumb","itemListElement":[{"@type":"ListItem","position":1,"name":"In\u00edcio","item":"https:\/\/afogadosfm.com.br\/afogadosfm\/"},{"@type":"ListItem","position":2,"name":"Prefeitura de Afogados inaugurou quadra poliesportiva na escola Dom Mota"}]},{"@type":"WebSite","@id":"https:\/\/afogadosfm.com.br\/afogadosfm\/#website","url":"https:\/\/afogadosfm.com.br\/afogadosfm\/","name":"Afogados FM","description":"Um site completo!","publisher":{"@id":"https:\/\/afogadosfm.com.br\/afogadosfm\/#organization"},"potentialAction":[{"@type":"SearchAction","target":{"@type":"EntryPoint","urlTemplate":"https:\/\/afogadosfm.com.br\/afogadosfm\/?s={search_term_string}"},"query-input":{"@type":"PropertyValueSpecification","valueRequired":true,"valueName":"search_term_string"}}],"inLanguage":"pt-BR"},{"@type":"Organization","@id":"https:\/\/afogadosfm.com.br\/afogadosfm\/#organization","name":"Afogados FM","url":"https:\/\/afogadosfm.com.br\/afogadosfm\/","logo":{"@type":"ImageObject","inLanguage":"pt-BR","@id":"https:\/\/afogadosfm.com.br\/afogadosfm\/#\/schema\/logo\/image\/","url":"https:\/\/i0.wp.com\/afogadosfm.com.br\/afogadosfm\/wp-content\/uploads\/2020\/06\/cropped-banner-afogados-4.jpg?fit=369%2C137&ssl=1","contentUrl":"https:\/\/i0.wp.com\/afogadosfm.com.br\/afogadosfm\/wp-content\/uploads\/2020\/06\/cropped-banner-afogados-4.jpg?fit=369%2C137&ssl=1","width":369,"height":137,"caption":"Afogados FM"},"image":{"@id":"https:\/\/afogadosfm.com.br\/afogadosfm\/#\/schema\/logo\/image\/"}},{"@type":"Person","@id":"https:\/\/afogadosfm.com.br\/afogadosfm\/#\/schema\/person\/60e56f2cf5dc960fc093fe093d9e9057","name":"afogadosfm","image":{"@type":"ImageObject","inLanguage":"pt-BR","@id":"https:\/\/secure.gravatar.com\/avatar\/e0359add7ed5dc3560906d861b52c6a8cf5c1e199d3a7dd85070998f49bd4701?s=96&d=mm&r=g","url":"https:\/\/secure.gravatar.com\/avatar\/e0359add7ed5dc3560906d861b52c6a8cf5c1e199d3a7dd85070998f49bd4701?s=96&d=mm&r=g","contentUrl":"https:\/\/secure.gravatar.com\/avatar\/e0359add7ed5dc3560906d861b52c6a8cf5c1e199d3a7dd85070998f49bd4701?s=96&d=mm&r=g","caption":"afogadosfm"},"url":"https:\/\/afogadosfm.com.br\/afogadosfm\/author\/afogadosfm\/"}]}},"jetpack_publicize_connections":[],"jetpack_featured_media_url":"https:\/\/i0.wp.com\/afogadosfm.com.br\/afogadosfm\/wp-content\/uploads\/2025\/10\/bff41f4d-366e-4e94-a3f7-9412f3dc79d0.jpg?fit=400%2C266&ssl=1","jetpack-related-posts":[],"jetpack_sharing_enabled":true,"jetpack_likes_enabled":true,"_links":{"self":[{"href":"https:\/\/afogadosfm.com.br\/afogadosfm\/wp-json\/wp\/v2\/posts\/69521","targetHints":{"allow":["GET"]}}],"collection":[{"href":"https:\/\/afogadosfm.com.br\/afogadosfm\/wp-json\/wp\/v2\/posts"}],"about":[{"href":"https:\/\/afogadosfm.com.br\/afogadosfm\/wp-json\/wp\/v2\/types\/post"}],"author":[{"embeddable":true,"href":"https:\/\/afogadosfm.com.br\/afogadosfm\/wp-json\/wp\/v2\/users\/2"}],"replies":[{"embeddable":true,"href":"https:\/\/afogadosfm.com.br\/afogadosfm\/wp-json\/wp\/v2\/comments?post=69521"}],"version-history":[{"count":2,"href":"https:\/\/afogadosfm.com.br\/afogadosfm\/wp-json\/wp\/v2\/posts\/69521\/revisions"}],"predecessor-version":[{"id":69525,"href":"https:\/\/afogadosfm.com.br\/afogadosfm\/wp-json\/wp\/v2\/posts\/69521\/revisions\/69525"}],"wp:featuredmedia":[{"embeddable":true,"href":"https:\/\/afogadosfm.com.br\/afogadosfm\/wp-json\/wp\/v2\/media\/69522"}],"wp:attachment":[{"href":"https:\/\/afogadosfm.com.br\/afogadosfm\/wp-json\/wp\/v2\/media?parent=69521"}],"wp:term":[{"taxonomy":"category","embeddable":true,"href":"https:\/\/afogadosfm.com.br\/afogadosfm\/wp-json\/wp\/v2\/categories?post=69521"},{"taxonomy":"post_tag","embeddable":true,"href":"https:\/\/afogadosfm.com.br\/afogadosfm\/wp-json\/wp\/v2\/tags?post=69521"}],"curies":[{"name":"wp","href":"https:\/\/api.w.org\/{rel}","templated":true}]}}