{"id":69533,"date":"2025-10-03T07:33:10","date_gmt":"2025-10-03T10:33:10","guid":{"rendered":"https:\/\/afogadosfm.com.br\/afogadosfm\/?p=69533"},"modified":"2025-10-03T07:33:11","modified_gmt":"2025-10-03T10:33:11","slug":"fenet-2025-e-aberta-oficialmente-com-grande-publico-e-expectativa-de-movimentar-mais-de-r-6-milhoes","status":"publish","type":"post","link":"https:\/\/afogadosfm.com.br\/afogadosfm\/2025\/10\/03\/fenet-2025-e-aberta-oficialmente-com-grande-publico-e-expectativa-de-movimentar-mais-de-r-6-milhoes\/","title":{"rendered":"FENET 2025 \u00e9 aberta oficialmente com grande p\u00fablico e expectativa de movimentar mais de R$ 6 milh\u00f5es"},"content":{"rendered":"\n<p>Teve in\u00edcio nesta quinta-feira (2) a Feira de Neg\u00f3cios de Tabira (FENET 2025), evento que movimenta o setor empresarial do munic\u00edpio e de toda a regi\u00e3o. Realizada no Est\u00e1dio O Cordeir\u00e3o, a feira segue at\u00e9 o s\u00e1bado (4), oferecendo tr\u00eas dias de capacita\u00e7\u00f5es, consultorias, exposi\u00e7\u00f5es e apresenta\u00e7\u00f5es culturais.<\/p>\n\n\n\n<p>A cerim\u00f4nia de abertura contou com a presen\u00e7a da presidenta da CDL Tabira, Rosana Tun\u00fa, do prefeito Fl\u00e1vio Marques, vereadores, empres\u00e1rios, al\u00e9m de representantes do SEBRAE, Fecom\u00e9rcio e outras entidades parceiras que colaboram com a realiza\u00e7\u00e3o da feira. A FENET \u00e9 promovida pela C\u00e2mara de Dirigentes Lojistas (CDL) com apoio total da Prefeitura de Tabira.<\/p>\n\n\n\n<p>Consolidada como uma vitrine de oportunidades para pequenos e m\u00e9dios neg\u00f3cios, a FENET permite a divulga\u00e7\u00e3o de produtos e servi\u00e7os, estimula o empreendedorismo local e regional e fortalece o com\u00e9rcio. Nesta edi\u00e7\u00e3o, s\u00e3o esperados 50 expositores de diversos segmentos e uma movimenta\u00e7\u00e3o financeira que deve superar os R$ 6 milh\u00f5es registrados no ano anterior, segundo estimativas da CDL.<\/p>\n\n\n\n<figure class=\"wp-block-image\"><a href=\"https:\/\/i0.wp.com\/blogger.googleusercontent.com\/img\/b\/R29vZ2xl\/AVvXsEiu0cWtEUr0fZfPMp6vGbhXj915ROEtn6QeMZbp78ikdJHCL1uZ1kNSFHSjrBzChKOrLvOxOeayTFipolpE97wQP3vXPZJ8DBypGoB2Q4GlAKnVsNbOJfqtBBxw4Lx8Q5QR5JtCrRD4QQys9NmAft054kUiOJneH-_WzW1OL69zSG_rcQ5ldSDSpAkptW4S\/s1600\/1350c956-9701-4bd2-aeed-212b60747479.jpeg?ssl=1\"><img data-recalc-dims=\"1\" decoding=\"async\" src=\"https:\/\/i0.wp.com\/blogger.googleusercontent.com\/img\/b\/R29vZ2xl\/AVvXsEiu0cWtEUr0fZfPMp6vGbhXj915ROEtn6QeMZbp78ikdJHCL1uZ1kNSFHSjrBzChKOrLvOxOeayTFipolpE97wQP3vXPZJ8DBypGoB2Q4GlAKnVsNbOJfqtBBxw4Lx8Q5QR5JtCrRD4QQys9NmAft054kUiOJneH-_WzW1OL69zSG_rcQ5ldSDSpAkptW4S\/w400-h266\/1350c956-9701-4bd2-aeed-212b60747479.jpeg?w=840&#038;ssl=1\" alt=\"\"\/><\/a><\/figure>\n\n\n\n<figure class=\"wp-block-image\"><a href=\"https:\/\/i0.wp.com\/blogger.googleusercontent.com\/img\/b\/R29vZ2xl\/AVvXsEjmIuiknHIWVzJkb-woMmTKF38yI43l6j-PMNvI2NqgvMZIvDllRUEBR2itiOVCNbIfkBUFMBtXwidNpUjPVs5NRYuFhS-eSDfic05-kj7NzGWdiIkdp8a2LLrnUbcLyu2xTC83W0qgrhSL8_7VwFfQW9mKVeTzj4Wc-gXXSCULkq-ntY1MlZKr4IqUD9A9\/s1000\/0392a72e-f832-43ac-aedb-d4760b04d0ec.jpeg?ssl=1\"><img data-recalc-dims=\"1\" decoding=\"async\" src=\"https:\/\/i0.wp.com\/blogger.googleusercontent.com\/img\/b\/R29vZ2xl\/AVvXsEjmIuiknHIWVzJkb-woMmTKF38yI43l6j-PMNvI2NqgvMZIvDllRUEBR2itiOVCNbIfkBUFMBtXwidNpUjPVs5NRYuFhS-eSDfic05-kj7NzGWdiIkdp8a2LLrnUbcLyu2xTC83W0qgrhSL8_7VwFfQW9mKVeTzj4Wc-gXXSCULkq-ntY1MlZKr4IqUD9A9\/w400-h266\/0392a72e-f832-43ac-aedb-d4760b04d0ec.jpeg?w=840&#038;ssl=1\" alt=\"\"\/><\/a><\/figure>\n\n\n\n<figure class=\"wp-block-image\"><a href=\"https:\/\/i0.wp.com\/blogger.googleusercontent.com\/img\/b\/R29vZ2xl\/AVvXsEhGbdd8ky9GfhOaxm9n81WQzQDlTXE9ZSEQm1MCJmTHHuSOFtk4z0kOITWNfiZ1w0ZVpMMo0HnOJgSXsZo9n65qmGP6C7hBQKRS5DR__SnZvPmApc01BkRr70Tk8dc3YDsp4S6qg989MO980LUPVe0Ygzf0SiWENC6FwGBpmWLgAFpP8iS99UEE199J-53n\/s1600\/086a8d09-2904-4b3e-bac7-f0459b52094b.jpeg?ssl=1\"><img data-recalc-dims=\"1\" decoding=\"async\" src=\"https:\/\/i0.wp.com\/blogger.googleusercontent.com\/img\/b\/R29vZ2xl\/AVvXsEhGbdd8ky9GfhOaxm9n81WQzQDlTXE9ZSEQm1MCJmTHHuSOFtk4z0kOITWNfiZ1w0ZVpMMo0HnOJgSXsZo9n65qmGP6C7hBQKRS5DR__SnZvPmApc01BkRr70Tk8dc3YDsp4S6qg989MO980LUPVe0Ygzf0SiWENC6FwGBpmWLgAFpP8iS99UEE199J-53n\/w400-h266\/086a8d09-2904-4b3e-bac7-f0459b52094b.jpeg?w=840&#038;ssl=1\" alt=\"\"\/><\/a><\/figure>\n\n\n\n<p>\u201cTabira \u00e9 uma cidade que pulsa com a for\u00e7a do seu com\u00e9rcio e da sua ind\u00fastria. A Prefeitura \u00e9 parceira de quem empreende, gera empregos e acredita no desenvolvimento. Apoiar a FENET \u00e9 reafirmar nosso compromisso com o crescimento sustent\u00e1vel e com a valoriza\u00e7\u00e3o da nossa economia\u201d, destacou o prefeito Fl\u00e1vio Marques.<\/p>\n\n\n\n<p>A feira tamb\u00e9m funciona como um verdadeiro shopping a c\u00e9u aberto, com uma ampla variedade de produtos e servi\u00e7os oferecidos em um ambiente democr\u00e1tico, acess\u00edvel e acolhedor. Um dos destaques \u00e9 a Arena Gastron\u00f4mica, que re\u00fane oito empreendimentos do setor de alimentos e bebidas, oferecendo pratos t\u00edpicos do alto sert\u00e3o e lanches tradicionais.<\/p>\n\n\n\n<p>A programa\u00e7\u00e3o cultural tamb\u00e9m tem papel de destaque. Na abertura, o p\u00fablico curtiu o show de Ray Novaes. Nesta sexta-feira (3), sobem ao palco Karol Almeida, Aparecida Galdino e Marcelo Velozo. Encerrando a feira no s\u00e1bado (4), as atra\u00e7\u00f5es s\u00e3o Roberto e Eduarda, Wagner Fernando e Segunda Samba.<\/p>\n\n\n\n<p>A FENET 2025 segue at\u00e9 s\u00e1bado, com entrada gratuita, sendo mais uma oportunidade de fomentar neg\u00f3cios, incentivar a cultura e celebrar o potencial empreendedor de Tabira e regi\u00e3o.<\/p>\n\n\n\n<p>por Jailton Ramos<\/p>\n","protected":false},"excerpt":{"rendered":"<p>Teve in\u00edcio nesta quinta-feira (2) a Feira de Neg\u00f3cios de Tabira (FENET 2025), evento que movimenta o setor empresarial do<\/p>\n","protected":false},"author":2,"featured_media":69534,"comment_status":"open","ping_status":"open","sticky":false,"template":"","format":"standard","meta":{"jetpack_post_was_ever_published":false,"_jetpack_newsletter_access":"","_jetpack_dont_email_post_to_subs":false,"_jetpack_newsletter_tier_id":0,"_jetpack_memberships_contains_paywalled_content":false,"_jetpack_memberships_contains_paid_content":false,"footnotes":"","jetpack_publicize_message":"","jetpack_publicize_feature_enabled":true,"jetpack_social_post_already_shared":true,"jetpack_social_options":{"image_generator_settings":{"template":"highway","default_image_id":0,"font":"","enabled":false},"version":2}},"categories":[32],"tags":[],"class_list":["post-69533","post","type-post","status-publish","format-standard","has-post-thumbnail","hentry","category-sertao"],"yoast_head":"<!-- This site is optimized with the Yoast SEO plugin v27.5 - https:\/\/yoast.com\/product\/yoast-seo-wordpress\/ -->\n<title>FENET 2025 \u00e9 aberta oficialmente com grande p\u00fablico e expectativa de movimentar mais de R$ 6 milh\u00f5es - Afogados FM<\/title>\n<meta name=\"robots\" content=\"index, follow, max-snippet:-1, max-image-preview:large, max-video-preview:-1\" \/>\n<link rel=\"canonical\" href=\"https:\/\/afogadosfm.com.br\/afogadosfm\/2025\/10\/03\/fenet-2025-e-aberta-oficialmente-com-grande-publico-e-expectativa-de-movimentar-mais-de-r-6-milhoes\/\" \/>\n<meta property=\"og:locale\" content=\"pt_BR\" \/>\n<meta property=\"og:type\" content=\"article\" \/>\n<meta property=\"og:title\" content=\"FENET 2025 \u00e9 aberta oficialmente com grande p\u00fablico e expectativa de movimentar mais de R$ 6 milh\u00f5es - Afogados FM\" \/>\n<meta property=\"og:description\" content=\"Teve in\u00edcio nesta quinta-feira (2) a Feira de Neg\u00f3cios de Tabira (FENET 2025), evento que movimenta o setor empresarial do\" \/>\n<meta property=\"og:url\" content=\"https:\/\/afogadosfm.com.br\/afogadosfm\/2025\/10\/03\/fenet-2025-e-aberta-oficialmente-com-grande-publico-e-expectativa-de-movimentar-mais-de-r-6-milhoes\/\" \/>\n<meta property=\"og:site_name\" content=\"Afogados FM\" \/>\n<meta property=\"article:published_time\" content=\"2025-10-03T10:33:10+00:00\" \/>\n<meta property=\"article:modified_time\" content=\"2025-10-03T10:33:11+00:00\" \/>\n<meta property=\"og:image\" content=\"https:\/\/afogadosfm.com.br\/afogadosfm\/wp-content\/uploads\/2025\/10\/5022c141-eaa1-4c6e-8f75-6c43846d83ab.jpeg\" \/>\n\t<meta property=\"og:image:width\" content=\"400\" \/>\n\t<meta property=\"og:image:height\" content=\"266\" \/>\n\t<meta property=\"og:image:type\" content=\"image\/jpeg\" \/>\n<meta name=\"author\" content=\"afogadosfm\" \/>\n<meta name=\"twitter:card\" content=\"summary_large_image\" \/>\n<meta name=\"twitter:label1\" content=\"Escrito por\" \/>\n\t<meta name=\"twitter:data1\" content=\"afogadosfm\" \/>\n\t<meta name=\"twitter:label2\" content=\"Est. tempo de leitura\" \/>\n\t<meta name=\"twitter:data2\" content=\"3 minutos\" \/>\n<script type=\"application\/ld+json\" class=\"yoast-schema-graph\">{\"@context\":\"https:\\\/\\\/schema.org\",\"@graph\":[{\"@type\":\"Article\",\"@id\":\"https:\\\/\\\/afogadosfm.com.br\\\/afogadosfm\\\/2025\\\/10\\\/03\\\/fenet-2025-e-aberta-oficialmente-com-grande-publico-e-expectativa-de-movimentar-mais-de-r-6-milhoes\\\/#article\",\"isPartOf\":{\"@id\":\"https:\\\/\\\/afogadosfm.com.br\\\/afogadosfm\\\/2025\\\/10\\\/03\\\/fenet-2025-e-aberta-oficialmente-com-grande-publico-e-expectativa-de-movimentar-mais-de-r-6-milhoes\\\/\"},\"author\":{\"name\":\"afogadosfm\",\"@id\":\"https:\\\/\\\/afogadosfm.com.br\\\/afogadosfm\\\/#\\\/schema\\\/person\\\/60e56f2cf5dc960fc093fe093d9e9057\"},\"headline\":\"FENET 2025 \u00e9 aberta oficialmente com grande p\u00fablico e expectativa de movimentar mais de R$ 6 milh\u00f5es\",\"datePublished\":\"2025-10-03T10:33:10+00:00\",\"dateModified\":\"2025-10-03T10:33:11+00:00\",\"mainEntityOfPage\":{\"@id\":\"https:\\\/\\\/afogadosfm.com.br\\\/afogadosfm\\\/2025\\\/10\\\/03\\\/fenet-2025-e-aberta-oficialmente-com-grande-publico-e-expectativa-de-movimentar-mais-de-r-6-milhoes\\\/\"},\"wordCount\":400,\"commentCount\":0,\"publisher\":{\"@id\":\"https:\\\/\\\/afogadosfm.com.br\\\/afogadosfm\\\/#organization\"},\"image\":{\"@id\":\"https:\\\/\\\/afogadosfm.com.br\\\/afogadosfm\\\/2025\\\/10\\\/03\\\/fenet-2025-e-aberta-oficialmente-com-grande-publico-e-expectativa-de-movimentar-mais-de-r-6-milhoes\\\/#primaryimage\"},\"thumbnailUrl\":\"https:\\\/\\\/i0.wp.com\\\/afogadosfm.com.br\\\/afogadosfm\\\/wp-content\\\/uploads\\\/2025\\\/10\\\/5022c141-eaa1-4c6e-8f75-6c43846d83ab.jpeg?fit=400%2C266&ssl=1\",\"articleSection\":[\"Sert\u00e3o\"],\"inLanguage\":\"pt-BR\",\"potentialAction\":[{\"@type\":\"CommentAction\",\"name\":\"Comment\",\"target\":[\"https:\\\/\\\/afogadosfm.com.br\\\/afogadosfm\\\/2025\\\/10\\\/03\\\/fenet-2025-e-aberta-oficialmente-com-grande-publico-e-expectativa-de-movimentar-mais-de-r-6-milhoes\\\/#respond\"]}]},{\"@type\":\"WebPage\",\"@id\":\"https:\\\/\\\/afogadosfm.com.br\\\/afogadosfm\\\/2025\\\/10\\\/03\\\/fenet-2025-e-aberta-oficialmente-com-grande-publico-e-expectativa-de-movimentar-mais-de-r-6-milhoes\\\/\",\"url\":\"https:\\\/\\\/afogadosfm.com.br\\\/afogadosfm\\\/2025\\\/10\\\/03\\\/fenet-2025-e-aberta-oficialmente-com-grande-publico-e-expectativa-de-movimentar-mais-de-r-6-milhoes\\\/\",\"name\":\"FENET 2025 \u00e9 aberta oficialmente com grande p\u00fablico e expectativa de movimentar mais de R$ 6 milh\u00f5es - Afogados FM\",\"isPartOf\":{\"@id\":\"https:\\\/\\\/afogadosfm.com.br\\\/afogadosfm\\\/#website\"},\"primaryImageOfPage\":{\"@id\":\"https:\\\/\\\/afogadosfm.com.br\\\/afogadosfm\\\/2025\\\/10\\\/03\\\/fenet-2025-e-aberta-oficialmente-com-grande-publico-e-expectativa-de-movimentar-mais-de-r-6-milhoes\\\/#primaryimage\"},\"image\":{\"@id\":\"https:\\\/\\\/afogadosfm.com.br\\\/afogadosfm\\\/2025\\\/10\\\/03\\\/fenet-2025-e-aberta-oficialmente-com-grande-publico-e-expectativa-de-movimentar-mais-de-r-6-milhoes\\\/#primaryimage\"},\"thumbnailUrl\":\"https:\\\/\\\/i0.wp.com\\\/afogadosfm.com.br\\\/afogadosfm\\\/wp-content\\\/uploads\\\/2025\\\/10\\\/5022c141-eaa1-4c6e-8f75-6c43846d83ab.jpeg?fit=400%2C266&ssl=1\",\"datePublished\":\"2025-10-03T10:33:10+00:00\",\"dateModified\":\"2025-10-03T10:33:11+00:00\",\"breadcrumb\":{\"@id\":\"https:\\\/\\\/afogadosfm.com.br\\\/afogadosfm\\\/2025\\\/10\\\/03\\\/fenet-2025-e-aberta-oficialmente-com-grande-publico-e-expectativa-de-movimentar-mais-de-r-6-milhoes\\\/#breadcrumb\"},\"inLanguage\":\"pt-BR\",\"potentialAction\":[{\"@type\":\"ReadAction\",\"target\":[\"https:\\\/\\\/afogadosfm.com.br\\\/afogadosfm\\\/2025\\\/10\\\/03\\\/fenet-2025-e-aberta-oficialmente-com-grande-publico-e-expectativa-de-movimentar-mais-de-r-6-milhoes\\\/\"]}]},{\"@type\":\"ImageObject\",\"inLanguage\":\"pt-BR\",\"@id\":\"https:\\\/\\\/afogadosfm.com.br\\\/afogadosfm\\\/2025\\\/10\\\/03\\\/fenet-2025-e-aberta-oficialmente-com-grande-publico-e-expectativa-de-movimentar-mais-de-r-6-milhoes\\\/#primaryimage\",\"url\":\"https:\\\/\\\/i0.wp.com\\\/afogadosfm.com.br\\\/afogadosfm\\\/wp-content\\\/uploads\\\/2025\\\/10\\\/5022c141-eaa1-4c6e-8f75-6c43846d83ab.jpeg?fit=400%2C266&ssl=1\",\"contentUrl\":\"https:\\\/\\\/i0.wp.com\\\/afogadosfm.com.br\\\/afogadosfm\\\/wp-content\\\/uploads\\\/2025\\\/10\\\/5022c141-eaa1-4c6e-8f75-6c43846d83ab.jpeg?fit=400%2C266&ssl=1\",\"width\":400,\"height\":266},{\"@type\":\"BreadcrumbList\",\"@id\":\"https:\\\/\\\/afogadosfm.com.br\\\/afogadosfm\\\/2025\\\/10\\\/03\\\/fenet-2025-e-aberta-oficialmente-com-grande-publico-e-expectativa-de-movimentar-mais-de-r-6-milhoes\\\/#breadcrumb\",\"itemListElement\":[{\"@type\":\"ListItem\",\"position\":1,\"name\":\"In\u00edcio\",\"item\":\"https:\\\/\\\/afogadosfm.com.br\\\/afogadosfm\\\/\"},{\"@type\":\"ListItem\",\"position\":2,\"name\":\"FENET 2025 \u00e9 aberta oficialmente com grande p\u00fablico e expectativa de movimentar mais de R$ 6 milh\u00f5es\"}]},{\"@type\":\"WebSite\",\"@id\":\"https:\\\/\\\/afogadosfm.com.br\\\/afogadosfm\\\/#website\",\"url\":\"https:\\\/\\\/afogadosfm.com.br\\\/afogadosfm\\\/\",\"name\":\"Afogados FM\",\"description\":\"Um site completo!\",\"publisher\":{\"@id\":\"https:\\\/\\\/afogadosfm.com.br\\\/afogadosfm\\\/#organization\"},\"potentialAction\":[{\"@type\":\"SearchAction\",\"target\":{\"@type\":\"EntryPoint\",\"urlTemplate\":\"https:\\\/\\\/afogadosfm.com.br\\\/afogadosfm\\\/?s={search_term_string}\"},\"query-input\":{\"@type\":\"PropertyValueSpecification\",\"valueRequired\":true,\"valueName\":\"search_term_string\"}}],\"inLanguage\":\"pt-BR\"},{\"@type\":\"Organization\",\"@id\":\"https:\\\/\\\/afogadosfm.com.br\\\/afogadosfm\\\/#organization\",\"name\":\"Afogados FM\",\"url\":\"https:\\\/\\\/afogadosfm.com.br\\\/afogadosfm\\\/\",\"logo\":{\"@type\":\"ImageObject\",\"inLanguage\":\"pt-BR\",\"@id\":\"https:\\\/\\\/afogadosfm.com.br\\\/afogadosfm\\\/#\\\/schema\\\/logo\\\/image\\\/\",\"url\":\"https:\\\/\\\/i0.wp.com\\\/afogadosfm.com.br\\\/afogadosfm\\\/wp-content\\\/uploads\\\/2020\\\/06\\\/cropped-banner-afogados-4.jpg?fit=369%2C137&ssl=1\",\"contentUrl\":\"https:\\\/\\\/i0.wp.com\\\/afogadosfm.com.br\\\/afogadosfm\\\/wp-content\\\/uploads\\\/2020\\\/06\\\/cropped-banner-afogados-4.jpg?fit=369%2C137&ssl=1\",\"width\":369,\"height\":137,\"caption\":\"Afogados FM\"},\"image\":{\"@id\":\"https:\\\/\\\/afogadosfm.com.br\\\/afogadosfm\\\/#\\\/schema\\\/logo\\\/image\\\/\"}},{\"@type\":\"Person\",\"@id\":\"https:\\\/\\\/afogadosfm.com.br\\\/afogadosfm\\\/#\\\/schema\\\/person\\\/60e56f2cf5dc960fc093fe093d9e9057\",\"name\":\"afogadosfm\",\"image\":{\"@type\":\"ImageObject\",\"inLanguage\":\"pt-BR\",\"@id\":\"https:\\\/\\\/secure.gravatar.com\\\/avatar\\\/e0359add7ed5dc3560906d861b52c6a8cf5c1e199d3a7dd85070998f49bd4701?s=96&d=mm&r=g\",\"url\":\"https:\\\/\\\/secure.gravatar.com\\\/avatar\\\/e0359add7ed5dc3560906d861b52c6a8cf5c1e199d3a7dd85070998f49bd4701?s=96&d=mm&r=g\",\"contentUrl\":\"https:\\\/\\\/secure.gravatar.com\\\/avatar\\\/e0359add7ed5dc3560906d861b52c6a8cf5c1e199d3a7dd85070998f49bd4701?s=96&d=mm&r=g\",\"caption\":\"afogadosfm\"},\"url\":\"https:\\\/\\\/afogadosfm.com.br\\\/afogadosfm\\\/author\\\/afogadosfm\\\/\"}]}<\/script>\n<!-- \/ Yoast SEO plugin. -->","yoast_head_json":{"title":"FENET 2025 \u00e9 aberta oficialmente com grande p\u00fablico e expectativa de movimentar mais de R$ 6 milh\u00f5es - Afogados FM","robots":{"index":"index","follow":"follow","max-snippet":"max-snippet:-1","max-image-preview":"max-image-preview:large","max-video-preview":"max-video-preview:-1"},"canonical":"https:\/\/afogadosfm.com.br\/afogadosfm\/2025\/10\/03\/fenet-2025-e-aberta-oficialmente-com-grande-publico-e-expectativa-de-movimentar-mais-de-r-6-milhoes\/","og_locale":"pt_BR","og_type":"article","og_title":"FENET 2025 \u00e9 aberta oficialmente com grande p\u00fablico e expectativa de movimentar mais de R$ 6 milh\u00f5es - Afogados FM","og_description":"Teve in\u00edcio nesta quinta-feira (2) a Feira de Neg\u00f3cios de Tabira (FENET 2025), evento que movimenta o setor empresarial do","og_url":"https:\/\/afogadosfm.com.br\/afogadosfm\/2025\/10\/03\/fenet-2025-e-aberta-oficialmente-com-grande-publico-e-expectativa-de-movimentar-mais-de-r-6-milhoes\/","og_site_name":"Afogados FM","article_published_time":"2025-10-03T10:33:10+00:00","article_modified_time":"2025-10-03T10:33:11+00:00","og_image":[{"width":400,"height":266,"url":"https:\/\/afogadosfm.com.br\/afogadosfm\/wp-content\/uploads\/2025\/10\/5022c141-eaa1-4c6e-8f75-6c43846d83ab.jpeg","type":"image\/jpeg"}],"author":"afogadosfm","twitter_card":"summary_large_image","twitter_misc":{"Escrito por":"afogadosfm","Est. tempo de leitura":"3 minutos"},"schema":{"@context":"https:\/\/schema.org","@graph":[{"@type":"Article","@id":"https:\/\/afogadosfm.com.br\/afogadosfm\/2025\/10\/03\/fenet-2025-e-aberta-oficialmente-com-grande-publico-e-expectativa-de-movimentar-mais-de-r-6-milhoes\/#article","isPartOf":{"@id":"https:\/\/afogadosfm.com.br\/afogadosfm\/2025\/10\/03\/fenet-2025-e-aberta-oficialmente-com-grande-publico-e-expectativa-de-movimentar-mais-de-r-6-milhoes\/"},"author":{"name":"afogadosfm","@id":"https:\/\/afogadosfm.com.br\/afogadosfm\/#\/schema\/person\/60e56f2cf5dc960fc093fe093d9e9057"},"headline":"FENET 2025 \u00e9 aberta oficialmente com grande p\u00fablico e expectativa de movimentar mais de R$ 6 milh\u00f5es","datePublished":"2025-10-03T10:33:10+00:00","dateModified":"2025-10-03T10:33:11+00:00","mainEntityOfPage":{"@id":"https:\/\/afogadosfm.com.br\/afogadosfm\/2025\/10\/03\/fenet-2025-e-aberta-oficialmente-com-grande-publico-e-expectativa-de-movimentar-mais-de-r-6-milhoes\/"},"wordCount":400,"commentCount":0,"publisher":{"@id":"https:\/\/afogadosfm.com.br\/afogadosfm\/#organization"},"image":{"@id":"https:\/\/afogadosfm.com.br\/afogadosfm\/2025\/10\/03\/fenet-2025-e-aberta-oficialmente-com-grande-publico-e-expectativa-de-movimentar-mais-de-r-6-milhoes\/#primaryimage"},"thumbnailUrl":"https:\/\/i0.wp.com\/afogadosfm.com.br\/afogadosfm\/wp-content\/uploads\/2025\/10\/5022c141-eaa1-4c6e-8f75-6c43846d83ab.jpeg?fit=400%2C266&ssl=1","articleSection":["Sert\u00e3o"],"inLanguage":"pt-BR","potentialAction":[{"@type":"CommentAction","name":"Comment","target":["https:\/\/afogadosfm.com.br\/afogadosfm\/2025\/10\/03\/fenet-2025-e-aberta-oficialmente-com-grande-publico-e-expectativa-de-movimentar-mais-de-r-6-milhoes\/#respond"]}]},{"@type":"WebPage","@id":"https:\/\/afogadosfm.com.br\/afogadosfm\/2025\/10\/03\/fenet-2025-e-aberta-oficialmente-com-grande-publico-e-expectativa-de-movimentar-mais-de-r-6-milhoes\/","url":"https:\/\/afogadosfm.com.br\/afogadosfm\/2025\/10\/03\/fenet-2025-e-aberta-oficialmente-com-grande-publico-e-expectativa-de-movimentar-mais-de-r-6-milhoes\/","name":"FENET 2025 \u00e9 aberta oficialmente com grande p\u00fablico e expectativa de movimentar mais de R$ 6 milh\u00f5es - Afogados FM","isPartOf":{"@id":"https:\/\/afogadosfm.com.br\/afogadosfm\/#website"},"primaryImageOfPage":{"@id":"https:\/\/afogadosfm.com.br\/afogadosfm\/2025\/10\/03\/fenet-2025-e-aberta-oficialmente-com-grande-publico-e-expectativa-de-movimentar-mais-de-r-6-milhoes\/#primaryimage"},"image":{"@id":"https:\/\/afogadosfm.com.br\/afogadosfm\/2025\/10\/03\/fenet-2025-e-aberta-oficialmente-com-grande-publico-e-expectativa-de-movimentar-mais-de-r-6-milhoes\/#primaryimage"},"thumbnailUrl":"https:\/\/i0.wp.com\/afogadosfm.com.br\/afogadosfm\/wp-content\/uploads\/2025\/10\/5022c141-eaa1-4c6e-8f75-6c43846d83ab.jpeg?fit=400%2C266&ssl=1","datePublished":"2025-10-03T10:33:10+00:00","dateModified":"2025-10-03T10:33:11+00:00","breadcrumb":{"@id":"https:\/\/afogadosfm.com.br\/afogadosfm\/2025\/10\/03\/fenet-2025-e-aberta-oficialmente-com-grande-publico-e-expectativa-de-movimentar-mais-de-r-6-milhoes\/#breadcrumb"},"inLanguage":"pt-BR","potentialAction":[{"@type":"ReadAction","target":["https:\/\/afogadosfm.com.br\/afogadosfm\/2025\/10\/03\/fenet-2025-e-aberta-oficialmente-com-grande-publico-e-expectativa-de-movimentar-mais-de-r-6-milhoes\/"]}]},{"@type":"ImageObject","inLanguage":"pt-BR","@id":"https:\/\/afogadosfm.com.br\/afogadosfm\/2025\/10\/03\/fenet-2025-e-aberta-oficialmente-com-grande-publico-e-expectativa-de-movimentar-mais-de-r-6-milhoes\/#primaryimage","url":"https:\/\/i0.wp.com\/afogadosfm.com.br\/afogadosfm\/wp-content\/uploads\/2025\/10\/5022c141-eaa1-4c6e-8f75-6c43846d83ab.jpeg?fit=400%2C266&ssl=1","contentUrl":"https:\/\/i0.wp.com\/afogadosfm.com.br\/afogadosfm\/wp-content\/uploads\/2025\/10\/5022c141-eaa1-4c6e-8f75-6c43846d83ab.jpeg?fit=400%2C266&ssl=1","width":400,"height":266},{"@type":"BreadcrumbList","@id":"https:\/\/afogadosfm.com.br\/afogadosfm\/2025\/10\/03\/fenet-2025-e-aberta-oficialmente-com-grande-publico-e-expectativa-de-movimentar-mais-de-r-6-milhoes\/#breadcrumb","itemListElement":[{"@type":"ListItem","position":1,"name":"In\u00edcio","item":"https:\/\/afogadosfm.com.br\/afogadosfm\/"},{"@type":"ListItem","position":2,"name":"FENET 2025 \u00e9 aberta oficialmente com grande p\u00fablico e expectativa de movimentar mais de R$ 6 milh\u00f5es"}]},{"@type":"WebSite","@id":"https:\/\/afogadosfm.com.br\/afogadosfm\/#website","url":"https:\/\/afogadosfm.com.br\/afogadosfm\/","name":"Afogados FM","description":"Um site completo!","publisher":{"@id":"https:\/\/afogadosfm.com.br\/afogadosfm\/#organization"},"potentialAction":[{"@type":"SearchAction","target":{"@type":"EntryPoint","urlTemplate":"https:\/\/afogadosfm.com.br\/afogadosfm\/?s={search_term_string}"},"query-input":{"@type":"PropertyValueSpecification","valueRequired":true,"valueName":"search_term_string"}}],"inLanguage":"pt-BR"},{"@type":"Organization","@id":"https:\/\/afogadosfm.com.br\/afogadosfm\/#organization","name":"Afogados FM","url":"https:\/\/afogadosfm.com.br\/afogadosfm\/","logo":{"@type":"ImageObject","inLanguage":"pt-BR","@id":"https:\/\/afogadosfm.com.br\/afogadosfm\/#\/schema\/logo\/image\/","url":"https:\/\/i0.wp.com\/afogadosfm.com.br\/afogadosfm\/wp-content\/uploads\/2020\/06\/cropped-banner-afogados-4.jpg?fit=369%2C137&ssl=1","contentUrl":"https:\/\/i0.wp.com\/afogadosfm.com.br\/afogadosfm\/wp-content\/uploads\/2020\/06\/cropped-banner-afogados-4.jpg?fit=369%2C137&ssl=1","width":369,"height":137,"caption":"Afogados FM"},"image":{"@id":"https:\/\/afogadosfm.com.br\/afogadosfm\/#\/schema\/logo\/image\/"}},{"@type":"Person","@id":"https:\/\/afogadosfm.com.br\/afogadosfm\/#\/schema\/person\/60e56f2cf5dc960fc093fe093d9e9057","name":"afogadosfm","image":{"@type":"ImageObject","inLanguage":"pt-BR","@id":"https:\/\/secure.gravatar.com\/avatar\/e0359add7ed5dc3560906d861b52c6a8cf5c1e199d3a7dd85070998f49bd4701?s=96&d=mm&r=g","url":"https:\/\/secure.gravatar.com\/avatar\/e0359add7ed5dc3560906d861b52c6a8cf5c1e199d3a7dd85070998f49bd4701?s=96&d=mm&r=g","contentUrl":"https:\/\/secure.gravatar.com\/avatar\/e0359add7ed5dc3560906d861b52c6a8cf5c1e199d3a7dd85070998f49bd4701?s=96&d=mm&r=g","caption":"afogadosfm"},"url":"https:\/\/afogadosfm.com.br\/afogadosfm\/author\/afogadosfm\/"}]}},"jetpack_publicize_connections":[],"jetpack_featured_media_url":"https:\/\/i0.wp.com\/afogadosfm.com.br\/afogadosfm\/wp-content\/uploads\/2025\/10\/5022c141-eaa1-4c6e-8f75-6c43846d83ab.jpeg?fit=400%2C266&ssl=1","jetpack-related-posts":[],"jetpack_sharing_enabled":true,"jetpack_likes_enabled":true,"_links":{"self":[{"href":"https:\/\/afogadosfm.com.br\/afogadosfm\/wp-json\/wp\/v2\/posts\/69533","targetHints":{"allow":["GET"]}}],"collection":[{"href":"https:\/\/afogadosfm.com.br\/afogadosfm\/wp-json\/wp\/v2\/posts"}],"about":[{"href":"https:\/\/afogadosfm.com.br\/afogadosfm\/wp-json\/wp\/v2\/types\/post"}],"author":[{"embeddable":true,"href":"https:\/\/afogadosfm.com.br\/afogadosfm\/wp-json\/wp\/v2\/users\/2"}],"replies":[{"embeddable":true,"href":"https:\/\/afogadosfm.com.br\/afogadosfm\/wp-json\/wp\/v2\/comments?post=69533"}],"version-history":[{"count":1,"href":"https:\/\/afogadosfm.com.br\/afogadosfm\/wp-json\/wp\/v2\/posts\/69533\/revisions"}],"predecessor-version":[{"id":69535,"href":"https:\/\/afogadosfm.com.br\/afogadosfm\/wp-json\/wp\/v2\/posts\/69533\/revisions\/69535"}],"wp:featuredmedia":[{"embeddable":true,"href":"https:\/\/afogadosfm.com.br\/afogadosfm\/wp-json\/wp\/v2\/media\/69534"}],"wp:attachment":[{"href":"https:\/\/afogadosfm.com.br\/afogadosfm\/wp-json\/wp\/v2\/media?parent=69533"}],"wp:term":[{"taxonomy":"category","embeddable":true,"href":"https:\/\/afogadosfm.com.br\/afogadosfm\/wp-json\/wp\/v2\/categories?post=69533"},{"taxonomy":"post_tag","embeddable":true,"href":"https:\/\/afogadosfm.com.br\/afogadosfm\/wp-json\/wp\/v2\/tags?post=69533"}],"curies":[{"name":"wp","href":"https:\/\/api.w.org\/{rel}","templated":true}]}}