{"id":69578,"date":"2025-10-05T08:01:21","date_gmt":"2025-10-05T11:01:21","guid":{"rendered":"https:\/\/afogadosfm.com.br\/afogadosfm\/?p=69578"},"modified":"2025-10-05T08:01:22","modified_gmt":"2025-10-05T11:01:22","slug":"stf-forma-maioria-para-manter-sergio-moro-reu-em-processo-por-calunia-a-gilmar-mendes","status":"publish","type":"post","link":"https:\/\/afogadosfm.com.br\/afogadosfm\/2025\/10\/05\/stf-forma-maioria-para-manter-sergio-moro-reu-em-processo-por-calunia-a-gilmar-mendes\/","title":{"rendered":"STF forma maioria para manter S\u00e9rgio Moro r\u00e9u em processo por cal\u00fania a Gilmar Mendes"},"content":{"rendered":"\n<p>A Primeira Turma do Supremo Tribunal Federal (STF) formou maioria por rejeitar um recurso e manter o senador Sergio Moro (Uni\u00e3o-PR) no banco dos r\u00e9us em um processo em que \u00e9 acusado de cal\u00fania ao decano Gilmar Mendes. O julgamento se iniciou na \u00faltima sexta-feira de forma virtual. A relatoria \u00e9 da ministra C\u00e1rmen L\u00facia.<\/p>\n\n\n\n<p>Em seu voto, C\u00e1rmen entendeu que o recurso apresentado pela defesa do senador n\u00e3o tem elementos suficientes para reverter a decis\u00e3o do colegiado.<\/p>\n\n\n\n<p>\u201cPatente, assim, n\u00e3o haver omiss\u00e3o a ser sanada. Sob o pretexto de sanar v\u00edcios inexistentes, busca-se a rediscuss\u00e3o do ac\u00f3rd\u00e3o pelo qual recebia a den\u00fancia contra o embargante\u201d, diz o voto da magistrada, que foi acompanhado por Alexandre de Moraes e pelo Ministro Fl\u00e1vio Dino.<\/p>\n\n\n\n<p>A den\u00fancia foi oferecida pelo Minist\u00e9rio P\u00fablico Federal (MPF). Em um v\u00eddeo, publicado em 14 de abril de 2023, Moro teria atribu\u00eddo a Gilmar Mendes a pr\u00e1tica de crime de corrup\u00e7\u00e3o passiva, relacionada \u00e0 concess\u00e3o da habeas corpus, de forma falsa<\/p>\n\n\n\n<p>O documento do MPF foi aceito pelo STF, que entendeu haver elementos suficientes para abertura de uma a\u00e7\u00e3o penal.<\/p>\n\n\n\n<p>Pelas redes sociais, o senador chamou a den\u00fancia de \u201cinepta e contr\u00e1ria ao direito\u201d:<\/p>\n\n\n\n<p>\u201cA den\u00fancia por \u201ccal\u00fania\u201d por piada em brincadeira de cadeia em festa junina \u00e9 absolutamente inepta e contr\u00e1ria ao Direito, aos fatos e ao bom senso. A maioria formada perde a oportunidade de corrigir os rumos da (in)Justi\u00e7a. Apesar disso, confiamos na improced\u00eancia no curso do processo. Quem tem a consci\u00eancia tranquila perante a lei, a verdade e a justi\u00e7a de Deus, nada tem a temer\u201d, publicou.<\/p>\n\n\n\n<p>A den\u00fancia por \u201ccal\u00fania\u201d por piada em brincadeira de cadeia em festa junina \u00e9 absolutamente inepta e contr\u00e1ria ao Direito, aos fatos e ao bom senso. A maioria formada perde a oportunidade de corrigir os rumos da (in)Justi\u00e7a. Apesar disso, confiamos na improced\u00eancia no curso.<\/p>\n","protected":false},"excerpt":{"rendered":"<p>A Primeira Turma do Supremo Tribunal Federal (STF) formou maioria por rejeitar um recurso e manter o senador Sergio Moro<\/p>\n","protected":false},"author":2,"featured_media":5859,"comment_status":"open","ping_status":"open","sticky":false,"template":"","format":"standard","meta":{"jetpack_post_was_ever_published":false,"_jetpack_newsletter_access":"","_jetpack_dont_email_post_to_subs":false,"_jetpack_newsletter_tier_id":0,"_jetpack_memberships_contains_paywalled_content":false,"_jetpack_memberships_contains_paid_content":false,"footnotes":"","jetpack_publicize_message":"","jetpack_publicize_feature_enabled":true,"jetpack_social_post_already_shared":true,"jetpack_social_options":{"image_generator_settings":{"template":"highway","default_image_id":0,"font":"","enabled":false},"version":2}},"categories":[12],"tags":[],"class_list":["post-69578","post","type-post","status-publish","format-standard","has-post-thumbnail","hentry","category-brasil"],"yoast_head":"<!-- This site is optimized with the Yoast SEO plugin v27.5 - https:\/\/yoast.com\/product\/yoast-seo-wordpress\/ -->\n<title>STF forma maioria para manter S\u00e9rgio Moro r\u00e9u em processo por cal\u00fania a Gilmar Mendes - Afogados FM<\/title>\n<meta name=\"robots\" content=\"index, follow, max-snippet:-1, max-image-preview:large, max-video-preview:-1\" \/>\n<link rel=\"canonical\" href=\"https:\/\/afogadosfm.com.br\/afogadosfm\/2025\/10\/05\/stf-forma-maioria-para-manter-sergio-moro-reu-em-processo-por-calunia-a-gilmar-mendes\/\" \/>\n<meta property=\"og:locale\" content=\"pt_BR\" \/>\n<meta property=\"og:type\" content=\"article\" \/>\n<meta property=\"og:title\" content=\"STF forma maioria para manter S\u00e9rgio Moro r\u00e9u em processo por cal\u00fania a Gilmar Mendes - Afogados FM\" \/>\n<meta property=\"og:description\" content=\"A Primeira Turma do Supremo Tribunal Federal (STF) formou maioria por rejeitar um recurso e manter o senador Sergio Moro\" \/>\n<meta property=\"og:url\" content=\"https:\/\/afogadosfm.com.br\/afogadosfm\/2025\/10\/05\/stf-forma-maioria-para-manter-sergio-moro-reu-em-processo-por-calunia-a-gilmar-mendes\/\" \/>\n<meta property=\"og:site_name\" content=\"Afogados FM\" \/>\n<meta property=\"article:published_time\" content=\"2025-10-05T11:01:21+00:00\" \/>\n<meta property=\"article:modified_time\" content=\"2025-10-05T11:01:22+00:00\" \/>\n<meta property=\"og:image\" content=\"https:\/\/afogadosfm.com.br\/afogadosfm\/wp-content\/uploads\/2018\/08\/stf-jus.png\" \/>\n\t<meta property=\"og:image:width\" content=\"407\" \/>\n\t<meta property=\"og:image:height\" content=\"212\" \/>\n\t<meta property=\"og:image:type\" content=\"image\/png\" \/>\n<meta name=\"author\" content=\"afogadosfm\" \/>\n<meta name=\"twitter:card\" content=\"summary_large_image\" \/>\n<meta name=\"twitter:label1\" content=\"Escrito por\" \/>\n\t<meta name=\"twitter:data1\" content=\"afogadosfm\" \/>\n\t<meta name=\"twitter:label2\" content=\"Est. tempo de leitura\" \/>\n\t<meta name=\"twitter:data2\" content=\"2 minutos\" \/>\n<script type=\"application\/ld+json\" class=\"yoast-schema-graph\">{\"@context\":\"https:\\\/\\\/schema.org\",\"@graph\":[{\"@type\":\"Article\",\"@id\":\"https:\\\/\\\/afogadosfm.com.br\\\/afogadosfm\\\/2025\\\/10\\\/05\\\/stf-forma-maioria-para-manter-sergio-moro-reu-em-processo-por-calunia-a-gilmar-mendes\\\/#article\",\"isPartOf\":{\"@id\":\"https:\\\/\\\/afogadosfm.com.br\\\/afogadosfm\\\/2025\\\/10\\\/05\\\/stf-forma-maioria-para-manter-sergio-moro-reu-em-processo-por-calunia-a-gilmar-mendes\\\/\"},\"author\":{\"name\":\"afogadosfm\",\"@id\":\"https:\\\/\\\/afogadosfm.com.br\\\/afogadosfm\\\/#\\\/schema\\\/person\\\/60e56f2cf5dc960fc093fe093d9e9057\"},\"headline\":\"STF forma maioria para manter S\u00e9rgio Moro r\u00e9u em processo por cal\u00fania a Gilmar Mendes\",\"datePublished\":\"2025-10-05T11:01:21+00:00\",\"dateModified\":\"2025-10-05T11:01:22+00:00\",\"mainEntityOfPage\":{\"@id\":\"https:\\\/\\\/afogadosfm.com.br\\\/afogadosfm\\\/2025\\\/10\\\/05\\\/stf-forma-maioria-para-manter-sergio-moro-reu-em-processo-por-calunia-a-gilmar-mendes\\\/\"},\"wordCount\":361,\"commentCount\":0,\"publisher\":{\"@id\":\"https:\\\/\\\/afogadosfm.com.br\\\/afogadosfm\\\/#organization\"},\"image\":{\"@id\":\"https:\\\/\\\/afogadosfm.com.br\\\/afogadosfm\\\/2025\\\/10\\\/05\\\/stf-forma-maioria-para-manter-sergio-moro-reu-em-processo-por-calunia-a-gilmar-mendes\\\/#primaryimage\"},\"thumbnailUrl\":\"https:\\\/\\\/i0.wp.com\\\/afogadosfm.com.br\\\/afogadosfm\\\/wp-content\\\/uploads\\\/2018\\\/08\\\/stf-jus.png?fit=407%2C212&ssl=1\",\"articleSection\":[\"Brasil\"],\"inLanguage\":\"pt-BR\",\"potentialAction\":[{\"@type\":\"CommentAction\",\"name\":\"Comment\",\"target\":[\"https:\\\/\\\/afogadosfm.com.br\\\/afogadosfm\\\/2025\\\/10\\\/05\\\/stf-forma-maioria-para-manter-sergio-moro-reu-em-processo-por-calunia-a-gilmar-mendes\\\/#respond\"]}]},{\"@type\":\"WebPage\",\"@id\":\"https:\\\/\\\/afogadosfm.com.br\\\/afogadosfm\\\/2025\\\/10\\\/05\\\/stf-forma-maioria-para-manter-sergio-moro-reu-em-processo-por-calunia-a-gilmar-mendes\\\/\",\"url\":\"https:\\\/\\\/afogadosfm.com.br\\\/afogadosfm\\\/2025\\\/10\\\/05\\\/stf-forma-maioria-para-manter-sergio-moro-reu-em-processo-por-calunia-a-gilmar-mendes\\\/\",\"name\":\"STF forma maioria para manter S\u00e9rgio Moro r\u00e9u em processo por cal\u00fania a Gilmar Mendes - Afogados FM\",\"isPartOf\":{\"@id\":\"https:\\\/\\\/afogadosfm.com.br\\\/afogadosfm\\\/#website\"},\"primaryImageOfPage\":{\"@id\":\"https:\\\/\\\/afogadosfm.com.br\\\/afogadosfm\\\/2025\\\/10\\\/05\\\/stf-forma-maioria-para-manter-sergio-moro-reu-em-processo-por-calunia-a-gilmar-mendes\\\/#primaryimage\"},\"image\":{\"@id\":\"https:\\\/\\\/afogadosfm.com.br\\\/afogadosfm\\\/2025\\\/10\\\/05\\\/stf-forma-maioria-para-manter-sergio-moro-reu-em-processo-por-calunia-a-gilmar-mendes\\\/#primaryimage\"},\"thumbnailUrl\":\"https:\\\/\\\/i0.wp.com\\\/afogadosfm.com.br\\\/afogadosfm\\\/wp-content\\\/uploads\\\/2018\\\/08\\\/stf-jus.png?fit=407%2C212&ssl=1\",\"datePublished\":\"2025-10-05T11:01:21+00:00\",\"dateModified\":\"2025-10-05T11:01:22+00:00\",\"breadcrumb\":{\"@id\":\"https:\\\/\\\/afogadosfm.com.br\\\/afogadosfm\\\/2025\\\/10\\\/05\\\/stf-forma-maioria-para-manter-sergio-moro-reu-em-processo-por-calunia-a-gilmar-mendes\\\/#breadcrumb\"},\"inLanguage\":\"pt-BR\",\"potentialAction\":[{\"@type\":\"ReadAction\",\"target\":[\"https:\\\/\\\/afogadosfm.com.br\\\/afogadosfm\\\/2025\\\/10\\\/05\\\/stf-forma-maioria-para-manter-sergio-moro-reu-em-processo-por-calunia-a-gilmar-mendes\\\/\"]}]},{\"@type\":\"ImageObject\",\"inLanguage\":\"pt-BR\",\"@id\":\"https:\\\/\\\/afogadosfm.com.br\\\/afogadosfm\\\/2025\\\/10\\\/05\\\/stf-forma-maioria-para-manter-sergio-moro-reu-em-processo-por-calunia-a-gilmar-mendes\\\/#primaryimage\",\"url\":\"https:\\\/\\\/i0.wp.com\\\/afogadosfm.com.br\\\/afogadosfm\\\/wp-content\\\/uploads\\\/2018\\\/08\\\/stf-jus.png?fit=407%2C212&ssl=1\",\"contentUrl\":\"https:\\\/\\\/i0.wp.com\\\/afogadosfm.com.br\\\/afogadosfm\\\/wp-content\\\/uploads\\\/2018\\\/08\\\/stf-jus.png?fit=407%2C212&ssl=1\",\"width\":407,\"height\":212},{\"@type\":\"BreadcrumbList\",\"@id\":\"https:\\\/\\\/afogadosfm.com.br\\\/afogadosfm\\\/2025\\\/10\\\/05\\\/stf-forma-maioria-para-manter-sergio-moro-reu-em-processo-por-calunia-a-gilmar-mendes\\\/#breadcrumb\",\"itemListElement\":[{\"@type\":\"ListItem\",\"position\":1,\"name\":\"In\u00edcio\",\"item\":\"https:\\\/\\\/afogadosfm.com.br\\\/afogadosfm\\\/\"},{\"@type\":\"ListItem\",\"position\":2,\"name\":\"STF forma maioria para manter S\u00e9rgio Moro r\u00e9u em processo por cal\u00fania a Gilmar Mendes\"}]},{\"@type\":\"WebSite\",\"@id\":\"https:\\\/\\\/afogadosfm.com.br\\\/afogadosfm\\\/#website\",\"url\":\"https:\\\/\\\/afogadosfm.com.br\\\/afogadosfm\\\/\",\"name\":\"Afogados FM\",\"description\":\"Um site completo!\",\"publisher\":{\"@id\":\"https:\\\/\\\/afogadosfm.com.br\\\/afogadosfm\\\/#organization\"},\"potentialAction\":[{\"@type\":\"SearchAction\",\"target\":{\"@type\":\"EntryPoint\",\"urlTemplate\":\"https:\\\/\\\/afogadosfm.com.br\\\/afogadosfm\\\/?s={search_term_string}\"},\"query-input\":{\"@type\":\"PropertyValueSpecification\",\"valueRequired\":true,\"valueName\":\"search_term_string\"}}],\"inLanguage\":\"pt-BR\"},{\"@type\":\"Organization\",\"@id\":\"https:\\\/\\\/afogadosfm.com.br\\\/afogadosfm\\\/#organization\",\"name\":\"Afogados FM\",\"url\":\"https:\\\/\\\/afogadosfm.com.br\\\/afogadosfm\\\/\",\"logo\":{\"@type\":\"ImageObject\",\"inLanguage\":\"pt-BR\",\"@id\":\"https:\\\/\\\/afogadosfm.com.br\\\/afogadosfm\\\/#\\\/schema\\\/logo\\\/image\\\/\",\"url\":\"https:\\\/\\\/i0.wp.com\\\/afogadosfm.com.br\\\/afogadosfm\\\/wp-content\\\/uploads\\\/2020\\\/06\\\/cropped-banner-afogados-4.jpg?fit=369%2C137&ssl=1\",\"contentUrl\":\"https:\\\/\\\/i0.wp.com\\\/afogadosfm.com.br\\\/afogadosfm\\\/wp-content\\\/uploads\\\/2020\\\/06\\\/cropped-banner-afogados-4.jpg?fit=369%2C137&ssl=1\",\"width\":369,\"height\":137,\"caption\":\"Afogados FM\"},\"image\":{\"@id\":\"https:\\\/\\\/afogadosfm.com.br\\\/afogadosfm\\\/#\\\/schema\\\/logo\\\/image\\\/\"}},{\"@type\":\"Person\",\"@id\":\"https:\\\/\\\/afogadosfm.com.br\\\/afogadosfm\\\/#\\\/schema\\\/person\\\/60e56f2cf5dc960fc093fe093d9e9057\",\"name\":\"afogadosfm\",\"image\":{\"@type\":\"ImageObject\",\"inLanguage\":\"pt-BR\",\"@id\":\"https:\\\/\\\/secure.gravatar.com\\\/avatar\\\/e0359add7ed5dc3560906d861b52c6a8cf5c1e199d3a7dd85070998f49bd4701?s=96&d=mm&r=g\",\"url\":\"https:\\\/\\\/secure.gravatar.com\\\/avatar\\\/e0359add7ed5dc3560906d861b52c6a8cf5c1e199d3a7dd85070998f49bd4701?s=96&d=mm&r=g\",\"contentUrl\":\"https:\\\/\\\/secure.gravatar.com\\\/avatar\\\/e0359add7ed5dc3560906d861b52c6a8cf5c1e199d3a7dd85070998f49bd4701?s=96&d=mm&r=g\",\"caption\":\"afogadosfm\"},\"url\":\"https:\\\/\\\/afogadosfm.com.br\\\/afogadosfm\\\/author\\\/afogadosfm\\\/\"}]}<\/script>\n<!-- \/ Yoast SEO plugin. -->","yoast_head_json":{"title":"STF forma maioria para manter S\u00e9rgio Moro r\u00e9u em processo por cal\u00fania a Gilmar Mendes - Afogados FM","robots":{"index":"index","follow":"follow","max-snippet":"max-snippet:-1","max-image-preview":"max-image-preview:large","max-video-preview":"max-video-preview:-1"},"canonical":"https:\/\/afogadosfm.com.br\/afogadosfm\/2025\/10\/05\/stf-forma-maioria-para-manter-sergio-moro-reu-em-processo-por-calunia-a-gilmar-mendes\/","og_locale":"pt_BR","og_type":"article","og_title":"STF forma maioria para manter S\u00e9rgio Moro r\u00e9u em processo por cal\u00fania a Gilmar Mendes - Afogados FM","og_description":"A Primeira Turma do Supremo Tribunal Federal (STF) formou maioria por rejeitar um recurso e manter o senador Sergio Moro","og_url":"https:\/\/afogadosfm.com.br\/afogadosfm\/2025\/10\/05\/stf-forma-maioria-para-manter-sergio-moro-reu-em-processo-por-calunia-a-gilmar-mendes\/","og_site_name":"Afogados FM","article_published_time":"2025-10-05T11:01:21+00:00","article_modified_time":"2025-10-05T11:01:22+00:00","og_image":[{"width":407,"height":212,"url":"https:\/\/afogadosfm.com.br\/afogadosfm\/wp-content\/uploads\/2018\/08\/stf-jus.png","type":"image\/png"}],"author":"afogadosfm","twitter_card":"summary_large_image","twitter_misc":{"Escrito por":"afogadosfm","Est. tempo de leitura":"2 minutos"},"schema":{"@context":"https:\/\/schema.org","@graph":[{"@type":"Article","@id":"https:\/\/afogadosfm.com.br\/afogadosfm\/2025\/10\/05\/stf-forma-maioria-para-manter-sergio-moro-reu-em-processo-por-calunia-a-gilmar-mendes\/#article","isPartOf":{"@id":"https:\/\/afogadosfm.com.br\/afogadosfm\/2025\/10\/05\/stf-forma-maioria-para-manter-sergio-moro-reu-em-processo-por-calunia-a-gilmar-mendes\/"},"author":{"name":"afogadosfm","@id":"https:\/\/afogadosfm.com.br\/afogadosfm\/#\/schema\/person\/60e56f2cf5dc960fc093fe093d9e9057"},"headline":"STF forma maioria para manter S\u00e9rgio Moro r\u00e9u em processo por cal\u00fania a Gilmar Mendes","datePublished":"2025-10-05T11:01:21+00:00","dateModified":"2025-10-05T11:01:22+00:00","mainEntityOfPage":{"@id":"https:\/\/afogadosfm.com.br\/afogadosfm\/2025\/10\/05\/stf-forma-maioria-para-manter-sergio-moro-reu-em-processo-por-calunia-a-gilmar-mendes\/"},"wordCount":361,"commentCount":0,"publisher":{"@id":"https:\/\/afogadosfm.com.br\/afogadosfm\/#organization"},"image":{"@id":"https:\/\/afogadosfm.com.br\/afogadosfm\/2025\/10\/05\/stf-forma-maioria-para-manter-sergio-moro-reu-em-processo-por-calunia-a-gilmar-mendes\/#primaryimage"},"thumbnailUrl":"https:\/\/i0.wp.com\/afogadosfm.com.br\/afogadosfm\/wp-content\/uploads\/2018\/08\/stf-jus.png?fit=407%2C212&ssl=1","articleSection":["Brasil"],"inLanguage":"pt-BR","potentialAction":[{"@type":"CommentAction","name":"Comment","target":["https:\/\/afogadosfm.com.br\/afogadosfm\/2025\/10\/05\/stf-forma-maioria-para-manter-sergio-moro-reu-em-processo-por-calunia-a-gilmar-mendes\/#respond"]}]},{"@type":"WebPage","@id":"https:\/\/afogadosfm.com.br\/afogadosfm\/2025\/10\/05\/stf-forma-maioria-para-manter-sergio-moro-reu-em-processo-por-calunia-a-gilmar-mendes\/","url":"https:\/\/afogadosfm.com.br\/afogadosfm\/2025\/10\/05\/stf-forma-maioria-para-manter-sergio-moro-reu-em-processo-por-calunia-a-gilmar-mendes\/","name":"STF forma maioria para manter S\u00e9rgio Moro r\u00e9u em processo por cal\u00fania a Gilmar Mendes - Afogados FM","isPartOf":{"@id":"https:\/\/afogadosfm.com.br\/afogadosfm\/#website"},"primaryImageOfPage":{"@id":"https:\/\/afogadosfm.com.br\/afogadosfm\/2025\/10\/05\/stf-forma-maioria-para-manter-sergio-moro-reu-em-processo-por-calunia-a-gilmar-mendes\/#primaryimage"},"image":{"@id":"https:\/\/afogadosfm.com.br\/afogadosfm\/2025\/10\/05\/stf-forma-maioria-para-manter-sergio-moro-reu-em-processo-por-calunia-a-gilmar-mendes\/#primaryimage"},"thumbnailUrl":"https:\/\/i0.wp.com\/afogadosfm.com.br\/afogadosfm\/wp-content\/uploads\/2018\/08\/stf-jus.png?fit=407%2C212&ssl=1","datePublished":"2025-10-05T11:01:21+00:00","dateModified":"2025-10-05T11:01:22+00:00","breadcrumb":{"@id":"https:\/\/afogadosfm.com.br\/afogadosfm\/2025\/10\/05\/stf-forma-maioria-para-manter-sergio-moro-reu-em-processo-por-calunia-a-gilmar-mendes\/#breadcrumb"},"inLanguage":"pt-BR","potentialAction":[{"@type":"ReadAction","target":["https:\/\/afogadosfm.com.br\/afogadosfm\/2025\/10\/05\/stf-forma-maioria-para-manter-sergio-moro-reu-em-processo-por-calunia-a-gilmar-mendes\/"]}]},{"@type":"ImageObject","inLanguage":"pt-BR","@id":"https:\/\/afogadosfm.com.br\/afogadosfm\/2025\/10\/05\/stf-forma-maioria-para-manter-sergio-moro-reu-em-processo-por-calunia-a-gilmar-mendes\/#primaryimage","url":"https:\/\/i0.wp.com\/afogadosfm.com.br\/afogadosfm\/wp-content\/uploads\/2018\/08\/stf-jus.png?fit=407%2C212&ssl=1","contentUrl":"https:\/\/i0.wp.com\/afogadosfm.com.br\/afogadosfm\/wp-content\/uploads\/2018\/08\/stf-jus.png?fit=407%2C212&ssl=1","width":407,"height":212},{"@type":"BreadcrumbList","@id":"https:\/\/afogadosfm.com.br\/afogadosfm\/2025\/10\/05\/stf-forma-maioria-para-manter-sergio-moro-reu-em-processo-por-calunia-a-gilmar-mendes\/#breadcrumb","itemListElement":[{"@type":"ListItem","position":1,"name":"In\u00edcio","item":"https:\/\/afogadosfm.com.br\/afogadosfm\/"},{"@type":"ListItem","position":2,"name":"STF forma maioria para manter S\u00e9rgio Moro r\u00e9u em processo por cal\u00fania a Gilmar Mendes"}]},{"@type":"WebSite","@id":"https:\/\/afogadosfm.com.br\/afogadosfm\/#website","url":"https:\/\/afogadosfm.com.br\/afogadosfm\/","name":"Afogados FM","description":"Um site completo!","publisher":{"@id":"https:\/\/afogadosfm.com.br\/afogadosfm\/#organization"},"potentialAction":[{"@type":"SearchAction","target":{"@type":"EntryPoint","urlTemplate":"https:\/\/afogadosfm.com.br\/afogadosfm\/?s={search_term_string}"},"query-input":{"@type":"PropertyValueSpecification","valueRequired":true,"valueName":"search_term_string"}}],"inLanguage":"pt-BR"},{"@type":"Organization","@id":"https:\/\/afogadosfm.com.br\/afogadosfm\/#organization","name":"Afogados FM","url":"https:\/\/afogadosfm.com.br\/afogadosfm\/","logo":{"@type":"ImageObject","inLanguage":"pt-BR","@id":"https:\/\/afogadosfm.com.br\/afogadosfm\/#\/schema\/logo\/image\/","url":"https:\/\/i0.wp.com\/afogadosfm.com.br\/afogadosfm\/wp-content\/uploads\/2020\/06\/cropped-banner-afogados-4.jpg?fit=369%2C137&ssl=1","contentUrl":"https:\/\/i0.wp.com\/afogadosfm.com.br\/afogadosfm\/wp-content\/uploads\/2020\/06\/cropped-banner-afogados-4.jpg?fit=369%2C137&ssl=1","width":369,"height":137,"caption":"Afogados FM"},"image":{"@id":"https:\/\/afogadosfm.com.br\/afogadosfm\/#\/schema\/logo\/image\/"}},{"@type":"Person","@id":"https:\/\/afogadosfm.com.br\/afogadosfm\/#\/schema\/person\/60e56f2cf5dc960fc093fe093d9e9057","name":"afogadosfm","image":{"@type":"ImageObject","inLanguage":"pt-BR","@id":"https:\/\/secure.gravatar.com\/avatar\/e0359add7ed5dc3560906d861b52c6a8cf5c1e199d3a7dd85070998f49bd4701?s=96&d=mm&r=g","url":"https:\/\/secure.gravatar.com\/avatar\/e0359add7ed5dc3560906d861b52c6a8cf5c1e199d3a7dd85070998f49bd4701?s=96&d=mm&r=g","contentUrl":"https:\/\/secure.gravatar.com\/avatar\/e0359add7ed5dc3560906d861b52c6a8cf5c1e199d3a7dd85070998f49bd4701?s=96&d=mm&r=g","caption":"afogadosfm"},"url":"https:\/\/afogadosfm.com.br\/afogadosfm\/author\/afogadosfm\/"}]}},"jetpack_publicize_connections":[],"jetpack_featured_media_url":"https:\/\/i0.wp.com\/afogadosfm.com.br\/afogadosfm\/wp-content\/uploads\/2018\/08\/stf-jus.png?fit=407%2C212&ssl=1","jetpack-related-posts":[],"jetpack_sharing_enabled":true,"jetpack_likes_enabled":true,"_links":{"self":[{"href":"https:\/\/afogadosfm.com.br\/afogadosfm\/wp-json\/wp\/v2\/posts\/69578","targetHints":{"allow":["GET"]}}],"collection":[{"href":"https:\/\/afogadosfm.com.br\/afogadosfm\/wp-json\/wp\/v2\/posts"}],"about":[{"href":"https:\/\/afogadosfm.com.br\/afogadosfm\/wp-json\/wp\/v2\/types\/post"}],"author":[{"embeddable":true,"href":"https:\/\/afogadosfm.com.br\/afogadosfm\/wp-json\/wp\/v2\/users\/2"}],"replies":[{"embeddable":true,"href":"https:\/\/afogadosfm.com.br\/afogadosfm\/wp-json\/wp\/v2\/comments?post=69578"}],"version-history":[{"count":1,"href":"https:\/\/afogadosfm.com.br\/afogadosfm\/wp-json\/wp\/v2\/posts\/69578\/revisions"}],"predecessor-version":[{"id":69579,"href":"https:\/\/afogadosfm.com.br\/afogadosfm\/wp-json\/wp\/v2\/posts\/69578\/revisions\/69579"}],"wp:featuredmedia":[{"embeddable":true,"href":"https:\/\/afogadosfm.com.br\/afogadosfm\/wp-json\/wp\/v2\/media\/5859"}],"wp:attachment":[{"href":"https:\/\/afogadosfm.com.br\/afogadosfm\/wp-json\/wp\/v2\/media?parent=69578"}],"wp:term":[{"taxonomy":"category","embeddable":true,"href":"https:\/\/afogadosfm.com.br\/afogadosfm\/wp-json\/wp\/v2\/categories?post=69578"},{"taxonomy":"post_tag","embeddable":true,"href":"https:\/\/afogadosfm.com.br\/afogadosfm\/wp-json\/wp\/v2\/tags?post=69578"}],"curies":[{"name":"wp","href":"https:\/\/api.w.org\/{rel}","templated":true}]}}