{"id":69580,"date":"2025-10-05T08:03:47","date_gmt":"2025-10-05T11:03:47","guid":{"rendered":"https:\/\/afogadosfm.com.br\/afogadosfm\/?p=69580"},"modified":"2025-10-05T08:03:48","modified_gmt":"2025-10-05T11:03:48","slug":"ministerio-da-saude-inicia-distribuicao-de-antidoto-contra-metanol-a-cinco-estados","status":"publish","type":"post","link":"https:\/\/afogadosfm.com.br\/afogadosfm\/2025\/10\/05\/ministerio-da-saude-inicia-distribuicao-de-antidoto-contra-metanol-a-cinco-estados\/","title":{"rendered":"Minist\u00e9rio da Sa\u00fade inicia distribui\u00e7\u00e3o de ant\u00eddoto contra metanol a cinco estados"},"content":{"rendered":"\n<p>O Minist\u00e9rio da Sa\u00fade informou na noite deste s\u00e1bado (04), que iniciou a distribui\u00e7\u00e3o de etanol farmac\u00eautico, ant\u00eddoto utilizado no tratamento de intoxica\u00e7\u00f5es por metanol, aos cinco Estados que formalizaram pedido de refor\u00e7o de estoque.<\/p>\n\n\n\n<p>Foram enviadas 580 ampolas: 240 para Pernambuco, 100 para o Paran\u00e1, 90 para a Bahia, 90 para o Distrito Federal e 60 para Mato Grosso do Sul.<\/p>\n\n\n\n<p>\u201cAs entregas est\u00e3o sendo realizadas de forma articulada com as secretarias estaduais de sa\u00fade. As unidades distribu\u00eddas fazem parte das 4,3 mil ampolas entregues aos estoques dos SUS pelos hospitais universit\u00e1rios federais, em parceria com a Empresa Brasileira de Servi\u00e7os Hospitalares (Ebserh)\u201d, diz o Minist\u00e9rio da Sa\u00fade em nota.<\/p>\n\n\n\n<p>Mais cedo, o ministro da pasta, Alexandre Padilha, informou que foram adquiridas 12 mil ampolas de etanol farmac\u00eautico pelo governo, que ser\u00e3o distribu\u00eddas para os Centros de Refer\u00eancia de Toxicologia espalhados pelo Pa\u00eds.<\/p>\n\n\n\n<p>Padilha tamb\u00e9m informou que o governo adquiriu 2.500 tratamentos de fomepizol, outro ant\u00eddoto para o metanol, por meio da Organiza\u00e7\u00e3o Pan-Americana de Sa\u00fade. Segundo ele, os medicamentos chegar\u00e3o ao longo da pr\u00f3xima semana.<\/p>\n\n\n\n<p>Segundo balan\u00e7o divulgado neste s\u00e1bado, o n\u00famero de notifica\u00e7\u00f5es de intoxica\u00e7\u00e3o por metanol subiu para 195. Do total, 14 casos foram confirmados, e 181 est\u00e3o sob investiga\u00e7\u00e3o.<\/p>\n\n\n\n<p>O Estado de S\u00e3o Paulo continua liderando a estat\u00edstica, com 162 casos. Destes, 14 s\u00e3o confirmados e 148 ainda est\u00e3o sob investiga\u00e7\u00e3o.<\/p>\n\n\n\n<p>Na tarde deste s\u00e1bado, a Secretaria de Sa\u00fade de S\u00e3o Paulo confirmou a segunda morte por intoxica\u00e7\u00e3o com metanol no Estado, um homem de 46 anos.<\/p>\n","protected":false},"excerpt":{"rendered":"<p>O Minist\u00e9rio da Sa\u00fade informou na noite deste s\u00e1bado (04), que iniciou a distribui\u00e7\u00e3o de etanol farmac\u00eautico, ant\u00eddoto utilizado no<\/p>\n","protected":false},"author":2,"featured_media":49554,"comment_status":"open","ping_status":"open","sticky":false,"template":"","format":"standard","meta":{"jetpack_post_was_ever_published":false,"_jetpack_newsletter_access":"","_jetpack_dont_email_post_to_subs":false,"_jetpack_newsletter_tier_id":0,"_jetpack_memberships_contains_paywalled_content":false,"_jetpack_memberships_contains_paid_content":false,"footnotes":"","jetpack_publicize_message":"","jetpack_publicize_feature_enabled":true,"jetpack_social_post_already_shared":true,"jetpack_social_options":{"image_generator_settings":{"template":"highway","default_image_id":0,"font":"","enabled":false},"version":2}},"categories":[12],"tags":[],"class_list":["post-69580","post","type-post","status-publish","format-standard","has-post-thumbnail","hentry","category-brasil"],"yoast_head":"<!-- This site is optimized with the Yoast SEO plugin v27.5 - https:\/\/yoast.com\/product\/yoast-seo-wordpress\/ -->\n<title>Minist\u00e9rio da Sa\u00fade inicia distribui\u00e7\u00e3o de ant\u00eddoto contra metanol a cinco estados - Afogados FM<\/title>\n<meta name=\"robots\" content=\"index, follow, max-snippet:-1, max-image-preview:large, max-video-preview:-1\" \/>\n<link rel=\"canonical\" href=\"https:\/\/afogadosfm.com.br\/afogadosfm\/2025\/10\/05\/ministerio-da-saude-inicia-distribuicao-de-antidoto-contra-metanol-a-cinco-estados\/\" \/>\n<meta property=\"og:locale\" content=\"pt_BR\" \/>\n<meta property=\"og:type\" content=\"article\" \/>\n<meta property=\"og:title\" content=\"Minist\u00e9rio da Sa\u00fade inicia distribui\u00e7\u00e3o de ant\u00eddoto contra metanol a cinco estados - Afogados FM\" \/>\n<meta property=\"og:description\" content=\"O Minist\u00e9rio da Sa\u00fade informou na noite deste s\u00e1bado (04), que iniciou a distribui\u00e7\u00e3o de etanol farmac\u00eautico, ant\u00eddoto utilizado no\" \/>\n<meta property=\"og:url\" content=\"https:\/\/afogadosfm.com.br\/afogadosfm\/2025\/10\/05\/ministerio-da-saude-inicia-distribuicao-de-antidoto-contra-metanol-a-cinco-estados\/\" \/>\n<meta property=\"og:site_name\" content=\"Afogados FM\" \/>\n<meta property=\"article:published_time\" content=\"2025-10-05T11:03:47+00:00\" \/>\n<meta property=\"article:modified_time\" content=\"2025-10-05T11:03:48+00:00\" \/>\n<meta property=\"og:image\" content=\"https:\/\/afogadosfm.com.br\/afogadosfm\/wp-content\/uploads\/2023\/08\/MINSAUDE.webp\" \/>\n\t<meta property=\"og:image:width\" content=\"876\" \/>\n\t<meta property=\"og:image:height\" content=\"484\" \/>\n\t<meta property=\"og:image:type\" content=\"image\/webp\" \/>\n<meta name=\"author\" content=\"afogadosfm\" \/>\n<meta name=\"twitter:card\" content=\"summary_large_image\" \/>\n<meta name=\"twitter:label1\" content=\"Escrito por\" \/>\n\t<meta name=\"twitter:data1\" content=\"afogadosfm\" \/>\n\t<meta name=\"twitter:label2\" content=\"Est. tempo de leitura\" \/>\n\t<meta name=\"twitter:data2\" content=\"2 minutos\" \/>\n<script type=\"application\/ld+json\" class=\"yoast-schema-graph\">{\"@context\":\"https:\\\/\\\/schema.org\",\"@graph\":[{\"@type\":\"Article\",\"@id\":\"https:\\\/\\\/afogadosfm.com.br\\\/afogadosfm\\\/2025\\\/10\\\/05\\\/ministerio-da-saude-inicia-distribuicao-de-antidoto-contra-metanol-a-cinco-estados\\\/#article\",\"isPartOf\":{\"@id\":\"https:\\\/\\\/afogadosfm.com.br\\\/afogadosfm\\\/2025\\\/10\\\/05\\\/ministerio-da-saude-inicia-distribuicao-de-antidoto-contra-metanol-a-cinco-estados\\\/\"},\"author\":{\"name\":\"afogadosfm\",\"@id\":\"https:\\\/\\\/afogadosfm.com.br\\\/afogadosfm\\\/#\\\/schema\\\/person\\\/60e56f2cf5dc960fc093fe093d9e9057\"},\"headline\":\"Minist\u00e9rio da Sa\u00fade inicia distribui\u00e7\u00e3o de ant\u00eddoto contra metanol a cinco estados\",\"datePublished\":\"2025-10-05T11:03:47+00:00\",\"dateModified\":\"2025-10-05T11:03:48+00:00\",\"mainEntityOfPage\":{\"@id\":\"https:\\\/\\\/afogadosfm.com.br\\\/afogadosfm\\\/2025\\\/10\\\/05\\\/ministerio-da-saude-inicia-distribuicao-de-antidoto-contra-metanol-a-cinco-estados\\\/\"},\"wordCount\":293,\"commentCount\":0,\"publisher\":{\"@id\":\"https:\\\/\\\/afogadosfm.com.br\\\/afogadosfm\\\/#organization\"},\"image\":{\"@id\":\"https:\\\/\\\/afogadosfm.com.br\\\/afogadosfm\\\/2025\\\/10\\\/05\\\/ministerio-da-saude-inicia-distribuicao-de-antidoto-contra-metanol-a-cinco-estados\\\/#primaryimage\"},\"thumbnailUrl\":\"https:\\\/\\\/i0.wp.com\\\/afogadosfm.com.br\\\/afogadosfm\\\/wp-content\\\/uploads\\\/2023\\\/08\\\/MINSAUDE.webp?fit=876%2C484&ssl=1\",\"articleSection\":[\"Brasil\"],\"inLanguage\":\"pt-BR\",\"potentialAction\":[{\"@type\":\"CommentAction\",\"name\":\"Comment\",\"target\":[\"https:\\\/\\\/afogadosfm.com.br\\\/afogadosfm\\\/2025\\\/10\\\/05\\\/ministerio-da-saude-inicia-distribuicao-de-antidoto-contra-metanol-a-cinco-estados\\\/#respond\"]}]},{\"@type\":\"WebPage\",\"@id\":\"https:\\\/\\\/afogadosfm.com.br\\\/afogadosfm\\\/2025\\\/10\\\/05\\\/ministerio-da-saude-inicia-distribuicao-de-antidoto-contra-metanol-a-cinco-estados\\\/\",\"url\":\"https:\\\/\\\/afogadosfm.com.br\\\/afogadosfm\\\/2025\\\/10\\\/05\\\/ministerio-da-saude-inicia-distribuicao-de-antidoto-contra-metanol-a-cinco-estados\\\/\",\"name\":\"Minist\u00e9rio da Sa\u00fade inicia distribui\u00e7\u00e3o de ant\u00eddoto contra metanol a cinco estados - Afogados FM\",\"isPartOf\":{\"@id\":\"https:\\\/\\\/afogadosfm.com.br\\\/afogadosfm\\\/#website\"},\"primaryImageOfPage\":{\"@id\":\"https:\\\/\\\/afogadosfm.com.br\\\/afogadosfm\\\/2025\\\/10\\\/05\\\/ministerio-da-saude-inicia-distribuicao-de-antidoto-contra-metanol-a-cinco-estados\\\/#primaryimage\"},\"image\":{\"@id\":\"https:\\\/\\\/afogadosfm.com.br\\\/afogadosfm\\\/2025\\\/10\\\/05\\\/ministerio-da-saude-inicia-distribuicao-de-antidoto-contra-metanol-a-cinco-estados\\\/#primaryimage\"},\"thumbnailUrl\":\"https:\\\/\\\/i0.wp.com\\\/afogadosfm.com.br\\\/afogadosfm\\\/wp-content\\\/uploads\\\/2023\\\/08\\\/MINSAUDE.webp?fit=876%2C484&ssl=1\",\"datePublished\":\"2025-10-05T11:03:47+00:00\",\"dateModified\":\"2025-10-05T11:03:48+00:00\",\"breadcrumb\":{\"@id\":\"https:\\\/\\\/afogadosfm.com.br\\\/afogadosfm\\\/2025\\\/10\\\/05\\\/ministerio-da-saude-inicia-distribuicao-de-antidoto-contra-metanol-a-cinco-estados\\\/#breadcrumb\"},\"inLanguage\":\"pt-BR\",\"potentialAction\":[{\"@type\":\"ReadAction\",\"target\":[\"https:\\\/\\\/afogadosfm.com.br\\\/afogadosfm\\\/2025\\\/10\\\/05\\\/ministerio-da-saude-inicia-distribuicao-de-antidoto-contra-metanol-a-cinco-estados\\\/\"]}]},{\"@type\":\"ImageObject\",\"inLanguage\":\"pt-BR\",\"@id\":\"https:\\\/\\\/afogadosfm.com.br\\\/afogadosfm\\\/2025\\\/10\\\/05\\\/ministerio-da-saude-inicia-distribuicao-de-antidoto-contra-metanol-a-cinco-estados\\\/#primaryimage\",\"url\":\"https:\\\/\\\/i0.wp.com\\\/afogadosfm.com.br\\\/afogadosfm\\\/wp-content\\\/uploads\\\/2023\\\/08\\\/MINSAUDE.webp?fit=876%2C484&ssl=1\",\"contentUrl\":\"https:\\\/\\\/i0.wp.com\\\/afogadosfm.com.br\\\/afogadosfm\\\/wp-content\\\/uploads\\\/2023\\\/08\\\/MINSAUDE.webp?fit=876%2C484&ssl=1\",\"width\":876,\"height\":484},{\"@type\":\"BreadcrumbList\",\"@id\":\"https:\\\/\\\/afogadosfm.com.br\\\/afogadosfm\\\/2025\\\/10\\\/05\\\/ministerio-da-saude-inicia-distribuicao-de-antidoto-contra-metanol-a-cinco-estados\\\/#breadcrumb\",\"itemListElement\":[{\"@type\":\"ListItem\",\"position\":1,\"name\":\"In\u00edcio\",\"item\":\"https:\\\/\\\/afogadosfm.com.br\\\/afogadosfm\\\/\"},{\"@type\":\"ListItem\",\"position\":2,\"name\":\"Minist\u00e9rio da Sa\u00fade inicia distribui\u00e7\u00e3o de ant\u00eddoto contra metanol a cinco estados\"}]},{\"@type\":\"WebSite\",\"@id\":\"https:\\\/\\\/afogadosfm.com.br\\\/afogadosfm\\\/#website\",\"url\":\"https:\\\/\\\/afogadosfm.com.br\\\/afogadosfm\\\/\",\"name\":\"Afogados FM\",\"description\":\"Um site completo!\",\"publisher\":{\"@id\":\"https:\\\/\\\/afogadosfm.com.br\\\/afogadosfm\\\/#organization\"},\"potentialAction\":[{\"@type\":\"SearchAction\",\"target\":{\"@type\":\"EntryPoint\",\"urlTemplate\":\"https:\\\/\\\/afogadosfm.com.br\\\/afogadosfm\\\/?s={search_term_string}\"},\"query-input\":{\"@type\":\"PropertyValueSpecification\",\"valueRequired\":true,\"valueName\":\"search_term_string\"}}],\"inLanguage\":\"pt-BR\"},{\"@type\":\"Organization\",\"@id\":\"https:\\\/\\\/afogadosfm.com.br\\\/afogadosfm\\\/#organization\",\"name\":\"Afogados FM\",\"url\":\"https:\\\/\\\/afogadosfm.com.br\\\/afogadosfm\\\/\",\"logo\":{\"@type\":\"ImageObject\",\"inLanguage\":\"pt-BR\",\"@id\":\"https:\\\/\\\/afogadosfm.com.br\\\/afogadosfm\\\/#\\\/schema\\\/logo\\\/image\\\/\",\"url\":\"https:\\\/\\\/i0.wp.com\\\/afogadosfm.com.br\\\/afogadosfm\\\/wp-content\\\/uploads\\\/2020\\\/06\\\/cropped-banner-afogados-4.jpg?fit=369%2C137&ssl=1\",\"contentUrl\":\"https:\\\/\\\/i0.wp.com\\\/afogadosfm.com.br\\\/afogadosfm\\\/wp-content\\\/uploads\\\/2020\\\/06\\\/cropped-banner-afogados-4.jpg?fit=369%2C137&ssl=1\",\"width\":369,\"height\":137,\"caption\":\"Afogados FM\"},\"image\":{\"@id\":\"https:\\\/\\\/afogadosfm.com.br\\\/afogadosfm\\\/#\\\/schema\\\/logo\\\/image\\\/\"}},{\"@type\":\"Person\",\"@id\":\"https:\\\/\\\/afogadosfm.com.br\\\/afogadosfm\\\/#\\\/schema\\\/person\\\/60e56f2cf5dc960fc093fe093d9e9057\",\"name\":\"afogadosfm\",\"image\":{\"@type\":\"ImageObject\",\"inLanguage\":\"pt-BR\",\"@id\":\"https:\\\/\\\/secure.gravatar.com\\\/avatar\\\/e0359add7ed5dc3560906d861b52c6a8cf5c1e199d3a7dd85070998f49bd4701?s=96&d=mm&r=g\",\"url\":\"https:\\\/\\\/secure.gravatar.com\\\/avatar\\\/e0359add7ed5dc3560906d861b52c6a8cf5c1e199d3a7dd85070998f49bd4701?s=96&d=mm&r=g\",\"contentUrl\":\"https:\\\/\\\/secure.gravatar.com\\\/avatar\\\/e0359add7ed5dc3560906d861b52c6a8cf5c1e199d3a7dd85070998f49bd4701?s=96&d=mm&r=g\",\"caption\":\"afogadosfm\"},\"url\":\"https:\\\/\\\/afogadosfm.com.br\\\/afogadosfm\\\/author\\\/afogadosfm\\\/\"}]}<\/script>\n<!-- \/ Yoast SEO plugin. -->","yoast_head_json":{"title":"Minist\u00e9rio da Sa\u00fade inicia distribui\u00e7\u00e3o de ant\u00eddoto contra metanol a cinco estados - Afogados FM","robots":{"index":"index","follow":"follow","max-snippet":"max-snippet:-1","max-image-preview":"max-image-preview:large","max-video-preview":"max-video-preview:-1"},"canonical":"https:\/\/afogadosfm.com.br\/afogadosfm\/2025\/10\/05\/ministerio-da-saude-inicia-distribuicao-de-antidoto-contra-metanol-a-cinco-estados\/","og_locale":"pt_BR","og_type":"article","og_title":"Minist\u00e9rio da Sa\u00fade inicia distribui\u00e7\u00e3o de ant\u00eddoto contra metanol a cinco estados - Afogados FM","og_description":"O Minist\u00e9rio da Sa\u00fade informou na noite deste s\u00e1bado (04), que iniciou a distribui\u00e7\u00e3o de etanol farmac\u00eautico, ant\u00eddoto utilizado no","og_url":"https:\/\/afogadosfm.com.br\/afogadosfm\/2025\/10\/05\/ministerio-da-saude-inicia-distribuicao-de-antidoto-contra-metanol-a-cinco-estados\/","og_site_name":"Afogados FM","article_published_time":"2025-10-05T11:03:47+00:00","article_modified_time":"2025-10-05T11:03:48+00:00","og_image":[{"width":876,"height":484,"url":"https:\/\/afogadosfm.com.br\/afogadosfm\/wp-content\/uploads\/2023\/08\/MINSAUDE.webp","type":"image\/webp"}],"author":"afogadosfm","twitter_card":"summary_large_image","twitter_misc":{"Escrito por":"afogadosfm","Est. tempo de leitura":"2 minutos"},"schema":{"@context":"https:\/\/schema.org","@graph":[{"@type":"Article","@id":"https:\/\/afogadosfm.com.br\/afogadosfm\/2025\/10\/05\/ministerio-da-saude-inicia-distribuicao-de-antidoto-contra-metanol-a-cinco-estados\/#article","isPartOf":{"@id":"https:\/\/afogadosfm.com.br\/afogadosfm\/2025\/10\/05\/ministerio-da-saude-inicia-distribuicao-de-antidoto-contra-metanol-a-cinco-estados\/"},"author":{"name":"afogadosfm","@id":"https:\/\/afogadosfm.com.br\/afogadosfm\/#\/schema\/person\/60e56f2cf5dc960fc093fe093d9e9057"},"headline":"Minist\u00e9rio da Sa\u00fade inicia distribui\u00e7\u00e3o de ant\u00eddoto contra metanol a cinco estados","datePublished":"2025-10-05T11:03:47+00:00","dateModified":"2025-10-05T11:03:48+00:00","mainEntityOfPage":{"@id":"https:\/\/afogadosfm.com.br\/afogadosfm\/2025\/10\/05\/ministerio-da-saude-inicia-distribuicao-de-antidoto-contra-metanol-a-cinco-estados\/"},"wordCount":293,"commentCount":0,"publisher":{"@id":"https:\/\/afogadosfm.com.br\/afogadosfm\/#organization"},"image":{"@id":"https:\/\/afogadosfm.com.br\/afogadosfm\/2025\/10\/05\/ministerio-da-saude-inicia-distribuicao-de-antidoto-contra-metanol-a-cinco-estados\/#primaryimage"},"thumbnailUrl":"https:\/\/i0.wp.com\/afogadosfm.com.br\/afogadosfm\/wp-content\/uploads\/2023\/08\/MINSAUDE.webp?fit=876%2C484&ssl=1","articleSection":["Brasil"],"inLanguage":"pt-BR","potentialAction":[{"@type":"CommentAction","name":"Comment","target":["https:\/\/afogadosfm.com.br\/afogadosfm\/2025\/10\/05\/ministerio-da-saude-inicia-distribuicao-de-antidoto-contra-metanol-a-cinco-estados\/#respond"]}]},{"@type":"WebPage","@id":"https:\/\/afogadosfm.com.br\/afogadosfm\/2025\/10\/05\/ministerio-da-saude-inicia-distribuicao-de-antidoto-contra-metanol-a-cinco-estados\/","url":"https:\/\/afogadosfm.com.br\/afogadosfm\/2025\/10\/05\/ministerio-da-saude-inicia-distribuicao-de-antidoto-contra-metanol-a-cinco-estados\/","name":"Minist\u00e9rio da Sa\u00fade inicia distribui\u00e7\u00e3o de ant\u00eddoto contra metanol a cinco estados - Afogados FM","isPartOf":{"@id":"https:\/\/afogadosfm.com.br\/afogadosfm\/#website"},"primaryImageOfPage":{"@id":"https:\/\/afogadosfm.com.br\/afogadosfm\/2025\/10\/05\/ministerio-da-saude-inicia-distribuicao-de-antidoto-contra-metanol-a-cinco-estados\/#primaryimage"},"image":{"@id":"https:\/\/afogadosfm.com.br\/afogadosfm\/2025\/10\/05\/ministerio-da-saude-inicia-distribuicao-de-antidoto-contra-metanol-a-cinco-estados\/#primaryimage"},"thumbnailUrl":"https:\/\/i0.wp.com\/afogadosfm.com.br\/afogadosfm\/wp-content\/uploads\/2023\/08\/MINSAUDE.webp?fit=876%2C484&ssl=1","datePublished":"2025-10-05T11:03:47+00:00","dateModified":"2025-10-05T11:03:48+00:00","breadcrumb":{"@id":"https:\/\/afogadosfm.com.br\/afogadosfm\/2025\/10\/05\/ministerio-da-saude-inicia-distribuicao-de-antidoto-contra-metanol-a-cinco-estados\/#breadcrumb"},"inLanguage":"pt-BR","potentialAction":[{"@type":"ReadAction","target":["https:\/\/afogadosfm.com.br\/afogadosfm\/2025\/10\/05\/ministerio-da-saude-inicia-distribuicao-de-antidoto-contra-metanol-a-cinco-estados\/"]}]},{"@type":"ImageObject","inLanguage":"pt-BR","@id":"https:\/\/afogadosfm.com.br\/afogadosfm\/2025\/10\/05\/ministerio-da-saude-inicia-distribuicao-de-antidoto-contra-metanol-a-cinco-estados\/#primaryimage","url":"https:\/\/i0.wp.com\/afogadosfm.com.br\/afogadosfm\/wp-content\/uploads\/2023\/08\/MINSAUDE.webp?fit=876%2C484&ssl=1","contentUrl":"https:\/\/i0.wp.com\/afogadosfm.com.br\/afogadosfm\/wp-content\/uploads\/2023\/08\/MINSAUDE.webp?fit=876%2C484&ssl=1","width":876,"height":484},{"@type":"BreadcrumbList","@id":"https:\/\/afogadosfm.com.br\/afogadosfm\/2025\/10\/05\/ministerio-da-saude-inicia-distribuicao-de-antidoto-contra-metanol-a-cinco-estados\/#breadcrumb","itemListElement":[{"@type":"ListItem","position":1,"name":"In\u00edcio","item":"https:\/\/afogadosfm.com.br\/afogadosfm\/"},{"@type":"ListItem","position":2,"name":"Minist\u00e9rio da Sa\u00fade inicia distribui\u00e7\u00e3o de ant\u00eddoto contra metanol a cinco estados"}]},{"@type":"WebSite","@id":"https:\/\/afogadosfm.com.br\/afogadosfm\/#website","url":"https:\/\/afogadosfm.com.br\/afogadosfm\/","name":"Afogados FM","description":"Um site completo!","publisher":{"@id":"https:\/\/afogadosfm.com.br\/afogadosfm\/#organization"},"potentialAction":[{"@type":"SearchAction","target":{"@type":"EntryPoint","urlTemplate":"https:\/\/afogadosfm.com.br\/afogadosfm\/?s={search_term_string}"},"query-input":{"@type":"PropertyValueSpecification","valueRequired":true,"valueName":"search_term_string"}}],"inLanguage":"pt-BR"},{"@type":"Organization","@id":"https:\/\/afogadosfm.com.br\/afogadosfm\/#organization","name":"Afogados FM","url":"https:\/\/afogadosfm.com.br\/afogadosfm\/","logo":{"@type":"ImageObject","inLanguage":"pt-BR","@id":"https:\/\/afogadosfm.com.br\/afogadosfm\/#\/schema\/logo\/image\/","url":"https:\/\/i0.wp.com\/afogadosfm.com.br\/afogadosfm\/wp-content\/uploads\/2020\/06\/cropped-banner-afogados-4.jpg?fit=369%2C137&ssl=1","contentUrl":"https:\/\/i0.wp.com\/afogadosfm.com.br\/afogadosfm\/wp-content\/uploads\/2020\/06\/cropped-banner-afogados-4.jpg?fit=369%2C137&ssl=1","width":369,"height":137,"caption":"Afogados FM"},"image":{"@id":"https:\/\/afogadosfm.com.br\/afogadosfm\/#\/schema\/logo\/image\/"}},{"@type":"Person","@id":"https:\/\/afogadosfm.com.br\/afogadosfm\/#\/schema\/person\/60e56f2cf5dc960fc093fe093d9e9057","name":"afogadosfm","image":{"@type":"ImageObject","inLanguage":"pt-BR","@id":"https:\/\/secure.gravatar.com\/avatar\/e0359add7ed5dc3560906d861b52c6a8cf5c1e199d3a7dd85070998f49bd4701?s=96&d=mm&r=g","url":"https:\/\/secure.gravatar.com\/avatar\/e0359add7ed5dc3560906d861b52c6a8cf5c1e199d3a7dd85070998f49bd4701?s=96&d=mm&r=g","contentUrl":"https:\/\/secure.gravatar.com\/avatar\/e0359add7ed5dc3560906d861b52c6a8cf5c1e199d3a7dd85070998f49bd4701?s=96&d=mm&r=g","caption":"afogadosfm"},"url":"https:\/\/afogadosfm.com.br\/afogadosfm\/author\/afogadosfm\/"}]}},"jetpack_publicize_connections":[],"jetpack_featured_media_url":"https:\/\/i0.wp.com\/afogadosfm.com.br\/afogadosfm\/wp-content\/uploads\/2023\/08\/MINSAUDE.webp?fit=876%2C484&ssl=1","jetpack-related-posts":[],"jetpack_sharing_enabled":true,"jetpack_likes_enabled":true,"_links":{"self":[{"href":"https:\/\/afogadosfm.com.br\/afogadosfm\/wp-json\/wp\/v2\/posts\/69580","targetHints":{"allow":["GET"]}}],"collection":[{"href":"https:\/\/afogadosfm.com.br\/afogadosfm\/wp-json\/wp\/v2\/posts"}],"about":[{"href":"https:\/\/afogadosfm.com.br\/afogadosfm\/wp-json\/wp\/v2\/types\/post"}],"author":[{"embeddable":true,"href":"https:\/\/afogadosfm.com.br\/afogadosfm\/wp-json\/wp\/v2\/users\/2"}],"replies":[{"embeddable":true,"href":"https:\/\/afogadosfm.com.br\/afogadosfm\/wp-json\/wp\/v2\/comments?post=69580"}],"version-history":[{"count":1,"href":"https:\/\/afogadosfm.com.br\/afogadosfm\/wp-json\/wp\/v2\/posts\/69580\/revisions"}],"predecessor-version":[{"id":69581,"href":"https:\/\/afogadosfm.com.br\/afogadosfm\/wp-json\/wp\/v2\/posts\/69580\/revisions\/69581"}],"wp:featuredmedia":[{"embeddable":true,"href":"https:\/\/afogadosfm.com.br\/afogadosfm\/wp-json\/wp\/v2\/media\/49554"}],"wp:attachment":[{"href":"https:\/\/afogadosfm.com.br\/afogadosfm\/wp-json\/wp\/v2\/media?parent=69580"}],"wp:term":[{"taxonomy":"category","embeddable":true,"href":"https:\/\/afogadosfm.com.br\/afogadosfm\/wp-json\/wp\/v2\/categories?post=69580"},{"taxonomy":"post_tag","embeddable":true,"href":"https:\/\/afogadosfm.com.br\/afogadosfm\/wp-json\/wp\/v2\/tags?post=69580"}],"curies":[{"name":"wp","href":"https:\/\/api.w.org\/{rel}","templated":true}]}}