{"id":69767,"date":"2025-10-12T04:44:00","date_gmt":"2025-10-12T07:44:00","guid":{"rendered":"https:\/\/afogadosfm.com.br\/afogadosfm\/?p=69767"},"modified":"2025-10-13T04:45:53","modified_gmt":"2025-10-13T07:45:53","slug":"lei-que-cria-cnh-gratuita-para-baixa-renda-vai-a-plenario-na-camara-do-recife-na-proxima-segunda-13","status":"publish","type":"post","link":"https:\/\/afogadosfm.com.br\/afogadosfm\/2025\/10\/12\/lei-que-cria-cnh-gratuita-para-baixa-renda-vai-a-plenario-na-camara-do-recife-na-proxima-segunda-13\/","title":{"rendered":"Lei que cria CNH gratuita para baixa renda vai \u00e0 Plen\u00e1rio na C\u00e2mara do Recife na pr\u00f3xima segunda (13)"},"content":{"rendered":"\n<p>A iniciativa prop\u00f5e que participem moradores do Recife inscritos no Cad\u00danico e que atendam aos crit\u00e9rios de renda e prioridade definidos no edital do programa<\/p>\n\n\n\n<p>A proposta de emiss\u00e3o gratuita da Carteira Nacional de Habilita\u00e7\u00e3o (CNH) para recifenses de baixa renda e em situa\u00e7\u00e3o de vulnerabilidade vai ao plen\u00e1rio da C\u00e2mara do Recife na proxima segunda-feira (13) para a 1\u00aa discuss\u00e3o. O \u201cPrograma CNH Social\u201d \u00e9 um Projeto de Lei do Executivo (PLE), do prefeito Jo\u00e3o Campos, e busca ampliar o acesso \u00e0 mobilidade e \u00e0 inclus\u00e3o social.<\/p>\n\n\n\n<p>Al\u00e9m do texto original, o texto vai \u00e0 plen\u00e1rio com mais oito emendas aditivas e duas emendas modificativas dos vereadores. Entre elas, o parlamentar Agora \u00e9 Rubem (PSB), prop\u00f5e 10% das vagas anuais para m\u00e3es e pais respons\u00e1veis legais por pessoas at\u00edpicas e o vereador Felipe Alecrim (Novo) prop\u00f5e a cria\u00e7\u00e3o da Comiss\u00e3o Municipal de Acompanhamento e Transpar\u00eancia do Programa CNH Social Recife.<\/p>\n\n\n\n<p>Na \u00faltima quarta-feira (8), as Comiss\u00f5es de Finan\u00e7as e Or\u00e7amento (CFO) e Legisla\u00e7\u00e3o e Justi\u00e7a (CLJ) da Casa aprovaram a proposta, ambas por unanimidade. O PLE tamb\u00e9m tramitou na Comiss\u00e3o de Direitos Humanos e Cidadania, que teve o parecer com voto favor\u00e1vel da relatoria aprovado.<\/p>\n\n\n\n<p>O que determina a proposta<\/p>\n\n\n\n<p>A iniciativa prop\u00f5e que participem moradores do Recife inscritos no Cadastro \u00danico (Cad\u00danico) e que atendam aos crit\u00e9rios de renda e prioridade definidos no edital do programa.<\/p>\n\n\n\n<p>Os benefici\u00e1rios ter\u00e3o acesso gratuito a todos os servi\u00e7os necess\u00e1rios para tirar a CNH, sem nenhum custo, incluindo: curso preparat\u00f3rio com aulas de tr\u00e2nsito e no\u00e7\u00f5es b\u00e1sicas de inform\u00e1tica, al\u00e9m de testes para avaliar a capacidade m\u00ednima dos participantes; pagamento das taxas dos exames m\u00e9dicos e psicot\u00e9cnicos; aulas te\u00f3ricas e pr\u00e1ticas para tirar a CNH nas categorias A (moto) e B (carro) ou para adicionar uma dessas categorias \u00e0 habilita\u00e7\u00e3o; cobertura das taxas dos exames te\u00f3rico e pr\u00e1tico do Detran-PE, com direito a um reteste gratuito em caso de reprova\u00e7\u00e3o.<\/p>\n\n\n\n<p>CNH social<\/p>\n\n\n\n<p>Sancionada pelo presidente Lula (PT) em junho, a CNH Social \u00e9 uma pol\u00edtica p\u00fablica que garante a gratuidade da carteira de motorista para pessoas de baixa renda inscritas no Cad\u00danico e com idade a partir de 18 anos. A cidade do Recife \u00e9 uma das primeiras a come\u00e7ar a implanta\u00e7\u00e3o do benef\u00edcio.<\/p>\n","protected":false},"excerpt":{"rendered":"<p>A iniciativa prop\u00f5e que participem moradores do Recife inscritos no Cad\u00danico e que atendam aos crit\u00e9rios de renda e prioridade<\/p>\n","protected":false},"author":2,"featured_media":54362,"comment_status":"open","ping_status":"open","sticky":false,"template":"","format":"standard","meta":{"jetpack_post_was_ever_published":false,"_jetpack_newsletter_access":"","_jetpack_dont_email_post_to_subs":false,"_jetpack_newsletter_tier_id":0,"_jetpack_memberships_contains_paywalled_content":false,"_jetpack_memberships_contains_paid_content":false,"footnotes":"","jetpack_publicize_message":"","jetpack_publicize_feature_enabled":true,"jetpack_social_post_already_shared":true,"jetpack_social_options":{"image_generator_settings":{"template":"highway","default_image_id":0,"font":"","enabled":false},"version":2}},"categories":[13],"tags":[],"class_list":["post-69767","post","type-post","status-publish","format-standard","has-post-thumbnail","hentry","category-pernambuco"],"yoast_head":"<!-- This site is optimized with the Yoast SEO plugin v27.5 - https:\/\/yoast.com\/product\/yoast-seo-wordpress\/ -->\n<title>Lei que cria CNH gratuita para baixa renda vai \u00e0 Plen\u00e1rio na C\u00e2mara do Recife na pr\u00f3xima segunda (13) - Afogados FM<\/title>\n<meta name=\"robots\" content=\"index, follow, max-snippet:-1, max-image-preview:large, max-video-preview:-1\" \/>\n<link rel=\"canonical\" href=\"https:\/\/afogadosfm.com.br\/afogadosfm\/2025\/10\/12\/lei-que-cria-cnh-gratuita-para-baixa-renda-vai-a-plenario-na-camara-do-recife-na-proxima-segunda-13\/\" \/>\n<meta property=\"og:locale\" content=\"pt_BR\" \/>\n<meta property=\"og:type\" content=\"article\" \/>\n<meta property=\"og:title\" content=\"Lei que cria CNH gratuita para baixa renda vai \u00e0 Plen\u00e1rio na C\u00e2mara do Recife na pr\u00f3xima segunda (13) - Afogados FM\" \/>\n<meta property=\"og:description\" content=\"A iniciativa prop\u00f5e que participem moradores do Recife inscritos no Cad\u00danico e que atendam aos crit\u00e9rios de renda e prioridade\" \/>\n<meta property=\"og:url\" content=\"https:\/\/afogadosfm.com.br\/afogadosfm\/2025\/10\/12\/lei-que-cria-cnh-gratuita-para-baixa-renda-vai-a-plenario-na-camara-do-recife-na-proxima-segunda-13\/\" \/>\n<meta property=\"og:site_name\" content=\"Afogados FM\" \/>\n<meta property=\"article:published_time\" content=\"2025-10-12T07:44:00+00:00\" \/>\n<meta property=\"article:modified_time\" content=\"2025-10-13T07:45:53+00:00\" \/>\n<meta property=\"og:image\" content=\"https:\/\/afogadosfm.com.br\/afogadosfm\/wp-content\/uploads\/2024\/02\/nova-cnh.jpg\" \/>\n\t<meta property=\"og:image:width\" content=\"1100\" \/>\n\t<meta property=\"og:image:height\" content=\"659\" \/>\n\t<meta property=\"og:image:type\" content=\"image\/jpeg\" \/>\n<meta name=\"author\" content=\"afogadosfm\" \/>\n<meta name=\"twitter:card\" content=\"summary_large_image\" \/>\n<meta name=\"twitter:label1\" content=\"Escrito por\" \/>\n\t<meta name=\"twitter:data1\" content=\"afogadosfm\" \/>\n\t<meta name=\"twitter:label2\" content=\"Est. tempo de leitura\" \/>\n\t<meta name=\"twitter:data2\" content=\"3 minutos\" \/>\n<script type=\"application\/ld+json\" class=\"yoast-schema-graph\">{\"@context\":\"https:\\\/\\\/schema.org\",\"@graph\":[{\"@type\":\"Article\",\"@id\":\"https:\\\/\\\/afogadosfm.com.br\\\/afogadosfm\\\/2025\\\/10\\\/12\\\/lei-que-cria-cnh-gratuita-para-baixa-renda-vai-a-plenario-na-camara-do-recife-na-proxima-segunda-13\\\/#article\",\"isPartOf\":{\"@id\":\"https:\\\/\\\/afogadosfm.com.br\\\/afogadosfm\\\/2025\\\/10\\\/12\\\/lei-que-cria-cnh-gratuita-para-baixa-renda-vai-a-plenario-na-camara-do-recife-na-proxima-segunda-13\\\/\"},\"author\":{\"name\":\"afogadosfm\",\"@id\":\"https:\\\/\\\/afogadosfm.com.br\\\/afogadosfm\\\/#\\\/schema\\\/person\\\/60e56f2cf5dc960fc093fe093d9e9057\"},\"headline\":\"Lei que cria CNH gratuita para baixa renda vai \u00e0 Plen\u00e1rio na C\u00e2mara do Recife na pr\u00f3xima segunda (13)\",\"datePublished\":\"2025-10-12T07:44:00+00:00\",\"dateModified\":\"2025-10-13T07:45:53+00:00\",\"mainEntityOfPage\":{\"@id\":\"https:\\\/\\\/afogadosfm.com.br\\\/afogadosfm\\\/2025\\\/10\\\/12\\\/lei-que-cria-cnh-gratuita-para-baixa-renda-vai-a-plenario-na-camara-do-recife-na-proxima-segunda-13\\\/\"},\"wordCount\":436,\"commentCount\":0,\"publisher\":{\"@id\":\"https:\\\/\\\/afogadosfm.com.br\\\/afogadosfm\\\/#organization\"},\"image\":{\"@id\":\"https:\\\/\\\/afogadosfm.com.br\\\/afogadosfm\\\/2025\\\/10\\\/12\\\/lei-que-cria-cnh-gratuita-para-baixa-renda-vai-a-plenario-na-camara-do-recife-na-proxima-segunda-13\\\/#primaryimage\"},\"thumbnailUrl\":\"https:\\\/\\\/i0.wp.com\\\/afogadosfm.com.br\\\/afogadosfm\\\/wp-content\\\/uploads\\\/2024\\\/02\\\/nova-cnh.jpg?fit=1100%2C659&ssl=1\",\"articleSection\":[\"Pernambuco\"],\"inLanguage\":\"pt-BR\",\"potentialAction\":[{\"@type\":\"CommentAction\",\"name\":\"Comment\",\"target\":[\"https:\\\/\\\/afogadosfm.com.br\\\/afogadosfm\\\/2025\\\/10\\\/12\\\/lei-que-cria-cnh-gratuita-para-baixa-renda-vai-a-plenario-na-camara-do-recife-na-proxima-segunda-13\\\/#respond\"]}]},{\"@type\":\"WebPage\",\"@id\":\"https:\\\/\\\/afogadosfm.com.br\\\/afogadosfm\\\/2025\\\/10\\\/12\\\/lei-que-cria-cnh-gratuita-para-baixa-renda-vai-a-plenario-na-camara-do-recife-na-proxima-segunda-13\\\/\",\"url\":\"https:\\\/\\\/afogadosfm.com.br\\\/afogadosfm\\\/2025\\\/10\\\/12\\\/lei-que-cria-cnh-gratuita-para-baixa-renda-vai-a-plenario-na-camara-do-recife-na-proxima-segunda-13\\\/\",\"name\":\"Lei que cria CNH gratuita para baixa renda vai \u00e0 Plen\u00e1rio na C\u00e2mara do Recife na pr\u00f3xima segunda (13) - Afogados FM\",\"isPartOf\":{\"@id\":\"https:\\\/\\\/afogadosfm.com.br\\\/afogadosfm\\\/#website\"},\"primaryImageOfPage\":{\"@id\":\"https:\\\/\\\/afogadosfm.com.br\\\/afogadosfm\\\/2025\\\/10\\\/12\\\/lei-que-cria-cnh-gratuita-para-baixa-renda-vai-a-plenario-na-camara-do-recife-na-proxima-segunda-13\\\/#primaryimage\"},\"image\":{\"@id\":\"https:\\\/\\\/afogadosfm.com.br\\\/afogadosfm\\\/2025\\\/10\\\/12\\\/lei-que-cria-cnh-gratuita-para-baixa-renda-vai-a-plenario-na-camara-do-recife-na-proxima-segunda-13\\\/#primaryimage\"},\"thumbnailUrl\":\"https:\\\/\\\/i0.wp.com\\\/afogadosfm.com.br\\\/afogadosfm\\\/wp-content\\\/uploads\\\/2024\\\/02\\\/nova-cnh.jpg?fit=1100%2C659&ssl=1\",\"datePublished\":\"2025-10-12T07:44:00+00:00\",\"dateModified\":\"2025-10-13T07:45:53+00:00\",\"breadcrumb\":{\"@id\":\"https:\\\/\\\/afogadosfm.com.br\\\/afogadosfm\\\/2025\\\/10\\\/12\\\/lei-que-cria-cnh-gratuita-para-baixa-renda-vai-a-plenario-na-camara-do-recife-na-proxima-segunda-13\\\/#breadcrumb\"},\"inLanguage\":\"pt-BR\",\"potentialAction\":[{\"@type\":\"ReadAction\",\"target\":[\"https:\\\/\\\/afogadosfm.com.br\\\/afogadosfm\\\/2025\\\/10\\\/12\\\/lei-que-cria-cnh-gratuita-para-baixa-renda-vai-a-plenario-na-camara-do-recife-na-proxima-segunda-13\\\/\"]}]},{\"@type\":\"ImageObject\",\"inLanguage\":\"pt-BR\",\"@id\":\"https:\\\/\\\/afogadosfm.com.br\\\/afogadosfm\\\/2025\\\/10\\\/12\\\/lei-que-cria-cnh-gratuita-para-baixa-renda-vai-a-plenario-na-camara-do-recife-na-proxima-segunda-13\\\/#primaryimage\",\"url\":\"https:\\\/\\\/i0.wp.com\\\/afogadosfm.com.br\\\/afogadosfm\\\/wp-content\\\/uploads\\\/2024\\\/02\\\/nova-cnh.jpg?fit=1100%2C659&ssl=1\",\"contentUrl\":\"https:\\\/\\\/i0.wp.com\\\/afogadosfm.com.br\\\/afogadosfm\\\/wp-content\\\/uploads\\\/2024\\\/02\\\/nova-cnh.jpg?fit=1100%2C659&ssl=1\",\"width\":1100,\"height\":659},{\"@type\":\"BreadcrumbList\",\"@id\":\"https:\\\/\\\/afogadosfm.com.br\\\/afogadosfm\\\/2025\\\/10\\\/12\\\/lei-que-cria-cnh-gratuita-para-baixa-renda-vai-a-plenario-na-camara-do-recife-na-proxima-segunda-13\\\/#breadcrumb\",\"itemListElement\":[{\"@type\":\"ListItem\",\"position\":1,\"name\":\"In\u00edcio\",\"item\":\"https:\\\/\\\/afogadosfm.com.br\\\/afogadosfm\\\/\"},{\"@type\":\"ListItem\",\"position\":2,\"name\":\"Lei que cria CNH gratuita para baixa renda vai \u00e0 Plen\u00e1rio na C\u00e2mara do Recife na pr\u00f3xima segunda (13)\"}]},{\"@type\":\"WebSite\",\"@id\":\"https:\\\/\\\/afogadosfm.com.br\\\/afogadosfm\\\/#website\",\"url\":\"https:\\\/\\\/afogadosfm.com.br\\\/afogadosfm\\\/\",\"name\":\"Afogados FM\",\"description\":\"Um site completo!\",\"publisher\":{\"@id\":\"https:\\\/\\\/afogadosfm.com.br\\\/afogadosfm\\\/#organization\"},\"potentialAction\":[{\"@type\":\"SearchAction\",\"target\":{\"@type\":\"EntryPoint\",\"urlTemplate\":\"https:\\\/\\\/afogadosfm.com.br\\\/afogadosfm\\\/?s={search_term_string}\"},\"query-input\":{\"@type\":\"PropertyValueSpecification\",\"valueRequired\":true,\"valueName\":\"search_term_string\"}}],\"inLanguage\":\"pt-BR\"},{\"@type\":\"Organization\",\"@id\":\"https:\\\/\\\/afogadosfm.com.br\\\/afogadosfm\\\/#organization\",\"name\":\"Afogados FM\",\"url\":\"https:\\\/\\\/afogadosfm.com.br\\\/afogadosfm\\\/\",\"logo\":{\"@type\":\"ImageObject\",\"inLanguage\":\"pt-BR\",\"@id\":\"https:\\\/\\\/afogadosfm.com.br\\\/afogadosfm\\\/#\\\/schema\\\/logo\\\/image\\\/\",\"url\":\"https:\\\/\\\/i0.wp.com\\\/afogadosfm.com.br\\\/afogadosfm\\\/wp-content\\\/uploads\\\/2020\\\/06\\\/cropped-banner-afogados-4.jpg?fit=369%2C137&ssl=1\",\"contentUrl\":\"https:\\\/\\\/i0.wp.com\\\/afogadosfm.com.br\\\/afogadosfm\\\/wp-content\\\/uploads\\\/2020\\\/06\\\/cropped-banner-afogados-4.jpg?fit=369%2C137&ssl=1\",\"width\":369,\"height\":137,\"caption\":\"Afogados FM\"},\"image\":{\"@id\":\"https:\\\/\\\/afogadosfm.com.br\\\/afogadosfm\\\/#\\\/schema\\\/logo\\\/image\\\/\"}},{\"@type\":\"Person\",\"@id\":\"https:\\\/\\\/afogadosfm.com.br\\\/afogadosfm\\\/#\\\/schema\\\/person\\\/60e56f2cf5dc960fc093fe093d9e9057\",\"name\":\"afogadosfm\",\"image\":{\"@type\":\"ImageObject\",\"inLanguage\":\"pt-BR\",\"@id\":\"https:\\\/\\\/secure.gravatar.com\\\/avatar\\\/e0359add7ed5dc3560906d861b52c6a8cf5c1e199d3a7dd85070998f49bd4701?s=96&d=mm&r=g\",\"url\":\"https:\\\/\\\/secure.gravatar.com\\\/avatar\\\/e0359add7ed5dc3560906d861b52c6a8cf5c1e199d3a7dd85070998f49bd4701?s=96&d=mm&r=g\",\"contentUrl\":\"https:\\\/\\\/secure.gravatar.com\\\/avatar\\\/e0359add7ed5dc3560906d861b52c6a8cf5c1e199d3a7dd85070998f49bd4701?s=96&d=mm&r=g\",\"caption\":\"afogadosfm\"},\"url\":\"https:\\\/\\\/afogadosfm.com.br\\\/afogadosfm\\\/author\\\/afogadosfm\\\/\"}]}<\/script>\n<!-- \/ Yoast SEO plugin. -->","yoast_head_json":{"title":"Lei que cria CNH gratuita para baixa renda vai \u00e0 Plen\u00e1rio na C\u00e2mara do Recife na pr\u00f3xima segunda (13) - Afogados FM","robots":{"index":"index","follow":"follow","max-snippet":"max-snippet:-1","max-image-preview":"max-image-preview:large","max-video-preview":"max-video-preview:-1"},"canonical":"https:\/\/afogadosfm.com.br\/afogadosfm\/2025\/10\/12\/lei-que-cria-cnh-gratuita-para-baixa-renda-vai-a-plenario-na-camara-do-recife-na-proxima-segunda-13\/","og_locale":"pt_BR","og_type":"article","og_title":"Lei que cria CNH gratuita para baixa renda vai \u00e0 Plen\u00e1rio na C\u00e2mara do Recife na pr\u00f3xima segunda (13) - Afogados FM","og_description":"A iniciativa prop\u00f5e que participem moradores do Recife inscritos no Cad\u00danico e que atendam aos crit\u00e9rios de renda e prioridade","og_url":"https:\/\/afogadosfm.com.br\/afogadosfm\/2025\/10\/12\/lei-que-cria-cnh-gratuita-para-baixa-renda-vai-a-plenario-na-camara-do-recife-na-proxima-segunda-13\/","og_site_name":"Afogados FM","article_published_time":"2025-10-12T07:44:00+00:00","article_modified_time":"2025-10-13T07:45:53+00:00","og_image":[{"width":1100,"height":659,"url":"https:\/\/afogadosfm.com.br\/afogadosfm\/wp-content\/uploads\/2024\/02\/nova-cnh.jpg","type":"image\/jpeg"}],"author":"afogadosfm","twitter_card":"summary_large_image","twitter_misc":{"Escrito por":"afogadosfm","Est. tempo de leitura":"3 minutos"},"schema":{"@context":"https:\/\/schema.org","@graph":[{"@type":"Article","@id":"https:\/\/afogadosfm.com.br\/afogadosfm\/2025\/10\/12\/lei-que-cria-cnh-gratuita-para-baixa-renda-vai-a-plenario-na-camara-do-recife-na-proxima-segunda-13\/#article","isPartOf":{"@id":"https:\/\/afogadosfm.com.br\/afogadosfm\/2025\/10\/12\/lei-que-cria-cnh-gratuita-para-baixa-renda-vai-a-plenario-na-camara-do-recife-na-proxima-segunda-13\/"},"author":{"name":"afogadosfm","@id":"https:\/\/afogadosfm.com.br\/afogadosfm\/#\/schema\/person\/60e56f2cf5dc960fc093fe093d9e9057"},"headline":"Lei que cria CNH gratuita para baixa renda vai \u00e0 Plen\u00e1rio na C\u00e2mara do Recife na pr\u00f3xima segunda (13)","datePublished":"2025-10-12T07:44:00+00:00","dateModified":"2025-10-13T07:45:53+00:00","mainEntityOfPage":{"@id":"https:\/\/afogadosfm.com.br\/afogadosfm\/2025\/10\/12\/lei-que-cria-cnh-gratuita-para-baixa-renda-vai-a-plenario-na-camara-do-recife-na-proxima-segunda-13\/"},"wordCount":436,"commentCount":0,"publisher":{"@id":"https:\/\/afogadosfm.com.br\/afogadosfm\/#organization"},"image":{"@id":"https:\/\/afogadosfm.com.br\/afogadosfm\/2025\/10\/12\/lei-que-cria-cnh-gratuita-para-baixa-renda-vai-a-plenario-na-camara-do-recife-na-proxima-segunda-13\/#primaryimage"},"thumbnailUrl":"https:\/\/i0.wp.com\/afogadosfm.com.br\/afogadosfm\/wp-content\/uploads\/2024\/02\/nova-cnh.jpg?fit=1100%2C659&ssl=1","articleSection":["Pernambuco"],"inLanguage":"pt-BR","potentialAction":[{"@type":"CommentAction","name":"Comment","target":["https:\/\/afogadosfm.com.br\/afogadosfm\/2025\/10\/12\/lei-que-cria-cnh-gratuita-para-baixa-renda-vai-a-plenario-na-camara-do-recife-na-proxima-segunda-13\/#respond"]}]},{"@type":"WebPage","@id":"https:\/\/afogadosfm.com.br\/afogadosfm\/2025\/10\/12\/lei-que-cria-cnh-gratuita-para-baixa-renda-vai-a-plenario-na-camara-do-recife-na-proxima-segunda-13\/","url":"https:\/\/afogadosfm.com.br\/afogadosfm\/2025\/10\/12\/lei-que-cria-cnh-gratuita-para-baixa-renda-vai-a-plenario-na-camara-do-recife-na-proxima-segunda-13\/","name":"Lei que cria CNH gratuita para baixa renda vai \u00e0 Plen\u00e1rio na C\u00e2mara do Recife na pr\u00f3xima segunda (13) - Afogados FM","isPartOf":{"@id":"https:\/\/afogadosfm.com.br\/afogadosfm\/#website"},"primaryImageOfPage":{"@id":"https:\/\/afogadosfm.com.br\/afogadosfm\/2025\/10\/12\/lei-que-cria-cnh-gratuita-para-baixa-renda-vai-a-plenario-na-camara-do-recife-na-proxima-segunda-13\/#primaryimage"},"image":{"@id":"https:\/\/afogadosfm.com.br\/afogadosfm\/2025\/10\/12\/lei-que-cria-cnh-gratuita-para-baixa-renda-vai-a-plenario-na-camara-do-recife-na-proxima-segunda-13\/#primaryimage"},"thumbnailUrl":"https:\/\/i0.wp.com\/afogadosfm.com.br\/afogadosfm\/wp-content\/uploads\/2024\/02\/nova-cnh.jpg?fit=1100%2C659&ssl=1","datePublished":"2025-10-12T07:44:00+00:00","dateModified":"2025-10-13T07:45:53+00:00","breadcrumb":{"@id":"https:\/\/afogadosfm.com.br\/afogadosfm\/2025\/10\/12\/lei-que-cria-cnh-gratuita-para-baixa-renda-vai-a-plenario-na-camara-do-recife-na-proxima-segunda-13\/#breadcrumb"},"inLanguage":"pt-BR","potentialAction":[{"@type":"ReadAction","target":["https:\/\/afogadosfm.com.br\/afogadosfm\/2025\/10\/12\/lei-que-cria-cnh-gratuita-para-baixa-renda-vai-a-plenario-na-camara-do-recife-na-proxima-segunda-13\/"]}]},{"@type":"ImageObject","inLanguage":"pt-BR","@id":"https:\/\/afogadosfm.com.br\/afogadosfm\/2025\/10\/12\/lei-que-cria-cnh-gratuita-para-baixa-renda-vai-a-plenario-na-camara-do-recife-na-proxima-segunda-13\/#primaryimage","url":"https:\/\/i0.wp.com\/afogadosfm.com.br\/afogadosfm\/wp-content\/uploads\/2024\/02\/nova-cnh.jpg?fit=1100%2C659&ssl=1","contentUrl":"https:\/\/i0.wp.com\/afogadosfm.com.br\/afogadosfm\/wp-content\/uploads\/2024\/02\/nova-cnh.jpg?fit=1100%2C659&ssl=1","width":1100,"height":659},{"@type":"BreadcrumbList","@id":"https:\/\/afogadosfm.com.br\/afogadosfm\/2025\/10\/12\/lei-que-cria-cnh-gratuita-para-baixa-renda-vai-a-plenario-na-camara-do-recife-na-proxima-segunda-13\/#breadcrumb","itemListElement":[{"@type":"ListItem","position":1,"name":"In\u00edcio","item":"https:\/\/afogadosfm.com.br\/afogadosfm\/"},{"@type":"ListItem","position":2,"name":"Lei que cria CNH gratuita para baixa renda vai \u00e0 Plen\u00e1rio na C\u00e2mara do Recife na pr\u00f3xima segunda (13)"}]},{"@type":"WebSite","@id":"https:\/\/afogadosfm.com.br\/afogadosfm\/#website","url":"https:\/\/afogadosfm.com.br\/afogadosfm\/","name":"Afogados FM","description":"Um site completo!","publisher":{"@id":"https:\/\/afogadosfm.com.br\/afogadosfm\/#organization"},"potentialAction":[{"@type":"SearchAction","target":{"@type":"EntryPoint","urlTemplate":"https:\/\/afogadosfm.com.br\/afogadosfm\/?s={search_term_string}"},"query-input":{"@type":"PropertyValueSpecification","valueRequired":true,"valueName":"search_term_string"}}],"inLanguage":"pt-BR"},{"@type":"Organization","@id":"https:\/\/afogadosfm.com.br\/afogadosfm\/#organization","name":"Afogados FM","url":"https:\/\/afogadosfm.com.br\/afogadosfm\/","logo":{"@type":"ImageObject","inLanguage":"pt-BR","@id":"https:\/\/afogadosfm.com.br\/afogadosfm\/#\/schema\/logo\/image\/","url":"https:\/\/i0.wp.com\/afogadosfm.com.br\/afogadosfm\/wp-content\/uploads\/2020\/06\/cropped-banner-afogados-4.jpg?fit=369%2C137&ssl=1","contentUrl":"https:\/\/i0.wp.com\/afogadosfm.com.br\/afogadosfm\/wp-content\/uploads\/2020\/06\/cropped-banner-afogados-4.jpg?fit=369%2C137&ssl=1","width":369,"height":137,"caption":"Afogados FM"},"image":{"@id":"https:\/\/afogadosfm.com.br\/afogadosfm\/#\/schema\/logo\/image\/"}},{"@type":"Person","@id":"https:\/\/afogadosfm.com.br\/afogadosfm\/#\/schema\/person\/60e56f2cf5dc960fc093fe093d9e9057","name":"afogadosfm","image":{"@type":"ImageObject","inLanguage":"pt-BR","@id":"https:\/\/secure.gravatar.com\/avatar\/e0359add7ed5dc3560906d861b52c6a8cf5c1e199d3a7dd85070998f49bd4701?s=96&d=mm&r=g","url":"https:\/\/secure.gravatar.com\/avatar\/e0359add7ed5dc3560906d861b52c6a8cf5c1e199d3a7dd85070998f49bd4701?s=96&d=mm&r=g","contentUrl":"https:\/\/secure.gravatar.com\/avatar\/e0359add7ed5dc3560906d861b52c6a8cf5c1e199d3a7dd85070998f49bd4701?s=96&d=mm&r=g","caption":"afogadosfm"},"url":"https:\/\/afogadosfm.com.br\/afogadosfm\/author\/afogadosfm\/"}]}},"jetpack_publicize_connections":[],"jetpack_featured_media_url":"https:\/\/i0.wp.com\/afogadosfm.com.br\/afogadosfm\/wp-content\/uploads\/2024\/02\/nova-cnh.jpg?fit=1100%2C659&ssl=1","jetpack-related-posts":[],"jetpack_sharing_enabled":true,"jetpack_likes_enabled":true,"_links":{"self":[{"href":"https:\/\/afogadosfm.com.br\/afogadosfm\/wp-json\/wp\/v2\/posts\/69767","targetHints":{"allow":["GET"]}}],"collection":[{"href":"https:\/\/afogadosfm.com.br\/afogadosfm\/wp-json\/wp\/v2\/posts"}],"about":[{"href":"https:\/\/afogadosfm.com.br\/afogadosfm\/wp-json\/wp\/v2\/types\/post"}],"author":[{"embeddable":true,"href":"https:\/\/afogadosfm.com.br\/afogadosfm\/wp-json\/wp\/v2\/users\/2"}],"replies":[{"embeddable":true,"href":"https:\/\/afogadosfm.com.br\/afogadosfm\/wp-json\/wp\/v2\/comments?post=69767"}],"version-history":[{"count":1,"href":"https:\/\/afogadosfm.com.br\/afogadosfm\/wp-json\/wp\/v2\/posts\/69767\/revisions"}],"predecessor-version":[{"id":69768,"href":"https:\/\/afogadosfm.com.br\/afogadosfm\/wp-json\/wp\/v2\/posts\/69767\/revisions\/69768"}],"wp:featuredmedia":[{"embeddable":true,"href":"https:\/\/afogadosfm.com.br\/afogadosfm\/wp-json\/wp\/v2\/media\/54362"}],"wp:attachment":[{"href":"https:\/\/afogadosfm.com.br\/afogadosfm\/wp-json\/wp\/v2\/media?parent=69767"}],"wp:term":[{"taxonomy":"category","embeddable":true,"href":"https:\/\/afogadosfm.com.br\/afogadosfm\/wp-json\/wp\/v2\/categories?post=69767"},{"taxonomy":"post_tag","embeddable":true,"href":"https:\/\/afogadosfm.com.br\/afogadosfm\/wp-json\/wp\/v2\/tags?post=69767"}],"curies":[{"name":"wp","href":"https:\/\/api.w.org\/{rel}","templated":true}]}}