{"id":69780,"date":"2025-10-13T05:46:37","date_gmt":"2025-10-13T08:46:37","guid":{"rendered":"https:\/\/afogadosfm.com.br\/afogadosfm\/?p=69780"},"modified":"2025-10-13T05:46:38","modified_gmt":"2025-10-13T08:46:38","slug":"raquel-lyra-viaja-em-missao-internacional-a-partir-desta-terca-feira-vice-priscila-krause-assume-o-governo","status":"publish","type":"post","link":"https:\/\/afogadosfm.com.br\/afogadosfm\/2025\/10\/13\/raquel-lyra-viaja-em-missao-internacional-a-partir-desta-terca-feira-vice-priscila-krause-assume-o-governo\/","title":{"rendered":"Raquel Lyra viaja em miss\u00e3o internacional a partir desta ter\u00e7a-feira, vice Priscila Krause assume o governo"},"content":{"rendered":"\n<p>A governadora Raquel Lyra vai encabe\u00e7ar uma miss\u00e3o internacional a partir desta ter\u00e7a-feira (14), passando o comando do estado para a vice-governadora Priscila Krause (PSD). Ela detalhou em entrevista \u00e0 imprensa como ser\u00e3o as agendas na Dinamarca e China.<\/p>\n\n\n\n<p>No primeiro pa\u00eds, Raquel estar\u00e1 acompanhada de auxiliares, al\u00e9m de representantes da Fiepe e Sudene, e vai discutir a atra\u00e7\u00e3o de investimentos para o Complexo Portu\u00e1rio de Suape. J\u00e1 no segundo pa\u00eds, a governadora visitar\u00e1 uma f\u00e1brica de vag\u00f5es em meio \u00e0 possibilidade do Estado assumir o Metr\u00f4 do Recife.<\/p>\n\n\n\n<p>Raquel Lyra refor\u00e7ou, apesar disso, que o metr\u00f4 permanece sob o comando da CBTU. O Governo do Estado tem a inten\u00e7\u00e3o de assumi-lo, caso a Uni\u00e3o realize os investimentos necess\u00e1rios para repassar o equipamento em bom estado.<\/p>\n\n\n\n<p>Ainda na China, a governadora pretende articular a compra de frutas do Vale do S\u00e3o Francisco para a China. Ela tamb\u00e9m deve participar de uma reuni\u00e3o no NBD, o banco do Brics, que tem Dilma Rousseff como presidente. A governadora pretende articular novos recursos para Pernambuco.<\/p>\n","protected":false},"excerpt":{"rendered":"<p>A governadora Raquel Lyra vai encabe\u00e7ar uma miss\u00e3o internacional a partir desta ter\u00e7a-feira (14), passando o comando do estado para<\/p>\n","protected":false},"author":2,"featured_media":41173,"comment_status":"open","ping_status":"open","sticky":false,"template":"","format":"standard","meta":{"jetpack_post_was_ever_published":false,"_jetpack_newsletter_access":"","_jetpack_dont_email_post_to_subs":false,"_jetpack_newsletter_tier_id":0,"_jetpack_memberships_contains_paywalled_content":false,"_jetpack_memberships_contains_paid_content":false,"footnotes":"","jetpack_publicize_message":"","jetpack_publicize_feature_enabled":true,"jetpack_social_post_already_shared":true,"jetpack_social_options":{"image_generator_settings":{"template":"highway","default_image_id":0,"font":"","enabled":false},"version":2}},"categories":[13],"tags":[],"class_list":["post-69780","post","type-post","status-publish","format-standard","has-post-thumbnail","hentry","category-pernambuco"],"yoast_head":"<!-- This site is optimized with the Yoast SEO plugin v27.5 - https:\/\/yoast.com\/product\/yoast-seo-wordpress\/ -->\n<title>Raquel Lyra viaja em miss\u00e3o internacional a partir desta ter\u00e7a-feira, vice Priscila Krause assume o governo - Afogados FM<\/title>\n<meta name=\"robots\" content=\"index, follow, max-snippet:-1, max-image-preview:large, max-video-preview:-1\" \/>\n<link rel=\"canonical\" href=\"https:\/\/afogadosfm.com.br\/afogadosfm\/2025\/10\/13\/raquel-lyra-viaja-em-missao-internacional-a-partir-desta-terca-feira-vice-priscila-krause-assume-o-governo\/\" \/>\n<meta property=\"og:locale\" content=\"pt_BR\" \/>\n<meta property=\"og:type\" content=\"article\" \/>\n<meta property=\"og:title\" content=\"Raquel Lyra viaja em miss\u00e3o internacional a partir desta ter\u00e7a-feira, vice Priscila Krause assume o governo - Afogados FM\" \/>\n<meta property=\"og:description\" content=\"A governadora Raquel Lyra vai encabe\u00e7ar uma miss\u00e3o internacional a partir desta ter\u00e7a-feira (14), passando o comando do estado para\" \/>\n<meta property=\"og:url\" content=\"https:\/\/afogadosfm.com.br\/afogadosfm\/2025\/10\/13\/raquel-lyra-viaja-em-missao-internacional-a-partir-desta-terca-feira-vice-priscila-krause-assume-o-governo\/\" \/>\n<meta property=\"og:site_name\" content=\"Afogados FM\" \/>\n<meta property=\"article:published_time\" content=\"2025-10-13T08:46:37+00:00\" \/>\n<meta property=\"article:modified_time\" content=\"2025-10-13T08:46:38+00:00\" \/>\n<meta property=\"og:image\" content=\"https:\/\/afogadosfm.com.br\/afogadosfm\/wp-content\/uploads\/2022\/09\/raquelllly.webp\" \/>\n\t<meta property=\"og:image:width\" content=\"1024\" \/>\n\t<meta property=\"og:image:height\" content=\"683\" \/>\n\t<meta property=\"og:image:type\" content=\"image\/webp\" \/>\n<meta name=\"author\" content=\"afogadosfm\" \/>\n<meta name=\"twitter:card\" content=\"summary_large_image\" \/>\n<meta name=\"twitter:label1\" content=\"Escrito por\" \/>\n\t<meta name=\"twitter:data1\" content=\"afogadosfm\" \/>\n\t<meta name=\"twitter:label2\" content=\"Est. tempo de leitura\" \/>\n\t<meta name=\"twitter:data2\" content=\"2 minutos\" \/>\n<script type=\"application\/ld+json\" class=\"yoast-schema-graph\">{\"@context\":\"https:\\\/\\\/schema.org\",\"@graph\":[{\"@type\":\"Article\",\"@id\":\"https:\\\/\\\/afogadosfm.com.br\\\/afogadosfm\\\/2025\\\/10\\\/13\\\/raquel-lyra-viaja-em-missao-internacional-a-partir-desta-terca-feira-vice-priscila-krause-assume-o-governo\\\/#article\",\"isPartOf\":{\"@id\":\"https:\\\/\\\/afogadosfm.com.br\\\/afogadosfm\\\/2025\\\/10\\\/13\\\/raquel-lyra-viaja-em-missao-internacional-a-partir-desta-terca-feira-vice-priscila-krause-assume-o-governo\\\/\"},\"author\":{\"name\":\"afogadosfm\",\"@id\":\"https:\\\/\\\/afogadosfm.com.br\\\/afogadosfm\\\/#\\\/schema\\\/person\\\/60e56f2cf5dc960fc093fe093d9e9057\"},\"headline\":\"Raquel Lyra viaja em miss\u00e3o internacional a partir desta ter\u00e7a-feira, vice Priscila Krause assume o governo\",\"datePublished\":\"2025-10-13T08:46:37+00:00\",\"dateModified\":\"2025-10-13T08:46:38+00:00\",\"mainEntityOfPage\":{\"@id\":\"https:\\\/\\\/afogadosfm.com.br\\\/afogadosfm\\\/2025\\\/10\\\/13\\\/raquel-lyra-viaja-em-missao-internacional-a-partir-desta-terca-feira-vice-priscila-krause-assume-o-governo\\\/\"},\"wordCount\":205,\"commentCount\":0,\"publisher\":{\"@id\":\"https:\\\/\\\/afogadosfm.com.br\\\/afogadosfm\\\/#organization\"},\"image\":{\"@id\":\"https:\\\/\\\/afogadosfm.com.br\\\/afogadosfm\\\/2025\\\/10\\\/13\\\/raquel-lyra-viaja-em-missao-internacional-a-partir-desta-terca-feira-vice-priscila-krause-assume-o-governo\\\/#primaryimage\"},\"thumbnailUrl\":\"https:\\\/\\\/i0.wp.com\\\/afogadosfm.com.br\\\/afogadosfm\\\/wp-content\\\/uploads\\\/2022\\\/09\\\/raquelllly.webp?fit=1024%2C683&ssl=1\",\"articleSection\":[\"Pernambuco\"],\"inLanguage\":\"pt-BR\",\"potentialAction\":[{\"@type\":\"CommentAction\",\"name\":\"Comment\",\"target\":[\"https:\\\/\\\/afogadosfm.com.br\\\/afogadosfm\\\/2025\\\/10\\\/13\\\/raquel-lyra-viaja-em-missao-internacional-a-partir-desta-terca-feira-vice-priscila-krause-assume-o-governo\\\/#respond\"]}]},{\"@type\":\"WebPage\",\"@id\":\"https:\\\/\\\/afogadosfm.com.br\\\/afogadosfm\\\/2025\\\/10\\\/13\\\/raquel-lyra-viaja-em-missao-internacional-a-partir-desta-terca-feira-vice-priscila-krause-assume-o-governo\\\/\",\"url\":\"https:\\\/\\\/afogadosfm.com.br\\\/afogadosfm\\\/2025\\\/10\\\/13\\\/raquel-lyra-viaja-em-missao-internacional-a-partir-desta-terca-feira-vice-priscila-krause-assume-o-governo\\\/\",\"name\":\"Raquel Lyra viaja em miss\u00e3o internacional a partir desta ter\u00e7a-feira, vice Priscila Krause assume o governo - Afogados FM\",\"isPartOf\":{\"@id\":\"https:\\\/\\\/afogadosfm.com.br\\\/afogadosfm\\\/#website\"},\"primaryImageOfPage\":{\"@id\":\"https:\\\/\\\/afogadosfm.com.br\\\/afogadosfm\\\/2025\\\/10\\\/13\\\/raquel-lyra-viaja-em-missao-internacional-a-partir-desta-terca-feira-vice-priscila-krause-assume-o-governo\\\/#primaryimage\"},\"image\":{\"@id\":\"https:\\\/\\\/afogadosfm.com.br\\\/afogadosfm\\\/2025\\\/10\\\/13\\\/raquel-lyra-viaja-em-missao-internacional-a-partir-desta-terca-feira-vice-priscila-krause-assume-o-governo\\\/#primaryimage\"},\"thumbnailUrl\":\"https:\\\/\\\/i0.wp.com\\\/afogadosfm.com.br\\\/afogadosfm\\\/wp-content\\\/uploads\\\/2022\\\/09\\\/raquelllly.webp?fit=1024%2C683&ssl=1\",\"datePublished\":\"2025-10-13T08:46:37+00:00\",\"dateModified\":\"2025-10-13T08:46:38+00:00\",\"breadcrumb\":{\"@id\":\"https:\\\/\\\/afogadosfm.com.br\\\/afogadosfm\\\/2025\\\/10\\\/13\\\/raquel-lyra-viaja-em-missao-internacional-a-partir-desta-terca-feira-vice-priscila-krause-assume-o-governo\\\/#breadcrumb\"},\"inLanguage\":\"pt-BR\",\"potentialAction\":[{\"@type\":\"ReadAction\",\"target\":[\"https:\\\/\\\/afogadosfm.com.br\\\/afogadosfm\\\/2025\\\/10\\\/13\\\/raquel-lyra-viaja-em-missao-internacional-a-partir-desta-terca-feira-vice-priscila-krause-assume-o-governo\\\/\"]}]},{\"@type\":\"ImageObject\",\"inLanguage\":\"pt-BR\",\"@id\":\"https:\\\/\\\/afogadosfm.com.br\\\/afogadosfm\\\/2025\\\/10\\\/13\\\/raquel-lyra-viaja-em-missao-internacional-a-partir-desta-terca-feira-vice-priscila-krause-assume-o-governo\\\/#primaryimage\",\"url\":\"https:\\\/\\\/i0.wp.com\\\/afogadosfm.com.br\\\/afogadosfm\\\/wp-content\\\/uploads\\\/2022\\\/09\\\/raquelllly.webp?fit=1024%2C683&ssl=1\",\"contentUrl\":\"https:\\\/\\\/i0.wp.com\\\/afogadosfm.com.br\\\/afogadosfm\\\/wp-content\\\/uploads\\\/2022\\\/09\\\/raquelllly.webp?fit=1024%2C683&ssl=1\",\"width\":1024,\"height\":683},{\"@type\":\"BreadcrumbList\",\"@id\":\"https:\\\/\\\/afogadosfm.com.br\\\/afogadosfm\\\/2025\\\/10\\\/13\\\/raquel-lyra-viaja-em-missao-internacional-a-partir-desta-terca-feira-vice-priscila-krause-assume-o-governo\\\/#breadcrumb\",\"itemListElement\":[{\"@type\":\"ListItem\",\"position\":1,\"name\":\"In\u00edcio\",\"item\":\"https:\\\/\\\/afogadosfm.com.br\\\/afogadosfm\\\/\"},{\"@type\":\"ListItem\",\"position\":2,\"name\":\"Raquel Lyra viaja em miss\u00e3o internacional a partir desta ter\u00e7a-feira, vice Priscila Krause assume o governo\"}]},{\"@type\":\"WebSite\",\"@id\":\"https:\\\/\\\/afogadosfm.com.br\\\/afogadosfm\\\/#website\",\"url\":\"https:\\\/\\\/afogadosfm.com.br\\\/afogadosfm\\\/\",\"name\":\"Afogados FM\",\"description\":\"Um site completo!\",\"publisher\":{\"@id\":\"https:\\\/\\\/afogadosfm.com.br\\\/afogadosfm\\\/#organization\"},\"potentialAction\":[{\"@type\":\"SearchAction\",\"target\":{\"@type\":\"EntryPoint\",\"urlTemplate\":\"https:\\\/\\\/afogadosfm.com.br\\\/afogadosfm\\\/?s={search_term_string}\"},\"query-input\":{\"@type\":\"PropertyValueSpecification\",\"valueRequired\":true,\"valueName\":\"search_term_string\"}}],\"inLanguage\":\"pt-BR\"},{\"@type\":\"Organization\",\"@id\":\"https:\\\/\\\/afogadosfm.com.br\\\/afogadosfm\\\/#organization\",\"name\":\"Afogados FM\",\"url\":\"https:\\\/\\\/afogadosfm.com.br\\\/afogadosfm\\\/\",\"logo\":{\"@type\":\"ImageObject\",\"inLanguage\":\"pt-BR\",\"@id\":\"https:\\\/\\\/afogadosfm.com.br\\\/afogadosfm\\\/#\\\/schema\\\/logo\\\/image\\\/\",\"url\":\"https:\\\/\\\/i0.wp.com\\\/afogadosfm.com.br\\\/afogadosfm\\\/wp-content\\\/uploads\\\/2020\\\/06\\\/cropped-banner-afogados-4.jpg?fit=369%2C137&ssl=1\",\"contentUrl\":\"https:\\\/\\\/i0.wp.com\\\/afogadosfm.com.br\\\/afogadosfm\\\/wp-content\\\/uploads\\\/2020\\\/06\\\/cropped-banner-afogados-4.jpg?fit=369%2C137&ssl=1\",\"width\":369,\"height\":137,\"caption\":\"Afogados FM\"},\"image\":{\"@id\":\"https:\\\/\\\/afogadosfm.com.br\\\/afogadosfm\\\/#\\\/schema\\\/logo\\\/image\\\/\"}},{\"@type\":\"Person\",\"@id\":\"https:\\\/\\\/afogadosfm.com.br\\\/afogadosfm\\\/#\\\/schema\\\/person\\\/60e56f2cf5dc960fc093fe093d9e9057\",\"name\":\"afogadosfm\",\"image\":{\"@type\":\"ImageObject\",\"inLanguage\":\"pt-BR\",\"@id\":\"https:\\\/\\\/secure.gravatar.com\\\/avatar\\\/e0359add7ed5dc3560906d861b52c6a8cf5c1e199d3a7dd85070998f49bd4701?s=96&d=mm&r=g\",\"url\":\"https:\\\/\\\/secure.gravatar.com\\\/avatar\\\/e0359add7ed5dc3560906d861b52c6a8cf5c1e199d3a7dd85070998f49bd4701?s=96&d=mm&r=g\",\"contentUrl\":\"https:\\\/\\\/secure.gravatar.com\\\/avatar\\\/e0359add7ed5dc3560906d861b52c6a8cf5c1e199d3a7dd85070998f49bd4701?s=96&d=mm&r=g\",\"caption\":\"afogadosfm\"},\"url\":\"https:\\\/\\\/afogadosfm.com.br\\\/afogadosfm\\\/author\\\/afogadosfm\\\/\"}]}<\/script>\n<!-- \/ Yoast SEO plugin. -->","yoast_head_json":{"title":"Raquel Lyra viaja em miss\u00e3o internacional a partir desta ter\u00e7a-feira, vice Priscila Krause assume o governo - Afogados FM","robots":{"index":"index","follow":"follow","max-snippet":"max-snippet:-1","max-image-preview":"max-image-preview:large","max-video-preview":"max-video-preview:-1"},"canonical":"https:\/\/afogadosfm.com.br\/afogadosfm\/2025\/10\/13\/raquel-lyra-viaja-em-missao-internacional-a-partir-desta-terca-feira-vice-priscila-krause-assume-o-governo\/","og_locale":"pt_BR","og_type":"article","og_title":"Raquel Lyra viaja em miss\u00e3o internacional a partir desta ter\u00e7a-feira, vice Priscila Krause assume o governo - Afogados FM","og_description":"A governadora Raquel Lyra vai encabe\u00e7ar uma miss\u00e3o internacional a partir desta ter\u00e7a-feira (14), passando o comando do estado para","og_url":"https:\/\/afogadosfm.com.br\/afogadosfm\/2025\/10\/13\/raquel-lyra-viaja-em-missao-internacional-a-partir-desta-terca-feira-vice-priscila-krause-assume-o-governo\/","og_site_name":"Afogados FM","article_published_time":"2025-10-13T08:46:37+00:00","article_modified_time":"2025-10-13T08:46:38+00:00","og_image":[{"width":1024,"height":683,"url":"https:\/\/afogadosfm.com.br\/afogadosfm\/wp-content\/uploads\/2022\/09\/raquelllly.webp","type":"image\/webp"}],"author":"afogadosfm","twitter_card":"summary_large_image","twitter_misc":{"Escrito por":"afogadosfm","Est. tempo de leitura":"2 minutos"},"schema":{"@context":"https:\/\/schema.org","@graph":[{"@type":"Article","@id":"https:\/\/afogadosfm.com.br\/afogadosfm\/2025\/10\/13\/raquel-lyra-viaja-em-missao-internacional-a-partir-desta-terca-feira-vice-priscila-krause-assume-o-governo\/#article","isPartOf":{"@id":"https:\/\/afogadosfm.com.br\/afogadosfm\/2025\/10\/13\/raquel-lyra-viaja-em-missao-internacional-a-partir-desta-terca-feira-vice-priscila-krause-assume-o-governo\/"},"author":{"name":"afogadosfm","@id":"https:\/\/afogadosfm.com.br\/afogadosfm\/#\/schema\/person\/60e56f2cf5dc960fc093fe093d9e9057"},"headline":"Raquel Lyra viaja em miss\u00e3o internacional a partir desta ter\u00e7a-feira, vice Priscila Krause assume o governo","datePublished":"2025-10-13T08:46:37+00:00","dateModified":"2025-10-13T08:46:38+00:00","mainEntityOfPage":{"@id":"https:\/\/afogadosfm.com.br\/afogadosfm\/2025\/10\/13\/raquel-lyra-viaja-em-missao-internacional-a-partir-desta-terca-feira-vice-priscila-krause-assume-o-governo\/"},"wordCount":205,"commentCount":0,"publisher":{"@id":"https:\/\/afogadosfm.com.br\/afogadosfm\/#organization"},"image":{"@id":"https:\/\/afogadosfm.com.br\/afogadosfm\/2025\/10\/13\/raquel-lyra-viaja-em-missao-internacional-a-partir-desta-terca-feira-vice-priscila-krause-assume-o-governo\/#primaryimage"},"thumbnailUrl":"https:\/\/i0.wp.com\/afogadosfm.com.br\/afogadosfm\/wp-content\/uploads\/2022\/09\/raquelllly.webp?fit=1024%2C683&ssl=1","articleSection":["Pernambuco"],"inLanguage":"pt-BR","potentialAction":[{"@type":"CommentAction","name":"Comment","target":["https:\/\/afogadosfm.com.br\/afogadosfm\/2025\/10\/13\/raquel-lyra-viaja-em-missao-internacional-a-partir-desta-terca-feira-vice-priscila-krause-assume-o-governo\/#respond"]}]},{"@type":"WebPage","@id":"https:\/\/afogadosfm.com.br\/afogadosfm\/2025\/10\/13\/raquel-lyra-viaja-em-missao-internacional-a-partir-desta-terca-feira-vice-priscila-krause-assume-o-governo\/","url":"https:\/\/afogadosfm.com.br\/afogadosfm\/2025\/10\/13\/raquel-lyra-viaja-em-missao-internacional-a-partir-desta-terca-feira-vice-priscila-krause-assume-o-governo\/","name":"Raquel Lyra viaja em miss\u00e3o internacional a partir desta ter\u00e7a-feira, vice Priscila Krause assume o governo - Afogados FM","isPartOf":{"@id":"https:\/\/afogadosfm.com.br\/afogadosfm\/#website"},"primaryImageOfPage":{"@id":"https:\/\/afogadosfm.com.br\/afogadosfm\/2025\/10\/13\/raquel-lyra-viaja-em-missao-internacional-a-partir-desta-terca-feira-vice-priscila-krause-assume-o-governo\/#primaryimage"},"image":{"@id":"https:\/\/afogadosfm.com.br\/afogadosfm\/2025\/10\/13\/raquel-lyra-viaja-em-missao-internacional-a-partir-desta-terca-feira-vice-priscila-krause-assume-o-governo\/#primaryimage"},"thumbnailUrl":"https:\/\/i0.wp.com\/afogadosfm.com.br\/afogadosfm\/wp-content\/uploads\/2022\/09\/raquelllly.webp?fit=1024%2C683&ssl=1","datePublished":"2025-10-13T08:46:37+00:00","dateModified":"2025-10-13T08:46:38+00:00","breadcrumb":{"@id":"https:\/\/afogadosfm.com.br\/afogadosfm\/2025\/10\/13\/raquel-lyra-viaja-em-missao-internacional-a-partir-desta-terca-feira-vice-priscila-krause-assume-o-governo\/#breadcrumb"},"inLanguage":"pt-BR","potentialAction":[{"@type":"ReadAction","target":["https:\/\/afogadosfm.com.br\/afogadosfm\/2025\/10\/13\/raquel-lyra-viaja-em-missao-internacional-a-partir-desta-terca-feira-vice-priscila-krause-assume-o-governo\/"]}]},{"@type":"ImageObject","inLanguage":"pt-BR","@id":"https:\/\/afogadosfm.com.br\/afogadosfm\/2025\/10\/13\/raquel-lyra-viaja-em-missao-internacional-a-partir-desta-terca-feira-vice-priscila-krause-assume-o-governo\/#primaryimage","url":"https:\/\/i0.wp.com\/afogadosfm.com.br\/afogadosfm\/wp-content\/uploads\/2022\/09\/raquelllly.webp?fit=1024%2C683&ssl=1","contentUrl":"https:\/\/i0.wp.com\/afogadosfm.com.br\/afogadosfm\/wp-content\/uploads\/2022\/09\/raquelllly.webp?fit=1024%2C683&ssl=1","width":1024,"height":683},{"@type":"BreadcrumbList","@id":"https:\/\/afogadosfm.com.br\/afogadosfm\/2025\/10\/13\/raquel-lyra-viaja-em-missao-internacional-a-partir-desta-terca-feira-vice-priscila-krause-assume-o-governo\/#breadcrumb","itemListElement":[{"@type":"ListItem","position":1,"name":"In\u00edcio","item":"https:\/\/afogadosfm.com.br\/afogadosfm\/"},{"@type":"ListItem","position":2,"name":"Raquel Lyra viaja em miss\u00e3o internacional a partir desta ter\u00e7a-feira, vice Priscila Krause assume o governo"}]},{"@type":"WebSite","@id":"https:\/\/afogadosfm.com.br\/afogadosfm\/#website","url":"https:\/\/afogadosfm.com.br\/afogadosfm\/","name":"Afogados FM","description":"Um site completo!","publisher":{"@id":"https:\/\/afogadosfm.com.br\/afogadosfm\/#organization"},"potentialAction":[{"@type":"SearchAction","target":{"@type":"EntryPoint","urlTemplate":"https:\/\/afogadosfm.com.br\/afogadosfm\/?s={search_term_string}"},"query-input":{"@type":"PropertyValueSpecification","valueRequired":true,"valueName":"search_term_string"}}],"inLanguage":"pt-BR"},{"@type":"Organization","@id":"https:\/\/afogadosfm.com.br\/afogadosfm\/#organization","name":"Afogados FM","url":"https:\/\/afogadosfm.com.br\/afogadosfm\/","logo":{"@type":"ImageObject","inLanguage":"pt-BR","@id":"https:\/\/afogadosfm.com.br\/afogadosfm\/#\/schema\/logo\/image\/","url":"https:\/\/i0.wp.com\/afogadosfm.com.br\/afogadosfm\/wp-content\/uploads\/2020\/06\/cropped-banner-afogados-4.jpg?fit=369%2C137&ssl=1","contentUrl":"https:\/\/i0.wp.com\/afogadosfm.com.br\/afogadosfm\/wp-content\/uploads\/2020\/06\/cropped-banner-afogados-4.jpg?fit=369%2C137&ssl=1","width":369,"height":137,"caption":"Afogados FM"},"image":{"@id":"https:\/\/afogadosfm.com.br\/afogadosfm\/#\/schema\/logo\/image\/"}},{"@type":"Person","@id":"https:\/\/afogadosfm.com.br\/afogadosfm\/#\/schema\/person\/60e56f2cf5dc960fc093fe093d9e9057","name":"afogadosfm","image":{"@type":"ImageObject","inLanguage":"pt-BR","@id":"https:\/\/secure.gravatar.com\/avatar\/e0359add7ed5dc3560906d861b52c6a8cf5c1e199d3a7dd85070998f49bd4701?s=96&d=mm&r=g","url":"https:\/\/secure.gravatar.com\/avatar\/e0359add7ed5dc3560906d861b52c6a8cf5c1e199d3a7dd85070998f49bd4701?s=96&d=mm&r=g","contentUrl":"https:\/\/secure.gravatar.com\/avatar\/e0359add7ed5dc3560906d861b52c6a8cf5c1e199d3a7dd85070998f49bd4701?s=96&d=mm&r=g","caption":"afogadosfm"},"url":"https:\/\/afogadosfm.com.br\/afogadosfm\/author\/afogadosfm\/"}]}},"jetpack_publicize_connections":[],"jetpack_featured_media_url":"https:\/\/i0.wp.com\/afogadosfm.com.br\/afogadosfm\/wp-content\/uploads\/2022\/09\/raquelllly.webp?fit=1024%2C683&ssl=1","jetpack-related-posts":[],"jetpack_sharing_enabled":true,"jetpack_likes_enabled":true,"_links":{"self":[{"href":"https:\/\/afogadosfm.com.br\/afogadosfm\/wp-json\/wp\/v2\/posts\/69780","targetHints":{"allow":["GET"]}}],"collection":[{"href":"https:\/\/afogadosfm.com.br\/afogadosfm\/wp-json\/wp\/v2\/posts"}],"about":[{"href":"https:\/\/afogadosfm.com.br\/afogadosfm\/wp-json\/wp\/v2\/types\/post"}],"author":[{"embeddable":true,"href":"https:\/\/afogadosfm.com.br\/afogadosfm\/wp-json\/wp\/v2\/users\/2"}],"replies":[{"embeddable":true,"href":"https:\/\/afogadosfm.com.br\/afogadosfm\/wp-json\/wp\/v2\/comments?post=69780"}],"version-history":[{"count":1,"href":"https:\/\/afogadosfm.com.br\/afogadosfm\/wp-json\/wp\/v2\/posts\/69780\/revisions"}],"predecessor-version":[{"id":69781,"href":"https:\/\/afogadosfm.com.br\/afogadosfm\/wp-json\/wp\/v2\/posts\/69780\/revisions\/69781"}],"wp:featuredmedia":[{"embeddable":true,"href":"https:\/\/afogadosfm.com.br\/afogadosfm\/wp-json\/wp\/v2\/media\/41173"}],"wp:attachment":[{"href":"https:\/\/afogadosfm.com.br\/afogadosfm\/wp-json\/wp\/v2\/media?parent=69780"}],"wp:term":[{"taxonomy":"category","embeddable":true,"href":"https:\/\/afogadosfm.com.br\/afogadosfm\/wp-json\/wp\/v2\/categories?post=69780"},{"taxonomy":"post_tag","embeddable":true,"href":"https:\/\/afogadosfm.com.br\/afogadosfm\/wp-json\/wp\/v2\/tags?post=69780"}],"curies":[{"name":"wp","href":"https:\/\/api.w.org\/{rel}","templated":true}]}}