{"id":69790,"date":"2025-10-13T06:21:33","date_gmt":"2025-10-13T09:21:33","guid":{"rendered":"https:\/\/afogadosfm.com.br\/afogadosfm\/?p=69790"},"modified":"2025-10-13T06:21:34","modified_gmt":"2025-10-13T09:21:34","slug":"apos-mais-um-chute-na-canela-da-governadora-dado-pela-casa-civil-presidente-do-avante-manda-recado","status":"publish","type":"post","link":"https:\/\/afogadosfm.com.br\/afogadosfm\/2025\/10\/13\/apos-mais-um-chute-na-canela-da-governadora-dado-pela-casa-civil-presidente-do-avante-manda-recado\/","title":{"rendered":"Ap\u00f3s mais um chute na canela da governadora dado pela Casa Civil, presidente do Avante manda recado"},"content":{"rendered":"\n<p>O clima na base governista de Pernambuco esquentou e o fogo veio de dentro. O epis\u00f3dio recente que envolveu a Casa Civil do Estado, o deputado federal Waldemar Oliveira (Avante) e a movimenta\u00e7\u00e3o pol\u00edtica da deputada Juliana de Chaparral (UB) acendeu o estopim de uma crise silenciosa, mas perigosa, entre o grupo Oliveira e o Pal\u00e1cio do Campo das Princesas.<\/p>\n\n\n\n<p>Tudo come\u00e7ou quando a Casa Civil, em mais uma articula\u00e7\u00e3o atravessada, teria operado para garantir o apoio do prefeito Z\u00e9 Martins (PSD) de Jo\u00e3o Alfredo, ao projeto de Juliana de Chaparral, pr\u00e9-candidata \u00e0 C\u00e2mara Federal.<\/p>\n\n\n\n<p>A jogada foi uma rasteira em Waldemar Oliveira, que contabilizava mais de 5 mil votos no munic\u00edpio e esperava fidelidade pol\u00edtica do gestor.<\/p>\n\n\n\n<p>Nos bastidores, o movimento causou irrita\u00e7\u00e3o no Avante, e Waldemar n\u00e3o escondeu a insatisfa\u00e7\u00e3o com a Casa Civil, embora tenha feito quest\u00e3o de isentar a governadora Raquel Lyra de qualquer responsabilidade direta no epis\u00f3dio.<\/p>\n\n\n\n<p>Enquanto Waldemar buscava conter o estrago pol\u00edtico, Sebasti\u00e3o Oliveira, presidente estadual do partido, neste domingo (12), mandou um recado direto e no seu melhor estilo.<\/p>\n\n\n\n<p>Publicou um v\u00eddeo no Instagram literalmente \u201ccom a faca nos dentes\u201d, cantando um trecho da m\u00fasica \u201cSol\u201d, de Jota Quest:<\/p>\n\n\n\n<p>\u201cSe quiser saber pra onde eu vou\u2026 pra onde tenha sol, \u00e9 pra l\u00e1 que eu vou.\u201d<\/p>\n\n\n\n<p>O gesto simb\u00f3lico caiu como uma bomba nos bastidores.<\/p>\n\n\n\n<p>Para aliados, foi um recado cifrado, mas com endere\u00e7o certo: o Pal\u00e1cio. Sebasti\u00e3o, mostrou que n\u00e3o est\u00e1 disposto a engolir calado os erros da Casa Civil, e que sabe acender o fogo na medida certa quando se sente provocado.<\/p>\n\n\n\n<p>O gesto acendeu o alerta: se antes j\u00e1 se falava na aus\u00eancia de aproxima\u00e7\u00e3o entre Sebasti\u00e3o e Raquel Lyra, agora a m\u00fasica virou trilha sonora da crise. O v\u00eddeo ganhou repercuss\u00e3o justamente por traduzir o sentimento de parte da base, insatisfa\u00e7\u00e3o com a Casa Civil e falta de sintonia pol\u00edtica com o Sert\u00e3o.<\/p>\n","protected":false},"excerpt":{"rendered":"<p>O clima na base governista de Pernambuco esquentou e o fogo veio de dentro. O epis\u00f3dio recente que envolveu a<\/p>\n","protected":false},"author":2,"featured_media":69791,"comment_status":"open","ping_status":"open","sticky":false,"template":"","format":"standard","meta":{"jetpack_post_was_ever_published":false,"_jetpack_newsletter_access":"","_jetpack_dont_email_post_to_subs":false,"_jetpack_newsletter_tier_id":0,"_jetpack_memberships_contains_paywalled_content":false,"_jetpack_memberships_contains_paid_content":false,"footnotes":"","jetpack_publicize_message":"","jetpack_publicize_feature_enabled":true,"jetpack_social_post_already_shared":true,"jetpack_social_options":{"image_generator_settings":{"template":"highway","default_image_id":0,"font":"","enabled":false},"version":2}},"categories":[35],"tags":[],"class_list":["post-69790","post","type-post","status-publish","format-standard","has-post-thumbnail","hentry","category-politica"],"yoast_head":"<!-- This site is optimized with the Yoast SEO plugin v27.5 - https:\/\/yoast.com\/product\/yoast-seo-wordpress\/ -->\n<title>Ap\u00f3s mais um chute na canela da governadora dado pela Casa Civil, presidente do Avante manda recado - Afogados FM<\/title>\n<meta name=\"robots\" content=\"index, follow, max-snippet:-1, max-image-preview:large, max-video-preview:-1\" \/>\n<link rel=\"canonical\" href=\"https:\/\/afogadosfm.com.br\/afogadosfm\/2025\/10\/13\/apos-mais-um-chute-na-canela-da-governadora-dado-pela-casa-civil-presidente-do-avante-manda-recado\/\" \/>\n<meta property=\"og:locale\" content=\"pt_BR\" \/>\n<meta property=\"og:type\" content=\"article\" \/>\n<meta property=\"og:title\" content=\"Ap\u00f3s mais um chute na canela da governadora dado pela Casa Civil, presidente do Avante manda recado - Afogados FM\" \/>\n<meta property=\"og:description\" content=\"O clima na base governista de Pernambuco esquentou e o fogo veio de dentro. O epis\u00f3dio recente que envolveu a\" \/>\n<meta property=\"og:url\" content=\"https:\/\/afogadosfm.com.br\/afogadosfm\/2025\/10\/13\/apos-mais-um-chute-na-canela-da-governadora-dado-pela-casa-civil-presidente-do-avante-manda-recado\/\" \/>\n<meta property=\"og:site_name\" content=\"Afogados FM\" \/>\n<meta property=\"article:published_time\" content=\"2025-10-13T09:21:33+00:00\" \/>\n<meta property=\"article:modified_time\" content=\"2025-10-13T09:21:34+00:00\" \/>\n<meta property=\"og:image\" content=\"https:\/\/afogadosfm.com.br\/afogadosfm\/wp-content\/uploads\/2025\/10\/sebastiao.jpg\" \/>\n\t<meta property=\"og:image:width\" content=\"1284\" \/>\n\t<meta property=\"og:image:height\" content=\"1147\" \/>\n\t<meta property=\"og:image:type\" content=\"image\/jpeg\" \/>\n<meta name=\"author\" content=\"afogadosfm\" \/>\n<meta name=\"twitter:card\" content=\"summary_large_image\" \/>\n<meta name=\"twitter:label1\" content=\"Escrito por\" \/>\n\t<meta name=\"twitter:data1\" content=\"afogadosfm\" \/>\n\t<meta name=\"twitter:label2\" content=\"Est. tempo de leitura\" \/>\n\t<meta name=\"twitter:data2\" content=\"2 minutos\" \/>\n<script type=\"application\/ld+json\" class=\"yoast-schema-graph\">{\"@context\":\"https:\\\/\\\/schema.org\",\"@graph\":[{\"@type\":\"Article\",\"@id\":\"https:\\\/\\\/afogadosfm.com.br\\\/afogadosfm\\\/2025\\\/10\\\/13\\\/apos-mais-um-chute-na-canela-da-governadora-dado-pela-casa-civil-presidente-do-avante-manda-recado\\\/#article\",\"isPartOf\":{\"@id\":\"https:\\\/\\\/afogadosfm.com.br\\\/afogadosfm\\\/2025\\\/10\\\/13\\\/apos-mais-um-chute-na-canela-da-governadora-dado-pela-casa-civil-presidente-do-avante-manda-recado\\\/\"},\"author\":{\"name\":\"afogadosfm\",\"@id\":\"https:\\\/\\\/afogadosfm.com.br\\\/afogadosfm\\\/#\\\/schema\\\/person\\\/60e56f2cf5dc960fc093fe093d9e9057\"},\"headline\":\"Ap\u00f3s mais um chute na canela da governadora dado pela Casa Civil, presidente do Avante manda recado\",\"datePublished\":\"2025-10-13T09:21:33+00:00\",\"dateModified\":\"2025-10-13T09:21:34+00:00\",\"mainEntityOfPage\":{\"@id\":\"https:\\\/\\\/afogadosfm.com.br\\\/afogadosfm\\\/2025\\\/10\\\/13\\\/apos-mais-um-chute-na-canela-da-governadora-dado-pela-casa-civil-presidente-do-avante-manda-recado\\\/\"},\"wordCount\":363,\"commentCount\":0,\"publisher\":{\"@id\":\"https:\\\/\\\/afogadosfm.com.br\\\/afogadosfm\\\/#organization\"},\"image\":{\"@id\":\"https:\\\/\\\/afogadosfm.com.br\\\/afogadosfm\\\/2025\\\/10\\\/13\\\/apos-mais-um-chute-na-canela-da-governadora-dado-pela-casa-civil-presidente-do-avante-manda-recado\\\/#primaryimage\"},\"thumbnailUrl\":\"https:\\\/\\\/i0.wp.com\\\/afogadosfm.com.br\\\/afogadosfm\\\/wp-content\\\/uploads\\\/2025\\\/10\\\/sebastiao.jpg?fit=1284%2C1147&ssl=1\",\"articleSection\":[\"Pol\u00edtica\"],\"inLanguage\":\"pt-BR\",\"potentialAction\":[{\"@type\":\"CommentAction\",\"name\":\"Comment\",\"target\":[\"https:\\\/\\\/afogadosfm.com.br\\\/afogadosfm\\\/2025\\\/10\\\/13\\\/apos-mais-um-chute-na-canela-da-governadora-dado-pela-casa-civil-presidente-do-avante-manda-recado\\\/#respond\"]}]},{\"@type\":\"WebPage\",\"@id\":\"https:\\\/\\\/afogadosfm.com.br\\\/afogadosfm\\\/2025\\\/10\\\/13\\\/apos-mais-um-chute-na-canela-da-governadora-dado-pela-casa-civil-presidente-do-avante-manda-recado\\\/\",\"url\":\"https:\\\/\\\/afogadosfm.com.br\\\/afogadosfm\\\/2025\\\/10\\\/13\\\/apos-mais-um-chute-na-canela-da-governadora-dado-pela-casa-civil-presidente-do-avante-manda-recado\\\/\",\"name\":\"Ap\u00f3s mais um chute na canela da governadora dado pela Casa Civil, presidente do Avante manda recado - Afogados FM\",\"isPartOf\":{\"@id\":\"https:\\\/\\\/afogadosfm.com.br\\\/afogadosfm\\\/#website\"},\"primaryImageOfPage\":{\"@id\":\"https:\\\/\\\/afogadosfm.com.br\\\/afogadosfm\\\/2025\\\/10\\\/13\\\/apos-mais-um-chute-na-canela-da-governadora-dado-pela-casa-civil-presidente-do-avante-manda-recado\\\/#primaryimage\"},\"image\":{\"@id\":\"https:\\\/\\\/afogadosfm.com.br\\\/afogadosfm\\\/2025\\\/10\\\/13\\\/apos-mais-um-chute-na-canela-da-governadora-dado-pela-casa-civil-presidente-do-avante-manda-recado\\\/#primaryimage\"},\"thumbnailUrl\":\"https:\\\/\\\/i0.wp.com\\\/afogadosfm.com.br\\\/afogadosfm\\\/wp-content\\\/uploads\\\/2025\\\/10\\\/sebastiao.jpg?fit=1284%2C1147&ssl=1\",\"datePublished\":\"2025-10-13T09:21:33+00:00\",\"dateModified\":\"2025-10-13T09:21:34+00:00\",\"breadcrumb\":{\"@id\":\"https:\\\/\\\/afogadosfm.com.br\\\/afogadosfm\\\/2025\\\/10\\\/13\\\/apos-mais-um-chute-na-canela-da-governadora-dado-pela-casa-civil-presidente-do-avante-manda-recado\\\/#breadcrumb\"},\"inLanguage\":\"pt-BR\",\"potentialAction\":[{\"@type\":\"ReadAction\",\"target\":[\"https:\\\/\\\/afogadosfm.com.br\\\/afogadosfm\\\/2025\\\/10\\\/13\\\/apos-mais-um-chute-na-canela-da-governadora-dado-pela-casa-civil-presidente-do-avante-manda-recado\\\/\"]}]},{\"@type\":\"ImageObject\",\"inLanguage\":\"pt-BR\",\"@id\":\"https:\\\/\\\/afogadosfm.com.br\\\/afogadosfm\\\/2025\\\/10\\\/13\\\/apos-mais-um-chute-na-canela-da-governadora-dado-pela-casa-civil-presidente-do-avante-manda-recado\\\/#primaryimage\",\"url\":\"https:\\\/\\\/i0.wp.com\\\/afogadosfm.com.br\\\/afogadosfm\\\/wp-content\\\/uploads\\\/2025\\\/10\\\/sebastiao.jpg?fit=1284%2C1147&ssl=1\",\"contentUrl\":\"https:\\\/\\\/i0.wp.com\\\/afogadosfm.com.br\\\/afogadosfm\\\/wp-content\\\/uploads\\\/2025\\\/10\\\/sebastiao.jpg?fit=1284%2C1147&ssl=1\",\"width\":1284,\"height\":1147},{\"@type\":\"BreadcrumbList\",\"@id\":\"https:\\\/\\\/afogadosfm.com.br\\\/afogadosfm\\\/2025\\\/10\\\/13\\\/apos-mais-um-chute-na-canela-da-governadora-dado-pela-casa-civil-presidente-do-avante-manda-recado\\\/#breadcrumb\",\"itemListElement\":[{\"@type\":\"ListItem\",\"position\":1,\"name\":\"In\u00edcio\",\"item\":\"https:\\\/\\\/afogadosfm.com.br\\\/afogadosfm\\\/\"},{\"@type\":\"ListItem\",\"position\":2,\"name\":\"Ap\u00f3s mais um chute na canela da governadora dado pela Casa Civil, presidente do Avante manda recado\"}]},{\"@type\":\"WebSite\",\"@id\":\"https:\\\/\\\/afogadosfm.com.br\\\/afogadosfm\\\/#website\",\"url\":\"https:\\\/\\\/afogadosfm.com.br\\\/afogadosfm\\\/\",\"name\":\"Afogados FM\",\"description\":\"Um site completo!\",\"publisher\":{\"@id\":\"https:\\\/\\\/afogadosfm.com.br\\\/afogadosfm\\\/#organization\"},\"potentialAction\":[{\"@type\":\"SearchAction\",\"target\":{\"@type\":\"EntryPoint\",\"urlTemplate\":\"https:\\\/\\\/afogadosfm.com.br\\\/afogadosfm\\\/?s={search_term_string}\"},\"query-input\":{\"@type\":\"PropertyValueSpecification\",\"valueRequired\":true,\"valueName\":\"search_term_string\"}}],\"inLanguage\":\"pt-BR\"},{\"@type\":\"Organization\",\"@id\":\"https:\\\/\\\/afogadosfm.com.br\\\/afogadosfm\\\/#organization\",\"name\":\"Afogados FM\",\"url\":\"https:\\\/\\\/afogadosfm.com.br\\\/afogadosfm\\\/\",\"logo\":{\"@type\":\"ImageObject\",\"inLanguage\":\"pt-BR\",\"@id\":\"https:\\\/\\\/afogadosfm.com.br\\\/afogadosfm\\\/#\\\/schema\\\/logo\\\/image\\\/\",\"url\":\"https:\\\/\\\/i0.wp.com\\\/afogadosfm.com.br\\\/afogadosfm\\\/wp-content\\\/uploads\\\/2020\\\/06\\\/cropped-banner-afogados-4.jpg?fit=369%2C137&ssl=1\",\"contentUrl\":\"https:\\\/\\\/i0.wp.com\\\/afogadosfm.com.br\\\/afogadosfm\\\/wp-content\\\/uploads\\\/2020\\\/06\\\/cropped-banner-afogados-4.jpg?fit=369%2C137&ssl=1\",\"width\":369,\"height\":137,\"caption\":\"Afogados FM\"},\"image\":{\"@id\":\"https:\\\/\\\/afogadosfm.com.br\\\/afogadosfm\\\/#\\\/schema\\\/logo\\\/image\\\/\"}},{\"@type\":\"Person\",\"@id\":\"https:\\\/\\\/afogadosfm.com.br\\\/afogadosfm\\\/#\\\/schema\\\/person\\\/60e56f2cf5dc960fc093fe093d9e9057\",\"name\":\"afogadosfm\",\"image\":{\"@type\":\"ImageObject\",\"inLanguage\":\"pt-BR\",\"@id\":\"https:\\\/\\\/secure.gravatar.com\\\/avatar\\\/e0359add7ed5dc3560906d861b52c6a8cf5c1e199d3a7dd85070998f49bd4701?s=96&d=mm&r=g\",\"url\":\"https:\\\/\\\/secure.gravatar.com\\\/avatar\\\/e0359add7ed5dc3560906d861b52c6a8cf5c1e199d3a7dd85070998f49bd4701?s=96&d=mm&r=g\",\"contentUrl\":\"https:\\\/\\\/secure.gravatar.com\\\/avatar\\\/e0359add7ed5dc3560906d861b52c6a8cf5c1e199d3a7dd85070998f49bd4701?s=96&d=mm&r=g\",\"caption\":\"afogadosfm\"},\"url\":\"https:\\\/\\\/afogadosfm.com.br\\\/afogadosfm\\\/author\\\/afogadosfm\\\/\"}]}<\/script>\n<!-- \/ Yoast SEO plugin. -->","yoast_head_json":{"title":"Ap\u00f3s mais um chute na canela da governadora dado pela Casa Civil, presidente do Avante manda recado - Afogados FM","robots":{"index":"index","follow":"follow","max-snippet":"max-snippet:-1","max-image-preview":"max-image-preview:large","max-video-preview":"max-video-preview:-1"},"canonical":"https:\/\/afogadosfm.com.br\/afogadosfm\/2025\/10\/13\/apos-mais-um-chute-na-canela-da-governadora-dado-pela-casa-civil-presidente-do-avante-manda-recado\/","og_locale":"pt_BR","og_type":"article","og_title":"Ap\u00f3s mais um chute na canela da governadora dado pela Casa Civil, presidente do Avante manda recado - Afogados FM","og_description":"O clima na base governista de Pernambuco esquentou e o fogo veio de dentro. O epis\u00f3dio recente que envolveu a","og_url":"https:\/\/afogadosfm.com.br\/afogadosfm\/2025\/10\/13\/apos-mais-um-chute-na-canela-da-governadora-dado-pela-casa-civil-presidente-do-avante-manda-recado\/","og_site_name":"Afogados FM","article_published_time":"2025-10-13T09:21:33+00:00","article_modified_time":"2025-10-13T09:21:34+00:00","og_image":[{"width":1284,"height":1147,"url":"https:\/\/afogadosfm.com.br\/afogadosfm\/wp-content\/uploads\/2025\/10\/sebastiao.jpg","type":"image\/jpeg"}],"author":"afogadosfm","twitter_card":"summary_large_image","twitter_misc":{"Escrito por":"afogadosfm","Est. tempo de leitura":"2 minutos"},"schema":{"@context":"https:\/\/schema.org","@graph":[{"@type":"Article","@id":"https:\/\/afogadosfm.com.br\/afogadosfm\/2025\/10\/13\/apos-mais-um-chute-na-canela-da-governadora-dado-pela-casa-civil-presidente-do-avante-manda-recado\/#article","isPartOf":{"@id":"https:\/\/afogadosfm.com.br\/afogadosfm\/2025\/10\/13\/apos-mais-um-chute-na-canela-da-governadora-dado-pela-casa-civil-presidente-do-avante-manda-recado\/"},"author":{"name":"afogadosfm","@id":"https:\/\/afogadosfm.com.br\/afogadosfm\/#\/schema\/person\/60e56f2cf5dc960fc093fe093d9e9057"},"headline":"Ap\u00f3s mais um chute na canela da governadora dado pela Casa Civil, presidente do Avante manda recado","datePublished":"2025-10-13T09:21:33+00:00","dateModified":"2025-10-13T09:21:34+00:00","mainEntityOfPage":{"@id":"https:\/\/afogadosfm.com.br\/afogadosfm\/2025\/10\/13\/apos-mais-um-chute-na-canela-da-governadora-dado-pela-casa-civil-presidente-do-avante-manda-recado\/"},"wordCount":363,"commentCount":0,"publisher":{"@id":"https:\/\/afogadosfm.com.br\/afogadosfm\/#organization"},"image":{"@id":"https:\/\/afogadosfm.com.br\/afogadosfm\/2025\/10\/13\/apos-mais-um-chute-na-canela-da-governadora-dado-pela-casa-civil-presidente-do-avante-manda-recado\/#primaryimage"},"thumbnailUrl":"https:\/\/i0.wp.com\/afogadosfm.com.br\/afogadosfm\/wp-content\/uploads\/2025\/10\/sebastiao.jpg?fit=1284%2C1147&ssl=1","articleSection":["Pol\u00edtica"],"inLanguage":"pt-BR","potentialAction":[{"@type":"CommentAction","name":"Comment","target":["https:\/\/afogadosfm.com.br\/afogadosfm\/2025\/10\/13\/apos-mais-um-chute-na-canela-da-governadora-dado-pela-casa-civil-presidente-do-avante-manda-recado\/#respond"]}]},{"@type":"WebPage","@id":"https:\/\/afogadosfm.com.br\/afogadosfm\/2025\/10\/13\/apos-mais-um-chute-na-canela-da-governadora-dado-pela-casa-civil-presidente-do-avante-manda-recado\/","url":"https:\/\/afogadosfm.com.br\/afogadosfm\/2025\/10\/13\/apos-mais-um-chute-na-canela-da-governadora-dado-pela-casa-civil-presidente-do-avante-manda-recado\/","name":"Ap\u00f3s mais um chute na canela da governadora dado pela Casa Civil, presidente do Avante manda recado - Afogados FM","isPartOf":{"@id":"https:\/\/afogadosfm.com.br\/afogadosfm\/#website"},"primaryImageOfPage":{"@id":"https:\/\/afogadosfm.com.br\/afogadosfm\/2025\/10\/13\/apos-mais-um-chute-na-canela-da-governadora-dado-pela-casa-civil-presidente-do-avante-manda-recado\/#primaryimage"},"image":{"@id":"https:\/\/afogadosfm.com.br\/afogadosfm\/2025\/10\/13\/apos-mais-um-chute-na-canela-da-governadora-dado-pela-casa-civil-presidente-do-avante-manda-recado\/#primaryimage"},"thumbnailUrl":"https:\/\/i0.wp.com\/afogadosfm.com.br\/afogadosfm\/wp-content\/uploads\/2025\/10\/sebastiao.jpg?fit=1284%2C1147&ssl=1","datePublished":"2025-10-13T09:21:33+00:00","dateModified":"2025-10-13T09:21:34+00:00","breadcrumb":{"@id":"https:\/\/afogadosfm.com.br\/afogadosfm\/2025\/10\/13\/apos-mais-um-chute-na-canela-da-governadora-dado-pela-casa-civil-presidente-do-avante-manda-recado\/#breadcrumb"},"inLanguage":"pt-BR","potentialAction":[{"@type":"ReadAction","target":["https:\/\/afogadosfm.com.br\/afogadosfm\/2025\/10\/13\/apos-mais-um-chute-na-canela-da-governadora-dado-pela-casa-civil-presidente-do-avante-manda-recado\/"]}]},{"@type":"ImageObject","inLanguage":"pt-BR","@id":"https:\/\/afogadosfm.com.br\/afogadosfm\/2025\/10\/13\/apos-mais-um-chute-na-canela-da-governadora-dado-pela-casa-civil-presidente-do-avante-manda-recado\/#primaryimage","url":"https:\/\/i0.wp.com\/afogadosfm.com.br\/afogadosfm\/wp-content\/uploads\/2025\/10\/sebastiao.jpg?fit=1284%2C1147&ssl=1","contentUrl":"https:\/\/i0.wp.com\/afogadosfm.com.br\/afogadosfm\/wp-content\/uploads\/2025\/10\/sebastiao.jpg?fit=1284%2C1147&ssl=1","width":1284,"height":1147},{"@type":"BreadcrumbList","@id":"https:\/\/afogadosfm.com.br\/afogadosfm\/2025\/10\/13\/apos-mais-um-chute-na-canela-da-governadora-dado-pela-casa-civil-presidente-do-avante-manda-recado\/#breadcrumb","itemListElement":[{"@type":"ListItem","position":1,"name":"In\u00edcio","item":"https:\/\/afogadosfm.com.br\/afogadosfm\/"},{"@type":"ListItem","position":2,"name":"Ap\u00f3s mais um chute na canela da governadora dado pela Casa Civil, presidente do Avante manda recado"}]},{"@type":"WebSite","@id":"https:\/\/afogadosfm.com.br\/afogadosfm\/#website","url":"https:\/\/afogadosfm.com.br\/afogadosfm\/","name":"Afogados FM","description":"Um site completo!","publisher":{"@id":"https:\/\/afogadosfm.com.br\/afogadosfm\/#organization"},"potentialAction":[{"@type":"SearchAction","target":{"@type":"EntryPoint","urlTemplate":"https:\/\/afogadosfm.com.br\/afogadosfm\/?s={search_term_string}"},"query-input":{"@type":"PropertyValueSpecification","valueRequired":true,"valueName":"search_term_string"}}],"inLanguage":"pt-BR"},{"@type":"Organization","@id":"https:\/\/afogadosfm.com.br\/afogadosfm\/#organization","name":"Afogados FM","url":"https:\/\/afogadosfm.com.br\/afogadosfm\/","logo":{"@type":"ImageObject","inLanguage":"pt-BR","@id":"https:\/\/afogadosfm.com.br\/afogadosfm\/#\/schema\/logo\/image\/","url":"https:\/\/i0.wp.com\/afogadosfm.com.br\/afogadosfm\/wp-content\/uploads\/2020\/06\/cropped-banner-afogados-4.jpg?fit=369%2C137&ssl=1","contentUrl":"https:\/\/i0.wp.com\/afogadosfm.com.br\/afogadosfm\/wp-content\/uploads\/2020\/06\/cropped-banner-afogados-4.jpg?fit=369%2C137&ssl=1","width":369,"height":137,"caption":"Afogados FM"},"image":{"@id":"https:\/\/afogadosfm.com.br\/afogadosfm\/#\/schema\/logo\/image\/"}},{"@type":"Person","@id":"https:\/\/afogadosfm.com.br\/afogadosfm\/#\/schema\/person\/60e56f2cf5dc960fc093fe093d9e9057","name":"afogadosfm","image":{"@type":"ImageObject","inLanguage":"pt-BR","@id":"https:\/\/secure.gravatar.com\/avatar\/e0359add7ed5dc3560906d861b52c6a8cf5c1e199d3a7dd85070998f49bd4701?s=96&d=mm&r=g","url":"https:\/\/secure.gravatar.com\/avatar\/e0359add7ed5dc3560906d861b52c6a8cf5c1e199d3a7dd85070998f49bd4701?s=96&d=mm&r=g","contentUrl":"https:\/\/secure.gravatar.com\/avatar\/e0359add7ed5dc3560906d861b52c6a8cf5c1e199d3a7dd85070998f49bd4701?s=96&d=mm&r=g","caption":"afogadosfm"},"url":"https:\/\/afogadosfm.com.br\/afogadosfm\/author\/afogadosfm\/"}]}},"jetpack_publicize_connections":[],"jetpack_featured_media_url":"https:\/\/i0.wp.com\/afogadosfm.com.br\/afogadosfm\/wp-content\/uploads\/2025\/10\/sebastiao.jpg?fit=1284%2C1147&ssl=1","jetpack-related-posts":[],"jetpack_sharing_enabled":true,"jetpack_likes_enabled":true,"_links":{"self":[{"href":"https:\/\/afogadosfm.com.br\/afogadosfm\/wp-json\/wp\/v2\/posts\/69790","targetHints":{"allow":["GET"]}}],"collection":[{"href":"https:\/\/afogadosfm.com.br\/afogadosfm\/wp-json\/wp\/v2\/posts"}],"about":[{"href":"https:\/\/afogadosfm.com.br\/afogadosfm\/wp-json\/wp\/v2\/types\/post"}],"author":[{"embeddable":true,"href":"https:\/\/afogadosfm.com.br\/afogadosfm\/wp-json\/wp\/v2\/users\/2"}],"replies":[{"embeddable":true,"href":"https:\/\/afogadosfm.com.br\/afogadosfm\/wp-json\/wp\/v2\/comments?post=69790"}],"version-history":[{"count":1,"href":"https:\/\/afogadosfm.com.br\/afogadosfm\/wp-json\/wp\/v2\/posts\/69790\/revisions"}],"predecessor-version":[{"id":69792,"href":"https:\/\/afogadosfm.com.br\/afogadosfm\/wp-json\/wp\/v2\/posts\/69790\/revisions\/69792"}],"wp:featuredmedia":[{"embeddable":true,"href":"https:\/\/afogadosfm.com.br\/afogadosfm\/wp-json\/wp\/v2\/media\/69791"}],"wp:attachment":[{"href":"https:\/\/afogadosfm.com.br\/afogadosfm\/wp-json\/wp\/v2\/media?parent=69790"}],"wp:term":[{"taxonomy":"category","embeddable":true,"href":"https:\/\/afogadosfm.com.br\/afogadosfm\/wp-json\/wp\/v2\/categories?post=69790"},{"taxonomy":"post_tag","embeddable":true,"href":"https:\/\/afogadosfm.com.br\/afogadosfm\/wp-json\/wp\/v2\/tags?post=69790"}],"curies":[{"name":"wp","href":"https:\/\/api.w.org\/{rel}","templated":true}]}}