{"id":69793,"date":"2025-10-13T06:57:39","date_gmt":"2025-10-13T09:57:39","guid":{"rendered":"https:\/\/afogadosfm.com.br\/afogadosfm\/?p=69793"},"modified":"2025-10-13T06:57:40","modified_gmt":"2025-10-13T09:57:40","slug":"hamas-liberta-os-20-ultimos-refens-israelenses-vivos","status":"publish","type":"post","link":"https:\/\/afogadosfm.com.br\/afogadosfm\/2025\/10\/13\/hamas-liberta-os-20-ultimos-refens-israelenses-vivos\/","title":{"rendered":"Hamas liberta os 20 \u00faltimos ref\u00e9ns israelenses vivos"},"content":{"rendered":"\n<p>Os 20 \u00faltimos ref\u00e9ns com vida foram libertados pelo Hamas nesta segunda-feira (13\/10), segundo a m\u00eddia local. Sete deles j\u00e1 est\u00e3o em territ\u00f3rio israelense.<\/p>\n\n\n\n<p>Os 13 ref\u00e9ns com vida restantes na Faixa de Gaza foram entregues ao Comit\u00ea Internacional da Cruz Vermelha. Assim, n\u00e3o resta mais nenhum em poder da organiza\u00e7\u00e3o &#8211; considerada como terrorista por diversos pa\u00edses -, informaram os portais de not\u00edcia N12 e Ynet.<\/p>\n\n\n\n<p>Trata-se de Nimrod Cohen (20), capturado em um tanque perto da fronteira com Gaza; Rom Braslavski (21) e Bar Kupershtein (23), sequestrados enquanto trabalhavam no festival de m\u00fasica Nova; e Evyatar David (24), Maxim Herkin (37), Elkana Bohbot (36), Segev Kalfon (27) e Yosef Haim Ohana (24), tamb\u00e9m capturados neste festival.<\/p>\n\n\n\n<p>Tamb\u00e9m Matan Zangauker (25), sequestrado em sua casa em Nir Oz junto com sua companheira; os irm\u00e3os argentinos Ariel (28) e David Cunio (35), o primeiro capturado com sua namorada no kibutz Nir Oz e o segundo em sua casa com sua esposa e filhas g\u00eameas; Avinatan Or (32), cuja namorada foi capturada e posteriormente resgatada em junho de 2024; e Eitan Horn (38), argentino sequestrado enquanto visitava seu irm\u00e3o mais velho.<\/p>\n\n\n\n<p>Antes deles, os sete primeiros a serem soltos, momentos antes, chegaram ao territ\u00f3rio israelense sob os cuidados de membros das For\u00e7as de Defesa de Israel (FDI).<\/p>\n\n\n\n<p>&#8220;Os ref\u00e9ns que retornam, Eitan Mor, Alon Ohel, Ziv Berman, Gali Berman, Guy Gilboa Dalal, Omri Miran e Matan Angrest, acompanhados por integrantes das For\u00e7as de Defesa de Israel (FDI), cruzaram a fronteira para o Estado de Israel h\u00e1 pouco&#8221;, diz a mensagem publicada \u00e0s 9h30 (hor\u00e1rio local, 3h30 de Bras\u00edlia).<\/p>\n\n\n\n<p>Eitan Mor tem 25 anos e foi feito ref\u00e9m enquanto trabalhava como seguran\u00e7a no festival Nova; os irm\u00e3os g\u00eameos Gali e Ziv Berman (27) foram sequestrados em sua casa no kibutz Kfar Aza; e Guy Gilboa Dalal (24) foi feito ref\u00e9m no festival de m\u00fasica.<\/p>\n\n\n\n<p>Matan Angrist (22) servia como soldado e foi capturado em seu tanque em chamas no kibutz Nahal Oz; Omri Mira (48) \u00e9 o mais velho dos ref\u00e9ns e foi capturado em seu ve\u00edculo, na frente de sua esposa e filhos; e Alon Ahel (24) \u00e9 um dos quatro frequentadores do Nova que estavam no abrigo onde outras 16 pessoas foram mortas.<\/p>\n\n\n\n<p>O primeiro destino dos ref\u00e9ns \u00e9 a base de Reim, localizada perto da fronteira com Gaza, onde eles passam por uma avalia\u00e7\u00e3o de sa\u00fade para depois encontrarem suas fam\u00edlias.<\/p>\n\n\n\n<p>De l\u00e1, s\u00e3o levados de helic\u00f3ptero para hospitais nos arredores de Tel Aviv.<\/p>\n\n\n\n<p>Tamb\u00e9m \u00e9 aguardada a entrega dos corpos dos 28 ref\u00e9ns mortos que permanecem em Gaza<\/p>\n\n\n\n<p>A Cruz Vermelha entregar\u00e1 os restos mortais \u00e0s tropas em Gaza e, dentro do territ\u00f3rio palestino, ser\u00e1 realizada uma &#8220;breve cerim\u00f4nia&#8221; e uma ora\u00e7\u00e3o judaica.<\/p>\n","protected":false},"excerpt":{"rendered":"<p>Os 20 \u00faltimos ref\u00e9ns com vida foram libertados pelo Hamas nesta segunda-feira (13\/10), segundo a m\u00eddia local. Sete deles j\u00e1<\/p>\n","protected":false},"author":2,"featured_media":8448,"comment_status":"open","ping_status":"open","sticky":false,"template":"","format":"standard","meta":{"jetpack_post_was_ever_published":false,"_jetpack_newsletter_access":"","_jetpack_dont_email_post_to_subs":false,"_jetpack_newsletter_tier_id":0,"_jetpack_memberships_contains_paywalled_content":false,"_jetpack_memberships_contains_paid_content":false,"footnotes":"","jetpack_publicize_message":"","jetpack_publicize_feature_enabled":true,"jetpack_social_post_already_shared":true,"jetpack_social_options":{"image_generator_settings":{"template":"highway","default_image_id":0,"font":"","enabled":false},"version":2}},"categories":[42],"tags":[],"class_list":["post-69793","post","type-post","status-publish","format-standard","has-post-thumbnail","hentry","category-mundo"],"yoast_head":"<!-- This site is optimized with the Yoast SEO plugin v27.5 - https:\/\/yoast.com\/product\/yoast-seo-wordpress\/ -->\n<title>Hamas liberta os 20 \u00faltimos ref\u00e9ns israelenses vivos - Afogados FM<\/title>\n<meta name=\"robots\" content=\"index, follow, max-snippet:-1, max-image-preview:large, max-video-preview:-1\" \/>\n<link rel=\"canonical\" href=\"https:\/\/afogadosfm.com.br\/afogadosfm\/2025\/10\/13\/hamas-liberta-os-20-ultimos-refens-israelenses-vivos\/\" \/>\n<meta property=\"og:locale\" content=\"pt_BR\" \/>\n<meta property=\"og:type\" content=\"article\" \/>\n<meta property=\"og:title\" content=\"Hamas liberta os 20 \u00faltimos ref\u00e9ns israelenses vivos - Afogados FM\" \/>\n<meta property=\"og:description\" content=\"Os 20 \u00faltimos ref\u00e9ns com vida foram libertados pelo Hamas nesta segunda-feira (13\/10), segundo a m\u00eddia local. Sete deles j\u00e1\" \/>\n<meta property=\"og:url\" content=\"https:\/\/afogadosfm.com.br\/afogadosfm\/2025\/10\/13\/hamas-liberta-os-20-ultimos-refens-israelenses-vivos\/\" \/>\n<meta property=\"og:site_name\" content=\"Afogados FM\" \/>\n<meta property=\"article:published_time\" content=\"2025-10-13T09:57:39+00:00\" \/>\n<meta property=\"article:modified_time\" content=\"2025-10-13T09:57:40+00:00\" \/>\n<meta property=\"og:image\" content=\"https:\/\/afogadosfm.com.br\/afogadosfm\/wp-content\/uploads\/2019\/01\/paz.png\" \/>\n\t<meta property=\"og:image:width\" content=\"300\" \/>\n\t<meta property=\"og:image:height\" content=\"168\" \/>\n\t<meta property=\"og:image:type\" content=\"image\/png\" \/>\n<meta name=\"author\" content=\"afogadosfm\" \/>\n<meta name=\"twitter:card\" content=\"summary_large_image\" \/>\n<meta name=\"twitter:label1\" content=\"Escrito por\" \/>\n\t<meta name=\"twitter:data1\" content=\"afogadosfm\" \/>\n\t<meta name=\"twitter:label2\" content=\"Est. tempo de leitura\" \/>\n\t<meta name=\"twitter:data2\" content=\"3 minutos\" \/>\n<script type=\"application\/ld+json\" class=\"yoast-schema-graph\">{\"@context\":\"https:\\\/\\\/schema.org\",\"@graph\":[{\"@type\":\"Article\",\"@id\":\"https:\\\/\\\/afogadosfm.com.br\\\/afogadosfm\\\/2025\\\/10\\\/13\\\/hamas-liberta-os-20-ultimos-refens-israelenses-vivos\\\/#article\",\"isPartOf\":{\"@id\":\"https:\\\/\\\/afogadosfm.com.br\\\/afogadosfm\\\/2025\\\/10\\\/13\\\/hamas-liberta-os-20-ultimos-refens-israelenses-vivos\\\/\"},\"author\":{\"name\":\"afogadosfm\",\"@id\":\"https:\\\/\\\/afogadosfm.com.br\\\/afogadosfm\\\/#\\\/schema\\\/person\\\/60e56f2cf5dc960fc093fe093d9e9057\"},\"headline\":\"Hamas liberta os 20 \u00faltimos ref\u00e9ns israelenses vivos\",\"datePublished\":\"2025-10-13T09:57:39+00:00\",\"dateModified\":\"2025-10-13T09:57:40+00:00\",\"mainEntityOfPage\":{\"@id\":\"https:\\\/\\\/afogadosfm.com.br\\\/afogadosfm\\\/2025\\\/10\\\/13\\\/hamas-liberta-os-20-ultimos-refens-israelenses-vivos\\\/\"},\"wordCount\":474,\"commentCount\":0,\"publisher\":{\"@id\":\"https:\\\/\\\/afogadosfm.com.br\\\/afogadosfm\\\/#organization\"},\"image\":{\"@id\":\"https:\\\/\\\/afogadosfm.com.br\\\/afogadosfm\\\/2025\\\/10\\\/13\\\/hamas-liberta-os-20-ultimos-refens-israelenses-vivos\\\/#primaryimage\"},\"thumbnailUrl\":\"https:\\\/\\\/i0.wp.com\\\/afogadosfm.com.br\\\/afogadosfm\\\/wp-content\\\/uploads\\\/2019\\\/01\\\/paz.png?fit=300%2C168&ssl=1\",\"articleSection\":[\"Mundo\"],\"inLanguage\":\"pt-BR\",\"potentialAction\":[{\"@type\":\"CommentAction\",\"name\":\"Comment\",\"target\":[\"https:\\\/\\\/afogadosfm.com.br\\\/afogadosfm\\\/2025\\\/10\\\/13\\\/hamas-liberta-os-20-ultimos-refens-israelenses-vivos\\\/#respond\"]}]},{\"@type\":\"WebPage\",\"@id\":\"https:\\\/\\\/afogadosfm.com.br\\\/afogadosfm\\\/2025\\\/10\\\/13\\\/hamas-liberta-os-20-ultimos-refens-israelenses-vivos\\\/\",\"url\":\"https:\\\/\\\/afogadosfm.com.br\\\/afogadosfm\\\/2025\\\/10\\\/13\\\/hamas-liberta-os-20-ultimos-refens-israelenses-vivos\\\/\",\"name\":\"Hamas liberta os 20 \u00faltimos ref\u00e9ns israelenses vivos - Afogados FM\",\"isPartOf\":{\"@id\":\"https:\\\/\\\/afogadosfm.com.br\\\/afogadosfm\\\/#website\"},\"primaryImageOfPage\":{\"@id\":\"https:\\\/\\\/afogadosfm.com.br\\\/afogadosfm\\\/2025\\\/10\\\/13\\\/hamas-liberta-os-20-ultimos-refens-israelenses-vivos\\\/#primaryimage\"},\"image\":{\"@id\":\"https:\\\/\\\/afogadosfm.com.br\\\/afogadosfm\\\/2025\\\/10\\\/13\\\/hamas-liberta-os-20-ultimos-refens-israelenses-vivos\\\/#primaryimage\"},\"thumbnailUrl\":\"https:\\\/\\\/i0.wp.com\\\/afogadosfm.com.br\\\/afogadosfm\\\/wp-content\\\/uploads\\\/2019\\\/01\\\/paz.png?fit=300%2C168&ssl=1\",\"datePublished\":\"2025-10-13T09:57:39+00:00\",\"dateModified\":\"2025-10-13T09:57:40+00:00\",\"breadcrumb\":{\"@id\":\"https:\\\/\\\/afogadosfm.com.br\\\/afogadosfm\\\/2025\\\/10\\\/13\\\/hamas-liberta-os-20-ultimos-refens-israelenses-vivos\\\/#breadcrumb\"},\"inLanguage\":\"pt-BR\",\"potentialAction\":[{\"@type\":\"ReadAction\",\"target\":[\"https:\\\/\\\/afogadosfm.com.br\\\/afogadosfm\\\/2025\\\/10\\\/13\\\/hamas-liberta-os-20-ultimos-refens-israelenses-vivos\\\/\"]}]},{\"@type\":\"ImageObject\",\"inLanguage\":\"pt-BR\",\"@id\":\"https:\\\/\\\/afogadosfm.com.br\\\/afogadosfm\\\/2025\\\/10\\\/13\\\/hamas-liberta-os-20-ultimos-refens-israelenses-vivos\\\/#primaryimage\",\"url\":\"https:\\\/\\\/i0.wp.com\\\/afogadosfm.com.br\\\/afogadosfm\\\/wp-content\\\/uploads\\\/2019\\\/01\\\/paz.png?fit=300%2C168&ssl=1\",\"contentUrl\":\"https:\\\/\\\/i0.wp.com\\\/afogadosfm.com.br\\\/afogadosfm\\\/wp-content\\\/uploads\\\/2019\\\/01\\\/paz.png?fit=300%2C168&ssl=1\",\"width\":300,\"height\":168},{\"@type\":\"BreadcrumbList\",\"@id\":\"https:\\\/\\\/afogadosfm.com.br\\\/afogadosfm\\\/2025\\\/10\\\/13\\\/hamas-liberta-os-20-ultimos-refens-israelenses-vivos\\\/#breadcrumb\",\"itemListElement\":[{\"@type\":\"ListItem\",\"position\":1,\"name\":\"In\u00edcio\",\"item\":\"https:\\\/\\\/afogadosfm.com.br\\\/afogadosfm\\\/\"},{\"@type\":\"ListItem\",\"position\":2,\"name\":\"Hamas liberta os 20 \u00faltimos ref\u00e9ns israelenses vivos\"}]},{\"@type\":\"WebSite\",\"@id\":\"https:\\\/\\\/afogadosfm.com.br\\\/afogadosfm\\\/#website\",\"url\":\"https:\\\/\\\/afogadosfm.com.br\\\/afogadosfm\\\/\",\"name\":\"Afogados FM\",\"description\":\"Um site completo!\",\"publisher\":{\"@id\":\"https:\\\/\\\/afogadosfm.com.br\\\/afogadosfm\\\/#organization\"},\"potentialAction\":[{\"@type\":\"SearchAction\",\"target\":{\"@type\":\"EntryPoint\",\"urlTemplate\":\"https:\\\/\\\/afogadosfm.com.br\\\/afogadosfm\\\/?s={search_term_string}\"},\"query-input\":{\"@type\":\"PropertyValueSpecification\",\"valueRequired\":true,\"valueName\":\"search_term_string\"}}],\"inLanguage\":\"pt-BR\"},{\"@type\":\"Organization\",\"@id\":\"https:\\\/\\\/afogadosfm.com.br\\\/afogadosfm\\\/#organization\",\"name\":\"Afogados FM\",\"url\":\"https:\\\/\\\/afogadosfm.com.br\\\/afogadosfm\\\/\",\"logo\":{\"@type\":\"ImageObject\",\"inLanguage\":\"pt-BR\",\"@id\":\"https:\\\/\\\/afogadosfm.com.br\\\/afogadosfm\\\/#\\\/schema\\\/logo\\\/image\\\/\",\"url\":\"https:\\\/\\\/i0.wp.com\\\/afogadosfm.com.br\\\/afogadosfm\\\/wp-content\\\/uploads\\\/2020\\\/06\\\/cropped-banner-afogados-4.jpg?fit=369%2C137&ssl=1\",\"contentUrl\":\"https:\\\/\\\/i0.wp.com\\\/afogadosfm.com.br\\\/afogadosfm\\\/wp-content\\\/uploads\\\/2020\\\/06\\\/cropped-banner-afogados-4.jpg?fit=369%2C137&ssl=1\",\"width\":369,\"height\":137,\"caption\":\"Afogados FM\"},\"image\":{\"@id\":\"https:\\\/\\\/afogadosfm.com.br\\\/afogadosfm\\\/#\\\/schema\\\/logo\\\/image\\\/\"}},{\"@type\":\"Person\",\"@id\":\"https:\\\/\\\/afogadosfm.com.br\\\/afogadosfm\\\/#\\\/schema\\\/person\\\/60e56f2cf5dc960fc093fe093d9e9057\",\"name\":\"afogadosfm\",\"image\":{\"@type\":\"ImageObject\",\"inLanguage\":\"pt-BR\",\"@id\":\"https:\\\/\\\/secure.gravatar.com\\\/avatar\\\/e0359add7ed5dc3560906d861b52c6a8cf5c1e199d3a7dd85070998f49bd4701?s=96&d=mm&r=g\",\"url\":\"https:\\\/\\\/secure.gravatar.com\\\/avatar\\\/e0359add7ed5dc3560906d861b52c6a8cf5c1e199d3a7dd85070998f49bd4701?s=96&d=mm&r=g\",\"contentUrl\":\"https:\\\/\\\/secure.gravatar.com\\\/avatar\\\/e0359add7ed5dc3560906d861b52c6a8cf5c1e199d3a7dd85070998f49bd4701?s=96&d=mm&r=g\",\"caption\":\"afogadosfm\"},\"url\":\"https:\\\/\\\/afogadosfm.com.br\\\/afogadosfm\\\/author\\\/afogadosfm\\\/\"}]}<\/script>\n<!-- \/ Yoast SEO plugin. -->","yoast_head_json":{"title":"Hamas liberta os 20 \u00faltimos ref\u00e9ns israelenses vivos - Afogados FM","robots":{"index":"index","follow":"follow","max-snippet":"max-snippet:-1","max-image-preview":"max-image-preview:large","max-video-preview":"max-video-preview:-1"},"canonical":"https:\/\/afogadosfm.com.br\/afogadosfm\/2025\/10\/13\/hamas-liberta-os-20-ultimos-refens-israelenses-vivos\/","og_locale":"pt_BR","og_type":"article","og_title":"Hamas liberta os 20 \u00faltimos ref\u00e9ns israelenses vivos - Afogados FM","og_description":"Os 20 \u00faltimos ref\u00e9ns com vida foram libertados pelo Hamas nesta segunda-feira (13\/10), segundo a m\u00eddia local. Sete deles j\u00e1","og_url":"https:\/\/afogadosfm.com.br\/afogadosfm\/2025\/10\/13\/hamas-liberta-os-20-ultimos-refens-israelenses-vivos\/","og_site_name":"Afogados FM","article_published_time":"2025-10-13T09:57:39+00:00","article_modified_time":"2025-10-13T09:57:40+00:00","og_image":[{"width":300,"height":168,"url":"https:\/\/afogadosfm.com.br\/afogadosfm\/wp-content\/uploads\/2019\/01\/paz.png","type":"image\/png"}],"author":"afogadosfm","twitter_card":"summary_large_image","twitter_misc":{"Escrito por":"afogadosfm","Est. tempo de leitura":"3 minutos"},"schema":{"@context":"https:\/\/schema.org","@graph":[{"@type":"Article","@id":"https:\/\/afogadosfm.com.br\/afogadosfm\/2025\/10\/13\/hamas-liberta-os-20-ultimos-refens-israelenses-vivos\/#article","isPartOf":{"@id":"https:\/\/afogadosfm.com.br\/afogadosfm\/2025\/10\/13\/hamas-liberta-os-20-ultimos-refens-israelenses-vivos\/"},"author":{"name":"afogadosfm","@id":"https:\/\/afogadosfm.com.br\/afogadosfm\/#\/schema\/person\/60e56f2cf5dc960fc093fe093d9e9057"},"headline":"Hamas liberta os 20 \u00faltimos ref\u00e9ns israelenses vivos","datePublished":"2025-10-13T09:57:39+00:00","dateModified":"2025-10-13T09:57:40+00:00","mainEntityOfPage":{"@id":"https:\/\/afogadosfm.com.br\/afogadosfm\/2025\/10\/13\/hamas-liberta-os-20-ultimos-refens-israelenses-vivos\/"},"wordCount":474,"commentCount":0,"publisher":{"@id":"https:\/\/afogadosfm.com.br\/afogadosfm\/#organization"},"image":{"@id":"https:\/\/afogadosfm.com.br\/afogadosfm\/2025\/10\/13\/hamas-liberta-os-20-ultimos-refens-israelenses-vivos\/#primaryimage"},"thumbnailUrl":"https:\/\/i0.wp.com\/afogadosfm.com.br\/afogadosfm\/wp-content\/uploads\/2019\/01\/paz.png?fit=300%2C168&ssl=1","articleSection":["Mundo"],"inLanguage":"pt-BR","potentialAction":[{"@type":"CommentAction","name":"Comment","target":["https:\/\/afogadosfm.com.br\/afogadosfm\/2025\/10\/13\/hamas-liberta-os-20-ultimos-refens-israelenses-vivos\/#respond"]}]},{"@type":"WebPage","@id":"https:\/\/afogadosfm.com.br\/afogadosfm\/2025\/10\/13\/hamas-liberta-os-20-ultimos-refens-israelenses-vivos\/","url":"https:\/\/afogadosfm.com.br\/afogadosfm\/2025\/10\/13\/hamas-liberta-os-20-ultimos-refens-israelenses-vivos\/","name":"Hamas liberta os 20 \u00faltimos ref\u00e9ns israelenses vivos - Afogados FM","isPartOf":{"@id":"https:\/\/afogadosfm.com.br\/afogadosfm\/#website"},"primaryImageOfPage":{"@id":"https:\/\/afogadosfm.com.br\/afogadosfm\/2025\/10\/13\/hamas-liberta-os-20-ultimos-refens-israelenses-vivos\/#primaryimage"},"image":{"@id":"https:\/\/afogadosfm.com.br\/afogadosfm\/2025\/10\/13\/hamas-liberta-os-20-ultimos-refens-israelenses-vivos\/#primaryimage"},"thumbnailUrl":"https:\/\/i0.wp.com\/afogadosfm.com.br\/afogadosfm\/wp-content\/uploads\/2019\/01\/paz.png?fit=300%2C168&ssl=1","datePublished":"2025-10-13T09:57:39+00:00","dateModified":"2025-10-13T09:57:40+00:00","breadcrumb":{"@id":"https:\/\/afogadosfm.com.br\/afogadosfm\/2025\/10\/13\/hamas-liberta-os-20-ultimos-refens-israelenses-vivos\/#breadcrumb"},"inLanguage":"pt-BR","potentialAction":[{"@type":"ReadAction","target":["https:\/\/afogadosfm.com.br\/afogadosfm\/2025\/10\/13\/hamas-liberta-os-20-ultimos-refens-israelenses-vivos\/"]}]},{"@type":"ImageObject","inLanguage":"pt-BR","@id":"https:\/\/afogadosfm.com.br\/afogadosfm\/2025\/10\/13\/hamas-liberta-os-20-ultimos-refens-israelenses-vivos\/#primaryimage","url":"https:\/\/i0.wp.com\/afogadosfm.com.br\/afogadosfm\/wp-content\/uploads\/2019\/01\/paz.png?fit=300%2C168&ssl=1","contentUrl":"https:\/\/i0.wp.com\/afogadosfm.com.br\/afogadosfm\/wp-content\/uploads\/2019\/01\/paz.png?fit=300%2C168&ssl=1","width":300,"height":168},{"@type":"BreadcrumbList","@id":"https:\/\/afogadosfm.com.br\/afogadosfm\/2025\/10\/13\/hamas-liberta-os-20-ultimos-refens-israelenses-vivos\/#breadcrumb","itemListElement":[{"@type":"ListItem","position":1,"name":"In\u00edcio","item":"https:\/\/afogadosfm.com.br\/afogadosfm\/"},{"@type":"ListItem","position":2,"name":"Hamas liberta os 20 \u00faltimos ref\u00e9ns israelenses vivos"}]},{"@type":"WebSite","@id":"https:\/\/afogadosfm.com.br\/afogadosfm\/#website","url":"https:\/\/afogadosfm.com.br\/afogadosfm\/","name":"Afogados FM","description":"Um site completo!","publisher":{"@id":"https:\/\/afogadosfm.com.br\/afogadosfm\/#organization"},"potentialAction":[{"@type":"SearchAction","target":{"@type":"EntryPoint","urlTemplate":"https:\/\/afogadosfm.com.br\/afogadosfm\/?s={search_term_string}"},"query-input":{"@type":"PropertyValueSpecification","valueRequired":true,"valueName":"search_term_string"}}],"inLanguage":"pt-BR"},{"@type":"Organization","@id":"https:\/\/afogadosfm.com.br\/afogadosfm\/#organization","name":"Afogados FM","url":"https:\/\/afogadosfm.com.br\/afogadosfm\/","logo":{"@type":"ImageObject","inLanguage":"pt-BR","@id":"https:\/\/afogadosfm.com.br\/afogadosfm\/#\/schema\/logo\/image\/","url":"https:\/\/i0.wp.com\/afogadosfm.com.br\/afogadosfm\/wp-content\/uploads\/2020\/06\/cropped-banner-afogados-4.jpg?fit=369%2C137&ssl=1","contentUrl":"https:\/\/i0.wp.com\/afogadosfm.com.br\/afogadosfm\/wp-content\/uploads\/2020\/06\/cropped-banner-afogados-4.jpg?fit=369%2C137&ssl=1","width":369,"height":137,"caption":"Afogados FM"},"image":{"@id":"https:\/\/afogadosfm.com.br\/afogadosfm\/#\/schema\/logo\/image\/"}},{"@type":"Person","@id":"https:\/\/afogadosfm.com.br\/afogadosfm\/#\/schema\/person\/60e56f2cf5dc960fc093fe093d9e9057","name":"afogadosfm","image":{"@type":"ImageObject","inLanguage":"pt-BR","@id":"https:\/\/secure.gravatar.com\/avatar\/e0359add7ed5dc3560906d861b52c6a8cf5c1e199d3a7dd85070998f49bd4701?s=96&d=mm&r=g","url":"https:\/\/secure.gravatar.com\/avatar\/e0359add7ed5dc3560906d861b52c6a8cf5c1e199d3a7dd85070998f49bd4701?s=96&d=mm&r=g","contentUrl":"https:\/\/secure.gravatar.com\/avatar\/e0359add7ed5dc3560906d861b52c6a8cf5c1e199d3a7dd85070998f49bd4701?s=96&d=mm&r=g","caption":"afogadosfm"},"url":"https:\/\/afogadosfm.com.br\/afogadosfm\/author\/afogadosfm\/"}]}},"jetpack_publicize_connections":[],"jetpack_featured_media_url":"https:\/\/i0.wp.com\/afogadosfm.com.br\/afogadosfm\/wp-content\/uploads\/2019\/01\/paz.png?fit=300%2C168&ssl=1","jetpack-related-posts":[],"jetpack_sharing_enabled":true,"jetpack_likes_enabled":true,"_links":{"self":[{"href":"https:\/\/afogadosfm.com.br\/afogadosfm\/wp-json\/wp\/v2\/posts\/69793","targetHints":{"allow":["GET"]}}],"collection":[{"href":"https:\/\/afogadosfm.com.br\/afogadosfm\/wp-json\/wp\/v2\/posts"}],"about":[{"href":"https:\/\/afogadosfm.com.br\/afogadosfm\/wp-json\/wp\/v2\/types\/post"}],"author":[{"embeddable":true,"href":"https:\/\/afogadosfm.com.br\/afogadosfm\/wp-json\/wp\/v2\/users\/2"}],"replies":[{"embeddable":true,"href":"https:\/\/afogadosfm.com.br\/afogadosfm\/wp-json\/wp\/v2\/comments?post=69793"}],"version-history":[{"count":1,"href":"https:\/\/afogadosfm.com.br\/afogadosfm\/wp-json\/wp\/v2\/posts\/69793\/revisions"}],"predecessor-version":[{"id":69794,"href":"https:\/\/afogadosfm.com.br\/afogadosfm\/wp-json\/wp\/v2\/posts\/69793\/revisions\/69794"}],"wp:featuredmedia":[{"embeddable":true,"href":"https:\/\/afogadosfm.com.br\/afogadosfm\/wp-json\/wp\/v2\/media\/8448"}],"wp:attachment":[{"href":"https:\/\/afogadosfm.com.br\/afogadosfm\/wp-json\/wp\/v2\/media?parent=69793"}],"wp:term":[{"taxonomy":"category","embeddable":true,"href":"https:\/\/afogadosfm.com.br\/afogadosfm\/wp-json\/wp\/v2\/categories?post=69793"},{"taxonomy":"post_tag","embeddable":true,"href":"https:\/\/afogadosfm.com.br\/afogadosfm\/wp-json\/wp\/v2\/tags?post=69793"}],"curies":[{"name":"wp","href":"https:\/\/api.w.org\/{rel}","templated":true}]}}