{"id":69840,"date":"2025-10-15T06:41:21","date_gmt":"2025-10-15T09:41:21","guid":{"rendered":"https:\/\/afogadosfm.com.br\/afogadosfm\/?p=69840"},"modified":"2025-10-15T06:41:22","modified_gmt":"2025-10-15T09:41:22","slug":"senadores-debatem-uso-e-armamento-de-drones-na-seguranca-publica","status":"publish","type":"post","link":"https:\/\/afogadosfm.com.br\/afogadosfm\/2025\/10\/15\/senadores-debatem-uso-e-armamento-de-drones-na-seguranca-publica\/","title":{"rendered":"Senadores debatem uso e armamento de drones na seguran\u00e7a p\u00fablica"},"content":{"rendered":"\n<p>O projeto debatido na audi\u00eancia da Comiss\u00e3o de Seguran\u00e7a P\u00fablica estabelece regras para uso de ve\u00edculos a\u00e9reos n\u00e3o tripulados e aeronaves remotamente pilotadas, os chamados drones, por \u00f3rg\u00e3os da seguran\u00e7a p\u00fablica. Participantes defenderam o teor geral da proposta, mas discordaram do ponto que disp\u00f5e sobre o armamento e funcionamento aut\u00f4nomo desses drones.<\/p>\n\n\n\n<p><br>De autoria do senador Veneziano Vital do R\u00eago, do MDB da Para\u00edba, o texto permite que \u00f3rg\u00e3os da seguran\u00e7a utilizem os drones em a\u00e7\u00f5es contra o tr\u00e1fico, investiga\u00e7\u00f5es, patrulhamento, e cumprimento de mandados de busca e apreens\u00e3o. Tamb\u00e9m fica permitido o uso da tecnologia para monitoramento, reconhecimento visual do local do crime e para fins de defesa civil.<\/p>\n\n\n\n<p><br>No projeto original, Veneziano impede o armamento e funcionamento aut\u00f4nomo dos equipamentos.<br>No entanto, o presidente da comiss\u00e3o, senador Fl\u00e1vio Bolsonaro, do PL do Rio de Janeiro, apresentou uma emenda que permite tanto armamento, quanto operacionaliza\u00e7\u00e3o aut\u00f4noma. O senador argumentou que criminosos j\u00e1 utilizam essa tecnologia e que ela seria necess\u00e1ria na atua\u00e7\u00e3o da pol\u00edcia.<\/p>\n\n\n\n<p> &#8220;Eu acho que vai chegar um ponto aqui no Brasil que isso vai acabar acontecendo. As for\u00e7as policiais v\u00e3o acabar precisando lan\u00e7ar m\u00e3o desse tipo de tecnologia, defendo aqui abertamente com armas, com drones dotados de arma. Eu n\u00e3o digo nem a parte totalmente aut\u00f4nomas porque na pr\u00e1tica isso a gente pode aprimorar aqui tamb\u00e9m.&#8221;<\/p>\n\n\n\n<p>O Minist\u00e9rio da Justi\u00e7a e Seguran\u00e7a P\u00fablica se posicionou contra o armamento e o funcionamento aut\u00f4nomo.<\/p>\n\n\n\n<p><br>O representante do Instituto Brasileiro de Ci\u00eancias Criminais, Bruno Palmieri Buonicore, demonstrou posicionamento igual, mas apesar da diverg\u00eancia com a emenda, ele argumentou que o texto traz legitimidade e limites para o uso dos equipamentos.<\/p>\n\n\n\n<p>(Bruno Palmieri Buonicore) &#8220;O uso desses ve\u00edculos n\u00e3o tripulados pode ser importante, em circunst\u00e2ncias, regi\u00f5es e condi\u00e7\u00f5es concretas especificamente justificadas, como tamb\u00e9m pode ser importante para inocentar pessoas.&#8221;<\/p>\n\n\n\n<p>Debatedores apontaram que a regulamenta\u00e7\u00e3o traz mais seguran\u00e7a jur\u00eddica para os operadores dos drones e refor\u00e7aram a necessidade de adapta\u00e7\u00e3o \u00e0s novas tecnologias.<br>O projeto segue em an\u00e1lise na Comiss\u00e3o de Seguran\u00e7a P\u00fablica. Sob supervis\u00e3o de Samara Sadeck, da R\u00e1dio Senado, Lana Dias.<\/p>\n","protected":false},"excerpt":{"rendered":"<p>O projeto debatido na audi\u00eancia da Comiss\u00e3o de Seguran\u00e7a P\u00fablica estabelece regras para uso de ve\u00edculos a\u00e9reos n\u00e3o tripulados e<\/p>\n","protected":false},"author":2,"featured_media":69841,"comment_status":"open","ping_status":"open","sticky":false,"template":"","format":"standard","meta":{"jetpack_post_was_ever_published":false,"_jetpack_newsletter_access":"","_jetpack_dont_email_post_to_subs":false,"_jetpack_newsletter_tier_id":0,"_jetpack_memberships_contains_paywalled_content":false,"_jetpack_memberships_contains_paid_content":false,"footnotes":"","jetpack_publicize_message":"","jetpack_publicize_feature_enabled":true,"jetpack_social_post_already_shared":true,"jetpack_social_options":{"image_generator_settings":{"template":"highway","default_image_id":0,"font":"","enabled":false},"version":2}},"categories":[12],"tags":[],"class_list":["post-69840","post","type-post","status-publish","format-standard","has-post-thumbnail","hentry","category-brasil"],"yoast_head":"<!-- This site is optimized with the Yoast SEO plugin v27.5 - https:\/\/yoast.com\/product\/yoast-seo-wordpress\/ -->\n<title>Senadores debatem uso e armamento de drones na seguran\u00e7a p\u00fablica - Afogados FM<\/title>\n<meta name=\"robots\" content=\"index, follow, max-snippet:-1, max-image-preview:large, max-video-preview:-1\" \/>\n<link rel=\"canonical\" href=\"https:\/\/afogadosfm.com.br\/afogadosfm\/2025\/10\/15\/senadores-debatem-uso-e-armamento-de-drones-na-seguranca-publica\/\" \/>\n<meta property=\"og:locale\" content=\"pt_BR\" \/>\n<meta property=\"og:type\" content=\"article\" \/>\n<meta property=\"og:title\" content=\"Senadores debatem uso e armamento de drones na seguran\u00e7a p\u00fablica - Afogados FM\" \/>\n<meta property=\"og:description\" content=\"O projeto debatido na audi\u00eancia da Comiss\u00e3o de Seguran\u00e7a P\u00fablica estabelece regras para uso de ve\u00edculos a\u00e9reos n\u00e3o tripulados e\" \/>\n<meta property=\"og:url\" content=\"https:\/\/afogadosfm.com.br\/afogadosfm\/2025\/10\/15\/senadores-debatem-uso-e-armamento-de-drones-na-seguranca-publica\/\" \/>\n<meta property=\"og:site_name\" content=\"Afogados FM\" \/>\n<meta property=\"article:published_time\" content=\"2025-10-15T09:41:21+00:00\" \/>\n<meta property=\"article:modified_time\" content=\"2025-10-15T09:41:22+00:00\" \/>\n<meta property=\"og:image\" content=\"https:\/\/afogadosfm.com.br\/afogadosfm\/wp-content\/uploads\/2025\/10\/drone.jpg\" \/>\n\t<meta property=\"og:image:width\" content=\"1500\" \/>\n\t<meta property=\"og:image:height\" content=\"1000\" \/>\n\t<meta property=\"og:image:type\" content=\"image\/jpeg\" \/>\n<meta name=\"author\" content=\"afogadosfm\" \/>\n<meta name=\"twitter:card\" content=\"summary_large_image\" \/>\n<meta name=\"twitter:label1\" content=\"Escrito por\" \/>\n\t<meta name=\"twitter:data1\" content=\"afogadosfm\" \/>\n\t<meta name=\"twitter:label2\" content=\"Est. tempo de leitura\" \/>\n\t<meta name=\"twitter:data2\" content=\"3 minutos\" \/>\n<script type=\"application\/ld+json\" class=\"yoast-schema-graph\">{\"@context\":\"https:\\\/\\\/schema.org\",\"@graph\":[{\"@type\":\"Article\",\"@id\":\"https:\\\/\\\/afogadosfm.com.br\\\/afogadosfm\\\/2025\\\/10\\\/15\\\/senadores-debatem-uso-e-armamento-de-drones-na-seguranca-publica\\\/#article\",\"isPartOf\":{\"@id\":\"https:\\\/\\\/afogadosfm.com.br\\\/afogadosfm\\\/2025\\\/10\\\/15\\\/senadores-debatem-uso-e-armamento-de-drones-na-seguranca-publica\\\/\"},\"author\":{\"name\":\"afogadosfm\",\"@id\":\"https:\\\/\\\/afogadosfm.com.br\\\/afogadosfm\\\/#\\\/schema\\\/person\\\/60e56f2cf5dc960fc093fe093d9e9057\"},\"headline\":\"Senadores debatem uso e armamento de drones na seguran\u00e7a p\u00fablica\",\"datePublished\":\"2025-10-15T09:41:21+00:00\",\"dateModified\":\"2025-10-15T09:41:22+00:00\",\"mainEntityOfPage\":{\"@id\":\"https:\\\/\\\/afogadosfm.com.br\\\/afogadosfm\\\/2025\\\/10\\\/15\\\/senadores-debatem-uso-e-armamento-de-drones-na-seguranca-publica\\\/\"},\"wordCount\":415,\"commentCount\":0,\"publisher\":{\"@id\":\"https:\\\/\\\/afogadosfm.com.br\\\/afogadosfm\\\/#organization\"},\"image\":{\"@id\":\"https:\\\/\\\/afogadosfm.com.br\\\/afogadosfm\\\/2025\\\/10\\\/15\\\/senadores-debatem-uso-e-armamento-de-drones-na-seguranca-publica\\\/#primaryimage\"},\"thumbnailUrl\":\"https:\\\/\\\/i0.wp.com\\\/afogadosfm.com.br\\\/afogadosfm\\\/wp-content\\\/uploads\\\/2025\\\/10\\\/drone.jpg?fit=1500%2C1000&ssl=1\",\"articleSection\":[\"Brasil\"],\"inLanguage\":\"pt-BR\",\"potentialAction\":[{\"@type\":\"CommentAction\",\"name\":\"Comment\",\"target\":[\"https:\\\/\\\/afogadosfm.com.br\\\/afogadosfm\\\/2025\\\/10\\\/15\\\/senadores-debatem-uso-e-armamento-de-drones-na-seguranca-publica\\\/#respond\"]}]},{\"@type\":\"WebPage\",\"@id\":\"https:\\\/\\\/afogadosfm.com.br\\\/afogadosfm\\\/2025\\\/10\\\/15\\\/senadores-debatem-uso-e-armamento-de-drones-na-seguranca-publica\\\/\",\"url\":\"https:\\\/\\\/afogadosfm.com.br\\\/afogadosfm\\\/2025\\\/10\\\/15\\\/senadores-debatem-uso-e-armamento-de-drones-na-seguranca-publica\\\/\",\"name\":\"Senadores debatem uso e armamento de drones na seguran\u00e7a p\u00fablica - Afogados FM\",\"isPartOf\":{\"@id\":\"https:\\\/\\\/afogadosfm.com.br\\\/afogadosfm\\\/#website\"},\"primaryImageOfPage\":{\"@id\":\"https:\\\/\\\/afogadosfm.com.br\\\/afogadosfm\\\/2025\\\/10\\\/15\\\/senadores-debatem-uso-e-armamento-de-drones-na-seguranca-publica\\\/#primaryimage\"},\"image\":{\"@id\":\"https:\\\/\\\/afogadosfm.com.br\\\/afogadosfm\\\/2025\\\/10\\\/15\\\/senadores-debatem-uso-e-armamento-de-drones-na-seguranca-publica\\\/#primaryimage\"},\"thumbnailUrl\":\"https:\\\/\\\/i0.wp.com\\\/afogadosfm.com.br\\\/afogadosfm\\\/wp-content\\\/uploads\\\/2025\\\/10\\\/drone.jpg?fit=1500%2C1000&ssl=1\",\"datePublished\":\"2025-10-15T09:41:21+00:00\",\"dateModified\":\"2025-10-15T09:41:22+00:00\",\"breadcrumb\":{\"@id\":\"https:\\\/\\\/afogadosfm.com.br\\\/afogadosfm\\\/2025\\\/10\\\/15\\\/senadores-debatem-uso-e-armamento-de-drones-na-seguranca-publica\\\/#breadcrumb\"},\"inLanguage\":\"pt-BR\",\"potentialAction\":[{\"@type\":\"ReadAction\",\"target\":[\"https:\\\/\\\/afogadosfm.com.br\\\/afogadosfm\\\/2025\\\/10\\\/15\\\/senadores-debatem-uso-e-armamento-de-drones-na-seguranca-publica\\\/\"]}]},{\"@type\":\"ImageObject\",\"inLanguage\":\"pt-BR\",\"@id\":\"https:\\\/\\\/afogadosfm.com.br\\\/afogadosfm\\\/2025\\\/10\\\/15\\\/senadores-debatem-uso-e-armamento-de-drones-na-seguranca-publica\\\/#primaryimage\",\"url\":\"https:\\\/\\\/i0.wp.com\\\/afogadosfm.com.br\\\/afogadosfm\\\/wp-content\\\/uploads\\\/2025\\\/10\\\/drone.jpg?fit=1500%2C1000&ssl=1\",\"contentUrl\":\"https:\\\/\\\/i0.wp.com\\\/afogadosfm.com.br\\\/afogadosfm\\\/wp-content\\\/uploads\\\/2025\\\/10\\\/drone.jpg?fit=1500%2C1000&ssl=1\",\"width\":1500,\"height\":1000},{\"@type\":\"BreadcrumbList\",\"@id\":\"https:\\\/\\\/afogadosfm.com.br\\\/afogadosfm\\\/2025\\\/10\\\/15\\\/senadores-debatem-uso-e-armamento-de-drones-na-seguranca-publica\\\/#breadcrumb\",\"itemListElement\":[{\"@type\":\"ListItem\",\"position\":1,\"name\":\"In\u00edcio\",\"item\":\"https:\\\/\\\/afogadosfm.com.br\\\/afogadosfm\\\/\"},{\"@type\":\"ListItem\",\"position\":2,\"name\":\"Senadores debatem uso e armamento de drones na seguran\u00e7a p\u00fablica\"}]},{\"@type\":\"WebSite\",\"@id\":\"https:\\\/\\\/afogadosfm.com.br\\\/afogadosfm\\\/#website\",\"url\":\"https:\\\/\\\/afogadosfm.com.br\\\/afogadosfm\\\/\",\"name\":\"Afogados FM\",\"description\":\"Um site completo!\",\"publisher\":{\"@id\":\"https:\\\/\\\/afogadosfm.com.br\\\/afogadosfm\\\/#organization\"},\"potentialAction\":[{\"@type\":\"SearchAction\",\"target\":{\"@type\":\"EntryPoint\",\"urlTemplate\":\"https:\\\/\\\/afogadosfm.com.br\\\/afogadosfm\\\/?s={search_term_string}\"},\"query-input\":{\"@type\":\"PropertyValueSpecification\",\"valueRequired\":true,\"valueName\":\"search_term_string\"}}],\"inLanguage\":\"pt-BR\"},{\"@type\":\"Organization\",\"@id\":\"https:\\\/\\\/afogadosfm.com.br\\\/afogadosfm\\\/#organization\",\"name\":\"Afogados FM\",\"url\":\"https:\\\/\\\/afogadosfm.com.br\\\/afogadosfm\\\/\",\"logo\":{\"@type\":\"ImageObject\",\"inLanguage\":\"pt-BR\",\"@id\":\"https:\\\/\\\/afogadosfm.com.br\\\/afogadosfm\\\/#\\\/schema\\\/logo\\\/image\\\/\",\"url\":\"https:\\\/\\\/i0.wp.com\\\/afogadosfm.com.br\\\/afogadosfm\\\/wp-content\\\/uploads\\\/2020\\\/06\\\/cropped-banner-afogados-4.jpg?fit=369%2C137&ssl=1\",\"contentUrl\":\"https:\\\/\\\/i0.wp.com\\\/afogadosfm.com.br\\\/afogadosfm\\\/wp-content\\\/uploads\\\/2020\\\/06\\\/cropped-banner-afogados-4.jpg?fit=369%2C137&ssl=1\",\"width\":369,\"height\":137,\"caption\":\"Afogados FM\"},\"image\":{\"@id\":\"https:\\\/\\\/afogadosfm.com.br\\\/afogadosfm\\\/#\\\/schema\\\/logo\\\/image\\\/\"}},{\"@type\":\"Person\",\"@id\":\"https:\\\/\\\/afogadosfm.com.br\\\/afogadosfm\\\/#\\\/schema\\\/person\\\/60e56f2cf5dc960fc093fe093d9e9057\",\"name\":\"afogadosfm\",\"image\":{\"@type\":\"ImageObject\",\"inLanguage\":\"pt-BR\",\"@id\":\"https:\\\/\\\/secure.gravatar.com\\\/avatar\\\/e0359add7ed5dc3560906d861b52c6a8cf5c1e199d3a7dd85070998f49bd4701?s=96&d=mm&r=g\",\"url\":\"https:\\\/\\\/secure.gravatar.com\\\/avatar\\\/e0359add7ed5dc3560906d861b52c6a8cf5c1e199d3a7dd85070998f49bd4701?s=96&d=mm&r=g\",\"contentUrl\":\"https:\\\/\\\/secure.gravatar.com\\\/avatar\\\/e0359add7ed5dc3560906d861b52c6a8cf5c1e199d3a7dd85070998f49bd4701?s=96&d=mm&r=g\",\"caption\":\"afogadosfm\"},\"url\":\"https:\\\/\\\/afogadosfm.com.br\\\/afogadosfm\\\/author\\\/afogadosfm\\\/\"}]}<\/script>\n<!-- \/ Yoast SEO plugin. -->","yoast_head_json":{"title":"Senadores debatem uso e armamento de drones na seguran\u00e7a p\u00fablica - Afogados FM","robots":{"index":"index","follow":"follow","max-snippet":"max-snippet:-1","max-image-preview":"max-image-preview:large","max-video-preview":"max-video-preview:-1"},"canonical":"https:\/\/afogadosfm.com.br\/afogadosfm\/2025\/10\/15\/senadores-debatem-uso-e-armamento-de-drones-na-seguranca-publica\/","og_locale":"pt_BR","og_type":"article","og_title":"Senadores debatem uso e armamento de drones na seguran\u00e7a p\u00fablica - Afogados FM","og_description":"O projeto debatido na audi\u00eancia da Comiss\u00e3o de Seguran\u00e7a P\u00fablica estabelece regras para uso de ve\u00edculos a\u00e9reos n\u00e3o tripulados e","og_url":"https:\/\/afogadosfm.com.br\/afogadosfm\/2025\/10\/15\/senadores-debatem-uso-e-armamento-de-drones-na-seguranca-publica\/","og_site_name":"Afogados FM","article_published_time":"2025-10-15T09:41:21+00:00","article_modified_time":"2025-10-15T09:41:22+00:00","og_image":[{"width":1500,"height":1000,"url":"https:\/\/afogadosfm.com.br\/afogadosfm\/wp-content\/uploads\/2025\/10\/drone.jpg","type":"image\/jpeg"}],"author":"afogadosfm","twitter_card":"summary_large_image","twitter_misc":{"Escrito por":"afogadosfm","Est. tempo de leitura":"3 minutos"},"schema":{"@context":"https:\/\/schema.org","@graph":[{"@type":"Article","@id":"https:\/\/afogadosfm.com.br\/afogadosfm\/2025\/10\/15\/senadores-debatem-uso-e-armamento-de-drones-na-seguranca-publica\/#article","isPartOf":{"@id":"https:\/\/afogadosfm.com.br\/afogadosfm\/2025\/10\/15\/senadores-debatem-uso-e-armamento-de-drones-na-seguranca-publica\/"},"author":{"name":"afogadosfm","@id":"https:\/\/afogadosfm.com.br\/afogadosfm\/#\/schema\/person\/60e56f2cf5dc960fc093fe093d9e9057"},"headline":"Senadores debatem uso e armamento de drones na seguran\u00e7a p\u00fablica","datePublished":"2025-10-15T09:41:21+00:00","dateModified":"2025-10-15T09:41:22+00:00","mainEntityOfPage":{"@id":"https:\/\/afogadosfm.com.br\/afogadosfm\/2025\/10\/15\/senadores-debatem-uso-e-armamento-de-drones-na-seguranca-publica\/"},"wordCount":415,"commentCount":0,"publisher":{"@id":"https:\/\/afogadosfm.com.br\/afogadosfm\/#organization"},"image":{"@id":"https:\/\/afogadosfm.com.br\/afogadosfm\/2025\/10\/15\/senadores-debatem-uso-e-armamento-de-drones-na-seguranca-publica\/#primaryimage"},"thumbnailUrl":"https:\/\/i0.wp.com\/afogadosfm.com.br\/afogadosfm\/wp-content\/uploads\/2025\/10\/drone.jpg?fit=1500%2C1000&ssl=1","articleSection":["Brasil"],"inLanguage":"pt-BR","potentialAction":[{"@type":"CommentAction","name":"Comment","target":["https:\/\/afogadosfm.com.br\/afogadosfm\/2025\/10\/15\/senadores-debatem-uso-e-armamento-de-drones-na-seguranca-publica\/#respond"]}]},{"@type":"WebPage","@id":"https:\/\/afogadosfm.com.br\/afogadosfm\/2025\/10\/15\/senadores-debatem-uso-e-armamento-de-drones-na-seguranca-publica\/","url":"https:\/\/afogadosfm.com.br\/afogadosfm\/2025\/10\/15\/senadores-debatem-uso-e-armamento-de-drones-na-seguranca-publica\/","name":"Senadores debatem uso e armamento de drones na seguran\u00e7a p\u00fablica - Afogados FM","isPartOf":{"@id":"https:\/\/afogadosfm.com.br\/afogadosfm\/#website"},"primaryImageOfPage":{"@id":"https:\/\/afogadosfm.com.br\/afogadosfm\/2025\/10\/15\/senadores-debatem-uso-e-armamento-de-drones-na-seguranca-publica\/#primaryimage"},"image":{"@id":"https:\/\/afogadosfm.com.br\/afogadosfm\/2025\/10\/15\/senadores-debatem-uso-e-armamento-de-drones-na-seguranca-publica\/#primaryimage"},"thumbnailUrl":"https:\/\/i0.wp.com\/afogadosfm.com.br\/afogadosfm\/wp-content\/uploads\/2025\/10\/drone.jpg?fit=1500%2C1000&ssl=1","datePublished":"2025-10-15T09:41:21+00:00","dateModified":"2025-10-15T09:41:22+00:00","breadcrumb":{"@id":"https:\/\/afogadosfm.com.br\/afogadosfm\/2025\/10\/15\/senadores-debatem-uso-e-armamento-de-drones-na-seguranca-publica\/#breadcrumb"},"inLanguage":"pt-BR","potentialAction":[{"@type":"ReadAction","target":["https:\/\/afogadosfm.com.br\/afogadosfm\/2025\/10\/15\/senadores-debatem-uso-e-armamento-de-drones-na-seguranca-publica\/"]}]},{"@type":"ImageObject","inLanguage":"pt-BR","@id":"https:\/\/afogadosfm.com.br\/afogadosfm\/2025\/10\/15\/senadores-debatem-uso-e-armamento-de-drones-na-seguranca-publica\/#primaryimage","url":"https:\/\/i0.wp.com\/afogadosfm.com.br\/afogadosfm\/wp-content\/uploads\/2025\/10\/drone.jpg?fit=1500%2C1000&ssl=1","contentUrl":"https:\/\/i0.wp.com\/afogadosfm.com.br\/afogadosfm\/wp-content\/uploads\/2025\/10\/drone.jpg?fit=1500%2C1000&ssl=1","width":1500,"height":1000},{"@type":"BreadcrumbList","@id":"https:\/\/afogadosfm.com.br\/afogadosfm\/2025\/10\/15\/senadores-debatem-uso-e-armamento-de-drones-na-seguranca-publica\/#breadcrumb","itemListElement":[{"@type":"ListItem","position":1,"name":"In\u00edcio","item":"https:\/\/afogadosfm.com.br\/afogadosfm\/"},{"@type":"ListItem","position":2,"name":"Senadores debatem uso e armamento de drones na seguran\u00e7a p\u00fablica"}]},{"@type":"WebSite","@id":"https:\/\/afogadosfm.com.br\/afogadosfm\/#website","url":"https:\/\/afogadosfm.com.br\/afogadosfm\/","name":"Afogados FM","description":"Um site completo!","publisher":{"@id":"https:\/\/afogadosfm.com.br\/afogadosfm\/#organization"},"potentialAction":[{"@type":"SearchAction","target":{"@type":"EntryPoint","urlTemplate":"https:\/\/afogadosfm.com.br\/afogadosfm\/?s={search_term_string}"},"query-input":{"@type":"PropertyValueSpecification","valueRequired":true,"valueName":"search_term_string"}}],"inLanguage":"pt-BR"},{"@type":"Organization","@id":"https:\/\/afogadosfm.com.br\/afogadosfm\/#organization","name":"Afogados FM","url":"https:\/\/afogadosfm.com.br\/afogadosfm\/","logo":{"@type":"ImageObject","inLanguage":"pt-BR","@id":"https:\/\/afogadosfm.com.br\/afogadosfm\/#\/schema\/logo\/image\/","url":"https:\/\/i0.wp.com\/afogadosfm.com.br\/afogadosfm\/wp-content\/uploads\/2020\/06\/cropped-banner-afogados-4.jpg?fit=369%2C137&ssl=1","contentUrl":"https:\/\/i0.wp.com\/afogadosfm.com.br\/afogadosfm\/wp-content\/uploads\/2020\/06\/cropped-banner-afogados-4.jpg?fit=369%2C137&ssl=1","width":369,"height":137,"caption":"Afogados FM"},"image":{"@id":"https:\/\/afogadosfm.com.br\/afogadosfm\/#\/schema\/logo\/image\/"}},{"@type":"Person","@id":"https:\/\/afogadosfm.com.br\/afogadosfm\/#\/schema\/person\/60e56f2cf5dc960fc093fe093d9e9057","name":"afogadosfm","image":{"@type":"ImageObject","inLanguage":"pt-BR","@id":"https:\/\/secure.gravatar.com\/avatar\/e0359add7ed5dc3560906d861b52c6a8cf5c1e199d3a7dd85070998f49bd4701?s=96&d=mm&r=g","url":"https:\/\/secure.gravatar.com\/avatar\/e0359add7ed5dc3560906d861b52c6a8cf5c1e199d3a7dd85070998f49bd4701?s=96&d=mm&r=g","contentUrl":"https:\/\/secure.gravatar.com\/avatar\/e0359add7ed5dc3560906d861b52c6a8cf5c1e199d3a7dd85070998f49bd4701?s=96&d=mm&r=g","caption":"afogadosfm"},"url":"https:\/\/afogadosfm.com.br\/afogadosfm\/author\/afogadosfm\/"}]}},"jetpack_publicize_connections":[],"jetpack_featured_media_url":"https:\/\/i0.wp.com\/afogadosfm.com.br\/afogadosfm\/wp-content\/uploads\/2025\/10\/drone.jpg?fit=1500%2C1000&ssl=1","jetpack-related-posts":[],"jetpack_sharing_enabled":true,"jetpack_likes_enabled":true,"_links":{"self":[{"href":"https:\/\/afogadosfm.com.br\/afogadosfm\/wp-json\/wp\/v2\/posts\/69840","targetHints":{"allow":["GET"]}}],"collection":[{"href":"https:\/\/afogadosfm.com.br\/afogadosfm\/wp-json\/wp\/v2\/posts"}],"about":[{"href":"https:\/\/afogadosfm.com.br\/afogadosfm\/wp-json\/wp\/v2\/types\/post"}],"author":[{"embeddable":true,"href":"https:\/\/afogadosfm.com.br\/afogadosfm\/wp-json\/wp\/v2\/users\/2"}],"replies":[{"embeddable":true,"href":"https:\/\/afogadosfm.com.br\/afogadosfm\/wp-json\/wp\/v2\/comments?post=69840"}],"version-history":[{"count":2,"href":"https:\/\/afogadosfm.com.br\/afogadosfm\/wp-json\/wp\/v2\/posts\/69840\/revisions"}],"predecessor-version":[{"id":69843,"href":"https:\/\/afogadosfm.com.br\/afogadosfm\/wp-json\/wp\/v2\/posts\/69840\/revisions\/69843"}],"wp:featuredmedia":[{"embeddable":true,"href":"https:\/\/afogadosfm.com.br\/afogadosfm\/wp-json\/wp\/v2\/media\/69841"}],"wp:attachment":[{"href":"https:\/\/afogadosfm.com.br\/afogadosfm\/wp-json\/wp\/v2\/media?parent=69840"}],"wp:term":[{"taxonomy":"category","embeddable":true,"href":"https:\/\/afogadosfm.com.br\/afogadosfm\/wp-json\/wp\/v2\/categories?post=69840"},{"taxonomy":"post_tag","embeddable":true,"href":"https:\/\/afogadosfm.com.br\/afogadosfm\/wp-json\/wp\/v2\/tags?post=69840"}],"curies":[{"name":"wp","href":"https:\/\/api.w.org\/{rel}","templated":true}]}}