{"id":69852,"date":"2025-10-16T05:40:07","date_gmt":"2025-10-16T08:40:07","guid":{"rendered":"https:\/\/afogadosfm.com.br\/afogadosfm\/?p=69852"},"modified":"2025-10-16T05:40:08","modified_gmt":"2025-10-16T08:40:08","slug":"carnaiba-divulgou-programacao-da-30a-festa-do-poeta-e-compositor-ze-dantas","status":"publish","type":"post","link":"https:\/\/afogadosfm.com.br\/afogadosfm\/2025\/10\/16\/carnaiba-divulgou-programacao-da-30a-festa-do-poeta-e-compositor-ze-dantas\/","title":{"rendered":"Carna\u00edba divulgou programa\u00e7\u00e3o da 30\u00aa Festa do Poeta e Compositor Z\u00e9 Dantas"},"content":{"rendered":"\n<p>A Prefeitura de Carna\u00edba, por meio da Diretoria Municipal de Cultura, Turismo, Economia Criativa e Juventude, anunciou a programa\u00e7\u00e3o completa da 30\u00aa edi\u00e7\u00e3o da Festa do Poeta e Compositor Z\u00e9 Dantas, que ser\u00e1 realizada entre os dias 20 e 25 de outubro. O evento celebra o filho mais ilustre da cidade, Z\u00e9 Dantas, parceiro musical de Luiz Gonzaga \u2014 o \u201cRei do Bai\u00e3o\u201d \u2014 e um dos nomes mais marcantes da cultura nordestina.<\/p>\n\n\n\n<p>Reconhecida como uma das festas mais tradicionais do Sert\u00e3o pernambucano, a programa\u00e7\u00e3o deste ano re\u00fane m\u00fasica, teatro, literatura, dan\u00e7a, oficinas art\u00edsticas e grandes shows, refor\u00e7ando a import\u00e2ncia da preserva\u00e7\u00e3o da cultura popular e do legado de Z\u00e9 Dantas.<\/p>\n\n\n\n<p>Programa\u00e7\u00e3o Cultural e Art\u00edstica<\/p>\n\n\n\n<p>As Oficinas de M\u00fasica abrem a programa\u00e7\u00e3o na segunda-feira (20), \u00e0s 19h, na Escola de M\u00fasica Maestro Israel Gomes. As atividades seguem at\u00e9 o dia 24, nos turnos da manh\u00e3 e tarde, com aulas na Escola de M\u00fasica e no Conservat\u00f3rio Maestro Petrolino Malaquias.<\/p>\n\n\n\n<p>Tamb\u00e9m ser\u00e3o realizadas oficinas de teatro e dan\u00e7a popular, com os artistas Everton Le\u00e3o e Lisboa Gomes, al\u00e9m de um workshop Gospel Duo Bass, ministrado por Tallys Andrade e Natan Silva. Paralelamente, o Projeto Gren Voices promove oficinas de teatro e artes pl\u00e1sticas nas escolas municipais.<\/p>\n\n\n\n<p>Durante toda a semana, o p\u00fablico poder\u00e1 visitar a Exposi\u00e7\u00e3o de Quadros de Alu\u00edzio Fern\u00e3, no Museu Z\u00e9 Dantas, das 8h \u00e0s 22h. J\u00e1 na ter\u00e7a-feira (21), o escritor carnaibano Ant\u00f4nio de Lisboa lan\u00e7a o livro \u201cLisbela\u201d, \u00e0s 19h, no Teatro Jos\u00e9 Fernandes de Andrade.<\/p>\n\n\n\n<p>Polo Cultural e Tradi\u00e7\u00f5es Populares<\/p>\n\n\n\n<p>Na quarta-feira (22), o Polo Cultural Z\u00e9 Dantas recebe apresenta\u00e7\u00f5es das escolas municipais e do grupo Coco de Mirim Quilombos Arretados, a partir das 17h, no Monumento do P\u00e1tio de Eventos Milton Pierre.<\/p>\n\n\n\n<p>No mesmo dia, o Polo Pra\u00e7a de Alimenta\u00e7\u00e3o ser\u00e1 palco de apresenta\u00e7\u00f5es do Coral de Crian\u00e7as e Idosos da Secretaria de Assist\u00eancia Social, seguidas do Festival de Violeiros, Poetas e Repentistas, e da tradicional Forronata, \u00e0s 22h, com sa\u00edda do P\u00e1tio de Eventos.<\/p>\n\n\n\n<p>Momentos Religiosos e Shows Musicais<\/p>\n\n\n\n<p>A Missa em Homenagem a Z\u00e9 Dantas&nbsp;acontece na quinta-feira (23), \u00e0s 18h, na Igreja Matriz de Santo Ant\u00f4nio e S\u00e3o Jo\u00e3o Maria Vianney. \u00c0 noite, o p\u00fablico prestigiar\u00e1 o Show Gospel, com Nelito Sanfoneiro de Cristo (20h), Alice Maciel (22h) e Eula Criz (00h), no P\u00e1tio de Eventos Milton Pierre.<\/p>\n\n\n\n<p>Na sexta (24), sobem ao palco Gena\u00edlson do Acordeon &amp; Banda (21h), Batista Lima (23h) e Banda Ful\u00f4 de Mandacaru (01h). J\u00e1 no s\u00e1bado (25), encerrando a festa, as atra\u00e7\u00f5es ser\u00e3o Caike Souza (21h), Hungria (23h) e Mastruz com Leite (01h).<\/p>\n","protected":false},"excerpt":{"rendered":"<p>A Prefeitura de Carna\u00edba, por meio da Diretoria Municipal de Cultura, Turismo, Economia Criativa e Juventude, anunciou a programa\u00e7\u00e3o completa<\/p>\n","protected":false},"author":2,"featured_media":69853,"comment_status":"open","ping_status":"open","sticky":false,"template":"","format":"standard","meta":{"jetpack_post_was_ever_published":false,"_jetpack_newsletter_access":"","_jetpack_dont_email_post_to_subs":false,"_jetpack_newsletter_tier_id":0,"_jetpack_memberships_contains_paywalled_content":false,"_jetpack_memberships_contains_paid_content":false,"footnotes":"","jetpack_publicize_message":"","jetpack_publicize_feature_enabled":true,"jetpack_social_post_already_shared":true,"jetpack_social_options":{"image_generator_settings":{"template":"highway","default_image_id":0,"font":"","enabled":false},"version":2}},"categories":[32],"tags":[],"class_list":["post-69852","post","type-post","status-publish","format-standard","has-post-thumbnail","hentry","category-sertao"],"yoast_head":"<!-- This site is optimized with the Yoast SEO plugin v27.5 - https:\/\/yoast.com\/product\/yoast-seo-wordpress\/ -->\n<title>Carna\u00edba divulgou programa\u00e7\u00e3o da 30\u00aa Festa do Poeta e Compositor Z\u00e9 Dantas - Afogados FM<\/title>\n<meta name=\"robots\" content=\"index, follow, max-snippet:-1, max-image-preview:large, max-video-preview:-1\" \/>\n<link rel=\"canonical\" href=\"https:\/\/afogadosfm.com.br\/afogadosfm\/2025\/10\/16\/carnaiba-divulgou-programacao-da-30a-festa-do-poeta-e-compositor-ze-dantas\/\" \/>\n<meta property=\"og:locale\" content=\"pt_BR\" \/>\n<meta property=\"og:type\" content=\"article\" \/>\n<meta property=\"og:title\" content=\"Carna\u00edba divulgou programa\u00e7\u00e3o da 30\u00aa Festa do Poeta e Compositor Z\u00e9 Dantas - Afogados FM\" \/>\n<meta property=\"og:description\" content=\"A Prefeitura de Carna\u00edba, por meio da Diretoria Municipal de Cultura, Turismo, Economia Criativa e Juventude, anunciou a programa\u00e7\u00e3o completa\" \/>\n<meta property=\"og:url\" content=\"https:\/\/afogadosfm.com.br\/afogadosfm\/2025\/10\/16\/carnaiba-divulgou-programacao-da-30a-festa-do-poeta-e-compositor-ze-dantas\/\" \/>\n<meta property=\"og:site_name\" content=\"Afogados FM\" \/>\n<meta property=\"article:published_time\" content=\"2025-10-16T08:40:07+00:00\" \/>\n<meta property=\"article:modified_time\" content=\"2025-10-16T08:40:08+00:00\" \/>\n<meta property=\"og:image\" content=\"https:\/\/afogadosfm.com.br\/afogadosfm\/wp-content\/uploads\/2025\/10\/zedantas.jpg\" \/>\n\t<meta property=\"og:image:width\" content=\"320\" \/>\n\t<meta property=\"og:image:height\" content=\"400\" \/>\n\t<meta property=\"og:image:type\" content=\"image\/jpeg\" \/>\n<meta name=\"author\" content=\"afogadosfm\" \/>\n<meta name=\"twitter:card\" content=\"summary_large_image\" \/>\n<meta name=\"twitter:label1\" content=\"Escrito por\" \/>\n\t<meta name=\"twitter:data1\" content=\"afogadosfm\" \/>\n\t<meta name=\"twitter:label2\" content=\"Est. tempo de leitura\" \/>\n\t<meta name=\"twitter:data2\" content=\"3 minutos\" \/>\n<script type=\"application\/ld+json\" class=\"yoast-schema-graph\">{\"@context\":\"https:\\\/\\\/schema.org\",\"@graph\":[{\"@type\":\"Article\",\"@id\":\"https:\\\/\\\/afogadosfm.com.br\\\/afogadosfm\\\/2025\\\/10\\\/16\\\/carnaiba-divulgou-programacao-da-30a-festa-do-poeta-e-compositor-ze-dantas\\\/#article\",\"isPartOf\":{\"@id\":\"https:\\\/\\\/afogadosfm.com.br\\\/afogadosfm\\\/2025\\\/10\\\/16\\\/carnaiba-divulgou-programacao-da-30a-festa-do-poeta-e-compositor-ze-dantas\\\/\"},\"author\":{\"name\":\"afogadosfm\",\"@id\":\"https:\\\/\\\/afogadosfm.com.br\\\/afogadosfm\\\/#\\\/schema\\\/person\\\/60e56f2cf5dc960fc093fe093d9e9057\"},\"headline\":\"Carna\u00edba divulgou programa\u00e7\u00e3o da 30\u00aa Festa do Poeta e Compositor Z\u00e9 Dantas\",\"datePublished\":\"2025-10-16T08:40:07+00:00\",\"dateModified\":\"2025-10-16T08:40:08+00:00\",\"mainEntityOfPage\":{\"@id\":\"https:\\\/\\\/afogadosfm.com.br\\\/afogadosfm\\\/2025\\\/10\\\/16\\\/carnaiba-divulgou-programacao-da-30a-festa-do-poeta-e-compositor-ze-dantas\\\/\"},\"wordCount\":480,\"commentCount\":0,\"publisher\":{\"@id\":\"https:\\\/\\\/afogadosfm.com.br\\\/afogadosfm\\\/#organization\"},\"image\":{\"@id\":\"https:\\\/\\\/afogadosfm.com.br\\\/afogadosfm\\\/2025\\\/10\\\/16\\\/carnaiba-divulgou-programacao-da-30a-festa-do-poeta-e-compositor-ze-dantas\\\/#primaryimage\"},\"thumbnailUrl\":\"https:\\\/\\\/i0.wp.com\\\/afogadosfm.com.br\\\/afogadosfm\\\/wp-content\\\/uploads\\\/2025\\\/10\\\/zedantas.jpg?fit=320%2C400&ssl=1\",\"articleSection\":[\"Sert\u00e3o\"],\"inLanguage\":\"pt-BR\",\"potentialAction\":[{\"@type\":\"CommentAction\",\"name\":\"Comment\",\"target\":[\"https:\\\/\\\/afogadosfm.com.br\\\/afogadosfm\\\/2025\\\/10\\\/16\\\/carnaiba-divulgou-programacao-da-30a-festa-do-poeta-e-compositor-ze-dantas\\\/#respond\"]}]},{\"@type\":\"WebPage\",\"@id\":\"https:\\\/\\\/afogadosfm.com.br\\\/afogadosfm\\\/2025\\\/10\\\/16\\\/carnaiba-divulgou-programacao-da-30a-festa-do-poeta-e-compositor-ze-dantas\\\/\",\"url\":\"https:\\\/\\\/afogadosfm.com.br\\\/afogadosfm\\\/2025\\\/10\\\/16\\\/carnaiba-divulgou-programacao-da-30a-festa-do-poeta-e-compositor-ze-dantas\\\/\",\"name\":\"Carna\u00edba divulgou programa\u00e7\u00e3o da 30\u00aa Festa do Poeta e Compositor Z\u00e9 Dantas - Afogados FM\",\"isPartOf\":{\"@id\":\"https:\\\/\\\/afogadosfm.com.br\\\/afogadosfm\\\/#website\"},\"primaryImageOfPage\":{\"@id\":\"https:\\\/\\\/afogadosfm.com.br\\\/afogadosfm\\\/2025\\\/10\\\/16\\\/carnaiba-divulgou-programacao-da-30a-festa-do-poeta-e-compositor-ze-dantas\\\/#primaryimage\"},\"image\":{\"@id\":\"https:\\\/\\\/afogadosfm.com.br\\\/afogadosfm\\\/2025\\\/10\\\/16\\\/carnaiba-divulgou-programacao-da-30a-festa-do-poeta-e-compositor-ze-dantas\\\/#primaryimage\"},\"thumbnailUrl\":\"https:\\\/\\\/i0.wp.com\\\/afogadosfm.com.br\\\/afogadosfm\\\/wp-content\\\/uploads\\\/2025\\\/10\\\/zedantas.jpg?fit=320%2C400&ssl=1\",\"datePublished\":\"2025-10-16T08:40:07+00:00\",\"dateModified\":\"2025-10-16T08:40:08+00:00\",\"breadcrumb\":{\"@id\":\"https:\\\/\\\/afogadosfm.com.br\\\/afogadosfm\\\/2025\\\/10\\\/16\\\/carnaiba-divulgou-programacao-da-30a-festa-do-poeta-e-compositor-ze-dantas\\\/#breadcrumb\"},\"inLanguage\":\"pt-BR\",\"potentialAction\":[{\"@type\":\"ReadAction\",\"target\":[\"https:\\\/\\\/afogadosfm.com.br\\\/afogadosfm\\\/2025\\\/10\\\/16\\\/carnaiba-divulgou-programacao-da-30a-festa-do-poeta-e-compositor-ze-dantas\\\/\"]}]},{\"@type\":\"ImageObject\",\"inLanguage\":\"pt-BR\",\"@id\":\"https:\\\/\\\/afogadosfm.com.br\\\/afogadosfm\\\/2025\\\/10\\\/16\\\/carnaiba-divulgou-programacao-da-30a-festa-do-poeta-e-compositor-ze-dantas\\\/#primaryimage\",\"url\":\"https:\\\/\\\/i0.wp.com\\\/afogadosfm.com.br\\\/afogadosfm\\\/wp-content\\\/uploads\\\/2025\\\/10\\\/zedantas.jpg?fit=320%2C400&ssl=1\",\"contentUrl\":\"https:\\\/\\\/i0.wp.com\\\/afogadosfm.com.br\\\/afogadosfm\\\/wp-content\\\/uploads\\\/2025\\\/10\\\/zedantas.jpg?fit=320%2C400&ssl=1\",\"width\":320,\"height\":400},{\"@type\":\"BreadcrumbList\",\"@id\":\"https:\\\/\\\/afogadosfm.com.br\\\/afogadosfm\\\/2025\\\/10\\\/16\\\/carnaiba-divulgou-programacao-da-30a-festa-do-poeta-e-compositor-ze-dantas\\\/#breadcrumb\",\"itemListElement\":[{\"@type\":\"ListItem\",\"position\":1,\"name\":\"In\u00edcio\",\"item\":\"https:\\\/\\\/afogadosfm.com.br\\\/afogadosfm\\\/\"},{\"@type\":\"ListItem\",\"position\":2,\"name\":\"Carna\u00edba divulgou programa\u00e7\u00e3o da 30\u00aa Festa do Poeta e Compositor Z\u00e9 Dantas\"}]},{\"@type\":\"WebSite\",\"@id\":\"https:\\\/\\\/afogadosfm.com.br\\\/afogadosfm\\\/#website\",\"url\":\"https:\\\/\\\/afogadosfm.com.br\\\/afogadosfm\\\/\",\"name\":\"Afogados FM\",\"description\":\"Um site completo!\",\"publisher\":{\"@id\":\"https:\\\/\\\/afogadosfm.com.br\\\/afogadosfm\\\/#organization\"},\"potentialAction\":[{\"@type\":\"SearchAction\",\"target\":{\"@type\":\"EntryPoint\",\"urlTemplate\":\"https:\\\/\\\/afogadosfm.com.br\\\/afogadosfm\\\/?s={search_term_string}\"},\"query-input\":{\"@type\":\"PropertyValueSpecification\",\"valueRequired\":true,\"valueName\":\"search_term_string\"}}],\"inLanguage\":\"pt-BR\"},{\"@type\":\"Organization\",\"@id\":\"https:\\\/\\\/afogadosfm.com.br\\\/afogadosfm\\\/#organization\",\"name\":\"Afogados FM\",\"url\":\"https:\\\/\\\/afogadosfm.com.br\\\/afogadosfm\\\/\",\"logo\":{\"@type\":\"ImageObject\",\"inLanguage\":\"pt-BR\",\"@id\":\"https:\\\/\\\/afogadosfm.com.br\\\/afogadosfm\\\/#\\\/schema\\\/logo\\\/image\\\/\",\"url\":\"https:\\\/\\\/i0.wp.com\\\/afogadosfm.com.br\\\/afogadosfm\\\/wp-content\\\/uploads\\\/2020\\\/06\\\/cropped-banner-afogados-4.jpg?fit=369%2C137&ssl=1\",\"contentUrl\":\"https:\\\/\\\/i0.wp.com\\\/afogadosfm.com.br\\\/afogadosfm\\\/wp-content\\\/uploads\\\/2020\\\/06\\\/cropped-banner-afogados-4.jpg?fit=369%2C137&ssl=1\",\"width\":369,\"height\":137,\"caption\":\"Afogados FM\"},\"image\":{\"@id\":\"https:\\\/\\\/afogadosfm.com.br\\\/afogadosfm\\\/#\\\/schema\\\/logo\\\/image\\\/\"}},{\"@type\":\"Person\",\"@id\":\"https:\\\/\\\/afogadosfm.com.br\\\/afogadosfm\\\/#\\\/schema\\\/person\\\/60e56f2cf5dc960fc093fe093d9e9057\",\"name\":\"afogadosfm\",\"image\":{\"@type\":\"ImageObject\",\"inLanguage\":\"pt-BR\",\"@id\":\"https:\\\/\\\/secure.gravatar.com\\\/avatar\\\/e0359add7ed5dc3560906d861b52c6a8cf5c1e199d3a7dd85070998f49bd4701?s=96&d=mm&r=g\",\"url\":\"https:\\\/\\\/secure.gravatar.com\\\/avatar\\\/e0359add7ed5dc3560906d861b52c6a8cf5c1e199d3a7dd85070998f49bd4701?s=96&d=mm&r=g\",\"contentUrl\":\"https:\\\/\\\/secure.gravatar.com\\\/avatar\\\/e0359add7ed5dc3560906d861b52c6a8cf5c1e199d3a7dd85070998f49bd4701?s=96&d=mm&r=g\",\"caption\":\"afogadosfm\"},\"url\":\"https:\\\/\\\/afogadosfm.com.br\\\/afogadosfm\\\/author\\\/afogadosfm\\\/\"}]}<\/script>\n<!-- \/ Yoast SEO plugin. -->","yoast_head_json":{"title":"Carna\u00edba divulgou programa\u00e7\u00e3o da 30\u00aa Festa do Poeta e Compositor Z\u00e9 Dantas - Afogados FM","robots":{"index":"index","follow":"follow","max-snippet":"max-snippet:-1","max-image-preview":"max-image-preview:large","max-video-preview":"max-video-preview:-1"},"canonical":"https:\/\/afogadosfm.com.br\/afogadosfm\/2025\/10\/16\/carnaiba-divulgou-programacao-da-30a-festa-do-poeta-e-compositor-ze-dantas\/","og_locale":"pt_BR","og_type":"article","og_title":"Carna\u00edba divulgou programa\u00e7\u00e3o da 30\u00aa Festa do Poeta e Compositor Z\u00e9 Dantas - Afogados FM","og_description":"A Prefeitura de Carna\u00edba, por meio da Diretoria Municipal de Cultura, Turismo, Economia Criativa e Juventude, anunciou a programa\u00e7\u00e3o completa","og_url":"https:\/\/afogadosfm.com.br\/afogadosfm\/2025\/10\/16\/carnaiba-divulgou-programacao-da-30a-festa-do-poeta-e-compositor-ze-dantas\/","og_site_name":"Afogados FM","article_published_time":"2025-10-16T08:40:07+00:00","article_modified_time":"2025-10-16T08:40:08+00:00","og_image":[{"width":320,"height":400,"url":"https:\/\/afogadosfm.com.br\/afogadosfm\/wp-content\/uploads\/2025\/10\/zedantas.jpg","type":"image\/jpeg"}],"author":"afogadosfm","twitter_card":"summary_large_image","twitter_misc":{"Escrito por":"afogadosfm","Est. tempo de leitura":"3 minutos"},"schema":{"@context":"https:\/\/schema.org","@graph":[{"@type":"Article","@id":"https:\/\/afogadosfm.com.br\/afogadosfm\/2025\/10\/16\/carnaiba-divulgou-programacao-da-30a-festa-do-poeta-e-compositor-ze-dantas\/#article","isPartOf":{"@id":"https:\/\/afogadosfm.com.br\/afogadosfm\/2025\/10\/16\/carnaiba-divulgou-programacao-da-30a-festa-do-poeta-e-compositor-ze-dantas\/"},"author":{"name":"afogadosfm","@id":"https:\/\/afogadosfm.com.br\/afogadosfm\/#\/schema\/person\/60e56f2cf5dc960fc093fe093d9e9057"},"headline":"Carna\u00edba divulgou programa\u00e7\u00e3o da 30\u00aa Festa do Poeta e Compositor Z\u00e9 Dantas","datePublished":"2025-10-16T08:40:07+00:00","dateModified":"2025-10-16T08:40:08+00:00","mainEntityOfPage":{"@id":"https:\/\/afogadosfm.com.br\/afogadosfm\/2025\/10\/16\/carnaiba-divulgou-programacao-da-30a-festa-do-poeta-e-compositor-ze-dantas\/"},"wordCount":480,"commentCount":0,"publisher":{"@id":"https:\/\/afogadosfm.com.br\/afogadosfm\/#organization"},"image":{"@id":"https:\/\/afogadosfm.com.br\/afogadosfm\/2025\/10\/16\/carnaiba-divulgou-programacao-da-30a-festa-do-poeta-e-compositor-ze-dantas\/#primaryimage"},"thumbnailUrl":"https:\/\/i0.wp.com\/afogadosfm.com.br\/afogadosfm\/wp-content\/uploads\/2025\/10\/zedantas.jpg?fit=320%2C400&ssl=1","articleSection":["Sert\u00e3o"],"inLanguage":"pt-BR","potentialAction":[{"@type":"CommentAction","name":"Comment","target":["https:\/\/afogadosfm.com.br\/afogadosfm\/2025\/10\/16\/carnaiba-divulgou-programacao-da-30a-festa-do-poeta-e-compositor-ze-dantas\/#respond"]}]},{"@type":"WebPage","@id":"https:\/\/afogadosfm.com.br\/afogadosfm\/2025\/10\/16\/carnaiba-divulgou-programacao-da-30a-festa-do-poeta-e-compositor-ze-dantas\/","url":"https:\/\/afogadosfm.com.br\/afogadosfm\/2025\/10\/16\/carnaiba-divulgou-programacao-da-30a-festa-do-poeta-e-compositor-ze-dantas\/","name":"Carna\u00edba divulgou programa\u00e7\u00e3o da 30\u00aa Festa do Poeta e Compositor Z\u00e9 Dantas - Afogados FM","isPartOf":{"@id":"https:\/\/afogadosfm.com.br\/afogadosfm\/#website"},"primaryImageOfPage":{"@id":"https:\/\/afogadosfm.com.br\/afogadosfm\/2025\/10\/16\/carnaiba-divulgou-programacao-da-30a-festa-do-poeta-e-compositor-ze-dantas\/#primaryimage"},"image":{"@id":"https:\/\/afogadosfm.com.br\/afogadosfm\/2025\/10\/16\/carnaiba-divulgou-programacao-da-30a-festa-do-poeta-e-compositor-ze-dantas\/#primaryimage"},"thumbnailUrl":"https:\/\/i0.wp.com\/afogadosfm.com.br\/afogadosfm\/wp-content\/uploads\/2025\/10\/zedantas.jpg?fit=320%2C400&ssl=1","datePublished":"2025-10-16T08:40:07+00:00","dateModified":"2025-10-16T08:40:08+00:00","breadcrumb":{"@id":"https:\/\/afogadosfm.com.br\/afogadosfm\/2025\/10\/16\/carnaiba-divulgou-programacao-da-30a-festa-do-poeta-e-compositor-ze-dantas\/#breadcrumb"},"inLanguage":"pt-BR","potentialAction":[{"@type":"ReadAction","target":["https:\/\/afogadosfm.com.br\/afogadosfm\/2025\/10\/16\/carnaiba-divulgou-programacao-da-30a-festa-do-poeta-e-compositor-ze-dantas\/"]}]},{"@type":"ImageObject","inLanguage":"pt-BR","@id":"https:\/\/afogadosfm.com.br\/afogadosfm\/2025\/10\/16\/carnaiba-divulgou-programacao-da-30a-festa-do-poeta-e-compositor-ze-dantas\/#primaryimage","url":"https:\/\/i0.wp.com\/afogadosfm.com.br\/afogadosfm\/wp-content\/uploads\/2025\/10\/zedantas.jpg?fit=320%2C400&ssl=1","contentUrl":"https:\/\/i0.wp.com\/afogadosfm.com.br\/afogadosfm\/wp-content\/uploads\/2025\/10\/zedantas.jpg?fit=320%2C400&ssl=1","width":320,"height":400},{"@type":"BreadcrumbList","@id":"https:\/\/afogadosfm.com.br\/afogadosfm\/2025\/10\/16\/carnaiba-divulgou-programacao-da-30a-festa-do-poeta-e-compositor-ze-dantas\/#breadcrumb","itemListElement":[{"@type":"ListItem","position":1,"name":"In\u00edcio","item":"https:\/\/afogadosfm.com.br\/afogadosfm\/"},{"@type":"ListItem","position":2,"name":"Carna\u00edba divulgou programa\u00e7\u00e3o da 30\u00aa Festa do Poeta e Compositor Z\u00e9 Dantas"}]},{"@type":"WebSite","@id":"https:\/\/afogadosfm.com.br\/afogadosfm\/#website","url":"https:\/\/afogadosfm.com.br\/afogadosfm\/","name":"Afogados FM","description":"Um site completo!","publisher":{"@id":"https:\/\/afogadosfm.com.br\/afogadosfm\/#organization"},"potentialAction":[{"@type":"SearchAction","target":{"@type":"EntryPoint","urlTemplate":"https:\/\/afogadosfm.com.br\/afogadosfm\/?s={search_term_string}"},"query-input":{"@type":"PropertyValueSpecification","valueRequired":true,"valueName":"search_term_string"}}],"inLanguage":"pt-BR"},{"@type":"Organization","@id":"https:\/\/afogadosfm.com.br\/afogadosfm\/#organization","name":"Afogados FM","url":"https:\/\/afogadosfm.com.br\/afogadosfm\/","logo":{"@type":"ImageObject","inLanguage":"pt-BR","@id":"https:\/\/afogadosfm.com.br\/afogadosfm\/#\/schema\/logo\/image\/","url":"https:\/\/i0.wp.com\/afogadosfm.com.br\/afogadosfm\/wp-content\/uploads\/2020\/06\/cropped-banner-afogados-4.jpg?fit=369%2C137&ssl=1","contentUrl":"https:\/\/i0.wp.com\/afogadosfm.com.br\/afogadosfm\/wp-content\/uploads\/2020\/06\/cropped-banner-afogados-4.jpg?fit=369%2C137&ssl=1","width":369,"height":137,"caption":"Afogados FM"},"image":{"@id":"https:\/\/afogadosfm.com.br\/afogadosfm\/#\/schema\/logo\/image\/"}},{"@type":"Person","@id":"https:\/\/afogadosfm.com.br\/afogadosfm\/#\/schema\/person\/60e56f2cf5dc960fc093fe093d9e9057","name":"afogadosfm","image":{"@type":"ImageObject","inLanguage":"pt-BR","@id":"https:\/\/secure.gravatar.com\/avatar\/e0359add7ed5dc3560906d861b52c6a8cf5c1e199d3a7dd85070998f49bd4701?s=96&d=mm&r=g","url":"https:\/\/secure.gravatar.com\/avatar\/e0359add7ed5dc3560906d861b52c6a8cf5c1e199d3a7dd85070998f49bd4701?s=96&d=mm&r=g","contentUrl":"https:\/\/secure.gravatar.com\/avatar\/e0359add7ed5dc3560906d861b52c6a8cf5c1e199d3a7dd85070998f49bd4701?s=96&d=mm&r=g","caption":"afogadosfm"},"url":"https:\/\/afogadosfm.com.br\/afogadosfm\/author\/afogadosfm\/"}]}},"jetpack_publicize_connections":[],"jetpack_featured_media_url":"https:\/\/i0.wp.com\/afogadosfm.com.br\/afogadosfm\/wp-content\/uploads\/2025\/10\/zedantas.jpg?fit=320%2C400&ssl=1","jetpack-related-posts":[],"jetpack_sharing_enabled":true,"jetpack_likes_enabled":true,"_links":{"self":[{"href":"https:\/\/afogadosfm.com.br\/afogadosfm\/wp-json\/wp\/v2\/posts\/69852","targetHints":{"allow":["GET"]}}],"collection":[{"href":"https:\/\/afogadosfm.com.br\/afogadosfm\/wp-json\/wp\/v2\/posts"}],"about":[{"href":"https:\/\/afogadosfm.com.br\/afogadosfm\/wp-json\/wp\/v2\/types\/post"}],"author":[{"embeddable":true,"href":"https:\/\/afogadosfm.com.br\/afogadosfm\/wp-json\/wp\/v2\/users\/2"}],"replies":[{"embeddable":true,"href":"https:\/\/afogadosfm.com.br\/afogadosfm\/wp-json\/wp\/v2\/comments?post=69852"}],"version-history":[{"count":1,"href":"https:\/\/afogadosfm.com.br\/afogadosfm\/wp-json\/wp\/v2\/posts\/69852\/revisions"}],"predecessor-version":[{"id":69854,"href":"https:\/\/afogadosfm.com.br\/afogadosfm\/wp-json\/wp\/v2\/posts\/69852\/revisions\/69854"}],"wp:featuredmedia":[{"embeddable":true,"href":"https:\/\/afogadosfm.com.br\/afogadosfm\/wp-json\/wp\/v2\/media\/69853"}],"wp:attachment":[{"href":"https:\/\/afogadosfm.com.br\/afogadosfm\/wp-json\/wp\/v2\/media?parent=69852"}],"wp:term":[{"taxonomy":"category","embeddable":true,"href":"https:\/\/afogadosfm.com.br\/afogadosfm\/wp-json\/wp\/v2\/categories?post=69852"},{"taxonomy":"post_tag","embeddable":true,"href":"https:\/\/afogadosfm.com.br\/afogadosfm\/wp-json\/wp\/v2\/tags?post=69852"}],"curies":[{"name":"wp","href":"https:\/\/api.w.org\/{rel}","templated":true}]}}