{"id":69855,"date":"2025-10-16T05:42:38","date_gmt":"2025-10-16T08:42:38","guid":{"rendered":"https:\/\/afogadosfm.com.br\/afogadosfm\/?p=69855"},"modified":"2025-10-16T05:42:39","modified_gmt":"2025-10-16T08:42:39","slug":"alepe-leva-oficina-de-cordel-para-jovens-da-funase-ministrada-pelo-poeta-alexandre-morais","status":"publish","type":"post","link":"https:\/\/afogadosfm.com.br\/afogadosfm\/2025\/10\/16\/alepe-leva-oficina-de-cordel-para-jovens-da-funase-ministrada-pelo-poeta-alexandre-morais\/","title":{"rendered":"Alepe leva oficina de cordel para jovens da Funase\u00a0ministrada pelo poeta Alexandre Morais"},"content":{"rendered":"\n<p>A Biblioteca da Assembleia Legislativa de Pernambuco (Alepe) realiza, nesta quinta-feira (16), uma edi\u00e7\u00e3o especial e itinerante do \u2018Projeto Cordel para Todos\u2019, voltada para jovens em cumprimento de medida socioeducativa de restri\u00e7\u00e3o de liberdade na Funda\u00e7\u00e3o de Atendimento Socioeducativo (Funase) da Muribeca, em Jaboat\u00e3o dos Guararapes. A atividade acontece das 13h30 \u00e0s 15h30 e tem como proposta aproximar os adolescentes da cultura popular nordestina, despertando o interesse pela leitura e pela escrita criativa.<\/p>\n\n\n\n<p>O encontro contar\u00e1 com uma oficina ministrada pelo escritor e cordelista Alexandre Morais, que vai apresentar t\u00e9cnicas de elabora\u00e7\u00e3o e estrutura\u00e7\u00e3o de versos em cordel, al\u00e9m de conduzir um momento de cria\u00e7\u00e3o coletiva. Os participantes ter\u00e3o a oportunidade de escrever e declamar seus pr\u00f3prios textos, explorando temas relacionados \u00e0 supera\u00e7\u00e3o e \u00e0 valoriza\u00e7\u00e3o de suas hist\u00f3rias pessoais.<\/p>\n\n\n\n<p>A iniciativa integra as a\u00e7\u00f5es de extens\u00e3o e inclus\u00e3o sociocultural da Biblioteca da Alepe, que tem ampliado sua atua\u00e7\u00e3o fora da sede da Assembleia, levando atividades liter\u00e1rias e educativas a escolas, comunidades e institui\u00e7\u00f5es sociais. O objetivo \u00e9 estimular o h\u00e1bito da leitura, e mostrar a literatura como ferramenta de reintegra\u00e7\u00e3o social.<\/p>\n\n\n\n<p>De acordo com o cordelista Alexandre Morais, promover uma oficina de cordel \u00e9 compartilhar arte e inspirar vidas. \u201c\u00c9 tamb\u00e9m transformar os participantes em agentes culturais. Vamos provoc\u00e1-los a escrever e confeccionar cord\u00e9is mostrando que todo mundo tem uma hist\u00f3ria pra contar\u201d explicou o oficineiro.<\/p>\n\n\n\n<p><strong>Promo\u00e7\u00e3o da cidadania<\/strong><\/p>\n\n\n\n<p>Para a bibliotec\u00e1ria da Alepe, Sirl\u00eania Ara\u00fajo, o projeto reafirma o compromisso do Legislativo com o desenvolvimento humano por meio da cultura. \u201cLevar o cordel para ambientes de vulnerabilidade evidencia o papel da Casa Joaquim Nabuco na promo\u00e7\u00e3o da cidadania. A oficina \u00e9 uma das muitas a\u00e7\u00f5es que buscam fortalecer a identidade nordestina e incentivar a produ\u00e7\u00e3o art\u00edstica entre os jovens\u201d, destacou a gerente da biblioteca.<\/p>\n\n\n\n<p>Para o presidente da Alepe, deputado \u00c1lvaro Porto, a a\u00e7\u00e3o na Funase representa um convite \u00e0 express\u00e3o e est\u00edmulo \u00e0 educa\u00e7\u00e3o. \u201cEsses jovens carregam narrativas potentes. O cordel ajuda a dar voz a essas experi\u00eancias e mostra que a arte pode ser um caminho de recome\u00e7o e transforma\u00e7\u00e3o social\u201d, enfatizou.<\/p>\n\n\n\n<p>O primeiro-secret\u00e1rio da Alepe, deputado Francismar Pontes, refor\u00e7a a import\u00e2ncia educativa do projeto da biblioteca e o est\u00edmulo \u00e0 capacidade de cria\u00e7\u00e3o. \u201cQuando um jovem escreve um cordel e v\u00ea seu texto reconhecido, ele se descobre capaz de criar, refletir e comunicar. Esse processo \u00e9 transformador e pode abrir caminhos para novas perspectivas de vida\u201d, afirmou Pontes.<\/p>\n\n\n\n<p><strong>Transformando vida<\/strong><\/p>\n\n\n\n<p>O \u2018Projeto Cordel para Todos\u2019 foi criado pela Biblioteca da Alepe com a miss\u00e3o de democratizar o acesso \u00e0 literatura popular e valorizar a tradi\u00e7\u00e3o nordestina. Desde a sua cria\u00e7\u00e3o, a iniciativa j\u00e1 percorreu diversas institui\u00e7\u00f5es de ensino e espa\u00e7os comunit\u00e1rios, aproximando novos p\u00fablicos da arte e com um olhar especial para a ressocializa\u00e7\u00e3o.<\/p>\n\n\n\n<p>Em mar\u00e7o de 2024, a Alepe promoveu uma edi\u00e7\u00e3o especial de incentivo \u00e0 leitura do Programa Caf\u00e9 com Poesia, realizado na Col\u00f4nia Penal Feminina do Recife no Engenho do Meio. O evento, que re\u00fane arte, m\u00fasica, poesia e literatura contou com a participa\u00e7\u00e3o de m\u00fasicos, escritores, poetas, cordelistas e do Coral Vozes de Pernambuco, formado por servidores da Alepe. A a\u00e7\u00e3o visou levar cultura e arte para um ambiente de priva\u00e7\u00e3o de liberdade, impactando positivamente a autoestima e a sa\u00fade mental daquelas mulheres.<\/p>\n","protected":false},"excerpt":{"rendered":"<p>A Biblioteca da Assembleia Legislativa de Pernambuco (Alepe) realiza, nesta quinta-feira (16), uma edi\u00e7\u00e3o especial e itinerante do \u2018Projeto Cordel<\/p>\n","protected":false},"author":2,"featured_media":69856,"comment_status":"open","ping_status":"open","sticky":false,"template":"","format":"standard","meta":{"jetpack_post_was_ever_published":false,"_jetpack_newsletter_access":"","_jetpack_dont_email_post_to_subs":false,"_jetpack_newsletter_tier_id":0,"_jetpack_memberships_contains_paywalled_content":false,"_jetpack_memberships_contains_paid_content":false,"footnotes":"","jetpack_publicize_message":"","jetpack_publicize_feature_enabled":true,"jetpack_social_post_already_shared":true,"jetpack_social_options":{"image_generator_settings":{"template":"highway","default_image_id":0,"font":"","enabled":false},"version":2}},"categories":[33],"tags":[],"class_list":["post-69855","post","type-post","status-publish","format-standard","has-post-thumbnail","hentry","category-cultura"],"yoast_head":"<!-- This site is optimized with the Yoast SEO plugin v27.5 - https:\/\/yoast.com\/product\/yoast-seo-wordpress\/ -->\n<title>Alepe leva oficina de cordel para jovens da Funase\u00a0ministrada pelo poeta Alexandre Morais - Afogados FM<\/title>\n<meta name=\"robots\" content=\"index, follow, max-snippet:-1, max-image-preview:large, max-video-preview:-1\" \/>\n<link rel=\"canonical\" href=\"https:\/\/afogadosfm.com.br\/afogadosfm\/2025\/10\/16\/alepe-leva-oficina-de-cordel-para-jovens-da-funase-ministrada-pelo-poeta-alexandre-morais\/\" \/>\n<meta property=\"og:locale\" content=\"pt_BR\" \/>\n<meta property=\"og:type\" content=\"article\" \/>\n<meta property=\"og:title\" content=\"Alepe leva oficina de cordel para jovens da Funase\u00a0ministrada pelo poeta Alexandre Morais - Afogados FM\" \/>\n<meta property=\"og:description\" content=\"A Biblioteca da Assembleia Legislativa de Pernambuco (Alepe) realiza, nesta quinta-feira (16), uma edi\u00e7\u00e3o especial e itinerante do \u2018Projeto Cordel\" \/>\n<meta property=\"og:url\" content=\"https:\/\/afogadosfm.com.br\/afogadosfm\/2025\/10\/16\/alepe-leva-oficina-de-cordel-para-jovens-da-funase-ministrada-pelo-poeta-alexandre-morais\/\" \/>\n<meta property=\"og:site_name\" content=\"Afogados FM\" \/>\n<meta property=\"article:published_time\" content=\"2025-10-16T08:42:38+00:00\" \/>\n<meta property=\"article:modified_time\" content=\"2025-10-16T08:42:39+00:00\" \/>\n<meta property=\"og:image\" content=\"https:\/\/afogadosfm.com.br\/afogadosfm\/wp-content\/uploads\/2025\/10\/morais.jpg\" \/>\n\t<meta property=\"og:image:width\" content=\"768\" \/>\n\t<meta property=\"og:image:height\" content=\"512\" \/>\n\t<meta property=\"og:image:type\" content=\"image\/jpeg\" \/>\n<meta name=\"author\" content=\"afogadosfm\" \/>\n<meta name=\"twitter:card\" content=\"summary_large_image\" \/>\n<meta name=\"twitter:label1\" content=\"Escrito por\" \/>\n\t<meta name=\"twitter:data1\" content=\"afogadosfm\" \/>\n\t<meta name=\"twitter:label2\" content=\"Est. tempo de leitura\" \/>\n\t<meta name=\"twitter:data2\" content=\"4 minutos\" \/>\n<script type=\"application\/ld+json\" class=\"yoast-schema-graph\">{\"@context\":\"https:\\\/\\\/schema.org\",\"@graph\":[{\"@type\":\"Article\",\"@id\":\"https:\\\/\\\/afogadosfm.com.br\\\/afogadosfm\\\/2025\\\/10\\\/16\\\/alepe-leva-oficina-de-cordel-para-jovens-da-funase-ministrada-pelo-poeta-alexandre-morais\\\/#article\",\"isPartOf\":{\"@id\":\"https:\\\/\\\/afogadosfm.com.br\\\/afogadosfm\\\/2025\\\/10\\\/16\\\/alepe-leva-oficina-de-cordel-para-jovens-da-funase-ministrada-pelo-poeta-alexandre-morais\\\/\"},\"author\":{\"name\":\"afogadosfm\",\"@id\":\"https:\\\/\\\/afogadosfm.com.br\\\/afogadosfm\\\/#\\\/schema\\\/person\\\/60e56f2cf5dc960fc093fe093d9e9057\"},\"headline\":\"Alepe leva oficina de cordel para jovens da Funase\u00a0ministrada pelo poeta Alexandre Morais\",\"datePublished\":\"2025-10-16T08:42:38+00:00\",\"dateModified\":\"2025-10-16T08:42:39+00:00\",\"mainEntityOfPage\":{\"@id\":\"https:\\\/\\\/afogadosfm.com.br\\\/afogadosfm\\\/2025\\\/10\\\/16\\\/alepe-leva-oficina-de-cordel-para-jovens-da-funase-ministrada-pelo-poeta-alexandre-morais\\\/\"},\"wordCount\":606,\"commentCount\":0,\"publisher\":{\"@id\":\"https:\\\/\\\/afogadosfm.com.br\\\/afogadosfm\\\/#organization\"},\"image\":{\"@id\":\"https:\\\/\\\/afogadosfm.com.br\\\/afogadosfm\\\/2025\\\/10\\\/16\\\/alepe-leva-oficina-de-cordel-para-jovens-da-funase-ministrada-pelo-poeta-alexandre-morais\\\/#primaryimage\"},\"thumbnailUrl\":\"https:\\\/\\\/i0.wp.com\\\/afogadosfm.com.br\\\/afogadosfm\\\/wp-content\\\/uploads\\\/2025\\\/10\\\/morais.jpg?fit=768%2C512&ssl=1\",\"articleSection\":[\"Cultura\"],\"inLanguage\":\"pt-BR\",\"potentialAction\":[{\"@type\":\"CommentAction\",\"name\":\"Comment\",\"target\":[\"https:\\\/\\\/afogadosfm.com.br\\\/afogadosfm\\\/2025\\\/10\\\/16\\\/alepe-leva-oficina-de-cordel-para-jovens-da-funase-ministrada-pelo-poeta-alexandre-morais\\\/#respond\"]}]},{\"@type\":\"WebPage\",\"@id\":\"https:\\\/\\\/afogadosfm.com.br\\\/afogadosfm\\\/2025\\\/10\\\/16\\\/alepe-leva-oficina-de-cordel-para-jovens-da-funase-ministrada-pelo-poeta-alexandre-morais\\\/\",\"url\":\"https:\\\/\\\/afogadosfm.com.br\\\/afogadosfm\\\/2025\\\/10\\\/16\\\/alepe-leva-oficina-de-cordel-para-jovens-da-funase-ministrada-pelo-poeta-alexandre-morais\\\/\",\"name\":\"Alepe leva oficina de cordel para jovens da Funase\u00a0ministrada pelo poeta Alexandre Morais - Afogados FM\",\"isPartOf\":{\"@id\":\"https:\\\/\\\/afogadosfm.com.br\\\/afogadosfm\\\/#website\"},\"primaryImageOfPage\":{\"@id\":\"https:\\\/\\\/afogadosfm.com.br\\\/afogadosfm\\\/2025\\\/10\\\/16\\\/alepe-leva-oficina-de-cordel-para-jovens-da-funase-ministrada-pelo-poeta-alexandre-morais\\\/#primaryimage\"},\"image\":{\"@id\":\"https:\\\/\\\/afogadosfm.com.br\\\/afogadosfm\\\/2025\\\/10\\\/16\\\/alepe-leva-oficina-de-cordel-para-jovens-da-funase-ministrada-pelo-poeta-alexandre-morais\\\/#primaryimage\"},\"thumbnailUrl\":\"https:\\\/\\\/i0.wp.com\\\/afogadosfm.com.br\\\/afogadosfm\\\/wp-content\\\/uploads\\\/2025\\\/10\\\/morais.jpg?fit=768%2C512&ssl=1\",\"datePublished\":\"2025-10-16T08:42:38+00:00\",\"dateModified\":\"2025-10-16T08:42:39+00:00\",\"breadcrumb\":{\"@id\":\"https:\\\/\\\/afogadosfm.com.br\\\/afogadosfm\\\/2025\\\/10\\\/16\\\/alepe-leva-oficina-de-cordel-para-jovens-da-funase-ministrada-pelo-poeta-alexandre-morais\\\/#breadcrumb\"},\"inLanguage\":\"pt-BR\",\"potentialAction\":[{\"@type\":\"ReadAction\",\"target\":[\"https:\\\/\\\/afogadosfm.com.br\\\/afogadosfm\\\/2025\\\/10\\\/16\\\/alepe-leva-oficina-de-cordel-para-jovens-da-funase-ministrada-pelo-poeta-alexandre-morais\\\/\"]}]},{\"@type\":\"ImageObject\",\"inLanguage\":\"pt-BR\",\"@id\":\"https:\\\/\\\/afogadosfm.com.br\\\/afogadosfm\\\/2025\\\/10\\\/16\\\/alepe-leva-oficina-de-cordel-para-jovens-da-funase-ministrada-pelo-poeta-alexandre-morais\\\/#primaryimage\",\"url\":\"https:\\\/\\\/i0.wp.com\\\/afogadosfm.com.br\\\/afogadosfm\\\/wp-content\\\/uploads\\\/2025\\\/10\\\/morais.jpg?fit=768%2C512&ssl=1\",\"contentUrl\":\"https:\\\/\\\/i0.wp.com\\\/afogadosfm.com.br\\\/afogadosfm\\\/wp-content\\\/uploads\\\/2025\\\/10\\\/morais.jpg?fit=768%2C512&ssl=1\",\"width\":768,\"height\":512},{\"@type\":\"BreadcrumbList\",\"@id\":\"https:\\\/\\\/afogadosfm.com.br\\\/afogadosfm\\\/2025\\\/10\\\/16\\\/alepe-leva-oficina-de-cordel-para-jovens-da-funase-ministrada-pelo-poeta-alexandre-morais\\\/#breadcrumb\",\"itemListElement\":[{\"@type\":\"ListItem\",\"position\":1,\"name\":\"In\u00edcio\",\"item\":\"https:\\\/\\\/afogadosfm.com.br\\\/afogadosfm\\\/\"},{\"@type\":\"ListItem\",\"position\":2,\"name\":\"Alepe leva oficina de cordel para jovens da Funase\u00a0ministrada pelo poeta Alexandre Morais\"}]},{\"@type\":\"WebSite\",\"@id\":\"https:\\\/\\\/afogadosfm.com.br\\\/afogadosfm\\\/#website\",\"url\":\"https:\\\/\\\/afogadosfm.com.br\\\/afogadosfm\\\/\",\"name\":\"Afogados FM\",\"description\":\"Um site completo!\",\"publisher\":{\"@id\":\"https:\\\/\\\/afogadosfm.com.br\\\/afogadosfm\\\/#organization\"},\"potentialAction\":[{\"@type\":\"SearchAction\",\"target\":{\"@type\":\"EntryPoint\",\"urlTemplate\":\"https:\\\/\\\/afogadosfm.com.br\\\/afogadosfm\\\/?s={search_term_string}\"},\"query-input\":{\"@type\":\"PropertyValueSpecification\",\"valueRequired\":true,\"valueName\":\"search_term_string\"}}],\"inLanguage\":\"pt-BR\"},{\"@type\":\"Organization\",\"@id\":\"https:\\\/\\\/afogadosfm.com.br\\\/afogadosfm\\\/#organization\",\"name\":\"Afogados FM\",\"url\":\"https:\\\/\\\/afogadosfm.com.br\\\/afogadosfm\\\/\",\"logo\":{\"@type\":\"ImageObject\",\"inLanguage\":\"pt-BR\",\"@id\":\"https:\\\/\\\/afogadosfm.com.br\\\/afogadosfm\\\/#\\\/schema\\\/logo\\\/image\\\/\",\"url\":\"https:\\\/\\\/i0.wp.com\\\/afogadosfm.com.br\\\/afogadosfm\\\/wp-content\\\/uploads\\\/2020\\\/06\\\/cropped-banner-afogados-4.jpg?fit=369%2C137&ssl=1\",\"contentUrl\":\"https:\\\/\\\/i0.wp.com\\\/afogadosfm.com.br\\\/afogadosfm\\\/wp-content\\\/uploads\\\/2020\\\/06\\\/cropped-banner-afogados-4.jpg?fit=369%2C137&ssl=1\",\"width\":369,\"height\":137,\"caption\":\"Afogados FM\"},\"image\":{\"@id\":\"https:\\\/\\\/afogadosfm.com.br\\\/afogadosfm\\\/#\\\/schema\\\/logo\\\/image\\\/\"}},{\"@type\":\"Person\",\"@id\":\"https:\\\/\\\/afogadosfm.com.br\\\/afogadosfm\\\/#\\\/schema\\\/person\\\/60e56f2cf5dc960fc093fe093d9e9057\",\"name\":\"afogadosfm\",\"image\":{\"@type\":\"ImageObject\",\"inLanguage\":\"pt-BR\",\"@id\":\"https:\\\/\\\/secure.gravatar.com\\\/avatar\\\/e0359add7ed5dc3560906d861b52c6a8cf5c1e199d3a7dd85070998f49bd4701?s=96&d=mm&r=g\",\"url\":\"https:\\\/\\\/secure.gravatar.com\\\/avatar\\\/e0359add7ed5dc3560906d861b52c6a8cf5c1e199d3a7dd85070998f49bd4701?s=96&d=mm&r=g\",\"contentUrl\":\"https:\\\/\\\/secure.gravatar.com\\\/avatar\\\/e0359add7ed5dc3560906d861b52c6a8cf5c1e199d3a7dd85070998f49bd4701?s=96&d=mm&r=g\",\"caption\":\"afogadosfm\"},\"url\":\"https:\\\/\\\/afogadosfm.com.br\\\/afogadosfm\\\/author\\\/afogadosfm\\\/\"}]}<\/script>\n<!-- \/ Yoast SEO plugin. -->","yoast_head_json":{"title":"Alepe leva oficina de cordel para jovens da Funase\u00a0ministrada pelo poeta Alexandre Morais - Afogados FM","robots":{"index":"index","follow":"follow","max-snippet":"max-snippet:-1","max-image-preview":"max-image-preview:large","max-video-preview":"max-video-preview:-1"},"canonical":"https:\/\/afogadosfm.com.br\/afogadosfm\/2025\/10\/16\/alepe-leva-oficina-de-cordel-para-jovens-da-funase-ministrada-pelo-poeta-alexandre-morais\/","og_locale":"pt_BR","og_type":"article","og_title":"Alepe leva oficina de cordel para jovens da Funase\u00a0ministrada pelo poeta Alexandre Morais - Afogados FM","og_description":"A Biblioteca da Assembleia Legislativa de Pernambuco (Alepe) realiza, nesta quinta-feira (16), uma edi\u00e7\u00e3o especial e itinerante do \u2018Projeto Cordel","og_url":"https:\/\/afogadosfm.com.br\/afogadosfm\/2025\/10\/16\/alepe-leva-oficina-de-cordel-para-jovens-da-funase-ministrada-pelo-poeta-alexandre-morais\/","og_site_name":"Afogados FM","article_published_time":"2025-10-16T08:42:38+00:00","article_modified_time":"2025-10-16T08:42:39+00:00","og_image":[{"width":768,"height":512,"url":"https:\/\/afogadosfm.com.br\/afogadosfm\/wp-content\/uploads\/2025\/10\/morais.jpg","type":"image\/jpeg"}],"author":"afogadosfm","twitter_card":"summary_large_image","twitter_misc":{"Escrito por":"afogadosfm","Est. tempo de leitura":"4 minutos"},"schema":{"@context":"https:\/\/schema.org","@graph":[{"@type":"Article","@id":"https:\/\/afogadosfm.com.br\/afogadosfm\/2025\/10\/16\/alepe-leva-oficina-de-cordel-para-jovens-da-funase-ministrada-pelo-poeta-alexandre-morais\/#article","isPartOf":{"@id":"https:\/\/afogadosfm.com.br\/afogadosfm\/2025\/10\/16\/alepe-leva-oficina-de-cordel-para-jovens-da-funase-ministrada-pelo-poeta-alexandre-morais\/"},"author":{"name":"afogadosfm","@id":"https:\/\/afogadosfm.com.br\/afogadosfm\/#\/schema\/person\/60e56f2cf5dc960fc093fe093d9e9057"},"headline":"Alepe leva oficina de cordel para jovens da Funase\u00a0ministrada pelo poeta Alexandre Morais","datePublished":"2025-10-16T08:42:38+00:00","dateModified":"2025-10-16T08:42:39+00:00","mainEntityOfPage":{"@id":"https:\/\/afogadosfm.com.br\/afogadosfm\/2025\/10\/16\/alepe-leva-oficina-de-cordel-para-jovens-da-funase-ministrada-pelo-poeta-alexandre-morais\/"},"wordCount":606,"commentCount":0,"publisher":{"@id":"https:\/\/afogadosfm.com.br\/afogadosfm\/#organization"},"image":{"@id":"https:\/\/afogadosfm.com.br\/afogadosfm\/2025\/10\/16\/alepe-leva-oficina-de-cordel-para-jovens-da-funase-ministrada-pelo-poeta-alexandre-morais\/#primaryimage"},"thumbnailUrl":"https:\/\/i0.wp.com\/afogadosfm.com.br\/afogadosfm\/wp-content\/uploads\/2025\/10\/morais.jpg?fit=768%2C512&ssl=1","articleSection":["Cultura"],"inLanguage":"pt-BR","potentialAction":[{"@type":"CommentAction","name":"Comment","target":["https:\/\/afogadosfm.com.br\/afogadosfm\/2025\/10\/16\/alepe-leva-oficina-de-cordel-para-jovens-da-funase-ministrada-pelo-poeta-alexandre-morais\/#respond"]}]},{"@type":"WebPage","@id":"https:\/\/afogadosfm.com.br\/afogadosfm\/2025\/10\/16\/alepe-leva-oficina-de-cordel-para-jovens-da-funase-ministrada-pelo-poeta-alexandre-morais\/","url":"https:\/\/afogadosfm.com.br\/afogadosfm\/2025\/10\/16\/alepe-leva-oficina-de-cordel-para-jovens-da-funase-ministrada-pelo-poeta-alexandre-morais\/","name":"Alepe leva oficina de cordel para jovens da Funase\u00a0ministrada pelo poeta Alexandre Morais - Afogados FM","isPartOf":{"@id":"https:\/\/afogadosfm.com.br\/afogadosfm\/#website"},"primaryImageOfPage":{"@id":"https:\/\/afogadosfm.com.br\/afogadosfm\/2025\/10\/16\/alepe-leva-oficina-de-cordel-para-jovens-da-funase-ministrada-pelo-poeta-alexandre-morais\/#primaryimage"},"image":{"@id":"https:\/\/afogadosfm.com.br\/afogadosfm\/2025\/10\/16\/alepe-leva-oficina-de-cordel-para-jovens-da-funase-ministrada-pelo-poeta-alexandre-morais\/#primaryimage"},"thumbnailUrl":"https:\/\/i0.wp.com\/afogadosfm.com.br\/afogadosfm\/wp-content\/uploads\/2025\/10\/morais.jpg?fit=768%2C512&ssl=1","datePublished":"2025-10-16T08:42:38+00:00","dateModified":"2025-10-16T08:42:39+00:00","breadcrumb":{"@id":"https:\/\/afogadosfm.com.br\/afogadosfm\/2025\/10\/16\/alepe-leva-oficina-de-cordel-para-jovens-da-funase-ministrada-pelo-poeta-alexandre-morais\/#breadcrumb"},"inLanguage":"pt-BR","potentialAction":[{"@type":"ReadAction","target":["https:\/\/afogadosfm.com.br\/afogadosfm\/2025\/10\/16\/alepe-leva-oficina-de-cordel-para-jovens-da-funase-ministrada-pelo-poeta-alexandre-morais\/"]}]},{"@type":"ImageObject","inLanguage":"pt-BR","@id":"https:\/\/afogadosfm.com.br\/afogadosfm\/2025\/10\/16\/alepe-leva-oficina-de-cordel-para-jovens-da-funase-ministrada-pelo-poeta-alexandre-morais\/#primaryimage","url":"https:\/\/i0.wp.com\/afogadosfm.com.br\/afogadosfm\/wp-content\/uploads\/2025\/10\/morais.jpg?fit=768%2C512&ssl=1","contentUrl":"https:\/\/i0.wp.com\/afogadosfm.com.br\/afogadosfm\/wp-content\/uploads\/2025\/10\/morais.jpg?fit=768%2C512&ssl=1","width":768,"height":512},{"@type":"BreadcrumbList","@id":"https:\/\/afogadosfm.com.br\/afogadosfm\/2025\/10\/16\/alepe-leva-oficina-de-cordel-para-jovens-da-funase-ministrada-pelo-poeta-alexandre-morais\/#breadcrumb","itemListElement":[{"@type":"ListItem","position":1,"name":"In\u00edcio","item":"https:\/\/afogadosfm.com.br\/afogadosfm\/"},{"@type":"ListItem","position":2,"name":"Alepe leva oficina de cordel para jovens da Funase\u00a0ministrada pelo poeta Alexandre Morais"}]},{"@type":"WebSite","@id":"https:\/\/afogadosfm.com.br\/afogadosfm\/#website","url":"https:\/\/afogadosfm.com.br\/afogadosfm\/","name":"Afogados FM","description":"Um site completo!","publisher":{"@id":"https:\/\/afogadosfm.com.br\/afogadosfm\/#organization"},"potentialAction":[{"@type":"SearchAction","target":{"@type":"EntryPoint","urlTemplate":"https:\/\/afogadosfm.com.br\/afogadosfm\/?s={search_term_string}"},"query-input":{"@type":"PropertyValueSpecification","valueRequired":true,"valueName":"search_term_string"}}],"inLanguage":"pt-BR"},{"@type":"Organization","@id":"https:\/\/afogadosfm.com.br\/afogadosfm\/#organization","name":"Afogados FM","url":"https:\/\/afogadosfm.com.br\/afogadosfm\/","logo":{"@type":"ImageObject","inLanguage":"pt-BR","@id":"https:\/\/afogadosfm.com.br\/afogadosfm\/#\/schema\/logo\/image\/","url":"https:\/\/i0.wp.com\/afogadosfm.com.br\/afogadosfm\/wp-content\/uploads\/2020\/06\/cropped-banner-afogados-4.jpg?fit=369%2C137&ssl=1","contentUrl":"https:\/\/i0.wp.com\/afogadosfm.com.br\/afogadosfm\/wp-content\/uploads\/2020\/06\/cropped-banner-afogados-4.jpg?fit=369%2C137&ssl=1","width":369,"height":137,"caption":"Afogados FM"},"image":{"@id":"https:\/\/afogadosfm.com.br\/afogadosfm\/#\/schema\/logo\/image\/"}},{"@type":"Person","@id":"https:\/\/afogadosfm.com.br\/afogadosfm\/#\/schema\/person\/60e56f2cf5dc960fc093fe093d9e9057","name":"afogadosfm","image":{"@type":"ImageObject","inLanguage":"pt-BR","@id":"https:\/\/secure.gravatar.com\/avatar\/e0359add7ed5dc3560906d861b52c6a8cf5c1e199d3a7dd85070998f49bd4701?s=96&d=mm&r=g","url":"https:\/\/secure.gravatar.com\/avatar\/e0359add7ed5dc3560906d861b52c6a8cf5c1e199d3a7dd85070998f49bd4701?s=96&d=mm&r=g","contentUrl":"https:\/\/secure.gravatar.com\/avatar\/e0359add7ed5dc3560906d861b52c6a8cf5c1e199d3a7dd85070998f49bd4701?s=96&d=mm&r=g","caption":"afogadosfm"},"url":"https:\/\/afogadosfm.com.br\/afogadosfm\/author\/afogadosfm\/"}]}},"jetpack_publicize_connections":[],"jetpack_featured_media_url":"https:\/\/i0.wp.com\/afogadosfm.com.br\/afogadosfm\/wp-content\/uploads\/2025\/10\/morais.jpg?fit=768%2C512&ssl=1","jetpack-related-posts":[],"jetpack_sharing_enabled":true,"jetpack_likes_enabled":true,"_links":{"self":[{"href":"https:\/\/afogadosfm.com.br\/afogadosfm\/wp-json\/wp\/v2\/posts\/69855","targetHints":{"allow":["GET"]}}],"collection":[{"href":"https:\/\/afogadosfm.com.br\/afogadosfm\/wp-json\/wp\/v2\/posts"}],"about":[{"href":"https:\/\/afogadosfm.com.br\/afogadosfm\/wp-json\/wp\/v2\/types\/post"}],"author":[{"embeddable":true,"href":"https:\/\/afogadosfm.com.br\/afogadosfm\/wp-json\/wp\/v2\/users\/2"}],"replies":[{"embeddable":true,"href":"https:\/\/afogadosfm.com.br\/afogadosfm\/wp-json\/wp\/v2\/comments?post=69855"}],"version-history":[{"count":1,"href":"https:\/\/afogadosfm.com.br\/afogadosfm\/wp-json\/wp\/v2\/posts\/69855\/revisions"}],"predecessor-version":[{"id":69857,"href":"https:\/\/afogadosfm.com.br\/afogadosfm\/wp-json\/wp\/v2\/posts\/69855\/revisions\/69857"}],"wp:featuredmedia":[{"embeddable":true,"href":"https:\/\/afogadosfm.com.br\/afogadosfm\/wp-json\/wp\/v2\/media\/69856"}],"wp:attachment":[{"href":"https:\/\/afogadosfm.com.br\/afogadosfm\/wp-json\/wp\/v2\/media?parent=69855"}],"wp:term":[{"taxonomy":"category","embeddable":true,"href":"https:\/\/afogadosfm.com.br\/afogadosfm\/wp-json\/wp\/v2\/categories?post=69855"},{"taxonomy":"post_tag","embeddable":true,"href":"https:\/\/afogadosfm.com.br\/afogadosfm\/wp-json\/wp\/v2\/tags?post=69855"}],"curies":[{"name":"wp","href":"https:\/\/api.w.org\/{rel}","templated":true}]}}