{"id":69869,"date":"2025-10-16T06:40:16","date_gmt":"2025-10-16T09:40:16","guid":{"rendered":"https:\/\/afogadosfm.com.br\/afogadosfm\/?p=69869"},"modified":"2025-10-16T06:40:17","modified_gmt":"2025-10-16T09:40:17","slug":"pe-notifica-mais-sete-casos-suspeitos-de-intoxicacao-por-metanol-e-total-chega-a-70","status":"publish","type":"post","link":"https:\/\/afogadosfm.com.br\/afogadosfm\/2025\/10\/16\/pe-notifica-mais-sete-casos-suspeitos-de-intoxicacao-por-metanol-e-total-chega-a-70\/","title":{"rendered":"PE notifica mais sete casos suspeitos de intoxica\u00e7\u00e3o por metanol e total chega a 70"},"content":{"rendered":"\n<p>Pernambuco notificou mais sete casos suspeitos de intoxica\u00e7\u00e3o por metanol associado ao consumo de bebidas alco\u00f3licas adulteradas. A informa\u00e7\u00e3o foi divulgada pela<strong><a href=\"https:\/\/portal.saude.pe.gov.br\/\"> SES-PE,<\/a><\/strong>\u00a0em atualiza\u00e7\u00e3o divulgada nesta quarta-feira (15).<\/p>\n\n\n\n<p>Segundo a pasta, foi constatado um \u00f3bito dentro dessas novas notifica\u00e7\u00f5es.<\/p>\n\n\n\n<p>Com esses novos n\u00fameros, conforme a SES-PE, o estado totaliza 70 notifica\u00e7\u00f5es, sendo 66 de Pernambuco e 4 outros estados.<\/p>\n\n\n\n<p>Dos 66 casos de Pernambuco, 34 foram descartados e tr\u00eas foram confirmados, sendo todos do munic\u00edpio de Lajedo, no Agreste do estado.<\/p>\n\n\n\n<p><strong>Situa\u00e7\u00e3o dos pacientes<\/strong><\/p>\n\n\n\n<p>Segundo a SES-PE, atualmente o estado tem 11 pacientes internados. Desse total, 3 casos foram descartados.<\/p>\n\n\n\n<p>Dos 35 pacientes de Pernambuco que receberam alta, 25 tiveram as suspeitas de intoxica\u00e7\u00e3o descartadas. Um paciente de Lajedo teve a intoxica\u00e7\u00e3o confirmada e est\u00e1 com sequelas oculares.<\/p>\n\n\n\n<p>Outros 9 pacientes notificados pelo Estado, incluindo dois casos descartados, evadiram-se das unidades hospitalares.<\/p>\n\n\n\n<p>Dos 11 \u00f3bitos que foram notificados, 3 foram descartados, enquanto dois foram confirmados.<\/p>\n\n\n\n<p><strong>Casos confirmados em Pernambuco<\/strong><\/p>\n\n\n\n<p>Todos os casos de intoxica\u00e7\u00e3o de metanol confirmado em Pernambuco envolveram homens, que foram identificados como Celso da Silva, de 43 anos, que morreu uma semana depois de ser internado; Jonas da Silva Filho, que morreu no dia 28 de agosto; e Marcelo dos Santos Calado, de 32 anos, que perdeu a vis\u00e3o.<\/p>\n\n\n\n<p>Um suspeito de 40 anos foi preso pela pol\u00edcia por adulterar bebidas trazidas de S\u00e3o Paulo. Ele \u00e9 natural de S\u00e3o Bento do Una, no Agreste, e foi preso na casa onde morava, no s\u00e1bado (11).<\/p>\n","protected":false},"excerpt":{"rendered":"<p>Pernambuco notificou mais sete casos suspeitos de intoxica\u00e7\u00e3o por metanol associado ao consumo de bebidas alco\u00f3licas adulteradas. A informa\u00e7\u00e3o foi<\/p>\n","protected":false},"author":2,"featured_media":69474,"comment_status":"open","ping_status":"open","sticky":false,"template":"","format":"standard","meta":{"jetpack_post_was_ever_published":false,"_jetpack_newsletter_access":"","_jetpack_dont_email_post_to_subs":false,"_jetpack_newsletter_tier_id":0,"_jetpack_memberships_contains_paywalled_content":false,"_jetpack_memberships_contains_paid_content":false,"footnotes":"","jetpack_publicize_message":"","jetpack_publicize_feature_enabled":true,"jetpack_social_post_already_shared":true,"jetpack_social_options":{"image_generator_settings":{"template":"highway","default_image_id":0,"font":"","enabled":false},"version":2}},"categories":[37],"tags":[],"class_list":["post-69869","post","type-post","status-publish","format-standard","has-post-thumbnail","hentry","category-saude"],"yoast_head":"<!-- This site is optimized with the Yoast SEO plugin v27.5 - https:\/\/yoast.com\/product\/yoast-seo-wordpress\/ -->\n<title>PE notifica mais sete casos suspeitos de intoxica\u00e7\u00e3o por metanol e total chega a 70 - Afogados FM<\/title>\n<meta name=\"robots\" content=\"index, follow, max-snippet:-1, max-image-preview:large, max-video-preview:-1\" \/>\n<link rel=\"canonical\" href=\"https:\/\/afogadosfm.com.br\/afogadosfm\/2025\/10\/16\/pe-notifica-mais-sete-casos-suspeitos-de-intoxicacao-por-metanol-e-total-chega-a-70\/\" \/>\n<meta property=\"og:locale\" content=\"pt_BR\" \/>\n<meta property=\"og:type\" content=\"article\" \/>\n<meta property=\"og:title\" content=\"PE notifica mais sete casos suspeitos de intoxica\u00e7\u00e3o por metanol e total chega a 70 - Afogados FM\" \/>\n<meta property=\"og:description\" content=\"Pernambuco notificou mais sete casos suspeitos de intoxica\u00e7\u00e3o por metanol associado ao consumo de bebidas alco\u00f3licas adulteradas. A informa\u00e7\u00e3o foi\" \/>\n<meta property=\"og:url\" content=\"https:\/\/afogadosfm.com.br\/afogadosfm\/2025\/10\/16\/pe-notifica-mais-sete-casos-suspeitos-de-intoxicacao-por-metanol-e-total-chega-a-70\/\" \/>\n<meta property=\"og:site_name\" content=\"Afogados FM\" \/>\n<meta property=\"article:published_time\" content=\"2025-10-16T09:40:16+00:00\" \/>\n<meta property=\"article:modified_time\" content=\"2025-10-16T09:40:17+00:00\" \/>\n<meta property=\"og:image\" content=\"https:\/\/afogadosfm.com.br\/afogadosfm\/wp-content\/uploads\/2025\/10\/OIP.webp\" \/>\n\t<meta property=\"og:image:width\" content=\"191\" \/>\n\t<meta property=\"og:image:height\" content=\"191\" \/>\n\t<meta property=\"og:image:type\" content=\"image\/webp\" \/>\n<meta name=\"author\" content=\"afogadosfm\" \/>\n<meta name=\"twitter:card\" content=\"summary_large_image\" \/>\n<meta name=\"twitter:label1\" content=\"Escrito por\" \/>\n\t<meta name=\"twitter:data1\" content=\"afogadosfm\" \/>\n\t<meta name=\"twitter:label2\" content=\"Est. tempo de leitura\" \/>\n\t<meta name=\"twitter:data2\" content=\"2 minutos\" \/>\n<script type=\"application\/ld+json\" class=\"yoast-schema-graph\">{\"@context\":\"https:\\\/\\\/schema.org\",\"@graph\":[{\"@type\":\"Article\",\"@id\":\"https:\\\/\\\/afogadosfm.com.br\\\/afogadosfm\\\/2025\\\/10\\\/16\\\/pe-notifica-mais-sete-casos-suspeitos-de-intoxicacao-por-metanol-e-total-chega-a-70\\\/#article\",\"isPartOf\":{\"@id\":\"https:\\\/\\\/afogadosfm.com.br\\\/afogadosfm\\\/2025\\\/10\\\/16\\\/pe-notifica-mais-sete-casos-suspeitos-de-intoxicacao-por-metanol-e-total-chega-a-70\\\/\"},\"author\":{\"name\":\"afogadosfm\",\"@id\":\"https:\\\/\\\/afogadosfm.com.br\\\/afogadosfm\\\/#\\\/schema\\\/person\\\/60e56f2cf5dc960fc093fe093d9e9057\"},\"headline\":\"PE notifica mais sete casos suspeitos de intoxica\u00e7\u00e3o por metanol e total chega a 70\",\"datePublished\":\"2025-10-16T09:40:16+00:00\",\"dateModified\":\"2025-10-16T09:40:17+00:00\",\"mainEntityOfPage\":{\"@id\":\"https:\\\/\\\/afogadosfm.com.br\\\/afogadosfm\\\/2025\\\/10\\\/16\\\/pe-notifica-mais-sete-casos-suspeitos-de-intoxicacao-por-metanol-e-total-chega-a-70\\\/\"},\"wordCount\":263,\"commentCount\":0,\"publisher\":{\"@id\":\"https:\\\/\\\/afogadosfm.com.br\\\/afogadosfm\\\/#organization\"},\"image\":{\"@id\":\"https:\\\/\\\/afogadosfm.com.br\\\/afogadosfm\\\/2025\\\/10\\\/16\\\/pe-notifica-mais-sete-casos-suspeitos-de-intoxicacao-por-metanol-e-total-chega-a-70\\\/#primaryimage\"},\"thumbnailUrl\":\"https:\\\/\\\/i0.wp.com\\\/afogadosfm.com.br\\\/afogadosfm\\\/wp-content\\\/uploads\\\/2025\\\/10\\\/OIP.webp?fit=191%2C191&ssl=1\",\"articleSection\":[\"Sa\u00fade\"],\"inLanguage\":\"pt-BR\",\"potentialAction\":[{\"@type\":\"CommentAction\",\"name\":\"Comment\",\"target\":[\"https:\\\/\\\/afogadosfm.com.br\\\/afogadosfm\\\/2025\\\/10\\\/16\\\/pe-notifica-mais-sete-casos-suspeitos-de-intoxicacao-por-metanol-e-total-chega-a-70\\\/#respond\"]}]},{\"@type\":\"WebPage\",\"@id\":\"https:\\\/\\\/afogadosfm.com.br\\\/afogadosfm\\\/2025\\\/10\\\/16\\\/pe-notifica-mais-sete-casos-suspeitos-de-intoxicacao-por-metanol-e-total-chega-a-70\\\/\",\"url\":\"https:\\\/\\\/afogadosfm.com.br\\\/afogadosfm\\\/2025\\\/10\\\/16\\\/pe-notifica-mais-sete-casos-suspeitos-de-intoxicacao-por-metanol-e-total-chega-a-70\\\/\",\"name\":\"PE notifica mais sete casos suspeitos de intoxica\u00e7\u00e3o por metanol e total chega a 70 - Afogados FM\",\"isPartOf\":{\"@id\":\"https:\\\/\\\/afogadosfm.com.br\\\/afogadosfm\\\/#website\"},\"primaryImageOfPage\":{\"@id\":\"https:\\\/\\\/afogadosfm.com.br\\\/afogadosfm\\\/2025\\\/10\\\/16\\\/pe-notifica-mais-sete-casos-suspeitos-de-intoxicacao-por-metanol-e-total-chega-a-70\\\/#primaryimage\"},\"image\":{\"@id\":\"https:\\\/\\\/afogadosfm.com.br\\\/afogadosfm\\\/2025\\\/10\\\/16\\\/pe-notifica-mais-sete-casos-suspeitos-de-intoxicacao-por-metanol-e-total-chega-a-70\\\/#primaryimage\"},\"thumbnailUrl\":\"https:\\\/\\\/i0.wp.com\\\/afogadosfm.com.br\\\/afogadosfm\\\/wp-content\\\/uploads\\\/2025\\\/10\\\/OIP.webp?fit=191%2C191&ssl=1\",\"datePublished\":\"2025-10-16T09:40:16+00:00\",\"dateModified\":\"2025-10-16T09:40:17+00:00\",\"breadcrumb\":{\"@id\":\"https:\\\/\\\/afogadosfm.com.br\\\/afogadosfm\\\/2025\\\/10\\\/16\\\/pe-notifica-mais-sete-casos-suspeitos-de-intoxicacao-por-metanol-e-total-chega-a-70\\\/#breadcrumb\"},\"inLanguage\":\"pt-BR\",\"potentialAction\":[{\"@type\":\"ReadAction\",\"target\":[\"https:\\\/\\\/afogadosfm.com.br\\\/afogadosfm\\\/2025\\\/10\\\/16\\\/pe-notifica-mais-sete-casos-suspeitos-de-intoxicacao-por-metanol-e-total-chega-a-70\\\/\"]}]},{\"@type\":\"ImageObject\",\"inLanguage\":\"pt-BR\",\"@id\":\"https:\\\/\\\/afogadosfm.com.br\\\/afogadosfm\\\/2025\\\/10\\\/16\\\/pe-notifica-mais-sete-casos-suspeitos-de-intoxicacao-por-metanol-e-total-chega-a-70\\\/#primaryimage\",\"url\":\"https:\\\/\\\/i0.wp.com\\\/afogadosfm.com.br\\\/afogadosfm\\\/wp-content\\\/uploads\\\/2025\\\/10\\\/OIP.webp?fit=191%2C191&ssl=1\",\"contentUrl\":\"https:\\\/\\\/i0.wp.com\\\/afogadosfm.com.br\\\/afogadosfm\\\/wp-content\\\/uploads\\\/2025\\\/10\\\/OIP.webp?fit=191%2C191&ssl=1\",\"width\":191,\"height\":191},{\"@type\":\"BreadcrumbList\",\"@id\":\"https:\\\/\\\/afogadosfm.com.br\\\/afogadosfm\\\/2025\\\/10\\\/16\\\/pe-notifica-mais-sete-casos-suspeitos-de-intoxicacao-por-metanol-e-total-chega-a-70\\\/#breadcrumb\",\"itemListElement\":[{\"@type\":\"ListItem\",\"position\":1,\"name\":\"In\u00edcio\",\"item\":\"https:\\\/\\\/afogadosfm.com.br\\\/afogadosfm\\\/\"},{\"@type\":\"ListItem\",\"position\":2,\"name\":\"PE notifica mais sete casos suspeitos de intoxica\u00e7\u00e3o por metanol e total chega a 70\"}]},{\"@type\":\"WebSite\",\"@id\":\"https:\\\/\\\/afogadosfm.com.br\\\/afogadosfm\\\/#website\",\"url\":\"https:\\\/\\\/afogadosfm.com.br\\\/afogadosfm\\\/\",\"name\":\"Afogados FM\",\"description\":\"Um site completo!\",\"publisher\":{\"@id\":\"https:\\\/\\\/afogadosfm.com.br\\\/afogadosfm\\\/#organization\"},\"potentialAction\":[{\"@type\":\"SearchAction\",\"target\":{\"@type\":\"EntryPoint\",\"urlTemplate\":\"https:\\\/\\\/afogadosfm.com.br\\\/afogadosfm\\\/?s={search_term_string}\"},\"query-input\":{\"@type\":\"PropertyValueSpecification\",\"valueRequired\":true,\"valueName\":\"search_term_string\"}}],\"inLanguage\":\"pt-BR\"},{\"@type\":\"Organization\",\"@id\":\"https:\\\/\\\/afogadosfm.com.br\\\/afogadosfm\\\/#organization\",\"name\":\"Afogados FM\",\"url\":\"https:\\\/\\\/afogadosfm.com.br\\\/afogadosfm\\\/\",\"logo\":{\"@type\":\"ImageObject\",\"inLanguage\":\"pt-BR\",\"@id\":\"https:\\\/\\\/afogadosfm.com.br\\\/afogadosfm\\\/#\\\/schema\\\/logo\\\/image\\\/\",\"url\":\"https:\\\/\\\/i0.wp.com\\\/afogadosfm.com.br\\\/afogadosfm\\\/wp-content\\\/uploads\\\/2020\\\/06\\\/cropped-banner-afogados-4.jpg?fit=369%2C137&ssl=1\",\"contentUrl\":\"https:\\\/\\\/i0.wp.com\\\/afogadosfm.com.br\\\/afogadosfm\\\/wp-content\\\/uploads\\\/2020\\\/06\\\/cropped-banner-afogados-4.jpg?fit=369%2C137&ssl=1\",\"width\":369,\"height\":137,\"caption\":\"Afogados FM\"},\"image\":{\"@id\":\"https:\\\/\\\/afogadosfm.com.br\\\/afogadosfm\\\/#\\\/schema\\\/logo\\\/image\\\/\"}},{\"@type\":\"Person\",\"@id\":\"https:\\\/\\\/afogadosfm.com.br\\\/afogadosfm\\\/#\\\/schema\\\/person\\\/60e56f2cf5dc960fc093fe093d9e9057\",\"name\":\"afogadosfm\",\"image\":{\"@type\":\"ImageObject\",\"inLanguage\":\"pt-BR\",\"@id\":\"https:\\\/\\\/secure.gravatar.com\\\/avatar\\\/e0359add7ed5dc3560906d861b52c6a8cf5c1e199d3a7dd85070998f49bd4701?s=96&d=mm&r=g\",\"url\":\"https:\\\/\\\/secure.gravatar.com\\\/avatar\\\/e0359add7ed5dc3560906d861b52c6a8cf5c1e199d3a7dd85070998f49bd4701?s=96&d=mm&r=g\",\"contentUrl\":\"https:\\\/\\\/secure.gravatar.com\\\/avatar\\\/e0359add7ed5dc3560906d861b52c6a8cf5c1e199d3a7dd85070998f49bd4701?s=96&d=mm&r=g\",\"caption\":\"afogadosfm\"},\"url\":\"https:\\\/\\\/afogadosfm.com.br\\\/afogadosfm\\\/author\\\/afogadosfm\\\/\"}]}<\/script>\n<!-- \/ Yoast SEO plugin. -->","yoast_head_json":{"title":"PE notifica mais sete casos suspeitos de intoxica\u00e7\u00e3o por metanol e total chega a 70 - Afogados FM","robots":{"index":"index","follow":"follow","max-snippet":"max-snippet:-1","max-image-preview":"max-image-preview:large","max-video-preview":"max-video-preview:-1"},"canonical":"https:\/\/afogadosfm.com.br\/afogadosfm\/2025\/10\/16\/pe-notifica-mais-sete-casos-suspeitos-de-intoxicacao-por-metanol-e-total-chega-a-70\/","og_locale":"pt_BR","og_type":"article","og_title":"PE notifica mais sete casos suspeitos de intoxica\u00e7\u00e3o por metanol e total chega a 70 - Afogados FM","og_description":"Pernambuco notificou mais sete casos suspeitos de intoxica\u00e7\u00e3o por metanol associado ao consumo de bebidas alco\u00f3licas adulteradas. A informa\u00e7\u00e3o foi","og_url":"https:\/\/afogadosfm.com.br\/afogadosfm\/2025\/10\/16\/pe-notifica-mais-sete-casos-suspeitos-de-intoxicacao-por-metanol-e-total-chega-a-70\/","og_site_name":"Afogados FM","article_published_time":"2025-10-16T09:40:16+00:00","article_modified_time":"2025-10-16T09:40:17+00:00","og_image":[{"width":191,"height":191,"url":"https:\/\/afogadosfm.com.br\/afogadosfm\/wp-content\/uploads\/2025\/10\/OIP.webp","type":"image\/webp"}],"author":"afogadosfm","twitter_card":"summary_large_image","twitter_misc":{"Escrito por":"afogadosfm","Est. tempo de leitura":"2 minutos"},"schema":{"@context":"https:\/\/schema.org","@graph":[{"@type":"Article","@id":"https:\/\/afogadosfm.com.br\/afogadosfm\/2025\/10\/16\/pe-notifica-mais-sete-casos-suspeitos-de-intoxicacao-por-metanol-e-total-chega-a-70\/#article","isPartOf":{"@id":"https:\/\/afogadosfm.com.br\/afogadosfm\/2025\/10\/16\/pe-notifica-mais-sete-casos-suspeitos-de-intoxicacao-por-metanol-e-total-chega-a-70\/"},"author":{"name":"afogadosfm","@id":"https:\/\/afogadosfm.com.br\/afogadosfm\/#\/schema\/person\/60e56f2cf5dc960fc093fe093d9e9057"},"headline":"PE notifica mais sete casos suspeitos de intoxica\u00e7\u00e3o por metanol e total chega a 70","datePublished":"2025-10-16T09:40:16+00:00","dateModified":"2025-10-16T09:40:17+00:00","mainEntityOfPage":{"@id":"https:\/\/afogadosfm.com.br\/afogadosfm\/2025\/10\/16\/pe-notifica-mais-sete-casos-suspeitos-de-intoxicacao-por-metanol-e-total-chega-a-70\/"},"wordCount":263,"commentCount":0,"publisher":{"@id":"https:\/\/afogadosfm.com.br\/afogadosfm\/#organization"},"image":{"@id":"https:\/\/afogadosfm.com.br\/afogadosfm\/2025\/10\/16\/pe-notifica-mais-sete-casos-suspeitos-de-intoxicacao-por-metanol-e-total-chega-a-70\/#primaryimage"},"thumbnailUrl":"https:\/\/i0.wp.com\/afogadosfm.com.br\/afogadosfm\/wp-content\/uploads\/2025\/10\/OIP.webp?fit=191%2C191&ssl=1","articleSection":["Sa\u00fade"],"inLanguage":"pt-BR","potentialAction":[{"@type":"CommentAction","name":"Comment","target":["https:\/\/afogadosfm.com.br\/afogadosfm\/2025\/10\/16\/pe-notifica-mais-sete-casos-suspeitos-de-intoxicacao-por-metanol-e-total-chega-a-70\/#respond"]}]},{"@type":"WebPage","@id":"https:\/\/afogadosfm.com.br\/afogadosfm\/2025\/10\/16\/pe-notifica-mais-sete-casos-suspeitos-de-intoxicacao-por-metanol-e-total-chega-a-70\/","url":"https:\/\/afogadosfm.com.br\/afogadosfm\/2025\/10\/16\/pe-notifica-mais-sete-casos-suspeitos-de-intoxicacao-por-metanol-e-total-chega-a-70\/","name":"PE notifica mais sete casos suspeitos de intoxica\u00e7\u00e3o por metanol e total chega a 70 - Afogados FM","isPartOf":{"@id":"https:\/\/afogadosfm.com.br\/afogadosfm\/#website"},"primaryImageOfPage":{"@id":"https:\/\/afogadosfm.com.br\/afogadosfm\/2025\/10\/16\/pe-notifica-mais-sete-casos-suspeitos-de-intoxicacao-por-metanol-e-total-chega-a-70\/#primaryimage"},"image":{"@id":"https:\/\/afogadosfm.com.br\/afogadosfm\/2025\/10\/16\/pe-notifica-mais-sete-casos-suspeitos-de-intoxicacao-por-metanol-e-total-chega-a-70\/#primaryimage"},"thumbnailUrl":"https:\/\/i0.wp.com\/afogadosfm.com.br\/afogadosfm\/wp-content\/uploads\/2025\/10\/OIP.webp?fit=191%2C191&ssl=1","datePublished":"2025-10-16T09:40:16+00:00","dateModified":"2025-10-16T09:40:17+00:00","breadcrumb":{"@id":"https:\/\/afogadosfm.com.br\/afogadosfm\/2025\/10\/16\/pe-notifica-mais-sete-casos-suspeitos-de-intoxicacao-por-metanol-e-total-chega-a-70\/#breadcrumb"},"inLanguage":"pt-BR","potentialAction":[{"@type":"ReadAction","target":["https:\/\/afogadosfm.com.br\/afogadosfm\/2025\/10\/16\/pe-notifica-mais-sete-casos-suspeitos-de-intoxicacao-por-metanol-e-total-chega-a-70\/"]}]},{"@type":"ImageObject","inLanguage":"pt-BR","@id":"https:\/\/afogadosfm.com.br\/afogadosfm\/2025\/10\/16\/pe-notifica-mais-sete-casos-suspeitos-de-intoxicacao-por-metanol-e-total-chega-a-70\/#primaryimage","url":"https:\/\/i0.wp.com\/afogadosfm.com.br\/afogadosfm\/wp-content\/uploads\/2025\/10\/OIP.webp?fit=191%2C191&ssl=1","contentUrl":"https:\/\/i0.wp.com\/afogadosfm.com.br\/afogadosfm\/wp-content\/uploads\/2025\/10\/OIP.webp?fit=191%2C191&ssl=1","width":191,"height":191},{"@type":"BreadcrumbList","@id":"https:\/\/afogadosfm.com.br\/afogadosfm\/2025\/10\/16\/pe-notifica-mais-sete-casos-suspeitos-de-intoxicacao-por-metanol-e-total-chega-a-70\/#breadcrumb","itemListElement":[{"@type":"ListItem","position":1,"name":"In\u00edcio","item":"https:\/\/afogadosfm.com.br\/afogadosfm\/"},{"@type":"ListItem","position":2,"name":"PE notifica mais sete casos suspeitos de intoxica\u00e7\u00e3o por metanol e total chega a 70"}]},{"@type":"WebSite","@id":"https:\/\/afogadosfm.com.br\/afogadosfm\/#website","url":"https:\/\/afogadosfm.com.br\/afogadosfm\/","name":"Afogados FM","description":"Um site completo!","publisher":{"@id":"https:\/\/afogadosfm.com.br\/afogadosfm\/#organization"},"potentialAction":[{"@type":"SearchAction","target":{"@type":"EntryPoint","urlTemplate":"https:\/\/afogadosfm.com.br\/afogadosfm\/?s={search_term_string}"},"query-input":{"@type":"PropertyValueSpecification","valueRequired":true,"valueName":"search_term_string"}}],"inLanguage":"pt-BR"},{"@type":"Organization","@id":"https:\/\/afogadosfm.com.br\/afogadosfm\/#organization","name":"Afogados FM","url":"https:\/\/afogadosfm.com.br\/afogadosfm\/","logo":{"@type":"ImageObject","inLanguage":"pt-BR","@id":"https:\/\/afogadosfm.com.br\/afogadosfm\/#\/schema\/logo\/image\/","url":"https:\/\/i0.wp.com\/afogadosfm.com.br\/afogadosfm\/wp-content\/uploads\/2020\/06\/cropped-banner-afogados-4.jpg?fit=369%2C137&ssl=1","contentUrl":"https:\/\/i0.wp.com\/afogadosfm.com.br\/afogadosfm\/wp-content\/uploads\/2020\/06\/cropped-banner-afogados-4.jpg?fit=369%2C137&ssl=1","width":369,"height":137,"caption":"Afogados FM"},"image":{"@id":"https:\/\/afogadosfm.com.br\/afogadosfm\/#\/schema\/logo\/image\/"}},{"@type":"Person","@id":"https:\/\/afogadosfm.com.br\/afogadosfm\/#\/schema\/person\/60e56f2cf5dc960fc093fe093d9e9057","name":"afogadosfm","image":{"@type":"ImageObject","inLanguage":"pt-BR","@id":"https:\/\/secure.gravatar.com\/avatar\/e0359add7ed5dc3560906d861b52c6a8cf5c1e199d3a7dd85070998f49bd4701?s=96&d=mm&r=g","url":"https:\/\/secure.gravatar.com\/avatar\/e0359add7ed5dc3560906d861b52c6a8cf5c1e199d3a7dd85070998f49bd4701?s=96&d=mm&r=g","contentUrl":"https:\/\/secure.gravatar.com\/avatar\/e0359add7ed5dc3560906d861b52c6a8cf5c1e199d3a7dd85070998f49bd4701?s=96&d=mm&r=g","caption":"afogadosfm"},"url":"https:\/\/afogadosfm.com.br\/afogadosfm\/author\/afogadosfm\/"}]}},"jetpack_publicize_connections":[],"jetpack_featured_media_url":"https:\/\/i0.wp.com\/afogadosfm.com.br\/afogadosfm\/wp-content\/uploads\/2025\/10\/OIP.webp?fit=191%2C191&ssl=1","jetpack-related-posts":[],"jetpack_sharing_enabled":true,"jetpack_likes_enabled":true,"_links":{"self":[{"href":"https:\/\/afogadosfm.com.br\/afogadosfm\/wp-json\/wp\/v2\/posts\/69869","targetHints":{"allow":["GET"]}}],"collection":[{"href":"https:\/\/afogadosfm.com.br\/afogadosfm\/wp-json\/wp\/v2\/posts"}],"about":[{"href":"https:\/\/afogadosfm.com.br\/afogadosfm\/wp-json\/wp\/v2\/types\/post"}],"author":[{"embeddable":true,"href":"https:\/\/afogadosfm.com.br\/afogadosfm\/wp-json\/wp\/v2\/users\/2"}],"replies":[{"embeddable":true,"href":"https:\/\/afogadosfm.com.br\/afogadosfm\/wp-json\/wp\/v2\/comments?post=69869"}],"version-history":[{"count":1,"href":"https:\/\/afogadosfm.com.br\/afogadosfm\/wp-json\/wp\/v2\/posts\/69869\/revisions"}],"predecessor-version":[{"id":69870,"href":"https:\/\/afogadosfm.com.br\/afogadosfm\/wp-json\/wp\/v2\/posts\/69869\/revisions\/69870"}],"wp:featuredmedia":[{"embeddable":true,"href":"https:\/\/afogadosfm.com.br\/afogadosfm\/wp-json\/wp\/v2\/media\/69474"}],"wp:attachment":[{"href":"https:\/\/afogadosfm.com.br\/afogadosfm\/wp-json\/wp\/v2\/media?parent=69869"}],"wp:term":[{"taxonomy":"category","embeddable":true,"href":"https:\/\/afogadosfm.com.br\/afogadosfm\/wp-json\/wp\/v2\/categories?post=69869"},{"taxonomy":"post_tag","embeddable":true,"href":"https:\/\/afogadosfm.com.br\/afogadosfm\/wp-json\/wp\/v2\/tags?post=69869"}],"curies":[{"name":"wp","href":"https:\/\/api.w.org\/{rel}","templated":true}]}}