{"id":69882,"date":"2025-10-17T05:54:04","date_gmt":"2025-10-17T08:54:04","guid":{"rendered":"https:\/\/afogadosfm.com.br\/afogadosfm\/?p=69882"},"modified":"2025-10-17T05:54:05","modified_gmt":"2025-10-17T08:54:05","slug":"mppe-acompanha-com-atencao-as-investigacoes-sobre-a-morte-de-yasmin-em-carnaiba","status":"publish","type":"post","link":"https:\/\/afogadosfm.com.br\/afogadosfm\/2025\/10\/17\/mppe-acompanha-com-atencao-as-investigacoes-sobre-a-morte-de-yasmin-em-carnaiba\/","title":{"rendered":"MPPE acompanha com aten\u00e7\u00e3o as investiga\u00e7\u00f5es sobre a morte de Yasmin em Carna\u00edba"},"content":{"rendered":"\n<p>A Promotoria de Justi\u00e7a de Carna\u00edba, no Sert\u00e3o do Paje\u00fa, informa que est\u00e1 acompanhando de forma atenta e cont\u00ednua as investiga\u00e7\u00f5es conduzidas pela Pol\u00edcia Civil de Pernambuco com o objetivo de elucidar a morte da crian\u00e7a Yasmin, de apenas sete anos de idade, ocorrida no distrito de Ibitiranga, zona rural do munic\u00edpio, no \u00faltimo dia 6 de outubro.<\/p>\n\n\n\n<p>De acordo com informa\u00e7\u00f5es apuradas, a autoridade policial respons\u00e1vel pelo caso vem realizando diversas dilig\u00eancias, que incluem a coleta de depoimentos de testemunhas e de pessoas suspeitas, al\u00e9m da realiza\u00e7\u00e3o de per\u00edcias t\u00e9cnicas, com o objetivo de esclarecer os fatos e identificar os respons\u00e1veis pelo crime.<\/p>\n\n\n\n<p>A Promotoria de Justi\u00e7a esclarece que, devido ao est\u00e1gio atual das investiga\u00e7\u00f5es e \u00e0 necessidade de preserva\u00e7\u00e3o do sigilo legal, n\u00e3o \u00e9 poss\u00edvel divulgar detalhes do inqu\u00e9rito. Tal cautela visa proteger o bom andamento das apura\u00e7\u00f5es, al\u00e9m de resguardar a privacidade e a dignidade da fam\u00edlia da v\u00edtima neste momento de dor.<\/p>\n\n\n\n<p>O Minist\u00e9rio P\u00fablico de Pernambuco (MPPE) refor\u00e7a que, assim que o inqu\u00e9rito policial for conclu\u00eddo, todas as medidas cab\u00edveis ser\u00e3o adotadas para garantir que os culpados sejam responsabilizados conforme a legisla\u00e7\u00e3o vigente.<\/p>\n\n\n\n<p>Paralelamente \u00e0 investiga\u00e7\u00e3o criminal, a Promotoria de Justi\u00e7a de Carna\u00edba, com apoio do N\u00facleo de Apoio \u00e0s V\u00edtimas de Crime (NAV) e do Centro de Apoio Operacional \u00e0s Promotorias de Defesa da Inf\u00e2ncia e Juventude (CAO IJ), est\u00e1 articulando a\u00e7\u00f5es interinstitucionais com a rede municipal de assist\u00eancia social, sa\u00fade, educa\u00e7\u00e3o e o Conselho Tutelar. Tamb\u00e9m h\u00e1 atua\u00e7\u00e3o conjunta com o Centro Estadual de Apoio \u00e0s V\u00edtimas da Viol\u00eancia, a Ger\u00eancia de Aten\u00e7\u00e3o \u00e0 Sa\u00fade Mental e a Secretaria Executiva de Assist\u00eancia Social do Estado.<\/p>\n\n\n\n<p>O objetivo \u00e9 garantir apoio psicossocial, jur\u00eddico e de sa\u00fade aos familiares da v\u00edtima e \u00e0 comunidade impactada pelo crime, refor\u00e7ando o compromisso do MPPE com a prote\u00e7\u00e3o integral da inf\u00e2ncia e da juventude.<\/p>\n\n\n\n<p>Consciente de seu papel constitucional na promo\u00e7\u00e3o da justi\u00e7a e na defesa dos interesses sociais e individuais indispon\u00edveis, a Promotoria de Justi\u00e7a de Carna\u00edba reafirma seu compromisso com a popula\u00e7\u00e3o e se mant\u00e9m \u00e0 disposi\u00e7\u00e3o da sociedade carnaibana.<\/p>\n\n\n\n<p>As informa\u00e7\u00f5es s\u00e3o do Afogados Conectado.<\/p>\n","protected":false},"excerpt":{"rendered":"<p>A Promotoria de Justi\u00e7a de Carna\u00edba, no Sert\u00e3o do Paje\u00fa, informa que est\u00e1 acompanhando de forma atenta e cont\u00ednua as<\/p>\n","protected":false},"author":2,"featured_media":69613,"comment_status":"open","ping_status":"open","sticky":false,"template":"","format":"standard","meta":{"jetpack_post_was_ever_published":false,"_jetpack_newsletter_access":"","_jetpack_dont_email_post_to_subs":false,"_jetpack_newsletter_tier_id":0,"_jetpack_memberships_contains_paywalled_content":false,"_jetpack_memberships_contains_paid_content":false,"footnotes":"","jetpack_publicize_message":"","jetpack_publicize_feature_enabled":true,"jetpack_social_post_already_shared":true,"jetpack_social_options":{"image_generator_settings":{"template":"highway","default_image_id":0,"font":"","enabled":false},"version":2}},"categories":[34],"tags":[],"class_list":["post-69882","post","type-post","status-publish","format-standard","has-post-thumbnail","hentry","category-policia"],"yoast_head":"<!-- This site is optimized with the Yoast SEO plugin v27.5 - https:\/\/yoast.com\/product\/yoast-seo-wordpress\/ -->\n<title>MPPE acompanha com aten\u00e7\u00e3o as investiga\u00e7\u00f5es sobre a morte de Yasmin em Carna\u00edba - Afogados FM<\/title>\n<meta name=\"robots\" content=\"index, follow, max-snippet:-1, max-image-preview:large, max-video-preview:-1\" \/>\n<link rel=\"canonical\" href=\"https:\/\/afogadosfm.com.br\/afogadosfm\/2025\/10\/17\/mppe-acompanha-com-atencao-as-investigacoes-sobre-a-morte-de-yasmin-em-carnaiba\/\" \/>\n<meta property=\"og:locale\" content=\"pt_BR\" \/>\n<meta property=\"og:type\" content=\"article\" \/>\n<meta property=\"og:title\" content=\"MPPE acompanha com aten\u00e7\u00e3o as investiga\u00e7\u00f5es sobre a morte de Yasmin em Carna\u00edba - Afogados FM\" \/>\n<meta property=\"og:description\" content=\"A Promotoria de Justi\u00e7a de Carna\u00edba, no Sert\u00e3o do Paje\u00fa, informa que est\u00e1 acompanhando de forma atenta e cont\u00ednua as\" \/>\n<meta property=\"og:url\" content=\"https:\/\/afogadosfm.com.br\/afogadosfm\/2025\/10\/17\/mppe-acompanha-com-atencao-as-investigacoes-sobre-a-morte-de-yasmin-em-carnaiba\/\" \/>\n<meta property=\"og:site_name\" content=\"Afogados FM\" \/>\n<meta property=\"article:published_time\" content=\"2025-10-17T08:54:04+00:00\" \/>\n<meta property=\"article:modified_time\" content=\"2025-10-17T08:54:05+00:00\" \/>\n<meta property=\"og:image\" content=\"https:\/\/afogadosfm.com.br\/afogadosfm\/wp-content\/uploads\/2025\/10\/Imagem-do-WhatsApp-de-2025-10-06-as-07.52.36_48f72ea8.jpg\" \/>\n\t<meta property=\"og:image:width\" content=\"1100\" \/>\n\t<meta property=\"og:image:height\" content=\"810\" \/>\n\t<meta property=\"og:image:type\" content=\"image\/jpeg\" \/>\n<meta name=\"author\" content=\"afogadosfm\" \/>\n<meta name=\"twitter:card\" content=\"summary_large_image\" \/>\n<meta name=\"twitter:label1\" content=\"Escrito por\" \/>\n\t<meta name=\"twitter:data1\" content=\"afogadosfm\" \/>\n\t<meta name=\"twitter:label2\" content=\"Est. tempo de leitura\" \/>\n\t<meta name=\"twitter:data2\" content=\"3 minutos\" \/>\n<script type=\"application\/ld+json\" class=\"yoast-schema-graph\">{\"@context\":\"https:\\\/\\\/schema.org\",\"@graph\":[{\"@type\":\"Article\",\"@id\":\"https:\\\/\\\/afogadosfm.com.br\\\/afogadosfm\\\/2025\\\/10\\\/17\\\/mppe-acompanha-com-atencao-as-investigacoes-sobre-a-morte-de-yasmin-em-carnaiba\\\/#article\",\"isPartOf\":{\"@id\":\"https:\\\/\\\/afogadosfm.com.br\\\/afogadosfm\\\/2025\\\/10\\\/17\\\/mppe-acompanha-com-atencao-as-investigacoes-sobre-a-morte-de-yasmin-em-carnaiba\\\/\"},\"author\":{\"name\":\"afogadosfm\",\"@id\":\"https:\\\/\\\/afogadosfm.com.br\\\/afogadosfm\\\/#\\\/schema\\\/person\\\/60e56f2cf5dc960fc093fe093d9e9057\"},\"headline\":\"MPPE acompanha com aten\u00e7\u00e3o as investiga\u00e7\u00f5es sobre a morte de Yasmin em Carna\u00edba\",\"datePublished\":\"2025-10-17T08:54:04+00:00\",\"dateModified\":\"2025-10-17T08:54:05+00:00\",\"mainEntityOfPage\":{\"@id\":\"https:\\\/\\\/afogadosfm.com.br\\\/afogadosfm\\\/2025\\\/10\\\/17\\\/mppe-acompanha-com-atencao-as-investigacoes-sobre-a-morte-de-yasmin-em-carnaiba\\\/\"},\"wordCount\":427,\"commentCount\":0,\"publisher\":{\"@id\":\"https:\\\/\\\/afogadosfm.com.br\\\/afogadosfm\\\/#organization\"},\"image\":{\"@id\":\"https:\\\/\\\/afogadosfm.com.br\\\/afogadosfm\\\/2025\\\/10\\\/17\\\/mppe-acompanha-com-atencao-as-investigacoes-sobre-a-morte-de-yasmin-em-carnaiba\\\/#primaryimage\"},\"thumbnailUrl\":\"https:\\\/\\\/i0.wp.com\\\/afogadosfm.com.br\\\/afogadosfm\\\/wp-content\\\/uploads\\\/2025\\\/10\\\/Imagem-do-WhatsApp-de-2025-10-06-as-07.52.36_48f72ea8.jpg?fit=1100%2C810&ssl=1\",\"articleSection\":[\"Pol\u00edcia\"],\"inLanguage\":\"pt-BR\",\"potentialAction\":[{\"@type\":\"CommentAction\",\"name\":\"Comment\",\"target\":[\"https:\\\/\\\/afogadosfm.com.br\\\/afogadosfm\\\/2025\\\/10\\\/17\\\/mppe-acompanha-com-atencao-as-investigacoes-sobre-a-morte-de-yasmin-em-carnaiba\\\/#respond\"]}]},{\"@type\":\"WebPage\",\"@id\":\"https:\\\/\\\/afogadosfm.com.br\\\/afogadosfm\\\/2025\\\/10\\\/17\\\/mppe-acompanha-com-atencao-as-investigacoes-sobre-a-morte-de-yasmin-em-carnaiba\\\/\",\"url\":\"https:\\\/\\\/afogadosfm.com.br\\\/afogadosfm\\\/2025\\\/10\\\/17\\\/mppe-acompanha-com-atencao-as-investigacoes-sobre-a-morte-de-yasmin-em-carnaiba\\\/\",\"name\":\"MPPE acompanha com aten\u00e7\u00e3o as investiga\u00e7\u00f5es sobre a morte de Yasmin em Carna\u00edba - Afogados FM\",\"isPartOf\":{\"@id\":\"https:\\\/\\\/afogadosfm.com.br\\\/afogadosfm\\\/#website\"},\"primaryImageOfPage\":{\"@id\":\"https:\\\/\\\/afogadosfm.com.br\\\/afogadosfm\\\/2025\\\/10\\\/17\\\/mppe-acompanha-com-atencao-as-investigacoes-sobre-a-morte-de-yasmin-em-carnaiba\\\/#primaryimage\"},\"image\":{\"@id\":\"https:\\\/\\\/afogadosfm.com.br\\\/afogadosfm\\\/2025\\\/10\\\/17\\\/mppe-acompanha-com-atencao-as-investigacoes-sobre-a-morte-de-yasmin-em-carnaiba\\\/#primaryimage\"},\"thumbnailUrl\":\"https:\\\/\\\/i0.wp.com\\\/afogadosfm.com.br\\\/afogadosfm\\\/wp-content\\\/uploads\\\/2025\\\/10\\\/Imagem-do-WhatsApp-de-2025-10-06-as-07.52.36_48f72ea8.jpg?fit=1100%2C810&ssl=1\",\"datePublished\":\"2025-10-17T08:54:04+00:00\",\"dateModified\":\"2025-10-17T08:54:05+00:00\",\"breadcrumb\":{\"@id\":\"https:\\\/\\\/afogadosfm.com.br\\\/afogadosfm\\\/2025\\\/10\\\/17\\\/mppe-acompanha-com-atencao-as-investigacoes-sobre-a-morte-de-yasmin-em-carnaiba\\\/#breadcrumb\"},\"inLanguage\":\"pt-BR\",\"potentialAction\":[{\"@type\":\"ReadAction\",\"target\":[\"https:\\\/\\\/afogadosfm.com.br\\\/afogadosfm\\\/2025\\\/10\\\/17\\\/mppe-acompanha-com-atencao-as-investigacoes-sobre-a-morte-de-yasmin-em-carnaiba\\\/\"]}]},{\"@type\":\"ImageObject\",\"inLanguage\":\"pt-BR\",\"@id\":\"https:\\\/\\\/afogadosfm.com.br\\\/afogadosfm\\\/2025\\\/10\\\/17\\\/mppe-acompanha-com-atencao-as-investigacoes-sobre-a-morte-de-yasmin-em-carnaiba\\\/#primaryimage\",\"url\":\"https:\\\/\\\/i0.wp.com\\\/afogadosfm.com.br\\\/afogadosfm\\\/wp-content\\\/uploads\\\/2025\\\/10\\\/Imagem-do-WhatsApp-de-2025-10-06-as-07.52.36_48f72ea8.jpg?fit=1100%2C810&ssl=1\",\"contentUrl\":\"https:\\\/\\\/i0.wp.com\\\/afogadosfm.com.br\\\/afogadosfm\\\/wp-content\\\/uploads\\\/2025\\\/10\\\/Imagem-do-WhatsApp-de-2025-10-06-as-07.52.36_48f72ea8.jpg?fit=1100%2C810&ssl=1\",\"width\":1100,\"height\":810},{\"@type\":\"BreadcrumbList\",\"@id\":\"https:\\\/\\\/afogadosfm.com.br\\\/afogadosfm\\\/2025\\\/10\\\/17\\\/mppe-acompanha-com-atencao-as-investigacoes-sobre-a-morte-de-yasmin-em-carnaiba\\\/#breadcrumb\",\"itemListElement\":[{\"@type\":\"ListItem\",\"position\":1,\"name\":\"In\u00edcio\",\"item\":\"https:\\\/\\\/afogadosfm.com.br\\\/afogadosfm\\\/\"},{\"@type\":\"ListItem\",\"position\":2,\"name\":\"MPPE acompanha com aten\u00e7\u00e3o as investiga\u00e7\u00f5es sobre a morte de Yasmin em Carna\u00edba\"}]},{\"@type\":\"WebSite\",\"@id\":\"https:\\\/\\\/afogadosfm.com.br\\\/afogadosfm\\\/#website\",\"url\":\"https:\\\/\\\/afogadosfm.com.br\\\/afogadosfm\\\/\",\"name\":\"Afogados FM\",\"description\":\"Um site completo!\",\"publisher\":{\"@id\":\"https:\\\/\\\/afogadosfm.com.br\\\/afogadosfm\\\/#organization\"},\"potentialAction\":[{\"@type\":\"SearchAction\",\"target\":{\"@type\":\"EntryPoint\",\"urlTemplate\":\"https:\\\/\\\/afogadosfm.com.br\\\/afogadosfm\\\/?s={search_term_string}\"},\"query-input\":{\"@type\":\"PropertyValueSpecification\",\"valueRequired\":true,\"valueName\":\"search_term_string\"}}],\"inLanguage\":\"pt-BR\"},{\"@type\":\"Organization\",\"@id\":\"https:\\\/\\\/afogadosfm.com.br\\\/afogadosfm\\\/#organization\",\"name\":\"Afogados FM\",\"url\":\"https:\\\/\\\/afogadosfm.com.br\\\/afogadosfm\\\/\",\"logo\":{\"@type\":\"ImageObject\",\"inLanguage\":\"pt-BR\",\"@id\":\"https:\\\/\\\/afogadosfm.com.br\\\/afogadosfm\\\/#\\\/schema\\\/logo\\\/image\\\/\",\"url\":\"https:\\\/\\\/i0.wp.com\\\/afogadosfm.com.br\\\/afogadosfm\\\/wp-content\\\/uploads\\\/2020\\\/06\\\/cropped-banner-afogados-4.jpg?fit=369%2C137&ssl=1\",\"contentUrl\":\"https:\\\/\\\/i0.wp.com\\\/afogadosfm.com.br\\\/afogadosfm\\\/wp-content\\\/uploads\\\/2020\\\/06\\\/cropped-banner-afogados-4.jpg?fit=369%2C137&ssl=1\",\"width\":369,\"height\":137,\"caption\":\"Afogados FM\"},\"image\":{\"@id\":\"https:\\\/\\\/afogadosfm.com.br\\\/afogadosfm\\\/#\\\/schema\\\/logo\\\/image\\\/\"}},{\"@type\":\"Person\",\"@id\":\"https:\\\/\\\/afogadosfm.com.br\\\/afogadosfm\\\/#\\\/schema\\\/person\\\/60e56f2cf5dc960fc093fe093d9e9057\",\"name\":\"afogadosfm\",\"image\":{\"@type\":\"ImageObject\",\"inLanguage\":\"pt-BR\",\"@id\":\"https:\\\/\\\/secure.gravatar.com\\\/avatar\\\/e0359add7ed5dc3560906d861b52c6a8cf5c1e199d3a7dd85070998f49bd4701?s=96&d=mm&r=g\",\"url\":\"https:\\\/\\\/secure.gravatar.com\\\/avatar\\\/e0359add7ed5dc3560906d861b52c6a8cf5c1e199d3a7dd85070998f49bd4701?s=96&d=mm&r=g\",\"contentUrl\":\"https:\\\/\\\/secure.gravatar.com\\\/avatar\\\/e0359add7ed5dc3560906d861b52c6a8cf5c1e199d3a7dd85070998f49bd4701?s=96&d=mm&r=g\",\"caption\":\"afogadosfm\"},\"url\":\"https:\\\/\\\/afogadosfm.com.br\\\/afogadosfm\\\/author\\\/afogadosfm\\\/\"}]}<\/script>\n<!-- \/ Yoast SEO plugin. -->","yoast_head_json":{"title":"MPPE acompanha com aten\u00e7\u00e3o as investiga\u00e7\u00f5es sobre a morte de Yasmin em Carna\u00edba - Afogados FM","robots":{"index":"index","follow":"follow","max-snippet":"max-snippet:-1","max-image-preview":"max-image-preview:large","max-video-preview":"max-video-preview:-1"},"canonical":"https:\/\/afogadosfm.com.br\/afogadosfm\/2025\/10\/17\/mppe-acompanha-com-atencao-as-investigacoes-sobre-a-morte-de-yasmin-em-carnaiba\/","og_locale":"pt_BR","og_type":"article","og_title":"MPPE acompanha com aten\u00e7\u00e3o as investiga\u00e7\u00f5es sobre a morte de Yasmin em Carna\u00edba - Afogados FM","og_description":"A Promotoria de Justi\u00e7a de Carna\u00edba, no Sert\u00e3o do Paje\u00fa, informa que est\u00e1 acompanhando de forma atenta e cont\u00ednua as","og_url":"https:\/\/afogadosfm.com.br\/afogadosfm\/2025\/10\/17\/mppe-acompanha-com-atencao-as-investigacoes-sobre-a-morte-de-yasmin-em-carnaiba\/","og_site_name":"Afogados FM","article_published_time":"2025-10-17T08:54:04+00:00","article_modified_time":"2025-10-17T08:54:05+00:00","og_image":[{"width":1100,"height":810,"url":"https:\/\/afogadosfm.com.br\/afogadosfm\/wp-content\/uploads\/2025\/10\/Imagem-do-WhatsApp-de-2025-10-06-as-07.52.36_48f72ea8.jpg","type":"image\/jpeg"}],"author":"afogadosfm","twitter_card":"summary_large_image","twitter_misc":{"Escrito por":"afogadosfm","Est. tempo de leitura":"3 minutos"},"schema":{"@context":"https:\/\/schema.org","@graph":[{"@type":"Article","@id":"https:\/\/afogadosfm.com.br\/afogadosfm\/2025\/10\/17\/mppe-acompanha-com-atencao-as-investigacoes-sobre-a-morte-de-yasmin-em-carnaiba\/#article","isPartOf":{"@id":"https:\/\/afogadosfm.com.br\/afogadosfm\/2025\/10\/17\/mppe-acompanha-com-atencao-as-investigacoes-sobre-a-morte-de-yasmin-em-carnaiba\/"},"author":{"name":"afogadosfm","@id":"https:\/\/afogadosfm.com.br\/afogadosfm\/#\/schema\/person\/60e56f2cf5dc960fc093fe093d9e9057"},"headline":"MPPE acompanha com aten\u00e7\u00e3o as investiga\u00e7\u00f5es sobre a morte de Yasmin em Carna\u00edba","datePublished":"2025-10-17T08:54:04+00:00","dateModified":"2025-10-17T08:54:05+00:00","mainEntityOfPage":{"@id":"https:\/\/afogadosfm.com.br\/afogadosfm\/2025\/10\/17\/mppe-acompanha-com-atencao-as-investigacoes-sobre-a-morte-de-yasmin-em-carnaiba\/"},"wordCount":427,"commentCount":0,"publisher":{"@id":"https:\/\/afogadosfm.com.br\/afogadosfm\/#organization"},"image":{"@id":"https:\/\/afogadosfm.com.br\/afogadosfm\/2025\/10\/17\/mppe-acompanha-com-atencao-as-investigacoes-sobre-a-morte-de-yasmin-em-carnaiba\/#primaryimage"},"thumbnailUrl":"https:\/\/i0.wp.com\/afogadosfm.com.br\/afogadosfm\/wp-content\/uploads\/2025\/10\/Imagem-do-WhatsApp-de-2025-10-06-as-07.52.36_48f72ea8.jpg?fit=1100%2C810&ssl=1","articleSection":["Pol\u00edcia"],"inLanguage":"pt-BR","potentialAction":[{"@type":"CommentAction","name":"Comment","target":["https:\/\/afogadosfm.com.br\/afogadosfm\/2025\/10\/17\/mppe-acompanha-com-atencao-as-investigacoes-sobre-a-morte-de-yasmin-em-carnaiba\/#respond"]}]},{"@type":"WebPage","@id":"https:\/\/afogadosfm.com.br\/afogadosfm\/2025\/10\/17\/mppe-acompanha-com-atencao-as-investigacoes-sobre-a-morte-de-yasmin-em-carnaiba\/","url":"https:\/\/afogadosfm.com.br\/afogadosfm\/2025\/10\/17\/mppe-acompanha-com-atencao-as-investigacoes-sobre-a-morte-de-yasmin-em-carnaiba\/","name":"MPPE acompanha com aten\u00e7\u00e3o as investiga\u00e7\u00f5es sobre a morte de Yasmin em Carna\u00edba - Afogados FM","isPartOf":{"@id":"https:\/\/afogadosfm.com.br\/afogadosfm\/#website"},"primaryImageOfPage":{"@id":"https:\/\/afogadosfm.com.br\/afogadosfm\/2025\/10\/17\/mppe-acompanha-com-atencao-as-investigacoes-sobre-a-morte-de-yasmin-em-carnaiba\/#primaryimage"},"image":{"@id":"https:\/\/afogadosfm.com.br\/afogadosfm\/2025\/10\/17\/mppe-acompanha-com-atencao-as-investigacoes-sobre-a-morte-de-yasmin-em-carnaiba\/#primaryimage"},"thumbnailUrl":"https:\/\/i0.wp.com\/afogadosfm.com.br\/afogadosfm\/wp-content\/uploads\/2025\/10\/Imagem-do-WhatsApp-de-2025-10-06-as-07.52.36_48f72ea8.jpg?fit=1100%2C810&ssl=1","datePublished":"2025-10-17T08:54:04+00:00","dateModified":"2025-10-17T08:54:05+00:00","breadcrumb":{"@id":"https:\/\/afogadosfm.com.br\/afogadosfm\/2025\/10\/17\/mppe-acompanha-com-atencao-as-investigacoes-sobre-a-morte-de-yasmin-em-carnaiba\/#breadcrumb"},"inLanguage":"pt-BR","potentialAction":[{"@type":"ReadAction","target":["https:\/\/afogadosfm.com.br\/afogadosfm\/2025\/10\/17\/mppe-acompanha-com-atencao-as-investigacoes-sobre-a-morte-de-yasmin-em-carnaiba\/"]}]},{"@type":"ImageObject","inLanguage":"pt-BR","@id":"https:\/\/afogadosfm.com.br\/afogadosfm\/2025\/10\/17\/mppe-acompanha-com-atencao-as-investigacoes-sobre-a-morte-de-yasmin-em-carnaiba\/#primaryimage","url":"https:\/\/i0.wp.com\/afogadosfm.com.br\/afogadosfm\/wp-content\/uploads\/2025\/10\/Imagem-do-WhatsApp-de-2025-10-06-as-07.52.36_48f72ea8.jpg?fit=1100%2C810&ssl=1","contentUrl":"https:\/\/i0.wp.com\/afogadosfm.com.br\/afogadosfm\/wp-content\/uploads\/2025\/10\/Imagem-do-WhatsApp-de-2025-10-06-as-07.52.36_48f72ea8.jpg?fit=1100%2C810&ssl=1","width":1100,"height":810},{"@type":"BreadcrumbList","@id":"https:\/\/afogadosfm.com.br\/afogadosfm\/2025\/10\/17\/mppe-acompanha-com-atencao-as-investigacoes-sobre-a-morte-de-yasmin-em-carnaiba\/#breadcrumb","itemListElement":[{"@type":"ListItem","position":1,"name":"In\u00edcio","item":"https:\/\/afogadosfm.com.br\/afogadosfm\/"},{"@type":"ListItem","position":2,"name":"MPPE acompanha com aten\u00e7\u00e3o as investiga\u00e7\u00f5es sobre a morte de Yasmin em Carna\u00edba"}]},{"@type":"WebSite","@id":"https:\/\/afogadosfm.com.br\/afogadosfm\/#website","url":"https:\/\/afogadosfm.com.br\/afogadosfm\/","name":"Afogados FM","description":"Um site completo!","publisher":{"@id":"https:\/\/afogadosfm.com.br\/afogadosfm\/#organization"},"potentialAction":[{"@type":"SearchAction","target":{"@type":"EntryPoint","urlTemplate":"https:\/\/afogadosfm.com.br\/afogadosfm\/?s={search_term_string}"},"query-input":{"@type":"PropertyValueSpecification","valueRequired":true,"valueName":"search_term_string"}}],"inLanguage":"pt-BR"},{"@type":"Organization","@id":"https:\/\/afogadosfm.com.br\/afogadosfm\/#organization","name":"Afogados FM","url":"https:\/\/afogadosfm.com.br\/afogadosfm\/","logo":{"@type":"ImageObject","inLanguage":"pt-BR","@id":"https:\/\/afogadosfm.com.br\/afogadosfm\/#\/schema\/logo\/image\/","url":"https:\/\/i0.wp.com\/afogadosfm.com.br\/afogadosfm\/wp-content\/uploads\/2020\/06\/cropped-banner-afogados-4.jpg?fit=369%2C137&ssl=1","contentUrl":"https:\/\/i0.wp.com\/afogadosfm.com.br\/afogadosfm\/wp-content\/uploads\/2020\/06\/cropped-banner-afogados-4.jpg?fit=369%2C137&ssl=1","width":369,"height":137,"caption":"Afogados FM"},"image":{"@id":"https:\/\/afogadosfm.com.br\/afogadosfm\/#\/schema\/logo\/image\/"}},{"@type":"Person","@id":"https:\/\/afogadosfm.com.br\/afogadosfm\/#\/schema\/person\/60e56f2cf5dc960fc093fe093d9e9057","name":"afogadosfm","image":{"@type":"ImageObject","inLanguage":"pt-BR","@id":"https:\/\/secure.gravatar.com\/avatar\/e0359add7ed5dc3560906d861b52c6a8cf5c1e199d3a7dd85070998f49bd4701?s=96&d=mm&r=g","url":"https:\/\/secure.gravatar.com\/avatar\/e0359add7ed5dc3560906d861b52c6a8cf5c1e199d3a7dd85070998f49bd4701?s=96&d=mm&r=g","contentUrl":"https:\/\/secure.gravatar.com\/avatar\/e0359add7ed5dc3560906d861b52c6a8cf5c1e199d3a7dd85070998f49bd4701?s=96&d=mm&r=g","caption":"afogadosfm"},"url":"https:\/\/afogadosfm.com.br\/afogadosfm\/author\/afogadosfm\/"}]}},"jetpack_publicize_connections":[],"jetpack_featured_media_url":"https:\/\/i0.wp.com\/afogadosfm.com.br\/afogadosfm\/wp-content\/uploads\/2025\/10\/Imagem-do-WhatsApp-de-2025-10-06-as-07.52.36_48f72ea8.jpg?fit=1100%2C810&ssl=1","jetpack-related-posts":[],"jetpack_sharing_enabled":true,"jetpack_likes_enabled":true,"_links":{"self":[{"href":"https:\/\/afogadosfm.com.br\/afogadosfm\/wp-json\/wp\/v2\/posts\/69882","targetHints":{"allow":["GET"]}}],"collection":[{"href":"https:\/\/afogadosfm.com.br\/afogadosfm\/wp-json\/wp\/v2\/posts"}],"about":[{"href":"https:\/\/afogadosfm.com.br\/afogadosfm\/wp-json\/wp\/v2\/types\/post"}],"author":[{"embeddable":true,"href":"https:\/\/afogadosfm.com.br\/afogadosfm\/wp-json\/wp\/v2\/users\/2"}],"replies":[{"embeddable":true,"href":"https:\/\/afogadosfm.com.br\/afogadosfm\/wp-json\/wp\/v2\/comments?post=69882"}],"version-history":[{"count":1,"href":"https:\/\/afogadosfm.com.br\/afogadosfm\/wp-json\/wp\/v2\/posts\/69882\/revisions"}],"predecessor-version":[{"id":69883,"href":"https:\/\/afogadosfm.com.br\/afogadosfm\/wp-json\/wp\/v2\/posts\/69882\/revisions\/69883"}],"wp:featuredmedia":[{"embeddable":true,"href":"https:\/\/afogadosfm.com.br\/afogadosfm\/wp-json\/wp\/v2\/media\/69613"}],"wp:attachment":[{"href":"https:\/\/afogadosfm.com.br\/afogadosfm\/wp-json\/wp\/v2\/media?parent=69882"}],"wp:term":[{"taxonomy":"category","embeddable":true,"href":"https:\/\/afogadosfm.com.br\/afogadosfm\/wp-json\/wp\/v2\/categories?post=69882"},{"taxonomy":"post_tag","embeddable":true,"href":"https:\/\/afogadosfm.com.br\/afogadosfm\/wp-json\/wp\/v2\/tags?post=69882"}],"curies":[{"name":"wp","href":"https:\/\/api.w.org\/{rel}","templated":true}]}}