{"id":69896,"date":"2025-10-17T07:31:08","date_gmt":"2025-10-17T10:31:08","guid":{"rendered":"https:\/\/afogadosfm.com.br\/afogadosfm\/?p=69896"},"modified":"2025-10-17T07:31:09","modified_gmt":"2025-10-17T10:31:09","slug":"pl-vai-usar-brecha-legal-para-tentar-salvar-mandato-de-eduardo-bolsonaro","status":"publish","type":"post","link":"https:\/\/afogadosfm.com.br\/afogadosfm\/2025\/10\/17\/pl-vai-usar-brecha-legal-para-tentar-salvar-mandato-de-eduardo-bolsonaro\/","title":{"rendered":"PL vai usar brecha legal para tentar salvar mandato de Eduardo Bolsonaro"},"content":{"rendered":"\n<p>Depois de o presidente da C\u00e2mara dos Deputados, Hugo Motta (Republicanos-PB), frustrar o plano inicial para manter o mandato do deputado federal Eduardo Bolsonaro (PL-SP), o PL tem um novo plano para salvar o parlamentar, que est\u00e1 nos Estados Unidos. Agora, o partido pretende usar o texto da Constitui\u00e7\u00e3o Federal para isso.<\/p>\n\n\n\n<p>O artigo 55 da Carta diz que o parlamentar precisa de um ter\u00e7o ou mais de faltas n\u00e3o justificadas em sess\u00f5es ordin\u00e1rias para perder o mandato.<\/p>\n\n\n\n<p>O &#8220;pulo do gato&#8221;, aponta o l\u00edder do PL na C\u00e2mara, S\u00f3stenes Cavalcante (RJ), est\u00e1 no termo &#8220;sess\u00f5es ordin\u00e1rias&#8221;. Motta herdou um h\u00e1bito que o ex-presidente da C\u00e2mara Arthur Lira (PP-AL) manteve mesmo depois da pandemia de convocar sess\u00f5es extraordin\u00e1rias.<\/p>\n\n\n\n<p>Como sess\u00f5es extraordin\u00e1rias n\u00e3o s\u00e3o sess\u00f5es ordin\u00e1rias, acreditam integrantes do PL na C\u00e2mara, isso seria suficiente para preservar o mandato de Eduardo.<\/p>\n\n\n\n<p>H\u00e1, por\u00e9m, um precedente nesta legislatura deixado por Chiquinho Braz\u00e3o (sem partido-RJ), que perdeu o mandato em abril deste ano ap\u00f3s ficar um ano e um m\u00eas como deputado preso preventivamente sob a acusa\u00e7\u00e3o de ser o mandante do assassinato da ex-vereadora do Rio Marielle Franco.<\/p>\n\n\n\n<p>&#8220;Esse foi um erro da defesa do Chiquinho Braz\u00e3o. N\u00f3s iremos apresentar o nosso argumento e o nosso argumento \u00e9 o regimento&#8221;, argumenta S\u00f3stenes ap\u00f3s ser questionado sobre o precedente.<\/p>\n\n\n\n<p>A primeira tentativa do PL em salvar o mandato do filho do ex-presidente Jair Bolsonaro (PL) consistiu em tentar nomear Eduardo Bolsonaro como l\u00edder da minoria da C\u00e2mara.<\/p>\n\n\n\n<p>Uma vez l\u00edder, argumentavam t\u00e9cnicos do PL, um ato da Mesa Diretora permitiria que a presen\u00e7a de l\u00edderes n\u00e3o fosse contabilizada.<\/p>\n\n\n\n<p>Caso perca o mandato por faltas, a expectativa \u00e9 que isso ocorra por decis\u00e3o da Mesa em mar\u00e7o do pr\u00f3ximo ano, que \u00e9 quando s\u00e3o contabilizadas as faltas do ano anterior.<\/p>\n\n\n\n<p>T\u00e9cnicos do PL estimam que 44 faltas n\u00e3o justificadas seria o n\u00famero m\u00e1gico que implicaria na cassa\u00e7\u00e3o de Eduardo. At\u00e9 o momento, ele tem 34 faltas n\u00e3o justificadas.<\/p>\n","protected":false},"excerpt":{"rendered":"<p>Depois de o presidente da C\u00e2mara dos Deputados, Hugo Motta (Republicanos-PB), frustrar o plano inicial para manter o mandato do<\/p>\n","protected":false},"author":2,"featured_media":11891,"comment_status":"open","ping_status":"open","sticky":false,"template":"","format":"standard","meta":{"jetpack_post_was_ever_published":false,"_jetpack_newsletter_access":"","_jetpack_dont_email_post_to_subs":false,"_jetpack_newsletter_tier_id":0,"_jetpack_memberships_contains_paywalled_content":false,"_jetpack_memberships_contains_paid_content":false,"footnotes":"","jetpack_publicize_message":"","jetpack_publicize_feature_enabled":true,"jetpack_social_post_already_shared":true,"jetpack_social_options":{"image_generator_settings":{"template":"highway","default_image_id":0,"font":"","enabled":false},"version":2}},"categories":[35],"tags":[],"class_list":["post-69896","post","type-post","status-publish","format-standard","has-post-thumbnail","hentry","category-politica"],"yoast_head":"<!-- This site is optimized with the Yoast SEO plugin v27.5 - https:\/\/yoast.com\/product\/yoast-seo-wordpress\/ -->\n<title>PL vai usar brecha legal para tentar salvar mandato de Eduardo Bolsonaro - Afogados FM<\/title>\n<meta name=\"robots\" content=\"index, follow, max-snippet:-1, max-image-preview:large, max-video-preview:-1\" \/>\n<link rel=\"canonical\" href=\"https:\/\/afogadosfm.com.br\/afogadosfm\/2025\/10\/17\/pl-vai-usar-brecha-legal-para-tentar-salvar-mandato-de-eduardo-bolsonaro\/\" \/>\n<meta property=\"og:locale\" content=\"pt_BR\" \/>\n<meta property=\"og:type\" content=\"article\" \/>\n<meta property=\"og:title\" content=\"PL vai usar brecha legal para tentar salvar mandato de Eduardo Bolsonaro - Afogados FM\" \/>\n<meta property=\"og:description\" content=\"Depois de o presidente da C\u00e2mara dos Deputados, Hugo Motta (Republicanos-PB), frustrar o plano inicial para manter o mandato do\" \/>\n<meta property=\"og:url\" content=\"https:\/\/afogadosfm.com.br\/afogadosfm\/2025\/10\/17\/pl-vai-usar-brecha-legal-para-tentar-salvar-mandato-de-eduardo-bolsonaro\/\" \/>\n<meta property=\"og:site_name\" content=\"Afogados FM\" \/>\n<meta property=\"article:published_time\" content=\"2025-10-17T10:31:08+00:00\" \/>\n<meta property=\"article:modified_time\" content=\"2025-10-17T10:31:09+00:00\" \/>\n<meta property=\"og:image\" content=\"https:\/\/afogadosfm.com.br\/afogadosfm\/wp-content\/uploads\/2019\/08\/eduardo-bolso.jpg\" \/>\n\t<meta property=\"og:image:width\" content=\"800\" \/>\n\t<meta property=\"og:image:height\" content=\"533\" \/>\n\t<meta property=\"og:image:type\" content=\"image\/jpeg\" \/>\n<meta name=\"author\" content=\"afogadosfm\" \/>\n<meta name=\"twitter:card\" content=\"summary_large_image\" \/>\n<meta name=\"twitter:label1\" content=\"Escrito por\" \/>\n\t<meta name=\"twitter:data1\" content=\"afogadosfm\" \/>\n\t<meta name=\"twitter:label2\" content=\"Est. tempo de leitura\" \/>\n\t<meta name=\"twitter:data2\" content=\"2 minutos\" \/>\n<script type=\"application\/ld+json\" class=\"yoast-schema-graph\">{\"@context\":\"https:\\\/\\\/schema.org\",\"@graph\":[{\"@type\":\"Article\",\"@id\":\"https:\\\/\\\/afogadosfm.com.br\\\/afogadosfm\\\/2025\\\/10\\\/17\\\/pl-vai-usar-brecha-legal-para-tentar-salvar-mandato-de-eduardo-bolsonaro\\\/#article\",\"isPartOf\":{\"@id\":\"https:\\\/\\\/afogadosfm.com.br\\\/afogadosfm\\\/2025\\\/10\\\/17\\\/pl-vai-usar-brecha-legal-para-tentar-salvar-mandato-de-eduardo-bolsonaro\\\/\"},\"author\":{\"name\":\"afogadosfm\",\"@id\":\"https:\\\/\\\/afogadosfm.com.br\\\/afogadosfm\\\/#\\\/schema\\\/person\\\/60e56f2cf5dc960fc093fe093d9e9057\"},\"headline\":\"PL vai usar brecha legal para tentar salvar mandato de Eduardo Bolsonaro\",\"datePublished\":\"2025-10-17T10:31:08+00:00\",\"dateModified\":\"2025-10-17T10:31:09+00:00\",\"mainEntityOfPage\":{\"@id\":\"https:\\\/\\\/afogadosfm.com.br\\\/afogadosfm\\\/2025\\\/10\\\/17\\\/pl-vai-usar-brecha-legal-para-tentar-salvar-mandato-de-eduardo-bolsonaro\\\/\"},\"wordCount\":378,\"commentCount\":0,\"publisher\":{\"@id\":\"https:\\\/\\\/afogadosfm.com.br\\\/afogadosfm\\\/#organization\"},\"image\":{\"@id\":\"https:\\\/\\\/afogadosfm.com.br\\\/afogadosfm\\\/2025\\\/10\\\/17\\\/pl-vai-usar-brecha-legal-para-tentar-salvar-mandato-de-eduardo-bolsonaro\\\/#primaryimage\"},\"thumbnailUrl\":\"https:\\\/\\\/i0.wp.com\\\/afogadosfm.com.br\\\/afogadosfm\\\/wp-content\\\/uploads\\\/2019\\\/08\\\/eduardo-bolso.jpg?fit=800%2C533&ssl=1\",\"articleSection\":[\"Pol\u00edtica\"],\"inLanguage\":\"pt-BR\",\"potentialAction\":[{\"@type\":\"CommentAction\",\"name\":\"Comment\",\"target\":[\"https:\\\/\\\/afogadosfm.com.br\\\/afogadosfm\\\/2025\\\/10\\\/17\\\/pl-vai-usar-brecha-legal-para-tentar-salvar-mandato-de-eduardo-bolsonaro\\\/#respond\"]}]},{\"@type\":\"WebPage\",\"@id\":\"https:\\\/\\\/afogadosfm.com.br\\\/afogadosfm\\\/2025\\\/10\\\/17\\\/pl-vai-usar-brecha-legal-para-tentar-salvar-mandato-de-eduardo-bolsonaro\\\/\",\"url\":\"https:\\\/\\\/afogadosfm.com.br\\\/afogadosfm\\\/2025\\\/10\\\/17\\\/pl-vai-usar-brecha-legal-para-tentar-salvar-mandato-de-eduardo-bolsonaro\\\/\",\"name\":\"PL vai usar brecha legal para tentar salvar mandato de Eduardo Bolsonaro - Afogados FM\",\"isPartOf\":{\"@id\":\"https:\\\/\\\/afogadosfm.com.br\\\/afogadosfm\\\/#website\"},\"primaryImageOfPage\":{\"@id\":\"https:\\\/\\\/afogadosfm.com.br\\\/afogadosfm\\\/2025\\\/10\\\/17\\\/pl-vai-usar-brecha-legal-para-tentar-salvar-mandato-de-eduardo-bolsonaro\\\/#primaryimage\"},\"image\":{\"@id\":\"https:\\\/\\\/afogadosfm.com.br\\\/afogadosfm\\\/2025\\\/10\\\/17\\\/pl-vai-usar-brecha-legal-para-tentar-salvar-mandato-de-eduardo-bolsonaro\\\/#primaryimage\"},\"thumbnailUrl\":\"https:\\\/\\\/i0.wp.com\\\/afogadosfm.com.br\\\/afogadosfm\\\/wp-content\\\/uploads\\\/2019\\\/08\\\/eduardo-bolso.jpg?fit=800%2C533&ssl=1\",\"datePublished\":\"2025-10-17T10:31:08+00:00\",\"dateModified\":\"2025-10-17T10:31:09+00:00\",\"breadcrumb\":{\"@id\":\"https:\\\/\\\/afogadosfm.com.br\\\/afogadosfm\\\/2025\\\/10\\\/17\\\/pl-vai-usar-brecha-legal-para-tentar-salvar-mandato-de-eduardo-bolsonaro\\\/#breadcrumb\"},\"inLanguage\":\"pt-BR\",\"potentialAction\":[{\"@type\":\"ReadAction\",\"target\":[\"https:\\\/\\\/afogadosfm.com.br\\\/afogadosfm\\\/2025\\\/10\\\/17\\\/pl-vai-usar-brecha-legal-para-tentar-salvar-mandato-de-eduardo-bolsonaro\\\/\"]}]},{\"@type\":\"ImageObject\",\"inLanguage\":\"pt-BR\",\"@id\":\"https:\\\/\\\/afogadosfm.com.br\\\/afogadosfm\\\/2025\\\/10\\\/17\\\/pl-vai-usar-brecha-legal-para-tentar-salvar-mandato-de-eduardo-bolsonaro\\\/#primaryimage\",\"url\":\"https:\\\/\\\/i0.wp.com\\\/afogadosfm.com.br\\\/afogadosfm\\\/wp-content\\\/uploads\\\/2019\\\/08\\\/eduardo-bolso.jpg?fit=800%2C533&ssl=1\",\"contentUrl\":\"https:\\\/\\\/i0.wp.com\\\/afogadosfm.com.br\\\/afogadosfm\\\/wp-content\\\/uploads\\\/2019\\\/08\\\/eduardo-bolso.jpg?fit=800%2C533&ssl=1\",\"width\":800,\"height\":533},{\"@type\":\"BreadcrumbList\",\"@id\":\"https:\\\/\\\/afogadosfm.com.br\\\/afogadosfm\\\/2025\\\/10\\\/17\\\/pl-vai-usar-brecha-legal-para-tentar-salvar-mandato-de-eduardo-bolsonaro\\\/#breadcrumb\",\"itemListElement\":[{\"@type\":\"ListItem\",\"position\":1,\"name\":\"In\u00edcio\",\"item\":\"https:\\\/\\\/afogadosfm.com.br\\\/afogadosfm\\\/\"},{\"@type\":\"ListItem\",\"position\":2,\"name\":\"PL vai usar brecha legal para tentar salvar mandato de Eduardo Bolsonaro\"}]},{\"@type\":\"WebSite\",\"@id\":\"https:\\\/\\\/afogadosfm.com.br\\\/afogadosfm\\\/#website\",\"url\":\"https:\\\/\\\/afogadosfm.com.br\\\/afogadosfm\\\/\",\"name\":\"Afogados FM\",\"description\":\"Um site completo!\",\"publisher\":{\"@id\":\"https:\\\/\\\/afogadosfm.com.br\\\/afogadosfm\\\/#organization\"},\"potentialAction\":[{\"@type\":\"SearchAction\",\"target\":{\"@type\":\"EntryPoint\",\"urlTemplate\":\"https:\\\/\\\/afogadosfm.com.br\\\/afogadosfm\\\/?s={search_term_string}\"},\"query-input\":{\"@type\":\"PropertyValueSpecification\",\"valueRequired\":true,\"valueName\":\"search_term_string\"}}],\"inLanguage\":\"pt-BR\"},{\"@type\":\"Organization\",\"@id\":\"https:\\\/\\\/afogadosfm.com.br\\\/afogadosfm\\\/#organization\",\"name\":\"Afogados FM\",\"url\":\"https:\\\/\\\/afogadosfm.com.br\\\/afogadosfm\\\/\",\"logo\":{\"@type\":\"ImageObject\",\"inLanguage\":\"pt-BR\",\"@id\":\"https:\\\/\\\/afogadosfm.com.br\\\/afogadosfm\\\/#\\\/schema\\\/logo\\\/image\\\/\",\"url\":\"https:\\\/\\\/i0.wp.com\\\/afogadosfm.com.br\\\/afogadosfm\\\/wp-content\\\/uploads\\\/2020\\\/06\\\/cropped-banner-afogados-4.jpg?fit=369%2C137&ssl=1\",\"contentUrl\":\"https:\\\/\\\/i0.wp.com\\\/afogadosfm.com.br\\\/afogadosfm\\\/wp-content\\\/uploads\\\/2020\\\/06\\\/cropped-banner-afogados-4.jpg?fit=369%2C137&ssl=1\",\"width\":369,\"height\":137,\"caption\":\"Afogados FM\"},\"image\":{\"@id\":\"https:\\\/\\\/afogadosfm.com.br\\\/afogadosfm\\\/#\\\/schema\\\/logo\\\/image\\\/\"}},{\"@type\":\"Person\",\"@id\":\"https:\\\/\\\/afogadosfm.com.br\\\/afogadosfm\\\/#\\\/schema\\\/person\\\/60e56f2cf5dc960fc093fe093d9e9057\",\"name\":\"afogadosfm\",\"image\":{\"@type\":\"ImageObject\",\"inLanguage\":\"pt-BR\",\"@id\":\"https:\\\/\\\/secure.gravatar.com\\\/avatar\\\/e0359add7ed5dc3560906d861b52c6a8cf5c1e199d3a7dd85070998f49bd4701?s=96&d=mm&r=g\",\"url\":\"https:\\\/\\\/secure.gravatar.com\\\/avatar\\\/e0359add7ed5dc3560906d861b52c6a8cf5c1e199d3a7dd85070998f49bd4701?s=96&d=mm&r=g\",\"contentUrl\":\"https:\\\/\\\/secure.gravatar.com\\\/avatar\\\/e0359add7ed5dc3560906d861b52c6a8cf5c1e199d3a7dd85070998f49bd4701?s=96&d=mm&r=g\",\"caption\":\"afogadosfm\"},\"url\":\"https:\\\/\\\/afogadosfm.com.br\\\/afogadosfm\\\/author\\\/afogadosfm\\\/\"}]}<\/script>\n<!-- \/ Yoast SEO plugin. -->","yoast_head_json":{"title":"PL vai usar brecha legal para tentar salvar mandato de Eduardo Bolsonaro - Afogados FM","robots":{"index":"index","follow":"follow","max-snippet":"max-snippet:-1","max-image-preview":"max-image-preview:large","max-video-preview":"max-video-preview:-1"},"canonical":"https:\/\/afogadosfm.com.br\/afogadosfm\/2025\/10\/17\/pl-vai-usar-brecha-legal-para-tentar-salvar-mandato-de-eduardo-bolsonaro\/","og_locale":"pt_BR","og_type":"article","og_title":"PL vai usar brecha legal para tentar salvar mandato de Eduardo Bolsonaro - Afogados FM","og_description":"Depois de o presidente da C\u00e2mara dos Deputados, Hugo Motta (Republicanos-PB), frustrar o plano inicial para manter o mandato do","og_url":"https:\/\/afogadosfm.com.br\/afogadosfm\/2025\/10\/17\/pl-vai-usar-brecha-legal-para-tentar-salvar-mandato-de-eduardo-bolsonaro\/","og_site_name":"Afogados FM","article_published_time":"2025-10-17T10:31:08+00:00","article_modified_time":"2025-10-17T10:31:09+00:00","og_image":[{"width":800,"height":533,"url":"https:\/\/afogadosfm.com.br\/afogadosfm\/wp-content\/uploads\/2019\/08\/eduardo-bolso.jpg","type":"image\/jpeg"}],"author":"afogadosfm","twitter_card":"summary_large_image","twitter_misc":{"Escrito por":"afogadosfm","Est. tempo de leitura":"2 minutos"},"schema":{"@context":"https:\/\/schema.org","@graph":[{"@type":"Article","@id":"https:\/\/afogadosfm.com.br\/afogadosfm\/2025\/10\/17\/pl-vai-usar-brecha-legal-para-tentar-salvar-mandato-de-eduardo-bolsonaro\/#article","isPartOf":{"@id":"https:\/\/afogadosfm.com.br\/afogadosfm\/2025\/10\/17\/pl-vai-usar-brecha-legal-para-tentar-salvar-mandato-de-eduardo-bolsonaro\/"},"author":{"name":"afogadosfm","@id":"https:\/\/afogadosfm.com.br\/afogadosfm\/#\/schema\/person\/60e56f2cf5dc960fc093fe093d9e9057"},"headline":"PL vai usar brecha legal para tentar salvar mandato de Eduardo Bolsonaro","datePublished":"2025-10-17T10:31:08+00:00","dateModified":"2025-10-17T10:31:09+00:00","mainEntityOfPage":{"@id":"https:\/\/afogadosfm.com.br\/afogadosfm\/2025\/10\/17\/pl-vai-usar-brecha-legal-para-tentar-salvar-mandato-de-eduardo-bolsonaro\/"},"wordCount":378,"commentCount":0,"publisher":{"@id":"https:\/\/afogadosfm.com.br\/afogadosfm\/#organization"},"image":{"@id":"https:\/\/afogadosfm.com.br\/afogadosfm\/2025\/10\/17\/pl-vai-usar-brecha-legal-para-tentar-salvar-mandato-de-eduardo-bolsonaro\/#primaryimage"},"thumbnailUrl":"https:\/\/i0.wp.com\/afogadosfm.com.br\/afogadosfm\/wp-content\/uploads\/2019\/08\/eduardo-bolso.jpg?fit=800%2C533&ssl=1","articleSection":["Pol\u00edtica"],"inLanguage":"pt-BR","potentialAction":[{"@type":"CommentAction","name":"Comment","target":["https:\/\/afogadosfm.com.br\/afogadosfm\/2025\/10\/17\/pl-vai-usar-brecha-legal-para-tentar-salvar-mandato-de-eduardo-bolsonaro\/#respond"]}]},{"@type":"WebPage","@id":"https:\/\/afogadosfm.com.br\/afogadosfm\/2025\/10\/17\/pl-vai-usar-brecha-legal-para-tentar-salvar-mandato-de-eduardo-bolsonaro\/","url":"https:\/\/afogadosfm.com.br\/afogadosfm\/2025\/10\/17\/pl-vai-usar-brecha-legal-para-tentar-salvar-mandato-de-eduardo-bolsonaro\/","name":"PL vai usar brecha legal para tentar salvar mandato de Eduardo Bolsonaro - Afogados FM","isPartOf":{"@id":"https:\/\/afogadosfm.com.br\/afogadosfm\/#website"},"primaryImageOfPage":{"@id":"https:\/\/afogadosfm.com.br\/afogadosfm\/2025\/10\/17\/pl-vai-usar-brecha-legal-para-tentar-salvar-mandato-de-eduardo-bolsonaro\/#primaryimage"},"image":{"@id":"https:\/\/afogadosfm.com.br\/afogadosfm\/2025\/10\/17\/pl-vai-usar-brecha-legal-para-tentar-salvar-mandato-de-eduardo-bolsonaro\/#primaryimage"},"thumbnailUrl":"https:\/\/i0.wp.com\/afogadosfm.com.br\/afogadosfm\/wp-content\/uploads\/2019\/08\/eduardo-bolso.jpg?fit=800%2C533&ssl=1","datePublished":"2025-10-17T10:31:08+00:00","dateModified":"2025-10-17T10:31:09+00:00","breadcrumb":{"@id":"https:\/\/afogadosfm.com.br\/afogadosfm\/2025\/10\/17\/pl-vai-usar-brecha-legal-para-tentar-salvar-mandato-de-eduardo-bolsonaro\/#breadcrumb"},"inLanguage":"pt-BR","potentialAction":[{"@type":"ReadAction","target":["https:\/\/afogadosfm.com.br\/afogadosfm\/2025\/10\/17\/pl-vai-usar-brecha-legal-para-tentar-salvar-mandato-de-eduardo-bolsonaro\/"]}]},{"@type":"ImageObject","inLanguage":"pt-BR","@id":"https:\/\/afogadosfm.com.br\/afogadosfm\/2025\/10\/17\/pl-vai-usar-brecha-legal-para-tentar-salvar-mandato-de-eduardo-bolsonaro\/#primaryimage","url":"https:\/\/i0.wp.com\/afogadosfm.com.br\/afogadosfm\/wp-content\/uploads\/2019\/08\/eduardo-bolso.jpg?fit=800%2C533&ssl=1","contentUrl":"https:\/\/i0.wp.com\/afogadosfm.com.br\/afogadosfm\/wp-content\/uploads\/2019\/08\/eduardo-bolso.jpg?fit=800%2C533&ssl=1","width":800,"height":533},{"@type":"BreadcrumbList","@id":"https:\/\/afogadosfm.com.br\/afogadosfm\/2025\/10\/17\/pl-vai-usar-brecha-legal-para-tentar-salvar-mandato-de-eduardo-bolsonaro\/#breadcrumb","itemListElement":[{"@type":"ListItem","position":1,"name":"In\u00edcio","item":"https:\/\/afogadosfm.com.br\/afogadosfm\/"},{"@type":"ListItem","position":2,"name":"PL vai usar brecha legal para tentar salvar mandato de Eduardo Bolsonaro"}]},{"@type":"WebSite","@id":"https:\/\/afogadosfm.com.br\/afogadosfm\/#website","url":"https:\/\/afogadosfm.com.br\/afogadosfm\/","name":"Afogados FM","description":"Um site completo!","publisher":{"@id":"https:\/\/afogadosfm.com.br\/afogadosfm\/#organization"},"potentialAction":[{"@type":"SearchAction","target":{"@type":"EntryPoint","urlTemplate":"https:\/\/afogadosfm.com.br\/afogadosfm\/?s={search_term_string}"},"query-input":{"@type":"PropertyValueSpecification","valueRequired":true,"valueName":"search_term_string"}}],"inLanguage":"pt-BR"},{"@type":"Organization","@id":"https:\/\/afogadosfm.com.br\/afogadosfm\/#organization","name":"Afogados FM","url":"https:\/\/afogadosfm.com.br\/afogadosfm\/","logo":{"@type":"ImageObject","inLanguage":"pt-BR","@id":"https:\/\/afogadosfm.com.br\/afogadosfm\/#\/schema\/logo\/image\/","url":"https:\/\/i0.wp.com\/afogadosfm.com.br\/afogadosfm\/wp-content\/uploads\/2020\/06\/cropped-banner-afogados-4.jpg?fit=369%2C137&ssl=1","contentUrl":"https:\/\/i0.wp.com\/afogadosfm.com.br\/afogadosfm\/wp-content\/uploads\/2020\/06\/cropped-banner-afogados-4.jpg?fit=369%2C137&ssl=1","width":369,"height":137,"caption":"Afogados FM"},"image":{"@id":"https:\/\/afogadosfm.com.br\/afogadosfm\/#\/schema\/logo\/image\/"}},{"@type":"Person","@id":"https:\/\/afogadosfm.com.br\/afogadosfm\/#\/schema\/person\/60e56f2cf5dc960fc093fe093d9e9057","name":"afogadosfm","image":{"@type":"ImageObject","inLanguage":"pt-BR","@id":"https:\/\/secure.gravatar.com\/avatar\/e0359add7ed5dc3560906d861b52c6a8cf5c1e199d3a7dd85070998f49bd4701?s=96&d=mm&r=g","url":"https:\/\/secure.gravatar.com\/avatar\/e0359add7ed5dc3560906d861b52c6a8cf5c1e199d3a7dd85070998f49bd4701?s=96&d=mm&r=g","contentUrl":"https:\/\/secure.gravatar.com\/avatar\/e0359add7ed5dc3560906d861b52c6a8cf5c1e199d3a7dd85070998f49bd4701?s=96&d=mm&r=g","caption":"afogadosfm"},"url":"https:\/\/afogadosfm.com.br\/afogadosfm\/author\/afogadosfm\/"}]}},"jetpack_publicize_connections":[],"jetpack_featured_media_url":"https:\/\/i0.wp.com\/afogadosfm.com.br\/afogadosfm\/wp-content\/uploads\/2019\/08\/eduardo-bolso.jpg?fit=800%2C533&ssl=1","jetpack-related-posts":[],"jetpack_sharing_enabled":true,"jetpack_likes_enabled":true,"_links":{"self":[{"href":"https:\/\/afogadosfm.com.br\/afogadosfm\/wp-json\/wp\/v2\/posts\/69896","targetHints":{"allow":["GET"]}}],"collection":[{"href":"https:\/\/afogadosfm.com.br\/afogadosfm\/wp-json\/wp\/v2\/posts"}],"about":[{"href":"https:\/\/afogadosfm.com.br\/afogadosfm\/wp-json\/wp\/v2\/types\/post"}],"author":[{"embeddable":true,"href":"https:\/\/afogadosfm.com.br\/afogadosfm\/wp-json\/wp\/v2\/users\/2"}],"replies":[{"embeddable":true,"href":"https:\/\/afogadosfm.com.br\/afogadosfm\/wp-json\/wp\/v2\/comments?post=69896"}],"version-history":[{"count":1,"href":"https:\/\/afogadosfm.com.br\/afogadosfm\/wp-json\/wp\/v2\/posts\/69896\/revisions"}],"predecessor-version":[{"id":69897,"href":"https:\/\/afogadosfm.com.br\/afogadosfm\/wp-json\/wp\/v2\/posts\/69896\/revisions\/69897"}],"wp:featuredmedia":[{"embeddable":true,"href":"https:\/\/afogadosfm.com.br\/afogadosfm\/wp-json\/wp\/v2\/media\/11891"}],"wp:attachment":[{"href":"https:\/\/afogadosfm.com.br\/afogadosfm\/wp-json\/wp\/v2\/media?parent=69896"}],"wp:term":[{"taxonomy":"category","embeddable":true,"href":"https:\/\/afogadosfm.com.br\/afogadosfm\/wp-json\/wp\/v2\/categories?post=69896"},{"taxonomy":"post_tag","embeddable":true,"href":"https:\/\/afogadosfm.com.br\/afogadosfm\/wp-json\/wp\/v2\/tags?post=69896"}],"curies":[{"name":"wp","href":"https:\/\/api.w.org\/{rel}","templated":true}]}}