{"id":69908,"date":"2025-10-18T06:53:30","date_gmt":"2025-10-18T09:53:30","guid":{"rendered":"https:\/\/afogadosfm.com.br\/afogadosfm\/?p=69908"},"modified":"2025-10-18T06:53:32","modified_gmt":"2025-10-18T09:53:32","slug":"pernambuco-tem-22-casos-por-dia-de-doencas-ligadas-ao-saneamento-diz-pesquisa","status":"publish","type":"post","link":"https:\/\/afogadosfm.com.br\/afogadosfm\/2025\/10\/18\/pernambuco-tem-22-casos-por-dia-de-doencas-ligadas-ao-saneamento-diz-pesquisa\/","title":{"rendered":"Pernambuco tem 22 casos por dia de doen\u00e7as ligadas ao saneamento, diz pesquisa"},"content":{"rendered":"\n<p>Pernambuco registrou, em 2024, 8.179 interna\u00e7\u00f5es por Doen\u00e7as Relacionadas ao Saneamento Ambiental Inadequado (DRSAI), o equivalente a 22,3 casos por dia. O n\u00famero coloca o estado entre os quatro com mais casos do Nordeste, atr\u00e1s apenas de Maranh\u00e3o, Bahia e Cear\u00e1.<\/p>\n\n\n\n<p>A maior parte das hospitaliza\u00e7\u00f5es est\u00e1 ligada a doen\u00e7as de transmiss\u00e3o feco-oral, causadas pela ingest\u00e3o de \u00e1gua ou alimentos contaminados, refletindo os impactos diretos da falta de acesso \u00e0 \u00e1gua pot\u00e1vel e ao esgotamento sanit\u00e1rio.<\/p>\n\n\n\n<p>O levantamento aponta que h\u00e1 8,57 interna\u00e7\u00f5es a cada 10 mil habitantes, taxa superior \u00e0 m\u00e9dia nacional, que \u00e9 de 6,6, segundo o Instituto Trata Brasil.<\/p>\n\n\n\n<p>Das interna\u00e7\u00f5es registradas no estado, 6.308 foram provocadas por doen\u00e7as de transmiss\u00e3o feco-oral, como diarreias infecciosas, hepatite A e infec\u00e7\u00f5es gastrointestinais. Essas enfermidades representam 80% das interna\u00e7\u00f5es associadas ao saneamento em Pernambuco e mostram que os pernambucanos t\u00eam maior risco de hospitaliza\u00e7\u00e3o por doen\u00e7as evit\u00e1veis do que moradores de estados como Rio de Janeiro (5,88 interna\u00e7\u00f5es por 10 mil hab.) e Santa Catarina (4,42 por 10 mil hab.).<\/p>\n\n\n\n<p>O levantamento indica ainda que 1.454 casos estiveram relacionados a doen\u00e7as transmitidas por insetos vetores, como dengue, zika e chikungunya, e 228 a doen\u00e7as de contato com a \u00e1gua, al\u00e9m de 163 ligadas \u00e0 falta de higiene. Apesar do peso da dengue no cen\u00e1rio nacional, Pernambuco conseguiu manter o n\u00famero de interna\u00e7\u00f5es por vetores em um patamar moderado.<\/p>\n\n\n\n<p>O estado registrou, em 2024, 1.836 interna\u00e7\u00f5es em crian\u00e7as de at\u00e9 4 anos e 2.412 em pessoas com mais de 60 anos, juntas, essas faixas et\u00e1rias representam mais da metade das hospitaliza\u00e7\u00f5es.<\/p>\n\n\n\n<p>Queda nas mortes, mas alto custo ao SUS<\/p>\n\n\n\n<p>Apesar do n\u00famero elevado de interna\u00e7\u00f5es, as mortes por doen\u00e7as ligadas ao saneamento v\u00eam diminuindo em Pernambuco. Entre 2008 e 2023, o estado registrou queda m\u00e9dia anual de 3,3% no n\u00famero de \u00f3bitos por DRSAI, uma das redu\u00e7\u00f5es mais expressivas do Nordeste.<br>Mesmo assim, os custos chegaram a R$ 7,04 milh\u00f5es pelo Sistema \u00danico de Sa\u00fade (SUS) em 2024, sendo R$ 5,52 milh\u00f5es apenas com doen\u00e7as de transmiss\u00e3o feco-oral.<\/p>\n\n\n\n<p>Essas despesas representam recursos que poderiam ser direcionados a outras \u00e1reas da sa\u00fade p\u00fablica, como preven\u00e7\u00e3o, aten\u00e7\u00e3o b\u00e1sica e amplia\u00e7\u00e3o de leitos hospitalares. Al\u00e9m disso, o estudo lembra que cada interna\u00e7\u00e3o gera perdas indiretas, como queda de produtividade e evas\u00e3o escolar.<\/p>\n\n\n\n<p><strong>Nordeste despeja o equivalente a 1,4 mil piscinas de esgoto por dia<\/strong><\/p>\n\n\n\n<p>Nordeste registrou 93,8 mil interna\u00e7\u00f5es por doen\u00e7as ligadas ao saneamento em 2024, o que equivale a 27% de todos os casos do pa\u00eds.<\/p>\n\n\n\n<p>Mais de 13 milh\u00f5es de nordestinos ainda n\u00e3o t\u00eam acesso \u00e0 \u00e1gua pot\u00e1vel, e quase 38 milh\u00f5es vivem sem coleta de esgoto. Segundo o levantamento, diariamente \u00e9 despejado no meio ambiente o equivalente a 1,4 mil piscinas ol\u00edmpicas de esgoto sem tratamento, contaminando rios, solos e len\u00e7\u00f3is fre\u00e1ticos.<\/p>\n\n\n\n<p>Os estados com mais interna\u00e7\u00f5es foram Maranh\u00e3o (32,1 mil), Bahia (24,2 mil), Cear\u00e1 (12,2 mil) e Pernambuco (8,2 mil). Em toda a regi\u00e3o, 77% das hospitaliza\u00e7\u00f5es est\u00e3o associadas a doen\u00e7as feco-orais, que poderiam ser evitadas com medidas b\u00e1sicas de saneamento.<\/p>\n\n\n\n<p>O custo hospitalar do Nordeste chegou a R$ 42,7 milh\u00f5es em 2024, sendo R$ 31,2 milh\u00f5es (73,2%) destinados ao tratamento de doen\u00e7as de transmiss\u00e3o feco-oral. Entre 2008 e 2024, houve redu\u00e7\u00e3o m\u00e9dia de 6,8% ao ano nas interna\u00e7\u00f5es regionais, com Alagoas, Rio Grande do Norte e Para\u00edba apresentando as quedas mais acentuadas.<\/p>\n\n\n\n<p>Brasil<\/p>\n\n\n\n<p>No cen\u00e1rio nacional, o Brasil contabilizou 344,4 mil interna\u00e7\u00f5es por DRSAI em 2024, das quais 47,6% foram causadas por doen\u00e7as feco-orais e 49% por doen\u00e7as transmitidas por insetos vetores. O pa\u00eds gastou R$ 174,3 milh\u00f5es com essas hospitaliza\u00e7\u00f5es, sendo R$ 85,2 milh\u00f5es em doen\u00e7as vetoriais e R$ 76,7 milh\u00f5es em feco-orais.<\/p>\n\n\n\n<p>O estudo aponta que, apesar da redu\u00e7\u00e3o de 71,3% na taxa de incid\u00eancia das doen\u00e7as feco-orais entre 2008 e 2024, o avan\u00e7o foi freado pela epidemia de dengue de 2024, que aumentou as interna\u00e7\u00f5es em quase todos os estados.<\/p>\n\n\n\n<p>Mesmo assim, os pesquisadores destacam que o investimento em saneamento b\u00e1sico tem efeito direto e comprovado na redu\u00e7\u00e3o das interna\u00e7\u00f5es e nos custos hospitalares.<\/p>\n\n\n\n<p>O Instituto Trata Brasil ressalta que a universaliza\u00e7\u00e3o do saneamento b\u00e1sico precisa ocorrer em ritmo mais acelerado. Hoje, cerca de 100 milh\u00f5es de brasileiros vivem sem coleta de esgoto e 33 milh\u00f5es n\u00e3o t\u00eam acesso \u00e0 \u00e1gua tratada.<\/p>\n\n\n\n<p>De acordo com a Compesa, j\u00e1 foram entregues mais de 200 mil metros de novas redes coletoras, al\u00e9m de 33 esta\u00e7\u00f5es elevat\u00f3rias e oito ETE\u2019s. O programa tem como meta alcan\u00e7ar 90% de cobertura de esgoto at\u00e9 2037, atendendo cerca de 6 milh\u00f5es de pessoas, com investimentos totais pr\u00f3ximos a R$ 9 bilh\u00f5es. Desde o in\u00edcio da parceria, o volume de esgoto tratado passou de 540 para 2.000 litros por segundo.<\/p>\n\n\n\n<p>A companhia destaca que \u201co Recife conta com 17 frentes de servi\u00e7os em andamento. O projeto de expans\u00e3o do esgotamento sanit\u00e1rio do munic\u00edpio representa um investimento de R$ 52 milh\u00f5es e beneficiar\u00e1 cerca de 38 mil pessoas\u201d.<\/p>\n","protected":false},"excerpt":{"rendered":"<p>Pernambuco registrou, em 2024, 8.179 interna\u00e7\u00f5es por Doen\u00e7as Relacionadas ao Saneamento Ambiental Inadequado (DRSAI), o equivalente a 22,3 casos por<\/p>\n","protected":false},"author":2,"featured_media":13100,"comment_status":"open","ping_status":"open","sticky":false,"template":"","format":"standard","meta":{"jetpack_post_was_ever_published":false,"_jetpack_newsletter_access":"","_jetpack_dont_email_post_to_subs":false,"_jetpack_newsletter_tier_id":0,"_jetpack_memberships_contains_paywalled_content":false,"_jetpack_memberships_contains_paid_content":false,"footnotes":"","jetpack_publicize_message":"","jetpack_publicize_feature_enabled":true,"jetpack_social_post_already_shared":true,"jetpack_social_options":{"image_generator_settings":{"template":"highway","default_image_id":0,"font":"","enabled":false},"version":2}},"categories":[13],"tags":[],"class_list":["post-69908","post","type-post","status-publish","format-standard","has-post-thumbnail","hentry","category-pernambuco"],"yoast_head":"<!-- This site is optimized with the Yoast SEO plugin v27.5 - https:\/\/yoast.com\/product\/yoast-seo-wordpress\/ -->\n<title>Pernambuco tem 22 casos por dia de doen\u00e7as ligadas ao saneamento, diz pesquisa - Afogados FM<\/title>\n<meta name=\"robots\" content=\"index, follow, max-snippet:-1, max-image-preview:large, max-video-preview:-1\" \/>\n<link rel=\"canonical\" href=\"https:\/\/afogadosfm.com.br\/afogadosfm\/2025\/10\/18\/pernambuco-tem-22-casos-por-dia-de-doencas-ligadas-ao-saneamento-diz-pesquisa\/\" \/>\n<meta property=\"og:locale\" content=\"pt_BR\" \/>\n<meta property=\"og:type\" content=\"article\" \/>\n<meta property=\"og:title\" content=\"Pernambuco tem 22 casos por dia de doen\u00e7as ligadas ao saneamento, diz pesquisa - Afogados FM\" \/>\n<meta property=\"og:description\" content=\"Pernambuco registrou, em 2024, 8.179 interna\u00e7\u00f5es por Doen\u00e7as Relacionadas ao Saneamento Ambiental Inadequado (DRSAI), o equivalente a 22,3 casos por\" \/>\n<meta property=\"og:url\" content=\"https:\/\/afogadosfm.com.br\/afogadosfm\/2025\/10\/18\/pernambuco-tem-22-casos-por-dia-de-doencas-ligadas-ao-saneamento-diz-pesquisa\/\" \/>\n<meta property=\"og:site_name\" content=\"Afogados FM\" \/>\n<meta property=\"article:published_time\" content=\"2025-10-18T09:53:30+00:00\" \/>\n<meta property=\"article:modified_time\" content=\"2025-10-18T09:53:32+00:00\" \/>\n<meta property=\"og:image\" content=\"https:\/\/afogadosfm.com.br\/afogadosfm\/wp-content\/uploads\/2019\/10\/pobreza.jpg\" \/>\n\t<meta property=\"og:image:width\" content=\"301\" \/>\n\t<meta property=\"og:image:height\" content=\"167\" \/>\n\t<meta property=\"og:image:type\" content=\"image\/jpeg\" \/>\n<meta name=\"author\" content=\"afogadosfm\" \/>\n<meta name=\"twitter:card\" content=\"summary_large_image\" \/>\n<meta name=\"twitter:label1\" content=\"Escrito por\" \/>\n\t<meta name=\"twitter:data1\" content=\"afogadosfm\" \/>\n\t<meta name=\"twitter:label2\" content=\"Est. tempo de leitura\" \/>\n\t<meta name=\"twitter:data2\" content=\"5 minutos\" \/>\n<script type=\"application\/ld+json\" class=\"yoast-schema-graph\">{\"@context\":\"https:\\\/\\\/schema.org\",\"@graph\":[{\"@type\":\"Article\",\"@id\":\"https:\\\/\\\/afogadosfm.com.br\\\/afogadosfm\\\/2025\\\/10\\\/18\\\/pernambuco-tem-22-casos-por-dia-de-doencas-ligadas-ao-saneamento-diz-pesquisa\\\/#article\",\"isPartOf\":{\"@id\":\"https:\\\/\\\/afogadosfm.com.br\\\/afogadosfm\\\/2025\\\/10\\\/18\\\/pernambuco-tem-22-casos-por-dia-de-doencas-ligadas-ao-saneamento-diz-pesquisa\\\/\"},\"author\":{\"name\":\"afogadosfm\",\"@id\":\"https:\\\/\\\/afogadosfm.com.br\\\/afogadosfm\\\/#\\\/schema\\\/person\\\/60e56f2cf5dc960fc093fe093d9e9057\"},\"headline\":\"Pernambuco tem 22 casos por dia de doen\u00e7as ligadas ao saneamento, diz pesquisa\",\"datePublished\":\"2025-10-18T09:53:30+00:00\",\"dateModified\":\"2025-10-18T09:53:32+00:00\",\"mainEntityOfPage\":{\"@id\":\"https:\\\/\\\/afogadosfm.com.br\\\/afogadosfm\\\/2025\\\/10\\\/18\\\/pernambuco-tem-22-casos-por-dia-de-doencas-ligadas-ao-saneamento-diz-pesquisa\\\/\"},\"wordCount\":869,\"commentCount\":0,\"publisher\":{\"@id\":\"https:\\\/\\\/afogadosfm.com.br\\\/afogadosfm\\\/#organization\"},\"image\":{\"@id\":\"https:\\\/\\\/afogadosfm.com.br\\\/afogadosfm\\\/2025\\\/10\\\/18\\\/pernambuco-tem-22-casos-por-dia-de-doencas-ligadas-ao-saneamento-diz-pesquisa\\\/#primaryimage\"},\"thumbnailUrl\":\"https:\\\/\\\/i0.wp.com\\\/afogadosfm.com.br\\\/afogadosfm\\\/wp-content\\\/uploads\\\/2019\\\/10\\\/pobreza.jpg?fit=301%2C167&ssl=1\",\"articleSection\":[\"Pernambuco\"],\"inLanguage\":\"pt-BR\",\"potentialAction\":[{\"@type\":\"CommentAction\",\"name\":\"Comment\",\"target\":[\"https:\\\/\\\/afogadosfm.com.br\\\/afogadosfm\\\/2025\\\/10\\\/18\\\/pernambuco-tem-22-casos-por-dia-de-doencas-ligadas-ao-saneamento-diz-pesquisa\\\/#respond\"]}]},{\"@type\":\"WebPage\",\"@id\":\"https:\\\/\\\/afogadosfm.com.br\\\/afogadosfm\\\/2025\\\/10\\\/18\\\/pernambuco-tem-22-casos-por-dia-de-doencas-ligadas-ao-saneamento-diz-pesquisa\\\/\",\"url\":\"https:\\\/\\\/afogadosfm.com.br\\\/afogadosfm\\\/2025\\\/10\\\/18\\\/pernambuco-tem-22-casos-por-dia-de-doencas-ligadas-ao-saneamento-diz-pesquisa\\\/\",\"name\":\"Pernambuco tem 22 casos por dia de doen\u00e7as ligadas ao saneamento, diz pesquisa - Afogados FM\",\"isPartOf\":{\"@id\":\"https:\\\/\\\/afogadosfm.com.br\\\/afogadosfm\\\/#website\"},\"primaryImageOfPage\":{\"@id\":\"https:\\\/\\\/afogadosfm.com.br\\\/afogadosfm\\\/2025\\\/10\\\/18\\\/pernambuco-tem-22-casos-por-dia-de-doencas-ligadas-ao-saneamento-diz-pesquisa\\\/#primaryimage\"},\"image\":{\"@id\":\"https:\\\/\\\/afogadosfm.com.br\\\/afogadosfm\\\/2025\\\/10\\\/18\\\/pernambuco-tem-22-casos-por-dia-de-doencas-ligadas-ao-saneamento-diz-pesquisa\\\/#primaryimage\"},\"thumbnailUrl\":\"https:\\\/\\\/i0.wp.com\\\/afogadosfm.com.br\\\/afogadosfm\\\/wp-content\\\/uploads\\\/2019\\\/10\\\/pobreza.jpg?fit=301%2C167&ssl=1\",\"datePublished\":\"2025-10-18T09:53:30+00:00\",\"dateModified\":\"2025-10-18T09:53:32+00:00\",\"breadcrumb\":{\"@id\":\"https:\\\/\\\/afogadosfm.com.br\\\/afogadosfm\\\/2025\\\/10\\\/18\\\/pernambuco-tem-22-casos-por-dia-de-doencas-ligadas-ao-saneamento-diz-pesquisa\\\/#breadcrumb\"},\"inLanguage\":\"pt-BR\",\"potentialAction\":[{\"@type\":\"ReadAction\",\"target\":[\"https:\\\/\\\/afogadosfm.com.br\\\/afogadosfm\\\/2025\\\/10\\\/18\\\/pernambuco-tem-22-casos-por-dia-de-doencas-ligadas-ao-saneamento-diz-pesquisa\\\/\"]}]},{\"@type\":\"ImageObject\",\"inLanguage\":\"pt-BR\",\"@id\":\"https:\\\/\\\/afogadosfm.com.br\\\/afogadosfm\\\/2025\\\/10\\\/18\\\/pernambuco-tem-22-casos-por-dia-de-doencas-ligadas-ao-saneamento-diz-pesquisa\\\/#primaryimage\",\"url\":\"https:\\\/\\\/i0.wp.com\\\/afogadosfm.com.br\\\/afogadosfm\\\/wp-content\\\/uploads\\\/2019\\\/10\\\/pobreza.jpg?fit=301%2C167&ssl=1\",\"contentUrl\":\"https:\\\/\\\/i0.wp.com\\\/afogadosfm.com.br\\\/afogadosfm\\\/wp-content\\\/uploads\\\/2019\\\/10\\\/pobreza.jpg?fit=301%2C167&ssl=1\",\"width\":301,\"height\":167},{\"@type\":\"BreadcrumbList\",\"@id\":\"https:\\\/\\\/afogadosfm.com.br\\\/afogadosfm\\\/2025\\\/10\\\/18\\\/pernambuco-tem-22-casos-por-dia-de-doencas-ligadas-ao-saneamento-diz-pesquisa\\\/#breadcrumb\",\"itemListElement\":[{\"@type\":\"ListItem\",\"position\":1,\"name\":\"In\u00edcio\",\"item\":\"https:\\\/\\\/afogadosfm.com.br\\\/afogadosfm\\\/\"},{\"@type\":\"ListItem\",\"position\":2,\"name\":\"Pernambuco tem 22 casos por dia de doen\u00e7as ligadas ao saneamento, diz pesquisa\"}]},{\"@type\":\"WebSite\",\"@id\":\"https:\\\/\\\/afogadosfm.com.br\\\/afogadosfm\\\/#website\",\"url\":\"https:\\\/\\\/afogadosfm.com.br\\\/afogadosfm\\\/\",\"name\":\"Afogados FM\",\"description\":\"Um site completo!\",\"publisher\":{\"@id\":\"https:\\\/\\\/afogadosfm.com.br\\\/afogadosfm\\\/#organization\"},\"potentialAction\":[{\"@type\":\"SearchAction\",\"target\":{\"@type\":\"EntryPoint\",\"urlTemplate\":\"https:\\\/\\\/afogadosfm.com.br\\\/afogadosfm\\\/?s={search_term_string}\"},\"query-input\":{\"@type\":\"PropertyValueSpecification\",\"valueRequired\":true,\"valueName\":\"search_term_string\"}}],\"inLanguage\":\"pt-BR\"},{\"@type\":\"Organization\",\"@id\":\"https:\\\/\\\/afogadosfm.com.br\\\/afogadosfm\\\/#organization\",\"name\":\"Afogados FM\",\"url\":\"https:\\\/\\\/afogadosfm.com.br\\\/afogadosfm\\\/\",\"logo\":{\"@type\":\"ImageObject\",\"inLanguage\":\"pt-BR\",\"@id\":\"https:\\\/\\\/afogadosfm.com.br\\\/afogadosfm\\\/#\\\/schema\\\/logo\\\/image\\\/\",\"url\":\"https:\\\/\\\/i0.wp.com\\\/afogadosfm.com.br\\\/afogadosfm\\\/wp-content\\\/uploads\\\/2020\\\/06\\\/cropped-banner-afogados-4.jpg?fit=369%2C137&ssl=1\",\"contentUrl\":\"https:\\\/\\\/i0.wp.com\\\/afogadosfm.com.br\\\/afogadosfm\\\/wp-content\\\/uploads\\\/2020\\\/06\\\/cropped-banner-afogados-4.jpg?fit=369%2C137&ssl=1\",\"width\":369,\"height\":137,\"caption\":\"Afogados FM\"},\"image\":{\"@id\":\"https:\\\/\\\/afogadosfm.com.br\\\/afogadosfm\\\/#\\\/schema\\\/logo\\\/image\\\/\"}},{\"@type\":\"Person\",\"@id\":\"https:\\\/\\\/afogadosfm.com.br\\\/afogadosfm\\\/#\\\/schema\\\/person\\\/60e56f2cf5dc960fc093fe093d9e9057\",\"name\":\"afogadosfm\",\"image\":{\"@type\":\"ImageObject\",\"inLanguage\":\"pt-BR\",\"@id\":\"https:\\\/\\\/secure.gravatar.com\\\/avatar\\\/e0359add7ed5dc3560906d861b52c6a8cf5c1e199d3a7dd85070998f49bd4701?s=96&d=mm&r=g\",\"url\":\"https:\\\/\\\/secure.gravatar.com\\\/avatar\\\/e0359add7ed5dc3560906d861b52c6a8cf5c1e199d3a7dd85070998f49bd4701?s=96&d=mm&r=g\",\"contentUrl\":\"https:\\\/\\\/secure.gravatar.com\\\/avatar\\\/e0359add7ed5dc3560906d861b52c6a8cf5c1e199d3a7dd85070998f49bd4701?s=96&d=mm&r=g\",\"caption\":\"afogadosfm\"},\"url\":\"https:\\\/\\\/afogadosfm.com.br\\\/afogadosfm\\\/author\\\/afogadosfm\\\/\"}]}<\/script>\n<!-- \/ Yoast SEO plugin. -->","yoast_head_json":{"title":"Pernambuco tem 22 casos por dia de doen\u00e7as ligadas ao saneamento, diz pesquisa - Afogados FM","robots":{"index":"index","follow":"follow","max-snippet":"max-snippet:-1","max-image-preview":"max-image-preview:large","max-video-preview":"max-video-preview:-1"},"canonical":"https:\/\/afogadosfm.com.br\/afogadosfm\/2025\/10\/18\/pernambuco-tem-22-casos-por-dia-de-doencas-ligadas-ao-saneamento-diz-pesquisa\/","og_locale":"pt_BR","og_type":"article","og_title":"Pernambuco tem 22 casos por dia de doen\u00e7as ligadas ao saneamento, diz pesquisa - Afogados FM","og_description":"Pernambuco registrou, em 2024, 8.179 interna\u00e7\u00f5es por Doen\u00e7as Relacionadas ao Saneamento Ambiental Inadequado (DRSAI), o equivalente a 22,3 casos por","og_url":"https:\/\/afogadosfm.com.br\/afogadosfm\/2025\/10\/18\/pernambuco-tem-22-casos-por-dia-de-doencas-ligadas-ao-saneamento-diz-pesquisa\/","og_site_name":"Afogados FM","article_published_time":"2025-10-18T09:53:30+00:00","article_modified_time":"2025-10-18T09:53:32+00:00","og_image":[{"width":301,"height":167,"url":"https:\/\/afogadosfm.com.br\/afogadosfm\/wp-content\/uploads\/2019\/10\/pobreza.jpg","type":"image\/jpeg"}],"author":"afogadosfm","twitter_card":"summary_large_image","twitter_misc":{"Escrito por":"afogadosfm","Est. tempo de leitura":"5 minutos"},"schema":{"@context":"https:\/\/schema.org","@graph":[{"@type":"Article","@id":"https:\/\/afogadosfm.com.br\/afogadosfm\/2025\/10\/18\/pernambuco-tem-22-casos-por-dia-de-doencas-ligadas-ao-saneamento-diz-pesquisa\/#article","isPartOf":{"@id":"https:\/\/afogadosfm.com.br\/afogadosfm\/2025\/10\/18\/pernambuco-tem-22-casos-por-dia-de-doencas-ligadas-ao-saneamento-diz-pesquisa\/"},"author":{"name":"afogadosfm","@id":"https:\/\/afogadosfm.com.br\/afogadosfm\/#\/schema\/person\/60e56f2cf5dc960fc093fe093d9e9057"},"headline":"Pernambuco tem 22 casos por dia de doen\u00e7as ligadas ao saneamento, diz pesquisa","datePublished":"2025-10-18T09:53:30+00:00","dateModified":"2025-10-18T09:53:32+00:00","mainEntityOfPage":{"@id":"https:\/\/afogadosfm.com.br\/afogadosfm\/2025\/10\/18\/pernambuco-tem-22-casos-por-dia-de-doencas-ligadas-ao-saneamento-diz-pesquisa\/"},"wordCount":869,"commentCount":0,"publisher":{"@id":"https:\/\/afogadosfm.com.br\/afogadosfm\/#organization"},"image":{"@id":"https:\/\/afogadosfm.com.br\/afogadosfm\/2025\/10\/18\/pernambuco-tem-22-casos-por-dia-de-doencas-ligadas-ao-saneamento-diz-pesquisa\/#primaryimage"},"thumbnailUrl":"https:\/\/i0.wp.com\/afogadosfm.com.br\/afogadosfm\/wp-content\/uploads\/2019\/10\/pobreza.jpg?fit=301%2C167&ssl=1","articleSection":["Pernambuco"],"inLanguage":"pt-BR","potentialAction":[{"@type":"CommentAction","name":"Comment","target":["https:\/\/afogadosfm.com.br\/afogadosfm\/2025\/10\/18\/pernambuco-tem-22-casos-por-dia-de-doencas-ligadas-ao-saneamento-diz-pesquisa\/#respond"]}]},{"@type":"WebPage","@id":"https:\/\/afogadosfm.com.br\/afogadosfm\/2025\/10\/18\/pernambuco-tem-22-casos-por-dia-de-doencas-ligadas-ao-saneamento-diz-pesquisa\/","url":"https:\/\/afogadosfm.com.br\/afogadosfm\/2025\/10\/18\/pernambuco-tem-22-casos-por-dia-de-doencas-ligadas-ao-saneamento-diz-pesquisa\/","name":"Pernambuco tem 22 casos por dia de doen\u00e7as ligadas ao saneamento, diz pesquisa - Afogados FM","isPartOf":{"@id":"https:\/\/afogadosfm.com.br\/afogadosfm\/#website"},"primaryImageOfPage":{"@id":"https:\/\/afogadosfm.com.br\/afogadosfm\/2025\/10\/18\/pernambuco-tem-22-casos-por-dia-de-doencas-ligadas-ao-saneamento-diz-pesquisa\/#primaryimage"},"image":{"@id":"https:\/\/afogadosfm.com.br\/afogadosfm\/2025\/10\/18\/pernambuco-tem-22-casos-por-dia-de-doencas-ligadas-ao-saneamento-diz-pesquisa\/#primaryimage"},"thumbnailUrl":"https:\/\/i0.wp.com\/afogadosfm.com.br\/afogadosfm\/wp-content\/uploads\/2019\/10\/pobreza.jpg?fit=301%2C167&ssl=1","datePublished":"2025-10-18T09:53:30+00:00","dateModified":"2025-10-18T09:53:32+00:00","breadcrumb":{"@id":"https:\/\/afogadosfm.com.br\/afogadosfm\/2025\/10\/18\/pernambuco-tem-22-casos-por-dia-de-doencas-ligadas-ao-saneamento-diz-pesquisa\/#breadcrumb"},"inLanguage":"pt-BR","potentialAction":[{"@type":"ReadAction","target":["https:\/\/afogadosfm.com.br\/afogadosfm\/2025\/10\/18\/pernambuco-tem-22-casos-por-dia-de-doencas-ligadas-ao-saneamento-diz-pesquisa\/"]}]},{"@type":"ImageObject","inLanguage":"pt-BR","@id":"https:\/\/afogadosfm.com.br\/afogadosfm\/2025\/10\/18\/pernambuco-tem-22-casos-por-dia-de-doencas-ligadas-ao-saneamento-diz-pesquisa\/#primaryimage","url":"https:\/\/i0.wp.com\/afogadosfm.com.br\/afogadosfm\/wp-content\/uploads\/2019\/10\/pobreza.jpg?fit=301%2C167&ssl=1","contentUrl":"https:\/\/i0.wp.com\/afogadosfm.com.br\/afogadosfm\/wp-content\/uploads\/2019\/10\/pobreza.jpg?fit=301%2C167&ssl=1","width":301,"height":167},{"@type":"BreadcrumbList","@id":"https:\/\/afogadosfm.com.br\/afogadosfm\/2025\/10\/18\/pernambuco-tem-22-casos-por-dia-de-doencas-ligadas-ao-saneamento-diz-pesquisa\/#breadcrumb","itemListElement":[{"@type":"ListItem","position":1,"name":"In\u00edcio","item":"https:\/\/afogadosfm.com.br\/afogadosfm\/"},{"@type":"ListItem","position":2,"name":"Pernambuco tem 22 casos por dia de doen\u00e7as ligadas ao saneamento, diz pesquisa"}]},{"@type":"WebSite","@id":"https:\/\/afogadosfm.com.br\/afogadosfm\/#website","url":"https:\/\/afogadosfm.com.br\/afogadosfm\/","name":"Afogados FM","description":"Um site completo!","publisher":{"@id":"https:\/\/afogadosfm.com.br\/afogadosfm\/#organization"},"potentialAction":[{"@type":"SearchAction","target":{"@type":"EntryPoint","urlTemplate":"https:\/\/afogadosfm.com.br\/afogadosfm\/?s={search_term_string}"},"query-input":{"@type":"PropertyValueSpecification","valueRequired":true,"valueName":"search_term_string"}}],"inLanguage":"pt-BR"},{"@type":"Organization","@id":"https:\/\/afogadosfm.com.br\/afogadosfm\/#organization","name":"Afogados FM","url":"https:\/\/afogadosfm.com.br\/afogadosfm\/","logo":{"@type":"ImageObject","inLanguage":"pt-BR","@id":"https:\/\/afogadosfm.com.br\/afogadosfm\/#\/schema\/logo\/image\/","url":"https:\/\/i0.wp.com\/afogadosfm.com.br\/afogadosfm\/wp-content\/uploads\/2020\/06\/cropped-banner-afogados-4.jpg?fit=369%2C137&ssl=1","contentUrl":"https:\/\/i0.wp.com\/afogadosfm.com.br\/afogadosfm\/wp-content\/uploads\/2020\/06\/cropped-banner-afogados-4.jpg?fit=369%2C137&ssl=1","width":369,"height":137,"caption":"Afogados FM"},"image":{"@id":"https:\/\/afogadosfm.com.br\/afogadosfm\/#\/schema\/logo\/image\/"}},{"@type":"Person","@id":"https:\/\/afogadosfm.com.br\/afogadosfm\/#\/schema\/person\/60e56f2cf5dc960fc093fe093d9e9057","name":"afogadosfm","image":{"@type":"ImageObject","inLanguage":"pt-BR","@id":"https:\/\/secure.gravatar.com\/avatar\/e0359add7ed5dc3560906d861b52c6a8cf5c1e199d3a7dd85070998f49bd4701?s=96&d=mm&r=g","url":"https:\/\/secure.gravatar.com\/avatar\/e0359add7ed5dc3560906d861b52c6a8cf5c1e199d3a7dd85070998f49bd4701?s=96&d=mm&r=g","contentUrl":"https:\/\/secure.gravatar.com\/avatar\/e0359add7ed5dc3560906d861b52c6a8cf5c1e199d3a7dd85070998f49bd4701?s=96&d=mm&r=g","caption":"afogadosfm"},"url":"https:\/\/afogadosfm.com.br\/afogadosfm\/author\/afogadosfm\/"}]}},"jetpack_publicize_connections":[],"jetpack_featured_media_url":"https:\/\/i0.wp.com\/afogadosfm.com.br\/afogadosfm\/wp-content\/uploads\/2019\/10\/pobreza.jpg?fit=301%2C167&ssl=1","jetpack-related-posts":[],"jetpack_sharing_enabled":true,"jetpack_likes_enabled":true,"_links":{"self":[{"href":"https:\/\/afogadosfm.com.br\/afogadosfm\/wp-json\/wp\/v2\/posts\/69908","targetHints":{"allow":["GET"]}}],"collection":[{"href":"https:\/\/afogadosfm.com.br\/afogadosfm\/wp-json\/wp\/v2\/posts"}],"about":[{"href":"https:\/\/afogadosfm.com.br\/afogadosfm\/wp-json\/wp\/v2\/types\/post"}],"author":[{"embeddable":true,"href":"https:\/\/afogadosfm.com.br\/afogadosfm\/wp-json\/wp\/v2\/users\/2"}],"replies":[{"embeddable":true,"href":"https:\/\/afogadosfm.com.br\/afogadosfm\/wp-json\/wp\/v2\/comments?post=69908"}],"version-history":[{"count":1,"href":"https:\/\/afogadosfm.com.br\/afogadosfm\/wp-json\/wp\/v2\/posts\/69908\/revisions"}],"predecessor-version":[{"id":69909,"href":"https:\/\/afogadosfm.com.br\/afogadosfm\/wp-json\/wp\/v2\/posts\/69908\/revisions\/69909"}],"wp:featuredmedia":[{"embeddable":true,"href":"https:\/\/afogadosfm.com.br\/afogadosfm\/wp-json\/wp\/v2\/media\/13100"}],"wp:attachment":[{"href":"https:\/\/afogadosfm.com.br\/afogadosfm\/wp-json\/wp\/v2\/media?parent=69908"}],"wp:term":[{"taxonomy":"category","embeddable":true,"href":"https:\/\/afogadosfm.com.br\/afogadosfm\/wp-json\/wp\/v2\/categories?post=69908"},{"taxonomy":"post_tag","embeddable":true,"href":"https:\/\/afogadosfm.com.br\/afogadosfm\/wp-json\/wp\/v2\/tags?post=69908"}],"curies":[{"name":"wp","href":"https:\/\/api.w.org\/{rel}","templated":true}]}}