{"id":69941,"date":"2025-10-20T01:06:49","date_gmt":"2025-10-20T04:06:49","guid":{"rendered":"https:\/\/afogadosfm.com.br\/afogadosfm\/?p=69941"},"modified":"2025-10-20T01:06:51","modified_gmt":"2025-10-20T04:06:51","slug":"pf-prende-assessora-de-deputada-com-r-400-mil-em-mochila","status":"publish","type":"post","link":"https:\/\/afogadosfm.com.br\/afogadosfm\/2025\/10\/20\/pf-prende-assessora-de-deputada-com-r-400-mil-em-mochila\/","title":{"rendered":"PF prende assessora de deputada com R$ 400 mil em mochila"},"content":{"rendered":"\n<p>Uma assessora da deputada estadual Andreia Rezende (PSB-MA), foi presa ao ser flagrada transportando uma mochila com R$ 400 mil em esp\u00e9cie. A a\u00e7\u00e3o ocorreu por meio de uma opera\u00e7\u00e3o realizada pela Pol\u00edcia Federal (PF), em S\u00e3o Lu\u00eds, capital maranhense.<\/p>\n\n\n\n<p><strong>Ao todo, foram presas em flagrante, tr\u00eas pessoas envolvidas em um suposto esquema de lavagem de dinheiro utilizando recursos p\u00fablicos desviados:<\/strong><\/p>\n\n\n\n<ul class=\"wp-block-list\">\n<li>Maria Jos\u00e9 de Lima Soares, presidente do Boi de Maracan\u00e3 e representante da Banzeiro Grande Produ\u00e7\u00f5es Ltda;<\/li>\n\n\n\n<li>Ivan Jorge da Piedade Madeira, presidente da Companhia de Cultura Popular Catarina Mina;<\/li>\n\n\n\n<li>E Andreia, j\u00e1 mencionada na reportagem.<\/li>\n<\/ul>\n\n\n\n<p>A pris\u00e3o ocorreu logo ap\u00f3s os envolvidos sacarem valores em esp\u00e9cie provenientes de emendas parlamentares estaduais. A quantia sacada, de R$ 500.000,00, era destinada \u00e0 Companhia de Cultura Popular Catarina Mina.<\/p>\n\n\n\n<p>O total de valor desviado, segundo a PF, j\u00e1 ultrapassa R$ 2 milh\u00f5es.<\/p>\n\n\n\n<p>A manobra permitiria o desvio e a oculta\u00e7\u00e3o da real destina\u00e7\u00e3o dos valores. De acordo com a PF, o grupo preso seria respons\u00e1vel por movimentar o n\u00facleo financeiro do esquema. A informa\u00e7\u00e3o foi dada em primeira m\u00e3o pelo&nbsp;<em><strong>Portal Imirante<\/strong>.<\/em><\/p>\n\n\n\n<p>A defesa de Larissa destaca que ela sempre atuou de forma \u00e9tica.<\/p>\n\n\n\n<p><strong>Veja abaixo:<\/strong><\/p>\n\n\n\n<p>\u201cDiante da recente publica\u00e7\u00e3o na imprensa, a defesa da parte envolvida vem prestar esclarecimentos.<\/p>\n\n\n\n<p>Os fatos alegados ser\u00e3o oportunamente esclarecidos no \u00e2mbito da investiga\u00e7\u00e3o policial. \u00c9 importante destacar que a pessoa mencionada \u00e9 r\u00e9 prim\u00e1ria, possui emprego l\u00edcito e sempre atuou de forma \u00e9tica e respeitosa \u00e0 legisla\u00e7\u00e3o, com conduta ilibada.<\/p>\n\n\n\n<p>Ressaltamos que qualquer conclus\u00e3o precipitada nesse momento \u00e9 meramente especulativa e pode causar preju\u00edzos irrepar\u00e1veis. A pessoa suspeita reserva-se o direito de se manifestar no momento processual adequado, apresentando os elementos necess\u00e1rios para contribuir na elucida\u00e7\u00e3o dos fatos e demonstrar a verdade.<\/p>\n\n\n\n<p>A defesa se coloca \u00e0 disposi\u00e7\u00e3o da Justi\u00e7a para colaborar com a investiga\u00e7\u00e3o e contribuir para a justa solu\u00e7\u00e3o do caso\u201d.<\/p>\n\n\n\n<p><strong>Ivan Madeira tamb\u00e9m se manifestou:<\/strong><\/p>\n\n\n\n<p>\u201cA defesa do Senhor Ivan Mandeira informa que est\u00e1 tomando conhecimento de todos os fatos. E assim que tiver conhecimento dos autos, ir\u00e1 se manifestar. Vale destacar, que o senhor Ivan Madeira \u00e9 um dos mais antigos fazedores de cultura do MA com um trabalho de destaque no Tambor de Crioula.<\/p>\n\n\n\n<p>S\u00e3o quase tr\u00eas d\u00e9cadas \u00e0 frente da Companhia Catarina Mina tanto na manifesta\u00e7\u00e3o cultural quanto em projetos sociais junto \u00e0s comunidades da Praia Grande, Portinho e Desterro\u201d.<\/p>\n\n\n\n<p>A Assembleia Legislativa do Maranh\u00e3o tamb\u00e9m se manifestou por meio de nota sobre o caso. O documento \u00e9 assinado pela presidente da Casa, deputada Iracema Vale (PSB):<\/p>\n\n\n\n<p>\u201cA Assembleia Legislativa do Estado do Maranh\u00e3o informa que, at\u00e9 o presente momento, n\u00e3o recebeu qualquer comunica\u00e7\u00e3o oficial a respeito das not\u00edcias veiculadas na imprensa sobre supostos il\u00edcitos envolvendo atividade banc\u00e1ria atribu\u00edda a uma assessora que teria v\u00ednculo com esta Casa.<\/p>\n\n\n\n<p>T\u00e3o logo haja notifica\u00e7\u00e3o formal, ou seja, solicitado qualquer esclarecimento pelos \u00f3rg\u00e3os competentes, a Assembleia Legislativa prestar\u00e1 todas as informa\u00e7\u00f5es necess\u00e1rias, colaborar\u00e1 integralmente com as autoridades respons\u00e1veis, como tem sido a pr\u00e1tica constante da atual Mesa Diretora, e adotar\u00e1 as medidas institucionais cab\u00edveis, com total transpar\u00eancia e responsabilidade\u201d.<\/p>\n\n\n\n<p><strong>Manifesta\u00e7\u00e3o de Maria Jos\u00e9 de Lima Soares:<\/strong><\/p>\n\n\n\n<p>\u201cAcerca dos acontecimentos relatados sobre a pris\u00e3o em flagrante de Maria Jos\u00e9 de Lima Soares e de outras duas pessoas na manh\u00e3 da \u00faltima sexta-feira (17), necess\u00e1rio se faz esclarecer que:<\/p>\n\n\n\n<p>1 \u2013 Maria Jos\u00e9 de Lima Soares \u00e9 presidente da Associa\u00e7\u00e3o Recreativa e Beneficente Folcl\u00f3rica e Cultural de Maracan\u00e3, com uma extensa folha de servi\u00e7os prestados \u00e0 comunidade de Maracan\u00e3, Itapera e adjac\u00eancias, sempre com relevantes resultados sociais;<\/p>\n\n\n\n<p>2 \u2013 Como agitadora cultural, seu nome \u00e9 respeitado e lembrado em todos os folguedos e a entidade por ela presidida possui no curr\u00edculo eventos que beneficiaram milhares de pessoas, assim como apresenta\u00e7\u00f5es fora do Maranh\u00e3o e do Brasil, atingindo centenas de fam\u00edlias da zona rural de S\u00e3o Lu\u00eds a ajudando o folclore maranhense a ganhar visibilidade e respeito;<\/p>\n\n\n\n<p>3 \u2013 Como representante da Banzeiro Grande Produ\u00e7\u00f5es Ltda, empresa fruto de sua experi\u00eancia com eventos de grande porte, Maria Jos\u00e9 empresta sua expertise para a consecu\u00e7\u00e3o desses eventos, sempre em prol de sua comunidade, local onde goza de reputa\u00e7\u00e3o ilibada e mant\u00e9m as portas abertas para todos os que ainda lutam por dignidade e pela sobreviv\u00eancia da cultura maranhense;<\/p>\n\n\n\n<p>4 \u2013 Assim, descabidas s\u00e3o as acusa\u00e7\u00f5es de lavagem de dinheiro que ora lhe s\u00e3o imputadas, vez que sempre trabalhou com emendas parlamentares e sempre prestou contas de todos os eventos sob sua responsabilidade, mantendo a heran\u00e7a cultural do Bumba Meu Boi de Maracan\u00e3 em cont\u00ednua evid\u00eancia como um trabalho voltado para o bem-estar da comunidade onde est\u00e1 inserido;<\/p>\n\n\n\n<p>5 \u2013 Dessa forma, o processo em curso ser\u00e1 devidamente esclarecido, com a indica\u00e7\u00e3o de cada emenda e suas respectivas presta\u00e7\u00f5es de contas, da mesma forma como Maria de Maracan\u00e3 sempre pautou sua vida voltada para a cultura e a presta\u00e7\u00e3o de servi\u00e7os sociais, fato que a tornou uma refer\u00eancia em S\u00e3o Lu\u00eds.<\/p>\n\n\n\n<p>6 \u2013 Com isso, n\u00e3o faz sentido, neste momento, a pris\u00e3o de uma mulher sem nenhum antecedente criminal, conhecida de todos e por todos e que est\u00e1 colaborando para esclarecer todos os fatos o mais r\u00e1pido poss\u00edvel, com a confian\u00e7a na Justi\u00e7a que lhe \u00e9 caracter\u00edstica e o respeito da comunidade que sempre esteve ao seu lado em todos os momentos\u201d.<\/p>\n","protected":false},"excerpt":{"rendered":"<p>Uma assessora da deputada estadual Andreia Rezende (PSB-MA), foi presa ao ser flagrada transportando uma mochila com R$ 400 mil<\/p>\n","protected":false},"author":2,"featured_media":66628,"comment_status":"open","ping_status":"open","sticky":false,"template":"","format":"standard","meta":{"jetpack_post_was_ever_published":false,"_jetpack_newsletter_access":"","_jetpack_dont_email_post_to_subs":false,"_jetpack_newsletter_tier_id":0,"_jetpack_memberships_contains_paywalled_content":false,"_jetpack_memberships_contains_paid_content":false,"footnotes":"","jetpack_publicize_message":"","jetpack_publicize_feature_enabled":true,"jetpack_social_post_already_shared":true,"jetpack_social_options":{"image_generator_settings":{"template":"highway","default_image_id":0,"font":"","enabled":false},"version":2}},"categories":[12],"tags":[],"class_list":["post-69941","post","type-post","status-publish","format-standard","has-post-thumbnail","hentry","category-brasil"],"yoast_head":"<!-- This site is optimized with the Yoast SEO plugin v27.5 - https:\/\/yoast.com\/product\/yoast-seo-wordpress\/ -->\n<title>PF prende assessora de deputada com R$ 400 mil em mochila - Afogados FM<\/title>\n<meta name=\"robots\" content=\"index, follow, max-snippet:-1, max-image-preview:large, max-video-preview:-1\" \/>\n<link rel=\"canonical\" href=\"https:\/\/afogadosfm.com.br\/afogadosfm\/2025\/10\/20\/pf-prende-assessora-de-deputada-com-r-400-mil-em-mochila\/\" \/>\n<meta property=\"og:locale\" content=\"pt_BR\" \/>\n<meta property=\"og:type\" content=\"article\" \/>\n<meta property=\"og:title\" content=\"PF prende assessora de deputada com R$ 400 mil em mochila - Afogados FM\" \/>\n<meta property=\"og:description\" content=\"Uma assessora da deputada estadual Andreia Rezende (PSB-MA), foi presa ao ser flagrada transportando uma mochila com R$ 400 mil\" \/>\n<meta property=\"og:url\" content=\"https:\/\/afogadosfm.com.br\/afogadosfm\/2025\/10\/20\/pf-prende-assessora-de-deputada-com-r-400-mil-em-mochila\/\" \/>\n<meta property=\"og:site_name\" content=\"Afogados FM\" \/>\n<meta property=\"article:published_time\" content=\"2025-10-20T04:06:49+00:00\" \/>\n<meta property=\"article:modified_time\" content=\"2025-10-20T04:06:51+00:00\" \/>\n<meta property=\"og:image\" content=\"https:\/\/afogadosfm.com.br\/afogadosfm\/wp-content\/uploads\/2025\/06\/real-1.jpeg\" \/>\n\t<meta property=\"og:image:width\" content=\"474\" \/>\n\t<meta property=\"og:image:height\" content=\"315\" \/>\n\t<meta property=\"og:image:type\" content=\"image\/jpeg\" \/>\n<meta name=\"author\" content=\"afogadosfm\" \/>\n<meta name=\"twitter:card\" content=\"summary_large_image\" \/>\n<meta name=\"twitter:label1\" content=\"Escrito por\" \/>\n\t<meta name=\"twitter:data1\" content=\"afogadosfm\" \/>\n\t<meta name=\"twitter:label2\" content=\"Est. tempo de leitura\" \/>\n\t<meta name=\"twitter:data2\" content=\"6 minutos\" \/>\n<script type=\"application\/ld+json\" class=\"yoast-schema-graph\">{\"@context\":\"https:\\\/\\\/schema.org\",\"@graph\":[{\"@type\":\"Article\",\"@id\":\"https:\\\/\\\/afogadosfm.com.br\\\/afogadosfm\\\/2025\\\/10\\\/20\\\/pf-prende-assessora-de-deputada-com-r-400-mil-em-mochila\\\/#article\",\"isPartOf\":{\"@id\":\"https:\\\/\\\/afogadosfm.com.br\\\/afogadosfm\\\/2025\\\/10\\\/20\\\/pf-prende-assessora-de-deputada-com-r-400-mil-em-mochila\\\/\"},\"author\":{\"name\":\"afogadosfm\",\"@id\":\"https:\\\/\\\/afogadosfm.com.br\\\/afogadosfm\\\/#\\\/schema\\\/person\\\/60e56f2cf5dc960fc093fe093d9e9057\"},\"headline\":\"PF prende assessora de deputada com R$ 400 mil em mochila\",\"datePublished\":\"2025-10-20T04:06:49+00:00\",\"dateModified\":\"2025-10-20T04:06:51+00:00\",\"mainEntityOfPage\":{\"@id\":\"https:\\\/\\\/afogadosfm.com.br\\\/afogadosfm\\\/2025\\\/10\\\/20\\\/pf-prende-assessora-de-deputada-com-r-400-mil-em-mochila\\\/\"},\"wordCount\":955,\"commentCount\":0,\"publisher\":{\"@id\":\"https:\\\/\\\/afogadosfm.com.br\\\/afogadosfm\\\/#organization\"},\"image\":{\"@id\":\"https:\\\/\\\/afogadosfm.com.br\\\/afogadosfm\\\/2025\\\/10\\\/20\\\/pf-prende-assessora-de-deputada-com-r-400-mil-em-mochila\\\/#primaryimage\"},\"thumbnailUrl\":\"https:\\\/\\\/i0.wp.com\\\/afogadosfm.com.br\\\/afogadosfm\\\/wp-content\\\/uploads\\\/2025\\\/06\\\/real-1.jpeg?fit=474%2C315&ssl=1\",\"articleSection\":[\"Brasil\"],\"inLanguage\":\"pt-BR\",\"potentialAction\":[{\"@type\":\"CommentAction\",\"name\":\"Comment\",\"target\":[\"https:\\\/\\\/afogadosfm.com.br\\\/afogadosfm\\\/2025\\\/10\\\/20\\\/pf-prende-assessora-de-deputada-com-r-400-mil-em-mochila\\\/#respond\"]}]},{\"@type\":\"WebPage\",\"@id\":\"https:\\\/\\\/afogadosfm.com.br\\\/afogadosfm\\\/2025\\\/10\\\/20\\\/pf-prende-assessora-de-deputada-com-r-400-mil-em-mochila\\\/\",\"url\":\"https:\\\/\\\/afogadosfm.com.br\\\/afogadosfm\\\/2025\\\/10\\\/20\\\/pf-prende-assessora-de-deputada-com-r-400-mil-em-mochila\\\/\",\"name\":\"PF prende assessora de deputada com R$ 400 mil em mochila - Afogados FM\",\"isPartOf\":{\"@id\":\"https:\\\/\\\/afogadosfm.com.br\\\/afogadosfm\\\/#website\"},\"primaryImageOfPage\":{\"@id\":\"https:\\\/\\\/afogadosfm.com.br\\\/afogadosfm\\\/2025\\\/10\\\/20\\\/pf-prende-assessora-de-deputada-com-r-400-mil-em-mochila\\\/#primaryimage\"},\"image\":{\"@id\":\"https:\\\/\\\/afogadosfm.com.br\\\/afogadosfm\\\/2025\\\/10\\\/20\\\/pf-prende-assessora-de-deputada-com-r-400-mil-em-mochila\\\/#primaryimage\"},\"thumbnailUrl\":\"https:\\\/\\\/i0.wp.com\\\/afogadosfm.com.br\\\/afogadosfm\\\/wp-content\\\/uploads\\\/2025\\\/06\\\/real-1.jpeg?fit=474%2C315&ssl=1\",\"datePublished\":\"2025-10-20T04:06:49+00:00\",\"dateModified\":\"2025-10-20T04:06:51+00:00\",\"breadcrumb\":{\"@id\":\"https:\\\/\\\/afogadosfm.com.br\\\/afogadosfm\\\/2025\\\/10\\\/20\\\/pf-prende-assessora-de-deputada-com-r-400-mil-em-mochila\\\/#breadcrumb\"},\"inLanguage\":\"pt-BR\",\"potentialAction\":[{\"@type\":\"ReadAction\",\"target\":[\"https:\\\/\\\/afogadosfm.com.br\\\/afogadosfm\\\/2025\\\/10\\\/20\\\/pf-prende-assessora-de-deputada-com-r-400-mil-em-mochila\\\/\"]}]},{\"@type\":\"ImageObject\",\"inLanguage\":\"pt-BR\",\"@id\":\"https:\\\/\\\/afogadosfm.com.br\\\/afogadosfm\\\/2025\\\/10\\\/20\\\/pf-prende-assessora-de-deputada-com-r-400-mil-em-mochila\\\/#primaryimage\",\"url\":\"https:\\\/\\\/i0.wp.com\\\/afogadosfm.com.br\\\/afogadosfm\\\/wp-content\\\/uploads\\\/2025\\\/06\\\/real-1.jpeg?fit=474%2C315&ssl=1\",\"contentUrl\":\"https:\\\/\\\/i0.wp.com\\\/afogadosfm.com.br\\\/afogadosfm\\\/wp-content\\\/uploads\\\/2025\\\/06\\\/real-1.jpeg?fit=474%2C315&ssl=1\",\"width\":474,\"height\":315},{\"@type\":\"BreadcrumbList\",\"@id\":\"https:\\\/\\\/afogadosfm.com.br\\\/afogadosfm\\\/2025\\\/10\\\/20\\\/pf-prende-assessora-de-deputada-com-r-400-mil-em-mochila\\\/#breadcrumb\",\"itemListElement\":[{\"@type\":\"ListItem\",\"position\":1,\"name\":\"In\u00edcio\",\"item\":\"https:\\\/\\\/afogadosfm.com.br\\\/afogadosfm\\\/\"},{\"@type\":\"ListItem\",\"position\":2,\"name\":\"PF prende assessora de deputada com R$ 400 mil em mochila\"}]},{\"@type\":\"WebSite\",\"@id\":\"https:\\\/\\\/afogadosfm.com.br\\\/afogadosfm\\\/#website\",\"url\":\"https:\\\/\\\/afogadosfm.com.br\\\/afogadosfm\\\/\",\"name\":\"Afogados FM\",\"description\":\"Um site completo!\",\"publisher\":{\"@id\":\"https:\\\/\\\/afogadosfm.com.br\\\/afogadosfm\\\/#organization\"},\"potentialAction\":[{\"@type\":\"SearchAction\",\"target\":{\"@type\":\"EntryPoint\",\"urlTemplate\":\"https:\\\/\\\/afogadosfm.com.br\\\/afogadosfm\\\/?s={search_term_string}\"},\"query-input\":{\"@type\":\"PropertyValueSpecification\",\"valueRequired\":true,\"valueName\":\"search_term_string\"}}],\"inLanguage\":\"pt-BR\"},{\"@type\":\"Organization\",\"@id\":\"https:\\\/\\\/afogadosfm.com.br\\\/afogadosfm\\\/#organization\",\"name\":\"Afogados FM\",\"url\":\"https:\\\/\\\/afogadosfm.com.br\\\/afogadosfm\\\/\",\"logo\":{\"@type\":\"ImageObject\",\"inLanguage\":\"pt-BR\",\"@id\":\"https:\\\/\\\/afogadosfm.com.br\\\/afogadosfm\\\/#\\\/schema\\\/logo\\\/image\\\/\",\"url\":\"https:\\\/\\\/i0.wp.com\\\/afogadosfm.com.br\\\/afogadosfm\\\/wp-content\\\/uploads\\\/2020\\\/06\\\/cropped-banner-afogados-4.jpg?fit=369%2C137&ssl=1\",\"contentUrl\":\"https:\\\/\\\/i0.wp.com\\\/afogadosfm.com.br\\\/afogadosfm\\\/wp-content\\\/uploads\\\/2020\\\/06\\\/cropped-banner-afogados-4.jpg?fit=369%2C137&ssl=1\",\"width\":369,\"height\":137,\"caption\":\"Afogados FM\"},\"image\":{\"@id\":\"https:\\\/\\\/afogadosfm.com.br\\\/afogadosfm\\\/#\\\/schema\\\/logo\\\/image\\\/\"}},{\"@type\":\"Person\",\"@id\":\"https:\\\/\\\/afogadosfm.com.br\\\/afogadosfm\\\/#\\\/schema\\\/person\\\/60e56f2cf5dc960fc093fe093d9e9057\",\"name\":\"afogadosfm\",\"image\":{\"@type\":\"ImageObject\",\"inLanguage\":\"pt-BR\",\"@id\":\"https:\\\/\\\/secure.gravatar.com\\\/avatar\\\/e0359add7ed5dc3560906d861b52c6a8cf5c1e199d3a7dd85070998f49bd4701?s=96&d=mm&r=g\",\"url\":\"https:\\\/\\\/secure.gravatar.com\\\/avatar\\\/e0359add7ed5dc3560906d861b52c6a8cf5c1e199d3a7dd85070998f49bd4701?s=96&d=mm&r=g\",\"contentUrl\":\"https:\\\/\\\/secure.gravatar.com\\\/avatar\\\/e0359add7ed5dc3560906d861b52c6a8cf5c1e199d3a7dd85070998f49bd4701?s=96&d=mm&r=g\",\"caption\":\"afogadosfm\"},\"url\":\"https:\\\/\\\/afogadosfm.com.br\\\/afogadosfm\\\/author\\\/afogadosfm\\\/\"}]}<\/script>\n<!-- \/ Yoast SEO plugin. -->","yoast_head_json":{"title":"PF prende assessora de deputada com R$ 400 mil em mochila - Afogados FM","robots":{"index":"index","follow":"follow","max-snippet":"max-snippet:-1","max-image-preview":"max-image-preview:large","max-video-preview":"max-video-preview:-1"},"canonical":"https:\/\/afogadosfm.com.br\/afogadosfm\/2025\/10\/20\/pf-prende-assessora-de-deputada-com-r-400-mil-em-mochila\/","og_locale":"pt_BR","og_type":"article","og_title":"PF prende assessora de deputada com R$ 400 mil em mochila - Afogados FM","og_description":"Uma assessora da deputada estadual Andreia Rezende (PSB-MA), foi presa ao ser flagrada transportando uma mochila com R$ 400 mil","og_url":"https:\/\/afogadosfm.com.br\/afogadosfm\/2025\/10\/20\/pf-prende-assessora-de-deputada-com-r-400-mil-em-mochila\/","og_site_name":"Afogados FM","article_published_time":"2025-10-20T04:06:49+00:00","article_modified_time":"2025-10-20T04:06:51+00:00","og_image":[{"width":474,"height":315,"url":"https:\/\/afogadosfm.com.br\/afogadosfm\/wp-content\/uploads\/2025\/06\/real-1.jpeg","type":"image\/jpeg"}],"author":"afogadosfm","twitter_card":"summary_large_image","twitter_misc":{"Escrito por":"afogadosfm","Est. tempo de leitura":"6 minutos"},"schema":{"@context":"https:\/\/schema.org","@graph":[{"@type":"Article","@id":"https:\/\/afogadosfm.com.br\/afogadosfm\/2025\/10\/20\/pf-prende-assessora-de-deputada-com-r-400-mil-em-mochila\/#article","isPartOf":{"@id":"https:\/\/afogadosfm.com.br\/afogadosfm\/2025\/10\/20\/pf-prende-assessora-de-deputada-com-r-400-mil-em-mochila\/"},"author":{"name":"afogadosfm","@id":"https:\/\/afogadosfm.com.br\/afogadosfm\/#\/schema\/person\/60e56f2cf5dc960fc093fe093d9e9057"},"headline":"PF prende assessora de deputada com R$ 400 mil em mochila","datePublished":"2025-10-20T04:06:49+00:00","dateModified":"2025-10-20T04:06:51+00:00","mainEntityOfPage":{"@id":"https:\/\/afogadosfm.com.br\/afogadosfm\/2025\/10\/20\/pf-prende-assessora-de-deputada-com-r-400-mil-em-mochila\/"},"wordCount":955,"commentCount":0,"publisher":{"@id":"https:\/\/afogadosfm.com.br\/afogadosfm\/#organization"},"image":{"@id":"https:\/\/afogadosfm.com.br\/afogadosfm\/2025\/10\/20\/pf-prende-assessora-de-deputada-com-r-400-mil-em-mochila\/#primaryimage"},"thumbnailUrl":"https:\/\/i0.wp.com\/afogadosfm.com.br\/afogadosfm\/wp-content\/uploads\/2025\/06\/real-1.jpeg?fit=474%2C315&ssl=1","articleSection":["Brasil"],"inLanguage":"pt-BR","potentialAction":[{"@type":"CommentAction","name":"Comment","target":["https:\/\/afogadosfm.com.br\/afogadosfm\/2025\/10\/20\/pf-prende-assessora-de-deputada-com-r-400-mil-em-mochila\/#respond"]}]},{"@type":"WebPage","@id":"https:\/\/afogadosfm.com.br\/afogadosfm\/2025\/10\/20\/pf-prende-assessora-de-deputada-com-r-400-mil-em-mochila\/","url":"https:\/\/afogadosfm.com.br\/afogadosfm\/2025\/10\/20\/pf-prende-assessora-de-deputada-com-r-400-mil-em-mochila\/","name":"PF prende assessora de deputada com R$ 400 mil em mochila - Afogados FM","isPartOf":{"@id":"https:\/\/afogadosfm.com.br\/afogadosfm\/#website"},"primaryImageOfPage":{"@id":"https:\/\/afogadosfm.com.br\/afogadosfm\/2025\/10\/20\/pf-prende-assessora-de-deputada-com-r-400-mil-em-mochila\/#primaryimage"},"image":{"@id":"https:\/\/afogadosfm.com.br\/afogadosfm\/2025\/10\/20\/pf-prende-assessora-de-deputada-com-r-400-mil-em-mochila\/#primaryimage"},"thumbnailUrl":"https:\/\/i0.wp.com\/afogadosfm.com.br\/afogadosfm\/wp-content\/uploads\/2025\/06\/real-1.jpeg?fit=474%2C315&ssl=1","datePublished":"2025-10-20T04:06:49+00:00","dateModified":"2025-10-20T04:06:51+00:00","breadcrumb":{"@id":"https:\/\/afogadosfm.com.br\/afogadosfm\/2025\/10\/20\/pf-prende-assessora-de-deputada-com-r-400-mil-em-mochila\/#breadcrumb"},"inLanguage":"pt-BR","potentialAction":[{"@type":"ReadAction","target":["https:\/\/afogadosfm.com.br\/afogadosfm\/2025\/10\/20\/pf-prende-assessora-de-deputada-com-r-400-mil-em-mochila\/"]}]},{"@type":"ImageObject","inLanguage":"pt-BR","@id":"https:\/\/afogadosfm.com.br\/afogadosfm\/2025\/10\/20\/pf-prende-assessora-de-deputada-com-r-400-mil-em-mochila\/#primaryimage","url":"https:\/\/i0.wp.com\/afogadosfm.com.br\/afogadosfm\/wp-content\/uploads\/2025\/06\/real-1.jpeg?fit=474%2C315&ssl=1","contentUrl":"https:\/\/i0.wp.com\/afogadosfm.com.br\/afogadosfm\/wp-content\/uploads\/2025\/06\/real-1.jpeg?fit=474%2C315&ssl=1","width":474,"height":315},{"@type":"BreadcrumbList","@id":"https:\/\/afogadosfm.com.br\/afogadosfm\/2025\/10\/20\/pf-prende-assessora-de-deputada-com-r-400-mil-em-mochila\/#breadcrumb","itemListElement":[{"@type":"ListItem","position":1,"name":"In\u00edcio","item":"https:\/\/afogadosfm.com.br\/afogadosfm\/"},{"@type":"ListItem","position":2,"name":"PF prende assessora de deputada com R$ 400 mil em mochila"}]},{"@type":"WebSite","@id":"https:\/\/afogadosfm.com.br\/afogadosfm\/#website","url":"https:\/\/afogadosfm.com.br\/afogadosfm\/","name":"Afogados FM","description":"Um site completo!","publisher":{"@id":"https:\/\/afogadosfm.com.br\/afogadosfm\/#organization"},"potentialAction":[{"@type":"SearchAction","target":{"@type":"EntryPoint","urlTemplate":"https:\/\/afogadosfm.com.br\/afogadosfm\/?s={search_term_string}"},"query-input":{"@type":"PropertyValueSpecification","valueRequired":true,"valueName":"search_term_string"}}],"inLanguage":"pt-BR"},{"@type":"Organization","@id":"https:\/\/afogadosfm.com.br\/afogadosfm\/#organization","name":"Afogados FM","url":"https:\/\/afogadosfm.com.br\/afogadosfm\/","logo":{"@type":"ImageObject","inLanguage":"pt-BR","@id":"https:\/\/afogadosfm.com.br\/afogadosfm\/#\/schema\/logo\/image\/","url":"https:\/\/i0.wp.com\/afogadosfm.com.br\/afogadosfm\/wp-content\/uploads\/2020\/06\/cropped-banner-afogados-4.jpg?fit=369%2C137&ssl=1","contentUrl":"https:\/\/i0.wp.com\/afogadosfm.com.br\/afogadosfm\/wp-content\/uploads\/2020\/06\/cropped-banner-afogados-4.jpg?fit=369%2C137&ssl=1","width":369,"height":137,"caption":"Afogados FM"},"image":{"@id":"https:\/\/afogadosfm.com.br\/afogadosfm\/#\/schema\/logo\/image\/"}},{"@type":"Person","@id":"https:\/\/afogadosfm.com.br\/afogadosfm\/#\/schema\/person\/60e56f2cf5dc960fc093fe093d9e9057","name":"afogadosfm","image":{"@type":"ImageObject","inLanguage":"pt-BR","@id":"https:\/\/secure.gravatar.com\/avatar\/e0359add7ed5dc3560906d861b52c6a8cf5c1e199d3a7dd85070998f49bd4701?s=96&d=mm&r=g","url":"https:\/\/secure.gravatar.com\/avatar\/e0359add7ed5dc3560906d861b52c6a8cf5c1e199d3a7dd85070998f49bd4701?s=96&d=mm&r=g","contentUrl":"https:\/\/secure.gravatar.com\/avatar\/e0359add7ed5dc3560906d861b52c6a8cf5c1e199d3a7dd85070998f49bd4701?s=96&d=mm&r=g","caption":"afogadosfm"},"url":"https:\/\/afogadosfm.com.br\/afogadosfm\/author\/afogadosfm\/"}]}},"jetpack_publicize_connections":[],"jetpack_featured_media_url":"https:\/\/i0.wp.com\/afogadosfm.com.br\/afogadosfm\/wp-content\/uploads\/2025\/06\/real-1.jpeg?fit=474%2C315&ssl=1","jetpack-related-posts":[],"jetpack_sharing_enabled":true,"jetpack_likes_enabled":true,"_links":{"self":[{"href":"https:\/\/afogadosfm.com.br\/afogadosfm\/wp-json\/wp\/v2\/posts\/69941","targetHints":{"allow":["GET"]}}],"collection":[{"href":"https:\/\/afogadosfm.com.br\/afogadosfm\/wp-json\/wp\/v2\/posts"}],"about":[{"href":"https:\/\/afogadosfm.com.br\/afogadosfm\/wp-json\/wp\/v2\/types\/post"}],"author":[{"embeddable":true,"href":"https:\/\/afogadosfm.com.br\/afogadosfm\/wp-json\/wp\/v2\/users\/2"}],"replies":[{"embeddable":true,"href":"https:\/\/afogadosfm.com.br\/afogadosfm\/wp-json\/wp\/v2\/comments?post=69941"}],"version-history":[{"count":1,"href":"https:\/\/afogadosfm.com.br\/afogadosfm\/wp-json\/wp\/v2\/posts\/69941\/revisions"}],"predecessor-version":[{"id":69942,"href":"https:\/\/afogadosfm.com.br\/afogadosfm\/wp-json\/wp\/v2\/posts\/69941\/revisions\/69942"}],"wp:featuredmedia":[{"embeddable":true,"href":"https:\/\/afogadosfm.com.br\/afogadosfm\/wp-json\/wp\/v2\/media\/66628"}],"wp:attachment":[{"href":"https:\/\/afogadosfm.com.br\/afogadosfm\/wp-json\/wp\/v2\/media?parent=69941"}],"wp:term":[{"taxonomy":"category","embeddable":true,"href":"https:\/\/afogadosfm.com.br\/afogadosfm\/wp-json\/wp\/v2\/categories?post=69941"},{"taxonomy":"post_tag","embeddable":true,"href":"https:\/\/afogadosfm.com.br\/afogadosfm\/wp-json\/wp\/v2\/tags?post=69941"}],"curies":[{"name":"wp","href":"https:\/\/api.w.org\/{rel}","templated":true}]}}