{"id":69955,"date":"2025-10-20T01:24:08","date_gmt":"2025-10-20T04:24:08","guid":{"rendered":"https:\/\/afogadosfm.com.br\/afogadosfm\/?p=69955"},"modified":"2025-10-20T01:24:10","modified_gmt":"2025-10-20T04:24:10","slug":"pe-selecoes-e-concursos-em-pe-tem-mais-de-34-mil-vagas","status":"publish","type":"post","link":"https:\/\/afogadosfm.com.br\/afogadosfm\/2025\/10\/20\/pe-selecoes-e-concursos-em-pe-tem-mais-de-34-mil-vagas\/","title":{"rendered":"PE: Sele\u00e7\u00f5es e concursos em PE t\u00eam mais de 3,4 mil vagas"},"content":{"rendered":"\n<p>Prefeituras, secretarias estaduais e duas universidades p\u00fablicas est\u00e3o com sele\u00e7\u00f5es abertas para concursos p\u00fablicos e processos seletivos simplificados em Pernambuco. Ao todo, est\u00e3o sendo oferecidas pelo menos 3.456 vagas de emprego, com oportunidades para cargos de n\u00edveis fundamental, m\u00e9dio e superior. Os sal\u00e1rios variam de R$ 1.518 a R$ 13.288,85.<\/p>\n\n\n\n<h2 class=\"wp-block-heading\">Secretaria de Educa\u00e7\u00e3o de Pernambuco<\/h2>\n\n\n\n<ul class=\"wp-block-list\">\n<li><a class=\"\" href=\"https:\/\/g1.globo.com\/pe\/pernambuco\/noticia\/2025\/10\/06\/upe-e-duas-secretarias-estaduais-abrem-mais-de-2-mil-vagas-de-emprego-com-salarios-de-ate-r-5-mil-saiba-como-se-inscrever.ghtml\">Inscri\u00e7\u00f5es at\u00e9 ter\u00e7a (21)<\/a>;<\/li>\n\n\n\n<li>1.999 vagas de professores para contrata\u00e7\u00e3o tempor\u00e1ria em diversas \u00e1reas;<\/li>\n\n\n\n<li>Sal\u00e1rios de at\u00e9 R$ 4.867,77;<\/li>\n\n\n\n<li><a class=\"\" href=\"https:\/\/diariooficial.cepe.com.br\/diariooficialweb\/#\/visualizar-jornal?dataPublicacao=03-10-2025&amp;diario=MQ%3D%3D\" target=\"_blank\" rel=\"noreferrer noopener\">Confira o edital.<\/a><\/li>\n<\/ul>\n\n\n\n<h2 class=\"wp-block-heading\">Secretaria Estadual de Recursos H\u00eddricos e Saneamento<\/h2>\n\n\n\n<ul class=\"wp-block-list\">\n<li><a class=\"\" href=\"https:\/\/g1.globo.com\/pe\/pernambuco\/noticia\/2025\/10\/06\/upe-e-duas-secretarias-estaduais-abrem-mais-de-2-mil-vagas-de-emprego-com-salarios-de-ate-r-5-mil-saiba-como-se-inscrever.ghtml\">Inscri\u00e7\u00f5es at\u00e9 ter\u00e7a (21)<\/a>;<\/li>\n\n\n\n<li>40 vagas de n\u00edvel superior;<\/li>\n\n\n\n<li>Sal\u00e1rios de at\u00e9 R$ 5.200;<\/li>\n\n\n\n<li><a class=\"\" href=\"https:\/\/diariooficial.cepe.com.br\/diariooficialweb\/#\/visualizar-jornal?dataPublicacao=03-10-2025&amp;diario=MQ%3D%3D\" target=\"_blank\" rel=\"noreferrer noopener\">Confira o edital.<\/a><\/li>\n<\/ul>\n\n\n\n<h2 class=\"wp-block-heading\">Prefeitura de&nbsp;<a class=\"\" href=\"https:\/\/g1.globo.com\/pe\/caruaru-regiao\/cidade\/quipapa\/\">Quipap\u00e1<\/a><\/h2>\n\n\n\n<ul class=\"wp-block-list\">\n<li><a class=\"\" href=\"https:\/\/www.igeduc.org.br\/informacoes\/117\/\" target=\"_blank\" rel=\"noreferrer noopener\">Inscri\u00e7\u00f5es at\u00e9 quarta (22);<\/a><\/li>\n\n\n\n<li>16 vagas de n\u00edvel m\u00e9dio;<\/li>\n\n\n\n<li>Sal\u00e1rio de R$ 3.036;<\/li>\n\n\n\n<li><a class=\"\" href=\"https:\/\/anexos.cdn.selecao.net.br\/uploads\/797\/concursos\/117\/anexos\/a4a6b781-ab85-4595-8b77-6dae66d7dc46.pdf\" target=\"_blank\" rel=\"noreferrer noopener\">Confira o edital.<\/a><\/li>\n<\/ul>\n\n\n\n<h2 class=\"wp-block-heading\">Universidade de Pernambuco (<a class=\"\" href=\"https:\/\/g1.globo.com\/educacao\/universidade\/upe\/\">UPE<\/a>)<\/h2>\n\n\n\n<ul class=\"wp-block-list\">\n<li>Inscri\u00e7\u00f5es at\u00e9 26 de outubro;<\/li>\n\n\n\n<li>24 vagas em cargos de n\u00edvel superior;<\/li>\n\n\n\n<li>Sal\u00e1rios de at\u00e9 R$ 12.366,61;<\/li>\n\n\n\n<li><a class=\"\" href=\"https:\/\/cepebr-prod.s3.amazonaws.com\/1\/cadernos\/2025\/20250918\/1-PoderExecutivo\/PoderExecutivo(20250918).pdf\" target=\"_blank\" rel=\"noreferrer noopener\">Confira o edital.<\/a><\/li>\n<\/ul>\n\n\n\n<h2 class=\"wp-block-heading\">Prefeitura de&nbsp;<a class=\"\" href=\"https:\/\/g1.globo.com\/pe\/caruaru-regiao\/cidade\/calcado\/\">Cal\u00e7ado<\/a><\/h2>\n\n\n\n<ul class=\"wp-block-list\">\n<li><a class=\"\" href=\"https:\/\/g1.globo.com\/pe\/caruaru-regiao\/noticia\/2025\/09\/30\/calcado-abre-concurso-com-36-vagas-e-salarios-de-ate-r-43-mil.ghtml\">Inscri\u00e7\u00f5es at\u00e9 30 de outubro<\/a>;<\/li>\n\n\n\n<li>36 vagas de n\u00edveis fundamental, m\u00e9dio e superior;<\/li>\n\n\n\n<li>Sal\u00e1rios de at\u00e9 R$ 4.318,18;<\/li>\n\n\n\n<li><a class=\"\" href=\"https:\/\/igeduc.org.br\/informacoes\/116\/\" target=\"_blank\" rel=\"noreferrer noopener\">Confira o edital.<\/a><\/li>\n<\/ul>\n\n\n\n<h2 class=\"wp-block-heading\">Universidade de Pernambuco (<a class=\"\" href=\"https:\/\/g1.globo.com\/educacao\/universidade\/upe\/\">UPE<\/a>)<\/h2>\n\n\n\n<ul class=\"wp-block-list\">\n<li><a class=\"\" href=\"https:\/\/g1.globo.com\/pe\/pernambuco\/noticia\/2025\/10\/06\/upe-e-duas-secretarias-estaduais-abrem-mais-de-2-mil-vagas-de-emprego-com-salarios-de-ate-r-5-mil-saiba-como-se-inscrever.ghtml#upe\">Inscri\u00e7\u00f5es at\u00e9 4 de novembro;<\/a><\/li>\n\n\n\n<li>Seis vagas para professores assistentes e quatro vagas para professores adjuntos;<\/li>\n\n\n\n<li>Sal\u00e1rios de at\u00e9 R$ 5.320,35;<\/li>\n\n\n\n<li><a class=\"\" href=\"https:\/\/www.upe.br\/concurso-professor-universitario-2025-2.html\" target=\"_blank\" rel=\"noreferrer noopener\">Confira o edital.<\/a><\/li>\n<\/ul>\n\n\n\n<h2 class=\"wp-block-heading\">Prefeitura de&nbsp;<a class=\"\" href=\"https:\/\/g1.globo.com\/pe\/pernambuco\/cidade\/paulista-pe\/\">Paulista<\/a><\/h2>\n\n\n\n<ul class=\"wp-block-list\">\n<li><a class=\"\" href=\"https:\/\/g1.globo.com\/pe\/pernambuco\/noticia\/2025\/10\/10\/paulista-abre-concurso-publico-com-120-vagas-para-guarda-civil-e-de-transito-saiba-como-se-inscrever.ghtml\">Inscri\u00e7\u00f5es at\u00e9 10 de novembro;<\/a><\/li>\n\n\n\n<li>120 vagas para guarda civil e de tr\u00e2nsito;<\/li>\n\n\n\n<li>Sal\u00e1rios de R$ 1.518;<\/li>\n\n\n\n<li><a class=\"\" href=\"https:\/\/anexos.cdn.selecao.net.br\/uploads\/797\/concursos\/113\/anexos\/15350885-0c71-41a8-8541-aaed9df0d6b6.pdf\" target=\"_blank\" rel=\"noreferrer noopener\">Confira o edital.<\/a><\/li>\n<\/ul>\n\n\n\n<h2 class=\"wp-block-heading\">Universidade Federal Rural de Pernambuco (<a class=\"\" href=\"https:\/\/g1.globo.com\/educacao\/universidade\/ufrpe\/\">UFRPE<\/a>)<\/h2>\n\n\n\n<ul class=\"wp-block-list\">\n<li><a class=\"\" href=\"https:\/\/g1.globo.com\/pe\/pernambuco\/noticia\/2025\/10\/17\/ufrpe-abre-concurso-para-professores.ghtml\">Inscri\u00e7\u00f5es at\u00e9 17 de novembro;<\/a><\/li>\n\n\n\n<li>21 vagas para professor do magist\u00e9rio superior e do ensino b\u00e1sico, t\u00e9cnico e tecnol\u00f3gico;<\/li>\n\n\n\n<li>Sal\u00e1rios de at\u00e9 R$ 13,2 mil;<\/li>\n\n\n\n<li><a class=\"\" href=\"https:\/\/www.in.gov.br\/web\/dou\/-\/edital-n-42-de-10-de-outubro-de-2025-662136148\" target=\"_blank\" rel=\"noreferrer noopener\">Confira o edital.<\/a><\/li>\n<\/ul>\n\n\n\n<h2 class=\"wp-block-heading\">Prefeitura de&nbsp;<a class=\"\" href=\"https:\/\/g1.globo.com\/pe\/petrolina-regiao\/cidade\/petrolina\/\">Petrolina<\/a><\/h2>\n\n\n\n<ul class=\"wp-block-list\">\n<li><a class=\"\" href=\"http:\/\/www.upenet.com.br\/concursos\/2025\/25_Pref_Petrolina\/?concurso=25_Pref_Petrolina\" target=\"_blank\" rel=\"noreferrer noopener\">Inscri\u00e7\u00f5es at\u00e9 26 de novembro;<\/a><\/li>\n\n\n\n<li>1.194 vagas de n\u00edveis m\u00e9dio e superior para os cargos de professor, secret\u00e1rio, psic\u00f3logo e assistente social;<\/li>\n\n\n\n<li>Sal\u00e1rios de at\u00e9 R$ 3,9 mil;<\/li>\n\n\n\n<li><a class=\"\" href=\"http:\/\/www.upenet.com.br\/concursos\/2025\/25_Pref_Petrolina\/Edital-e-Anexos\/Edital.pdf\" target=\"_blank\" rel=\"noreferrer noopener\">Confira o edital.<\/a><\/li>\n<\/ul>\n","protected":false},"excerpt":{"rendered":"<p>Prefeituras, secretarias estaduais e duas universidades p\u00fablicas est\u00e3o com sele\u00e7\u00f5es abertas para concursos p\u00fablicos e processos seletivos simplificados em Pernambuco.<\/p>\n","protected":false},"author":2,"featured_media":3421,"comment_status":"open","ping_status":"open","sticky":false,"template":"","format":"standard","meta":{"jetpack_post_was_ever_published":false,"_jetpack_newsletter_access":"","_jetpack_dont_email_post_to_subs":false,"_jetpack_newsletter_tier_id":0,"_jetpack_memberships_contains_paywalled_content":false,"_jetpack_memberships_contains_paid_content":false,"footnotes":"","jetpack_publicize_message":"","jetpack_publicize_feature_enabled":true,"jetpack_social_post_already_shared":true,"jetpack_social_options":{"image_generator_settings":{"template":"highway","default_image_id":0,"font":"","enabled":false},"version":2}},"categories":[13],"tags":[],"class_list":["post-69955","post","type-post","status-publish","format-standard","has-post-thumbnail","hentry","category-pernambuco"],"yoast_head":"<!-- This site is optimized with the Yoast SEO plugin v27.5 - https:\/\/yoast.com\/product\/yoast-seo-wordpress\/ -->\n<title>PE: Sele\u00e7\u00f5es e concursos em PE t\u00eam mais de 3,4 mil vagas - Afogados FM<\/title>\n<meta name=\"robots\" content=\"index, follow, max-snippet:-1, max-image-preview:large, max-video-preview:-1\" \/>\n<link rel=\"canonical\" href=\"https:\/\/afogadosfm.com.br\/afogadosfm\/2025\/10\/20\/pe-selecoes-e-concursos-em-pe-tem-mais-de-34-mil-vagas\/\" \/>\n<meta property=\"og:locale\" content=\"pt_BR\" \/>\n<meta property=\"og:type\" content=\"article\" \/>\n<meta property=\"og:title\" content=\"PE: Sele\u00e7\u00f5es e concursos em PE t\u00eam mais de 3,4 mil vagas - Afogados FM\" \/>\n<meta property=\"og:description\" content=\"Prefeituras, secretarias estaduais e duas universidades p\u00fablicas est\u00e3o com sele\u00e7\u00f5es abertas para concursos p\u00fablicos e processos seletivos simplificados em Pernambuco.\" \/>\n<meta property=\"og:url\" content=\"https:\/\/afogadosfm.com.br\/afogadosfm\/2025\/10\/20\/pe-selecoes-e-concursos-em-pe-tem-mais-de-34-mil-vagas\/\" \/>\n<meta property=\"og:site_name\" content=\"Afogados FM\" \/>\n<meta property=\"article:published_time\" content=\"2025-10-20T04:24:08+00:00\" \/>\n<meta property=\"article:modified_time\" content=\"2025-10-20T04:24:10+00:00\" \/>\n<meta property=\"og:image\" content=\"https:\/\/afogadosfm.com.br\/afogadosfm\/wp-content\/uploads\/2018\/05\/concursos.jpg\" \/>\n\t<meta property=\"og:image:width\" content=\"300\" \/>\n\t<meta property=\"og:image:height\" content=\"169\" \/>\n\t<meta property=\"og:image:type\" content=\"image\/jpeg\" \/>\n<meta name=\"author\" content=\"afogadosfm\" \/>\n<meta name=\"twitter:card\" content=\"summary_large_image\" \/>\n<meta name=\"twitter:label1\" content=\"Escrito por\" \/>\n\t<meta name=\"twitter:data1\" content=\"afogadosfm\" \/>\n\t<meta name=\"twitter:label2\" content=\"Est. tempo de leitura\" \/>\n\t<meta name=\"twitter:data2\" content=\"2 minutos\" \/>\n<script type=\"application\/ld+json\" class=\"yoast-schema-graph\">{\"@context\":\"https:\\\/\\\/schema.org\",\"@graph\":[{\"@type\":\"Article\",\"@id\":\"https:\\\/\\\/afogadosfm.com.br\\\/afogadosfm\\\/2025\\\/10\\\/20\\\/pe-selecoes-e-concursos-em-pe-tem-mais-de-34-mil-vagas\\\/#article\",\"isPartOf\":{\"@id\":\"https:\\\/\\\/afogadosfm.com.br\\\/afogadosfm\\\/2025\\\/10\\\/20\\\/pe-selecoes-e-concursos-em-pe-tem-mais-de-34-mil-vagas\\\/\"},\"author\":{\"name\":\"afogadosfm\",\"@id\":\"https:\\\/\\\/afogadosfm.com.br\\\/afogadosfm\\\/#\\\/schema\\\/person\\\/60e56f2cf5dc960fc093fe093d9e9057\"},\"headline\":\"PE: Sele\u00e7\u00f5es e concursos em PE t\u00eam mais de 3,4 mil vagas\",\"datePublished\":\"2025-10-20T04:24:08+00:00\",\"dateModified\":\"2025-10-20T04:24:10+00:00\",\"mainEntityOfPage\":{\"@id\":\"https:\\\/\\\/afogadosfm.com.br\\\/afogadosfm\\\/2025\\\/10\\\/20\\\/pe-selecoes-e-concursos-em-pe-tem-mais-de-34-mil-vagas\\\/\"},\"wordCount\":323,\"commentCount\":0,\"publisher\":{\"@id\":\"https:\\\/\\\/afogadosfm.com.br\\\/afogadosfm\\\/#organization\"},\"image\":{\"@id\":\"https:\\\/\\\/afogadosfm.com.br\\\/afogadosfm\\\/2025\\\/10\\\/20\\\/pe-selecoes-e-concursos-em-pe-tem-mais-de-34-mil-vagas\\\/#primaryimage\"},\"thumbnailUrl\":\"https:\\\/\\\/i0.wp.com\\\/afogadosfm.com.br\\\/afogadosfm\\\/wp-content\\\/uploads\\\/2018\\\/05\\\/concursos.jpg?fit=300%2C169&ssl=1\",\"articleSection\":[\"Pernambuco\"],\"inLanguage\":\"pt-BR\",\"potentialAction\":[{\"@type\":\"CommentAction\",\"name\":\"Comment\",\"target\":[\"https:\\\/\\\/afogadosfm.com.br\\\/afogadosfm\\\/2025\\\/10\\\/20\\\/pe-selecoes-e-concursos-em-pe-tem-mais-de-34-mil-vagas\\\/#respond\"]}]},{\"@type\":\"WebPage\",\"@id\":\"https:\\\/\\\/afogadosfm.com.br\\\/afogadosfm\\\/2025\\\/10\\\/20\\\/pe-selecoes-e-concursos-em-pe-tem-mais-de-34-mil-vagas\\\/\",\"url\":\"https:\\\/\\\/afogadosfm.com.br\\\/afogadosfm\\\/2025\\\/10\\\/20\\\/pe-selecoes-e-concursos-em-pe-tem-mais-de-34-mil-vagas\\\/\",\"name\":\"PE: Sele\u00e7\u00f5es e concursos em PE t\u00eam mais de 3,4 mil vagas - Afogados FM\",\"isPartOf\":{\"@id\":\"https:\\\/\\\/afogadosfm.com.br\\\/afogadosfm\\\/#website\"},\"primaryImageOfPage\":{\"@id\":\"https:\\\/\\\/afogadosfm.com.br\\\/afogadosfm\\\/2025\\\/10\\\/20\\\/pe-selecoes-e-concursos-em-pe-tem-mais-de-34-mil-vagas\\\/#primaryimage\"},\"image\":{\"@id\":\"https:\\\/\\\/afogadosfm.com.br\\\/afogadosfm\\\/2025\\\/10\\\/20\\\/pe-selecoes-e-concursos-em-pe-tem-mais-de-34-mil-vagas\\\/#primaryimage\"},\"thumbnailUrl\":\"https:\\\/\\\/i0.wp.com\\\/afogadosfm.com.br\\\/afogadosfm\\\/wp-content\\\/uploads\\\/2018\\\/05\\\/concursos.jpg?fit=300%2C169&ssl=1\",\"datePublished\":\"2025-10-20T04:24:08+00:00\",\"dateModified\":\"2025-10-20T04:24:10+00:00\",\"breadcrumb\":{\"@id\":\"https:\\\/\\\/afogadosfm.com.br\\\/afogadosfm\\\/2025\\\/10\\\/20\\\/pe-selecoes-e-concursos-em-pe-tem-mais-de-34-mil-vagas\\\/#breadcrumb\"},\"inLanguage\":\"pt-BR\",\"potentialAction\":[{\"@type\":\"ReadAction\",\"target\":[\"https:\\\/\\\/afogadosfm.com.br\\\/afogadosfm\\\/2025\\\/10\\\/20\\\/pe-selecoes-e-concursos-em-pe-tem-mais-de-34-mil-vagas\\\/\"]}]},{\"@type\":\"ImageObject\",\"inLanguage\":\"pt-BR\",\"@id\":\"https:\\\/\\\/afogadosfm.com.br\\\/afogadosfm\\\/2025\\\/10\\\/20\\\/pe-selecoes-e-concursos-em-pe-tem-mais-de-34-mil-vagas\\\/#primaryimage\",\"url\":\"https:\\\/\\\/i0.wp.com\\\/afogadosfm.com.br\\\/afogadosfm\\\/wp-content\\\/uploads\\\/2018\\\/05\\\/concursos.jpg?fit=300%2C169&ssl=1\",\"contentUrl\":\"https:\\\/\\\/i0.wp.com\\\/afogadosfm.com.br\\\/afogadosfm\\\/wp-content\\\/uploads\\\/2018\\\/05\\\/concursos.jpg?fit=300%2C169&ssl=1\",\"width\":300,\"height\":169},{\"@type\":\"BreadcrumbList\",\"@id\":\"https:\\\/\\\/afogadosfm.com.br\\\/afogadosfm\\\/2025\\\/10\\\/20\\\/pe-selecoes-e-concursos-em-pe-tem-mais-de-34-mil-vagas\\\/#breadcrumb\",\"itemListElement\":[{\"@type\":\"ListItem\",\"position\":1,\"name\":\"In\u00edcio\",\"item\":\"https:\\\/\\\/afogadosfm.com.br\\\/afogadosfm\\\/\"},{\"@type\":\"ListItem\",\"position\":2,\"name\":\"PE: Sele\u00e7\u00f5es e concursos em PE t\u00eam mais de 3,4 mil vagas\"}]},{\"@type\":\"WebSite\",\"@id\":\"https:\\\/\\\/afogadosfm.com.br\\\/afogadosfm\\\/#website\",\"url\":\"https:\\\/\\\/afogadosfm.com.br\\\/afogadosfm\\\/\",\"name\":\"Afogados FM\",\"description\":\"Um site completo!\",\"publisher\":{\"@id\":\"https:\\\/\\\/afogadosfm.com.br\\\/afogadosfm\\\/#organization\"},\"potentialAction\":[{\"@type\":\"SearchAction\",\"target\":{\"@type\":\"EntryPoint\",\"urlTemplate\":\"https:\\\/\\\/afogadosfm.com.br\\\/afogadosfm\\\/?s={search_term_string}\"},\"query-input\":{\"@type\":\"PropertyValueSpecification\",\"valueRequired\":true,\"valueName\":\"search_term_string\"}}],\"inLanguage\":\"pt-BR\"},{\"@type\":\"Organization\",\"@id\":\"https:\\\/\\\/afogadosfm.com.br\\\/afogadosfm\\\/#organization\",\"name\":\"Afogados FM\",\"url\":\"https:\\\/\\\/afogadosfm.com.br\\\/afogadosfm\\\/\",\"logo\":{\"@type\":\"ImageObject\",\"inLanguage\":\"pt-BR\",\"@id\":\"https:\\\/\\\/afogadosfm.com.br\\\/afogadosfm\\\/#\\\/schema\\\/logo\\\/image\\\/\",\"url\":\"https:\\\/\\\/i0.wp.com\\\/afogadosfm.com.br\\\/afogadosfm\\\/wp-content\\\/uploads\\\/2020\\\/06\\\/cropped-banner-afogados-4.jpg?fit=369%2C137&ssl=1\",\"contentUrl\":\"https:\\\/\\\/i0.wp.com\\\/afogadosfm.com.br\\\/afogadosfm\\\/wp-content\\\/uploads\\\/2020\\\/06\\\/cropped-banner-afogados-4.jpg?fit=369%2C137&ssl=1\",\"width\":369,\"height\":137,\"caption\":\"Afogados FM\"},\"image\":{\"@id\":\"https:\\\/\\\/afogadosfm.com.br\\\/afogadosfm\\\/#\\\/schema\\\/logo\\\/image\\\/\"}},{\"@type\":\"Person\",\"@id\":\"https:\\\/\\\/afogadosfm.com.br\\\/afogadosfm\\\/#\\\/schema\\\/person\\\/60e56f2cf5dc960fc093fe093d9e9057\",\"name\":\"afogadosfm\",\"image\":{\"@type\":\"ImageObject\",\"inLanguage\":\"pt-BR\",\"@id\":\"https:\\\/\\\/secure.gravatar.com\\\/avatar\\\/e0359add7ed5dc3560906d861b52c6a8cf5c1e199d3a7dd85070998f49bd4701?s=96&d=mm&r=g\",\"url\":\"https:\\\/\\\/secure.gravatar.com\\\/avatar\\\/e0359add7ed5dc3560906d861b52c6a8cf5c1e199d3a7dd85070998f49bd4701?s=96&d=mm&r=g\",\"contentUrl\":\"https:\\\/\\\/secure.gravatar.com\\\/avatar\\\/e0359add7ed5dc3560906d861b52c6a8cf5c1e199d3a7dd85070998f49bd4701?s=96&d=mm&r=g\",\"caption\":\"afogadosfm\"},\"url\":\"https:\\\/\\\/afogadosfm.com.br\\\/afogadosfm\\\/author\\\/afogadosfm\\\/\"}]}<\/script>\n<!-- \/ Yoast SEO plugin. -->","yoast_head_json":{"title":"PE: Sele\u00e7\u00f5es e concursos em PE t\u00eam mais de 3,4 mil vagas - Afogados FM","robots":{"index":"index","follow":"follow","max-snippet":"max-snippet:-1","max-image-preview":"max-image-preview:large","max-video-preview":"max-video-preview:-1"},"canonical":"https:\/\/afogadosfm.com.br\/afogadosfm\/2025\/10\/20\/pe-selecoes-e-concursos-em-pe-tem-mais-de-34-mil-vagas\/","og_locale":"pt_BR","og_type":"article","og_title":"PE: Sele\u00e7\u00f5es e concursos em PE t\u00eam mais de 3,4 mil vagas - Afogados FM","og_description":"Prefeituras, secretarias estaduais e duas universidades p\u00fablicas est\u00e3o com sele\u00e7\u00f5es abertas para concursos p\u00fablicos e processos seletivos simplificados em Pernambuco.","og_url":"https:\/\/afogadosfm.com.br\/afogadosfm\/2025\/10\/20\/pe-selecoes-e-concursos-em-pe-tem-mais-de-34-mil-vagas\/","og_site_name":"Afogados FM","article_published_time":"2025-10-20T04:24:08+00:00","article_modified_time":"2025-10-20T04:24:10+00:00","og_image":[{"width":300,"height":169,"url":"https:\/\/afogadosfm.com.br\/afogadosfm\/wp-content\/uploads\/2018\/05\/concursos.jpg","type":"image\/jpeg"}],"author":"afogadosfm","twitter_card":"summary_large_image","twitter_misc":{"Escrito por":"afogadosfm","Est. tempo de leitura":"2 minutos"},"schema":{"@context":"https:\/\/schema.org","@graph":[{"@type":"Article","@id":"https:\/\/afogadosfm.com.br\/afogadosfm\/2025\/10\/20\/pe-selecoes-e-concursos-em-pe-tem-mais-de-34-mil-vagas\/#article","isPartOf":{"@id":"https:\/\/afogadosfm.com.br\/afogadosfm\/2025\/10\/20\/pe-selecoes-e-concursos-em-pe-tem-mais-de-34-mil-vagas\/"},"author":{"name":"afogadosfm","@id":"https:\/\/afogadosfm.com.br\/afogadosfm\/#\/schema\/person\/60e56f2cf5dc960fc093fe093d9e9057"},"headline":"PE: Sele\u00e7\u00f5es e concursos em PE t\u00eam mais de 3,4 mil vagas","datePublished":"2025-10-20T04:24:08+00:00","dateModified":"2025-10-20T04:24:10+00:00","mainEntityOfPage":{"@id":"https:\/\/afogadosfm.com.br\/afogadosfm\/2025\/10\/20\/pe-selecoes-e-concursos-em-pe-tem-mais-de-34-mil-vagas\/"},"wordCount":323,"commentCount":0,"publisher":{"@id":"https:\/\/afogadosfm.com.br\/afogadosfm\/#organization"},"image":{"@id":"https:\/\/afogadosfm.com.br\/afogadosfm\/2025\/10\/20\/pe-selecoes-e-concursos-em-pe-tem-mais-de-34-mil-vagas\/#primaryimage"},"thumbnailUrl":"https:\/\/i0.wp.com\/afogadosfm.com.br\/afogadosfm\/wp-content\/uploads\/2018\/05\/concursos.jpg?fit=300%2C169&ssl=1","articleSection":["Pernambuco"],"inLanguage":"pt-BR","potentialAction":[{"@type":"CommentAction","name":"Comment","target":["https:\/\/afogadosfm.com.br\/afogadosfm\/2025\/10\/20\/pe-selecoes-e-concursos-em-pe-tem-mais-de-34-mil-vagas\/#respond"]}]},{"@type":"WebPage","@id":"https:\/\/afogadosfm.com.br\/afogadosfm\/2025\/10\/20\/pe-selecoes-e-concursos-em-pe-tem-mais-de-34-mil-vagas\/","url":"https:\/\/afogadosfm.com.br\/afogadosfm\/2025\/10\/20\/pe-selecoes-e-concursos-em-pe-tem-mais-de-34-mil-vagas\/","name":"PE: Sele\u00e7\u00f5es e concursos em PE t\u00eam mais de 3,4 mil vagas - Afogados FM","isPartOf":{"@id":"https:\/\/afogadosfm.com.br\/afogadosfm\/#website"},"primaryImageOfPage":{"@id":"https:\/\/afogadosfm.com.br\/afogadosfm\/2025\/10\/20\/pe-selecoes-e-concursos-em-pe-tem-mais-de-34-mil-vagas\/#primaryimage"},"image":{"@id":"https:\/\/afogadosfm.com.br\/afogadosfm\/2025\/10\/20\/pe-selecoes-e-concursos-em-pe-tem-mais-de-34-mil-vagas\/#primaryimage"},"thumbnailUrl":"https:\/\/i0.wp.com\/afogadosfm.com.br\/afogadosfm\/wp-content\/uploads\/2018\/05\/concursos.jpg?fit=300%2C169&ssl=1","datePublished":"2025-10-20T04:24:08+00:00","dateModified":"2025-10-20T04:24:10+00:00","breadcrumb":{"@id":"https:\/\/afogadosfm.com.br\/afogadosfm\/2025\/10\/20\/pe-selecoes-e-concursos-em-pe-tem-mais-de-34-mil-vagas\/#breadcrumb"},"inLanguage":"pt-BR","potentialAction":[{"@type":"ReadAction","target":["https:\/\/afogadosfm.com.br\/afogadosfm\/2025\/10\/20\/pe-selecoes-e-concursos-em-pe-tem-mais-de-34-mil-vagas\/"]}]},{"@type":"ImageObject","inLanguage":"pt-BR","@id":"https:\/\/afogadosfm.com.br\/afogadosfm\/2025\/10\/20\/pe-selecoes-e-concursos-em-pe-tem-mais-de-34-mil-vagas\/#primaryimage","url":"https:\/\/i0.wp.com\/afogadosfm.com.br\/afogadosfm\/wp-content\/uploads\/2018\/05\/concursos.jpg?fit=300%2C169&ssl=1","contentUrl":"https:\/\/i0.wp.com\/afogadosfm.com.br\/afogadosfm\/wp-content\/uploads\/2018\/05\/concursos.jpg?fit=300%2C169&ssl=1","width":300,"height":169},{"@type":"BreadcrumbList","@id":"https:\/\/afogadosfm.com.br\/afogadosfm\/2025\/10\/20\/pe-selecoes-e-concursos-em-pe-tem-mais-de-34-mil-vagas\/#breadcrumb","itemListElement":[{"@type":"ListItem","position":1,"name":"In\u00edcio","item":"https:\/\/afogadosfm.com.br\/afogadosfm\/"},{"@type":"ListItem","position":2,"name":"PE: Sele\u00e7\u00f5es e concursos em PE t\u00eam mais de 3,4 mil vagas"}]},{"@type":"WebSite","@id":"https:\/\/afogadosfm.com.br\/afogadosfm\/#website","url":"https:\/\/afogadosfm.com.br\/afogadosfm\/","name":"Afogados FM","description":"Um site completo!","publisher":{"@id":"https:\/\/afogadosfm.com.br\/afogadosfm\/#organization"},"potentialAction":[{"@type":"SearchAction","target":{"@type":"EntryPoint","urlTemplate":"https:\/\/afogadosfm.com.br\/afogadosfm\/?s={search_term_string}"},"query-input":{"@type":"PropertyValueSpecification","valueRequired":true,"valueName":"search_term_string"}}],"inLanguage":"pt-BR"},{"@type":"Organization","@id":"https:\/\/afogadosfm.com.br\/afogadosfm\/#organization","name":"Afogados FM","url":"https:\/\/afogadosfm.com.br\/afogadosfm\/","logo":{"@type":"ImageObject","inLanguage":"pt-BR","@id":"https:\/\/afogadosfm.com.br\/afogadosfm\/#\/schema\/logo\/image\/","url":"https:\/\/i0.wp.com\/afogadosfm.com.br\/afogadosfm\/wp-content\/uploads\/2020\/06\/cropped-banner-afogados-4.jpg?fit=369%2C137&ssl=1","contentUrl":"https:\/\/i0.wp.com\/afogadosfm.com.br\/afogadosfm\/wp-content\/uploads\/2020\/06\/cropped-banner-afogados-4.jpg?fit=369%2C137&ssl=1","width":369,"height":137,"caption":"Afogados FM"},"image":{"@id":"https:\/\/afogadosfm.com.br\/afogadosfm\/#\/schema\/logo\/image\/"}},{"@type":"Person","@id":"https:\/\/afogadosfm.com.br\/afogadosfm\/#\/schema\/person\/60e56f2cf5dc960fc093fe093d9e9057","name":"afogadosfm","image":{"@type":"ImageObject","inLanguage":"pt-BR","@id":"https:\/\/secure.gravatar.com\/avatar\/e0359add7ed5dc3560906d861b52c6a8cf5c1e199d3a7dd85070998f49bd4701?s=96&d=mm&r=g","url":"https:\/\/secure.gravatar.com\/avatar\/e0359add7ed5dc3560906d861b52c6a8cf5c1e199d3a7dd85070998f49bd4701?s=96&d=mm&r=g","contentUrl":"https:\/\/secure.gravatar.com\/avatar\/e0359add7ed5dc3560906d861b52c6a8cf5c1e199d3a7dd85070998f49bd4701?s=96&d=mm&r=g","caption":"afogadosfm"},"url":"https:\/\/afogadosfm.com.br\/afogadosfm\/author\/afogadosfm\/"}]}},"jetpack_publicize_connections":[],"jetpack_featured_media_url":"https:\/\/i0.wp.com\/afogadosfm.com.br\/afogadosfm\/wp-content\/uploads\/2018\/05\/concursos.jpg?fit=300%2C169&ssl=1","jetpack-related-posts":[],"jetpack_sharing_enabled":true,"jetpack_likes_enabled":true,"_links":{"self":[{"href":"https:\/\/afogadosfm.com.br\/afogadosfm\/wp-json\/wp\/v2\/posts\/69955","targetHints":{"allow":["GET"]}}],"collection":[{"href":"https:\/\/afogadosfm.com.br\/afogadosfm\/wp-json\/wp\/v2\/posts"}],"about":[{"href":"https:\/\/afogadosfm.com.br\/afogadosfm\/wp-json\/wp\/v2\/types\/post"}],"author":[{"embeddable":true,"href":"https:\/\/afogadosfm.com.br\/afogadosfm\/wp-json\/wp\/v2\/users\/2"}],"replies":[{"embeddable":true,"href":"https:\/\/afogadosfm.com.br\/afogadosfm\/wp-json\/wp\/v2\/comments?post=69955"}],"version-history":[{"count":1,"href":"https:\/\/afogadosfm.com.br\/afogadosfm\/wp-json\/wp\/v2\/posts\/69955\/revisions"}],"predecessor-version":[{"id":69956,"href":"https:\/\/afogadosfm.com.br\/afogadosfm\/wp-json\/wp\/v2\/posts\/69955\/revisions\/69956"}],"wp:featuredmedia":[{"embeddable":true,"href":"https:\/\/afogadosfm.com.br\/afogadosfm\/wp-json\/wp\/v2\/media\/3421"}],"wp:attachment":[{"href":"https:\/\/afogadosfm.com.br\/afogadosfm\/wp-json\/wp\/v2\/media?parent=69955"}],"wp:term":[{"taxonomy":"category","embeddable":true,"href":"https:\/\/afogadosfm.com.br\/afogadosfm\/wp-json\/wp\/v2\/categories?post=69955"},{"taxonomy":"post_tag","embeddable":true,"href":"https:\/\/afogadosfm.com.br\/afogadosfm\/wp-json\/wp\/v2\/tags?post=69955"}],"curies":[{"name":"wp","href":"https:\/\/api.w.org\/{rel}","templated":true}]}}