{"id":69959,"date":"2025-10-21T04:07:22","date_gmt":"2025-10-21T07:07:22","guid":{"rendered":"https:\/\/afogadosfm.com.br\/afogadosfm\/?p=69959"},"modified":"2025-10-21T04:07:23","modified_gmt":"2025-10-21T07:07:23","slug":"gasolina-vai-baixar-49-a-partir-de-hoje21","status":"publish","type":"post","link":"https:\/\/afogadosfm.com.br\/afogadosfm\/2025\/10\/21\/gasolina-vai-baixar-49-a-partir-de-hoje21\/","title":{"rendered":"Gasolina vai baixar 4,9% a partir de hoje(21)"},"content":{"rendered":"\n<p>A&nbsp;Petrobras&nbsp;anunciou nesta segunda-feira que vai reduzir&nbsp;em 4,9% o pre\u00e7o da gasolina A vendida \u00e0s distribuidoras.&nbsp;O novo pre\u00e7o passa a&nbsp;valer a partir desta ter\u00e7a-feira (21).<\/p>\n\n\n\n<p>A gasolina A \u00e9 o combust\u00edvel puro que sai das refinarias e \u00e9&nbsp;misturado ao etanol pelas distribuidoras, para que possa ser vendido ao consumidor final nos postos de revenda.<\/p>\n\n\n\n<p>Com a redu\u00e7\u00e3o, o pre\u00e7o m\u00e9dio de venda da Petrobras para as distribuidoras passar\u00e1 a ser, em m\u00e9dia, de R$ 2,71 por litro,&nbsp;uma redu\u00e7\u00e3o de R$ 0,14 por litro.<\/p>\n\n\n\n<p><strong>Segunda redu\u00e7\u00e3o&nbsp;em 2025<\/strong><\/p>\n\n\n\n<p>Esta \u00e9 a segunda queda no pre\u00e7o promovida pela estatal em 2025.&nbsp;Em 3 de junho, a Petrobras j\u00e1 havia diminu\u00eddo&nbsp;o valor em&nbsp;5,6%.&nbsp;No acumulado do ano, a redu\u00e7\u00e3o soma R$ 0,31 por litro, recuo de 10,3%.<\/p>\n\n\n\n<p>No comunicado que anunciou a mudan\u00e7a de valores, a empresa cita que,&nbsp;desde dezembro de 2022, a queda no pre\u00e7o da gasolina chega a R$ 0,36 um recuo de 22,4%, j\u00e1 considerando a infla\u00e7\u00e3o do per\u00edodo.<\/p>\n\n\n\n<p>O movimento da Petrobras deve representar al\u00edvio na infla\u00e7\u00e3o do pa\u00eds, uma vez que o combust\u00edvel \u00e9 o com maior peso no \u00cdndice Nacional de Pre\u00e7os ao Consumidor Amplo (IPCA), indicador que apura a infla\u00e7\u00e3o oficial.<\/p>\n\n\n\n<p>Apesar de ser a maior produtora do combust\u00edvel no pa\u00eds,&nbsp;o pre\u00e7o da gasolina nas bombas n\u00e3o depende apenas da Petrobras. Ap\u00f3s o produto ser vendido \u00e0s distribuidoras, sofre influ\u00eancias de outros custos, como o frete, mistura com o etanol, cobran\u00e7a de impostos e a margem de lucro dos postos.<\/p>\n\n\n\n<p><strong>Diesel<\/strong><\/p>\n\n\n\n<p>A Petrobras informou que o pre\u00e7o do diesel vendido \u00e0s distribuidoras n\u00e3o sofrer\u00e1 altera\u00e7\u00e3o. Desde mar\u00e7o deste ano, houve tr\u00eas redu\u00e7\u00f5es no \u00f3leo diesel, e o&nbsp;combust\u00edvel apresenta recuo de 35,9% desde o fim de 2022.<\/p>\n","protected":false},"excerpt":{"rendered":"<p>A&nbsp;Petrobras&nbsp;anunciou nesta segunda-feira que vai reduzir&nbsp;em 4,9% o pre\u00e7o da gasolina A vendida \u00e0s distribuidoras.&nbsp;O novo pre\u00e7o passa a&nbsp;valer a<\/p>\n","protected":false},"author":2,"featured_media":6082,"comment_status":"open","ping_status":"open","sticky":false,"template":"","format":"standard","meta":{"jetpack_post_was_ever_published":false,"_jetpack_newsletter_access":"","_jetpack_dont_email_post_to_subs":false,"_jetpack_newsletter_tier_id":0,"_jetpack_memberships_contains_paywalled_content":false,"_jetpack_memberships_contains_paid_content":false,"footnotes":"","jetpack_publicize_message":"","jetpack_publicize_feature_enabled":true,"jetpack_social_post_already_shared":true,"jetpack_social_options":{"image_generator_settings":{"template":"highway","default_image_id":0,"font":"","enabled":false},"version":2}},"categories":[12],"tags":[],"class_list":["post-69959","post","type-post","status-publish","format-standard","has-post-thumbnail","hentry","category-brasil"],"yoast_head":"<!-- This site is optimized with the Yoast SEO plugin v27.5 - https:\/\/yoast.com\/product\/yoast-seo-wordpress\/ -->\n<title>Gasolina vai baixar 4,9% a partir de hoje(21) - Afogados FM<\/title>\n<meta name=\"robots\" content=\"index, follow, max-snippet:-1, max-image-preview:large, max-video-preview:-1\" \/>\n<link rel=\"canonical\" href=\"https:\/\/afogadosfm.com.br\/afogadosfm\/2025\/10\/21\/gasolina-vai-baixar-49-a-partir-de-hoje21\/\" \/>\n<meta property=\"og:locale\" content=\"pt_BR\" \/>\n<meta property=\"og:type\" content=\"article\" \/>\n<meta property=\"og:title\" content=\"Gasolina vai baixar 4,9% a partir de hoje(21) - Afogados FM\" \/>\n<meta property=\"og:description\" content=\"A&nbsp;Petrobras&nbsp;anunciou nesta segunda-feira que vai reduzir&nbsp;em 4,9% o pre\u00e7o da gasolina A vendida \u00e0s distribuidoras.&nbsp;O novo pre\u00e7o passa a&nbsp;valer a\" \/>\n<meta property=\"og:url\" content=\"https:\/\/afogadosfm.com.br\/afogadosfm\/2025\/10\/21\/gasolina-vai-baixar-49-a-partir-de-hoje21\/\" \/>\n<meta property=\"og:site_name\" content=\"Afogados FM\" \/>\n<meta property=\"article:published_time\" content=\"2025-10-21T07:07:22+00:00\" \/>\n<meta property=\"article:modified_time\" content=\"2025-10-21T07:07:23+00:00\" \/>\n<meta property=\"og:image\" content=\"https:\/\/afogadosfm.com.br\/afogadosfm\/wp-content\/uploads\/2018\/09\/gasolina.jpg\" \/>\n\t<meta property=\"og:image:width\" content=\"620\" \/>\n\t<meta property=\"og:image:height\" content=\"400\" \/>\n\t<meta property=\"og:image:type\" content=\"image\/jpeg\" \/>\n<meta name=\"author\" content=\"afogadosfm\" \/>\n<meta name=\"twitter:card\" content=\"summary_large_image\" \/>\n<meta name=\"twitter:label1\" content=\"Escrito por\" \/>\n\t<meta name=\"twitter:data1\" content=\"afogadosfm\" \/>\n\t<meta name=\"twitter:label2\" content=\"Est. tempo de leitura\" \/>\n\t<meta name=\"twitter:data2\" content=\"2 minutos\" \/>\n<script type=\"application\/ld+json\" class=\"yoast-schema-graph\">{\"@context\":\"https:\\\/\\\/schema.org\",\"@graph\":[{\"@type\":\"Article\",\"@id\":\"https:\\\/\\\/afogadosfm.com.br\\\/afogadosfm\\\/2025\\\/10\\\/21\\\/gasolina-vai-baixar-49-a-partir-de-hoje21\\\/#article\",\"isPartOf\":{\"@id\":\"https:\\\/\\\/afogadosfm.com.br\\\/afogadosfm\\\/2025\\\/10\\\/21\\\/gasolina-vai-baixar-49-a-partir-de-hoje21\\\/\"},\"author\":{\"name\":\"afogadosfm\",\"@id\":\"https:\\\/\\\/afogadosfm.com.br\\\/afogadosfm\\\/#\\\/schema\\\/person\\\/60e56f2cf5dc960fc093fe093d9e9057\"},\"headline\":\"Gasolina vai baixar 4,9% a partir de hoje(21)\",\"datePublished\":\"2025-10-21T07:07:22+00:00\",\"dateModified\":\"2025-10-21T07:07:23+00:00\",\"mainEntityOfPage\":{\"@id\":\"https:\\\/\\\/afogadosfm.com.br\\\/afogadosfm\\\/2025\\\/10\\\/21\\\/gasolina-vai-baixar-49-a-partir-de-hoje21\\\/\"},\"wordCount\":331,\"commentCount\":0,\"publisher\":{\"@id\":\"https:\\\/\\\/afogadosfm.com.br\\\/afogadosfm\\\/#organization\"},\"image\":{\"@id\":\"https:\\\/\\\/afogadosfm.com.br\\\/afogadosfm\\\/2025\\\/10\\\/21\\\/gasolina-vai-baixar-49-a-partir-de-hoje21\\\/#primaryimage\"},\"thumbnailUrl\":\"https:\\\/\\\/i0.wp.com\\\/afogadosfm.com.br\\\/afogadosfm\\\/wp-content\\\/uploads\\\/2018\\\/09\\\/gasolina.jpg?fit=620%2C400&ssl=1\",\"articleSection\":[\"Brasil\"],\"inLanguage\":\"pt-BR\",\"potentialAction\":[{\"@type\":\"CommentAction\",\"name\":\"Comment\",\"target\":[\"https:\\\/\\\/afogadosfm.com.br\\\/afogadosfm\\\/2025\\\/10\\\/21\\\/gasolina-vai-baixar-49-a-partir-de-hoje21\\\/#respond\"]}]},{\"@type\":\"WebPage\",\"@id\":\"https:\\\/\\\/afogadosfm.com.br\\\/afogadosfm\\\/2025\\\/10\\\/21\\\/gasolina-vai-baixar-49-a-partir-de-hoje21\\\/\",\"url\":\"https:\\\/\\\/afogadosfm.com.br\\\/afogadosfm\\\/2025\\\/10\\\/21\\\/gasolina-vai-baixar-49-a-partir-de-hoje21\\\/\",\"name\":\"Gasolina vai baixar 4,9% a partir de hoje(21) - Afogados FM\",\"isPartOf\":{\"@id\":\"https:\\\/\\\/afogadosfm.com.br\\\/afogadosfm\\\/#website\"},\"primaryImageOfPage\":{\"@id\":\"https:\\\/\\\/afogadosfm.com.br\\\/afogadosfm\\\/2025\\\/10\\\/21\\\/gasolina-vai-baixar-49-a-partir-de-hoje21\\\/#primaryimage\"},\"image\":{\"@id\":\"https:\\\/\\\/afogadosfm.com.br\\\/afogadosfm\\\/2025\\\/10\\\/21\\\/gasolina-vai-baixar-49-a-partir-de-hoje21\\\/#primaryimage\"},\"thumbnailUrl\":\"https:\\\/\\\/i0.wp.com\\\/afogadosfm.com.br\\\/afogadosfm\\\/wp-content\\\/uploads\\\/2018\\\/09\\\/gasolina.jpg?fit=620%2C400&ssl=1\",\"datePublished\":\"2025-10-21T07:07:22+00:00\",\"dateModified\":\"2025-10-21T07:07:23+00:00\",\"breadcrumb\":{\"@id\":\"https:\\\/\\\/afogadosfm.com.br\\\/afogadosfm\\\/2025\\\/10\\\/21\\\/gasolina-vai-baixar-49-a-partir-de-hoje21\\\/#breadcrumb\"},\"inLanguage\":\"pt-BR\",\"potentialAction\":[{\"@type\":\"ReadAction\",\"target\":[\"https:\\\/\\\/afogadosfm.com.br\\\/afogadosfm\\\/2025\\\/10\\\/21\\\/gasolina-vai-baixar-49-a-partir-de-hoje21\\\/\"]}]},{\"@type\":\"ImageObject\",\"inLanguage\":\"pt-BR\",\"@id\":\"https:\\\/\\\/afogadosfm.com.br\\\/afogadosfm\\\/2025\\\/10\\\/21\\\/gasolina-vai-baixar-49-a-partir-de-hoje21\\\/#primaryimage\",\"url\":\"https:\\\/\\\/i0.wp.com\\\/afogadosfm.com.br\\\/afogadosfm\\\/wp-content\\\/uploads\\\/2018\\\/09\\\/gasolina.jpg?fit=620%2C400&ssl=1\",\"contentUrl\":\"https:\\\/\\\/i0.wp.com\\\/afogadosfm.com.br\\\/afogadosfm\\\/wp-content\\\/uploads\\\/2018\\\/09\\\/gasolina.jpg?fit=620%2C400&ssl=1\",\"width\":620,\"height\":400},{\"@type\":\"BreadcrumbList\",\"@id\":\"https:\\\/\\\/afogadosfm.com.br\\\/afogadosfm\\\/2025\\\/10\\\/21\\\/gasolina-vai-baixar-49-a-partir-de-hoje21\\\/#breadcrumb\",\"itemListElement\":[{\"@type\":\"ListItem\",\"position\":1,\"name\":\"In\u00edcio\",\"item\":\"https:\\\/\\\/afogadosfm.com.br\\\/afogadosfm\\\/\"},{\"@type\":\"ListItem\",\"position\":2,\"name\":\"Gasolina vai baixar 4,9% a partir de hoje(21)\"}]},{\"@type\":\"WebSite\",\"@id\":\"https:\\\/\\\/afogadosfm.com.br\\\/afogadosfm\\\/#website\",\"url\":\"https:\\\/\\\/afogadosfm.com.br\\\/afogadosfm\\\/\",\"name\":\"Afogados FM\",\"description\":\"Um site completo!\",\"publisher\":{\"@id\":\"https:\\\/\\\/afogadosfm.com.br\\\/afogadosfm\\\/#organization\"},\"potentialAction\":[{\"@type\":\"SearchAction\",\"target\":{\"@type\":\"EntryPoint\",\"urlTemplate\":\"https:\\\/\\\/afogadosfm.com.br\\\/afogadosfm\\\/?s={search_term_string}\"},\"query-input\":{\"@type\":\"PropertyValueSpecification\",\"valueRequired\":true,\"valueName\":\"search_term_string\"}}],\"inLanguage\":\"pt-BR\"},{\"@type\":\"Organization\",\"@id\":\"https:\\\/\\\/afogadosfm.com.br\\\/afogadosfm\\\/#organization\",\"name\":\"Afogados FM\",\"url\":\"https:\\\/\\\/afogadosfm.com.br\\\/afogadosfm\\\/\",\"logo\":{\"@type\":\"ImageObject\",\"inLanguage\":\"pt-BR\",\"@id\":\"https:\\\/\\\/afogadosfm.com.br\\\/afogadosfm\\\/#\\\/schema\\\/logo\\\/image\\\/\",\"url\":\"https:\\\/\\\/i0.wp.com\\\/afogadosfm.com.br\\\/afogadosfm\\\/wp-content\\\/uploads\\\/2020\\\/06\\\/cropped-banner-afogados-4.jpg?fit=369%2C137&ssl=1\",\"contentUrl\":\"https:\\\/\\\/i0.wp.com\\\/afogadosfm.com.br\\\/afogadosfm\\\/wp-content\\\/uploads\\\/2020\\\/06\\\/cropped-banner-afogados-4.jpg?fit=369%2C137&ssl=1\",\"width\":369,\"height\":137,\"caption\":\"Afogados FM\"},\"image\":{\"@id\":\"https:\\\/\\\/afogadosfm.com.br\\\/afogadosfm\\\/#\\\/schema\\\/logo\\\/image\\\/\"}},{\"@type\":\"Person\",\"@id\":\"https:\\\/\\\/afogadosfm.com.br\\\/afogadosfm\\\/#\\\/schema\\\/person\\\/60e56f2cf5dc960fc093fe093d9e9057\",\"name\":\"afogadosfm\",\"image\":{\"@type\":\"ImageObject\",\"inLanguage\":\"pt-BR\",\"@id\":\"https:\\\/\\\/secure.gravatar.com\\\/avatar\\\/e0359add7ed5dc3560906d861b52c6a8cf5c1e199d3a7dd85070998f49bd4701?s=96&d=mm&r=g\",\"url\":\"https:\\\/\\\/secure.gravatar.com\\\/avatar\\\/e0359add7ed5dc3560906d861b52c6a8cf5c1e199d3a7dd85070998f49bd4701?s=96&d=mm&r=g\",\"contentUrl\":\"https:\\\/\\\/secure.gravatar.com\\\/avatar\\\/e0359add7ed5dc3560906d861b52c6a8cf5c1e199d3a7dd85070998f49bd4701?s=96&d=mm&r=g\",\"caption\":\"afogadosfm\"},\"url\":\"https:\\\/\\\/afogadosfm.com.br\\\/afogadosfm\\\/author\\\/afogadosfm\\\/\"}]}<\/script>\n<!-- \/ Yoast SEO plugin. -->","yoast_head_json":{"title":"Gasolina vai baixar 4,9% a partir de hoje(21) - Afogados FM","robots":{"index":"index","follow":"follow","max-snippet":"max-snippet:-1","max-image-preview":"max-image-preview:large","max-video-preview":"max-video-preview:-1"},"canonical":"https:\/\/afogadosfm.com.br\/afogadosfm\/2025\/10\/21\/gasolina-vai-baixar-49-a-partir-de-hoje21\/","og_locale":"pt_BR","og_type":"article","og_title":"Gasolina vai baixar 4,9% a partir de hoje(21) - Afogados FM","og_description":"A&nbsp;Petrobras&nbsp;anunciou nesta segunda-feira que vai reduzir&nbsp;em 4,9% o pre\u00e7o da gasolina A vendida \u00e0s distribuidoras.&nbsp;O novo pre\u00e7o passa a&nbsp;valer a","og_url":"https:\/\/afogadosfm.com.br\/afogadosfm\/2025\/10\/21\/gasolina-vai-baixar-49-a-partir-de-hoje21\/","og_site_name":"Afogados FM","article_published_time":"2025-10-21T07:07:22+00:00","article_modified_time":"2025-10-21T07:07:23+00:00","og_image":[{"width":620,"height":400,"url":"https:\/\/afogadosfm.com.br\/afogadosfm\/wp-content\/uploads\/2018\/09\/gasolina.jpg","type":"image\/jpeg"}],"author":"afogadosfm","twitter_card":"summary_large_image","twitter_misc":{"Escrito por":"afogadosfm","Est. tempo de leitura":"2 minutos"},"schema":{"@context":"https:\/\/schema.org","@graph":[{"@type":"Article","@id":"https:\/\/afogadosfm.com.br\/afogadosfm\/2025\/10\/21\/gasolina-vai-baixar-49-a-partir-de-hoje21\/#article","isPartOf":{"@id":"https:\/\/afogadosfm.com.br\/afogadosfm\/2025\/10\/21\/gasolina-vai-baixar-49-a-partir-de-hoje21\/"},"author":{"name":"afogadosfm","@id":"https:\/\/afogadosfm.com.br\/afogadosfm\/#\/schema\/person\/60e56f2cf5dc960fc093fe093d9e9057"},"headline":"Gasolina vai baixar 4,9% a partir de hoje(21)","datePublished":"2025-10-21T07:07:22+00:00","dateModified":"2025-10-21T07:07:23+00:00","mainEntityOfPage":{"@id":"https:\/\/afogadosfm.com.br\/afogadosfm\/2025\/10\/21\/gasolina-vai-baixar-49-a-partir-de-hoje21\/"},"wordCount":331,"commentCount":0,"publisher":{"@id":"https:\/\/afogadosfm.com.br\/afogadosfm\/#organization"},"image":{"@id":"https:\/\/afogadosfm.com.br\/afogadosfm\/2025\/10\/21\/gasolina-vai-baixar-49-a-partir-de-hoje21\/#primaryimage"},"thumbnailUrl":"https:\/\/i0.wp.com\/afogadosfm.com.br\/afogadosfm\/wp-content\/uploads\/2018\/09\/gasolina.jpg?fit=620%2C400&ssl=1","articleSection":["Brasil"],"inLanguage":"pt-BR","potentialAction":[{"@type":"CommentAction","name":"Comment","target":["https:\/\/afogadosfm.com.br\/afogadosfm\/2025\/10\/21\/gasolina-vai-baixar-49-a-partir-de-hoje21\/#respond"]}]},{"@type":"WebPage","@id":"https:\/\/afogadosfm.com.br\/afogadosfm\/2025\/10\/21\/gasolina-vai-baixar-49-a-partir-de-hoje21\/","url":"https:\/\/afogadosfm.com.br\/afogadosfm\/2025\/10\/21\/gasolina-vai-baixar-49-a-partir-de-hoje21\/","name":"Gasolina vai baixar 4,9% a partir de hoje(21) - Afogados FM","isPartOf":{"@id":"https:\/\/afogadosfm.com.br\/afogadosfm\/#website"},"primaryImageOfPage":{"@id":"https:\/\/afogadosfm.com.br\/afogadosfm\/2025\/10\/21\/gasolina-vai-baixar-49-a-partir-de-hoje21\/#primaryimage"},"image":{"@id":"https:\/\/afogadosfm.com.br\/afogadosfm\/2025\/10\/21\/gasolina-vai-baixar-49-a-partir-de-hoje21\/#primaryimage"},"thumbnailUrl":"https:\/\/i0.wp.com\/afogadosfm.com.br\/afogadosfm\/wp-content\/uploads\/2018\/09\/gasolina.jpg?fit=620%2C400&ssl=1","datePublished":"2025-10-21T07:07:22+00:00","dateModified":"2025-10-21T07:07:23+00:00","breadcrumb":{"@id":"https:\/\/afogadosfm.com.br\/afogadosfm\/2025\/10\/21\/gasolina-vai-baixar-49-a-partir-de-hoje21\/#breadcrumb"},"inLanguage":"pt-BR","potentialAction":[{"@type":"ReadAction","target":["https:\/\/afogadosfm.com.br\/afogadosfm\/2025\/10\/21\/gasolina-vai-baixar-49-a-partir-de-hoje21\/"]}]},{"@type":"ImageObject","inLanguage":"pt-BR","@id":"https:\/\/afogadosfm.com.br\/afogadosfm\/2025\/10\/21\/gasolina-vai-baixar-49-a-partir-de-hoje21\/#primaryimage","url":"https:\/\/i0.wp.com\/afogadosfm.com.br\/afogadosfm\/wp-content\/uploads\/2018\/09\/gasolina.jpg?fit=620%2C400&ssl=1","contentUrl":"https:\/\/i0.wp.com\/afogadosfm.com.br\/afogadosfm\/wp-content\/uploads\/2018\/09\/gasolina.jpg?fit=620%2C400&ssl=1","width":620,"height":400},{"@type":"BreadcrumbList","@id":"https:\/\/afogadosfm.com.br\/afogadosfm\/2025\/10\/21\/gasolina-vai-baixar-49-a-partir-de-hoje21\/#breadcrumb","itemListElement":[{"@type":"ListItem","position":1,"name":"In\u00edcio","item":"https:\/\/afogadosfm.com.br\/afogadosfm\/"},{"@type":"ListItem","position":2,"name":"Gasolina vai baixar 4,9% a partir de hoje(21)"}]},{"@type":"WebSite","@id":"https:\/\/afogadosfm.com.br\/afogadosfm\/#website","url":"https:\/\/afogadosfm.com.br\/afogadosfm\/","name":"Afogados FM","description":"Um site completo!","publisher":{"@id":"https:\/\/afogadosfm.com.br\/afogadosfm\/#organization"},"potentialAction":[{"@type":"SearchAction","target":{"@type":"EntryPoint","urlTemplate":"https:\/\/afogadosfm.com.br\/afogadosfm\/?s={search_term_string}"},"query-input":{"@type":"PropertyValueSpecification","valueRequired":true,"valueName":"search_term_string"}}],"inLanguage":"pt-BR"},{"@type":"Organization","@id":"https:\/\/afogadosfm.com.br\/afogadosfm\/#organization","name":"Afogados FM","url":"https:\/\/afogadosfm.com.br\/afogadosfm\/","logo":{"@type":"ImageObject","inLanguage":"pt-BR","@id":"https:\/\/afogadosfm.com.br\/afogadosfm\/#\/schema\/logo\/image\/","url":"https:\/\/i0.wp.com\/afogadosfm.com.br\/afogadosfm\/wp-content\/uploads\/2020\/06\/cropped-banner-afogados-4.jpg?fit=369%2C137&ssl=1","contentUrl":"https:\/\/i0.wp.com\/afogadosfm.com.br\/afogadosfm\/wp-content\/uploads\/2020\/06\/cropped-banner-afogados-4.jpg?fit=369%2C137&ssl=1","width":369,"height":137,"caption":"Afogados FM"},"image":{"@id":"https:\/\/afogadosfm.com.br\/afogadosfm\/#\/schema\/logo\/image\/"}},{"@type":"Person","@id":"https:\/\/afogadosfm.com.br\/afogadosfm\/#\/schema\/person\/60e56f2cf5dc960fc093fe093d9e9057","name":"afogadosfm","image":{"@type":"ImageObject","inLanguage":"pt-BR","@id":"https:\/\/secure.gravatar.com\/avatar\/e0359add7ed5dc3560906d861b52c6a8cf5c1e199d3a7dd85070998f49bd4701?s=96&d=mm&r=g","url":"https:\/\/secure.gravatar.com\/avatar\/e0359add7ed5dc3560906d861b52c6a8cf5c1e199d3a7dd85070998f49bd4701?s=96&d=mm&r=g","contentUrl":"https:\/\/secure.gravatar.com\/avatar\/e0359add7ed5dc3560906d861b52c6a8cf5c1e199d3a7dd85070998f49bd4701?s=96&d=mm&r=g","caption":"afogadosfm"},"url":"https:\/\/afogadosfm.com.br\/afogadosfm\/author\/afogadosfm\/"}]}},"jetpack_publicize_connections":[],"jetpack_featured_media_url":"https:\/\/i0.wp.com\/afogadosfm.com.br\/afogadosfm\/wp-content\/uploads\/2018\/09\/gasolina.jpg?fit=620%2C400&ssl=1","jetpack-related-posts":[],"jetpack_sharing_enabled":true,"jetpack_likes_enabled":true,"_links":{"self":[{"href":"https:\/\/afogadosfm.com.br\/afogadosfm\/wp-json\/wp\/v2\/posts\/69959","targetHints":{"allow":["GET"]}}],"collection":[{"href":"https:\/\/afogadosfm.com.br\/afogadosfm\/wp-json\/wp\/v2\/posts"}],"about":[{"href":"https:\/\/afogadosfm.com.br\/afogadosfm\/wp-json\/wp\/v2\/types\/post"}],"author":[{"embeddable":true,"href":"https:\/\/afogadosfm.com.br\/afogadosfm\/wp-json\/wp\/v2\/users\/2"}],"replies":[{"embeddable":true,"href":"https:\/\/afogadosfm.com.br\/afogadosfm\/wp-json\/wp\/v2\/comments?post=69959"}],"version-history":[{"count":1,"href":"https:\/\/afogadosfm.com.br\/afogadosfm\/wp-json\/wp\/v2\/posts\/69959\/revisions"}],"predecessor-version":[{"id":69960,"href":"https:\/\/afogadosfm.com.br\/afogadosfm\/wp-json\/wp\/v2\/posts\/69959\/revisions\/69960"}],"wp:featuredmedia":[{"embeddable":true,"href":"https:\/\/afogadosfm.com.br\/afogadosfm\/wp-json\/wp\/v2\/media\/6082"}],"wp:attachment":[{"href":"https:\/\/afogadosfm.com.br\/afogadosfm\/wp-json\/wp\/v2\/media?parent=69959"}],"wp:term":[{"taxonomy":"category","embeddable":true,"href":"https:\/\/afogadosfm.com.br\/afogadosfm\/wp-json\/wp\/v2\/categories?post=69959"},{"taxonomy":"post_tag","embeddable":true,"href":"https:\/\/afogadosfm.com.br\/afogadosfm\/wp-json\/wp\/v2\/tags?post=69959"}],"curies":[{"name":"wp","href":"https:\/\/api.w.org\/{rel}","templated":true}]}}