{"id":69961,"date":"2025-10-21T04:09:54","date_gmt":"2025-10-21T07:09:54","guid":{"rendered":"https:\/\/afogadosfm.com.br\/afogadosfm\/?p=69961"},"modified":"2025-10-21T04:09:55","modified_gmt":"2025-10-21T07:09:55","slug":"agenda-compartilhada-do-mppe-reune-promotores-e-promotoras-no-sertao","status":"publish","type":"post","link":"https:\/\/afogadosfm.com.br\/afogadosfm\/2025\/10\/21\/agenda-compartilhada-do-mppe-reune-promotores-e-promotoras-no-sertao\/","title":{"rendered":"Agenda Compartilhada do MPPE re\u00fane promotores e promotoras no Sert\u00e3o"},"content":{"rendered":"\n<p>O Minist\u00e9rio P\u00fablico de Pernambuco (MPPE) realizou, na \u00faltima semana \u2013 quarta (15) e quinta (16) \u2013 as reuni\u00f5es da Agenda Compartilhada 2025 na 1\u00aa e 2\u00aa Circunscri\u00e7\u00f5es Ministeriais, sediadas em Salgueiro e Petrolina (ambas no Sert\u00e3o), respectivamente. Liderada pelo procurador-geral de Justi\u00e7a, Jos\u00e9 Paulo Xavier, a iniciativa buscou promover um di\u00e1logo aberto e horizontal com os promotores e promotoras de Justi\u00e7a, alinhando as a\u00e7\u00f5es da administra\u00e7\u00e3o central \u00e0s necessidades regionais.<\/p>\n\n\n\n<p>O evento teve como pilares principais a presta\u00e7\u00e3o de contas da gest\u00e3o e a escuta ativa das demandas das Promotorias. Durante os encontros, a equipe da Procuradoria-Geral de Justi\u00e7a detalhou avan\u00e7os em \u00e1reas como tecnologia da informa\u00e7\u00e3o, com significativos investimentos em novos sistemas, intelig\u00eancia artificial e integra\u00e7\u00e3o de plataformas. Foram tamb\u00e9m abordados temas cruciais como obras a serem entregues, or\u00e7amento, capacita\u00e7\u00e3o e reestrutura\u00e7\u00e3o de pessoal, movimenta\u00e7\u00e3o na carreira e a cria\u00e7\u00e3o, fortalecimento e plano de regionaliza\u00e7\u00e3o de n\u00facleos ministeriais.<\/p>\n\n\n\n<p>Um dos setores destacados foi o da Ger\u00eancia Executiva Ministerial de Apoio T\u00e9cnico (Gemat). A gest\u00e3o informou que n\u00e3o existem mais demandas reprimidas na \u00e1rea, que engloba apoio a membros de profissionais de contabilidade, engenharia, arquitetura, psicologia e servi\u00e7o social, gra\u00e7as a um trabalho focado em agilidade e aprimoramento do suporte t\u00e9cnico.<\/p>\n\n\n\n<p>Jos\u00e9 Paulo Xavier enfatizou o compromisso com a transpar\u00eancia e a necessidade de preparar a institui\u00e7\u00e3o para o futuro. \u201c<em>\u00c9 satisfat\u00f3ria a aproxima\u00e7\u00e3o da gest\u00e3o com as circunscri\u00e7\u00f5es e a partilha de informa\u00e7\u00f5es sobre o nosso trabalho cont\u00ednuo, as nossas realiza\u00e7\u00f5es, ao mesmo tempo em que ressaltamos desafios e perspectivas, colhendo sugest\u00f5es dos colegas e ouvindo as demandas espec\u00edficas das regi\u00f5es<\/em>\u201c, declarou. \u201c<em>Com a Agenda Compartilhada, cumprimos nosso papel como gestores de promover integra\u00e7\u00f5es necess\u00e1rias para a constru\u00e7\u00e3o de uma realidade mais favor\u00e1vel para a Institui\u00e7\u00e3o, com resultados a curto, m\u00e9dio e longo prazo<\/em>\u201c, complementou.<\/p>\n\n\n\n<p>A iniciativa foi elogiada pelos coordenadores das circunscri\u00e7\u00f5es. A promotora Nara Thamyres Alencar, coordenadora da 1\u00aa Circunscri\u00e7\u00e3o (Salgueiro), enalteceu o valor do momento por abordar conquistas e dificuldades. \u201c<em>Oportunidade em que percebemos os problemas juntos, assim como buscamos solu\u00e7\u00f5es dialogando, consolidando o esfor\u00e7o da gest\u00e3o em se mostrar democr\u00e1tica<\/em>\u201d, afirmou.<\/p>\n\n\n\n<p>J\u00e1 o promotor de Igor de Oliveira Pacheco, coordenador da 2\u00aa Circunscri\u00e7\u00e3o (Petrolina), destacou a import\u00e2ncia da presen\u00e7a da c\u00fapula do MPPE no Interior. \u201c<em>Ocasi\u00e3o de estarem diante de n\u00f3s, ouvirem e sentirem o que vivemos e planejarmos juntos solu\u00e7\u00f5es efetivas<\/em>\u201d, disse.<\/p>\n","protected":false},"excerpt":{"rendered":"<p>O Minist\u00e9rio P\u00fablico de Pernambuco (MPPE) realizou, na \u00faltima semana \u2013 quarta (15) e quinta (16) \u2013 as reuni\u00f5es da<\/p>\n","protected":false},"author":2,"featured_media":7960,"comment_status":"open","ping_status":"open","sticky":false,"template":"","format":"standard","meta":{"jetpack_post_was_ever_published":false,"_jetpack_newsletter_access":"","_jetpack_dont_email_post_to_subs":false,"_jetpack_newsletter_tier_id":0,"_jetpack_memberships_contains_paywalled_content":false,"_jetpack_memberships_contains_paid_content":false,"footnotes":"","jetpack_publicize_message":"","jetpack_publicize_feature_enabled":true,"jetpack_social_post_already_shared":true,"jetpack_social_options":{"image_generator_settings":{"template":"highway","default_image_id":0,"font":"","enabled":false},"version":2}},"categories":[13],"tags":[],"class_list":["post-69961","post","type-post","status-publish","format-standard","has-post-thumbnail","hentry","category-pernambuco"],"yoast_head":"<!-- This site is optimized with the Yoast SEO plugin v27.5 - https:\/\/yoast.com\/product\/yoast-seo-wordpress\/ -->\n<title>Agenda Compartilhada do MPPE re\u00fane promotores e promotoras no Sert\u00e3o - Afogados FM<\/title>\n<meta name=\"robots\" content=\"index, follow, max-snippet:-1, max-image-preview:large, max-video-preview:-1\" \/>\n<link rel=\"canonical\" href=\"https:\/\/afogadosfm.com.br\/afogadosfm\/2025\/10\/21\/agenda-compartilhada-do-mppe-reune-promotores-e-promotoras-no-sertao\/\" \/>\n<meta property=\"og:locale\" content=\"pt_BR\" \/>\n<meta property=\"og:type\" content=\"article\" \/>\n<meta property=\"og:title\" content=\"Agenda Compartilhada do MPPE re\u00fane promotores e promotoras no Sert\u00e3o - Afogados FM\" \/>\n<meta property=\"og:description\" content=\"O Minist\u00e9rio P\u00fablico de Pernambuco (MPPE) realizou, na \u00faltima semana \u2013 quarta (15) e quinta (16) \u2013 as reuni\u00f5es da\" \/>\n<meta property=\"og:url\" content=\"https:\/\/afogadosfm.com.br\/afogadosfm\/2025\/10\/21\/agenda-compartilhada-do-mppe-reune-promotores-e-promotoras-no-sertao\/\" \/>\n<meta property=\"og:site_name\" content=\"Afogados FM\" \/>\n<meta property=\"article:published_time\" content=\"2025-10-21T07:09:54+00:00\" \/>\n<meta property=\"article:modified_time\" content=\"2025-10-21T07:09:55+00:00\" \/>\n<meta property=\"og:image\" content=\"https:\/\/afogadosfm.com.br\/afogadosfm\/wp-content\/uploads\/2018\/12\/MPPE.jpg\" \/>\n\t<meta property=\"og:image:width\" content=\"350\" \/>\n\t<meta property=\"og:image:height\" content=\"245\" \/>\n\t<meta property=\"og:image:type\" content=\"image\/jpeg\" \/>\n<meta name=\"author\" content=\"afogadosfm\" \/>\n<meta name=\"twitter:card\" content=\"summary_large_image\" \/>\n<meta name=\"twitter:label1\" content=\"Escrito por\" \/>\n\t<meta name=\"twitter:data1\" content=\"afogadosfm\" \/>\n\t<meta name=\"twitter:label2\" content=\"Est. tempo de leitura\" \/>\n\t<meta name=\"twitter:data2\" content=\"3 minutos\" \/>\n<script type=\"application\/ld+json\" class=\"yoast-schema-graph\">{\"@context\":\"https:\\\/\\\/schema.org\",\"@graph\":[{\"@type\":\"Article\",\"@id\":\"https:\\\/\\\/afogadosfm.com.br\\\/afogadosfm\\\/2025\\\/10\\\/21\\\/agenda-compartilhada-do-mppe-reune-promotores-e-promotoras-no-sertao\\\/#article\",\"isPartOf\":{\"@id\":\"https:\\\/\\\/afogadosfm.com.br\\\/afogadosfm\\\/2025\\\/10\\\/21\\\/agenda-compartilhada-do-mppe-reune-promotores-e-promotoras-no-sertao\\\/\"},\"author\":{\"name\":\"afogadosfm\",\"@id\":\"https:\\\/\\\/afogadosfm.com.br\\\/afogadosfm\\\/#\\\/schema\\\/person\\\/60e56f2cf5dc960fc093fe093d9e9057\"},\"headline\":\"Agenda Compartilhada do MPPE re\u00fane promotores e promotoras no Sert\u00e3o\",\"datePublished\":\"2025-10-21T07:09:54+00:00\",\"dateModified\":\"2025-10-21T07:09:55+00:00\",\"mainEntityOfPage\":{\"@id\":\"https:\\\/\\\/afogadosfm.com.br\\\/afogadosfm\\\/2025\\\/10\\\/21\\\/agenda-compartilhada-do-mppe-reune-promotores-e-promotoras-no-sertao\\\/\"},\"wordCount\":454,\"commentCount\":0,\"publisher\":{\"@id\":\"https:\\\/\\\/afogadosfm.com.br\\\/afogadosfm\\\/#organization\"},\"image\":{\"@id\":\"https:\\\/\\\/afogadosfm.com.br\\\/afogadosfm\\\/2025\\\/10\\\/21\\\/agenda-compartilhada-do-mppe-reune-promotores-e-promotoras-no-sertao\\\/#primaryimage\"},\"thumbnailUrl\":\"https:\\\/\\\/i0.wp.com\\\/afogadosfm.com.br\\\/afogadosfm\\\/wp-content\\\/uploads\\\/2018\\\/12\\\/MPPE.jpg?fit=350%2C245&ssl=1\",\"articleSection\":[\"Pernambuco\"],\"inLanguage\":\"pt-BR\",\"potentialAction\":[{\"@type\":\"CommentAction\",\"name\":\"Comment\",\"target\":[\"https:\\\/\\\/afogadosfm.com.br\\\/afogadosfm\\\/2025\\\/10\\\/21\\\/agenda-compartilhada-do-mppe-reune-promotores-e-promotoras-no-sertao\\\/#respond\"]}]},{\"@type\":\"WebPage\",\"@id\":\"https:\\\/\\\/afogadosfm.com.br\\\/afogadosfm\\\/2025\\\/10\\\/21\\\/agenda-compartilhada-do-mppe-reune-promotores-e-promotoras-no-sertao\\\/\",\"url\":\"https:\\\/\\\/afogadosfm.com.br\\\/afogadosfm\\\/2025\\\/10\\\/21\\\/agenda-compartilhada-do-mppe-reune-promotores-e-promotoras-no-sertao\\\/\",\"name\":\"Agenda Compartilhada do MPPE re\u00fane promotores e promotoras no Sert\u00e3o - Afogados FM\",\"isPartOf\":{\"@id\":\"https:\\\/\\\/afogadosfm.com.br\\\/afogadosfm\\\/#website\"},\"primaryImageOfPage\":{\"@id\":\"https:\\\/\\\/afogadosfm.com.br\\\/afogadosfm\\\/2025\\\/10\\\/21\\\/agenda-compartilhada-do-mppe-reune-promotores-e-promotoras-no-sertao\\\/#primaryimage\"},\"image\":{\"@id\":\"https:\\\/\\\/afogadosfm.com.br\\\/afogadosfm\\\/2025\\\/10\\\/21\\\/agenda-compartilhada-do-mppe-reune-promotores-e-promotoras-no-sertao\\\/#primaryimage\"},\"thumbnailUrl\":\"https:\\\/\\\/i0.wp.com\\\/afogadosfm.com.br\\\/afogadosfm\\\/wp-content\\\/uploads\\\/2018\\\/12\\\/MPPE.jpg?fit=350%2C245&ssl=1\",\"datePublished\":\"2025-10-21T07:09:54+00:00\",\"dateModified\":\"2025-10-21T07:09:55+00:00\",\"breadcrumb\":{\"@id\":\"https:\\\/\\\/afogadosfm.com.br\\\/afogadosfm\\\/2025\\\/10\\\/21\\\/agenda-compartilhada-do-mppe-reune-promotores-e-promotoras-no-sertao\\\/#breadcrumb\"},\"inLanguage\":\"pt-BR\",\"potentialAction\":[{\"@type\":\"ReadAction\",\"target\":[\"https:\\\/\\\/afogadosfm.com.br\\\/afogadosfm\\\/2025\\\/10\\\/21\\\/agenda-compartilhada-do-mppe-reune-promotores-e-promotoras-no-sertao\\\/\"]}]},{\"@type\":\"ImageObject\",\"inLanguage\":\"pt-BR\",\"@id\":\"https:\\\/\\\/afogadosfm.com.br\\\/afogadosfm\\\/2025\\\/10\\\/21\\\/agenda-compartilhada-do-mppe-reune-promotores-e-promotoras-no-sertao\\\/#primaryimage\",\"url\":\"https:\\\/\\\/i0.wp.com\\\/afogadosfm.com.br\\\/afogadosfm\\\/wp-content\\\/uploads\\\/2018\\\/12\\\/MPPE.jpg?fit=350%2C245&ssl=1\",\"contentUrl\":\"https:\\\/\\\/i0.wp.com\\\/afogadosfm.com.br\\\/afogadosfm\\\/wp-content\\\/uploads\\\/2018\\\/12\\\/MPPE.jpg?fit=350%2C245&ssl=1\",\"width\":350,\"height\":245},{\"@type\":\"BreadcrumbList\",\"@id\":\"https:\\\/\\\/afogadosfm.com.br\\\/afogadosfm\\\/2025\\\/10\\\/21\\\/agenda-compartilhada-do-mppe-reune-promotores-e-promotoras-no-sertao\\\/#breadcrumb\",\"itemListElement\":[{\"@type\":\"ListItem\",\"position\":1,\"name\":\"In\u00edcio\",\"item\":\"https:\\\/\\\/afogadosfm.com.br\\\/afogadosfm\\\/\"},{\"@type\":\"ListItem\",\"position\":2,\"name\":\"Agenda Compartilhada do MPPE re\u00fane promotores e promotoras no Sert\u00e3o\"}]},{\"@type\":\"WebSite\",\"@id\":\"https:\\\/\\\/afogadosfm.com.br\\\/afogadosfm\\\/#website\",\"url\":\"https:\\\/\\\/afogadosfm.com.br\\\/afogadosfm\\\/\",\"name\":\"Afogados FM\",\"description\":\"Um site completo!\",\"publisher\":{\"@id\":\"https:\\\/\\\/afogadosfm.com.br\\\/afogadosfm\\\/#organization\"},\"potentialAction\":[{\"@type\":\"SearchAction\",\"target\":{\"@type\":\"EntryPoint\",\"urlTemplate\":\"https:\\\/\\\/afogadosfm.com.br\\\/afogadosfm\\\/?s={search_term_string}\"},\"query-input\":{\"@type\":\"PropertyValueSpecification\",\"valueRequired\":true,\"valueName\":\"search_term_string\"}}],\"inLanguage\":\"pt-BR\"},{\"@type\":\"Organization\",\"@id\":\"https:\\\/\\\/afogadosfm.com.br\\\/afogadosfm\\\/#organization\",\"name\":\"Afogados FM\",\"url\":\"https:\\\/\\\/afogadosfm.com.br\\\/afogadosfm\\\/\",\"logo\":{\"@type\":\"ImageObject\",\"inLanguage\":\"pt-BR\",\"@id\":\"https:\\\/\\\/afogadosfm.com.br\\\/afogadosfm\\\/#\\\/schema\\\/logo\\\/image\\\/\",\"url\":\"https:\\\/\\\/i0.wp.com\\\/afogadosfm.com.br\\\/afogadosfm\\\/wp-content\\\/uploads\\\/2020\\\/06\\\/cropped-banner-afogados-4.jpg?fit=369%2C137&ssl=1\",\"contentUrl\":\"https:\\\/\\\/i0.wp.com\\\/afogadosfm.com.br\\\/afogadosfm\\\/wp-content\\\/uploads\\\/2020\\\/06\\\/cropped-banner-afogados-4.jpg?fit=369%2C137&ssl=1\",\"width\":369,\"height\":137,\"caption\":\"Afogados FM\"},\"image\":{\"@id\":\"https:\\\/\\\/afogadosfm.com.br\\\/afogadosfm\\\/#\\\/schema\\\/logo\\\/image\\\/\"}},{\"@type\":\"Person\",\"@id\":\"https:\\\/\\\/afogadosfm.com.br\\\/afogadosfm\\\/#\\\/schema\\\/person\\\/60e56f2cf5dc960fc093fe093d9e9057\",\"name\":\"afogadosfm\",\"image\":{\"@type\":\"ImageObject\",\"inLanguage\":\"pt-BR\",\"@id\":\"https:\\\/\\\/secure.gravatar.com\\\/avatar\\\/e0359add7ed5dc3560906d861b52c6a8cf5c1e199d3a7dd85070998f49bd4701?s=96&d=mm&r=g\",\"url\":\"https:\\\/\\\/secure.gravatar.com\\\/avatar\\\/e0359add7ed5dc3560906d861b52c6a8cf5c1e199d3a7dd85070998f49bd4701?s=96&d=mm&r=g\",\"contentUrl\":\"https:\\\/\\\/secure.gravatar.com\\\/avatar\\\/e0359add7ed5dc3560906d861b52c6a8cf5c1e199d3a7dd85070998f49bd4701?s=96&d=mm&r=g\",\"caption\":\"afogadosfm\"},\"url\":\"https:\\\/\\\/afogadosfm.com.br\\\/afogadosfm\\\/author\\\/afogadosfm\\\/\"}]}<\/script>\n<!-- \/ Yoast SEO plugin. -->","yoast_head_json":{"title":"Agenda Compartilhada do MPPE re\u00fane promotores e promotoras no Sert\u00e3o - Afogados FM","robots":{"index":"index","follow":"follow","max-snippet":"max-snippet:-1","max-image-preview":"max-image-preview:large","max-video-preview":"max-video-preview:-1"},"canonical":"https:\/\/afogadosfm.com.br\/afogadosfm\/2025\/10\/21\/agenda-compartilhada-do-mppe-reune-promotores-e-promotoras-no-sertao\/","og_locale":"pt_BR","og_type":"article","og_title":"Agenda Compartilhada do MPPE re\u00fane promotores e promotoras no Sert\u00e3o - Afogados FM","og_description":"O Minist\u00e9rio P\u00fablico de Pernambuco (MPPE) realizou, na \u00faltima semana \u2013 quarta (15) e quinta (16) \u2013 as reuni\u00f5es da","og_url":"https:\/\/afogadosfm.com.br\/afogadosfm\/2025\/10\/21\/agenda-compartilhada-do-mppe-reune-promotores-e-promotoras-no-sertao\/","og_site_name":"Afogados FM","article_published_time":"2025-10-21T07:09:54+00:00","article_modified_time":"2025-10-21T07:09:55+00:00","og_image":[{"width":350,"height":245,"url":"https:\/\/afogadosfm.com.br\/afogadosfm\/wp-content\/uploads\/2018\/12\/MPPE.jpg","type":"image\/jpeg"}],"author":"afogadosfm","twitter_card":"summary_large_image","twitter_misc":{"Escrito por":"afogadosfm","Est. tempo de leitura":"3 minutos"},"schema":{"@context":"https:\/\/schema.org","@graph":[{"@type":"Article","@id":"https:\/\/afogadosfm.com.br\/afogadosfm\/2025\/10\/21\/agenda-compartilhada-do-mppe-reune-promotores-e-promotoras-no-sertao\/#article","isPartOf":{"@id":"https:\/\/afogadosfm.com.br\/afogadosfm\/2025\/10\/21\/agenda-compartilhada-do-mppe-reune-promotores-e-promotoras-no-sertao\/"},"author":{"name":"afogadosfm","@id":"https:\/\/afogadosfm.com.br\/afogadosfm\/#\/schema\/person\/60e56f2cf5dc960fc093fe093d9e9057"},"headline":"Agenda Compartilhada do MPPE re\u00fane promotores e promotoras no Sert\u00e3o","datePublished":"2025-10-21T07:09:54+00:00","dateModified":"2025-10-21T07:09:55+00:00","mainEntityOfPage":{"@id":"https:\/\/afogadosfm.com.br\/afogadosfm\/2025\/10\/21\/agenda-compartilhada-do-mppe-reune-promotores-e-promotoras-no-sertao\/"},"wordCount":454,"commentCount":0,"publisher":{"@id":"https:\/\/afogadosfm.com.br\/afogadosfm\/#organization"},"image":{"@id":"https:\/\/afogadosfm.com.br\/afogadosfm\/2025\/10\/21\/agenda-compartilhada-do-mppe-reune-promotores-e-promotoras-no-sertao\/#primaryimage"},"thumbnailUrl":"https:\/\/i0.wp.com\/afogadosfm.com.br\/afogadosfm\/wp-content\/uploads\/2018\/12\/MPPE.jpg?fit=350%2C245&ssl=1","articleSection":["Pernambuco"],"inLanguage":"pt-BR","potentialAction":[{"@type":"CommentAction","name":"Comment","target":["https:\/\/afogadosfm.com.br\/afogadosfm\/2025\/10\/21\/agenda-compartilhada-do-mppe-reune-promotores-e-promotoras-no-sertao\/#respond"]}]},{"@type":"WebPage","@id":"https:\/\/afogadosfm.com.br\/afogadosfm\/2025\/10\/21\/agenda-compartilhada-do-mppe-reune-promotores-e-promotoras-no-sertao\/","url":"https:\/\/afogadosfm.com.br\/afogadosfm\/2025\/10\/21\/agenda-compartilhada-do-mppe-reune-promotores-e-promotoras-no-sertao\/","name":"Agenda Compartilhada do MPPE re\u00fane promotores e promotoras no Sert\u00e3o - Afogados FM","isPartOf":{"@id":"https:\/\/afogadosfm.com.br\/afogadosfm\/#website"},"primaryImageOfPage":{"@id":"https:\/\/afogadosfm.com.br\/afogadosfm\/2025\/10\/21\/agenda-compartilhada-do-mppe-reune-promotores-e-promotoras-no-sertao\/#primaryimage"},"image":{"@id":"https:\/\/afogadosfm.com.br\/afogadosfm\/2025\/10\/21\/agenda-compartilhada-do-mppe-reune-promotores-e-promotoras-no-sertao\/#primaryimage"},"thumbnailUrl":"https:\/\/i0.wp.com\/afogadosfm.com.br\/afogadosfm\/wp-content\/uploads\/2018\/12\/MPPE.jpg?fit=350%2C245&ssl=1","datePublished":"2025-10-21T07:09:54+00:00","dateModified":"2025-10-21T07:09:55+00:00","breadcrumb":{"@id":"https:\/\/afogadosfm.com.br\/afogadosfm\/2025\/10\/21\/agenda-compartilhada-do-mppe-reune-promotores-e-promotoras-no-sertao\/#breadcrumb"},"inLanguage":"pt-BR","potentialAction":[{"@type":"ReadAction","target":["https:\/\/afogadosfm.com.br\/afogadosfm\/2025\/10\/21\/agenda-compartilhada-do-mppe-reune-promotores-e-promotoras-no-sertao\/"]}]},{"@type":"ImageObject","inLanguage":"pt-BR","@id":"https:\/\/afogadosfm.com.br\/afogadosfm\/2025\/10\/21\/agenda-compartilhada-do-mppe-reune-promotores-e-promotoras-no-sertao\/#primaryimage","url":"https:\/\/i0.wp.com\/afogadosfm.com.br\/afogadosfm\/wp-content\/uploads\/2018\/12\/MPPE.jpg?fit=350%2C245&ssl=1","contentUrl":"https:\/\/i0.wp.com\/afogadosfm.com.br\/afogadosfm\/wp-content\/uploads\/2018\/12\/MPPE.jpg?fit=350%2C245&ssl=1","width":350,"height":245},{"@type":"BreadcrumbList","@id":"https:\/\/afogadosfm.com.br\/afogadosfm\/2025\/10\/21\/agenda-compartilhada-do-mppe-reune-promotores-e-promotoras-no-sertao\/#breadcrumb","itemListElement":[{"@type":"ListItem","position":1,"name":"In\u00edcio","item":"https:\/\/afogadosfm.com.br\/afogadosfm\/"},{"@type":"ListItem","position":2,"name":"Agenda Compartilhada do MPPE re\u00fane promotores e promotoras no Sert\u00e3o"}]},{"@type":"WebSite","@id":"https:\/\/afogadosfm.com.br\/afogadosfm\/#website","url":"https:\/\/afogadosfm.com.br\/afogadosfm\/","name":"Afogados FM","description":"Um site completo!","publisher":{"@id":"https:\/\/afogadosfm.com.br\/afogadosfm\/#organization"},"potentialAction":[{"@type":"SearchAction","target":{"@type":"EntryPoint","urlTemplate":"https:\/\/afogadosfm.com.br\/afogadosfm\/?s={search_term_string}"},"query-input":{"@type":"PropertyValueSpecification","valueRequired":true,"valueName":"search_term_string"}}],"inLanguage":"pt-BR"},{"@type":"Organization","@id":"https:\/\/afogadosfm.com.br\/afogadosfm\/#organization","name":"Afogados FM","url":"https:\/\/afogadosfm.com.br\/afogadosfm\/","logo":{"@type":"ImageObject","inLanguage":"pt-BR","@id":"https:\/\/afogadosfm.com.br\/afogadosfm\/#\/schema\/logo\/image\/","url":"https:\/\/i0.wp.com\/afogadosfm.com.br\/afogadosfm\/wp-content\/uploads\/2020\/06\/cropped-banner-afogados-4.jpg?fit=369%2C137&ssl=1","contentUrl":"https:\/\/i0.wp.com\/afogadosfm.com.br\/afogadosfm\/wp-content\/uploads\/2020\/06\/cropped-banner-afogados-4.jpg?fit=369%2C137&ssl=1","width":369,"height":137,"caption":"Afogados FM"},"image":{"@id":"https:\/\/afogadosfm.com.br\/afogadosfm\/#\/schema\/logo\/image\/"}},{"@type":"Person","@id":"https:\/\/afogadosfm.com.br\/afogadosfm\/#\/schema\/person\/60e56f2cf5dc960fc093fe093d9e9057","name":"afogadosfm","image":{"@type":"ImageObject","inLanguage":"pt-BR","@id":"https:\/\/secure.gravatar.com\/avatar\/e0359add7ed5dc3560906d861b52c6a8cf5c1e199d3a7dd85070998f49bd4701?s=96&d=mm&r=g","url":"https:\/\/secure.gravatar.com\/avatar\/e0359add7ed5dc3560906d861b52c6a8cf5c1e199d3a7dd85070998f49bd4701?s=96&d=mm&r=g","contentUrl":"https:\/\/secure.gravatar.com\/avatar\/e0359add7ed5dc3560906d861b52c6a8cf5c1e199d3a7dd85070998f49bd4701?s=96&d=mm&r=g","caption":"afogadosfm"},"url":"https:\/\/afogadosfm.com.br\/afogadosfm\/author\/afogadosfm\/"}]}},"jetpack_publicize_connections":[],"jetpack_featured_media_url":"https:\/\/i0.wp.com\/afogadosfm.com.br\/afogadosfm\/wp-content\/uploads\/2018\/12\/MPPE.jpg?fit=350%2C245&ssl=1","jetpack-related-posts":[],"jetpack_sharing_enabled":true,"jetpack_likes_enabled":true,"_links":{"self":[{"href":"https:\/\/afogadosfm.com.br\/afogadosfm\/wp-json\/wp\/v2\/posts\/69961","targetHints":{"allow":["GET"]}}],"collection":[{"href":"https:\/\/afogadosfm.com.br\/afogadosfm\/wp-json\/wp\/v2\/posts"}],"about":[{"href":"https:\/\/afogadosfm.com.br\/afogadosfm\/wp-json\/wp\/v2\/types\/post"}],"author":[{"embeddable":true,"href":"https:\/\/afogadosfm.com.br\/afogadosfm\/wp-json\/wp\/v2\/users\/2"}],"replies":[{"embeddable":true,"href":"https:\/\/afogadosfm.com.br\/afogadosfm\/wp-json\/wp\/v2\/comments?post=69961"}],"version-history":[{"count":1,"href":"https:\/\/afogadosfm.com.br\/afogadosfm\/wp-json\/wp\/v2\/posts\/69961\/revisions"}],"predecessor-version":[{"id":69962,"href":"https:\/\/afogadosfm.com.br\/afogadosfm\/wp-json\/wp\/v2\/posts\/69961\/revisions\/69962"}],"wp:featuredmedia":[{"embeddable":true,"href":"https:\/\/afogadosfm.com.br\/afogadosfm\/wp-json\/wp\/v2\/media\/7960"}],"wp:attachment":[{"href":"https:\/\/afogadosfm.com.br\/afogadosfm\/wp-json\/wp\/v2\/media?parent=69961"}],"wp:term":[{"taxonomy":"category","embeddable":true,"href":"https:\/\/afogadosfm.com.br\/afogadosfm\/wp-json\/wp\/v2\/categories?post=69961"},{"taxonomy":"post_tag","embeddable":true,"href":"https:\/\/afogadosfm.com.br\/afogadosfm\/wp-json\/wp\/v2\/tags?post=69961"}],"curies":[{"name":"wp","href":"https:\/\/api.w.org\/{rel}","templated":true}]}}