{"id":70100,"date":"2025-10-28T05:32:32","date_gmt":"2025-10-28T08:32:32","guid":{"rendered":"https:\/\/afogadosfm.com.br\/afogadosfm\/?p=70100"},"modified":"2025-10-28T05:32:33","modified_gmt":"2025-10-28T08:32:33","slug":"novas-regras-de-transito-para-ciclomotores-comeca-a-valer-em-2026-entenda","status":"publish","type":"post","link":"https:\/\/afogadosfm.com.br\/afogadosfm\/2025\/10\/28\/novas-regras-de-transito-para-ciclomotores-comeca-a-valer-em-2026-entenda\/","title":{"rendered":"Novas regras de tr\u00e2nsito para ciclomotores come\u00e7a a valer em 2026, entenda"},"content":{"rendered":"\n<p>Novas regras para condutores de ciclomotores &#8211; ve\u00edculos de duas ou tr\u00eas rodas com motor de at\u00e9 50 cm\u00b3 (combust\u00e3o) ou 4 kW (el\u00e9trico) e velocidade m\u00e1xima de 50 km\/h &#8211; entrar\u00e3o em vigor a partir de 2026, obrigando a popula\u00e7\u00e3o que os utiliza a se adequar at\u00e9 o dia 31 de dezembro de 2025. Embora esses ve\u00edculos contribuam para melhorar o tr\u00e2nsito, diminuir a polui\u00e7\u00e3o urbana e promover o direito \u00e0 cidade, o uso inadequado no tr\u00e2nsito, principalmente em ciclovias e ciclofaixas, tem colocado em risco pedestres e ciclistas, por exemplo.<\/p>\n\n\n\n<p>A explos\u00e3o na venda de ve\u00edculos el\u00e9tricos leves tem sido uma tend\u00eancia nas cidades brasileiras, principalmente no Sudeste do Pa\u00eds. Nos primeiros oito meses de 2025, por exemplo, a venda de ciclomotores el\u00e9tricos aumentou 32% no Brasil, e 72% apenas em S\u00e3o Paulo.<\/p>\n\n\n\n<p>Mas, a partir do dia 1\u00ba de janeiro de 2026, novas regras obrigat\u00f3rias estar\u00e3o vigorando, de acordo com a Resolu\u00e7\u00e3o 996\/2023 Contran (Conselho Nacional de Tr\u00e2nsito) para tentar colocar ordem na confus\u00e3o que tem sido verificada nas ruas de muitas cidades.<\/p>\n\n\n\n<p>As principais mudan\u00e7as ser\u00e3o a obrigatoriedade do emplacamento dos ciclomotores e a exig\u00eancia de habilita\u00e7\u00e3o para os condutores. A CNH poder\u00e1 ser na categoria A (a mesma exigida para condu\u00e7\u00e3o de motocicletas) ou a ACC (Autoriza\u00e7\u00e3o para Conduzir Ciclomotores), que \u00e9 mais simplificada e espec\u00edfica para estes ve\u00edculos.<\/p>\n\n\n\n<p>Outra mudan\u00e7a importante \u00e9 em rela\u00e7\u00e3o \u00e0s restri\u00e7\u00f5es de circula\u00e7\u00e3o. Os ciclomotores dever\u00e3o trafegar apenas por ruas com limite de velocidade de at\u00e9 40 km\/h. \u00c9 absolutamente proibido usar ciclovias, ciclofaixas, cal\u00e7adas ou vias expressas.<\/p>\n\n\n\n<p>Do JC<\/p>\n","protected":false},"excerpt":{"rendered":"<p>Novas regras para condutores de ciclomotores &#8211; ve\u00edculos de duas ou tr\u00eas rodas com motor de at\u00e9 50 cm\u00b3 (combust\u00e3o)<\/p>\n","protected":false},"author":2,"featured_media":70101,"comment_status":"open","ping_status":"open","sticky":false,"template":"","format":"standard","meta":{"jetpack_post_was_ever_published":false,"_jetpack_newsletter_access":"","_jetpack_dont_email_post_to_subs":false,"_jetpack_newsletter_tier_id":0,"_jetpack_memberships_contains_paywalled_content":false,"_jetpack_memberships_contains_paid_content":false,"footnotes":"","jetpack_publicize_message":"","jetpack_publicize_feature_enabled":true,"jetpack_social_post_already_shared":true,"jetpack_social_options":{"image_generator_settings":{"template":"highway","default_image_id":0,"font":"","enabled":false},"version":2}},"categories":[12],"tags":[],"class_list":["post-70100","post","type-post","status-publish","format-standard","has-post-thumbnail","hentry","category-brasil"],"yoast_head":"<!-- This site is optimized with the Yoast SEO plugin v27.5 - https:\/\/yoast.com\/product\/yoast-seo-wordpress\/ -->\n<title>Novas regras de tr\u00e2nsito para ciclomotores come\u00e7a a valer em 2026, entenda - Afogados FM<\/title>\n<meta name=\"robots\" content=\"index, follow, max-snippet:-1, max-image-preview:large, max-video-preview:-1\" \/>\n<link rel=\"canonical\" href=\"https:\/\/afogadosfm.com.br\/afogadosfm\/2025\/10\/28\/novas-regras-de-transito-para-ciclomotores-comeca-a-valer-em-2026-entenda\/\" \/>\n<meta property=\"og:locale\" content=\"pt_BR\" \/>\n<meta property=\"og:type\" content=\"article\" \/>\n<meta property=\"og:title\" content=\"Novas regras de tr\u00e2nsito para ciclomotores come\u00e7a a valer em 2026, entenda - Afogados FM\" \/>\n<meta property=\"og:description\" content=\"Novas regras para condutores de ciclomotores &#8211; ve\u00edculos de duas ou tr\u00eas rodas com motor de at\u00e9 50 cm\u00b3 (combust\u00e3o)\" \/>\n<meta property=\"og:url\" content=\"https:\/\/afogadosfm.com.br\/afogadosfm\/2025\/10\/28\/novas-regras-de-transito-para-ciclomotores-comeca-a-valer-em-2026-entenda\/\" \/>\n<meta property=\"og:site_name\" content=\"Afogados FM\" \/>\n<meta property=\"article:published_time\" content=\"2025-10-28T08:32:32+00:00\" \/>\n<meta property=\"article:modified_time\" content=\"2025-10-28T08:32:33+00:00\" \/>\n<meta property=\"og:image\" content=\"https:\/\/afogadosfm.com.br\/afogadosfm\/wp-content\/uploads\/2025\/10\/novas-regras-c.jpg\" \/>\n\t<meta property=\"og:image:width\" content=\"920\" \/>\n\t<meta property=\"og:image:height\" content=\"570\" \/>\n\t<meta property=\"og:image:type\" content=\"image\/jpeg\" \/>\n<meta name=\"author\" content=\"afogadosfm\" \/>\n<meta name=\"twitter:card\" content=\"summary_large_image\" \/>\n<meta name=\"twitter:label1\" content=\"Escrito por\" \/>\n\t<meta name=\"twitter:data1\" content=\"afogadosfm\" \/>\n\t<meta name=\"twitter:label2\" content=\"Est. tempo de leitura\" \/>\n\t<meta name=\"twitter:data2\" content=\"2 minutos\" \/>\n<script type=\"application\/ld+json\" class=\"yoast-schema-graph\">{\"@context\":\"https:\\\/\\\/schema.org\",\"@graph\":[{\"@type\":\"Article\",\"@id\":\"https:\\\/\\\/afogadosfm.com.br\\\/afogadosfm\\\/2025\\\/10\\\/28\\\/novas-regras-de-transito-para-ciclomotores-comeca-a-valer-em-2026-entenda\\\/#article\",\"isPartOf\":{\"@id\":\"https:\\\/\\\/afogadosfm.com.br\\\/afogadosfm\\\/2025\\\/10\\\/28\\\/novas-regras-de-transito-para-ciclomotores-comeca-a-valer-em-2026-entenda\\\/\"},\"author\":{\"name\":\"afogadosfm\",\"@id\":\"https:\\\/\\\/afogadosfm.com.br\\\/afogadosfm\\\/#\\\/schema\\\/person\\\/60e56f2cf5dc960fc093fe093d9e9057\"},\"headline\":\"Novas regras de tr\u00e2nsito para ciclomotores come\u00e7a a valer em 2026, entenda\",\"datePublished\":\"2025-10-28T08:32:32+00:00\",\"dateModified\":\"2025-10-28T08:32:33+00:00\",\"mainEntityOfPage\":{\"@id\":\"https:\\\/\\\/afogadosfm.com.br\\\/afogadosfm\\\/2025\\\/10\\\/28\\\/novas-regras-de-transito-para-ciclomotores-comeca-a-valer-em-2026-entenda\\\/\"},\"wordCount\":296,\"commentCount\":0,\"publisher\":{\"@id\":\"https:\\\/\\\/afogadosfm.com.br\\\/afogadosfm\\\/#organization\"},\"image\":{\"@id\":\"https:\\\/\\\/afogadosfm.com.br\\\/afogadosfm\\\/2025\\\/10\\\/28\\\/novas-regras-de-transito-para-ciclomotores-comeca-a-valer-em-2026-entenda\\\/#primaryimage\"},\"thumbnailUrl\":\"https:\\\/\\\/i0.wp.com\\\/afogadosfm.com.br\\\/afogadosfm\\\/wp-content\\\/uploads\\\/2025\\\/10\\\/novas-regras-c.jpg?fit=920%2C570&ssl=1\",\"articleSection\":[\"Brasil\"],\"inLanguage\":\"pt-BR\",\"potentialAction\":[{\"@type\":\"CommentAction\",\"name\":\"Comment\",\"target\":[\"https:\\\/\\\/afogadosfm.com.br\\\/afogadosfm\\\/2025\\\/10\\\/28\\\/novas-regras-de-transito-para-ciclomotores-comeca-a-valer-em-2026-entenda\\\/#respond\"]}]},{\"@type\":\"WebPage\",\"@id\":\"https:\\\/\\\/afogadosfm.com.br\\\/afogadosfm\\\/2025\\\/10\\\/28\\\/novas-regras-de-transito-para-ciclomotores-comeca-a-valer-em-2026-entenda\\\/\",\"url\":\"https:\\\/\\\/afogadosfm.com.br\\\/afogadosfm\\\/2025\\\/10\\\/28\\\/novas-regras-de-transito-para-ciclomotores-comeca-a-valer-em-2026-entenda\\\/\",\"name\":\"Novas regras de tr\u00e2nsito para ciclomotores come\u00e7a a valer em 2026, entenda - Afogados FM\",\"isPartOf\":{\"@id\":\"https:\\\/\\\/afogadosfm.com.br\\\/afogadosfm\\\/#website\"},\"primaryImageOfPage\":{\"@id\":\"https:\\\/\\\/afogadosfm.com.br\\\/afogadosfm\\\/2025\\\/10\\\/28\\\/novas-regras-de-transito-para-ciclomotores-comeca-a-valer-em-2026-entenda\\\/#primaryimage\"},\"image\":{\"@id\":\"https:\\\/\\\/afogadosfm.com.br\\\/afogadosfm\\\/2025\\\/10\\\/28\\\/novas-regras-de-transito-para-ciclomotores-comeca-a-valer-em-2026-entenda\\\/#primaryimage\"},\"thumbnailUrl\":\"https:\\\/\\\/i0.wp.com\\\/afogadosfm.com.br\\\/afogadosfm\\\/wp-content\\\/uploads\\\/2025\\\/10\\\/novas-regras-c.jpg?fit=920%2C570&ssl=1\",\"datePublished\":\"2025-10-28T08:32:32+00:00\",\"dateModified\":\"2025-10-28T08:32:33+00:00\",\"breadcrumb\":{\"@id\":\"https:\\\/\\\/afogadosfm.com.br\\\/afogadosfm\\\/2025\\\/10\\\/28\\\/novas-regras-de-transito-para-ciclomotores-comeca-a-valer-em-2026-entenda\\\/#breadcrumb\"},\"inLanguage\":\"pt-BR\",\"potentialAction\":[{\"@type\":\"ReadAction\",\"target\":[\"https:\\\/\\\/afogadosfm.com.br\\\/afogadosfm\\\/2025\\\/10\\\/28\\\/novas-regras-de-transito-para-ciclomotores-comeca-a-valer-em-2026-entenda\\\/\"]}]},{\"@type\":\"ImageObject\",\"inLanguage\":\"pt-BR\",\"@id\":\"https:\\\/\\\/afogadosfm.com.br\\\/afogadosfm\\\/2025\\\/10\\\/28\\\/novas-regras-de-transito-para-ciclomotores-comeca-a-valer-em-2026-entenda\\\/#primaryimage\",\"url\":\"https:\\\/\\\/i0.wp.com\\\/afogadosfm.com.br\\\/afogadosfm\\\/wp-content\\\/uploads\\\/2025\\\/10\\\/novas-regras-c.jpg?fit=920%2C570&ssl=1\",\"contentUrl\":\"https:\\\/\\\/i0.wp.com\\\/afogadosfm.com.br\\\/afogadosfm\\\/wp-content\\\/uploads\\\/2025\\\/10\\\/novas-regras-c.jpg?fit=920%2C570&ssl=1\",\"width\":920,\"height\":570},{\"@type\":\"BreadcrumbList\",\"@id\":\"https:\\\/\\\/afogadosfm.com.br\\\/afogadosfm\\\/2025\\\/10\\\/28\\\/novas-regras-de-transito-para-ciclomotores-comeca-a-valer-em-2026-entenda\\\/#breadcrumb\",\"itemListElement\":[{\"@type\":\"ListItem\",\"position\":1,\"name\":\"In\u00edcio\",\"item\":\"https:\\\/\\\/afogadosfm.com.br\\\/afogadosfm\\\/\"},{\"@type\":\"ListItem\",\"position\":2,\"name\":\"Novas regras de tr\u00e2nsito para ciclomotores come\u00e7a a valer em 2026, entenda\"}]},{\"@type\":\"WebSite\",\"@id\":\"https:\\\/\\\/afogadosfm.com.br\\\/afogadosfm\\\/#website\",\"url\":\"https:\\\/\\\/afogadosfm.com.br\\\/afogadosfm\\\/\",\"name\":\"Afogados FM\",\"description\":\"Um site completo!\",\"publisher\":{\"@id\":\"https:\\\/\\\/afogadosfm.com.br\\\/afogadosfm\\\/#organization\"},\"potentialAction\":[{\"@type\":\"SearchAction\",\"target\":{\"@type\":\"EntryPoint\",\"urlTemplate\":\"https:\\\/\\\/afogadosfm.com.br\\\/afogadosfm\\\/?s={search_term_string}\"},\"query-input\":{\"@type\":\"PropertyValueSpecification\",\"valueRequired\":true,\"valueName\":\"search_term_string\"}}],\"inLanguage\":\"pt-BR\"},{\"@type\":\"Organization\",\"@id\":\"https:\\\/\\\/afogadosfm.com.br\\\/afogadosfm\\\/#organization\",\"name\":\"Afogados FM\",\"url\":\"https:\\\/\\\/afogadosfm.com.br\\\/afogadosfm\\\/\",\"logo\":{\"@type\":\"ImageObject\",\"inLanguage\":\"pt-BR\",\"@id\":\"https:\\\/\\\/afogadosfm.com.br\\\/afogadosfm\\\/#\\\/schema\\\/logo\\\/image\\\/\",\"url\":\"https:\\\/\\\/i0.wp.com\\\/afogadosfm.com.br\\\/afogadosfm\\\/wp-content\\\/uploads\\\/2020\\\/06\\\/cropped-banner-afogados-4.jpg?fit=369%2C137&ssl=1\",\"contentUrl\":\"https:\\\/\\\/i0.wp.com\\\/afogadosfm.com.br\\\/afogadosfm\\\/wp-content\\\/uploads\\\/2020\\\/06\\\/cropped-banner-afogados-4.jpg?fit=369%2C137&ssl=1\",\"width\":369,\"height\":137,\"caption\":\"Afogados FM\"},\"image\":{\"@id\":\"https:\\\/\\\/afogadosfm.com.br\\\/afogadosfm\\\/#\\\/schema\\\/logo\\\/image\\\/\"}},{\"@type\":\"Person\",\"@id\":\"https:\\\/\\\/afogadosfm.com.br\\\/afogadosfm\\\/#\\\/schema\\\/person\\\/60e56f2cf5dc960fc093fe093d9e9057\",\"name\":\"afogadosfm\",\"image\":{\"@type\":\"ImageObject\",\"inLanguage\":\"pt-BR\",\"@id\":\"https:\\\/\\\/secure.gravatar.com\\\/avatar\\\/e0359add7ed5dc3560906d861b52c6a8cf5c1e199d3a7dd85070998f49bd4701?s=96&d=mm&r=g\",\"url\":\"https:\\\/\\\/secure.gravatar.com\\\/avatar\\\/e0359add7ed5dc3560906d861b52c6a8cf5c1e199d3a7dd85070998f49bd4701?s=96&d=mm&r=g\",\"contentUrl\":\"https:\\\/\\\/secure.gravatar.com\\\/avatar\\\/e0359add7ed5dc3560906d861b52c6a8cf5c1e199d3a7dd85070998f49bd4701?s=96&d=mm&r=g\",\"caption\":\"afogadosfm\"},\"url\":\"https:\\\/\\\/afogadosfm.com.br\\\/afogadosfm\\\/author\\\/afogadosfm\\\/\"}]}<\/script>\n<!-- \/ Yoast SEO plugin. -->","yoast_head_json":{"title":"Novas regras de tr\u00e2nsito para ciclomotores come\u00e7a a valer em 2026, entenda - Afogados FM","robots":{"index":"index","follow":"follow","max-snippet":"max-snippet:-1","max-image-preview":"max-image-preview:large","max-video-preview":"max-video-preview:-1"},"canonical":"https:\/\/afogadosfm.com.br\/afogadosfm\/2025\/10\/28\/novas-regras-de-transito-para-ciclomotores-comeca-a-valer-em-2026-entenda\/","og_locale":"pt_BR","og_type":"article","og_title":"Novas regras de tr\u00e2nsito para ciclomotores come\u00e7a a valer em 2026, entenda - Afogados FM","og_description":"Novas regras para condutores de ciclomotores &#8211; ve\u00edculos de duas ou tr\u00eas rodas com motor de at\u00e9 50 cm\u00b3 (combust\u00e3o)","og_url":"https:\/\/afogadosfm.com.br\/afogadosfm\/2025\/10\/28\/novas-regras-de-transito-para-ciclomotores-comeca-a-valer-em-2026-entenda\/","og_site_name":"Afogados FM","article_published_time":"2025-10-28T08:32:32+00:00","article_modified_time":"2025-10-28T08:32:33+00:00","og_image":[{"width":920,"height":570,"url":"https:\/\/afogadosfm.com.br\/afogadosfm\/wp-content\/uploads\/2025\/10\/novas-regras-c.jpg","type":"image\/jpeg"}],"author":"afogadosfm","twitter_card":"summary_large_image","twitter_misc":{"Escrito por":"afogadosfm","Est. tempo de leitura":"2 minutos"},"schema":{"@context":"https:\/\/schema.org","@graph":[{"@type":"Article","@id":"https:\/\/afogadosfm.com.br\/afogadosfm\/2025\/10\/28\/novas-regras-de-transito-para-ciclomotores-comeca-a-valer-em-2026-entenda\/#article","isPartOf":{"@id":"https:\/\/afogadosfm.com.br\/afogadosfm\/2025\/10\/28\/novas-regras-de-transito-para-ciclomotores-comeca-a-valer-em-2026-entenda\/"},"author":{"name":"afogadosfm","@id":"https:\/\/afogadosfm.com.br\/afogadosfm\/#\/schema\/person\/60e56f2cf5dc960fc093fe093d9e9057"},"headline":"Novas regras de tr\u00e2nsito para ciclomotores come\u00e7a a valer em 2026, entenda","datePublished":"2025-10-28T08:32:32+00:00","dateModified":"2025-10-28T08:32:33+00:00","mainEntityOfPage":{"@id":"https:\/\/afogadosfm.com.br\/afogadosfm\/2025\/10\/28\/novas-regras-de-transito-para-ciclomotores-comeca-a-valer-em-2026-entenda\/"},"wordCount":296,"commentCount":0,"publisher":{"@id":"https:\/\/afogadosfm.com.br\/afogadosfm\/#organization"},"image":{"@id":"https:\/\/afogadosfm.com.br\/afogadosfm\/2025\/10\/28\/novas-regras-de-transito-para-ciclomotores-comeca-a-valer-em-2026-entenda\/#primaryimage"},"thumbnailUrl":"https:\/\/i0.wp.com\/afogadosfm.com.br\/afogadosfm\/wp-content\/uploads\/2025\/10\/novas-regras-c.jpg?fit=920%2C570&ssl=1","articleSection":["Brasil"],"inLanguage":"pt-BR","potentialAction":[{"@type":"CommentAction","name":"Comment","target":["https:\/\/afogadosfm.com.br\/afogadosfm\/2025\/10\/28\/novas-regras-de-transito-para-ciclomotores-comeca-a-valer-em-2026-entenda\/#respond"]}]},{"@type":"WebPage","@id":"https:\/\/afogadosfm.com.br\/afogadosfm\/2025\/10\/28\/novas-regras-de-transito-para-ciclomotores-comeca-a-valer-em-2026-entenda\/","url":"https:\/\/afogadosfm.com.br\/afogadosfm\/2025\/10\/28\/novas-regras-de-transito-para-ciclomotores-comeca-a-valer-em-2026-entenda\/","name":"Novas regras de tr\u00e2nsito para ciclomotores come\u00e7a a valer em 2026, entenda - Afogados FM","isPartOf":{"@id":"https:\/\/afogadosfm.com.br\/afogadosfm\/#website"},"primaryImageOfPage":{"@id":"https:\/\/afogadosfm.com.br\/afogadosfm\/2025\/10\/28\/novas-regras-de-transito-para-ciclomotores-comeca-a-valer-em-2026-entenda\/#primaryimage"},"image":{"@id":"https:\/\/afogadosfm.com.br\/afogadosfm\/2025\/10\/28\/novas-regras-de-transito-para-ciclomotores-comeca-a-valer-em-2026-entenda\/#primaryimage"},"thumbnailUrl":"https:\/\/i0.wp.com\/afogadosfm.com.br\/afogadosfm\/wp-content\/uploads\/2025\/10\/novas-regras-c.jpg?fit=920%2C570&ssl=1","datePublished":"2025-10-28T08:32:32+00:00","dateModified":"2025-10-28T08:32:33+00:00","breadcrumb":{"@id":"https:\/\/afogadosfm.com.br\/afogadosfm\/2025\/10\/28\/novas-regras-de-transito-para-ciclomotores-comeca-a-valer-em-2026-entenda\/#breadcrumb"},"inLanguage":"pt-BR","potentialAction":[{"@type":"ReadAction","target":["https:\/\/afogadosfm.com.br\/afogadosfm\/2025\/10\/28\/novas-regras-de-transito-para-ciclomotores-comeca-a-valer-em-2026-entenda\/"]}]},{"@type":"ImageObject","inLanguage":"pt-BR","@id":"https:\/\/afogadosfm.com.br\/afogadosfm\/2025\/10\/28\/novas-regras-de-transito-para-ciclomotores-comeca-a-valer-em-2026-entenda\/#primaryimage","url":"https:\/\/i0.wp.com\/afogadosfm.com.br\/afogadosfm\/wp-content\/uploads\/2025\/10\/novas-regras-c.jpg?fit=920%2C570&ssl=1","contentUrl":"https:\/\/i0.wp.com\/afogadosfm.com.br\/afogadosfm\/wp-content\/uploads\/2025\/10\/novas-regras-c.jpg?fit=920%2C570&ssl=1","width":920,"height":570},{"@type":"BreadcrumbList","@id":"https:\/\/afogadosfm.com.br\/afogadosfm\/2025\/10\/28\/novas-regras-de-transito-para-ciclomotores-comeca-a-valer-em-2026-entenda\/#breadcrumb","itemListElement":[{"@type":"ListItem","position":1,"name":"In\u00edcio","item":"https:\/\/afogadosfm.com.br\/afogadosfm\/"},{"@type":"ListItem","position":2,"name":"Novas regras de tr\u00e2nsito para ciclomotores come\u00e7a a valer em 2026, entenda"}]},{"@type":"WebSite","@id":"https:\/\/afogadosfm.com.br\/afogadosfm\/#website","url":"https:\/\/afogadosfm.com.br\/afogadosfm\/","name":"Afogados FM","description":"Um site completo!","publisher":{"@id":"https:\/\/afogadosfm.com.br\/afogadosfm\/#organization"},"potentialAction":[{"@type":"SearchAction","target":{"@type":"EntryPoint","urlTemplate":"https:\/\/afogadosfm.com.br\/afogadosfm\/?s={search_term_string}"},"query-input":{"@type":"PropertyValueSpecification","valueRequired":true,"valueName":"search_term_string"}}],"inLanguage":"pt-BR"},{"@type":"Organization","@id":"https:\/\/afogadosfm.com.br\/afogadosfm\/#organization","name":"Afogados FM","url":"https:\/\/afogadosfm.com.br\/afogadosfm\/","logo":{"@type":"ImageObject","inLanguage":"pt-BR","@id":"https:\/\/afogadosfm.com.br\/afogadosfm\/#\/schema\/logo\/image\/","url":"https:\/\/i0.wp.com\/afogadosfm.com.br\/afogadosfm\/wp-content\/uploads\/2020\/06\/cropped-banner-afogados-4.jpg?fit=369%2C137&ssl=1","contentUrl":"https:\/\/i0.wp.com\/afogadosfm.com.br\/afogadosfm\/wp-content\/uploads\/2020\/06\/cropped-banner-afogados-4.jpg?fit=369%2C137&ssl=1","width":369,"height":137,"caption":"Afogados FM"},"image":{"@id":"https:\/\/afogadosfm.com.br\/afogadosfm\/#\/schema\/logo\/image\/"}},{"@type":"Person","@id":"https:\/\/afogadosfm.com.br\/afogadosfm\/#\/schema\/person\/60e56f2cf5dc960fc093fe093d9e9057","name":"afogadosfm","image":{"@type":"ImageObject","inLanguage":"pt-BR","@id":"https:\/\/secure.gravatar.com\/avatar\/e0359add7ed5dc3560906d861b52c6a8cf5c1e199d3a7dd85070998f49bd4701?s=96&d=mm&r=g","url":"https:\/\/secure.gravatar.com\/avatar\/e0359add7ed5dc3560906d861b52c6a8cf5c1e199d3a7dd85070998f49bd4701?s=96&d=mm&r=g","contentUrl":"https:\/\/secure.gravatar.com\/avatar\/e0359add7ed5dc3560906d861b52c6a8cf5c1e199d3a7dd85070998f49bd4701?s=96&d=mm&r=g","caption":"afogadosfm"},"url":"https:\/\/afogadosfm.com.br\/afogadosfm\/author\/afogadosfm\/"}]}},"jetpack_publicize_connections":[],"jetpack_featured_media_url":"https:\/\/i0.wp.com\/afogadosfm.com.br\/afogadosfm\/wp-content\/uploads\/2025\/10\/novas-regras-c.jpg?fit=920%2C570&ssl=1","jetpack-related-posts":[],"jetpack_sharing_enabled":true,"jetpack_likes_enabled":true,"_links":{"self":[{"href":"https:\/\/afogadosfm.com.br\/afogadosfm\/wp-json\/wp\/v2\/posts\/70100","targetHints":{"allow":["GET"]}}],"collection":[{"href":"https:\/\/afogadosfm.com.br\/afogadosfm\/wp-json\/wp\/v2\/posts"}],"about":[{"href":"https:\/\/afogadosfm.com.br\/afogadosfm\/wp-json\/wp\/v2\/types\/post"}],"author":[{"embeddable":true,"href":"https:\/\/afogadosfm.com.br\/afogadosfm\/wp-json\/wp\/v2\/users\/2"}],"replies":[{"embeddable":true,"href":"https:\/\/afogadosfm.com.br\/afogadosfm\/wp-json\/wp\/v2\/comments?post=70100"}],"version-history":[{"count":1,"href":"https:\/\/afogadosfm.com.br\/afogadosfm\/wp-json\/wp\/v2\/posts\/70100\/revisions"}],"predecessor-version":[{"id":70102,"href":"https:\/\/afogadosfm.com.br\/afogadosfm\/wp-json\/wp\/v2\/posts\/70100\/revisions\/70102"}],"wp:featuredmedia":[{"embeddable":true,"href":"https:\/\/afogadosfm.com.br\/afogadosfm\/wp-json\/wp\/v2\/media\/70101"}],"wp:attachment":[{"href":"https:\/\/afogadosfm.com.br\/afogadosfm\/wp-json\/wp\/v2\/media?parent=70100"}],"wp:term":[{"taxonomy":"category","embeddable":true,"href":"https:\/\/afogadosfm.com.br\/afogadosfm\/wp-json\/wp\/v2\/categories?post=70100"},{"taxonomy":"post_tag","embeddable":true,"href":"https:\/\/afogadosfm.com.br\/afogadosfm\/wp-json\/wp\/v2\/tags?post=70100"}],"curies":[{"name":"wp","href":"https:\/\/api.w.org\/{rel}","templated":true}]}}