{"id":70141,"date":"2025-10-30T04:32:52","date_gmt":"2025-10-30T07:32:52","guid":{"rendered":"https:\/\/afogadosfm.com.br\/afogadosfm\/?p=70141"},"modified":"2025-10-30T04:32:53","modified_gmt":"2025-10-30T07:32:53","slug":"o-que-e-o-muro-do-bope-falado-pelo-governo-do-rio-como-eficiente","status":"publish","type":"post","link":"https:\/\/afogadosfm.com.br\/afogadosfm\/2025\/10\/30\/o-que-e-o-muro-do-bope-falado-pelo-governo-do-rio-como-eficiente\/","title":{"rendered":"O que \u00e9 o \u201cmuro do Bope\u201d falado pelo governo do Rio como \u201ceficiente\u201d"},"content":{"rendered":"\n<p>Autoridades de seguran\u00e7a do Rio de Janeiro explicaram na quarta-feira (29) os detalhes da opera\u00e7\u00e3o realizada nos complexos do Alem\u00e3o e da Penha, que resultou em pelo menos 121 mortes \u2013 117 delas de suspeitos ligados ao tr\u00e1fico, de acordo com o governo, e quatro de agentes das pol\u00edcias Civil e Militar. Planejada ao longo de dois meses com base em intelig\u00eancia, a a\u00e7\u00e3o incluiu uma t\u00e1tica espec\u00edfica apelidada de \u201cmuro do Bope\u201d, montada na regi\u00e3o de mata pr\u00f3xima \u00e0s favelas para bloquear rotas de escape de criminosos. Al\u00e9m das v\u00edtimas fatais, houve 113 deten\u00e7\u00f5es e a apreens\u00e3o de 118 armas de fogo, configurando o que o governo estadual descreve como o golpe mais significativo j\u00e1 sofrido pelo Comando Vermelho desde sua origem, nos anos 1970.<\/p>\n\n\n\n<p>A estrat\u00e9gia central envolveu o posicionamento de diferentes unidades policiais em acessos variados \u00e0s comunidades. Enquanto batalh\u00f5es avan\u00e7avam pelas vias de entrada, for\u00e7ando os alvos em dire\u00e7\u00e3o \u00e0 \u00e1rea de vegeta\u00e7\u00e3o densa, o Batalh\u00e3o de Opera\u00e7\u00f5es Policiais Especiais (Bope) formava uma barreira humana na parte superior da Serra da Miseric\u00f3rdia, ou seja, o tal \u201cmuro do Bope\u201d. Essa linha de conten\u00e7\u00e3o visava impedir fugas e concentrar os confrontos longe de resid\u00eancias.<\/p>\n\n\n\n<p>Marcelo Menezes, secret\u00e1rio de Pol\u00edcia Militar, descreveu a manobra. \u201cInclu\u00edmos a incurs\u00e3o de tropas do Bope para a parte mais alta da Serra da Miseric\u00f3rdia criando um \u201cmuro do Bope\u201d, fazendo com que os marginais fossem empurrados para a \u00e1rea mais alta pelas outras incurs\u00f5es. Nosso objetivo principal era proteger as pessoas de bem da comunidade. A maior parte do confronto se se deu na \u00e1rea de mata, onde a nossa tropa estava disposta, e foi uma op\u00e7\u00e3o dos marginais\u201d, explicou. Ele acrescentou ainda que indiv\u00edduos que optaram por rendi\u00e7\u00e3o foram presos e que uniformes t\u00e1ticos foram removidos de alguns corpos reunidos na pra\u00e7a do Complexo da Penha.<\/p>\n\n\n\n<p>Victor Santos, secret\u00e1rio de Seguran\u00e7a P\u00fablica, refor\u00e7ou que direcionar os embates para a mata representou uma escolha deliberada para minimizar riscos a civis. \u201cOptamos por deslocar o contato com os criminosos para a \u00e1rea de mata, onde eles efetivamente se escondem e atacam os policiais. A op\u00e7\u00e3o foi feita para preservar a vida dos moradores. Tivemos um dano colateral pequeno, quatro pessoas feridas inocentes feridas, sem gravidade. N\u00e3o utilizamos aeronave para n\u00e3o expor os policiais que estavam na \u00e1rea de mata. Essa alta letalidade que se verificou durante a opera\u00e7\u00e3o, ela era previs\u00edvel, mas, obviamente, n\u00e3o era desejada\u201d. Santos alinhou-se \u00e0 declara\u00e7\u00e3o do governador Cl\u00e1udio Castro (PL) ao afirmar que as \u00fanicas fatalidades entre n\u00e3o criminosos foram os quatro policiais.<\/p>\n\n\n\n<p>Para justificar a classifica\u00e7\u00e3o das 117 v\u00edtimas como integrantes do tr\u00e1fico, o secret\u00e1rio argumentou: \u201cTodo planejamento foi feito para retirar o conflito da \u00e1rea edificada da comunidade porque l\u00e1 tem muitas pessoas inocentes. Quando retiramos isso, diminu\u00edmos a chance de ter uma pessoa inocente ou morador em uma mata fechada. At\u00e9 pelo hor\u00e1rio era dif\u00edcil ter algu\u00e9m que n\u00e3o estava a servi\u00e7o do tr\u00e1fico naquela mata fechada. Por isso, temos a base para dizer que os 117 mortos s\u00e3o criminosos. A gente n\u00e3o consegue ver o inocente com roupa camuflada ou colete bal\u00edstico\u201d.<\/p>\n\n\n\n<p>Do Forum<\/p>\n","protected":false},"excerpt":{"rendered":"<p>Autoridades de seguran\u00e7a do Rio de Janeiro explicaram na quarta-feira (29) os detalhes da opera\u00e7\u00e3o realizada nos complexos do Alem\u00e3o<\/p>\n","protected":false},"author":2,"featured_media":70111,"comment_status":"open","ping_status":"open","sticky":false,"template":"","format":"standard","meta":{"jetpack_post_was_ever_published":false,"_jetpack_newsletter_access":"","_jetpack_dont_email_post_to_subs":false,"_jetpack_newsletter_tier_id":0,"_jetpack_memberships_contains_paywalled_content":false,"_jetpack_memberships_contains_paid_content":false,"footnotes":"","jetpack_publicize_message":"","jetpack_publicize_feature_enabled":true,"jetpack_social_post_already_shared":true,"jetpack_social_options":{"image_generator_settings":{"template":"highway","default_image_id":0,"font":"","enabled":false},"version":2}},"categories":[12],"tags":[],"class_list":["post-70141","post","type-post","status-publish","format-standard","has-post-thumbnail","hentry","category-brasil"],"yoast_head":"<!-- This site is optimized with the Yoast SEO plugin v27.5 - https:\/\/yoast.com\/product\/yoast-seo-wordpress\/ -->\n<title>O que \u00e9 o \u201cmuro do Bope\u201d falado pelo governo do Rio como \u201ceficiente\u201d - Afogados FM<\/title>\n<meta name=\"robots\" content=\"index, follow, max-snippet:-1, max-image-preview:large, max-video-preview:-1\" \/>\n<link rel=\"canonical\" href=\"https:\/\/afogadosfm.com.br\/afogadosfm\/2025\/10\/30\/o-que-e-o-muro-do-bope-falado-pelo-governo-do-rio-como-eficiente\/\" \/>\n<meta property=\"og:locale\" content=\"pt_BR\" \/>\n<meta property=\"og:type\" content=\"article\" \/>\n<meta property=\"og:title\" content=\"O que \u00e9 o \u201cmuro do Bope\u201d falado pelo governo do Rio como \u201ceficiente\u201d - Afogados FM\" \/>\n<meta property=\"og:description\" content=\"Autoridades de seguran\u00e7a do Rio de Janeiro explicaram na quarta-feira (29) os detalhes da opera\u00e7\u00e3o realizada nos complexos do Alem\u00e3o\" \/>\n<meta property=\"og:url\" content=\"https:\/\/afogadosfm.com.br\/afogadosfm\/2025\/10\/30\/o-que-e-o-muro-do-bope-falado-pelo-governo-do-rio-como-eficiente\/\" \/>\n<meta property=\"og:site_name\" content=\"Afogados FM\" \/>\n<meta property=\"article:published_time\" content=\"2025-10-30T07:32:52+00:00\" \/>\n<meta property=\"article:modified_time\" content=\"2025-10-30T07:32:53+00:00\" \/>\n<meta property=\"og:image\" content=\"https:\/\/afogadosfm.com.br\/afogadosfm\/wp-content\/uploads\/2025\/10\/boperio.jpg\" \/>\n\t<meta property=\"og:image:width\" content=\"1400\" \/>\n\t<meta property=\"og:image:height\" content=\"802\" \/>\n\t<meta property=\"og:image:type\" content=\"image\/jpeg\" \/>\n<meta name=\"author\" content=\"afogadosfm\" \/>\n<meta name=\"twitter:card\" content=\"summary_large_image\" \/>\n<meta name=\"twitter:label1\" content=\"Escrito por\" \/>\n\t<meta name=\"twitter:data1\" content=\"afogadosfm\" \/>\n\t<meta name=\"twitter:label2\" content=\"Est. tempo de leitura\" \/>\n\t<meta name=\"twitter:data2\" content=\"4 minutos\" \/>\n<script type=\"application\/ld+json\" class=\"yoast-schema-graph\">{\"@context\":\"https:\\\/\\\/schema.org\",\"@graph\":[{\"@type\":\"Article\",\"@id\":\"https:\\\/\\\/afogadosfm.com.br\\\/afogadosfm\\\/2025\\\/10\\\/30\\\/o-que-e-o-muro-do-bope-falado-pelo-governo-do-rio-como-eficiente\\\/#article\",\"isPartOf\":{\"@id\":\"https:\\\/\\\/afogadosfm.com.br\\\/afogadosfm\\\/2025\\\/10\\\/30\\\/o-que-e-o-muro-do-bope-falado-pelo-governo-do-rio-como-eficiente\\\/\"},\"author\":{\"name\":\"afogadosfm\",\"@id\":\"https:\\\/\\\/afogadosfm.com.br\\\/afogadosfm\\\/#\\\/schema\\\/person\\\/60e56f2cf5dc960fc093fe093d9e9057\"},\"headline\":\"O que \u00e9 o \u201cmuro do Bope\u201d falado pelo governo do Rio como \u201ceficiente\u201d\",\"datePublished\":\"2025-10-30T07:32:52+00:00\",\"dateModified\":\"2025-10-30T07:32:53+00:00\",\"mainEntityOfPage\":{\"@id\":\"https:\\\/\\\/afogadosfm.com.br\\\/afogadosfm\\\/2025\\\/10\\\/30\\\/o-que-e-o-muro-do-bope-falado-pelo-governo-do-rio-como-eficiente\\\/\"},\"wordCount\":586,\"commentCount\":0,\"publisher\":{\"@id\":\"https:\\\/\\\/afogadosfm.com.br\\\/afogadosfm\\\/#organization\"},\"image\":{\"@id\":\"https:\\\/\\\/afogadosfm.com.br\\\/afogadosfm\\\/2025\\\/10\\\/30\\\/o-que-e-o-muro-do-bope-falado-pelo-governo-do-rio-como-eficiente\\\/#primaryimage\"},\"thumbnailUrl\":\"https:\\\/\\\/i0.wp.com\\\/afogadosfm.com.br\\\/afogadosfm\\\/wp-content\\\/uploads\\\/2025\\\/10\\\/boperio.jpg?fit=1400%2C802&ssl=1\",\"articleSection\":[\"Brasil\"],\"inLanguage\":\"pt-BR\",\"potentialAction\":[{\"@type\":\"CommentAction\",\"name\":\"Comment\",\"target\":[\"https:\\\/\\\/afogadosfm.com.br\\\/afogadosfm\\\/2025\\\/10\\\/30\\\/o-que-e-o-muro-do-bope-falado-pelo-governo-do-rio-como-eficiente\\\/#respond\"]}]},{\"@type\":\"WebPage\",\"@id\":\"https:\\\/\\\/afogadosfm.com.br\\\/afogadosfm\\\/2025\\\/10\\\/30\\\/o-que-e-o-muro-do-bope-falado-pelo-governo-do-rio-como-eficiente\\\/\",\"url\":\"https:\\\/\\\/afogadosfm.com.br\\\/afogadosfm\\\/2025\\\/10\\\/30\\\/o-que-e-o-muro-do-bope-falado-pelo-governo-do-rio-como-eficiente\\\/\",\"name\":\"O que \u00e9 o \u201cmuro do Bope\u201d falado pelo governo do Rio como \u201ceficiente\u201d - Afogados FM\",\"isPartOf\":{\"@id\":\"https:\\\/\\\/afogadosfm.com.br\\\/afogadosfm\\\/#website\"},\"primaryImageOfPage\":{\"@id\":\"https:\\\/\\\/afogadosfm.com.br\\\/afogadosfm\\\/2025\\\/10\\\/30\\\/o-que-e-o-muro-do-bope-falado-pelo-governo-do-rio-como-eficiente\\\/#primaryimage\"},\"image\":{\"@id\":\"https:\\\/\\\/afogadosfm.com.br\\\/afogadosfm\\\/2025\\\/10\\\/30\\\/o-que-e-o-muro-do-bope-falado-pelo-governo-do-rio-como-eficiente\\\/#primaryimage\"},\"thumbnailUrl\":\"https:\\\/\\\/i0.wp.com\\\/afogadosfm.com.br\\\/afogadosfm\\\/wp-content\\\/uploads\\\/2025\\\/10\\\/boperio.jpg?fit=1400%2C802&ssl=1\",\"datePublished\":\"2025-10-30T07:32:52+00:00\",\"dateModified\":\"2025-10-30T07:32:53+00:00\",\"breadcrumb\":{\"@id\":\"https:\\\/\\\/afogadosfm.com.br\\\/afogadosfm\\\/2025\\\/10\\\/30\\\/o-que-e-o-muro-do-bope-falado-pelo-governo-do-rio-como-eficiente\\\/#breadcrumb\"},\"inLanguage\":\"pt-BR\",\"potentialAction\":[{\"@type\":\"ReadAction\",\"target\":[\"https:\\\/\\\/afogadosfm.com.br\\\/afogadosfm\\\/2025\\\/10\\\/30\\\/o-que-e-o-muro-do-bope-falado-pelo-governo-do-rio-como-eficiente\\\/\"]}]},{\"@type\":\"ImageObject\",\"inLanguage\":\"pt-BR\",\"@id\":\"https:\\\/\\\/afogadosfm.com.br\\\/afogadosfm\\\/2025\\\/10\\\/30\\\/o-que-e-o-muro-do-bope-falado-pelo-governo-do-rio-como-eficiente\\\/#primaryimage\",\"url\":\"https:\\\/\\\/i0.wp.com\\\/afogadosfm.com.br\\\/afogadosfm\\\/wp-content\\\/uploads\\\/2025\\\/10\\\/boperio.jpg?fit=1400%2C802&ssl=1\",\"contentUrl\":\"https:\\\/\\\/i0.wp.com\\\/afogadosfm.com.br\\\/afogadosfm\\\/wp-content\\\/uploads\\\/2025\\\/10\\\/boperio.jpg?fit=1400%2C802&ssl=1\",\"width\":1400,\"height\":802},{\"@type\":\"BreadcrumbList\",\"@id\":\"https:\\\/\\\/afogadosfm.com.br\\\/afogadosfm\\\/2025\\\/10\\\/30\\\/o-que-e-o-muro-do-bope-falado-pelo-governo-do-rio-como-eficiente\\\/#breadcrumb\",\"itemListElement\":[{\"@type\":\"ListItem\",\"position\":1,\"name\":\"In\u00edcio\",\"item\":\"https:\\\/\\\/afogadosfm.com.br\\\/afogadosfm\\\/\"},{\"@type\":\"ListItem\",\"position\":2,\"name\":\"O que \u00e9 o \u201cmuro do Bope\u201d falado pelo governo do Rio como \u201ceficiente\u201d\"}]},{\"@type\":\"WebSite\",\"@id\":\"https:\\\/\\\/afogadosfm.com.br\\\/afogadosfm\\\/#website\",\"url\":\"https:\\\/\\\/afogadosfm.com.br\\\/afogadosfm\\\/\",\"name\":\"Afogados FM\",\"description\":\"Um site completo!\",\"publisher\":{\"@id\":\"https:\\\/\\\/afogadosfm.com.br\\\/afogadosfm\\\/#organization\"},\"potentialAction\":[{\"@type\":\"SearchAction\",\"target\":{\"@type\":\"EntryPoint\",\"urlTemplate\":\"https:\\\/\\\/afogadosfm.com.br\\\/afogadosfm\\\/?s={search_term_string}\"},\"query-input\":{\"@type\":\"PropertyValueSpecification\",\"valueRequired\":true,\"valueName\":\"search_term_string\"}}],\"inLanguage\":\"pt-BR\"},{\"@type\":\"Organization\",\"@id\":\"https:\\\/\\\/afogadosfm.com.br\\\/afogadosfm\\\/#organization\",\"name\":\"Afogados FM\",\"url\":\"https:\\\/\\\/afogadosfm.com.br\\\/afogadosfm\\\/\",\"logo\":{\"@type\":\"ImageObject\",\"inLanguage\":\"pt-BR\",\"@id\":\"https:\\\/\\\/afogadosfm.com.br\\\/afogadosfm\\\/#\\\/schema\\\/logo\\\/image\\\/\",\"url\":\"https:\\\/\\\/i0.wp.com\\\/afogadosfm.com.br\\\/afogadosfm\\\/wp-content\\\/uploads\\\/2020\\\/06\\\/cropped-banner-afogados-4.jpg?fit=369%2C137&ssl=1\",\"contentUrl\":\"https:\\\/\\\/i0.wp.com\\\/afogadosfm.com.br\\\/afogadosfm\\\/wp-content\\\/uploads\\\/2020\\\/06\\\/cropped-banner-afogados-4.jpg?fit=369%2C137&ssl=1\",\"width\":369,\"height\":137,\"caption\":\"Afogados FM\"},\"image\":{\"@id\":\"https:\\\/\\\/afogadosfm.com.br\\\/afogadosfm\\\/#\\\/schema\\\/logo\\\/image\\\/\"}},{\"@type\":\"Person\",\"@id\":\"https:\\\/\\\/afogadosfm.com.br\\\/afogadosfm\\\/#\\\/schema\\\/person\\\/60e56f2cf5dc960fc093fe093d9e9057\",\"name\":\"afogadosfm\",\"image\":{\"@type\":\"ImageObject\",\"inLanguage\":\"pt-BR\",\"@id\":\"https:\\\/\\\/secure.gravatar.com\\\/avatar\\\/e0359add7ed5dc3560906d861b52c6a8cf5c1e199d3a7dd85070998f49bd4701?s=96&d=mm&r=g\",\"url\":\"https:\\\/\\\/secure.gravatar.com\\\/avatar\\\/e0359add7ed5dc3560906d861b52c6a8cf5c1e199d3a7dd85070998f49bd4701?s=96&d=mm&r=g\",\"contentUrl\":\"https:\\\/\\\/secure.gravatar.com\\\/avatar\\\/e0359add7ed5dc3560906d861b52c6a8cf5c1e199d3a7dd85070998f49bd4701?s=96&d=mm&r=g\",\"caption\":\"afogadosfm\"},\"url\":\"https:\\\/\\\/afogadosfm.com.br\\\/afogadosfm\\\/author\\\/afogadosfm\\\/\"}]}<\/script>\n<!-- \/ Yoast SEO plugin. -->","yoast_head_json":{"title":"O que \u00e9 o \u201cmuro do Bope\u201d falado pelo governo do Rio como \u201ceficiente\u201d - Afogados FM","robots":{"index":"index","follow":"follow","max-snippet":"max-snippet:-1","max-image-preview":"max-image-preview:large","max-video-preview":"max-video-preview:-1"},"canonical":"https:\/\/afogadosfm.com.br\/afogadosfm\/2025\/10\/30\/o-que-e-o-muro-do-bope-falado-pelo-governo-do-rio-como-eficiente\/","og_locale":"pt_BR","og_type":"article","og_title":"O que \u00e9 o \u201cmuro do Bope\u201d falado pelo governo do Rio como \u201ceficiente\u201d - Afogados FM","og_description":"Autoridades de seguran\u00e7a do Rio de Janeiro explicaram na quarta-feira (29) os detalhes da opera\u00e7\u00e3o realizada nos complexos do Alem\u00e3o","og_url":"https:\/\/afogadosfm.com.br\/afogadosfm\/2025\/10\/30\/o-que-e-o-muro-do-bope-falado-pelo-governo-do-rio-como-eficiente\/","og_site_name":"Afogados FM","article_published_time":"2025-10-30T07:32:52+00:00","article_modified_time":"2025-10-30T07:32:53+00:00","og_image":[{"width":1400,"height":802,"url":"https:\/\/afogadosfm.com.br\/afogadosfm\/wp-content\/uploads\/2025\/10\/boperio.jpg","type":"image\/jpeg"}],"author":"afogadosfm","twitter_card":"summary_large_image","twitter_misc":{"Escrito por":"afogadosfm","Est. tempo de leitura":"4 minutos"},"schema":{"@context":"https:\/\/schema.org","@graph":[{"@type":"Article","@id":"https:\/\/afogadosfm.com.br\/afogadosfm\/2025\/10\/30\/o-que-e-o-muro-do-bope-falado-pelo-governo-do-rio-como-eficiente\/#article","isPartOf":{"@id":"https:\/\/afogadosfm.com.br\/afogadosfm\/2025\/10\/30\/o-que-e-o-muro-do-bope-falado-pelo-governo-do-rio-como-eficiente\/"},"author":{"name":"afogadosfm","@id":"https:\/\/afogadosfm.com.br\/afogadosfm\/#\/schema\/person\/60e56f2cf5dc960fc093fe093d9e9057"},"headline":"O que \u00e9 o \u201cmuro do Bope\u201d falado pelo governo do Rio como \u201ceficiente\u201d","datePublished":"2025-10-30T07:32:52+00:00","dateModified":"2025-10-30T07:32:53+00:00","mainEntityOfPage":{"@id":"https:\/\/afogadosfm.com.br\/afogadosfm\/2025\/10\/30\/o-que-e-o-muro-do-bope-falado-pelo-governo-do-rio-como-eficiente\/"},"wordCount":586,"commentCount":0,"publisher":{"@id":"https:\/\/afogadosfm.com.br\/afogadosfm\/#organization"},"image":{"@id":"https:\/\/afogadosfm.com.br\/afogadosfm\/2025\/10\/30\/o-que-e-o-muro-do-bope-falado-pelo-governo-do-rio-como-eficiente\/#primaryimage"},"thumbnailUrl":"https:\/\/i0.wp.com\/afogadosfm.com.br\/afogadosfm\/wp-content\/uploads\/2025\/10\/boperio.jpg?fit=1400%2C802&ssl=1","articleSection":["Brasil"],"inLanguage":"pt-BR","potentialAction":[{"@type":"CommentAction","name":"Comment","target":["https:\/\/afogadosfm.com.br\/afogadosfm\/2025\/10\/30\/o-que-e-o-muro-do-bope-falado-pelo-governo-do-rio-como-eficiente\/#respond"]}]},{"@type":"WebPage","@id":"https:\/\/afogadosfm.com.br\/afogadosfm\/2025\/10\/30\/o-que-e-o-muro-do-bope-falado-pelo-governo-do-rio-como-eficiente\/","url":"https:\/\/afogadosfm.com.br\/afogadosfm\/2025\/10\/30\/o-que-e-o-muro-do-bope-falado-pelo-governo-do-rio-como-eficiente\/","name":"O que \u00e9 o \u201cmuro do Bope\u201d falado pelo governo do Rio como \u201ceficiente\u201d - Afogados FM","isPartOf":{"@id":"https:\/\/afogadosfm.com.br\/afogadosfm\/#website"},"primaryImageOfPage":{"@id":"https:\/\/afogadosfm.com.br\/afogadosfm\/2025\/10\/30\/o-que-e-o-muro-do-bope-falado-pelo-governo-do-rio-como-eficiente\/#primaryimage"},"image":{"@id":"https:\/\/afogadosfm.com.br\/afogadosfm\/2025\/10\/30\/o-que-e-o-muro-do-bope-falado-pelo-governo-do-rio-como-eficiente\/#primaryimage"},"thumbnailUrl":"https:\/\/i0.wp.com\/afogadosfm.com.br\/afogadosfm\/wp-content\/uploads\/2025\/10\/boperio.jpg?fit=1400%2C802&ssl=1","datePublished":"2025-10-30T07:32:52+00:00","dateModified":"2025-10-30T07:32:53+00:00","breadcrumb":{"@id":"https:\/\/afogadosfm.com.br\/afogadosfm\/2025\/10\/30\/o-que-e-o-muro-do-bope-falado-pelo-governo-do-rio-como-eficiente\/#breadcrumb"},"inLanguage":"pt-BR","potentialAction":[{"@type":"ReadAction","target":["https:\/\/afogadosfm.com.br\/afogadosfm\/2025\/10\/30\/o-que-e-o-muro-do-bope-falado-pelo-governo-do-rio-como-eficiente\/"]}]},{"@type":"ImageObject","inLanguage":"pt-BR","@id":"https:\/\/afogadosfm.com.br\/afogadosfm\/2025\/10\/30\/o-que-e-o-muro-do-bope-falado-pelo-governo-do-rio-como-eficiente\/#primaryimage","url":"https:\/\/i0.wp.com\/afogadosfm.com.br\/afogadosfm\/wp-content\/uploads\/2025\/10\/boperio.jpg?fit=1400%2C802&ssl=1","contentUrl":"https:\/\/i0.wp.com\/afogadosfm.com.br\/afogadosfm\/wp-content\/uploads\/2025\/10\/boperio.jpg?fit=1400%2C802&ssl=1","width":1400,"height":802},{"@type":"BreadcrumbList","@id":"https:\/\/afogadosfm.com.br\/afogadosfm\/2025\/10\/30\/o-que-e-o-muro-do-bope-falado-pelo-governo-do-rio-como-eficiente\/#breadcrumb","itemListElement":[{"@type":"ListItem","position":1,"name":"In\u00edcio","item":"https:\/\/afogadosfm.com.br\/afogadosfm\/"},{"@type":"ListItem","position":2,"name":"O que \u00e9 o \u201cmuro do Bope\u201d falado pelo governo do Rio como \u201ceficiente\u201d"}]},{"@type":"WebSite","@id":"https:\/\/afogadosfm.com.br\/afogadosfm\/#website","url":"https:\/\/afogadosfm.com.br\/afogadosfm\/","name":"Afogados FM","description":"Um site completo!","publisher":{"@id":"https:\/\/afogadosfm.com.br\/afogadosfm\/#organization"},"potentialAction":[{"@type":"SearchAction","target":{"@type":"EntryPoint","urlTemplate":"https:\/\/afogadosfm.com.br\/afogadosfm\/?s={search_term_string}"},"query-input":{"@type":"PropertyValueSpecification","valueRequired":true,"valueName":"search_term_string"}}],"inLanguage":"pt-BR"},{"@type":"Organization","@id":"https:\/\/afogadosfm.com.br\/afogadosfm\/#organization","name":"Afogados FM","url":"https:\/\/afogadosfm.com.br\/afogadosfm\/","logo":{"@type":"ImageObject","inLanguage":"pt-BR","@id":"https:\/\/afogadosfm.com.br\/afogadosfm\/#\/schema\/logo\/image\/","url":"https:\/\/i0.wp.com\/afogadosfm.com.br\/afogadosfm\/wp-content\/uploads\/2020\/06\/cropped-banner-afogados-4.jpg?fit=369%2C137&ssl=1","contentUrl":"https:\/\/i0.wp.com\/afogadosfm.com.br\/afogadosfm\/wp-content\/uploads\/2020\/06\/cropped-banner-afogados-4.jpg?fit=369%2C137&ssl=1","width":369,"height":137,"caption":"Afogados FM"},"image":{"@id":"https:\/\/afogadosfm.com.br\/afogadosfm\/#\/schema\/logo\/image\/"}},{"@type":"Person","@id":"https:\/\/afogadosfm.com.br\/afogadosfm\/#\/schema\/person\/60e56f2cf5dc960fc093fe093d9e9057","name":"afogadosfm","image":{"@type":"ImageObject","inLanguage":"pt-BR","@id":"https:\/\/secure.gravatar.com\/avatar\/e0359add7ed5dc3560906d861b52c6a8cf5c1e199d3a7dd85070998f49bd4701?s=96&d=mm&r=g","url":"https:\/\/secure.gravatar.com\/avatar\/e0359add7ed5dc3560906d861b52c6a8cf5c1e199d3a7dd85070998f49bd4701?s=96&d=mm&r=g","contentUrl":"https:\/\/secure.gravatar.com\/avatar\/e0359add7ed5dc3560906d861b52c6a8cf5c1e199d3a7dd85070998f49bd4701?s=96&d=mm&r=g","caption":"afogadosfm"},"url":"https:\/\/afogadosfm.com.br\/afogadosfm\/author\/afogadosfm\/"}]}},"jetpack_publicize_connections":[],"jetpack_featured_media_url":"https:\/\/i0.wp.com\/afogadosfm.com.br\/afogadosfm\/wp-content\/uploads\/2025\/10\/boperio.jpg?fit=1400%2C802&ssl=1","jetpack-related-posts":[],"jetpack_sharing_enabled":true,"jetpack_likes_enabled":true,"_links":{"self":[{"href":"https:\/\/afogadosfm.com.br\/afogadosfm\/wp-json\/wp\/v2\/posts\/70141","targetHints":{"allow":["GET"]}}],"collection":[{"href":"https:\/\/afogadosfm.com.br\/afogadosfm\/wp-json\/wp\/v2\/posts"}],"about":[{"href":"https:\/\/afogadosfm.com.br\/afogadosfm\/wp-json\/wp\/v2\/types\/post"}],"author":[{"embeddable":true,"href":"https:\/\/afogadosfm.com.br\/afogadosfm\/wp-json\/wp\/v2\/users\/2"}],"replies":[{"embeddable":true,"href":"https:\/\/afogadosfm.com.br\/afogadosfm\/wp-json\/wp\/v2\/comments?post=70141"}],"version-history":[{"count":1,"href":"https:\/\/afogadosfm.com.br\/afogadosfm\/wp-json\/wp\/v2\/posts\/70141\/revisions"}],"predecessor-version":[{"id":70142,"href":"https:\/\/afogadosfm.com.br\/afogadosfm\/wp-json\/wp\/v2\/posts\/70141\/revisions\/70142"}],"wp:featuredmedia":[{"embeddable":true,"href":"https:\/\/afogadosfm.com.br\/afogadosfm\/wp-json\/wp\/v2\/media\/70111"}],"wp:attachment":[{"href":"https:\/\/afogadosfm.com.br\/afogadosfm\/wp-json\/wp\/v2\/media?parent=70141"}],"wp:term":[{"taxonomy":"category","embeddable":true,"href":"https:\/\/afogadosfm.com.br\/afogadosfm\/wp-json\/wp\/v2\/categories?post=70141"},{"taxonomy":"post_tag","embeddable":true,"href":"https:\/\/afogadosfm.com.br\/afogadosfm\/wp-json\/wp\/v2\/tags?post=70141"}],"curies":[{"name":"wp","href":"https:\/\/api.w.org\/{rel}","templated":true}]}}