{"id":70147,"date":"2025-10-30T04:41:03","date_gmt":"2025-10-30T07:41:03","guid":{"rendered":"https:\/\/afogadosfm.com.br\/afogadosfm\/?p=70147"},"modified":"2025-10-30T04:41:04","modified_gmt":"2025-10-30T07:41:04","slug":"furto-de-agua-compesa-recupera-20-da-vazao-da-adutora-do-pajeu","status":"publish","type":"post","link":"https:\/\/afogadosfm.com.br\/afogadosfm\/2025\/10\/30\/furto-de-agua-compesa-recupera-20-da-vazao-da-adutora-do-pajeu\/","title":{"rendered":"Furto de \u00e1gua: Compesa recupera 20% da vaz\u00e3o da Adutora do Paje\u00fa"},"content":{"rendered":"\n<p>A Companhia Pernambucana de Saneamento (Compesa), com apoio da Secretaria de Defesa Social (SDS), realiza uma grande opera\u00e7\u00e3o de combate a liga\u00e7\u00f5es clandestinas no Sistema Adutor do Paje\u00fa, em Serra Talhada, no Sert\u00e3o do Estado. A a\u00e7\u00e3o, que teve in\u00edcio nesta semana, j\u00e1 apresenta resultados expressivos.<\/p>\n\n\n\n<p>Nos primeiros quatro dias de fiscaliza\u00e7\u00e3o, as equipes percorreram cerca de 26 quil\u00f4metros da adutora e identificaram 47 liga\u00e7\u00f5es clandestinas, todas devidamente removidas. Durante as a\u00e7\u00f5es, foram apreendidos aproximadamente seis quil\u00f4metros de tubula\u00e7\u00f5es irregulares e registrada a pris\u00e3o em flagrante de um respons\u00e1vel por furto de \u00e1gua, conduzido \u00e0 Delegacia de Pol\u00edcia local.<\/p>\n\n\n\n<p>Com a opera\u00e7\u00e3o, a Compesa conseguiu recuperar cerca de 30 litros por segundo de vaz\u00e3o, o que representa um aumento de 20% no volume transportado pelo sistema. Esse ganho \u00e9 suficiente para garantir abastecimento de \u00e1gua a mais de 16 mil pessoas por dia, contribuindo para maior regularidade na distribui\u00e7\u00e3o em Serra Talhada \u2014 especialmente em um per\u00edodo de altas temperaturas e consumo elevado.<\/p>\n\n\n\n<p>A Companhia destaca que o resultado reflete o impacto positivo da a\u00e7\u00e3o, mas alerta que a manuten\u00e7\u00e3o dessa melhora depende do comprometimento da popula\u00e7\u00e3o em evitar novas irregularidades. Caso as liga\u00e7\u00f5es clandestinas voltem a ocorrer, a vaz\u00e3o poder\u00e1 cair novamente, comprometendo o abastecimento da cidade.<\/p>\n\n\n\n<p>Al\u00e9m da pris\u00e3o em flagrante, todos os casos identificados est\u00e3o sendo formalizados por meio de boletins de ocorr\u00eancia, para que as responsabilidades sejam apuradas e as medidas legais cab\u00edveis aplicadas.<\/p>\n\n\n\n<p>A Compesa refor\u00e7a que o combate ao furto de \u00e1gua \u00e9 uma iniciativa permanente e essencial para garantir a integridade dos sistemas de abastecimento e assegurar que a \u00e1gua chegue de forma justa e regular a todos os pernambucanos.<\/p>\n","protected":false},"excerpt":{"rendered":"<p>A Companhia Pernambucana de Saneamento (Compesa), com apoio da Secretaria de Defesa Social (SDS), realiza uma grande opera\u00e7\u00e3o de combate<\/p>\n","protected":false},"author":2,"featured_media":1028,"comment_status":"open","ping_status":"open","sticky":false,"template":"","format":"standard","meta":{"jetpack_post_was_ever_published":false,"_jetpack_newsletter_access":"","_jetpack_dont_email_post_to_subs":false,"_jetpack_newsletter_tier_id":0,"_jetpack_memberships_contains_paywalled_content":false,"_jetpack_memberships_contains_paid_content":false,"footnotes":"","jetpack_publicize_message":"","jetpack_publicize_feature_enabled":true,"jetpack_social_post_already_shared":true,"jetpack_social_options":{"image_generator_settings":{"template":"highway","default_image_id":0,"font":"","enabled":false},"version":2}},"categories":[32],"tags":[],"class_list":["post-70147","post","type-post","status-publish","format-standard","has-post-thumbnail","hentry","category-sertao"],"yoast_head":"<!-- This site is optimized with the Yoast SEO plugin v27.5 - https:\/\/yoast.com\/product\/yoast-seo-wordpress\/ -->\n<title>Furto de \u00e1gua: Compesa recupera 20% da vaz\u00e3o da Adutora do Paje\u00fa - Afogados FM<\/title>\n<meta name=\"robots\" content=\"index, follow, max-snippet:-1, max-image-preview:large, max-video-preview:-1\" \/>\n<link rel=\"canonical\" href=\"https:\/\/afogadosfm.com.br\/afogadosfm\/2025\/10\/30\/furto-de-agua-compesa-recupera-20-da-vazao-da-adutora-do-pajeu\/\" \/>\n<meta property=\"og:locale\" content=\"pt_BR\" \/>\n<meta property=\"og:type\" content=\"article\" \/>\n<meta property=\"og:title\" content=\"Furto de \u00e1gua: Compesa recupera 20% da vaz\u00e3o da Adutora do Paje\u00fa - Afogados FM\" \/>\n<meta property=\"og:description\" content=\"A Companhia Pernambucana de Saneamento (Compesa), com apoio da Secretaria de Defesa Social (SDS), realiza uma grande opera\u00e7\u00e3o de combate\" \/>\n<meta property=\"og:url\" content=\"https:\/\/afogadosfm.com.br\/afogadosfm\/2025\/10\/30\/furto-de-agua-compesa-recupera-20-da-vazao-da-adutora-do-pajeu\/\" \/>\n<meta property=\"og:site_name\" content=\"Afogados FM\" \/>\n<meta property=\"article:published_time\" content=\"2025-10-30T07:41:03+00:00\" \/>\n<meta property=\"article:modified_time\" content=\"2025-10-30T07:41:04+00:00\" \/>\n<meta property=\"og:image\" content=\"https:\/\/afogadosfm.com.br\/afogadosfm\/wp-content\/uploads\/2017\/11\/adutora.jpg\" \/>\n\t<meta property=\"og:image:width\" content=\"299\" \/>\n\t<meta property=\"og:image:height\" content=\"169\" \/>\n\t<meta property=\"og:image:type\" content=\"image\/jpeg\" \/>\n<meta name=\"author\" content=\"afogadosfm\" \/>\n<meta name=\"twitter:card\" content=\"summary_large_image\" \/>\n<meta name=\"twitter:label1\" content=\"Escrito por\" \/>\n\t<meta name=\"twitter:data1\" content=\"afogadosfm\" \/>\n\t<meta name=\"twitter:label2\" content=\"Est. tempo de leitura\" \/>\n\t<meta name=\"twitter:data2\" content=\"2 minutos\" \/>\n<script type=\"application\/ld+json\" class=\"yoast-schema-graph\">{\"@context\":\"https:\\\/\\\/schema.org\",\"@graph\":[{\"@type\":\"Article\",\"@id\":\"https:\\\/\\\/afogadosfm.com.br\\\/afogadosfm\\\/2025\\\/10\\\/30\\\/furto-de-agua-compesa-recupera-20-da-vazao-da-adutora-do-pajeu\\\/#article\",\"isPartOf\":{\"@id\":\"https:\\\/\\\/afogadosfm.com.br\\\/afogadosfm\\\/2025\\\/10\\\/30\\\/furto-de-agua-compesa-recupera-20-da-vazao-da-adutora-do-pajeu\\\/\"},\"author\":{\"name\":\"afogadosfm\",\"@id\":\"https:\\\/\\\/afogadosfm.com.br\\\/afogadosfm\\\/#\\\/schema\\\/person\\\/60e56f2cf5dc960fc093fe093d9e9057\"},\"headline\":\"Furto de \u00e1gua: Compesa recupera 20% da vaz\u00e3o da Adutora do Paje\u00fa\",\"datePublished\":\"2025-10-30T07:41:03+00:00\",\"dateModified\":\"2025-10-30T07:41:04+00:00\",\"mainEntityOfPage\":{\"@id\":\"https:\\\/\\\/afogadosfm.com.br\\\/afogadosfm\\\/2025\\\/10\\\/30\\\/furto-de-agua-compesa-recupera-20-da-vazao-da-adutora-do-pajeu\\\/\"},\"wordCount\":309,\"commentCount\":0,\"publisher\":{\"@id\":\"https:\\\/\\\/afogadosfm.com.br\\\/afogadosfm\\\/#organization\"},\"image\":{\"@id\":\"https:\\\/\\\/afogadosfm.com.br\\\/afogadosfm\\\/2025\\\/10\\\/30\\\/furto-de-agua-compesa-recupera-20-da-vazao-da-adutora-do-pajeu\\\/#primaryimage\"},\"thumbnailUrl\":\"https:\\\/\\\/i0.wp.com\\\/afogadosfm.com.br\\\/afogadosfm\\\/wp-content\\\/uploads\\\/2017\\\/11\\\/adutora.jpg?fit=299%2C169&ssl=1\",\"articleSection\":[\"Sert\u00e3o\"],\"inLanguage\":\"pt-BR\",\"potentialAction\":[{\"@type\":\"CommentAction\",\"name\":\"Comment\",\"target\":[\"https:\\\/\\\/afogadosfm.com.br\\\/afogadosfm\\\/2025\\\/10\\\/30\\\/furto-de-agua-compesa-recupera-20-da-vazao-da-adutora-do-pajeu\\\/#respond\"]}]},{\"@type\":\"WebPage\",\"@id\":\"https:\\\/\\\/afogadosfm.com.br\\\/afogadosfm\\\/2025\\\/10\\\/30\\\/furto-de-agua-compesa-recupera-20-da-vazao-da-adutora-do-pajeu\\\/\",\"url\":\"https:\\\/\\\/afogadosfm.com.br\\\/afogadosfm\\\/2025\\\/10\\\/30\\\/furto-de-agua-compesa-recupera-20-da-vazao-da-adutora-do-pajeu\\\/\",\"name\":\"Furto de \u00e1gua: Compesa recupera 20% da vaz\u00e3o da Adutora do Paje\u00fa - Afogados FM\",\"isPartOf\":{\"@id\":\"https:\\\/\\\/afogadosfm.com.br\\\/afogadosfm\\\/#website\"},\"primaryImageOfPage\":{\"@id\":\"https:\\\/\\\/afogadosfm.com.br\\\/afogadosfm\\\/2025\\\/10\\\/30\\\/furto-de-agua-compesa-recupera-20-da-vazao-da-adutora-do-pajeu\\\/#primaryimage\"},\"image\":{\"@id\":\"https:\\\/\\\/afogadosfm.com.br\\\/afogadosfm\\\/2025\\\/10\\\/30\\\/furto-de-agua-compesa-recupera-20-da-vazao-da-adutora-do-pajeu\\\/#primaryimage\"},\"thumbnailUrl\":\"https:\\\/\\\/i0.wp.com\\\/afogadosfm.com.br\\\/afogadosfm\\\/wp-content\\\/uploads\\\/2017\\\/11\\\/adutora.jpg?fit=299%2C169&ssl=1\",\"datePublished\":\"2025-10-30T07:41:03+00:00\",\"dateModified\":\"2025-10-30T07:41:04+00:00\",\"breadcrumb\":{\"@id\":\"https:\\\/\\\/afogadosfm.com.br\\\/afogadosfm\\\/2025\\\/10\\\/30\\\/furto-de-agua-compesa-recupera-20-da-vazao-da-adutora-do-pajeu\\\/#breadcrumb\"},\"inLanguage\":\"pt-BR\",\"potentialAction\":[{\"@type\":\"ReadAction\",\"target\":[\"https:\\\/\\\/afogadosfm.com.br\\\/afogadosfm\\\/2025\\\/10\\\/30\\\/furto-de-agua-compesa-recupera-20-da-vazao-da-adutora-do-pajeu\\\/\"]}]},{\"@type\":\"ImageObject\",\"inLanguage\":\"pt-BR\",\"@id\":\"https:\\\/\\\/afogadosfm.com.br\\\/afogadosfm\\\/2025\\\/10\\\/30\\\/furto-de-agua-compesa-recupera-20-da-vazao-da-adutora-do-pajeu\\\/#primaryimage\",\"url\":\"https:\\\/\\\/i0.wp.com\\\/afogadosfm.com.br\\\/afogadosfm\\\/wp-content\\\/uploads\\\/2017\\\/11\\\/adutora.jpg?fit=299%2C169&ssl=1\",\"contentUrl\":\"https:\\\/\\\/i0.wp.com\\\/afogadosfm.com.br\\\/afogadosfm\\\/wp-content\\\/uploads\\\/2017\\\/11\\\/adutora.jpg?fit=299%2C169&ssl=1\",\"width\":299,\"height\":169},{\"@type\":\"BreadcrumbList\",\"@id\":\"https:\\\/\\\/afogadosfm.com.br\\\/afogadosfm\\\/2025\\\/10\\\/30\\\/furto-de-agua-compesa-recupera-20-da-vazao-da-adutora-do-pajeu\\\/#breadcrumb\",\"itemListElement\":[{\"@type\":\"ListItem\",\"position\":1,\"name\":\"In\u00edcio\",\"item\":\"https:\\\/\\\/afogadosfm.com.br\\\/afogadosfm\\\/\"},{\"@type\":\"ListItem\",\"position\":2,\"name\":\"Furto de \u00e1gua: Compesa recupera 20% da vaz\u00e3o da Adutora do Paje\u00fa\"}]},{\"@type\":\"WebSite\",\"@id\":\"https:\\\/\\\/afogadosfm.com.br\\\/afogadosfm\\\/#website\",\"url\":\"https:\\\/\\\/afogadosfm.com.br\\\/afogadosfm\\\/\",\"name\":\"Afogados FM\",\"description\":\"Um site completo!\",\"publisher\":{\"@id\":\"https:\\\/\\\/afogadosfm.com.br\\\/afogadosfm\\\/#organization\"},\"potentialAction\":[{\"@type\":\"SearchAction\",\"target\":{\"@type\":\"EntryPoint\",\"urlTemplate\":\"https:\\\/\\\/afogadosfm.com.br\\\/afogadosfm\\\/?s={search_term_string}\"},\"query-input\":{\"@type\":\"PropertyValueSpecification\",\"valueRequired\":true,\"valueName\":\"search_term_string\"}}],\"inLanguage\":\"pt-BR\"},{\"@type\":\"Organization\",\"@id\":\"https:\\\/\\\/afogadosfm.com.br\\\/afogadosfm\\\/#organization\",\"name\":\"Afogados FM\",\"url\":\"https:\\\/\\\/afogadosfm.com.br\\\/afogadosfm\\\/\",\"logo\":{\"@type\":\"ImageObject\",\"inLanguage\":\"pt-BR\",\"@id\":\"https:\\\/\\\/afogadosfm.com.br\\\/afogadosfm\\\/#\\\/schema\\\/logo\\\/image\\\/\",\"url\":\"https:\\\/\\\/i0.wp.com\\\/afogadosfm.com.br\\\/afogadosfm\\\/wp-content\\\/uploads\\\/2020\\\/06\\\/cropped-banner-afogados-4.jpg?fit=369%2C137&ssl=1\",\"contentUrl\":\"https:\\\/\\\/i0.wp.com\\\/afogadosfm.com.br\\\/afogadosfm\\\/wp-content\\\/uploads\\\/2020\\\/06\\\/cropped-banner-afogados-4.jpg?fit=369%2C137&ssl=1\",\"width\":369,\"height\":137,\"caption\":\"Afogados FM\"},\"image\":{\"@id\":\"https:\\\/\\\/afogadosfm.com.br\\\/afogadosfm\\\/#\\\/schema\\\/logo\\\/image\\\/\"}},{\"@type\":\"Person\",\"@id\":\"https:\\\/\\\/afogadosfm.com.br\\\/afogadosfm\\\/#\\\/schema\\\/person\\\/60e56f2cf5dc960fc093fe093d9e9057\",\"name\":\"afogadosfm\",\"image\":{\"@type\":\"ImageObject\",\"inLanguage\":\"pt-BR\",\"@id\":\"https:\\\/\\\/secure.gravatar.com\\\/avatar\\\/e0359add7ed5dc3560906d861b52c6a8cf5c1e199d3a7dd85070998f49bd4701?s=96&d=mm&r=g\",\"url\":\"https:\\\/\\\/secure.gravatar.com\\\/avatar\\\/e0359add7ed5dc3560906d861b52c6a8cf5c1e199d3a7dd85070998f49bd4701?s=96&d=mm&r=g\",\"contentUrl\":\"https:\\\/\\\/secure.gravatar.com\\\/avatar\\\/e0359add7ed5dc3560906d861b52c6a8cf5c1e199d3a7dd85070998f49bd4701?s=96&d=mm&r=g\",\"caption\":\"afogadosfm\"},\"url\":\"https:\\\/\\\/afogadosfm.com.br\\\/afogadosfm\\\/author\\\/afogadosfm\\\/\"}]}<\/script>\n<!-- \/ Yoast SEO plugin. -->","yoast_head_json":{"title":"Furto de \u00e1gua: Compesa recupera 20% da vaz\u00e3o da Adutora do Paje\u00fa - Afogados FM","robots":{"index":"index","follow":"follow","max-snippet":"max-snippet:-1","max-image-preview":"max-image-preview:large","max-video-preview":"max-video-preview:-1"},"canonical":"https:\/\/afogadosfm.com.br\/afogadosfm\/2025\/10\/30\/furto-de-agua-compesa-recupera-20-da-vazao-da-adutora-do-pajeu\/","og_locale":"pt_BR","og_type":"article","og_title":"Furto de \u00e1gua: Compesa recupera 20% da vaz\u00e3o da Adutora do Paje\u00fa - Afogados FM","og_description":"A Companhia Pernambucana de Saneamento (Compesa), com apoio da Secretaria de Defesa Social (SDS), realiza uma grande opera\u00e7\u00e3o de combate","og_url":"https:\/\/afogadosfm.com.br\/afogadosfm\/2025\/10\/30\/furto-de-agua-compesa-recupera-20-da-vazao-da-adutora-do-pajeu\/","og_site_name":"Afogados FM","article_published_time":"2025-10-30T07:41:03+00:00","article_modified_time":"2025-10-30T07:41:04+00:00","og_image":[{"width":299,"height":169,"url":"https:\/\/afogadosfm.com.br\/afogadosfm\/wp-content\/uploads\/2017\/11\/adutora.jpg","type":"image\/jpeg"}],"author":"afogadosfm","twitter_card":"summary_large_image","twitter_misc":{"Escrito por":"afogadosfm","Est. tempo de leitura":"2 minutos"},"schema":{"@context":"https:\/\/schema.org","@graph":[{"@type":"Article","@id":"https:\/\/afogadosfm.com.br\/afogadosfm\/2025\/10\/30\/furto-de-agua-compesa-recupera-20-da-vazao-da-adutora-do-pajeu\/#article","isPartOf":{"@id":"https:\/\/afogadosfm.com.br\/afogadosfm\/2025\/10\/30\/furto-de-agua-compesa-recupera-20-da-vazao-da-adutora-do-pajeu\/"},"author":{"name":"afogadosfm","@id":"https:\/\/afogadosfm.com.br\/afogadosfm\/#\/schema\/person\/60e56f2cf5dc960fc093fe093d9e9057"},"headline":"Furto de \u00e1gua: Compesa recupera 20% da vaz\u00e3o da Adutora do Paje\u00fa","datePublished":"2025-10-30T07:41:03+00:00","dateModified":"2025-10-30T07:41:04+00:00","mainEntityOfPage":{"@id":"https:\/\/afogadosfm.com.br\/afogadosfm\/2025\/10\/30\/furto-de-agua-compesa-recupera-20-da-vazao-da-adutora-do-pajeu\/"},"wordCount":309,"commentCount":0,"publisher":{"@id":"https:\/\/afogadosfm.com.br\/afogadosfm\/#organization"},"image":{"@id":"https:\/\/afogadosfm.com.br\/afogadosfm\/2025\/10\/30\/furto-de-agua-compesa-recupera-20-da-vazao-da-adutora-do-pajeu\/#primaryimage"},"thumbnailUrl":"https:\/\/i0.wp.com\/afogadosfm.com.br\/afogadosfm\/wp-content\/uploads\/2017\/11\/adutora.jpg?fit=299%2C169&ssl=1","articleSection":["Sert\u00e3o"],"inLanguage":"pt-BR","potentialAction":[{"@type":"CommentAction","name":"Comment","target":["https:\/\/afogadosfm.com.br\/afogadosfm\/2025\/10\/30\/furto-de-agua-compesa-recupera-20-da-vazao-da-adutora-do-pajeu\/#respond"]}]},{"@type":"WebPage","@id":"https:\/\/afogadosfm.com.br\/afogadosfm\/2025\/10\/30\/furto-de-agua-compesa-recupera-20-da-vazao-da-adutora-do-pajeu\/","url":"https:\/\/afogadosfm.com.br\/afogadosfm\/2025\/10\/30\/furto-de-agua-compesa-recupera-20-da-vazao-da-adutora-do-pajeu\/","name":"Furto de \u00e1gua: Compesa recupera 20% da vaz\u00e3o da Adutora do Paje\u00fa - Afogados FM","isPartOf":{"@id":"https:\/\/afogadosfm.com.br\/afogadosfm\/#website"},"primaryImageOfPage":{"@id":"https:\/\/afogadosfm.com.br\/afogadosfm\/2025\/10\/30\/furto-de-agua-compesa-recupera-20-da-vazao-da-adutora-do-pajeu\/#primaryimage"},"image":{"@id":"https:\/\/afogadosfm.com.br\/afogadosfm\/2025\/10\/30\/furto-de-agua-compesa-recupera-20-da-vazao-da-adutora-do-pajeu\/#primaryimage"},"thumbnailUrl":"https:\/\/i0.wp.com\/afogadosfm.com.br\/afogadosfm\/wp-content\/uploads\/2017\/11\/adutora.jpg?fit=299%2C169&ssl=1","datePublished":"2025-10-30T07:41:03+00:00","dateModified":"2025-10-30T07:41:04+00:00","breadcrumb":{"@id":"https:\/\/afogadosfm.com.br\/afogadosfm\/2025\/10\/30\/furto-de-agua-compesa-recupera-20-da-vazao-da-adutora-do-pajeu\/#breadcrumb"},"inLanguage":"pt-BR","potentialAction":[{"@type":"ReadAction","target":["https:\/\/afogadosfm.com.br\/afogadosfm\/2025\/10\/30\/furto-de-agua-compesa-recupera-20-da-vazao-da-adutora-do-pajeu\/"]}]},{"@type":"ImageObject","inLanguage":"pt-BR","@id":"https:\/\/afogadosfm.com.br\/afogadosfm\/2025\/10\/30\/furto-de-agua-compesa-recupera-20-da-vazao-da-adutora-do-pajeu\/#primaryimage","url":"https:\/\/i0.wp.com\/afogadosfm.com.br\/afogadosfm\/wp-content\/uploads\/2017\/11\/adutora.jpg?fit=299%2C169&ssl=1","contentUrl":"https:\/\/i0.wp.com\/afogadosfm.com.br\/afogadosfm\/wp-content\/uploads\/2017\/11\/adutora.jpg?fit=299%2C169&ssl=1","width":299,"height":169},{"@type":"BreadcrumbList","@id":"https:\/\/afogadosfm.com.br\/afogadosfm\/2025\/10\/30\/furto-de-agua-compesa-recupera-20-da-vazao-da-adutora-do-pajeu\/#breadcrumb","itemListElement":[{"@type":"ListItem","position":1,"name":"In\u00edcio","item":"https:\/\/afogadosfm.com.br\/afogadosfm\/"},{"@type":"ListItem","position":2,"name":"Furto de \u00e1gua: Compesa recupera 20% da vaz\u00e3o da Adutora do Paje\u00fa"}]},{"@type":"WebSite","@id":"https:\/\/afogadosfm.com.br\/afogadosfm\/#website","url":"https:\/\/afogadosfm.com.br\/afogadosfm\/","name":"Afogados FM","description":"Um site completo!","publisher":{"@id":"https:\/\/afogadosfm.com.br\/afogadosfm\/#organization"},"potentialAction":[{"@type":"SearchAction","target":{"@type":"EntryPoint","urlTemplate":"https:\/\/afogadosfm.com.br\/afogadosfm\/?s={search_term_string}"},"query-input":{"@type":"PropertyValueSpecification","valueRequired":true,"valueName":"search_term_string"}}],"inLanguage":"pt-BR"},{"@type":"Organization","@id":"https:\/\/afogadosfm.com.br\/afogadosfm\/#organization","name":"Afogados FM","url":"https:\/\/afogadosfm.com.br\/afogadosfm\/","logo":{"@type":"ImageObject","inLanguage":"pt-BR","@id":"https:\/\/afogadosfm.com.br\/afogadosfm\/#\/schema\/logo\/image\/","url":"https:\/\/i0.wp.com\/afogadosfm.com.br\/afogadosfm\/wp-content\/uploads\/2020\/06\/cropped-banner-afogados-4.jpg?fit=369%2C137&ssl=1","contentUrl":"https:\/\/i0.wp.com\/afogadosfm.com.br\/afogadosfm\/wp-content\/uploads\/2020\/06\/cropped-banner-afogados-4.jpg?fit=369%2C137&ssl=1","width":369,"height":137,"caption":"Afogados FM"},"image":{"@id":"https:\/\/afogadosfm.com.br\/afogadosfm\/#\/schema\/logo\/image\/"}},{"@type":"Person","@id":"https:\/\/afogadosfm.com.br\/afogadosfm\/#\/schema\/person\/60e56f2cf5dc960fc093fe093d9e9057","name":"afogadosfm","image":{"@type":"ImageObject","inLanguage":"pt-BR","@id":"https:\/\/secure.gravatar.com\/avatar\/e0359add7ed5dc3560906d861b52c6a8cf5c1e199d3a7dd85070998f49bd4701?s=96&d=mm&r=g","url":"https:\/\/secure.gravatar.com\/avatar\/e0359add7ed5dc3560906d861b52c6a8cf5c1e199d3a7dd85070998f49bd4701?s=96&d=mm&r=g","contentUrl":"https:\/\/secure.gravatar.com\/avatar\/e0359add7ed5dc3560906d861b52c6a8cf5c1e199d3a7dd85070998f49bd4701?s=96&d=mm&r=g","caption":"afogadosfm"},"url":"https:\/\/afogadosfm.com.br\/afogadosfm\/author\/afogadosfm\/"}]}},"jetpack_publicize_connections":[],"jetpack_featured_media_url":"https:\/\/i0.wp.com\/afogadosfm.com.br\/afogadosfm\/wp-content\/uploads\/2017\/11\/adutora.jpg?fit=299%2C169&ssl=1","jetpack-related-posts":[],"jetpack_sharing_enabled":true,"jetpack_likes_enabled":true,"_links":{"self":[{"href":"https:\/\/afogadosfm.com.br\/afogadosfm\/wp-json\/wp\/v2\/posts\/70147","targetHints":{"allow":["GET"]}}],"collection":[{"href":"https:\/\/afogadosfm.com.br\/afogadosfm\/wp-json\/wp\/v2\/posts"}],"about":[{"href":"https:\/\/afogadosfm.com.br\/afogadosfm\/wp-json\/wp\/v2\/types\/post"}],"author":[{"embeddable":true,"href":"https:\/\/afogadosfm.com.br\/afogadosfm\/wp-json\/wp\/v2\/users\/2"}],"replies":[{"embeddable":true,"href":"https:\/\/afogadosfm.com.br\/afogadosfm\/wp-json\/wp\/v2\/comments?post=70147"}],"version-history":[{"count":1,"href":"https:\/\/afogadosfm.com.br\/afogadosfm\/wp-json\/wp\/v2\/posts\/70147\/revisions"}],"predecessor-version":[{"id":70148,"href":"https:\/\/afogadosfm.com.br\/afogadosfm\/wp-json\/wp\/v2\/posts\/70147\/revisions\/70148"}],"wp:featuredmedia":[{"embeddable":true,"href":"https:\/\/afogadosfm.com.br\/afogadosfm\/wp-json\/wp\/v2\/media\/1028"}],"wp:attachment":[{"href":"https:\/\/afogadosfm.com.br\/afogadosfm\/wp-json\/wp\/v2\/media?parent=70147"}],"wp:term":[{"taxonomy":"category","embeddable":true,"href":"https:\/\/afogadosfm.com.br\/afogadosfm\/wp-json\/wp\/v2\/categories?post=70147"},{"taxonomy":"post_tag","embeddable":true,"href":"https:\/\/afogadosfm.com.br\/afogadosfm\/wp-json\/wp\/v2\/tags?post=70147"}],"curies":[{"name":"wp","href":"https:\/\/api.w.org\/{rel}","templated":true}]}}