{"id":70151,"date":"2025-10-30T04:46:10","date_gmt":"2025-10-30T07:46:10","guid":{"rendered":"https:\/\/afogadosfm.com.br\/afogadosfm\/?p=70151"},"modified":"2025-10-30T04:46:12","modified_gmt":"2025-10-30T07:46:12","slug":"dom-helder-camara-e-incluido-no-livro-dos-herois-e-heroinas-do-brasil","status":"publish","type":"post","link":"https:\/\/afogadosfm.com.br\/afogadosfm\/2025\/10\/30\/dom-helder-camara-e-incluido-no-livro-dos-herois-e-heroinas-do-brasil\/","title":{"rendered":"Dom H\u00e9lder C\u00e2mara \u00e9 inclu\u00eddo no livro dos Her\u00f3is e Hero\u00ednas do Brasil"},"content":{"rendered":"\n<p>O nome de Dom H\u00e9lder C\u00e2mara, arcebispo em\u00e9rito de Olinda e Recife, passou a integrar o Livro dos Her\u00f3is e Hero\u00ednas da P\u00e1tria. O reconhecimento foi oficializado por meio da Lei 15.242, sancionada pelo presidente em exerc\u00edcio, Geraldo Alckmin (PSB), e publicada no Di\u00e1rio Oficial da Uni\u00e3o. A homenagem, proposta pelo senador pernambucano Fernando Dueire (MDB), inclui o religioso entre as personalidades que contribu\u00edram de forma significativa para a hist\u00f3ria e os valores do Brasil.<\/p>\n\n\n\n<p>Criado em 1992, o Livro dos Her\u00f3is e Hero\u00ednas da P\u00e1tria \u00e9 formado por p\u00e1ginas de a\u00e7o que re\u00fanem nomes e biografias de figuras not\u00e1veis, exposto no Pante\u00e3o da P\u00e1tria, em Bras\u00edlia. Dom H\u00e9lder, nascido em Fortaleza em 1909, viveu grande parte da vida em Pernambuco, onde liderou a Igreja Cat\u00f3lica entre 1964 e 1985. Reconhecido como s\u00edmbolo da luta pelos direitos humanos e pela justi\u00e7a social, o arcebispo deixou um legado de f\u00e9 e compromisso com os mais pobres.<\/p>\n\n\n\n<p>Al\u00e9m de sua atua\u00e7\u00e3o religiosa, Dom H\u00e9lder tamb\u00e9m foi escritor e poeta, com um acervo de mais de 220 mil p\u00e1ginas de textos, cartas e poesias, hoje tombado pelo governo de Pernambuco. Indicado ao Pr\u00eamio Nobel da Paz em 1990 pela campanha \u201cAno 2000 Sem Mis\u00e9ria\u201d, o religioso faleceu em 1999, no Recife, e est\u00e1 sepultado na Catedral da S\u00e9, em Olinda. Seu processo de beatifica\u00e7\u00e3o, aberto em 2015, refor\u00e7a o reconhecimento de sua trajet\u00f3ria como um dos maiores humanistas da hist\u00f3ria brasileira.<\/p>\n\n\n\n<p>Da CBN<\/p>\n","protected":false},"excerpt":{"rendered":"<p>O nome de Dom H\u00e9lder C\u00e2mara, arcebispo em\u00e9rito de Olinda e Recife, passou a integrar o Livro dos Her\u00f3is e<\/p>\n","protected":false},"author":2,"featured_media":30245,"comment_status":"open","ping_status":"open","sticky":false,"template":"","format":"standard","meta":{"jetpack_post_was_ever_published":false,"_jetpack_newsletter_access":"","_jetpack_dont_email_post_to_subs":false,"_jetpack_newsletter_tier_id":0,"_jetpack_memberships_contains_paywalled_content":false,"_jetpack_memberships_contains_paid_content":false,"footnotes":"","jetpack_publicize_message":"","jetpack_publicize_feature_enabled":true,"jetpack_social_post_already_shared":true,"jetpack_social_options":{"image_generator_settings":{"template":"highway","default_image_id":0,"font":"","enabled":false},"version":2}},"categories":[12],"tags":[],"class_list":["post-70151","post","type-post","status-publish","format-standard","has-post-thumbnail","hentry","category-brasil"],"yoast_head":"<!-- This site is optimized with the Yoast SEO plugin v27.5 - https:\/\/yoast.com\/product\/yoast-seo-wordpress\/ -->\n<title>Dom H\u00e9lder C\u00e2mara \u00e9 inclu\u00eddo no livro dos Her\u00f3is e Hero\u00ednas do Brasil - Afogados FM<\/title>\n<meta name=\"robots\" content=\"index, follow, max-snippet:-1, max-image-preview:large, max-video-preview:-1\" \/>\n<link rel=\"canonical\" href=\"https:\/\/afogadosfm.com.br\/afogadosfm\/2025\/10\/30\/dom-helder-camara-e-incluido-no-livro-dos-herois-e-heroinas-do-brasil\/\" \/>\n<meta property=\"og:locale\" content=\"pt_BR\" \/>\n<meta property=\"og:type\" content=\"article\" \/>\n<meta property=\"og:title\" content=\"Dom H\u00e9lder C\u00e2mara \u00e9 inclu\u00eddo no livro dos Her\u00f3is e Hero\u00ednas do Brasil - Afogados FM\" \/>\n<meta property=\"og:description\" content=\"O nome de Dom H\u00e9lder C\u00e2mara, arcebispo em\u00e9rito de Olinda e Recife, passou a integrar o Livro dos Her\u00f3is e\" \/>\n<meta property=\"og:url\" content=\"https:\/\/afogadosfm.com.br\/afogadosfm\/2025\/10\/30\/dom-helder-camara-e-incluido-no-livro-dos-herois-e-heroinas-do-brasil\/\" \/>\n<meta property=\"og:site_name\" content=\"Afogados FM\" \/>\n<meta property=\"article:published_time\" content=\"2025-10-30T07:46:10+00:00\" \/>\n<meta property=\"article:modified_time\" content=\"2025-10-30T07:46:12+00:00\" \/>\n<meta property=\"og:image\" content=\"https:\/\/afogadosfm.com.br\/afogadosfm\/wp-content\/uploads\/2021\/08\/domhelder.jpg\" \/>\n\t<meta property=\"og:image:width\" content=\"234\" \/>\n\t<meta property=\"og:image:height\" content=\"215\" \/>\n\t<meta property=\"og:image:type\" content=\"image\/jpeg\" \/>\n<meta name=\"author\" content=\"afogadosfm\" \/>\n<meta name=\"twitter:card\" content=\"summary_large_image\" \/>\n<meta name=\"twitter:label1\" content=\"Escrito por\" \/>\n\t<meta name=\"twitter:data1\" content=\"afogadosfm\" \/>\n\t<meta name=\"twitter:label2\" content=\"Est. tempo de leitura\" \/>\n\t<meta name=\"twitter:data2\" content=\"2 minutos\" \/>\n<script type=\"application\/ld+json\" class=\"yoast-schema-graph\">{\"@context\":\"https:\\\/\\\/schema.org\",\"@graph\":[{\"@type\":\"Article\",\"@id\":\"https:\\\/\\\/afogadosfm.com.br\\\/afogadosfm\\\/2025\\\/10\\\/30\\\/dom-helder-camara-e-incluido-no-livro-dos-herois-e-heroinas-do-brasil\\\/#article\",\"isPartOf\":{\"@id\":\"https:\\\/\\\/afogadosfm.com.br\\\/afogadosfm\\\/2025\\\/10\\\/30\\\/dom-helder-camara-e-incluido-no-livro-dos-herois-e-heroinas-do-brasil\\\/\"},\"author\":{\"name\":\"afogadosfm\",\"@id\":\"https:\\\/\\\/afogadosfm.com.br\\\/afogadosfm\\\/#\\\/schema\\\/person\\\/60e56f2cf5dc960fc093fe093d9e9057\"},\"headline\":\"Dom H\u00e9lder C\u00e2mara \u00e9 inclu\u00eddo no livro dos Her\u00f3is e Hero\u00ednas do Brasil\",\"datePublished\":\"2025-10-30T07:46:10+00:00\",\"dateModified\":\"2025-10-30T07:46:12+00:00\",\"mainEntityOfPage\":{\"@id\":\"https:\\\/\\\/afogadosfm.com.br\\\/afogadosfm\\\/2025\\\/10\\\/30\\\/dom-helder-camara-e-incluido-no-livro-dos-herois-e-heroinas-do-brasil\\\/\"},\"wordCount\":282,\"commentCount\":0,\"publisher\":{\"@id\":\"https:\\\/\\\/afogadosfm.com.br\\\/afogadosfm\\\/#organization\"},\"image\":{\"@id\":\"https:\\\/\\\/afogadosfm.com.br\\\/afogadosfm\\\/2025\\\/10\\\/30\\\/dom-helder-camara-e-incluido-no-livro-dos-herois-e-heroinas-do-brasil\\\/#primaryimage\"},\"thumbnailUrl\":\"https:\\\/\\\/i0.wp.com\\\/afogadosfm.com.br\\\/afogadosfm\\\/wp-content\\\/uploads\\\/2021\\\/08\\\/domhelder.jpg?fit=234%2C215&ssl=1\",\"articleSection\":[\"Brasil\"],\"inLanguage\":\"pt-BR\",\"potentialAction\":[{\"@type\":\"CommentAction\",\"name\":\"Comment\",\"target\":[\"https:\\\/\\\/afogadosfm.com.br\\\/afogadosfm\\\/2025\\\/10\\\/30\\\/dom-helder-camara-e-incluido-no-livro-dos-herois-e-heroinas-do-brasil\\\/#respond\"]}]},{\"@type\":\"WebPage\",\"@id\":\"https:\\\/\\\/afogadosfm.com.br\\\/afogadosfm\\\/2025\\\/10\\\/30\\\/dom-helder-camara-e-incluido-no-livro-dos-herois-e-heroinas-do-brasil\\\/\",\"url\":\"https:\\\/\\\/afogadosfm.com.br\\\/afogadosfm\\\/2025\\\/10\\\/30\\\/dom-helder-camara-e-incluido-no-livro-dos-herois-e-heroinas-do-brasil\\\/\",\"name\":\"Dom H\u00e9lder C\u00e2mara \u00e9 inclu\u00eddo no livro dos Her\u00f3is e Hero\u00ednas do Brasil - Afogados FM\",\"isPartOf\":{\"@id\":\"https:\\\/\\\/afogadosfm.com.br\\\/afogadosfm\\\/#website\"},\"primaryImageOfPage\":{\"@id\":\"https:\\\/\\\/afogadosfm.com.br\\\/afogadosfm\\\/2025\\\/10\\\/30\\\/dom-helder-camara-e-incluido-no-livro-dos-herois-e-heroinas-do-brasil\\\/#primaryimage\"},\"image\":{\"@id\":\"https:\\\/\\\/afogadosfm.com.br\\\/afogadosfm\\\/2025\\\/10\\\/30\\\/dom-helder-camara-e-incluido-no-livro-dos-herois-e-heroinas-do-brasil\\\/#primaryimage\"},\"thumbnailUrl\":\"https:\\\/\\\/i0.wp.com\\\/afogadosfm.com.br\\\/afogadosfm\\\/wp-content\\\/uploads\\\/2021\\\/08\\\/domhelder.jpg?fit=234%2C215&ssl=1\",\"datePublished\":\"2025-10-30T07:46:10+00:00\",\"dateModified\":\"2025-10-30T07:46:12+00:00\",\"breadcrumb\":{\"@id\":\"https:\\\/\\\/afogadosfm.com.br\\\/afogadosfm\\\/2025\\\/10\\\/30\\\/dom-helder-camara-e-incluido-no-livro-dos-herois-e-heroinas-do-brasil\\\/#breadcrumb\"},\"inLanguage\":\"pt-BR\",\"potentialAction\":[{\"@type\":\"ReadAction\",\"target\":[\"https:\\\/\\\/afogadosfm.com.br\\\/afogadosfm\\\/2025\\\/10\\\/30\\\/dom-helder-camara-e-incluido-no-livro-dos-herois-e-heroinas-do-brasil\\\/\"]}]},{\"@type\":\"ImageObject\",\"inLanguage\":\"pt-BR\",\"@id\":\"https:\\\/\\\/afogadosfm.com.br\\\/afogadosfm\\\/2025\\\/10\\\/30\\\/dom-helder-camara-e-incluido-no-livro-dos-herois-e-heroinas-do-brasil\\\/#primaryimage\",\"url\":\"https:\\\/\\\/i0.wp.com\\\/afogadosfm.com.br\\\/afogadosfm\\\/wp-content\\\/uploads\\\/2021\\\/08\\\/domhelder.jpg?fit=234%2C215&ssl=1\",\"contentUrl\":\"https:\\\/\\\/i0.wp.com\\\/afogadosfm.com.br\\\/afogadosfm\\\/wp-content\\\/uploads\\\/2021\\\/08\\\/domhelder.jpg?fit=234%2C215&ssl=1\",\"width\":234,\"height\":215},{\"@type\":\"BreadcrumbList\",\"@id\":\"https:\\\/\\\/afogadosfm.com.br\\\/afogadosfm\\\/2025\\\/10\\\/30\\\/dom-helder-camara-e-incluido-no-livro-dos-herois-e-heroinas-do-brasil\\\/#breadcrumb\",\"itemListElement\":[{\"@type\":\"ListItem\",\"position\":1,\"name\":\"In\u00edcio\",\"item\":\"https:\\\/\\\/afogadosfm.com.br\\\/afogadosfm\\\/\"},{\"@type\":\"ListItem\",\"position\":2,\"name\":\"Dom H\u00e9lder C\u00e2mara \u00e9 inclu\u00eddo no livro dos Her\u00f3is e Hero\u00ednas do Brasil\"}]},{\"@type\":\"WebSite\",\"@id\":\"https:\\\/\\\/afogadosfm.com.br\\\/afogadosfm\\\/#website\",\"url\":\"https:\\\/\\\/afogadosfm.com.br\\\/afogadosfm\\\/\",\"name\":\"Afogados FM\",\"description\":\"Um site completo!\",\"publisher\":{\"@id\":\"https:\\\/\\\/afogadosfm.com.br\\\/afogadosfm\\\/#organization\"},\"potentialAction\":[{\"@type\":\"SearchAction\",\"target\":{\"@type\":\"EntryPoint\",\"urlTemplate\":\"https:\\\/\\\/afogadosfm.com.br\\\/afogadosfm\\\/?s={search_term_string}\"},\"query-input\":{\"@type\":\"PropertyValueSpecification\",\"valueRequired\":true,\"valueName\":\"search_term_string\"}}],\"inLanguage\":\"pt-BR\"},{\"@type\":\"Organization\",\"@id\":\"https:\\\/\\\/afogadosfm.com.br\\\/afogadosfm\\\/#organization\",\"name\":\"Afogados FM\",\"url\":\"https:\\\/\\\/afogadosfm.com.br\\\/afogadosfm\\\/\",\"logo\":{\"@type\":\"ImageObject\",\"inLanguage\":\"pt-BR\",\"@id\":\"https:\\\/\\\/afogadosfm.com.br\\\/afogadosfm\\\/#\\\/schema\\\/logo\\\/image\\\/\",\"url\":\"https:\\\/\\\/i0.wp.com\\\/afogadosfm.com.br\\\/afogadosfm\\\/wp-content\\\/uploads\\\/2020\\\/06\\\/cropped-banner-afogados-4.jpg?fit=369%2C137&ssl=1\",\"contentUrl\":\"https:\\\/\\\/i0.wp.com\\\/afogadosfm.com.br\\\/afogadosfm\\\/wp-content\\\/uploads\\\/2020\\\/06\\\/cropped-banner-afogados-4.jpg?fit=369%2C137&ssl=1\",\"width\":369,\"height\":137,\"caption\":\"Afogados FM\"},\"image\":{\"@id\":\"https:\\\/\\\/afogadosfm.com.br\\\/afogadosfm\\\/#\\\/schema\\\/logo\\\/image\\\/\"}},{\"@type\":\"Person\",\"@id\":\"https:\\\/\\\/afogadosfm.com.br\\\/afogadosfm\\\/#\\\/schema\\\/person\\\/60e56f2cf5dc960fc093fe093d9e9057\",\"name\":\"afogadosfm\",\"image\":{\"@type\":\"ImageObject\",\"inLanguage\":\"pt-BR\",\"@id\":\"https:\\\/\\\/secure.gravatar.com\\\/avatar\\\/e0359add7ed5dc3560906d861b52c6a8cf5c1e199d3a7dd85070998f49bd4701?s=96&d=mm&r=g\",\"url\":\"https:\\\/\\\/secure.gravatar.com\\\/avatar\\\/e0359add7ed5dc3560906d861b52c6a8cf5c1e199d3a7dd85070998f49bd4701?s=96&d=mm&r=g\",\"contentUrl\":\"https:\\\/\\\/secure.gravatar.com\\\/avatar\\\/e0359add7ed5dc3560906d861b52c6a8cf5c1e199d3a7dd85070998f49bd4701?s=96&d=mm&r=g\",\"caption\":\"afogadosfm\"},\"url\":\"https:\\\/\\\/afogadosfm.com.br\\\/afogadosfm\\\/author\\\/afogadosfm\\\/\"}]}<\/script>\n<!-- \/ Yoast SEO plugin. -->","yoast_head_json":{"title":"Dom H\u00e9lder C\u00e2mara \u00e9 inclu\u00eddo no livro dos Her\u00f3is e Hero\u00ednas do Brasil - Afogados FM","robots":{"index":"index","follow":"follow","max-snippet":"max-snippet:-1","max-image-preview":"max-image-preview:large","max-video-preview":"max-video-preview:-1"},"canonical":"https:\/\/afogadosfm.com.br\/afogadosfm\/2025\/10\/30\/dom-helder-camara-e-incluido-no-livro-dos-herois-e-heroinas-do-brasil\/","og_locale":"pt_BR","og_type":"article","og_title":"Dom H\u00e9lder C\u00e2mara \u00e9 inclu\u00eddo no livro dos Her\u00f3is e Hero\u00ednas do Brasil - Afogados FM","og_description":"O nome de Dom H\u00e9lder C\u00e2mara, arcebispo em\u00e9rito de Olinda e Recife, passou a integrar o Livro dos Her\u00f3is e","og_url":"https:\/\/afogadosfm.com.br\/afogadosfm\/2025\/10\/30\/dom-helder-camara-e-incluido-no-livro-dos-herois-e-heroinas-do-brasil\/","og_site_name":"Afogados FM","article_published_time":"2025-10-30T07:46:10+00:00","article_modified_time":"2025-10-30T07:46:12+00:00","og_image":[{"width":234,"height":215,"url":"https:\/\/afogadosfm.com.br\/afogadosfm\/wp-content\/uploads\/2021\/08\/domhelder.jpg","type":"image\/jpeg"}],"author":"afogadosfm","twitter_card":"summary_large_image","twitter_misc":{"Escrito por":"afogadosfm","Est. tempo de leitura":"2 minutos"},"schema":{"@context":"https:\/\/schema.org","@graph":[{"@type":"Article","@id":"https:\/\/afogadosfm.com.br\/afogadosfm\/2025\/10\/30\/dom-helder-camara-e-incluido-no-livro-dos-herois-e-heroinas-do-brasil\/#article","isPartOf":{"@id":"https:\/\/afogadosfm.com.br\/afogadosfm\/2025\/10\/30\/dom-helder-camara-e-incluido-no-livro-dos-herois-e-heroinas-do-brasil\/"},"author":{"name":"afogadosfm","@id":"https:\/\/afogadosfm.com.br\/afogadosfm\/#\/schema\/person\/60e56f2cf5dc960fc093fe093d9e9057"},"headline":"Dom H\u00e9lder C\u00e2mara \u00e9 inclu\u00eddo no livro dos Her\u00f3is e Hero\u00ednas do Brasil","datePublished":"2025-10-30T07:46:10+00:00","dateModified":"2025-10-30T07:46:12+00:00","mainEntityOfPage":{"@id":"https:\/\/afogadosfm.com.br\/afogadosfm\/2025\/10\/30\/dom-helder-camara-e-incluido-no-livro-dos-herois-e-heroinas-do-brasil\/"},"wordCount":282,"commentCount":0,"publisher":{"@id":"https:\/\/afogadosfm.com.br\/afogadosfm\/#organization"},"image":{"@id":"https:\/\/afogadosfm.com.br\/afogadosfm\/2025\/10\/30\/dom-helder-camara-e-incluido-no-livro-dos-herois-e-heroinas-do-brasil\/#primaryimage"},"thumbnailUrl":"https:\/\/i0.wp.com\/afogadosfm.com.br\/afogadosfm\/wp-content\/uploads\/2021\/08\/domhelder.jpg?fit=234%2C215&ssl=1","articleSection":["Brasil"],"inLanguage":"pt-BR","potentialAction":[{"@type":"CommentAction","name":"Comment","target":["https:\/\/afogadosfm.com.br\/afogadosfm\/2025\/10\/30\/dom-helder-camara-e-incluido-no-livro-dos-herois-e-heroinas-do-brasil\/#respond"]}]},{"@type":"WebPage","@id":"https:\/\/afogadosfm.com.br\/afogadosfm\/2025\/10\/30\/dom-helder-camara-e-incluido-no-livro-dos-herois-e-heroinas-do-brasil\/","url":"https:\/\/afogadosfm.com.br\/afogadosfm\/2025\/10\/30\/dom-helder-camara-e-incluido-no-livro-dos-herois-e-heroinas-do-brasil\/","name":"Dom H\u00e9lder C\u00e2mara \u00e9 inclu\u00eddo no livro dos Her\u00f3is e Hero\u00ednas do Brasil - Afogados FM","isPartOf":{"@id":"https:\/\/afogadosfm.com.br\/afogadosfm\/#website"},"primaryImageOfPage":{"@id":"https:\/\/afogadosfm.com.br\/afogadosfm\/2025\/10\/30\/dom-helder-camara-e-incluido-no-livro-dos-herois-e-heroinas-do-brasil\/#primaryimage"},"image":{"@id":"https:\/\/afogadosfm.com.br\/afogadosfm\/2025\/10\/30\/dom-helder-camara-e-incluido-no-livro-dos-herois-e-heroinas-do-brasil\/#primaryimage"},"thumbnailUrl":"https:\/\/i0.wp.com\/afogadosfm.com.br\/afogadosfm\/wp-content\/uploads\/2021\/08\/domhelder.jpg?fit=234%2C215&ssl=1","datePublished":"2025-10-30T07:46:10+00:00","dateModified":"2025-10-30T07:46:12+00:00","breadcrumb":{"@id":"https:\/\/afogadosfm.com.br\/afogadosfm\/2025\/10\/30\/dom-helder-camara-e-incluido-no-livro-dos-herois-e-heroinas-do-brasil\/#breadcrumb"},"inLanguage":"pt-BR","potentialAction":[{"@type":"ReadAction","target":["https:\/\/afogadosfm.com.br\/afogadosfm\/2025\/10\/30\/dom-helder-camara-e-incluido-no-livro-dos-herois-e-heroinas-do-brasil\/"]}]},{"@type":"ImageObject","inLanguage":"pt-BR","@id":"https:\/\/afogadosfm.com.br\/afogadosfm\/2025\/10\/30\/dom-helder-camara-e-incluido-no-livro-dos-herois-e-heroinas-do-brasil\/#primaryimage","url":"https:\/\/i0.wp.com\/afogadosfm.com.br\/afogadosfm\/wp-content\/uploads\/2021\/08\/domhelder.jpg?fit=234%2C215&ssl=1","contentUrl":"https:\/\/i0.wp.com\/afogadosfm.com.br\/afogadosfm\/wp-content\/uploads\/2021\/08\/domhelder.jpg?fit=234%2C215&ssl=1","width":234,"height":215},{"@type":"BreadcrumbList","@id":"https:\/\/afogadosfm.com.br\/afogadosfm\/2025\/10\/30\/dom-helder-camara-e-incluido-no-livro-dos-herois-e-heroinas-do-brasil\/#breadcrumb","itemListElement":[{"@type":"ListItem","position":1,"name":"In\u00edcio","item":"https:\/\/afogadosfm.com.br\/afogadosfm\/"},{"@type":"ListItem","position":2,"name":"Dom H\u00e9lder C\u00e2mara \u00e9 inclu\u00eddo no livro dos Her\u00f3is e Hero\u00ednas do Brasil"}]},{"@type":"WebSite","@id":"https:\/\/afogadosfm.com.br\/afogadosfm\/#website","url":"https:\/\/afogadosfm.com.br\/afogadosfm\/","name":"Afogados FM","description":"Um site completo!","publisher":{"@id":"https:\/\/afogadosfm.com.br\/afogadosfm\/#organization"},"potentialAction":[{"@type":"SearchAction","target":{"@type":"EntryPoint","urlTemplate":"https:\/\/afogadosfm.com.br\/afogadosfm\/?s={search_term_string}"},"query-input":{"@type":"PropertyValueSpecification","valueRequired":true,"valueName":"search_term_string"}}],"inLanguage":"pt-BR"},{"@type":"Organization","@id":"https:\/\/afogadosfm.com.br\/afogadosfm\/#organization","name":"Afogados FM","url":"https:\/\/afogadosfm.com.br\/afogadosfm\/","logo":{"@type":"ImageObject","inLanguage":"pt-BR","@id":"https:\/\/afogadosfm.com.br\/afogadosfm\/#\/schema\/logo\/image\/","url":"https:\/\/i0.wp.com\/afogadosfm.com.br\/afogadosfm\/wp-content\/uploads\/2020\/06\/cropped-banner-afogados-4.jpg?fit=369%2C137&ssl=1","contentUrl":"https:\/\/i0.wp.com\/afogadosfm.com.br\/afogadosfm\/wp-content\/uploads\/2020\/06\/cropped-banner-afogados-4.jpg?fit=369%2C137&ssl=1","width":369,"height":137,"caption":"Afogados FM"},"image":{"@id":"https:\/\/afogadosfm.com.br\/afogadosfm\/#\/schema\/logo\/image\/"}},{"@type":"Person","@id":"https:\/\/afogadosfm.com.br\/afogadosfm\/#\/schema\/person\/60e56f2cf5dc960fc093fe093d9e9057","name":"afogadosfm","image":{"@type":"ImageObject","inLanguage":"pt-BR","@id":"https:\/\/secure.gravatar.com\/avatar\/e0359add7ed5dc3560906d861b52c6a8cf5c1e199d3a7dd85070998f49bd4701?s=96&d=mm&r=g","url":"https:\/\/secure.gravatar.com\/avatar\/e0359add7ed5dc3560906d861b52c6a8cf5c1e199d3a7dd85070998f49bd4701?s=96&d=mm&r=g","contentUrl":"https:\/\/secure.gravatar.com\/avatar\/e0359add7ed5dc3560906d861b52c6a8cf5c1e199d3a7dd85070998f49bd4701?s=96&d=mm&r=g","caption":"afogadosfm"},"url":"https:\/\/afogadosfm.com.br\/afogadosfm\/author\/afogadosfm\/"}]}},"jetpack_publicize_connections":[],"jetpack_featured_media_url":"https:\/\/i0.wp.com\/afogadosfm.com.br\/afogadosfm\/wp-content\/uploads\/2021\/08\/domhelder.jpg?fit=234%2C215&ssl=1","jetpack-related-posts":[],"jetpack_sharing_enabled":true,"jetpack_likes_enabled":true,"_links":{"self":[{"href":"https:\/\/afogadosfm.com.br\/afogadosfm\/wp-json\/wp\/v2\/posts\/70151","targetHints":{"allow":["GET"]}}],"collection":[{"href":"https:\/\/afogadosfm.com.br\/afogadosfm\/wp-json\/wp\/v2\/posts"}],"about":[{"href":"https:\/\/afogadosfm.com.br\/afogadosfm\/wp-json\/wp\/v2\/types\/post"}],"author":[{"embeddable":true,"href":"https:\/\/afogadosfm.com.br\/afogadosfm\/wp-json\/wp\/v2\/users\/2"}],"replies":[{"embeddable":true,"href":"https:\/\/afogadosfm.com.br\/afogadosfm\/wp-json\/wp\/v2\/comments?post=70151"}],"version-history":[{"count":1,"href":"https:\/\/afogadosfm.com.br\/afogadosfm\/wp-json\/wp\/v2\/posts\/70151\/revisions"}],"predecessor-version":[{"id":70152,"href":"https:\/\/afogadosfm.com.br\/afogadosfm\/wp-json\/wp\/v2\/posts\/70151\/revisions\/70152"}],"wp:featuredmedia":[{"embeddable":true,"href":"https:\/\/afogadosfm.com.br\/afogadosfm\/wp-json\/wp\/v2\/media\/30245"}],"wp:attachment":[{"href":"https:\/\/afogadosfm.com.br\/afogadosfm\/wp-json\/wp\/v2\/media?parent=70151"}],"wp:term":[{"taxonomy":"category","embeddable":true,"href":"https:\/\/afogadosfm.com.br\/afogadosfm\/wp-json\/wp\/v2\/categories?post=70151"},{"taxonomy":"post_tag","embeddable":true,"href":"https:\/\/afogadosfm.com.br\/afogadosfm\/wp-json\/wp\/v2\/tags?post=70151"}],"curies":[{"name":"wp","href":"https:\/\/api.w.org\/{rel}","templated":true}]}}