{"id":70153,"date":"2025-10-30T04:54:18","date_gmt":"2025-10-30T07:54:18","guid":{"rendered":"https:\/\/afogadosfm.com.br\/afogadosfm\/?p=70153"},"modified":"2025-10-30T04:54:43","modified_gmt":"2025-10-30T07:54:43","slug":"afogados-da-ingazeira-realiza-novo-mutirao-oftalmologico-em-parceria-com-o-projeto-social-visao","status":"publish","type":"post","link":"https:\/\/afogadosfm.com.br\/afogadosfm\/2025\/10\/30\/afogados-da-ingazeira-realiza-novo-mutirao-oftalmologico-em-parceria-com-o-projeto-social-visao\/","title":{"rendered":"Afogados da Ingazeira realizou novo Mutir\u00e3o Oftalmol\u00f3gico em parceria com o Projeto Social Vis\u00e3o"},"content":{"rendered":"\n<p>A Prefeitura de Afogados da Ingazeira em parceria com o Projeto Social Vis\u00e3o, realizou nos dias 28 e 29 de Outubro mais um Mutir\u00e3o Oftalmol\u00f3gico com atendimento gratuito para a popula\u00e7\u00e3o do munic\u00edpio.&nbsp;<\/p>\n\n\n\n<p>Os atendimentos aconteceram na Faculdade do Sert\u00e3o do Paje\u00fa-FASP, onde mais de 600 pessoas puderam fazer os exames de Mapeamento de Retina, Genioscopia, Retinografia Binocular, Fundoscopia, Ceratometria e tamb\u00e9m encaminhamento cir\u00fargico caso identificado pelo oftalmologista alguma doen\u00e7a que necessite de procedimento.&nbsp;<\/p>\n\n\n\n<p>&#8220;Esse \u00e9 o terceiro Mutir\u00e3o Oftalmol\u00f3gico que realizamos em Afogados, nos dois primeiros conseguimos zerar a fila que existia no sistema da Secretaria de Sa\u00fade, e agora, os atendimentos foram para aquelas pessoas que n\u00e3o constavam em nossos sistema e que necessitavam de atendimento oftalmol\u00f3gico&#8221;, destacou o Secret\u00e1rio de Sa\u00fade, Artur Amorim.<\/p>\n\n\n\n<figure class=\"wp-block-image\"><a href=\"https:\/\/i0.wp.com\/blogger.googleusercontent.com\/img\/b\/R29vZ2xl\/AVvXsEgvnfkUt7r2pUiLCKdV1xGmlYevRnOwFoHDeCmILursuif1D1yOKUD5PzMG7JbMZ0c-19P6Uco0fhVHAUV2x7GvQcnSeiac0Pq3sjZz3buYFc7y_7qQeBiT-D5hgZLcX2TvuxtJKyMMgeQnMPBGIBtKQiCV596NK_qP8CIAHk0zop8bGAOjC2ElX0aqtqrH\/s1600\/fa0a6702-d3f3-4ba5-b59d-67766b0e32e0.jpg?ssl=1\"><img data-recalc-dims=\"1\" decoding=\"async\" src=\"https:\/\/i0.wp.com\/blogger.googleusercontent.com\/img\/b\/R29vZ2xl\/AVvXsEgvnfkUt7r2pUiLCKdV1xGmlYevRnOwFoHDeCmILursuif1D1yOKUD5PzMG7JbMZ0c-19P6Uco0fhVHAUV2x7GvQcnSeiac0Pq3sjZz3buYFc7y_7qQeBiT-D5hgZLcX2TvuxtJKyMMgeQnMPBGIBtKQiCV596NK_qP8CIAHk0zop8bGAOjC2ElX0aqtqrH\/w400-h266\/fa0a6702-d3f3-4ba5-b59d-67766b0e32e0.jpg?w=840&#038;ssl=1\" alt=\"\"\/><\/a><\/figure>\n","protected":false},"excerpt":{"rendered":"<p>A Prefeitura de Afogados da Ingazeira em parceria com o Projeto Social Vis\u00e3o, realizou nos dias 28 e 29 de<\/p>\n","protected":false},"author":2,"featured_media":70154,"comment_status":"open","ping_status":"open","sticky":false,"template":"","format":"standard","meta":{"jetpack_post_was_ever_published":false,"_jetpack_newsletter_access":"","_jetpack_dont_email_post_to_subs":false,"_jetpack_newsletter_tier_id":0,"_jetpack_memberships_contains_paywalled_content":false,"_jetpack_memberships_contains_paid_content":false,"footnotes":"","jetpack_publicize_message":"","jetpack_publicize_feature_enabled":true,"jetpack_social_post_already_shared":true,"jetpack_social_options":{"image_generator_settings":{"template":"highway","default_image_id":0,"font":"","enabled":false},"version":2}},"categories":[14],"tags":[],"class_list":["post-70153","post","type-post","status-publish","format-standard","has-post-thumbnail","hentry","category-afogados-da-ingazeira"],"yoast_head":"<!-- This site is optimized with the Yoast SEO plugin v27.5 - https:\/\/yoast.com\/product\/yoast-seo-wordpress\/ -->\n<title>Afogados da Ingazeira realizou novo Mutir\u00e3o Oftalmol\u00f3gico em parceria com o Projeto Social Vis\u00e3o - Afogados FM<\/title>\n<meta name=\"robots\" content=\"index, follow, max-snippet:-1, max-image-preview:large, max-video-preview:-1\" \/>\n<link rel=\"canonical\" href=\"https:\/\/afogadosfm.com.br\/afogadosfm\/2025\/10\/30\/afogados-da-ingazeira-realiza-novo-mutirao-oftalmologico-em-parceria-com-o-projeto-social-visao\/\" \/>\n<meta property=\"og:locale\" content=\"pt_BR\" \/>\n<meta property=\"og:type\" content=\"article\" \/>\n<meta property=\"og:title\" content=\"Afogados da Ingazeira realizou novo Mutir\u00e3o Oftalmol\u00f3gico em parceria com o Projeto Social Vis\u00e3o - Afogados FM\" \/>\n<meta property=\"og:description\" content=\"A Prefeitura de Afogados da Ingazeira em parceria com o Projeto Social Vis\u00e3o, realizou nos dias 28 e 29 de\" \/>\n<meta property=\"og:url\" content=\"https:\/\/afogadosfm.com.br\/afogadosfm\/2025\/10\/30\/afogados-da-ingazeira-realiza-novo-mutirao-oftalmologico-em-parceria-com-o-projeto-social-visao\/\" \/>\n<meta property=\"og:site_name\" content=\"Afogados FM\" \/>\n<meta property=\"article:published_time\" content=\"2025-10-30T07:54:18+00:00\" \/>\n<meta property=\"article:modified_time\" content=\"2025-10-30T07:54:43+00:00\" \/>\n<meta property=\"og:image\" content=\"https:\/\/afogadosfm.com.br\/afogadosfm\/wp-content\/uploads\/2025\/10\/oft.jpg\" \/>\n\t<meta property=\"og:image:width\" content=\"400\" \/>\n\t<meta property=\"og:image:height\" content=\"266\" \/>\n\t<meta property=\"og:image:type\" content=\"image\/jpeg\" \/>\n<meta name=\"author\" content=\"afogadosfm\" \/>\n<meta name=\"twitter:card\" content=\"summary_large_image\" \/>\n<meta name=\"twitter:label1\" content=\"Escrito por\" \/>\n\t<meta name=\"twitter:data1\" content=\"afogadosfm\" \/>\n\t<meta name=\"twitter:label2\" content=\"Est. tempo de leitura\" \/>\n\t<meta name=\"twitter:data2\" content=\"2 minutos\" \/>\n<script type=\"application\/ld+json\" class=\"yoast-schema-graph\">{\"@context\":\"https:\\\/\\\/schema.org\",\"@graph\":[{\"@type\":\"Article\",\"@id\":\"https:\\\/\\\/afogadosfm.com.br\\\/afogadosfm\\\/2025\\\/10\\\/30\\\/afogados-da-ingazeira-realiza-novo-mutirao-oftalmologico-em-parceria-com-o-projeto-social-visao\\\/#article\",\"isPartOf\":{\"@id\":\"https:\\\/\\\/afogadosfm.com.br\\\/afogadosfm\\\/2025\\\/10\\\/30\\\/afogados-da-ingazeira-realiza-novo-mutirao-oftalmologico-em-parceria-com-o-projeto-social-visao\\\/\"},\"author\":{\"name\":\"afogadosfm\",\"@id\":\"https:\\\/\\\/afogadosfm.com.br\\\/afogadosfm\\\/#\\\/schema\\\/person\\\/60e56f2cf5dc960fc093fe093d9e9057\"},\"headline\":\"Afogados da Ingazeira realizou novo Mutir\u00e3o Oftalmol\u00f3gico em parceria com o Projeto Social Vis\u00e3o\",\"datePublished\":\"2025-10-30T07:54:18+00:00\",\"dateModified\":\"2025-10-30T07:54:43+00:00\",\"mainEntityOfPage\":{\"@id\":\"https:\\\/\\\/afogadosfm.com.br\\\/afogadosfm\\\/2025\\\/10\\\/30\\\/afogados-da-ingazeira-realiza-novo-mutirao-oftalmologico-em-parceria-com-o-projeto-social-visao\\\/\"},\"wordCount\":158,\"commentCount\":0,\"publisher\":{\"@id\":\"https:\\\/\\\/afogadosfm.com.br\\\/afogadosfm\\\/#organization\"},\"image\":{\"@id\":\"https:\\\/\\\/afogadosfm.com.br\\\/afogadosfm\\\/2025\\\/10\\\/30\\\/afogados-da-ingazeira-realiza-novo-mutirao-oftalmologico-em-parceria-com-o-projeto-social-visao\\\/#primaryimage\"},\"thumbnailUrl\":\"https:\\\/\\\/i0.wp.com\\\/afogadosfm.com.br\\\/afogadosfm\\\/wp-content\\\/uploads\\\/2025\\\/10\\\/oft.jpg?fit=400%2C266&ssl=1\",\"articleSection\":[\"Afogados da Ingazeira\"],\"inLanguage\":\"pt-BR\",\"potentialAction\":[{\"@type\":\"CommentAction\",\"name\":\"Comment\",\"target\":[\"https:\\\/\\\/afogadosfm.com.br\\\/afogadosfm\\\/2025\\\/10\\\/30\\\/afogados-da-ingazeira-realiza-novo-mutirao-oftalmologico-em-parceria-com-o-projeto-social-visao\\\/#respond\"]}]},{\"@type\":\"WebPage\",\"@id\":\"https:\\\/\\\/afogadosfm.com.br\\\/afogadosfm\\\/2025\\\/10\\\/30\\\/afogados-da-ingazeira-realiza-novo-mutirao-oftalmologico-em-parceria-com-o-projeto-social-visao\\\/\",\"url\":\"https:\\\/\\\/afogadosfm.com.br\\\/afogadosfm\\\/2025\\\/10\\\/30\\\/afogados-da-ingazeira-realiza-novo-mutirao-oftalmologico-em-parceria-com-o-projeto-social-visao\\\/\",\"name\":\"Afogados da Ingazeira realizou novo Mutir\u00e3o Oftalmol\u00f3gico em parceria com o Projeto Social Vis\u00e3o - Afogados FM\",\"isPartOf\":{\"@id\":\"https:\\\/\\\/afogadosfm.com.br\\\/afogadosfm\\\/#website\"},\"primaryImageOfPage\":{\"@id\":\"https:\\\/\\\/afogadosfm.com.br\\\/afogadosfm\\\/2025\\\/10\\\/30\\\/afogados-da-ingazeira-realiza-novo-mutirao-oftalmologico-em-parceria-com-o-projeto-social-visao\\\/#primaryimage\"},\"image\":{\"@id\":\"https:\\\/\\\/afogadosfm.com.br\\\/afogadosfm\\\/2025\\\/10\\\/30\\\/afogados-da-ingazeira-realiza-novo-mutirao-oftalmologico-em-parceria-com-o-projeto-social-visao\\\/#primaryimage\"},\"thumbnailUrl\":\"https:\\\/\\\/i0.wp.com\\\/afogadosfm.com.br\\\/afogadosfm\\\/wp-content\\\/uploads\\\/2025\\\/10\\\/oft.jpg?fit=400%2C266&ssl=1\",\"datePublished\":\"2025-10-30T07:54:18+00:00\",\"dateModified\":\"2025-10-30T07:54:43+00:00\",\"breadcrumb\":{\"@id\":\"https:\\\/\\\/afogadosfm.com.br\\\/afogadosfm\\\/2025\\\/10\\\/30\\\/afogados-da-ingazeira-realiza-novo-mutirao-oftalmologico-em-parceria-com-o-projeto-social-visao\\\/#breadcrumb\"},\"inLanguage\":\"pt-BR\",\"potentialAction\":[{\"@type\":\"ReadAction\",\"target\":[\"https:\\\/\\\/afogadosfm.com.br\\\/afogadosfm\\\/2025\\\/10\\\/30\\\/afogados-da-ingazeira-realiza-novo-mutirao-oftalmologico-em-parceria-com-o-projeto-social-visao\\\/\"]}]},{\"@type\":\"ImageObject\",\"inLanguage\":\"pt-BR\",\"@id\":\"https:\\\/\\\/afogadosfm.com.br\\\/afogadosfm\\\/2025\\\/10\\\/30\\\/afogados-da-ingazeira-realiza-novo-mutirao-oftalmologico-em-parceria-com-o-projeto-social-visao\\\/#primaryimage\",\"url\":\"https:\\\/\\\/i0.wp.com\\\/afogadosfm.com.br\\\/afogadosfm\\\/wp-content\\\/uploads\\\/2025\\\/10\\\/oft.jpg?fit=400%2C266&ssl=1\",\"contentUrl\":\"https:\\\/\\\/i0.wp.com\\\/afogadosfm.com.br\\\/afogadosfm\\\/wp-content\\\/uploads\\\/2025\\\/10\\\/oft.jpg?fit=400%2C266&ssl=1\",\"width\":400,\"height\":266},{\"@type\":\"BreadcrumbList\",\"@id\":\"https:\\\/\\\/afogadosfm.com.br\\\/afogadosfm\\\/2025\\\/10\\\/30\\\/afogados-da-ingazeira-realiza-novo-mutirao-oftalmologico-em-parceria-com-o-projeto-social-visao\\\/#breadcrumb\",\"itemListElement\":[{\"@type\":\"ListItem\",\"position\":1,\"name\":\"In\u00edcio\",\"item\":\"https:\\\/\\\/afogadosfm.com.br\\\/afogadosfm\\\/\"},{\"@type\":\"ListItem\",\"position\":2,\"name\":\"Afogados da Ingazeira realizou novo Mutir\u00e3o Oftalmol\u00f3gico em parceria com o Projeto Social Vis\u00e3o\"}]},{\"@type\":\"WebSite\",\"@id\":\"https:\\\/\\\/afogadosfm.com.br\\\/afogadosfm\\\/#website\",\"url\":\"https:\\\/\\\/afogadosfm.com.br\\\/afogadosfm\\\/\",\"name\":\"Afogados FM\",\"description\":\"Um site completo!\",\"publisher\":{\"@id\":\"https:\\\/\\\/afogadosfm.com.br\\\/afogadosfm\\\/#organization\"},\"potentialAction\":[{\"@type\":\"SearchAction\",\"target\":{\"@type\":\"EntryPoint\",\"urlTemplate\":\"https:\\\/\\\/afogadosfm.com.br\\\/afogadosfm\\\/?s={search_term_string}\"},\"query-input\":{\"@type\":\"PropertyValueSpecification\",\"valueRequired\":true,\"valueName\":\"search_term_string\"}}],\"inLanguage\":\"pt-BR\"},{\"@type\":\"Organization\",\"@id\":\"https:\\\/\\\/afogadosfm.com.br\\\/afogadosfm\\\/#organization\",\"name\":\"Afogados FM\",\"url\":\"https:\\\/\\\/afogadosfm.com.br\\\/afogadosfm\\\/\",\"logo\":{\"@type\":\"ImageObject\",\"inLanguage\":\"pt-BR\",\"@id\":\"https:\\\/\\\/afogadosfm.com.br\\\/afogadosfm\\\/#\\\/schema\\\/logo\\\/image\\\/\",\"url\":\"https:\\\/\\\/i0.wp.com\\\/afogadosfm.com.br\\\/afogadosfm\\\/wp-content\\\/uploads\\\/2020\\\/06\\\/cropped-banner-afogados-4.jpg?fit=369%2C137&ssl=1\",\"contentUrl\":\"https:\\\/\\\/i0.wp.com\\\/afogadosfm.com.br\\\/afogadosfm\\\/wp-content\\\/uploads\\\/2020\\\/06\\\/cropped-banner-afogados-4.jpg?fit=369%2C137&ssl=1\",\"width\":369,\"height\":137,\"caption\":\"Afogados FM\"},\"image\":{\"@id\":\"https:\\\/\\\/afogadosfm.com.br\\\/afogadosfm\\\/#\\\/schema\\\/logo\\\/image\\\/\"}},{\"@type\":\"Person\",\"@id\":\"https:\\\/\\\/afogadosfm.com.br\\\/afogadosfm\\\/#\\\/schema\\\/person\\\/60e56f2cf5dc960fc093fe093d9e9057\",\"name\":\"afogadosfm\",\"image\":{\"@type\":\"ImageObject\",\"inLanguage\":\"pt-BR\",\"@id\":\"https:\\\/\\\/secure.gravatar.com\\\/avatar\\\/e0359add7ed5dc3560906d861b52c6a8cf5c1e199d3a7dd85070998f49bd4701?s=96&d=mm&r=g\",\"url\":\"https:\\\/\\\/secure.gravatar.com\\\/avatar\\\/e0359add7ed5dc3560906d861b52c6a8cf5c1e199d3a7dd85070998f49bd4701?s=96&d=mm&r=g\",\"contentUrl\":\"https:\\\/\\\/secure.gravatar.com\\\/avatar\\\/e0359add7ed5dc3560906d861b52c6a8cf5c1e199d3a7dd85070998f49bd4701?s=96&d=mm&r=g\",\"caption\":\"afogadosfm\"},\"url\":\"https:\\\/\\\/afogadosfm.com.br\\\/afogadosfm\\\/author\\\/afogadosfm\\\/\"}]}<\/script>\n<!-- \/ Yoast SEO plugin. -->","yoast_head_json":{"title":"Afogados da Ingazeira realizou novo Mutir\u00e3o Oftalmol\u00f3gico em parceria com o Projeto Social Vis\u00e3o - Afogados FM","robots":{"index":"index","follow":"follow","max-snippet":"max-snippet:-1","max-image-preview":"max-image-preview:large","max-video-preview":"max-video-preview:-1"},"canonical":"https:\/\/afogadosfm.com.br\/afogadosfm\/2025\/10\/30\/afogados-da-ingazeira-realiza-novo-mutirao-oftalmologico-em-parceria-com-o-projeto-social-visao\/","og_locale":"pt_BR","og_type":"article","og_title":"Afogados da Ingazeira realizou novo Mutir\u00e3o Oftalmol\u00f3gico em parceria com o Projeto Social Vis\u00e3o - Afogados FM","og_description":"A Prefeitura de Afogados da Ingazeira em parceria com o Projeto Social Vis\u00e3o, realizou nos dias 28 e 29 de","og_url":"https:\/\/afogadosfm.com.br\/afogadosfm\/2025\/10\/30\/afogados-da-ingazeira-realiza-novo-mutirao-oftalmologico-em-parceria-com-o-projeto-social-visao\/","og_site_name":"Afogados FM","article_published_time":"2025-10-30T07:54:18+00:00","article_modified_time":"2025-10-30T07:54:43+00:00","og_image":[{"width":400,"height":266,"url":"https:\/\/afogadosfm.com.br\/afogadosfm\/wp-content\/uploads\/2025\/10\/oft.jpg","type":"image\/jpeg"}],"author":"afogadosfm","twitter_card":"summary_large_image","twitter_misc":{"Escrito por":"afogadosfm","Est. tempo de leitura":"2 minutos"},"schema":{"@context":"https:\/\/schema.org","@graph":[{"@type":"Article","@id":"https:\/\/afogadosfm.com.br\/afogadosfm\/2025\/10\/30\/afogados-da-ingazeira-realiza-novo-mutirao-oftalmologico-em-parceria-com-o-projeto-social-visao\/#article","isPartOf":{"@id":"https:\/\/afogadosfm.com.br\/afogadosfm\/2025\/10\/30\/afogados-da-ingazeira-realiza-novo-mutirao-oftalmologico-em-parceria-com-o-projeto-social-visao\/"},"author":{"name":"afogadosfm","@id":"https:\/\/afogadosfm.com.br\/afogadosfm\/#\/schema\/person\/60e56f2cf5dc960fc093fe093d9e9057"},"headline":"Afogados da Ingazeira realizou novo Mutir\u00e3o Oftalmol\u00f3gico em parceria com o Projeto Social Vis\u00e3o","datePublished":"2025-10-30T07:54:18+00:00","dateModified":"2025-10-30T07:54:43+00:00","mainEntityOfPage":{"@id":"https:\/\/afogadosfm.com.br\/afogadosfm\/2025\/10\/30\/afogados-da-ingazeira-realiza-novo-mutirao-oftalmologico-em-parceria-com-o-projeto-social-visao\/"},"wordCount":158,"commentCount":0,"publisher":{"@id":"https:\/\/afogadosfm.com.br\/afogadosfm\/#organization"},"image":{"@id":"https:\/\/afogadosfm.com.br\/afogadosfm\/2025\/10\/30\/afogados-da-ingazeira-realiza-novo-mutirao-oftalmologico-em-parceria-com-o-projeto-social-visao\/#primaryimage"},"thumbnailUrl":"https:\/\/i0.wp.com\/afogadosfm.com.br\/afogadosfm\/wp-content\/uploads\/2025\/10\/oft.jpg?fit=400%2C266&ssl=1","articleSection":["Afogados da Ingazeira"],"inLanguage":"pt-BR","potentialAction":[{"@type":"CommentAction","name":"Comment","target":["https:\/\/afogadosfm.com.br\/afogadosfm\/2025\/10\/30\/afogados-da-ingazeira-realiza-novo-mutirao-oftalmologico-em-parceria-com-o-projeto-social-visao\/#respond"]}]},{"@type":"WebPage","@id":"https:\/\/afogadosfm.com.br\/afogadosfm\/2025\/10\/30\/afogados-da-ingazeira-realiza-novo-mutirao-oftalmologico-em-parceria-com-o-projeto-social-visao\/","url":"https:\/\/afogadosfm.com.br\/afogadosfm\/2025\/10\/30\/afogados-da-ingazeira-realiza-novo-mutirao-oftalmologico-em-parceria-com-o-projeto-social-visao\/","name":"Afogados da Ingazeira realizou novo Mutir\u00e3o Oftalmol\u00f3gico em parceria com o Projeto Social Vis\u00e3o - Afogados FM","isPartOf":{"@id":"https:\/\/afogadosfm.com.br\/afogadosfm\/#website"},"primaryImageOfPage":{"@id":"https:\/\/afogadosfm.com.br\/afogadosfm\/2025\/10\/30\/afogados-da-ingazeira-realiza-novo-mutirao-oftalmologico-em-parceria-com-o-projeto-social-visao\/#primaryimage"},"image":{"@id":"https:\/\/afogadosfm.com.br\/afogadosfm\/2025\/10\/30\/afogados-da-ingazeira-realiza-novo-mutirao-oftalmologico-em-parceria-com-o-projeto-social-visao\/#primaryimage"},"thumbnailUrl":"https:\/\/i0.wp.com\/afogadosfm.com.br\/afogadosfm\/wp-content\/uploads\/2025\/10\/oft.jpg?fit=400%2C266&ssl=1","datePublished":"2025-10-30T07:54:18+00:00","dateModified":"2025-10-30T07:54:43+00:00","breadcrumb":{"@id":"https:\/\/afogadosfm.com.br\/afogadosfm\/2025\/10\/30\/afogados-da-ingazeira-realiza-novo-mutirao-oftalmologico-em-parceria-com-o-projeto-social-visao\/#breadcrumb"},"inLanguage":"pt-BR","potentialAction":[{"@type":"ReadAction","target":["https:\/\/afogadosfm.com.br\/afogadosfm\/2025\/10\/30\/afogados-da-ingazeira-realiza-novo-mutirao-oftalmologico-em-parceria-com-o-projeto-social-visao\/"]}]},{"@type":"ImageObject","inLanguage":"pt-BR","@id":"https:\/\/afogadosfm.com.br\/afogadosfm\/2025\/10\/30\/afogados-da-ingazeira-realiza-novo-mutirao-oftalmologico-em-parceria-com-o-projeto-social-visao\/#primaryimage","url":"https:\/\/i0.wp.com\/afogadosfm.com.br\/afogadosfm\/wp-content\/uploads\/2025\/10\/oft.jpg?fit=400%2C266&ssl=1","contentUrl":"https:\/\/i0.wp.com\/afogadosfm.com.br\/afogadosfm\/wp-content\/uploads\/2025\/10\/oft.jpg?fit=400%2C266&ssl=1","width":400,"height":266},{"@type":"BreadcrumbList","@id":"https:\/\/afogadosfm.com.br\/afogadosfm\/2025\/10\/30\/afogados-da-ingazeira-realiza-novo-mutirao-oftalmologico-em-parceria-com-o-projeto-social-visao\/#breadcrumb","itemListElement":[{"@type":"ListItem","position":1,"name":"In\u00edcio","item":"https:\/\/afogadosfm.com.br\/afogadosfm\/"},{"@type":"ListItem","position":2,"name":"Afogados da Ingazeira realizou novo Mutir\u00e3o Oftalmol\u00f3gico em parceria com o Projeto Social Vis\u00e3o"}]},{"@type":"WebSite","@id":"https:\/\/afogadosfm.com.br\/afogadosfm\/#website","url":"https:\/\/afogadosfm.com.br\/afogadosfm\/","name":"Afogados FM","description":"Um site completo!","publisher":{"@id":"https:\/\/afogadosfm.com.br\/afogadosfm\/#organization"},"potentialAction":[{"@type":"SearchAction","target":{"@type":"EntryPoint","urlTemplate":"https:\/\/afogadosfm.com.br\/afogadosfm\/?s={search_term_string}"},"query-input":{"@type":"PropertyValueSpecification","valueRequired":true,"valueName":"search_term_string"}}],"inLanguage":"pt-BR"},{"@type":"Organization","@id":"https:\/\/afogadosfm.com.br\/afogadosfm\/#organization","name":"Afogados FM","url":"https:\/\/afogadosfm.com.br\/afogadosfm\/","logo":{"@type":"ImageObject","inLanguage":"pt-BR","@id":"https:\/\/afogadosfm.com.br\/afogadosfm\/#\/schema\/logo\/image\/","url":"https:\/\/i0.wp.com\/afogadosfm.com.br\/afogadosfm\/wp-content\/uploads\/2020\/06\/cropped-banner-afogados-4.jpg?fit=369%2C137&ssl=1","contentUrl":"https:\/\/i0.wp.com\/afogadosfm.com.br\/afogadosfm\/wp-content\/uploads\/2020\/06\/cropped-banner-afogados-4.jpg?fit=369%2C137&ssl=1","width":369,"height":137,"caption":"Afogados FM"},"image":{"@id":"https:\/\/afogadosfm.com.br\/afogadosfm\/#\/schema\/logo\/image\/"}},{"@type":"Person","@id":"https:\/\/afogadosfm.com.br\/afogadosfm\/#\/schema\/person\/60e56f2cf5dc960fc093fe093d9e9057","name":"afogadosfm","image":{"@type":"ImageObject","inLanguage":"pt-BR","@id":"https:\/\/secure.gravatar.com\/avatar\/e0359add7ed5dc3560906d861b52c6a8cf5c1e199d3a7dd85070998f49bd4701?s=96&d=mm&r=g","url":"https:\/\/secure.gravatar.com\/avatar\/e0359add7ed5dc3560906d861b52c6a8cf5c1e199d3a7dd85070998f49bd4701?s=96&d=mm&r=g","contentUrl":"https:\/\/secure.gravatar.com\/avatar\/e0359add7ed5dc3560906d861b52c6a8cf5c1e199d3a7dd85070998f49bd4701?s=96&d=mm&r=g","caption":"afogadosfm"},"url":"https:\/\/afogadosfm.com.br\/afogadosfm\/author\/afogadosfm\/"}]}},"jetpack_publicize_connections":[],"jetpack_featured_media_url":"https:\/\/i0.wp.com\/afogadosfm.com.br\/afogadosfm\/wp-content\/uploads\/2025\/10\/oft.jpg?fit=400%2C266&ssl=1","jetpack-related-posts":[],"jetpack_sharing_enabled":true,"jetpack_likes_enabled":true,"_links":{"self":[{"href":"https:\/\/afogadosfm.com.br\/afogadosfm\/wp-json\/wp\/v2\/posts\/70153","targetHints":{"allow":["GET"]}}],"collection":[{"href":"https:\/\/afogadosfm.com.br\/afogadosfm\/wp-json\/wp\/v2\/posts"}],"about":[{"href":"https:\/\/afogadosfm.com.br\/afogadosfm\/wp-json\/wp\/v2\/types\/post"}],"author":[{"embeddable":true,"href":"https:\/\/afogadosfm.com.br\/afogadosfm\/wp-json\/wp\/v2\/users\/2"}],"replies":[{"embeddable":true,"href":"https:\/\/afogadosfm.com.br\/afogadosfm\/wp-json\/wp\/v2\/comments?post=70153"}],"version-history":[{"count":2,"href":"https:\/\/afogadosfm.com.br\/afogadosfm\/wp-json\/wp\/v2\/posts\/70153\/revisions"}],"predecessor-version":[{"id":70156,"href":"https:\/\/afogadosfm.com.br\/afogadosfm\/wp-json\/wp\/v2\/posts\/70153\/revisions\/70156"}],"wp:featuredmedia":[{"embeddable":true,"href":"https:\/\/afogadosfm.com.br\/afogadosfm\/wp-json\/wp\/v2\/media\/70154"}],"wp:attachment":[{"href":"https:\/\/afogadosfm.com.br\/afogadosfm\/wp-json\/wp\/v2\/media?parent=70153"}],"wp:term":[{"taxonomy":"category","embeddable":true,"href":"https:\/\/afogadosfm.com.br\/afogadosfm\/wp-json\/wp\/v2\/categories?post=70153"},{"taxonomy":"post_tag","embeddable":true,"href":"https:\/\/afogadosfm.com.br\/afogadosfm\/wp-json\/wp\/v2\/tags?post=70153"}],"curies":[{"name":"wp","href":"https:\/\/api.w.org\/{rel}","templated":true}]}}