{"id":70409,"date":"2025-11-10T07:52:13","date_gmt":"2025-11-10T10:52:13","guid":{"rendered":"https:\/\/afogadosfm.com.br\/afogadosfm\/?p=70409"},"modified":"2025-11-10T07:52:14","modified_gmt":"2025-11-10T10:52:14","slug":"pastor-ataca-nordestinos-em-culto-nao-piso-la-sao-preguicosos","status":"publish","type":"post","link":"https:\/\/afogadosfm.com.br\/afogadosfm\/2025\/11\/10\/pastor-ataca-nordestinos-em-culto-nao-piso-la-sao-preguicosos\/","title":{"rendered":"Pastor ataca nordestinos em culto: N\u00e3o piso l\u00e1, s\u00e3o pregui\u00e7osos"},"content":{"rendered":"\n<p>Um pastor da Primeira Igreja Batista de Piabet\u00e1, em Mag\u00e9, no interior do Rio de Janeiro, atacou nordestinos durante um culto.<\/p>\n\n\n\n<p>Luiz Ant\u00f4nio Rodrigues Vieira discursava contra a vit\u00f3ria de Luiz In\u00e1cio Lula da Silva (PT) na elei\u00e7\u00e3o quando passou a desmerecer nordestinos.<\/p>\n\n\n\n<p>&#8220;Nunca mais eu gasto um centavo no Nordeste. Nunca mais eu vou no Nordeste&#8221;, disse o pastor durante o evento religioso.<\/p>\n\n\n\n<p>\u201cN\u00e3o vou gastar nenhum centavo com nenhum hotel no Nordeste. N\u00e3o vou comer em nenhum restaurante do Nordeste. N\u00e3o vou comprar nada do Nordeste. \u00c9 um povo, os que est\u00e3o l\u00e1, pregui\u00e7osos. Porque, os que n\u00e3o s\u00e3o, vieram embora para c\u00e1, vieram trabalhar. Nordestino \u00e9 pregui\u00e7oso. Gosta de viver da migalha&#8221;, prosseguiu o religioso.<\/p>\n\n\n\n<p>Apesar das falas xenof\u00f3bicas, o pastor afirmou que sua fala n\u00e3o era de \u00f3dio contra nordestinos, e disse que n\u00e3o tinha &#8220;nordestefobia&#8221;. H\u00e1 informa\u00e7\u00f5es de que o v\u00eddeo seria de 2022, e voltou a viralizar.<\/p>\n","protected":false},"excerpt":{"rendered":"<p>Um pastor da Primeira Igreja Batista de Piabet\u00e1, em Mag\u00e9, no interior do Rio de Janeiro, atacou nordestinos durante um<\/p>\n","protected":false},"author":2,"featured_media":70411,"comment_status":"open","ping_status":"open","sticky":false,"template":"","format":"standard","meta":{"jetpack_post_was_ever_published":false,"_jetpack_newsletter_access":"","_jetpack_dont_email_post_to_subs":false,"_jetpack_newsletter_tier_id":0,"_jetpack_memberships_contains_paywalled_content":false,"_jetpack_memberships_contains_paid_content":false,"footnotes":"","jetpack_publicize_message":"","jetpack_publicize_feature_enabled":true,"jetpack_social_post_already_shared":true,"jetpack_social_options":{"image_generator_settings":{"template":"highway","default_image_id":0,"font":"","enabled":false},"version":2}},"categories":[12],"tags":[],"class_list":["post-70409","post","type-post","status-publish","format-standard","has-post-thumbnail","hentry","category-brasil"],"yoast_head":"<!-- This site is optimized with the Yoast SEO plugin v27.5 - https:\/\/yoast.com\/product\/yoast-seo-wordpress\/ -->\n<title>Pastor ataca nordestinos em culto: N\u00e3o piso l\u00e1, s\u00e3o pregui\u00e7osos - Afogados FM<\/title>\n<meta name=\"robots\" content=\"index, follow, max-snippet:-1, max-image-preview:large, max-video-preview:-1\" \/>\n<link rel=\"canonical\" href=\"https:\/\/afogadosfm.com.br\/afogadosfm\/2025\/11\/10\/pastor-ataca-nordestinos-em-culto-nao-piso-la-sao-preguicosos\/\" \/>\n<meta property=\"og:locale\" content=\"pt_BR\" \/>\n<meta property=\"og:type\" content=\"article\" \/>\n<meta property=\"og:title\" content=\"Pastor ataca nordestinos em culto: N\u00e3o piso l\u00e1, s\u00e3o pregui\u00e7osos - Afogados FM\" \/>\n<meta property=\"og:description\" content=\"Um pastor da Primeira Igreja Batista de Piabet\u00e1, em Mag\u00e9, no interior do Rio de Janeiro, atacou nordestinos durante um\" \/>\n<meta property=\"og:url\" content=\"https:\/\/afogadosfm.com.br\/afogadosfm\/2025\/11\/10\/pastor-ataca-nordestinos-em-culto-nao-piso-la-sao-preguicosos\/\" \/>\n<meta property=\"og:site_name\" content=\"Afogados FM\" \/>\n<meta property=\"article:published_time\" content=\"2025-11-10T10:52:13+00:00\" \/>\n<meta property=\"article:modified_time\" content=\"2025-11-10T10:52:14+00:00\" \/>\n<meta property=\"og:image\" content=\"https:\/\/afogadosfm.com.br\/afogadosfm\/wp-content\/uploads\/2025\/11\/pastor-1-.webp\" \/>\n\t<meta property=\"og:image:width\" content=\"984\" \/>\n\t<meta property=\"og:image:height\" content=\"659\" \/>\n\t<meta property=\"og:image:type\" content=\"image\/webp\" \/>\n<meta name=\"author\" content=\"afogadosfm\" \/>\n<meta name=\"twitter:card\" content=\"summary_large_image\" \/>\n<meta name=\"twitter:label1\" content=\"Escrito por\" \/>\n\t<meta name=\"twitter:data1\" content=\"afogadosfm\" \/>\n\t<meta name=\"twitter:label2\" content=\"Est. tempo de leitura\" \/>\n\t<meta name=\"twitter:data2\" content=\"1 minuto\" \/>\n<script type=\"application\/ld+json\" class=\"yoast-schema-graph\">{\"@context\":\"https:\\\/\\\/schema.org\",\"@graph\":[{\"@type\":\"Article\",\"@id\":\"https:\\\/\\\/afogadosfm.com.br\\\/afogadosfm\\\/2025\\\/11\\\/10\\\/pastor-ataca-nordestinos-em-culto-nao-piso-la-sao-preguicosos\\\/#article\",\"isPartOf\":{\"@id\":\"https:\\\/\\\/afogadosfm.com.br\\\/afogadosfm\\\/2025\\\/11\\\/10\\\/pastor-ataca-nordestinos-em-culto-nao-piso-la-sao-preguicosos\\\/\"},\"author\":{\"name\":\"afogadosfm\",\"@id\":\"https:\\\/\\\/afogadosfm.com.br\\\/afogadosfm\\\/#\\\/schema\\\/person\\\/60e56f2cf5dc960fc093fe093d9e9057\"},\"headline\":\"Pastor ataca nordestinos em culto: N\u00e3o piso l\u00e1, s\u00e3o pregui\u00e7osos\",\"datePublished\":\"2025-11-10T10:52:13+00:00\",\"dateModified\":\"2025-11-10T10:52:14+00:00\",\"mainEntityOfPage\":{\"@id\":\"https:\\\/\\\/afogadosfm.com.br\\\/afogadosfm\\\/2025\\\/11\\\/10\\\/pastor-ataca-nordestinos-em-culto-nao-piso-la-sao-preguicosos\\\/\"},\"wordCount\":180,\"commentCount\":0,\"publisher\":{\"@id\":\"https:\\\/\\\/afogadosfm.com.br\\\/afogadosfm\\\/#organization\"},\"image\":{\"@id\":\"https:\\\/\\\/afogadosfm.com.br\\\/afogadosfm\\\/2025\\\/11\\\/10\\\/pastor-ataca-nordestinos-em-culto-nao-piso-la-sao-preguicosos\\\/#primaryimage\"},\"thumbnailUrl\":\"https:\\\/\\\/i0.wp.com\\\/afogadosfm.com.br\\\/afogadosfm\\\/wp-content\\\/uploads\\\/2025\\\/11\\\/pastor-1-.webp?fit=984%2C659&ssl=1\",\"articleSection\":[\"Brasil\"],\"inLanguage\":\"pt-BR\",\"potentialAction\":[{\"@type\":\"CommentAction\",\"name\":\"Comment\",\"target\":[\"https:\\\/\\\/afogadosfm.com.br\\\/afogadosfm\\\/2025\\\/11\\\/10\\\/pastor-ataca-nordestinos-em-culto-nao-piso-la-sao-preguicosos\\\/#respond\"]}]},{\"@type\":\"WebPage\",\"@id\":\"https:\\\/\\\/afogadosfm.com.br\\\/afogadosfm\\\/2025\\\/11\\\/10\\\/pastor-ataca-nordestinos-em-culto-nao-piso-la-sao-preguicosos\\\/\",\"url\":\"https:\\\/\\\/afogadosfm.com.br\\\/afogadosfm\\\/2025\\\/11\\\/10\\\/pastor-ataca-nordestinos-em-culto-nao-piso-la-sao-preguicosos\\\/\",\"name\":\"Pastor ataca nordestinos em culto: N\u00e3o piso l\u00e1, s\u00e3o pregui\u00e7osos - Afogados FM\",\"isPartOf\":{\"@id\":\"https:\\\/\\\/afogadosfm.com.br\\\/afogadosfm\\\/#website\"},\"primaryImageOfPage\":{\"@id\":\"https:\\\/\\\/afogadosfm.com.br\\\/afogadosfm\\\/2025\\\/11\\\/10\\\/pastor-ataca-nordestinos-em-culto-nao-piso-la-sao-preguicosos\\\/#primaryimage\"},\"image\":{\"@id\":\"https:\\\/\\\/afogadosfm.com.br\\\/afogadosfm\\\/2025\\\/11\\\/10\\\/pastor-ataca-nordestinos-em-culto-nao-piso-la-sao-preguicosos\\\/#primaryimage\"},\"thumbnailUrl\":\"https:\\\/\\\/i0.wp.com\\\/afogadosfm.com.br\\\/afogadosfm\\\/wp-content\\\/uploads\\\/2025\\\/11\\\/pastor-1-.webp?fit=984%2C659&ssl=1\",\"datePublished\":\"2025-11-10T10:52:13+00:00\",\"dateModified\":\"2025-11-10T10:52:14+00:00\",\"breadcrumb\":{\"@id\":\"https:\\\/\\\/afogadosfm.com.br\\\/afogadosfm\\\/2025\\\/11\\\/10\\\/pastor-ataca-nordestinos-em-culto-nao-piso-la-sao-preguicosos\\\/#breadcrumb\"},\"inLanguage\":\"pt-BR\",\"potentialAction\":[{\"@type\":\"ReadAction\",\"target\":[\"https:\\\/\\\/afogadosfm.com.br\\\/afogadosfm\\\/2025\\\/11\\\/10\\\/pastor-ataca-nordestinos-em-culto-nao-piso-la-sao-preguicosos\\\/\"]}]},{\"@type\":\"ImageObject\",\"inLanguage\":\"pt-BR\",\"@id\":\"https:\\\/\\\/afogadosfm.com.br\\\/afogadosfm\\\/2025\\\/11\\\/10\\\/pastor-ataca-nordestinos-em-culto-nao-piso-la-sao-preguicosos\\\/#primaryimage\",\"url\":\"https:\\\/\\\/i0.wp.com\\\/afogadosfm.com.br\\\/afogadosfm\\\/wp-content\\\/uploads\\\/2025\\\/11\\\/pastor-1-.webp?fit=984%2C659&ssl=1\",\"contentUrl\":\"https:\\\/\\\/i0.wp.com\\\/afogadosfm.com.br\\\/afogadosfm\\\/wp-content\\\/uploads\\\/2025\\\/11\\\/pastor-1-.webp?fit=984%2C659&ssl=1\",\"width\":984,\"height\":659},{\"@type\":\"BreadcrumbList\",\"@id\":\"https:\\\/\\\/afogadosfm.com.br\\\/afogadosfm\\\/2025\\\/11\\\/10\\\/pastor-ataca-nordestinos-em-culto-nao-piso-la-sao-preguicosos\\\/#breadcrumb\",\"itemListElement\":[{\"@type\":\"ListItem\",\"position\":1,\"name\":\"In\u00edcio\",\"item\":\"https:\\\/\\\/afogadosfm.com.br\\\/afogadosfm\\\/\"},{\"@type\":\"ListItem\",\"position\":2,\"name\":\"Pastor ataca nordestinos em culto: N\u00e3o piso l\u00e1, s\u00e3o pregui\u00e7osos\"}]},{\"@type\":\"WebSite\",\"@id\":\"https:\\\/\\\/afogadosfm.com.br\\\/afogadosfm\\\/#website\",\"url\":\"https:\\\/\\\/afogadosfm.com.br\\\/afogadosfm\\\/\",\"name\":\"Afogados FM\",\"description\":\"Um site completo!\",\"publisher\":{\"@id\":\"https:\\\/\\\/afogadosfm.com.br\\\/afogadosfm\\\/#organization\"},\"potentialAction\":[{\"@type\":\"SearchAction\",\"target\":{\"@type\":\"EntryPoint\",\"urlTemplate\":\"https:\\\/\\\/afogadosfm.com.br\\\/afogadosfm\\\/?s={search_term_string}\"},\"query-input\":{\"@type\":\"PropertyValueSpecification\",\"valueRequired\":true,\"valueName\":\"search_term_string\"}}],\"inLanguage\":\"pt-BR\"},{\"@type\":\"Organization\",\"@id\":\"https:\\\/\\\/afogadosfm.com.br\\\/afogadosfm\\\/#organization\",\"name\":\"Afogados FM\",\"url\":\"https:\\\/\\\/afogadosfm.com.br\\\/afogadosfm\\\/\",\"logo\":{\"@type\":\"ImageObject\",\"inLanguage\":\"pt-BR\",\"@id\":\"https:\\\/\\\/afogadosfm.com.br\\\/afogadosfm\\\/#\\\/schema\\\/logo\\\/image\\\/\",\"url\":\"https:\\\/\\\/i0.wp.com\\\/afogadosfm.com.br\\\/afogadosfm\\\/wp-content\\\/uploads\\\/2020\\\/06\\\/cropped-banner-afogados-4.jpg?fit=369%2C137&ssl=1\",\"contentUrl\":\"https:\\\/\\\/i0.wp.com\\\/afogadosfm.com.br\\\/afogadosfm\\\/wp-content\\\/uploads\\\/2020\\\/06\\\/cropped-banner-afogados-4.jpg?fit=369%2C137&ssl=1\",\"width\":369,\"height\":137,\"caption\":\"Afogados FM\"},\"image\":{\"@id\":\"https:\\\/\\\/afogadosfm.com.br\\\/afogadosfm\\\/#\\\/schema\\\/logo\\\/image\\\/\"}},{\"@type\":\"Person\",\"@id\":\"https:\\\/\\\/afogadosfm.com.br\\\/afogadosfm\\\/#\\\/schema\\\/person\\\/60e56f2cf5dc960fc093fe093d9e9057\",\"name\":\"afogadosfm\",\"image\":{\"@type\":\"ImageObject\",\"inLanguage\":\"pt-BR\",\"@id\":\"https:\\\/\\\/secure.gravatar.com\\\/avatar\\\/e0359add7ed5dc3560906d861b52c6a8cf5c1e199d3a7dd85070998f49bd4701?s=96&d=mm&r=g\",\"url\":\"https:\\\/\\\/secure.gravatar.com\\\/avatar\\\/e0359add7ed5dc3560906d861b52c6a8cf5c1e199d3a7dd85070998f49bd4701?s=96&d=mm&r=g\",\"contentUrl\":\"https:\\\/\\\/secure.gravatar.com\\\/avatar\\\/e0359add7ed5dc3560906d861b52c6a8cf5c1e199d3a7dd85070998f49bd4701?s=96&d=mm&r=g\",\"caption\":\"afogadosfm\"},\"url\":\"https:\\\/\\\/afogadosfm.com.br\\\/afogadosfm\\\/author\\\/afogadosfm\\\/\"}]}<\/script>\n<!-- \/ Yoast SEO plugin. -->","yoast_head_json":{"title":"Pastor ataca nordestinos em culto: N\u00e3o piso l\u00e1, s\u00e3o pregui\u00e7osos - Afogados FM","robots":{"index":"index","follow":"follow","max-snippet":"max-snippet:-1","max-image-preview":"max-image-preview:large","max-video-preview":"max-video-preview:-1"},"canonical":"https:\/\/afogadosfm.com.br\/afogadosfm\/2025\/11\/10\/pastor-ataca-nordestinos-em-culto-nao-piso-la-sao-preguicosos\/","og_locale":"pt_BR","og_type":"article","og_title":"Pastor ataca nordestinos em culto: N\u00e3o piso l\u00e1, s\u00e3o pregui\u00e7osos - Afogados FM","og_description":"Um pastor da Primeira Igreja Batista de Piabet\u00e1, em Mag\u00e9, no interior do Rio de Janeiro, atacou nordestinos durante um","og_url":"https:\/\/afogadosfm.com.br\/afogadosfm\/2025\/11\/10\/pastor-ataca-nordestinos-em-culto-nao-piso-la-sao-preguicosos\/","og_site_name":"Afogados FM","article_published_time":"2025-11-10T10:52:13+00:00","article_modified_time":"2025-11-10T10:52:14+00:00","og_image":[{"width":984,"height":659,"url":"https:\/\/afogadosfm.com.br\/afogadosfm\/wp-content\/uploads\/2025\/11\/pastor-1-.webp","type":"image\/webp"}],"author":"afogadosfm","twitter_card":"summary_large_image","twitter_misc":{"Escrito por":"afogadosfm","Est. tempo de leitura":"1 minuto"},"schema":{"@context":"https:\/\/schema.org","@graph":[{"@type":"Article","@id":"https:\/\/afogadosfm.com.br\/afogadosfm\/2025\/11\/10\/pastor-ataca-nordestinos-em-culto-nao-piso-la-sao-preguicosos\/#article","isPartOf":{"@id":"https:\/\/afogadosfm.com.br\/afogadosfm\/2025\/11\/10\/pastor-ataca-nordestinos-em-culto-nao-piso-la-sao-preguicosos\/"},"author":{"name":"afogadosfm","@id":"https:\/\/afogadosfm.com.br\/afogadosfm\/#\/schema\/person\/60e56f2cf5dc960fc093fe093d9e9057"},"headline":"Pastor ataca nordestinos em culto: N\u00e3o piso l\u00e1, s\u00e3o pregui\u00e7osos","datePublished":"2025-11-10T10:52:13+00:00","dateModified":"2025-11-10T10:52:14+00:00","mainEntityOfPage":{"@id":"https:\/\/afogadosfm.com.br\/afogadosfm\/2025\/11\/10\/pastor-ataca-nordestinos-em-culto-nao-piso-la-sao-preguicosos\/"},"wordCount":180,"commentCount":0,"publisher":{"@id":"https:\/\/afogadosfm.com.br\/afogadosfm\/#organization"},"image":{"@id":"https:\/\/afogadosfm.com.br\/afogadosfm\/2025\/11\/10\/pastor-ataca-nordestinos-em-culto-nao-piso-la-sao-preguicosos\/#primaryimage"},"thumbnailUrl":"https:\/\/i0.wp.com\/afogadosfm.com.br\/afogadosfm\/wp-content\/uploads\/2025\/11\/pastor-1-.webp?fit=984%2C659&ssl=1","articleSection":["Brasil"],"inLanguage":"pt-BR","potentialAction":[{"@type":"CommentAction","name":"Comment","target":["https:\/\/afogadosfm.com.br\/afogadosfm\/2025\/11\/10\/pastor-ataca-nordestinos-em-culto-nao-piso-la-sao-preguicosos\/#respond"]}]},{"@type":"WebPage","@id":"https:\/\/afogadosfm.com.br\/afogadosfm\/2025\/11\/10\/pastor-ataca-nordestinos-em-culto-nao-piso-la-sao-preguicosos\/","url":"https:\/\/afogadosfm.com.br\/afogadosfm\/2025\/11\/10\/pastor-ataca-nordestinos-em-culto-nao-piso-la-sao-preguicosos\/","name":"Pastor ataca nordestinos em culto: N\u00e3o piso l\u00e1, s\u00e3o pregui\u00e7osos - Afogados FM","isPartOf":{"@id":"https:\/\/afogadosfm.com.br\/afogadosfm\/#website"},"primaryImageOfPage":{"@id":"https:\/\/afogadosfm.com.br\/afogadosfm\/2025\/11\/10\/pastor-ataca-nordestinos-em-culto-nao-piso-la-sao-preguicosos\/#primaryimage"},"image":{"@id":"https:\/\/afogadosfm.com.br\/afogadosfm\/2025\/11\/10\/pastor-ataca-nordestinos-em-culto-nao-piso-la-sao-preguicosos\/#primaryimage"},"thumbnailUrl":"https:\/\/i0.wp.com\/afogadosfm.com.br\/afogadosfm\/wp-content\/uploads\/2025\/11\/pastor-1-.webp?fit=984%2C659&ssl=1","datePublished":"2025-11-10T10:52:13+00:00","dateModified":"2025-11-10T10:52:14+00:00","breadcrumb":{"@id":"https:\/\/afogadosfm.com.br\/afogadosfm\/2025\/11\/10\/pastor-ataca-nordestinos-em-culto-nao-piso-la-sao-preguicosos\/#breadcrumb"},"inLanguage":"pt-BR","potentialAction":[{"@type":"ReadAction","target":["https:\/\/afogadosfm.com.br\/afogadosfm\/2025\/11\/10\/pastor-ataca-nordestinos-em-culto-nao-piso-la-sao-preguicosos\/"]}]},{"@type":"ImageObject","inLanguage":"pt-BR","@id":"https:\/\/afogadosfm.com.br\/afogadosfm\/2025\/11\/10\/pastor-ataca-nordestinos-em-culto-nao-piso-la-sao-preguicosos\/#primaryimage","url":"https:\/\/i0.wp.com\/afogadosfm.com.br\/afogadosfm\/wp-content\/uploads\/2025\/11\/pastor-1-.webp?fit=984%2C659&ssl=1","contentUrl":"https:\/\/i0.wp.com\/afogadosfm.com.br\/afogadosfm\/wp-content\/uploads\/2025\/11\/pastor-1-.webp?fit=984%2C659&ssl=1","width":984,"height":659},{"@type":"BreadcrumbList","@id":"https:\/\/afogadosfm.com.br\/afogadosfm\/2025\/11\/10\/pastor-ataca-nordestinos-em-culto-nao-piso-la-sao-preguicosos\/#breadcrumb","itemListElement":[{"@type":"ListItem","position":1,"name":"In\u00edcio","item":"https:\/\/afogadosfm.com.br\/afogadosfm\/"},{"@type":"ListItem","position":2,"name":"Pastor ataca nordestinos em culto: N\u00e3o piso l\u00e1, s\u00e3o pregui\u00e7osos"}]},{"@type":"WebSite","@id":"https:\/\/afogadosfm.com.br\/afogadosfm\/#website","url":"https:\/\/afogadosfm.com.br\/afogadosfm\/","name":"Afogados FM","description":"Um site completo!","publisher":{"@id":"https:\/\/afogadosfm.com.br\/afogadosfm\/#organization"},"potentialAction":[{"@type":"SearchAction","target":{"@type":"EntryPoint","urlTemplate":"https:\/\/afogadosfm.com.br\/afogadosfm\/?s={search_term_string}"},"query-input":{"@type":"PropertyValueSpecification","valueRequired":true,"valueName":"search_term_string"}}],"inLanguage":"pt-BR"},{"@type":"Organization","@id":"https:\/\/afogadosfm.com.br\/afogadosfm\/#organization","name":"Afogados FM","url":"https:\/\/afogadosfm.com.br\/afogadosfm\/","logo":{"@type":"ImageObject","inLanguage":"pt-BR","@id":"https:\/\/afogadosfm.com.br\/afogadosfm\/#\/schema\/logo\/image\/","url":"https:\/\/i0.wp.com\/afogadosfm.com.br\/afogadosfm\/wp-content\/uploads\/2020\/06\/cropped-banner-afogados-4.jpg?fit=369%2C137&ssl=1","contentUrl":"https:\/\/i0.wp.com\/afogadosfm.com.br\/afogadosfm\/wp-content\/uploads\/2020\/06\/cropped-banner-afogados-4.jpg?fit=369%2C137&ssl=1","width":369,"height":137,"caption":"Afogados FM"},"image":{"@id":"https:\/\/afogadosfm.com.br\/afogadosfm\/#\/schema\/logo\/image\/"}},{"@type":"Person","@id":"https:\/\/afogadosfm.com.br\/afogadosfm\/#\/schema\/person\/60e56f2cf5dc960fc093fe093d9e9057","name":"afogadosfm","image":{"@type":"ImageObject","inLanguage":"pt-BR","@id":"https:\/\/secure.gravatar.com\/avatar\/e0359add7ed5dc3560906d861b52c6a8cf5c1e199d3a7dd85070998f49bd4701?s=96&d=mm&r=g","url":"https:\/\/secure.gravatar.com\/avatar\/e0359add7ed5dc3560906d861b52c6a8cf5c1e199d3a7dd85070998f49bd4701?s=96&d=mm&r=g","contentUrl":"https:\/\/secure.gravatar.com\/avatar\/e0359add7ed5dc3560906d861b52c6a8cf5c1e199d3a7dd85070998f49bd4701?s=96&d=mm&r=g","caption":"afogadosfm"},"url":"https:\/\/afogadosfm.com.br\/afogadosfm\/author\/afogadosfm\/"}]}},"jetpack_publicize_connections":[],"jetpack_featured_media_url":"https:\/\/i0.wp.com\/afogadosfm.com.br\/afogadosfm\/wp-content\/uploads\/2025\/11\/pastor-1-.webp?fit=984%2C659&ssl=1","jetpack-related-posts":[],"jetpack_sharing_enabled":true,"jetpack_likes_enabled":true,"_links":{"self":[{"href":"https:\/\/afogadosfm.com.br\/afogadosfm\/wp-json\/wp\/v2\/posts\/70409","targetHints":{"allow":["GET"]}}],"collection":[{"href":"https:\/\/afogadosfm.com.br\/afogadosfm\/wp-json\/wp\/v2\/posts"}],"about":[{"href":"https:\/\/afogadosfm.com.br\/afogadosfm\/wp-json\/wp\/v2\/types\/post"}],"author":[{"embeddable":true,"href":"https:\/\/afogadosfm.com.br\/afogadosfm\/wp-json\/wp\/v2\/users\/2"}],"replies":[{"embeddable":true,"href":"https:\/\/afogadosfm.com.br\/afogadosfm\/wp-json\/wp\/v2\/comments?post=70409"}],"version-history":[{"count":1,"href":"https:\/\/afogadosfm.com.br\/afogadosfm\/wp-json\/wp\/v2\/posts\/70409\/revisions"}],"predecessor-version":[{"id":70412,"href":"https:\/\/afogadosfm.com.br\/afogadosfm\/wp-json\/wp\/v2\/posts\/70409\/revisions\/70412"}],"wp:featuredmedia":[{"embeddable":true,"href":"https:\/\/afogadosfm.com.br\/afogadosfm\/wp-json\/wp\/v2\/media\/70411"}],"wp:attachment":[{"href":"https:\/\/afogadosfm.com.br\/afogadosfm\/wp-json\/wp\/v2\/media?parent=70409"}],"wp:term":[{"taxonomy":"category","embeddable":true,"href":"https:\/\/afogadosfm.com.br\/afogadosfm\/wp-json\/wp\/v2\/categories?post=70409"},{"taxonomy":"post_tag","embeddable":true,"href":"https:\/\/afogadosfm.com.br\/afogadosfm\/wp-json\/wp\/v2\/tags?post=70409"}],"curies":[{"name":"wp","href":"https:\/\/api.w.org\/{rel}","templated":true}]}}