{"id":70520,"date":"2025-11-13T16:31:36","date_gmt":"2025-11-13T19:31:36","guid":{"rendered":"https:\/\/afogadosfm.com.br\/afogadosfm\/?p=70520"},"modified":"2025-11-13T16:31:37","modified_gmt":"2025-11-13T19:31:37","slug":"prefeitura-de-afogados-vai-entregar-a-populacao-novas-instalacoes-do-centro-de-telemedicina-e-sede-do-conselho-municipal-de-saude","status":"publish","type":"post","link":"https:\/\/afogadosfm.com.br\/afogadosfm\/2025\/11\/13\/prefeitura-de-afogados-vai-entregar-a-populacao-novas-instalacoes-do-centro-de-telemedicina-e-sede-do-conselho-municipal-de-saude\/","title":{"rendered":"Prefeitura de Afogados vai entregar \u00e0 popula\u00e7\u00e3o novas instala\u00e7\u00f5es do centro de telemedicina e sede do conselho municipal de sa\u00fade"},"content":{"rendered":"\n<p><\/p>\n\n\n\n<p>A Prefeitura de Afogados vai entregar \u00e0 popula\u00e7\u00e3o, nesta sexta (14), as novas instala\u00e7\u00f5es do Centro de Sa\u00fade Digital (Telemedicina), na Rua J\u00falio C\u00e2mara, n\u00b0 767, no antigo pr\u00e9dio do centro de especialidades odontol\u00f3gicas.<\/p>\n\n\n\n<p>A mudan\u00e7a se fez necess\u00e1ria por duas raz\u00f5es: o crescimento no volume de atendimentos na area de sa\u00fade digital, e a obra para a constru\u00e7\u00e3o da nova UBS Mandacaru l, cujos recursos j\u00e1 foram garantidos junto ao Governo Federal, atrav\u00e9s do PAC.<\/p>\n\n\n\n<p>As novas instala\u00e7\u00f5es que ser\u00e3o entregues amanh\u00e3, tamb\u00e9m ir\u00e1 abrigar a primeira sede do Conselho Municipal de Sa\u00fade, ampliando e fortalecendo o controle social das a\u00e7\u00f5es de sa\u00fade no munic\u00edpio. \u201cO conselho municipal de sa\u00fade de afogados \u00e9 reconhecido como um dos mais atuantes do Estado. E agora, com sede pr\u00f3pria, o controle social sai fortalecido dentro da estrutura de gest\u00e3o da sa\u00fade do munic\u00edpio de Afogados da Ingazeira,\u201d destacou o Secret\u00e1rio de sa\u00fade de Afogados, Artur Amorim. A entrega das novas instala\u00e7\u00f5es acontece nesta sexta (14), a partir das 16h30, na Rua J\u00falio C\u00e2mara, n\u00ba 766.<\/p>\n","protected":false},"excerpt":{"rendered":"<p>A Prefeitura de Afogados vai entregar \u00e0 popula\u00e7\u00e3o, nesta sexta (14), as novas instala\u00e7\u00f5es do Centro de Sa\u00fade Digital (Telemedicina),<\/p>\n","protected":false},"author":2,"featured_media":70521,"comment_status":"open","ping_status":"open","sticky":false,"template":"","format":"standard","meta":{"jetpack_post_was_ever_published":false,"_jetpack_newsletter_access":"","_jetpack_dont_email_post_to_subs":false,"_jetpack_newsletter_tier_id":0,"_jetpack_memberships_contains_paywalled_content":false,"_jetpack_memberships_contains_paid_content":false,"footnotes":"","jetpack_publicize_message":"","jetpack_publicize_feature_enabled":true,"jetpack_social_post_already_shared":true,"jetpack_social_options":{"image_generator_settings":{"template":"highway","default_image_id":0,"font":"","enabled":false},"version":2}},"categories":[14],"tags":[],"class_list":["post-70520","post","type-post","status-publish","format-standard","has-post-thumbnail","hentry","category-afogados-da-ingazeira"],"yoast_head":"<!-- This site is optimized with the Yoast SEO plugin v27.5 - https:\/\/yoast.com\/product\/yoast-seo-wordpress\/ -->\n<title>Prefeitura de Afogados vai entregar \u00e0 popula\u00e7\u00e3o novas instala\u00e7\u00f5es do centro de telemedicina e sede do conselho municipal de sa\u00fade - Afogados FM<\/title>\n<meta name=\"robots\" content=\"index, follow, max-snippet:-1, max-image-preview:large, max-video-preview:-1\" \/>\n<link rel=\"canonical\" href=\"https:\/\/afogadosfm.com.br\/afogadosfm\/2025\/11\/13\/prefeitura-de-afogados-vai-entregar-a-populacao-novas-instalacoes-do-centro-de-telemedicina-e-sede-do-conselho-municipal-de-saude\/\" \/>\n<meta property=\"og:locale\" content=\"pt_BR\" \/>\n<meta property=\"og:type\" content=\"article\" \/>\n<meta property=\"og:title\" content=\"Prefeitura de Afogados vai entregar \u00e0 popula\u00e7\u00e3o novas instala\u00e7\u00f5es do centro de telemedicina e sede do conselho municipal de sa\u00fade - Afogados FM\" \/>\n<meta property=\"og:description\" content=\"A Prefeitura de Afogados vai entregar \u00e0 popula\u00e7\u00e3o, nesta sexta (14), as novas instala\u00e7\u00f5es do Centro de Sa\u00fade Digital (Telemedicina),\" \/>\n<meta property=\"og:url\" content=\"https:\/\/afogadosfm.com.br\/afogadosfm\/2025\/11\/13\/prefeitura-de-afogados-vai-entregar-a-populacao-novas-instalacoes-do-centro-de-telemedicina-e-sede-do-conselho-municipal-de-saude\/\" \/>\n<meta property=\"og:site_name\" content=\"Afogados FM\" \/>\n<meta property=\"article:published_time\" content=\"2025-11-13T19:31:36+00:00\" \/>\n<meta property=\"article:modified_time\" content=\"2025-11-13T19:31:37+00:00\" \/>\n<meta property=\"og:image\" content=\"https:\/\/afogadosfm.com.br\/afogadosfm\/wp-content\/uploads\/2025\/11\/e9a7f586-3c20-4efa-adef-3d6d350c6b9d.jpeg\" \/>\n\t<meta property=\"og:image:width\" content=\"1600\" \/>\n\t<meta property=\"og:image:height\" content=\"900\" \/>\n\t<meta property=\"og:image:type\" content=\"image\/jpeg\" \/>\n<meta name=\"author\" content=\"afogadosfm\" \/>\n<meta name=\"twitter:card\" content=\"summary_large_image\" \/>\n<meta name=\"twitter:label1\" content=\"Escrito por\" \/>\n\t<meta name=\"twitter:data1\" content=\"afogadosfm\" \/>\n\t<meta name=\"twitter:label2\" content=\"Est. tempo de leitura\" \/>\n\t<meta name=\"twitter:data2\" content=\"2 minutos\" \/>\n<script type=\"application\/ld+json\" class=\"yoast-schema-graph\">{\"@context\":\"https:\\\/\\\/schema.org\",\"@graph\":[{\"@type\":\"Article\",\"@id\":\"https:\\\/\\\/afogadosfm.com.br\\\/afogadosfm\\\/2025\\\/11\\\/13\\\/prefeitura-de-afogados-vai-entregar-a-populacao-novas-instalacoes-do-centro-de-telemedicina-e-sede-do-conselho-municipal-de-saude\\\/#article\",\"isPartOf\":{\"@id\":\"https:\\\/\\\/afogadosfm.com.br\\\/afogadosfm\\\/2025\\\/11\\\/13\\\/prefeitura-de-afogados-vai-entregar-a-populacao-novas-instalacoes-do-centro-de-telemedicina-e-sede-do-conselho-municipal-de-saude\\\/\"},\"author\":{\"name\":\"afogadosfm\",\"@id\":\"https:\\\/\\\/afogadosfm.com.br\\\/afogadosfm\\\/#\\\/schema\\\/person\\\/60e56f2cf5dc960fc093fe093d9e9057\"},\"headline\":\"Prefeitura de Afogados vai entregar \u00e0 popula\u00e7\u00e3o novas instala\u00e7\u00f5es do centro de telemedicina e sede do conselho municipal de sa\u00fade\",\"datePublished\":\"2025-11-13T19:31:36+00:00\",\"dateModified\":\"2025-11-13T19:31:37+00:00\",\"mainEntityOfPage\":{\"@id\":\"https:\\\/\\\/afogadosfm.com.br\\\/afogadosfm\\\/2025\\\/11\\\/13\\\/prefeitura-de-afogados-vai-entregar-a-populacao-novas-instalacoes-do-centro-de-telemedicina-e-sede-do-conselho-municipal-de-saude\\\/\"},\"wordCount\":219,\"commentCount\":0,\"publisher\":{\"@id\":\"https:\\\/\\\/afogadosfm.com.br\\\/afogadosfm\\\/#organization\"},\"image\":{\"@id\":\"https:\\\/\\\/afogadosfm.com.br\\\/afogadosfm\\\/2025\\\/11\\\/13\\\/prefeitura-de-afogados-vai-entregar-a-populacao-novas-instalacoes-do-centro-de-telemedicina-e-sede-do-conselho-municipal-de-saude\\\/#primaryimage\"},\"thumbnailUrl\":\"https:\\\/\\\/i0.wp.com\\\/afogadosfm.com.br\\\/afogadosfm\\\/wp-content\\\/uploads\\\/2025\\\/11\\\/e9a7f586-3c20-4efa-adef-3d6d350c6b9d.jpeg?fit=1600%2C900&ssl=1\",\"articleSection\":[\"Afogados da Ingazeira\"],\"inLanguage\":\"pt-BR\",\"potentialAction\":[{\"@type\":\"CommentAction\",\"name\":\"Comment\",\"target\":[\"https:\\\/\\\/afogadosfm.com.br\\\/afogadosfm\\\/2025\\\/11\\\/13\\\/prefeitura-de-afogados-vai-entregar-a-populacao-novas-instalacoes-do-centro-de-telemedicina-e-sede-do-conselho-municipal-de-saude\\\/#respond\"]}]},{\"@type\":\"WebPage\",\"@id\":\"https:\\\/\\\/afogadosfm.com.br\\\/afogadosfm\\\/2025\\\/11\\\/13\\\/prefeitura-de-afogados-vai-entregar-a-populacao-novas-instalacoes-do-centro-de-telemedicina-e-sede-do-conselho-municipal-de-saude\\\/\",\"url\":\"https:\\\/\\\/afogadosfm.com.br\\\/afogadosfm\\\/2025\\\/11\\\/13\\\/prefeitura-de-afogados-vai-entregar-a-populacao-novas-instalacoes-do-centro-de-telemedicina-e-sede-do-conselho-municipal-de-saude\\\/\",\"name\":\"Prefeitura de Afogados vai entregar \u00e0 popula\u00e7\u00e3o novas instala\u00e7\u00f5es do centro de telemedicina e sede do conselho municipal de sa\u00fade - Afogados FM\",\"isPartOf\":{\"@id\":\"https:\\\/\\\/afogadosfm.com.br\\\/afogadosfm\\\/#website\"},\"primaryImageOfPage\":{\"@id\":\"https:\\\/\\\/afogadosfm.com.br\\\/afogadosfm\\\/2025\\\/11\\\/13\\\/prefeitura-de-afogados-vai-entregar-a-populacao-novas-instalacoes-do-centro-de-telemedicina-e-sede-do-conselho-municipal-de-saude\\\/#primaryimage\"},\"image\":{\"@id\":\"https:\\\/\\\/afogadosfm.com.br\\\/afogadosfm\\\/2025\\\/11\\\/13\\\/prefeitura-de-afogados-vai-entregar-a-populacao-novas-instalacoes-do-centro-de-telemedicina-e-sede-do-conselho-municipal-de-saude\\\/#primaryimage\"},\"thumbnailUrl\":\"https:\\\/\\\/i0.wp.com\\\/afogadosfm.com.br\\\/afogadosfm\\\/wp-content\\\/uploads\\\/2025\\\/11\\\/e9a7f586-3c20-4efa-adef-3d6d350c6b9d.jpeg?fit=1600%2C900&ssl=1\",\"datePublished\":\"2025-11-13T19:31:36+00:00\",\"dateModified\":\"2025-11-13T19:31:37+00:00\",\"breadcrumb\":{\"@id\":\"https:\\\/\\\/afogadosfm.com.br\\\/afogadosfm\\\/2025\\\/11\\\/13\\\/prefeitura-de-afogados-vai-entregar-a-populacao-novas-instalacoes-do-centro-de-telemedicina-e-sede-do-conselho-municipal-de-saude\\\/#breadcrumb\"},\"inLanguage\":\"pt-BR\",\"potentialAction\":[{\"@type\":\"ReadAction\",\"target\":[\"https:\\\/\\\/afogadosfm.com.br\\\/afogadosfm\\\/2025\\\/11\\\/13\\\/prefeitura-de-afogados-vai-entregar-a-populacao-novas-instalacoes-do-centro-de-telemedicina-e-sede-do-conselho-municipal-de-saude\\\/\"]}]},{\"@type\":\"ImageObject\",\"inLanguage\":\"pt-BR\",\"@id\":\"https:\\\/\\\/afogadosfm.com.br\\\/afogadosfm\\\/2025\\\/11\\\/13\\\/prefeitura-de-afogados-vai-entregar-a-populacao-novas-instalacoes-do-centro-de-telemedicina-e-sede-do-conselho-municipal-de-saude\\\/#primaryimage\",\"url\":\"https:\\\/\\\/i0.wp.com\\\/afogadosfm.com.br\\\/afogadosfm\\\/wp-content\\\/uploads\\\/2025\\\/11\\\/e9a7f586-3c20-4efa-adef-3d6d350c6b9d.jpeg?fit=1600%2C900&ssl=1\",\"contentUrl\":\"https:\\\/\\\/i0.wp.com\\\/afogadosfm.com.br\\\/afogadosfm\\\/wp-content\\\/uploads\\\/2025\\\/11\\\/e9a7f586-3c20-4efa-adef-3d6d350c6b9d.jpeg?fit=1600%2C900&ssl=1\",\"width\":1600,\"height\":900},{\"@type\":\"BreadcrumbList\",\"@id\":\"https:\\\/\\\/afogadosfm.com.br\\\/afogadosfm\\\/2025\\\/11\\\/13\\\/prefeitura-de-afogados-vai-entregar-a-populacao-novas-instalacoes-do-centro-de-telemedicina-e-sede-do-conselho-municipal-de-saude\\\/#breadcrumb\",\"itemListElement\":[{\"@type\":\"ListItem\",\"position\":1,\"name\":\"In\u00edcio\",\"item\":\"https:\\\/\\\/afogadosfm.com.br\\\/afogadosfm\\\/\"},{\"@type\":\"ListItem\",\"position\":2,\"name\":\"Prefeitura de Afogados vai entregar \u00e0 popula\u00e7\u00e3o novas instala\u00e7\u00f5es do centro de telemedicina e sede do conselho municipal de sa\u00fade\"}]},{\"@type\":\"WebSite\",\"@id\":\"https:\\\/\\\/afogadosfm.com.br\\\/afogadosfm\\\/#website\",\"url\":\"https:\\\/\\\/afogadosfm.com.br\\\/afogadosfm\\\/\",\"name\":\"Afogados FM\",\"description\":\"Um site completo!\",\"publisher\":{\"@id\":\"https:\\\/\\\/afogadosfm.com.br\\\/afogadosfm\\\/#organization\"},\"potentialAction\":[{\"@type\":\"SearchAction\",\"target\":{\"@type\":\"EntryPoint\",\"urlTemplate\":\"https:\\\/\\\/afogadosfm.com.br\\\/afogadosfm\\\/?s={search_term_string}\"},\"query-input\":{\"@type\":\"PropertyValueSpecification\",\"valueRequired\":true,\"valueName\":\"search_term_string\"}}],\"inLanguage\":\"pt-BR\"},{\"@type\":\"Organization\",\"@id\":\"https:\\\/\\\/afogadosfm.com.br\\\/afogadosfm\\\/#organization\",\"name\":\"Afogados FM\",\"url\":\"https:\\\/\\\/afogadosfm.com.br\\\/afogadosfm\\\/\",\"logo\":{\"@type\":\"ImageObject\",\"inLanguage\":\"pt-BR\",\"@id\":\"https:\\\/\\\/afogadosfm.com.br\\\/afogadosfm\\\/#\\\/schema\\\/logo\\\/image\\\/\",\"url\":\"https:\\\/\\\/i0.wp.com\\\/afogadosfm.com.br\\\/afogadosfm\\\/wp-content\\\/uploads\\\/2020\\\/06\\\/cropped-banner-afogados-4.jpg?fit=369%2C137&ssl=1\",\"contentUrl\":\"https:\\\/\\\/i0.wp.com\\\/afogadosfm.com.br\\\/afogadosfm\\\/wp-content\\\/uploads\\\/2020\\\/06\\\/cropped-banner-afogados-4.jpg?fit=369%2C137&ssl=1\",\"width\":369,\"height\":137,\"caption\":\"Afogados FM\"},\"image\":{\"@id\":\"https:\\\/\\\/afogadosfm.com.br\\\/afogadosfm\\\/#\\\/schema\\\/logo\\\/image\\\/\"}},{\"@type\":\"Person\",\"@id\":\"https:\\\/\\\/afogadosfm.com.br\\\/afogadosfm\\\/#\\\/schema\\\/person\\\/60e56f2cf5dc960fc093fe093d9e9057\",\"name\":\"afogadosfm\",\"image\":{\"@type\":\"ImageObject\",\"inLanguage\":\"pt-BR\",\"@id\":\"https:\\\/\\\/secure.gravatar.com\\\/avatar\\\/e0359add7ed5dc3560906d861b52c6a8cf5c1e199d3a7dd85070998f49bd4701?s=96&d=mm&r=g\",\"url\":\"https:\\\/\\\/secure.gravatar.com\\\/avatar\\\/e0359add7ed5dc3560906d861b52c6a8cf5c1e199d3a7dd85070998f49bd4701?s=96&d=mm&r=g\",\"contentUrl\":\"https:\\\/\\\/secure.gravatar.com\\\/avatar\\\/e0359add7ed5dc3560906d861b52c6a8cf5c1e199d3a7dd85070998f49bd4701?s=96&d=mm&r=g\",\"caption\":\"afogadosfm\"},\"url\":\"https:\\\/\\\/afogadosfm.com.br\\\/afogadosfm\\\/author\\\/afogadosfm\\\/\"}]}<\/script>\n<!-- \/ Yoast SEO plugin. -->","yoast_head_json":{"title":"Prefeitura de Afogados vai entregar \u00e0 popula\u00e7\u00e3o novas instala\u00e7\u00f5es do centro de telemedicina e sede do conselho municipal de sa\u00fade - Afogados FM","robots":{"index":"index","follow":"follow","max-snippet":"max-snippet:-1","max-image-preview":"max-image-preview:large","max-video-preview":"max-video-preview:-1"},"canonical":"https:\/\/afogadosfm.com.br\/afogadosfm\/2025\/11\/13\/prefeitura-de-afogados-vai-entregar-a-populacao-novas-instalacoes-do-centro-de-telemedicina-e-sede-do-conselho-municipal-de-saude\/","og_locale":"pt_BR","og_type":"article","og_title":"Prefeitura de Afogados vai entregar \u00e0 popula\u00e7\u00e3o novas instala\u00e7\u00f5es do centro de telemedicina e sede do conselho municipal de sa\u00fade - Afogados FM","og_description":"A Prefeitura de Afogados vai entregar \u00e0 popula\u00e7\u00e3o, nesta sexta (14), as novas instala\u00e7\u00f5es do Centro de Sa\u00fade Digital (Telemedicina),","og_url":"https:\/\/afogadosfm.com.br\/afogadosfm\/2025\/11\/13\/prefeitura-de-afogados-vai-entregar-a-populacao-novas-instalacoes-do-centro-de-telemedicina-e-sede-do-conselho-municipal-de-saude\/","og_site_name":"Afogados FM","article_published_time":"2025-11-13T19:31:36+00:00","article_modified_time":"2025-11-13T19:31:37+00:00","og_image":[{"width":1600,"height":900,"url":"https:\/\/afogadosfm.com.br\/afogadosfm\/wp-content\/uploads\/2025\/11\/e9a7f586-3c20-4efa-adef-3d6d350c6b9d.jpeg","type":"image\/jpeg"}],"author":"afogadosfm","twitter_card":"summary_large_image","twitter_misc":{"Escrito por":"afogadosfm","Est. tempo de leitura":"2 minutos"},"schema":{"@context":"https:\/\/schema.org","@graph":[{"@type":"Article","@id":"https:\/\/afogadosfm.com.br\/afogadosfm\/2025\/11\/13\/prefeitura-de-afogados-vai-entregar-a-populacao-novas-instalacoes-do-centro-de-telemedicina-e-sede-do-conselho-municipal-de-saude\/#article","isPartOf":{"@id":"https:\/\/afogadosfm.com.br\/afogadosfm\/2025\/11\/13\/prefeitura-de-afogados-vai-entregar-a-populacao-novas-instalacoes-do-centro-de-telemedicina-e-sede-do-conselho-municipal-de-saude\/"},"author":{"name":"afogadosfm","@id":"https:\/\/afogadosfm.com.br\/afogadosfm\/#\/schema\/person\/60e56f2cf5dc960fc093fe093d9e9057"},"headline":"Prefeitura de Afogados vai entregar \u00e0 popula\u00e7\u00e3o novas instala\u00e7\u00f5es do centro de telemedicina e sede do conselho municipal de sa\u00fade","datePublished":"2025-11-13T19:31:36+00:00","dateModified":"2025-11-13T19:31:37+00:00","mainEntityOfPage":{"@id":"https:\/\/afogadosfm.com.br\/afogadosfm\/2025\/11\/13\/prefeitura-de-afogados-vai-entregar-a-populacao-novas-instalacoes-do-centro-de-telemedicina-e-sede-do-conselho-municipal-de-saude\/"},"wordCount":219,"commentCount":0,"publisher":{"@id":"https:\/\/afogadosfm.com.br\/afogadosfm\/#organization"},"image":{"@id":"https:\/\/afogadosfm.com.br\/afogadosfm\/2025\/11\/13\/prefeitura-de-afogados-vai-entregar-a-populacao-novas-instalacoes-do-centro-de-telemedicina-e-sede-do-conselho-municipal-de-saude\/#primaryimage"},"thumbnailUrl":"https:\/\/i0.wp.com\/afogadosfm.com.br\/afogadosfm\/wp-content\/uploads\/2025\/11\/e9a7f586-3c20-4efa-adef-3d6d350c6b9d.jpeg?fit=1600%2C900&ssl=1","articleSection":["Afogados da Ingazeira"],"inLanguage":"pt-BR","potentialAction":[{"@type":"CommentAction","name":"Comment","target":["https:\/\/afogadosfm.com.br\/afogadosfm\/2025\/11\/13\/prefeitura-de-afogados-vai-entregar-a-populacao-novas-instalacoes-do-centro-de-telemedicina-e-sede-do-conselho-municipal-de-saude\/#respond"]}]},{"@type":"WebPage","@id":"https:\/\/afogadosfm.com.br\/afogadosfm\/2025\/11\/13\/prefeitura-de-afogados-vai-entregar-a-populacao-novas-instalacoes-do-centro-de-telemedicina-e-sede-do-conselho-municipal-de-saude\/","url":"https:\/\/afogadosfm.com.br\/afogadosfm\/2025\/11\/13\/prefeitura-de-afogados-vai-entregar-a-populacao-novas-instalacoes-do-centro-de-telemedicina-e-sede-do-conselho-municipal-de-saude\/","name":"Prefeitura de Afogados vai entregar \u00e0 popula\u00e7\u00e3o novas instala\u00e7\u00f5es do centro de telemedicina e sede do conselho municipal de sa\u00fade - Afogados FM","isPartOf":{"@id":"https:\/\/afogadosfm.com.br\/afogadosfm\/#website"},"primaryImageOfPage":{"@id":"https:\/\/afogadosfm.com.br\/afogadosfm\/2025\/11\/13\/prefeitura-de-afogados-vai-entregar-a-populacao-novas-instalacoes-do-centro-de-telemedicina-e-sede-do-conselho-municipal-de-saude\/#primaryimage"},"image":{"@id":"https:\/\/afogadosfm.com.br\/afogadosfm\/2025\/11\/13\/prefeitura-de-afogados-vai-entregar-a-populacao-novas-instalacoes-do-centro-de-telemedicina-e-sede-do-conselho-municipal-de-saude\/#primaryimage"},"thumbnailUrl":"https:\/\/i0.wp.com\/afogadosfm.com.br\/afogadosfm\/wp-content\/uploads\/2025\/11\/e9a7f586-3c20-4efa-adef-3d6d350c6b9d.jpeg?fit=1600%2C900&ssl=1","datePublished":"2025-11-13T19:31:36+00:00","dateModified":"2025-11-13T19:31:37+00:00","breadcrumb":{"@id":"https:\/\/afogadosfm.com.br\/afogadosfm\/2025\/11\/13\/prefeitura-de-afogados-vai-entregar-a-populacao-novas-instalacoes-do-centro-de-telemedicina-e-sede-do-conselho-municipal-de-saude\/#breadcrumb"},"inLanguage":"pt-BR","potentialAction":[{"@type":"ReadAction","target":["https:\/\/afogadosfm.com.br\/afogadosfm\/2025\/11\/13\/prefeitura-de-afogados-vai-entregar-a-populacao-novas-instalacoes-do-centro-de-telemedicina-e-sede-do-conselho-municipal-de-saude\/"]}]},{"@type":"ImageObject","inLanguage":"pt-BR","@id":"https:\/\/afogadosfm.com.br\/afogadosfm\/2025\/11\/13\/prefeitura-de-afogados-vai-entregar-a-populacao-novas-instalacoes-do-centro-de-telemedicina-e-sede-do-conselho-municipal-de-saude\/#primaryimage","url":"https:\/\/i0.wp.com\/afogadosfm.com.br\/afogadosfm\/wp-content\/uploads\/2025\/11\/e9a7f586-3c20-4efa-adef-3d6d350c6b9d.jpeg?fit=1600%2C900&ssl=1","contentUrl":"https:\/\/i0.wp.com\/afogadosfm.com.br\/afogadosfm\/wp-content\/uploads\/2025\/11\/e9a7f586-3c20-4efa-adef-3d6d350c6b9d.jpeg?fit=1600%2C900&ssl=1","width":1600,"height":900},{"@type":"BreadcrumbList","@id":"https:\/\/afogadosfm.com.br\/afogadosfm\/2025\/11\/13\/prefeitura-de-afogados-vai-entregar-a-populacao-novas-instalacoes-do-centro-de-telemedicina-e-sede-do-conselho-municipal-de-saude\/#breadcrumb","itemListElement":[{"@type":"ListItem","position":1,"name":"In\u00edcio","item":"https:\/\/afogadosfm.com.br\/afogadosfm\/"},{"@type":"ListItem","position":2,"name":"Prefeitura de Afogados vai entregar \u00e0 popula\u00e7\u00e3o novas instala\u00e7\u00f5es do centro de telemedicina e sede do conselho municipal de sa\u00fade"}]},{"@type":"WebSite","@id":"https:\/\/afogadosfm.com.br\/afogadosfm\/#website","url":"https:\/\/afogadosfm.com.br\/afogadosfm\/","name":"Afogados FM","description":"Um site completo!","publisher":{"@id":"https:\/\/afogadosfm.com.br\/afogadosfm\/#organization"},"potentialAction":[{"@type":"SearchAction","target":{"@type":"EntryPoint","urlTemplate":"https:\/\/afogadosfm.com.br\/afogadosfm\/?s={search_term_string}"},"query-input":{"@type":"PropertyValueSpecification","valueRequired":true,"valueName":"search_term_string"}}],"inLanguage":"pt-BR"},{"@type":"Organization","@id":"https:\/\/afogadosfm.com.br\/afogadosfm\/#organization","name":"Afogados FM","url":"https:\/\/afogadosfm.com.br\/afogadosfm\/","logo":{"@type":"ImageObject","inLanguage":"pt-BR","@id":"https:\/\/afogadosfm.com.br\/afogadosfm\/#\/schema\/logo\/image\/","url":"https:\/\/i0.wp.com\/afogadosfm.com.br\/afogadosfm\/wp-content\/uploads\/2020\/06\/cropped-banner-afogados-4.jpg?fit=369%2C137&ssl=1","contentUrl":"https:\/\/i0.wp.com\/afogadosfm.com.br\/afogadosfm\/wp-content\/uploads\/2020\/06\/cropped-banner-afogados-4.jpg?fit=369%2C137&ssl=1","width":369,"height":137,"caption":"Afogados FM"},"image":{"@id":"https:\/\/afogadosfm.com.br\/afogadosfm\/#\/schema\/logo\/image\/"}},{"@type":"Person","@id":"https:\/\/afogadosfm.com.br\/afogadosfm\/#\/schema\/person\/60e56f2cf5dc960fc093fe093d9e9057","name":"afogadosfm","image":{"@type":"ImageObject","inLanguage":"pt-BR","@id":"https:\/\/secure.gravatar.com\/avatar\/e0359add7ed5dc3560906d861b52c6a8cf5c1e199d3a7dd85070998f49bd4701?s=96&d=mm&r=g","url":"https:\/\/secure.gravatar.com\/avatar\/e0359add7ed5dc3560906d861b52c6a8cf5c1e199d3a7dd85070998f49bd4701?s=96&d=mm&r=g","contentUrl":"https:\/\/secure.gravatar.com\/avatar\/e0359add7ed5dc3560906d861b52c6a8cf5c1e199d3a7dd85070998f49bd4701?s=96&d=mm&r=g","caption":"afogadosfm"},"url":"https:\/\/afogadosfm.com.br\/afogadosfm\/author\/afogadosfm\/"}]}},"jetpack_publicize_connections":[],"jetpack_featured_media_url":"https:\/\/i0.wp.com\/afogadosfm.com.br\/afogadosfm\/wp-content\/uploads\/2025\/11\/e9a7f586-3c20-4efa-adef-3d6d350c6b9d.jpeg?fit=1600%2C900&ssl=1","jetpack-related-posts":[],"jetpack_sharing_enabled":true,"jetpack_likes_enabled":true,"_links":{"self":[{"href":"https:\/\/afogadosfm.com.br\/afogadosfm\/wp-json\/wp\/v2\/posts\/70520","targetHints":{"allow":["GET"]}}],"collection":[{"href":"https:\/\/afogadosfm.com.br\/afogadosfm\/wp-json\/wp\/v2\/posts"}],"about":[{"href":"https:\/\/afogadosfm.com.br\/afogadosfm\/wp-json\/wp\/v2\/types\/post"}],"author":[{"embeddable":true,"href":"https:\/\/afogadosfm.com.br\/afogadosfm\/wp-json\/wp\/v2\/users\/2"}],"replies":[{"embeddable":true,"href":"https:\/\/afogadosfm.com.br\/afogadosfm\/wp-json\/wp\/v2\/comments?post=70520"}],"version-history":[{"count":1,"href":"https:\/\/afogadosfm.com.br\/afogadosfm\/wp-json\/wp\/v2\/posts\/70520\/revisions"}],"predecessor-version":[{"id":70522,"href":"https:\/\/afogadosfm.com.br\/afogadosfm\/wp-json\/wp\/v2\/posts\/70520\/revisions\/70522"}],"wp:featuredmedia":[{"embeddable":true,"href":"https:\/\/afogadosfm.com.br\/afogadosfm\/wp-json\/wp\/v2\/media\/70521"}],"wp:attachment":[{"href":"https:\/\/afogadosfm.com.br\/afogadosfm\/wp-json\/wp\/v2\/media?parent=70520"}],"wp:term":[{"taxonomy":"category","embeddable":true,"href":"https:\/\/afogadosfm.com.br\/afogadosfm\/wp-json\/wp\/v2\/categories?post=70520"},{"taxonomy":"post_tag","embeddable":true,"href":"https:\/\/afogadosfm.com.br\/afogadosfm\/wp-json\/wp\/v2\/tags?post=70520"}],"curies":[{"name":"wp","href":"https:\/\/api.w.org\/{rel}","templated":true}]}}