{"id":70562,"date":"2025-11-15T12:05:05","date_gmt":"2025-11-15T15:05:05","guid":{"rendered":"https:\/\/afogadosfm.com.br\/afogadosfm\/?p=70562"},"modified":"2025-11-15T12:05:31","modified_gmt":"2025-11-15T15:05:31","slug":"novo-delegado-geral-da-pcpe-diz-que-e-preciso-trazer-a-ia-para-uso-da-policia","status":"publish","type":"post","link":"https:\/\/afogadosfm.com.br\/afogadosfm\/2025\/11\/15\/novo-delegado-geral-da-pcpe-diz-que-e-preciso-trazer-a-ia-para-uso-da-policia\/","title":{"rendered":"Novo delegado geral da PCPE diz que \u00e9 preciso trazer a IA para uso da  pol\u00edcia"},"content":{"rendered":"\n<p>Para o novo delegado-geral de Pernambuco, Felipe Monteiro, a Pol\u00edcia Civil \u201cprecisa passar por uma moderniza\u00e7\u00e3o\u201d. A afirma\u00e7\u00e3o foi dada nesta sexta-feira (14), em entrevista ao Diario de Pernambuco. Na conversa, o chefe da corpora\u00e7\u00e3o declarou que espera que sua gest\u00e3o seja marcada pelo investimento em tecnologias, redu\u00e7\u00e3o dos n\u00fameros de viol\u00eancia e a aproxima\u00e7\u00e3o com a sociedade.<\/p>\n\n\n\n<p>Felipe foi empossado na segunda-feira (10), durante a formatura de mais de 400 novos agentes, escriv\u00e3es e delegados. Na Pol\u00edcia Civil h\u00e1 18 anos, ele tem no curr\u00edculo passagens pelo Centro Integrado de Intelig\u00eancia e de Defesa Social, onde foi gerente-geral, e a chefia do primeiro N\u00facleo de Intelig\u00eancia no interior do estado.<\/p>\n\n\n\n<p>\u201cSe a tecnologia est\u00e1 a\u00ed, a intelig\u00eancia artificial, tecnologia de ponta, [precisamos] traz\u00ea-la para dentro da institui\u00e7\u00e3o para que a gente tenha uma aproxima\u00e7\u00e3o com a sociedade e preste um servi\u00e7o de qualidade para a popula\u00e7\u00e3o\u201d, afirmou Felipe.<\/p>\n\n\n\n<p>Al\u00e9m da busca pela redu\u00e7\u00e3o dos indicadores de criminalidade, o novo chefe da PCPE declarou que as investiga\u00e7\u00f5es por corrup\u00e7\u00e3o ser\u00e3o conduzidas pelo Departamento de Repress\u00e3o ao Crime Organizado (Dracco) \u201csem nenhum tipo de quest\u00e3o pol\u00edtica ou partid\u00e1ria\u201d.<\/p>\n\n\n\n<p>Confira:<\/p>\n\n\n\n<p>Quais as raz\u00f5es para a mudan\u00e7a do comando da PCPE?<\/p>\n\n\n\n<p>Acho que essas mudan\u00e7as s\u00e3o normais na institui\u00e7\u00e3o, sobretudo em um cargo de gest\u00e3o. A gente v\u00ea isso com muita naturalidade.<\/p>\n\n\n\n<p>Quando Renato [Rocha, o antecessor] foi chamado para ser delegado-geral, ele j\u00e1 estava no processo de licen\u00e7a para a aposentadoria. Ele retornou para essa nobre miss\u00e3o que \u00e9 chefiar a institui\u00e7\u00e3o. Assim, eu entendo como um processo natural a substitui\u00e7\u00e3o no cargo. Depois de 22 meses que ele passou aqui, um tempo at\u00e9 razo\u00e1vel, a gente fez isso [transi\u00e7\u00e3o] de uma forma muito natural.<\/p>\n\n\n\n<p>Do DP<\/p>\n","protected":false},"excerpt":{"rendered":"<p>Para o novo delegado-geral de Pernambuco, Felipe Monteiro, a Pol\u00edcia Civil \u201cprecisa passar por uma moderniza\u00e7\u00e3o\u201d. A afirma\u00e7\u00e3o foi dada<\/p>\n","protected":false},"author":2,"featured_media":54517,"comment_status":"open","ping_status":"open","sticky":false,"template":"","format":"standard","meta":{"jetpack_post_was_ever_published":false,"_jetpack_newsletter_access":"","_jetpack_dont_email_post_to_subs":false,"_jetpack_newsletter_tier_id":0,"_jetpack_memberships_contains_paywalled_content":false,"_jetpack_memberships_contains_paid_content":false,"footnotes":"","jetpack_publicize_message":"","jetpack_publicize_feature_enabled":true,"jetpack_social_post_already_shared":true,"jetpack_social_options":{"image_generator_settings":{"template":"highway","default_image_id":0,"font":"","enabled":false},"version":2}},"categories":[13],"tags":[],"class_list":["post-70562","post","type-post","status-publish","format-standard","has-post-thumbnail","hentry","category-pernambuco"],"yoast_head":"<!-- This site is optimized with the Yoast SEO plugin v27.5 - https:\/\/yoast.com\/product\/yoast-seo-wordpress\/ -->\n<title>Novo delegado geral da PCPE diz que \u00e9 preciso trazer a IA para uso da pol\u00edcia - Afogados FM<\/title>\n<meta name=\"robots\" content=\"index, follow, max-snippet:-1, max-image-preview:large, max-video-preview:-1\" \/>\n<link rel=\"canonical\" href=\"https:\/\/afogadosfm.com.br\/afogadosfm\/2025\/11\/15\/novo-delegado-geral-da-pcpe-diz-que-e-preciso-trazer-a-ia-para-uso-da-policia\/\" \/>\n<meta property=\"og:locale\" content=\"pt_BR\" \/>\n<meta property=\"og:type\" content=\"article\" \/>\n<meta property=\"og:title\" content=\"Novo delegado geral da PCPE diz que \u00e9 preciso trazer a IA para uso da pol\u00edcia - Afogados FM\" \/>\n<meta property=\"og:description\" content=\"Para o novo delegado-geral de Pernambuco, Felipe Monteiro, a Pol\u00edcia Civil \u201cprecisa passar por uma moderniza\u00e7\u00e3o\u201d. A afirma\u00e7\u00e3o foi dada\" \/>\n<meta property=\"og:url\" content=\"https:\/\/afogadosfm.com.br\/afogadosfm\/2025\/11\/15\/novo-delegado-geral-da-pcpe-diz-que-e-preciso-trazer-a-ia-para-uso-da-policia\/\" \/>\n<meta property=\"og:site_name\" content=\"Afogados FM\" \/>\n<meta property=\"article:published_time\" content=\"2025-11-15T15:05:05+00:00\" \/>\n<meta property=\"article:modified_time\" content=\"2025-11-15T15:05:31+00:00\" \/>\n<meta property=\"og:image\" content=\"https:\/\/afogadosfm.com.br\/afogadosfm\/wp-content\/uploads\/2024\/02\/policiacivil.jpeg\" \/>\n\t<meta property=\"og:image:width\" content=\"474\" \/>\n\t<meta property=\"og:image:height\" content=\"244\" \/>\n\t<meta property=\"og:image:type\" content=\"image\/jpeg\" \/>\n<meta name=\"author\" content=\"afogadosfm\" \/>\n<meta name=\"twitter:card\" content=\"summary_large_image\" \/>\n<meta name=\"twitter:label1\" content=\"Escrito por\" \/>\n\t<meta name=\"twitter:data1\" content=\"afogadosfm\" \/>\n\t<meta name=\"twitter:label2\" content=\"Est. tempo de leitura\" \/>\n\t<meta name=\"twitter:data2\" content=\"2 minutos\" \/>\n<script type=\"application\/ld+json\" class=\"yoast-schema-graph\">{\"@context\":\"https:\\\/\\\/schema.org\",\"@graph\":[{\"@type\":\"Article\",\"@id\":\"https:\\\/\\\/afogadosfm.com.br\\\/afogadosfm\\\/2025\\\/11\\\/15\\\/novo-delegado-geral-da-pcpe-diz-que-e-preciso-trazer-a-ia-para-uso-da-policia\\\/#article\",\"isPartOf\":{\"@id\":\"https:\\\/\\\/afogadosfm.com.br\\\/afogadosfm\\\/2025\\\/11\\\/15\\\/novo-delegado-geral-da-pcpe-diz-que-e-preciso-trazer-a-ia-para-uso-da-policia\\\/\"},\"author\":{\"name\":\"afogadosfm\",\"@id\":\"https:\\\/\\\/afogadosfm.com.br\\\/afogadosfm\\\/#\\\/schema\\\/person\\\/60e56f2cf5dc960fc093fe093d9e9057\"},\"headline\":\"Novo delegado geral da PCPE diz que \u00e9 preciso trazer a IA para uso da pol\u00edcia\",\"datePublished\":\"2025-11-15T15:05:05+00:00\",\"dateModified\":\"2025-11-15T15:05:31+00:00\",\"mainEntityOfPage\":{\"@id\":\"https:\\\/\\\/afogadosfm.com.br\\\/afogadosfm\\\/2025\\\/11\\\/15\\\/novo-delegado-geral-da-pcpe-diz-que-e-preciso-trazer-a-ia-para-uso-da-policia\\\/\"},\"wordCount\":337,\"commentCount\":0,\"publisher\":{\"@id\":\"https:\\\/\\\/afogadosfm.com.br\\\/afogadosfm\\\/#organization\"},\"image\":{\"@id\":\"https:\\\/\\\/afogadosfm.com.br\\\/afogadosfm\\\/2025\\\/11\\\/15\\\/novo-delegado-geral-da-pcpe-diz-que-e-preciso-trazer-a-ia-para-uso-da-policia\\\/#primaryimage\"},\"thumbnailUrl\":\"https:\\\/\\\/i0.wp.com\\\/afogadosfm.com.br\\\/afogadosfm\\\/wp-content\\\/uploads\\\/2024\\\/02\\\/policiacivil.jpeg?fit=474%2C244&ssl=1\",\"articleSection\":[\"Pernambuco\"],\"inLanguage\":\"pt-BR\",\"potentialAction\":[{\"@type\":\"CommentAction\",\"name\":\"Comment\",\"target\":[\"https:\\\/\\\/afogadosfm.com.br\\\/afogadosfm\\\/2025\\\/11\\\/15\\\/novo-delegado-geral-da-pcpe-diz-que-e-preciso-trazer-a-ia-para-uso-da-policia\\\/#respond\"]}]},{\"@type\":\"WebPage\",\"@id\":\"https:\\\/\\\/afogadosfm.com.br\\\/afogadosfm\\\/2025\\\/11\\\/15\\\/novo-delegado-geral-da-pcpe-diz-que-e-preciso-trazer-a-ia-para-uso-da-policia\\\/\",\"url\":\"https:\\\/\\\/afogadosfm.com.br\\\/afogadosfm\\\/2025\\\/11\\\/15\\\/novo-delegado-geral-da-pcpe-diz-que-e-preciso-trazer-a-ia-para-uso-da-policia\\\/\",\"name\":\"Novo delegado geral da PCPE diz que \u00e9 preciso trazer a IA para uso da pol\u00edcia - Afogados FM\",\"isPartOf\":{\"@id\":\"https:\\\/\\\/afogadosfm.com.br\\\/afogadosfm\\\/#website\"},\"primaryImageOfPage\":{\"@id\":\"https:\\\/\\\/afogadosfm.com.br\\\/afogadosfm\\\/2025\\\/11\\\/15\\\/novo-delegado-geral-da-pcpe-diz-que-e-preciso-trazer-a-ia-para-uso-da-policia\\\/#primaryimage\"},\"image\":{\"@id\":\"https:\\\/\\\/afogadosfm.com.br\\\/afogadosfm\\\/2025\\\/11\\\/15\\\/novo-delegado-geral-da-pcpe-diz-que-e-preciso-trazer-a-ia-para-uso-da-policia\\\/#primaryimage\"},\"thumbnailUrl\":\"https:\\\/\\\/i0.wp.com\\\/afogadosfm.com.br\\\/afogadosfm\\\/wp-content\\\/uploads\\\/2024\\\/02\\\/policiacivil.jpeg?fit=474%2C244&ssl=1\",\"datePublished\":\"2025-11-15T15:05:05+00:00\",\"dateModified\":\"2025-11-15T15:05:31+00:00\",\"breadcrumb\":{\"@id\":\"https:\\\/\\\/afogadosfm.com.br\\\/afogadosfm\\\/2025\\\/11\\\/15\\\/novo-delegado-geral-da-pcpe-diz-que-e-preciso-trazer-a-ia-para-uso-da-policia\\\/#breadcrumb\"},\"inLanguage\":\"pt-BR\",\"potentialAction\":[{\"@type\":\"ReadAction\",\"target\":[\"https:\\\/\\\/afogadosfm.com.br\\\/afogadosfm\\\/2025\\\/11\\\/15\\\/novo-delegado-geral-da-pcpe-diz-que-e-preciso-trazer-a-ia-para-uso-da-policia\\\/\"]}]},{\"@type\":\"ImageObject\",\"inLanguage\":\"pt-BR\",\"@id\":\"https:\\\/\\\/afogadosfm.com.br\\\/afogadosfm\\\/2025\\\/11\\\/15\\\/novo-delegado-geral-da-pcpe-diz-que-e-preciso-trazer-a-ia-para-uso-da-policia\\\/#primaryimage\",\"url\":\"https:\\\/\\\/i0.wp.com\\\/afogadosfm.com.br\\\/afogadosfm\\\/wp-content\\\/uploads\\\/2024\\\/02\\\/policiacivil.jpeg?fit=474%2C244&ssl=1\",\"contentUrl\":\"https:\\\/\\\/i0.wp.com\\\/afogadosfm.com.br\\\/afogadosfm\\\/wp-content\\\/uploads\\\/2024\\\/02\\\/policiacivil.jpeg?fit=474%2C244&ssl=1\",\"width\":474,\"height\":244},{\"@type\":\"BreadcrumbList\",\"@id\":\"https:\\\/\\\/afogadosfm.com.br\\\/afogadosfm\\\/2025\\\/11\\\/15\\\/novo-delegado-geral-da-pcpe-diz-que-e-preciso-trazer-a-ia-para-uso-da-policia\\\/#breadcrumb\",\"itemListElement\":[{\"@type\":\"ListItem\",\"position\":1,\"name\":\"In\u00edcio\",\"item\":\"https:\\\/\\\/afogadosfm.com.br\\\/afogadosfm\\\/\"},{\"@type\":\"ListItem\",\"position\":2,\"name\":\"Novo delegado geral da PCPE diz que \u00e9 preciso trazer a IA para uso da pol\u00edcia\"}]},{\"@type\":\"WebSite\",\"@id\":\"https:\\\/\\\/afogadosfm.com.br\\\/afogadosfm\\\/#website\",\"url\":\"https:\\\/\\\/afogadosfm.com.br\\\/afogadosfm\\\/\",\"name\":\"Afogados FM\",\"description\":\"Um site completo!\",\"publisher\":{\"@id\":\"https:\\\/\\\/afogadosfm.com.br\\\/afogadosfm\\\/#organization\"},\"potentialAction\":[{\"@type\":\"SearchAction\",\"target\":{\"@type\":\"EntryPoint\",\"urlTemplate\":\"https:\\\/\\\/afogadosfm.com.br\\\/afogadosfm\\\/?s={search_term_string}\"},\"query-input\":{\"@type\":\"PropertyValueSpecification\",\"valueRequired\":true,\"valueName\":\"search_term_string\"}}],\"inLanguage\":\"pt-BR\"},{\"@type\":\"Organization\",\"@id\":\"https:\\\/\\\/afogadosfm.com.br\\\/afogadosfm\\\/#organization\",\"name\":\"Afogados FM\",\"url\":\"https:\\\/\\\/afogadosfm.com.br\\\/afogadosfm\\\/\",\"logo\":{\"@type\":\"ImageObject\",\"inLanguage\":\"pt-BR\",\"@id\":\"https:\\\/\\\/afogadosfm.com.br\\\/afogadosfm\\\/#\\\/schema\\\/logo\\\/image\\\/\",\"url\":\"https:\\\/\\\/i0.wp.com\\\/afogadosfm.com.br\\\/afogadosfm\\\/wp-content\\\/uploads\\\/2020\\\/06\\\/cropped-banner-afogados-4.jpg?fit=369%2C137&ssl=1\",\"contentUrl\":\"https:\\\/\\\/i0.wp.com\\\/afogadosfm.com.br\\\/afogadosfm\\\/wp-content\\\/uploads\\\/2020\\\/06\\\/cropped-banner-afogados-4.jpg?fit=369%2C137&ssl=1\",\"width\":369,\"height\":137,\"caption\":\"Afogados FM\"},\"image\":{\"@id\":\"https:\\\/\\\/afogadosfm.com.br\\\/afogadosfm\\\/#\\\/schema\\\/logo\\\/image\\\/\"}},{\"@type\":\"Person\",\"@id\":\"https:\\\/\\\/afogadosfm.com.br\\\/afogadosfm\\\/#\\\/schema\\\/person\\\/60e56f2cf5dc960fc093fe093d9e9057\",\"name\":\"afogadosfm\",\"image\":{\"@type\":\"ImageObject\",\"inLanguage\":\"pt-BR\",\"@id\":\"https:\\\/\\\/secure.gravatar.com\\\/avatar\\\/e0359add7ed5dc3560906d861b52c6a8cf5c1e199d3a7dd85070998f49bd4701?s=96&d=mm&r=g\",\"url\":\"https:\\\/\\\/secure.gravatar.com\\\/avatar\\\/e0359add7ed5dc3560906d861b52c6a8cf5c1e199d3a7dd85070998f49bd4701?s=96&d=mm&r=g\",\"contentUrl\":\"https:\\\/\\\/secure.gravatar.com\\\/avatar\\\/e0359add7ed5dc3560906d861b52c6a8cf5c1e199d3a7dd85070998f49bd4701?s=96&d=mm&r=g\",\"caption\":\"afogadosfm\"},\"url\":\"https:\\\/\\\/afogadosfm.com.br\\\/afogadosfm\\\/author\\\/afogadosfm\\\/\"}]}<\/script>\n<!-- \/ Yoast SEO plugin. -->","yoast_head_json":{"title":"Novo delegado geral da PCPE diz que \u00e9 preciso trazer a IA para uso da pol\u00edcia - Afogados FM","robots":{"index":"index","follow":"follow","max-snippet":"max-snippet:-1","max-image-preview":"max-image-preview:large","max-video-preview":"max-video-preview:-1"},"canonical":"https:\/\/afogadosfm.com.br\/afogadosfm\/2025\/11\/15\/novo-delegado-geral-da-pcpe-diz-que-e-preciso-trazer-a-ia-para-uso-da-policia\/","og_locale":"pt_BR","og_type":"article","og_title":"Novo delegado geral da PCPE diz que \u00e9 preciso trazer a IA para uso da pol\u00edcia - Afogados FM","og_description":"Para o novo delegado-geral de Pernambuco, Felipe Monteiro, a Pol\u00edcia Civil \u201cprecisa passar por uma moderniza\u00e7\u00e3o\u201d. A afirma\u00e7\u00e3o foi dada","og_url":"https:\/\/afogadosfm.com.br\/afogadosfm\/2025\/11\/15\/novo-delegado-geral-da-pcpe-diz-que-e-preciso-trazer-a-ia-para-uso-da-policia\/","og_site_name":"Afogados FM","article_published_time":"2025-11-15T15:05:05+00:00","article_modified_time":"2025-11-15T15:05:31+00:00","og_image":[{"width":474,"height":244,"url":"https:\/\/afogadosfm.com.br\/afogadosfm\/wp-content\/uploads\/2024\/02\/policiacivil.jpeg","type":"image\/jpeg"}],"author":"afogadosfm","twitter_card":"summary_large_image","twitter_misc":{"Escrito por":"afogadosfm","Est. tempo de leitura":"2 minutos"},"schema":{"@context":"https:\/\/schema.org","@graph":[{"@type":"Article","@id":"https:\/\/afogadosfm.com.br\/afogadosfm\/2025\/11\/15\/novo-delegado-geral-da-pcpe-diz-que-e-preciso-trazer-a-ia-para-uso-da-policia\/#article","isPartOf":{"@id":"https:\/\/afogadosfm.com.br\/afogadosfm\/2025\/11\/15\/novo-delegado-geral-da-pcpe-diz-que-e-preciso-trazer-a-ia-para-uso-da-policia\/"},"author":{"name":"afogadosfm","@id":"https:\/\/afogadosfm.com.br\/afogadosfm\/#\/schema\/person\/60e56f2cf5dc960fc093fe093d9e9057"},"headline":"Novo delegado geral da PCPE diz que \u00e9 preciso trazer a IA para uso da pol\u00edcia","datePublished":"2025-11-15T15:05:05+00:00","dateModified":"2025-11-15T15:05:31+00:00","mainEntityOfPage":{"@id":"https:\/\/afogadosfm.com.br\/afogadosfm\/2025\/11\/15\/novo-delegado-geral-da-pcpe-diz-que-e-preciso-trazer-a-ia-para-uso-da-policia\/"},"wordCount":337,"commentCount":0,"publisher":{"@id":"https:\/\/afogadosfm.com.br\/afogadosfm\/#organization"},"image":{"@id":"https:\/\/afogadosfm.com.br\/afogadosfm\/2025\/11\/15\/novo-delegado-geral-da-pcpe-diz-que-e-preciso-trazer-a-ia-para-uso-da-policia\/#primaryimage"},"thumbnailUrl":"https:\/\/i0.wp.com\/afogadosfm.com.br\/afogadosfm\/wp-content\/uploads\/2024\/02\/policiacivil.jpeg?fit=474%2C244&ssl=1","articleSection":["Pernambuco"],"inLanguage":"pt-BR","potentialAction":[{"@type":"CommentAction","name":"Comment","target":["https:\/\/afogadosfm.com.br\/afogadosfm\/2025\/11\/15\/novo-delegado-geral-da-pcpe-diz-que-e-preciso-trazer-a-ia-para-uso-da-policia\/#respond"]}]},{"@type":"WebPage","@id":"https:\/\/afogadosfm.com.br\/afogadosfm\/2025\/11\/15\/novo-delegado-geral-da-pcpe-diz-que-e-preciso-trazer-a-ia-para-uso-da-policia\/","url":"https:\/\/afogadosfm.com.br\/afogadosfm\/2025\/11\/15\/novo-delegado-geral-da-pcpe-diz-que-e-preciso-trazer-a-ia-para-uso-da-policia\/","name":"Novo delegado geral da PCPE diz que \u00e9 preciso trazer a IA para uso da pol\u00edcia - Afogados FM","isPartOf":{"@id":"https:\/\/afogadosfm.com.br\/afogadosfm\/#website"},"primaryImageOfPage":{"@id":"https:\/\/afogadosfm.com.br\/afogadosfm\/2025\/11\/15\/novo-delegado-geral-da-pcpe-diz-que-e-preciso-trazer-a-ia-para-uso-da-policia\/#primaryimage"},"image":{"@id":"https:\/\/afogadosfm.com.br\/afogadosfm\/2025\/11\/15\/novo-delegado-geral-da-pcpe-diz-que-e-preciso-trazer-a-ia-para-uso-da-policia\/#primaryimage"},"thumbnailUrl":"https:\/\/i0.wp.com\/afogadosfm.com.br\/afogadosfm\/wp-content\/uploads\/2024\/02\/policiacivil.jpeg?fit=474%2C244&ssl=1","datePublished":"2025-11-15T15:05:05+00:00","dateModified":"2025-11-15T15:05:31+00:00","breadcrumb":{"@id":"https:\/\/afogadosfm.com.br\/afogadosfm\/2025\/11\/15\/novo-delegado-geral-da-pcpe-diz-que-e-preciso-trazer-a-ia-para-uso-da-policia\/#breadcrumb"},"inLanguage":"pt-BR","potentialAction":[{"@type":"ReadAction","target":["https:\/\/afogadosfm.com.br\/afogadosfm\/2025\/11\/15\/novo-delegado-geral-da-pcpe-diz-que-e-preciso-trazer-a-ia-para-uso-da-policia\/"]}]},{"@type":"ImageObject","inLanguage":"pt-BR","@id":"https:\/\/afogadosfm.com.br\/afogadosfm\/2025\/11\/15\/novo-delegado-geral-da-pcpe-diz-que-e-preciso-trazer-a-ia-para-uso-da-policia\/#primaryimage","url":"https:\/\/i0.wp.com\/afogadosfm.com.br\/afogadosfm\/wp-content\/uploads\/2024\/02\/policiacivil.jpeg?fit=474%2C244&ssl=1","contentUrl":"https:\/\/i0.wp.com\/afogadosfm.com.br\/afogadosfm\/wp-content\/uploads\/2024\/02\/policiacivil.jpeg?fit=474%2C244&ssl=1","width":474,"height":244},{"@type":"BreadcrumbList","@id":"https:\/\/afogadosfm.com.br\/afogadosfm\/2025\/11\/15\/novo-delegado-geral-da-pcpe-diz-que-e-preciso-trazer-a-ia-para-uso-da-policia\/#breadcrumb","itemListElement":[{"@type":"ListItem","position":1,"name":"In\u00edcio","item":"https:\/\/afogadosfm.com.br\/afogadosfm\/"},{"@type":"ListItem","position":2,"name":"Novo delegado geral da PCPE diz que \u00e9 preciso trazer a IA para uso da pol\u00edcia"}]},{"@type":"WebSite","@id":"https:\/\/afogadosfm.com.br\/afogadosfm\/#website","url":"https:\/\/afogadosfm.com.br\/afogadosfm\/","name":"Afogados FM","description":"Um site completo!","publisher":{"@id":"https:\/\/afogadosfm.com.br\/afogadosfm\/#organization"},"potentialAction":[{"@type":"SearchAction","target":{"@type":"EntryPoint","urlTemplate":"https:\/\/afogadosfm.com.br\/afogadosfm\/?s={search_term_string}"},"query-input":{"@type":"PropertyValueSpecification","valueRequired":true,"valueName":"search_term_string"}}],"inLanguage":"pt-BR"},{"@type":"Organization","@id":"https:\/\/afogadosfm.com.br\/afogadosfm\/#organization","name":"Afogados FM","url":"https:\/\/afogadosfm.com.br\/afogadosfm\/","logo":{"@type":"ImageObject","inLanguage":"pt-BR","@id":"https:\/\/afogadosfm.com.br\/afogadosfm\/#\/schema\/logo\/image\/","url":"https:\/\/i0.wp.com\/afogadosfm.com.br\/afogadosfm\/wp-content\/uploads\/2020\/06\/cropped-banner-afogados-4.jpg?fit=369%2C137&ssl=1","contentUrl":"https:\/\/i0.wp.com\/afogadosfm.com.br\/afogadosfm\/wp-content\/uploads\/2020\/06\/cropped-banner-afogados-4.jpg?fit=369%2C137&ssl=1","width":369,"height":137,"caption":"Afogados FM"},"image":{"@id":"https:\/\/afogadosfm.com.br\/afogadosfm\/#\/schema\/logo\/image\/"}},{"@type":"Person","@id":"https:\/\/afogadosfm.com.br\/afogadosfm\/#\/schema\/person\/60e56f2cf5dc960fc093fe093d9e9057","name":"afogadosfm","image":{"@type":"ImageObject","inLanguage":"pt-BR","@id":"https:\/\/secure.gravatar.com\/avatar\/e0359add7ed5dc3560906d861b52c6a8cf5c1e199d3a7dd85070998f49bd4701?s=96&d=mm&r=g","url":"https:\/\/secure.gravatar.com\/avatar\/e0359add7ed5dc3560906d861b52c6a8cf5c1e199d3a7dd85070998f49bd4701?s=96&d=mm&r=g","contentUrl":"https:\/\/secure.gravatar.com\/avatar\/e0359add7ed5dc3560906d861b52c6a8cf5c1e199d3a7dd85070998f49bd4701?s=96&d=mm&r=g","caption":"afogadosfm"},"url":"https:\/\/afogadosfm.com.br\/afogadosfm\/author\/afogadosfm\/"}]}},"jetpack_publicize_connections":[],"jetpack_featured_media_url":"https:\/\/i0.wp.com\/afogadosfm.com.br\/afogadosfm\/wp-content\/uploads\/2024\/02\/policiacivil.jpeg?fit=474%2C244&ssl=1","jetpack-related-posts":[],"jetpack_sharing_enabled":true,"jetpack_likes_enabled":true,"_links":{"self":[{"href":"https:\/\/afogadosfm.com.br\/afogadosfm\/wp-json\/wp\/v2\/posts\/70562","targetHints":{"allow":["GET"]}}],"collection":[{"href":"https:\/\/afogadosfm.com.br\/afogadosfm\/wp-json\/wp\/v2\/posts"}],"about":[{"href":"https:\/\/afogadosfm.com.br\/afogadosfm\/wp-json\/wp\/v2\/types\/post"}],"author":[{"embeddable":true,"href":"https:\/\/afogadosfm.com.br\/afogadosfm\/wp-json\/wp\/v2\/users\/2"}],"replies":[{"embeddable":true,"href":"https:\/\/afogadosfm.com.br\/afogadosfm\/wp-json\/wp\/v2\/comments?post=70562"}],"version-history":[{"count":2,"href":"https:\/\/afogadosfm.com.br\/afogadosfm\/wp-json\/wp\/v2\/posts\/70562\/revisions"}],"predecessor-version":[{"id":70565,"href":"https:\/\/afogadosfm.com.br\/afogadosfm\/wp-json\/wp\/v2\/posts\/70562\/revisions\/70565"}],"wp:featuredmedia":[{"embeddable":true,"href":"https:\/\/afogadosfm.com.br\/afogadosfm\/wp-json\/wp\/v2\/media\/54517"}],"wp:attachment":[{"href":"https:\/\/afogadosfm.com.br\/afogadosfm\/wp-json\/wp\/v2\/media?parent=70562"}],"wp:term":[{"taxonomy":"category","embeddable":true,"href":"https:\/\/afogadosfm.com.br\/afogadosfm\/wp-json\/wp\/v2\/categories?post=70562"},{"taxonomy":"post_tag","embeddable":true,"href":"https:\/\/afogadosfm.com.br\/afogadosfm\/wp-json\/wp\/v2\/tags?post=70562"}],"curies":[{"name":"wp","href":"https:\/\/api.w.org\/{rel}","templated":true}]}}