{"id":70568,"date":"2025-11-15T13:54:32","date_gmt":"2025-11-15T16:54:32","guid":{"rendered":"https:\/\/afogadosfm.com.br\/afogadosfm\/?p=70568"},"modified":"2025-11-15T13:54:34","modified_gmt":"2025-11-15T16:54:34","slug":"tac-transformou-asavap-em-instituicao-de-longa-permanencia-para-idosos-em-afogados","status":"publish","type":"post","link":"https:\/\/afogadosfm.com.br\/afogadosfm\/2025\/11\/15\/tac-transformou-asavap-em-instituicao-de-longa-permanencia-para-idosos-em-afogados\/","title":{"rendered":"TAC transformou ASAVAP em Institui\u00e7\u00e3o de Longa Perman\u00eancia para Idosos em Afogados"},"content":{"rendered":"\n<p>O prefeito de Afogados da Ingazeira, Alessandro Palmeira, firmou Termo de Compromisso de Ajustamento de Conduta (TAC) perante o Minist\u00e9rio P\u00fablico de Pernambuco (MPPE), comprometendo-se a criar, estruturar e implantar Institui\u00e7\u00e3o de Longa Perman\u00eancia para Idosos (ILPI) p\u00fablica e municipalizada em substitui\u00e7\u00e3o \u00e0 estrutura at\u00e9 ent\u00e3o gerida pela entidade Associa\u00e7\u00e3o de Sa\u00fade Vale do Paje\u00fa (ASAVAP). A iniciativa visa assegurar a continuidade do servi\u00e7o de acolhimento institucional de pessoas idosas.<\/p>\n\n\n\n<p>Durante o prazo de implementa\u00e7\u00e3o da ILPI, o Munic\u00edpio, na pessoa do prefeito, dever\u00e1 manter ininterrupta a presta\u00e7\u00e3o do servi\u00e7o de acolhimento atualmente exercido em regime de interven\u00e7\u00e3o na ASAVAP, salvo determina\u00e7\u00e3o judicial em contr\u00e1rio, comprometendo-se com a preserva\u00e7\u00e3o integral dos direitos das pessoas idosas acolhidas; a manuten\u00e7\u00e3o das condi\u00e7\u00f5es dignas de alimenta\u00e7\u00e3o, higieniza\u00e7\u00e3o, medica\u00e7\u00e3o, lazer e acompanhamento psicossocial; a adequada comunica\u00e7\u00e3o com familiares e rede de apoio; e o fornecimento de relat\u00f3rios mensais ao Minist\u00e9rio P\u00fablico acerca do andamento da transi\u00e7\u00e3o e das provid\u00eancias adotadas.<\/p>\n\n\n\n<p>O Munic\u00edpio compromete-se ainda a iniciar, no prazo m\u00e1ximo de 30 dias a contar da assinatura deste termo, o regular processo administrativo de desapropria\u00e7\u00e3o do im\u00f3vel situado na Avenida Manoel Virg\u00ednio Sobrinho, n\u00ba 407, Bairro Padre Pedro Pereira, atualmente utilizado pela ASAVAP, devendo concluir o procedimento no prazo m\u00e1ximo de 90 dias.<\/p>\n\n\n\n<p>No prazo de 180 dias, contados do t\u00e9rmino do processo de desapropria\u00e7\u00e3o do im\u00f3vel, o Munic\u00edpio se obriga a instituir, estruturar, dotar de recursos humanos, financeiros e materiais, e efetivar o regular funcionamento da ILPI.<\/p>\n\n\n\n<p>O cumprimento do presente Termo ser\u00e1 acompanhado pela 1\u00aa Promotoria de Justi\u00e7a de Afogados da Ingazeira, com apoio do N\u00facleo da Pessoa Idosa do MPPE, podendo ser realizada inspe\u00e7\u00e3o in loco a qualquer tempo, bem como requisitadas informa\u00e7\u00f5es complementares.<\/p>\n\n\n\n<p>A \u00edntegra do TAC, elaborado pelo Promotor de Justi\u00e7a Thiago Barbosa Bernardo, est\u00e1 dispon\u00edvel no Di\u00e1rio Oficial de 7 de novembro de 2025.<\/p>\n\n\n\n<p>Por Juliana Lima<\/p>\n","protected":false},"excerpt":{"rendered":"<p>O prefeito de Afogados da Ingazeira, Alessandro Palmeira, firmou Termo de Compromisso de Ajustamento de Conduta (TAC) perante o Minist\u00e9rio<\/p>\n","protected":false},"author":2,"featured_media":70569,"comment_status":"open","ping_status":"open","sticky":false,"template":"","format":"standard","meta":{"jetpack_post_was_ever_published":false,"_jetpack_newsletter_access":"","_jetpack_dont_email_post_to_subs":false,"_jetpack_newsletter_tier_id":0,"_jetpack_memberships_contains_paywalled_content":false,"_jetpack_memberships_contains_paid_content":false,"footnotes":"","jetpack_publicize_message":"","jetpack_publicize_feature_enabled":true,"jetpack_social_post_already_shared":true,"jetpack_social_options":{"image_generator_settings":{"template":"highway","default_image_id":0,"font":"","enabled":false},"version":2}},"categories":[14],"tags":[],"class_list":["post-70568","post","type-post","status-publish","format-standard","has-post-thumbnail","hentry","category-afogados-da-ingazeira"],"yoast_head":"<!-- This site is optimized with the Yoast SEO plugin v27.5 - https:\/\/yoast.com\/product\/yoast-seo-wordpress\/ -->\n<title>TAC transformou ASAVAP em Institui\u00e7\u00e3o de Longa Perman\u00eancia para Idosos em Afogados - Afogados FM<\/title>\n<meta name=\"robots\" content=\"index, follow, max-snippet:-1, max-image-preview:large, max-video-preview:-1\" \/>\n<link rel=\"canonical\" href=\"https:\/\/afogadosfm.com.br\/afogadosfm\/2025\/11\/15\/tac-transformou-asavap-em-instituicao-de-longa-permanencia-para-idosos-em-afogados\/\" \/>\n<meta property=\"og:locale\" content=\"pt_BR\" \/>\n<meta property=\"og:type\" content=\"article\" \/>\n<meta property=\"og:title\" content=\"TAC transformou ASAVAP em Institui\u00e7\u00e3o de Longa Perman\u00eancia para Idosos em Afogados - Afogados FM\" \/>\n<meta property=\"og:description\" content=\"O prefeito de Afogados da Ingazeira, Alessandro Palmeira, firmou Termo de Compromisso de Ajustamento de Conduta (TAC) perante o Minist\u00e9rio\" \/>\n<meta property=\"og:url\" content=\"https:\/\/afogadosfm.com.br\/afogadosfm\/2025\/11\/15\/tac-transformou-asavap-em-instituicao-de-longa-permanencia-para-idosos-em-afogados\/\" \/>\n<meta property=\"og:site_name\" content=\"Afogados FM\" \/>\n<meta property=\"article:published_time\" content=\"2025-11-15T16:54:32+00:00\" \/>\n<meta property=\"article:modified_time\" content=\"2025-11-15T16:54:34+00:00\" \/>\n<meta property=\"og:image\" content=\"https:\/\/afogadosfm.com.br\/afogadosfm\/wp-content\/uploads\/2025\/11\/asavap.jpeg\" \/>\n\t<meta property=\"og:image:width\" content=\"416\" \/>\n\t<meta property=\"og:image:height\" content=\"549\" \/>\n\t<meta property=\"og:image:type\" content=\"image\/jpeg\" \/>\n<meta name=\"author\" content=\"afogadosfm\" \/>\n<meta name=\"twitter:card\" content=\"summary_large_image\" \/>\n<meta name=\"twitter:label1\" content=\"Escrito por\" \/>\n\t<meta name=\"twitter:data1\" content=\"afogadosfm\" \/>\n\t<meta name=\"twitter:label2\" content=\"Est. tempo de leitura\" \/>\n\t<meta name=\"twitter:data2\" content=\"2 minutos\" \/>\n<script type=\"application\/ld+json\" class=\"yoast-schema-graph\">{\"@context\":\"https:\\\/\\\/schema.org\",\"@graph\":[{\"@type\":\"Article\",\"@id\":\"https:\\\/\\\/afogadosfm.com.br\\\/afogadosfm\\\/2025\\\/11\\\/15\\\/tac-transformou-asavap-em-instituicao-de-longa-permanencia-para-idosos-em-afogados\\\/#article\",\"isPartOf\":{\"@id\":\"https:\\\/\\\/afogadosfm.com.br\\\/afogadosfm\\\/2025\\\/11\\\/15\\\/tac-transformou-asavap-em-instituicao-de-longa-permanencia-para-idosos-em-afogados\\\/\"},\"author\":{\"name\":\"afogadosfm\",\"@id\":\"https:\\\/\\\/afogadosfm.com.br\\\/afogadosfm\\\/#\\\/schema\\\/person\\\/60e56f2cf5dc960fc093fe093d9e9057\"},\"headline\":\"TAC transformou ASAVAP em Institui\u00e7\u00e3o de Longa Perman\u00eancia para Idosos em Afogados\",\"datePublished\":\"2025-11-15T16:54:32+00:00\",\"dateModified\":\"2025-11-15T16:54:34+00:00\",\"mainEntityOfPage\":{\"@id\":\"https:\\\/\\\/afogadosfm.com.br\\\/afogadosfm\\\/2025\\\/11\\\/15\\\/tac-transformou-asavap-em-instituicao-de-longa-permanencia-para-idosos-em-afogados\\\/\"},\"wordCount\":360,\"commentCount\":0,\"publisher\":{\"@id\":\"https:\\\/\\\/afogadosfm.com.br\\\/afogadosfm\\\/#organization\"},\"image\":{\"@id\":\"https:\\\/\\\/afogadosfm.com.br\\\/afogadosfm\\\/2025\\\/11\\\/15\\\/tac-transformou-asavap-em-instituicao-de-longa-permanencia-para-idosos-em-afogados\\\/#primaryimage\"},\"thumbnailUrl\":\"https:\\\/\\\/i0.wp.com\\\/afogadosfm.com.br\\\/afogadosfm\\\/wp-content\\\/uploads\\\/2025\\\/11\\\/asavap.jpeg?fit=416%2C549&ssl=1\",\"articleSection\":[\"Afogados da Ingazeira\"],\"inLanguage\":\"pt-BR\",\"potentialAction\":[{\"@type\":\"CommentAction\",\"name\":\"Comment\",\"target\":[\"https:\\\/\\\/afogadosfm.com.br\\\/afogadosfm\\\/2025\\\/11\\\/15\\\/tac-transformou-asavap-em-instituicao-de-longa-permanencia-para-idosos-em-afogados\\\/#respond\"]}]},{\"@type\":\"WebPage\",\"@id\":\"https:\\\/\\\/afogadosfm.com.br\\\/afogadosfm\\\/2025\\\/11\\\/15\\\/tac-transformou-asavap-em-instituicao-de-longa-permanencia-para-idosos-em-afogados\\\/\",\"url\":\"https:\\\/\\\/afogadosfm.com.br\\\/afogadosfm\\\/2025\\\/11\\\/15\\\/tac-transformou-asavap-em-instituicao-de-longa-permanencia-para-idosos-em-afogados\\\/\",\"name\":\"TAC transformou ASAVAP em Institui\u00e7\u00e3o de Longa Perman\u00eancia para Idosos em Afogados - Afogados FM\",\"isPartOf\":{\"@id\":\"https:\\\/\\\/afogadosfm.com.br\\\/afogadosfm\\\/#website\"},\"primaryImageOfPage\":{\"@id\":\"https:\\\/\\\/afogadosfm.com.br\\\/afogadosfm\\\/2025\\\/11\\\/15\\\/tac-transformou-asavap-em-instituicao-de-longa-permanencia-para-idosos-em-afogados\\\/#primaryimage\"},\"image\":{\"@id\":\"https:\\\/\\\/afogadosfm.com.br\\\/afogadosfm\\\/2025\\\/11\\\/15\\\/tac-transformou-asavap-em-instituicao-de-longa-permanencia-para-idosos-em-afogados\\\/#primaryimage\"},\"thumbnailUrl\":\"https:\\\/\\\/i0.wp.com\\\/afogadosfm.com.br\\\/afogadosfm\\\/wp-content\\\/uploads\\\/2025\\\/11\\\/asavap.jpeg?fit=416%2C549&ssl=1\",\"datePublished\":\"2025-11-15T16:54:32+00:00\",\"dateModified\":\"2025-11-15T16:54:34+00:00\",\"breadcrumb\":{\"@id\":\"https:\\\/\\\/afogadosfm.com.br\\\/afogadosfm\\\/2025\\\/11\\\/15\\\/tac-transformou-asavap-em-instituicao-de-longa-permanencia-para-idosos-em-afogados\\\/#breadcrumb\"},\"inLanguage\":\"pt-BR\",\"potentialAction\":[{\"@type\":\"ReadAction\",\"target\":[\"https:\\\/\\\/afogadosfm.com.br\\\/afogadosfm\\\/2025\\\/11\\\/15\\\/tac-transformou-asavap-em-instituicao-de-longa-permanencia-para-idosos-em-afogados\\\/\"]}]},{\"@type\":\"ImageObject\",\"inLanguage\":\"pt-BR\",\"@id\":\"https:\\\/\\\/afogadosfm.com.br\\\/afogadosfm\\\/2025\\\/11\\\/15\\\/tac-transformou-asavap-em-instituicao-de-longa-permanencia-para-idosos-em-afogados\\\/#primaryimage\",\"url\":\"https:\\\/\\\/i0.wp.com\\\/afogadosfm.com.br\\\/afogadosfm\\\/wp-content\\\/uploads\\\/2025\\\/11\\\/asavap.jpeg?fit=416%2C549&ssl=1\",\"contentUrl\":\"https:\\\/\\\/i0.wp.com\\\/afogadosfm.com.br\\\/afogadosfm\\\/wp-content\\\/uploads\\\/2025\\\/11\\\/asavap.jpeg?fit=416%2C549&ssl=1\",\"width\":416,\"height\":549},{\"@type\":\"BreadcrumbList\",\"@id\":\"https:\\\/\\\/afogadosfm.com.br\\\/afogadosfm\\\/2025\\\/11\\\/15\\\/tac-transformou-asavap-em-instituicao-de-longa-permanencia-para-idosos-em-afogados\\\/#breadcrumb\",\"itemListElement\":[{\"@type\":\"ListItem\",\"position\":1,\"name\":\"In\u00edcio\",\"item\":\"https:\\\/\\\/afogadosfm.com.br\\\/afogadosfm\\\/\"},{\"@type\":\"ListItem\",\"position\":2,\"name\":\"TAC transformou ASAVAP em Institui\u00e7\u00e3o de Longa Perman\u00eancia para Idosos em Afogados\"}]},{\"@type\":\"WebSite\",\"@id\":\"https:\\\/\\\/afogadosfm.com.br\\\/afogadosfm\\\/#website\",\"url\":\"https:\\\/\\\/afogadosfm.com.br\\\/afogadosfm\\\/\",\"name\":\"Afogados FM\",\"description\":\"Um site completo!\",\"publisher\":{\"@id\":\"https:\\\/\\\/afogadosfm.com.br\\\/afogadosfm\\\/#organization\"},\"potentialAction\":[{\"@type\":\"SearchAction\",\"target\":{\"@type\":\"EntryPoint\",\"urlTemplate\":\"https:\\\/\\\/afogadosfm.com.br\\\/afogadosfm\\\/?s={search_term_string}\"},\"query-input\":{\"@type\":\"PropertyValueSpecification\",\"valueRequired\":true,\"valueName\":\"search_term_string\"}}],\"inLanguage\":\"pt-BR\"},{\"@type\":\"Organization\",\"@id\":\"https:\\\/\\\/afogadosfm.com.br\\\/afogadosfm\\\/#organization\",\"name\":\"Afogados FM\",\"url\":\"https:\\\/\\\/afogadosfm.com.br\\\/afogadosfm\\\/\",\"logo\":{\"@type\":\"ImageObject\",\"inLanguage\":\"pt-BR\",\"@id\":\"https:\\\/\\\/afogadosfm.com.br\\\/afogadosfm\\\/#\\\/schema\\\/logo\\\/image\\\/\",\"url\":\"https:\\\/\\\/i0.wp.com\\\/afogadosfm.com.br\\\/afogadosfm\\\/wp-content\\\/uploads\\\/2020\\\/06\\\/cropped-banner-afogados-4.jpg?fit=369%2C137&ssl=1\",\"contentUrl\":\"https:\\\/\\\/i0.wp.com\\\/afogadosfm.com.br\\\/afogadosfm\\\/wp-content\\\/uploads\\\/2020\\\/06\\\/cropped-banner-afogados-4.jpg?fit=369%2C137&ssl=1\",\"width\":369,\"height\":137,\"caption\":\"Afogados FM\"},\"image\":{\"@id\":\"https:\\\/\\\/afogadosfm.com.br\\\/afogadosfm\\\/#\\\/schema\\\/logo\\\/image\\\/\"}},{\"@type\":\"Person\",\"@id\":\"https:\\\/\\\/afogadosfm.com.br\\\/afogadosfm\\\/#\\\/schema\\\/person\\\/60e56f2cf5dc960fc093fe093d9e9057\",\"name\":\"afogadosfm\",\"image\":{\"@type\":\"ImageObject\",\"inLanguage\":\"pt-BR\",\"@id\":\"https:\\\/\\\/secure.gravatar.com\\\/avatar\\\/e0359add7ed5dc3560906d861b52c6a8cf5c1e199d3a7dd85070998f49bd4701?s=96&d=mm&r=g\",\"url\":\"https:\\\/\\\/secure.gravatar.com\\\/avatar\\\/e0359add7ed5dc3560906d861b52c6a8cf5c1e199d3a7dd85070998f49bd4701?s=96&d=mm&r=g\",\"contentUrl\":\"https:\\\/\\\/secure.gravatar.com\\\/avatar\\\/e0359add7ed5dc3560906d861b52c6a8cf5c1e199d3a7dd85070998f49bd4701?s=96&d=mm&r=g\",\"caption\":\"afogadosfm\"},\"url\":\"https:\\\/\\\/afogadosfm.com.br\\\/afogadosfm\\\/author\\\/afogadosfm\\\/\"}]}<\/script>\n<!-- \/ Yoast SEO plugin. -->","yoast_head_json":{"title":"TAC transformou ASAVAP em Institui\u00e7\u00e3o de Longa Perman\u00eancia para Idosos em Afogados - Afogados FM","robots":{"index":"index","follow":"follow","max-snippet":"max-snippet:-1","max-image-preview":"max-image-preview:large","max-video-preview":"max-video-preview:-1"},"canonical":"https:\/\/afogadosfm.com.br\/afogadosfm\/2025\/11\/15\/tac-transformou-asavap-em-instituicao-de-longa-permanencia-para-idosos-em-afogados\/","og_locale":"pt_BR","og_type":"article","og_title":"TAC transformou ASAVAP em Institui\u00e7\u00e3o de Longa Perman\u00eancia para Idosos em Afogados - Afogados FM","og_description":"O prefeito de Afogados da Ingazeira, Alessandro Palmeira, firmou Termo de Compromisso de Ajustamento de Conduta (TAC) perante o Minist\u00e9rio","og_url":"https:\/\/afogadosfm.com.br\/afogadosfm\/2025\/11\/15\/tac-transformou-asavap-em-instituicao-de-longa-permanencia-para-idosos-em-afogados\/","og_site_name":"Afogados FM","article_published_time":"2025-11-15T16:54:32+00:00","article_modified_time":"2025-11-15T16:54:34+00:00","og_image":[{"width":416,"height":549,"url":"https:\/\/afogadosfm.com.br\/afogadosfm\/wp-content\/uploads\/2025\/11\/asavap.jpeg","type":"image\/jpeg"}],"author":"afogadosfm","twitter_card":"summary_large_image","twitter_misc":{"Escrito por":"afogadosfm","Est. tempo de leitura":"2 minutos"},"schema":{"@context":"https:\/\/schema.org","@graph":[{"@type":"Article","@id":"https:\/\/afogadosfm.com.br\/afogadosfm\/2025\/11\/15\/tac-transformou-asavap-em-instituicao-de-longa-permanencia-para-idosos-em-afogados\/#article","isPartOf":{"@id":"https:\/\/afogadosfm.com.br\/afogadosfm\/2025\/11\/15\/tac-transformou-asavap-em-instituicao-de-longa-permanencia-para-idosos-em-afogados\/"},"author":{"name":"afogadosfm","@id":"https:\/\/afogadosfm.com.br\/afogadosfm\/#\/schema\/person\/60e56f2cf5dc960fc093fe093d9e9057"},"headline":"TAC transformou ASAVAP em Institui\u00e7\u00e3o de Longa Perman\u00eancia para Idosos em Afogados","datePublished":"2025-11-15T16:54:32+00:00","dateModified":"2025-11-15T16:54:34+00:00","mainEntityOfPage":{"@id":"https:\/\/afogadosfm.com.br\/afogadosfm\/2025\/11\/15\/tac-transformou-asavap-em-instituicao-de-longa-permanencia-para-idosos-em-afogados\/"},"wordCount":360,"commentCount":0,"publisher":{"@id":"https:\/\/afogadosfm.com.br\/afogadosfm\/#organization"},"image":{"@id":"https:\/\/afogadosfm.com.br\/afogadosfm\/2025\/11\/15\/tac-transformou-asavap-em-instituicao-de-longa-permanencia-para-idosos-em-afogados\/#primaryimage"},"thumbnailUrl":"https:\/\/i0.wp.com\/afogadosfm.com.br\/afogadosfm\/wp-content\/uploads\/2025\/11\/asavap.jpeg?fit=416%2C549&ssl=1","articleSection":["Afogados da Ingazeira"],"inLanguage":"pt-BR","potentialAction":[{"@type":"CommentAction","name":"Comment","target":["https:\/\/afogadosfm.com.br\/afogadosfm\/2025\/11\/15\/tac-transformou-asavap-em-instituicao-de-longa-permanencia-para-idosos-em-afogados\/#respond"]}]},{"@type":"WebPage","@id":"https:\/\/afogadosfm.com.br\/afogadosfm\/2025\/11\/15\/tac-transformou-asavap-em-instituicao-de-longa-permanencia-para-idosos-em-afogados\/","url":"https:\/\/afogadosfm.com.br\/afogadosfm\/2025\/11\/15\/tac-transformou-asavap-em-instituicao-de-longa-permanencia-para-idosos-em-afogados\/","name":"TAC transformou ASAVAP em Institui\u00e7\u00e3o de Longa Perman\u00eancia para Idosos em Afogados - Afogados FM","isPartOf":{"@id":"https:\/\/afogadosfm.com.br\/afogadosfm\/#website"},"primaryImageOfPage":{"@id":"https:\/\/afogadosfm.com.br\/afogadosfm\/2025\/11\/15\/tac-transformou-asavap-em-instituicao-de-longa-permanencia-para-idosos-em-afogados\/#primaryimage"},"image":{"@id":"https:\/\/afogadosfm.com.br\/afogadosfm\/2025\/11\/15\/tac-transformou-asavap-em-instituicao-de-longa-permanencia-para-idosos-em-afogados\/#primaryimage"},"thumbnailUrl":"https:\/\/i0.wp.com\/afogadosfm.com.br\/afogadosfm\/wp-content\/uploads\/2025\/11\/asavap.jpeg?fit=416%2C549&ssl=1","datePublished":"2025-11-15T16:54:32+00:00","dateModified":"2025-11-15T16:54:34+00:00","breadcrumb":{"@id":"https:\/\/afogadosfm.com.br\/afogadosfm\/2025\/11\/15\/tac-transformou-asavap-em-instituicao-de-longa-permanencia-para-idosos-em-afogados\/#breadcrumb"},"inLanguage":"pt-BR","potentialAction":[{"@type":"ReadAction","target":["https:\/\/afogadosfm.com.br\/afogadosfm\/2025\/11\/15\/tac-transformou-asavap-em-instituicao-de-longa-permanencia-para-idosos-em-afogados\/"]}]},{"@type":"ImageObject","inLanguage":"pt-BR","@id":"https:\/\/afogadosfm.com.br\/afogadosfm\/2025\/11\/15\/tac-transformou-asavap-em-instituicao-de-longa-permanencia-para-idosos-em-afogados\/#primaryimage","url":"https:\/\/i0.wp.com\/afogadosfm.com.br\/afogadosfm\/wp-content\/uploads\/2025\/11\/asavap.jpeg?fit=416%2C549&ssl=1","contentUrl":"https:\/\/i0.wp.com\/afogadosfm.com.br\/afogadosfm\/wp-content\/uploads\/2025\/11\/asavap.jpeg?fit=416%2C549&ssl=1","width":416,"height":549},{"@type":"BreadcrumbList","@id":"https:\/\/afogadosfm.com.br\/afogadosfm\/2025\/11\/15\/tac-transformou-asavap-em-instituicao-de-longa-permanencia-para-idosos-em-afogados\/#breadcrumb","itemListElement":[{"@type":"ListItem","position":1,"name":"In\u00edcio","item":"https:\/\/afogadosfm.com.br\/afogadosfm\/"},{"@type":"ListItem","position":2,"name":"TAC transformou ASAVAP em Institui\u00e7\u00e3o de Longa Perman\u00eancia para Idosos em Afogados"}]},{"@type":"WebSite","@id":"https:\/\/afogadosfm.com.br\/afogadosfm\/#website","url":"https:\/\/afogadosfm.com.br\/afogadosfm\/","name":"Afogados FM","description":"Um site completo!","publisher":{"@id":"https:\/\/afogadosfm.com.br\/afogadosfm\/#organization"},"potentialAction":[{"@type":"SearchAction","target":{"@type":"EntryPoint","urlTemplate":"https:\/\/afogadosfm.com.br\/afogadosfm\/?s={search_term_string}"},"query-input":{"@type":"PropertyValueSpecification","valueRequired":true,"valueName":"search_term_string"}}],"inLanguage":"pt-BR"},{"@type":"Organization","@id":"https:\/\/afogadosfm.com.br\/afogadosfm\/#organization","name":"Afogados FM","url":"https:\/\/afogadosfm.com.br\/afogadosfm\/","logo":{"@type":"ImageObject","inLanguage":"pt-BR","@id":"https:\/\/afogadosfm.com.br\/afogadosfm\/#\/schema\/logo\/image\/","url":"https:\/\/i0.wp.com\/afogadosfm.com.br\/afogadosfm\/wp-content\/uploads\/2020\/06\/cropped-banner-afogados-4.jpg?fit=369%2C137&ssl=1","contentUrl":"https:\/\/i0.wp.com\/afogadosfm.com.br\/afogadosfm\/wp-content\/uploads\/2020\/06\/cropped-banner-afogados-4.jpg?fit=369%2C137&ssl=1","width":369,"height":137,"caption":"Afogados FM"},"image":{"@id":"https:\/\/afogadosfm.com.br\/afogadosfm\/#\/schema\/logo\/image\/"}},{"@type":"Person","@id":"https:\/\/afogadosfm.com.br\/afogadosfm\/#\/schema\/person\/60e56f2cf5dc960fc093fe093d9e9057","name":"afogadosfm","image":{"@type":"ImageObject","inLanguage":"pt-BR","@id":"https:\/\/secure.gravatar.com\/avatar\/e0359add7ed5dc3560906d861b52c6a8cf5c1e199d3a7dd85070998f49bd4701?s=96&d=mm&r=g","url":"https:\/\/secure.gravatar.com\/avatar\/e0359add7ed5dc3560906d861b52c6a8cf5c1e199d3a7dd85070998f49bd4701?s=96&d=mm&r=g","contentUrl":"https:\/\/secure.gravatar.com\/avatar\/e0359add7ed5dc3560906d861b52c6a8cf5c1e199d3a7dd85070998f49bd4701?s=96&d=mm&r=g","caption":"afogadosfm"},"url":"https:\/\/afogadosfm.com.br\/afogadosfm\/author\/afogadosfm\/"}]}},"jetpack_publicize_connections":[],"jetpack_featured_media_url":"https:\/\/i0.wp.com\/afogadosfm.com.br\/afogadosfm\/wp-content\/uploads\/2025\/11\/asavap.jpeg?fit=416%2C549&ssl=1","jetpack-related-posts":[],"jetpack_sharing_enabled":true,"jetpack_likes_enabled":true,"_links":{"self":[{"href":"https:\/\/afogadosfm.com.br\/afogadosfm\/wp-json\/wp\/v2\/posts\/70568","targetHints":{"allow":["GET"]}}],"collection":[{"href":"https:\/\/afogadosfm.com.br\/afogadosfm\/wp-json\/wp\/v2\/posts"}],"about":[{"href":"https:\/\/afogadosfm.com.br\/afogadosfm\/wp-json\/wp\/v2\/types\/post"}],"author":[{"embeddable":true,"href":"https:\/\/afogadosfm.com.br\/afogadosfm\/wp-json\/wp\/v2\/users\/2"}],"replies":[{"embeddable":true,"href":"https:\/\/afogadosfm.com.br\/afogadosfm\/wp-json\/wp\/v2\/comments?post=70568"}],"version-history":[{"count":1,"href":"https:\/\/afogadosfm.com.br\/afogadosfm\/wp-json\/wp\/v2\/posts\/70568\/revisions"}],"predecessor-version":[{"id":70570,"href":"https:\/\/afogadosfm.com.br\/afogadosfm\/wp-json\/wp\/v2\/posts\/70568\/revisions\/70570"}],"wp:featuredmedia":[{"embeddable":true,"href":"https:\/\/afogadosfm.com.br\/afogadosfm\/wp-json\/wp\/v2\/media\/70569"}],"wp:attachment":[{"href":"https:\/\/afogadosfm.com.br\/afogadosfm\/wp-json\/wp\/v2\/media?parent=70568"}],"wp:term":[{"taxonomy":"category","embeddable":true,"href":"https:\/\/afogadosfm.com.br\/afogadosfm\/wp-json\/wp\/v2\/categories?post=70568"},{"taxonomy":"post_tag","embeddable":true,"href":"https:\/\/afogadosfm.com.br\/afogadosfm\/wp-json\/wp\/v2\/tags?post=70568"}],"curies":[{"name":"wp","href":"https:\/\/api.w.org\/{rel}","templated":true}]}}