{"id":70706,"date":"2025-11-21T06:22:07","date_gmt":"2025-11-21T09:22:07","guid":{"rendered":"https:\/\/afogadosfm.com.br\/afogadosfm\/?p=70706"},"modified":"2025-11-21T06:22:08","modified_gmt":"2025-11-21T09:22:08","slug":"em-brasilia-marcha-das-mulheres-negras-espera-reunir-1-milhao-de-pessoas","status":"publish","type":"post","link":"https:\/\/afogadosfm.com.br\/afogadosfm\/2025\/11\/21\/em-brasilia-marcha-das-mulheres-negras-espera-reunir-1-milhao-de-pessoas\/","title":{"rendered":"Em Bras\u00edlia, Marcha das Mulheres Negras espera reunir 1 milh\u00e3o de pessoas"},"content":{"rendered":"\n<p>A Marcha das Mulheres Negras deste ano leva para as ruas a for\u00e7a coletiva de mulheres como a Valdecir Nascimento, nascida no bairro de Alagados, formado por casas de palafitas, na periferia de Salvador. Ela participa do movimento negro h\u00e1 45 anos. Integrante do Comit\u00ea Nacional da Marcha de Mulheres Negras, Valdecir destaca que elas ainda s\u00e3o pouco escutadas na sociedade brasileira.<img data-recalc-dims=\"1\" decoding=\"async\" src=\"https:\/\/i0.wp.com\/agenciabrasil.ebc.com.br\/ebc.png?w=840&#038;ssl=1\"><img data-recalc-dims=\"1\" decoding=\"async\" src=\"https:\/\/i0.wp.com\/agenciabrasil.ebc.com.br\/ebc.gif?w=840&#038;ssl=1\"><\/p>\n\n\n\n<blockquote class=\"wp-block-quote is-layout-flow wp-block-quote-is-layout-flow\">\n<p>&#8220;\u00c9 necess\u00e1rio estabelecer outras rela\u00e7\u00f5es com essa popula\u00e7\u00e3o chamada mulher negra, como \u00e9 o caso da viol\u00eancia sexual, do abuso sexual de meninas e mulheres negras. N\u00f3s somos maioria. Em rela\u00e7\u00e3o ao assassinato dos filhos dessas mulheres negras, que somos maioria. N\u00e3o podemos abortar, mas o Estado aborta os nossos filhos quando o Estado acha que \u00e9 conveniente.&#8221;<\/p>\n<\/blockquote>\n\n\n\n<p>Quilombolas, ribeirinhas, do campo, da cidade, perif\u00e9ricas, acad\u00eamicas, trabalhadoras. O ato busca unir a pluralidade de mulheres negras na luta. Valdecir Nascimento deixa claro que n\u00e3o se trata de um segmento sem reflex\u00e3o pol\u00edtica.<\/p>\n\n\n\n<p>&#8220;\u00c9 uma marcha que tem uma concep\u00e7\u00e3o pol\u00edtica e ideol\u00f3gica que a orienta, que \u00e9 pensar uma sociedade equ\u00e2nime, pensar uma sociedade de pessoas diversas e pensar uma sociedade onde a emancipa\u00e7\u00e3o, autonomia e a liberdade seja o princ\u00edpio que vai reger essa sociedade.&#8221;<\/p>\n\n\n\n<p>Aos 66 anos, de uma vida dedicada \u00e0 luta contra o racismo e pelo direito das mulheres negras, Valdecir Nascimento explica as ideias de repara\u00e7\u00e3o e bem viver presentes na marcha.<\/p>\n\n\n\n<p>&#8220;N\u00f3s sabemos o que \u00e9 viver permanentemente em estado de viol\u00eancia. Significa voc\u00ea deixar pessoas negras morrerem por uma falta de atendimento mais atencioso num posto de sa\u00fade. N\u00f3s sabemos o que significa o policial chegando na comunidade e uma menina de oito, nove, dez anos ser assassinada ou uma mulher gr\u00e1vida ou uma mulher de 70 anos. Ent\u00e3o, a nossa convic\u00e7\u00e3o \u00e9 sair desse lugar.&#8221;<\/p>\n\n\n\n<p>As mulheres negras s\u00e3o 60 milh\u00f5es no pa\u00eds, o que representa quase 30% da popula\u00e7\u00e3o brasileira. Nesta segunda edi\u00e7\u00e3o, a Marcha tem expectativa de reunir um milh\u00e3o de participantes na capital do pa\u00eds.<\/p>\n\n\n\n<p>Por <strong>Sarah Quines \u2013 Rep\u00f3rter da R\u00e1dio Nacional<\/strong><\/p>\n","protected":false},"excerpt":{"rendered":"<p>A Marcha das Mulheres Negras deste ano leva para as ruas a for\u00e7a coletiva de mulheres como a Valdecir Nascimento,<\/p>\n","protected":false},"author":2,"featured_media":70707,"comment_status":"open","ping_status":"open","sticky":false,"template":"","format":"standard","meta":{"jetpack_post_was_ever_published":false,"_jetpack_newsletter_access":"","_jetpack_dont_email_post_to_subs":false,"_jetpack_newsletter_tier_id":0,"_jetpack_memberships_contains_paywalled_content":false,"_jetpack_memberships_contains_paid_content":false,"footnotes":"","jetpack_publicize_message":"","jetpack_publicize_feature_enabled":true,"jetpack_social_post_already_shared":true,"jetpack_social_options":{"image_generator_settings":{"template":"highway","default_image_id":0,"font":"","enabled":false},"version":2}},"categories":[12],"tags":[],"class_list":["post-70706","post","type-post","status-publish","format-standard","has-post-thumbnail","hentry","category-brasil"],"yoast_head":"<!-- This site is optimized with the Yoast SEO plugin v27.5 - https:\/\/yoast.com\/product\/yoast-seo-wordpress\/ -->\n<title>Em Bras\u00edlia, Marcha das Mulheres Negras espera reunir 1 milh\u00e3o de pessoas - Afogados FM<\/title>\n<meta name=\"robots\" content=\"index, follow, max-snippet:-1, max-image-preview:large, max-video-preview:-1\" \/>\n<link rel=\"canonical\" href=\"https:\/\/afogadosfm.com.br\/afogadosfm\/2025\/11\/21\/em-brasilia-marcha-das-mulheres-negras-espera-reunir-1-milhao-de-pessoas\/\" \/>\n<meta property=\"og:locale\" content=\"pt_BR\" \/>\n<meta property=\"og:type\" content=\"article\" \/>\n<meta property=\"og:title\" content=\"Em Bras\u00edlia, Marcha das Mulheres Negras espera reunir 1 milh\u00e3o de pessoas - Afogados FM\" \/>\n<meta property=\"og:description\" content=\"A Marcha das Mulheres Negras deste ano leva para as ruas a for\u00e7a coletiva de mulheres como a Valdecir Nascimento,\" \/>\n<meta property=\"og:url\" content=\"https:\/\/afogadosfm.com.br\/afogadosfm\/2025\/11\/21\/em-brasilia-marcha-das-mulheres-negras-espera-reunir-1-milhao-de-pessoas\/\" \/>\n<meta property=\"og:site_name\" content=\"Afogados FM\" \/>\n<meta property=\"article:published_time\" content=\"2025-11-21T09:22:07+00:00\" \/>\n<meta property=\"article:modified_time\" content=\"2025-11-21T09:22:08+00:00\" \/>\n<meta property=\"og:image\" content=\"https:\/\/afogadosfm.com.br\/afogadosfm\/wp-content\/uploads\/2025\/11\/rbr2775.webp\" \/>\n\t<meta property=\"og:image:width\" content=\"1170\" \/>\n\t<meta property=\"og:image:height\" content=\"700\" \/>\n\t<meta property=\"og:image:type\" content=\"image\/webp\" \/>\n<meta name=\"author\" content=\"afogadosfm\" \/>\n<meta name=\"twitter:card\" content=\"summary_large_image\" \/>\n<meta name=\"twitter:label1\" content=\"Escrito por\" \/>\n\t<meta name=\"twitter:data1\" content=\"afogadosfm\" \/>\n\t<meta name=\"twitter:label2\" content=\"Est. tempo de leitura\" \/>\n\t<meta name=\"twitter:data2\" content=\"3 minutos\" \/>\n<script type=\"application\/ld+json\" class=\"yoast-schema-graph\">{\"@context\":\"https:\\\/\\\/schema.org\",\"@graph\":[{\"@type\":\"Article\",\"@id\":\"https:\\\/\\\/afogadosfm.com.br\\\/afogadosfm\\\/2025\\\/11\\\/21\\\/em-brasilia-marcha-das-mulheres-negras-espera-reunir-1-milhao-de-pessoas\\\/#article\",\"isPartOf\":{\"@id\":\"https:\\\/\\\/afogadosfm.com.br\\\/afogadosfm\\\/2025\\\/11\\\/21\\\/em-brasilia-marcha-das-mulheres-negras-espera-reunir-1-milhao-de-pessoas\\\/\"},\"author\":{\"name\":\"afogadosfm\",\"@id\":\"https:\\\/\\\/afogadosfm.com.br\\\/afogadosfm\\\/#\\\/schema\\\/person\\\/60e56f2cf5dc960fc093fe093d9e9057\"},\"headline\":\"Em Bras\u00edlia, Marcha das Mulheres Negras espera reunir 1 milh\u00e3o de pessoas\",\"datePublished\":\"2025-11-21T09:22:07+00:00\",\"dateModified\":\"2025-11-21T09:22:08+00:00\",\"mainEntityOfPage\":{\"@id\":\"https:\\\/\\\/afogadosfm.com.br\\\/afogadosfm\\\/2025\\\/11\\\/21\\\/em-brasilia-marcha-das-mulheres-negras-espera-reunir-1-milhao-de-pessoas\\\/\"},\"wordCount\":372,\"commentCount\":0,\"publisher\":{\"@id\":\"https:\\\/\\\/afogadosfm.com.br\\\/afogadosfm\\\/#organization\"},\"image\":{\"@id\":\"https:\\\/\\\/afogadosfm.com.br\\\/afogadosfm\\\/2025\\\/11\\\/21\\\/em-brasilia-marcha-das-mulheres-negras-espera-reunir-1-milhao-de-pessoas\\\/#primaryimage\"},\"thumbnailUrl\":\"https:\\\/\\\/i0.wp.com\\\/afogadosfm.com.br\\\/afogadosfm\\\/wp-content\\\/uploads\\\/2025\\\/11\\\/rbr2775.webp?fit=1170%2C700&ssl=1\",\"articleSection\":[\"Brasil\"],\"inLanguage\":\"pt-BR\",\"potentialAction\":[{\"@type\":\"CommentAction\",\"name\":\"Comment\",\"target\":[\"https:\\\/\\\/afogadosfm.com.br\\\/afogadosfm\\\/2025\\\/11\\\/21\\\/em-brasilia-marcha-das-mulheres-negras-espera-reunir-1-milhao-de-pessoas\\\/#respond\"]}]},{\"@type\":\"WebPage\",\"@id\":\"https:\\\/\\\/afogadosfm.com.br\\\/afogadosfm\\\/2025\\\/11\\\/21\\\/em-brasilia-marcha-das-mulheres-negras-espera-reunir-1-milhao-de-pessoas\\\/\",\"url\":\"https:\\\/\\\/afogadosfm.com.br\\\/afogadosfm\\\/2025\\\/11\\\/21\\\/em-brasilia-marcha-das-mulheres-negras-espera-reunir-1-milhao-de-pessoas\\\/\",\"name\":\"Em Bras\u00edlia, Marcha das Mulheres Negras espera reunir 1 milh\u00e3o de pessoas - Afogados FM\",\"isPartOf\":{\"@id\":\"https:\\\/\\\/afogadosfm.com.br\\\/afogadosfm\\\/#website\"},\"primaryImageOfPage\":{\"@id\":\"https:\\\/\\\/afogadosfm.com.br\\\/afogadosfm\\\/2025\\\/11\\\/21\\\/em-brasilia-marcha-das-mulheres-negras-espera-reunir-1-milhao-de-pessoas\\\/#primaryimage\"},\"image\":{\"@id\":\"https:\\\/\\\/afogadosfm.com.br\\\/afogadosfm\\\/2025\\\/11\\\/21\\\/em-brasilia-marcha-das-mulheres-negras-espera-reunir-1-milhao-de-pessoas\\\/#primaryimage\"},\"thumbnailUrl\":\"https:\\\/\\\/i0.wp.com\\\/afogadosfm.com.br\\\/afogadosfm\\\/wp-content\\\/uploads\\\/2025\\\/11\\\/rbr2775.webp?fit=1170%2C700&ssl=1\",\"datePublished\":\"2025-11-21T09:22:07+00:00\",\"dateModified\":\"2025-11-21T09:22:08+00:00\",\"breadcrumb\":{\"@id\":\"https:\\\/\\\/afogadosfm.com.br\\\/afogadosfm\\\/2025\\\/11\\\/21\\\/em-brasilia-marcha-das-mulheres-negras-espera-reunir-1-milhao-de-pessoas\\\/#breadcrumb\"},\"inLanguage\":\"pt-BR\",\"potentialAction\":[{\"@type\":\"ReadAction\",\"target\":[\"https:\\\/\\\/afogadosfm.com.br\\\/afogadosfm\\\/2025\\\/11\\\/21\\\/em-brasilia-marcha-das-mulheres-negras-espera-reunir-1-milhao-de-pessoas\\\/\"]}]},{\"@type\":\"ImageObject\",\"inLanguage\":\"pt-BR\",\"@id\":\"https:\\\/\\\/afogadosfm.com.br\\\/afogadosfm\\\/2025\\\/11\\\/21\\\/em-brasilia-marcha-das-mulheres-negras-espera-reunir-1-milhao-de-pessoas\\\/#primaryimage\",\"url\":\"https:\\\/\\\/i0.wp.com\\\/afogadosfm.com.br\\\/afogadosfm\\\/wp-content\\\/uploads\\\/2025\\\/11\\\/rbr2775.webp?fit=1170%2C700&ssl=1\",\"contentUrl\":\"https:\\\/\\\/i0.wp.com\\\/afogadosfm.com.br\\\/afogadosfm\\\/wp-content\\\/uploads\\\/2025\\\/11\\\/rbr2775.webp?fit=1170%2C700&ssl=1\",\"width\":1170,\"height\":700},{\"@type\":\"BreadcrumbList\",\"@id\":\"https:\\\/\\\/afogadosfm.com.br\\\/afogadosfm\\\/2025\\\/11\\\/21\\\/em-brasilia-marcha-das-mulheres-negras-espera-reunir-1-milhao-de-pessoas\\\/#breadcrumb\",\"itemListElement\":[{\"@type\":\"ListItem\",\"position\":1,\"name\":\"In\u00edcio\",\"item\":\"https:\\\/\\\/afogadosfm.com.br\\\/afogadosfm\\\/\"},{\"@type\":\"ListItem\",\"position\":2,\"name\":\"Em Bras\u00edlia, Marcha das Mulheres Negras espera reunir 1 milh\u00e3o de pessoas\"}]},{\"@type\":\"WebSite\",\"@id\":\"https:\\\/\\\/afogadosfm.com.br\\\/afogadosfm\\\/#website\",\"url\":\"https:\\\/\\\/afogadosfm.com.br\\\/afogadosfm\\\/\",\"name\":\"Afogados FM\",\"description\":\"Um site completo!\",\"publisher\":{\"@id\":\"https:\\\/\\\/afogadosfm.com.br\\\/afogadosfm\\\/#organization\"},\"potentialAction\":[{\"@type\":\"SearchAction\",\"target\":{\"@type\":\"EntryPoint\",\"urlTemplate\":\"https:\\\/\\\/afogadosfm.com.br\\\/afogadosfm\\\/?s={search_term_string}\"},\"query-input\":{\"@type\":\"PropertyValueSpecification\",\"valueRequired\":true,\"valueName\":\"search_term_string\"}}],\"inLanguage\":\"pt-BR\"},{\"@type\":\"Organization\",\"@id\":\"https:\\\/\\\/afogadosfm.com.br\\\/afogadosfm\\\/#organization\",\"name\":\"Afogados FM\",\"url\":\"https:\\\/\\\/afogadosfm.com.br\\\/afogadosfm\\\/\",\"logo\":{\"@type\":\"ImageObject\",\"inLanguage\":\"pt-BR\",\"@id\":\"https:\\\/\\\/afogadosfm.com.br\\\/afogadosfm\\\/#\\\/schema\\\/logo\\\/image\\\/\",\"url\":\"https:\\\/\\\/i0.wp.com\\\/afogadosfm.com.br\\\/afogadosfm\\\/wp-content\\\/uploads\\\/2020\\\/06\\\/cropped-banner-afogados-4.jpg?fit=369%2C137&ssl=1\",\"contentUrl\":\"https:\\\/\\\/i0.wp.com\\\/afogadosfm.com.br\\\/afogadosfm\\\/wp-content\\\/uploads\\\/2020\\\/06\\\/cropped-banner-afogados-4.jpg?fit=369%2C137&ssl=1\",\"width\":369,\"height\":137,\"caption\":\"Afogados FM\"},\"image\":{\"@id\":\"https:\\\/\\\/afogadosfm.com.br\\\/afogadosfm\\\/#\\\/schema\\\/logo\\\/image\\\/\"}},{\"@type\":\"Person\",\"@id\":\"https:\\\/\\\/afogadosfm.com.br\\\/afogadosfm\\\/#\\\/schema\\\/person\\\/60e56f2cf5dc960fc093fe093d9e9057\",\"name\":\"afogadosfm\",\"image\":{\"@type\":\"ImageObject\",\"inLanguage\":\"pt-BR\",\"@id\":\"https:\\\/\\\/secure.gravatar.com\\\/avatar\\\/e0359add7ed5dc3560906d861b52c6a8cf5c1e199d3a7dd85070998f49bd4701?s=96&d=mm&r=g\",\"url\":\"https:\\\/\\\/secure.gravatar.com\\\/avatar\\\/e0359add7ed5dc3560906d861b52c6a8cf5c1e199d3a7dd85070998f49bd4701?s=96&d=mm&r=g\",\"contentUrl\":\"https:\\\/\\\/secure.gravatar.com\\\/avatar\\\/e0359add7ed5dc3560906d861b52c6a8cf5c1e199d3a7dd85070998f49bd4701?s=96&d=mm&r=g\",\"caption\":\"afogadosfm\"},\"url\":\"https:\\\/\\\/afogadosfm.com.br\\\/afogadosfm\\\/author\\\/afogadosfm\\\/\"}]}<\/script>\n<!-- \/ Yoast SEO plugin. -->","yoast_head_json":{"title":"Em Bras\u00edlia, Marcha das Mulheres Negras espera reunir 1 milh\u00e3o de pessoas - Afogados FM","robots":{"index":"index","follow":"follow","max-snippet":"max-snippet:-1","max-image-preview":"max-image-preview:large","max-video-preview":"max-video-preview:-1"},"canonical":"https:\/\/afogadosfm.com.br\/afogadosfm\/2025\/11\/21\/em-brasilia-marcha-das-mulheres-negras-espera-reunir-1-milhao-de-pessoas\/","og_locale":"pt_BR","og_type":"article","og_title":"Em Bras\u00edlia, Marcha das Mulheres Negras espera reunir 1 milh\u00e3o de pessoas - Afogados FM","og_description":"A Marcha das Mulheres Negras deste ano leva para as ruas a for\u00e7a coletiva de mulheres como a Valdecir Nascimento,","og_url":"https:\/\/afogadosfm.com.br\/afogadosfm\/2025\/11\/21\/em-brasilia-marcha-das-mulheres-negras-espera-reunir-1-milhao-de-pessoas\/","og_site_name":"Afogados FM","article_published_time":"2025-11-21T09:22:07+00:00","article_modified_time":"2025-11-21T09:22:08+00:00","og_image":[{"width":1170,"height":700,"url":"https:\/\/afogadosfm.com.br\/afogadosfm\/wp-content\/uploads\/2025\/11\/rbr2775.webp","type":"image\/webp"}],"author":"afogadosfm","twitter_card":"summary_large_image","twitter_misc":{"Escrito por":"afogadosfm","Est. tempo de leitura":"3 minutos"},"schema":{"@context":"https:\/\/schema.org","@graph":[{"@type":"Article","@id":"https:\/\/afogadosfm.com.br\/afogadosfm\/2025\/11\/21\/em-brasilia-marcha-das-mulheres-negras-espera-reunir-1-milhao-de-pessoas\/#article","isPartOf":{"@id":"https:\/\/afogadosfm.com.br\/afogadosfm\/2025\/11\/21\/em-brasilia-marcha-das-mulheres-negras-espera-reunir-1-milhao-de-pessoas\/"},"author":{"name":"afogadosfm","@id":"https:\/\/afogadosfm.com.br\/afogadosfm\/#\/schema\/person\/60e56f2cf5dc960fc093fe093d9e9057"},"headline":"Em Bras\u00edlia, Marcha das Mulheres Negras espera reunir 1 milh\u00e3o de pessoas","datePublished":"2025-11-21T09:22:07+00:00","dateModified":"2025-11-21T09:22:08+00:00","mainEntityOfPage":{"@id":"https:\/\/afogadosfm.com.br\/afogadosfm\/2025\/11\/21\/em-brasilia-marcha-das-mulheres-negras-espera-reunir-1-milhao-de-pessoas\/"},"wordCount":372,"commentCount":0,"publisher":{"@id":"https:\/\/afogadosfm.com.br\/afogadosfm\/#organization"},"image":{"@id":"https:\/\/afogadosfm.com.br\/afogadosfm\/2025\/11\/21\/em-brasilia-marcha-das-mulheres-negras-espera-reunir-1-milhao-de-pessoas\/#primaryimage"},"thumbnailUrl":"https:\/\/i0.wp.com\/afogadosfm.com.br\/afogadosfm\/wp-content\/uploads\/2025\/11\/rbr2775.webp?fit=1170%2C700&ssl=1","articleSection":["Brasil"],"inLanguage":"pt-BR","potentialAction":[{"@type":"CommentAction","name":"Comment","target":["https:\/\/afogadosfm.com.br\/afogadosfm\/2025\/11\/21\/em-brasilia-marcha-das-mulheres-negras-espera-reunir-1-milhao-de-pessoas\/#respond"]}]},{"@type":"WebPage","@id":"https:\/\/afogadosfm.com.br\/afogadosfm\/2025\/11\/21\/em-brasilia-marcha-das-mulheres-negras-espera-reunir-1-milhao-de-pessoas\/","url":"https:\/\/afogadosfm.com.br\/afogadosfm\/2025\/11\/21\/em-brasilia-marcha-das-mulheres-negras-espera-reunir-1-milhao-de-pessoas\/","name":"Em Bras\u00edlia, Marcha das Mulheres Negras espera reunir 1 milh\u00e3o de pessoas - Afogados FM","isPartOf":{"@id":"https:\/\/afogadosfm.com.br\/afogadosfm\/#website"},"primaryImageOfPage":{"@id":"https:\/\/afogadosfm.com.br\/afogadosfm\/2025\/11\/21\/em-brasilia-marcha-das-mulheres-negras-espera-reunir-1-milhao-de-pessoas\/#primaryimage"},"image":{"@id":"https:\/\/afogadosfm.com.br\/afogadosfm\/2025\/11\/21\/em-brasilia-marcha-das-mulheres-negras-espera-reunir-1-milhao-de-pessoas\/#primaryimage"},"thumbnailUrl":"https:\/\/i0.wp.com\/afogadosfm.com.br\/afogadosfm\/wp-content\/uploads\/2025\/11\/rbr2775.webp?fit=1170%2C700&ssl=1","datePublished":"2025-11-21T09:22:07+00:00","dateModified":"2025-11-21T09:22:08+00:00","breadcrumb":{"@id":"https:\/\/afogadosfm.com.br\/afogadosfm\/2025\/11\/21\/em-brasilia-marcha-das-mulheres-negras-espera-reunir-1-milhao-de-pessoas\/#breadcrumb"},"inLanguage":"pt-BR","potentialAction":[{"@type":"ReadAction","target":["https:\/\/afogadosfm.com.br\/afogadosfm\/2025\/11\/21\/em-brasilia-marcha-das-mulheres-negras-espera-reunir-1-milhao-de-pessoas\/"]}]},{"@type":"ImageObject","inLanguage":"pt-BR","@id":"https:\/\/afogadosfm.com.br\/afogadosfm\/2025\/11\/21\/em-brasilia-marcha-das-mulheres-negras-espera-reunir-1-milhao-de-pessoas\/#primaryimage","url":"https:\/\/i0.wp.com\/afogadosfm.com.br\/afogadosfm\/wp-content\/uploads\/2025\/11\/rbr2775.webp?fit=1170%2C700&ssl=1","contentUrl":"https:\/\/i0.wp.com\/afogadosfm.com.br\/afogadosfm\/wp-content\/uploads\/2025\/11\/rbr2775.webp?fit=1170%2C700&ssl=1","width":1170,"height":700},{"@type":"BreadcrumbList","@id":"https:\/\/afogadosfm.com.br\/afogadosfm\/2025\/11\/21\/em-brasilia-marcha-das-mulheres-negras-espera-reunir-1-milhao-de-pessoas\/#breadcrumb","itemListElement":[{"@type":"ListItem","position":1,"name":"In\u00edcio","item":"https:\/\/afogadosfm.com.br\/afogadosfm\/"},{"@type":"ListItem","position":2,"name":"Em Bras\u00edlia, Marcha das Mulheres Negras espera reunir 1 milh\u00e3o de pessoas"}]},{"@type":"WebSite","@id":"https:\/\/afogadosfm.com.br\/afogadosfm\/#website","url":"https:\/\/afogadosfm.com.br\/afogadosfm\/","name":"Afogados FM","description":"Um site completo!","publisher":{"@id":"https:\/\/afogadosfm.com.br\/afogadosfm\/#organization"},"potentialAction":[{"@type":"SearchAction","target":{"@type":"EntryPoint","urlTemplate":"https:\/\/afogadosfm.com.br\/afogadosfm\/?s={search_term_string}"},"query-input":{"@type":"PropertyValueSpecification","valueRequired":true,"valueName":"search_term_string"}}],"inLanguage":"pt-BR"},{"@type":"Organization","@id":"https:\/\/afogadosfm.com.br\/afogadosfm\/#organization","name":"Afogados FM","url":"https:\/\/afogadosfm.com.br\/afogadosfm\/","logo":{"@type":"ImageObject","inLanguage":"pt-BR","@id":"https:\/\/afogadosfm.com.br\/afogadosfm\/#\/schema\/logo\/image\/","url":"https:\/\/i0.wp.com\/afogadosfm.com.br\/afogadosfm\/wp-content\/uploads\/2020\/06\/cropped-banner-afogados-4.jpg?fit=369%2C137&ssl=1","contentUrl":"https:\/\/i0.wp.com\/afogadosfm.com.br\/afogadosfm\/wp-content\/uploads\/2020\/06\/cropped-banner-afogados-4.jpg?fit=369%2C137&ssl=1","width":369,"height":137,"caption":"Afogados FM"},"image":{"@id":"https:\/\/afogadosfm.com.br\/afogadosfm\/#\/schema\/logo\/image\/"}},{"@type":"Person","@id":"https:\/\/afogadosfm.com.br\/afogadosfm\/#\/schema\/person\/60e56f2cf5dc960fc093fe093d9e9057","name":"afogadosfm","image":{"@type":"ImageObject","inLanguage":"pt-BR","@id":"https:\/\/secure.gravatar.com\/avatar\/e0359add7ed5dc3560906d861b52c6a8cf5c1e199d3a7dd85070998f49bd4701?s=96&d=mm&r=g","url":"https:\/\/secure.gravatar.com\/avatar\/e0359add7ed5dc3560906d861b52c6a8cf5c1e199d3a7dd85070998f49bd4701?s=96&d=mm&r=g","contentUrl":"https:\/\/secure.gravatar.com\/avatar\/e0359add7ed5dc3560906d861b52c6a8cf5c1e199d3a7dd85070998f49bd4701?s=96&d=mm&r=g","caption":"afogadosfm"},"url":"https:\/\/afogadosfm.com.br\/afogadosfm\/author\/afogadosfm\/"}]}},"jetpack_publicize_connections":[],"jetpack_featured_media_url":"https:\/\/i0.wp.com\/afogadosfm.com.br\/afogadosfm\/wp-content\/uploads\/2025\/11\/rbr2775.webp?fit=1170%2C700&ssl=1","jetpack-related-posts":[],"jetpack_sharing_enabled":true,"jetpack_likes_enabled":true,"_links":{"self":[{"href":"https:\/\/afogadosfm.com.br\/afogadosfm\/wp-json\/wp\/v2\/posts\/70706","targetHints":{"allow":["GET"]}}],"collection":[{"href":"https:\/\/afogadosfm.com.br\/afogadosfm\/wp-json\/wp\/v2\/posts"}],"about":[{"href":"https:\/\/afogadosfm.com.br\/afogadosfm\/wp-json\/wp\/v2\/types\/post"}],"author":[{"embeddable":true,"href":"https:\/\/afogadosfm.com.br\/afogadosfm\/wp-json\/wp\/v2\/users\/2"}],"replies":[{"embeddable":true,"href":"https:\/\/afogadosfm.com.br\/afogadosfm\/wp-json\/wp\/v2\/comments?post=70706"}],"version-history":[{"count":1,"href":"https:\/\/afogadosfm.com.br\/afogadosfm\/wp-json\/wp\/v2\/posts\/70706\/revisions"}],"predecessor-version":[{"id":70708,"href":"https:\/\/afogadosfm.com.br\/afogadosfm\/wp-json\/wp\/v2\/posts\/70706\/revisions\/70708"}],"wp:featuredmedia":[{"embeddable":true,"href":"https:\/\/afogadosfm.com.br\/afogadosfm\/wp-json\/wp\/v2\/media\/70707"}],"wp:attachment":[{"href":"https:\/\/afogadosfm.com.br\/afogadosfm\/wp-json\/wp\/v2\/media?parent=70706"}],"wp:term":[{"taxonomy":"category","embeddable":true,"href":"https:\/\/afogadosfm.com.br\/afogadosfm\/wp-json\/wp\/v2\/categories?post=70706"},{"taxonomy":"post_tag","embeddable":true,"href":"https:\/\/afogadosfm.com.br\/afogadosfm\/wp-json\/wp\/v2\/tags?post=70706"}],"curies":[{"name":"wp","href":"https:\/\/api.w.org\/{rel}","templated":true}]}}