{"id":70711,"date":"2025-11-21T06:37:09","date_gmt":"2025-11-21T09:37:09","guid":{"rendered":"https:\/\/afogadosfm.com.br\/afogadosfm\/?p=70711"},"modified":"2025-11-21T06:37:10","modified_gmt":"2025-11-21T09:37:10","slug":"ator-foi-preso-em-flagrante-no-recife-por-armazenar-material-com-cenas-de-abuso-sexual-infantil","status":"publish","type":"post","link":"https:\/\/afogadosfm.com.br\/afogadosfm\/2025\/11\/21\/ator-foi-preso-em-flagrante-no-recife-por-armazenar-material-com-cenas-de-abuso-sexual-infantil\/","title":{"rendered":"Ator foi preso em flagrante no Recife por armazenar material com cenas de abuso sexual infantil"},"content":{"rendered":"\n<p>Um ator e produtor de eventos foi preso em flagrante, na Zona Norte do Recife, pela Pol\u00edcia Federal em Pernambuco, por armazenamento de conte\u00fado pornogr\u00e1fico de abuso sexual infantil.<\/p>\n\n\n\n<p>Deflagrada na quarta (19) e divulgada na noite de ontem  (20), a opera\u00e7\u00e3o tamb\u00e9m cumpriu dois mandados de busca e apreens\u00e3o.<\/p>\n\n\n\n<p>Segundo a PF-PE, equipes participaram da Opera\u00e7\u00e3o Desenrolado, que combate a pr\u00e1tica de poss\u00edveis crimes de armazenamento, divulga\u00e7\u00e3o e produ\u00e7\u00e3o de imagens e v\u00eddeos contendo cenas de abuso sexual infantil.<\/p>\n\n\n\n<p>Ainda conforme a PF, as investiga\u00e7\u00f5es se referem a dois inqu\u00e9ritos policiais diferentes, iniciados em 2024.<\/p>\n\n\n\n<p>O ator preso tem 46 anos. Os mandados de busca e apreens\u00e3o foram cumpridos em Campo Grande e Ilha Joana Bezerra, no Recife. O objetivo \u00e9 realizar a apreens\u00e3o de computadores, notebooks, celulares e m\u00eddias com potencial de armazenamento de imagens e v\u00eddeos contendo cenas de abuso sexual de menores.<\/p>\n\n\n\n<p>Dependendo dos resultados das dilig\u00eancias e dos exames periciais nos materiais apreendidos, os investigados responder\u00e3o pela pr\u00e1tica dos crimes de armazenamento, divulga\u00e7\u00e3o e produ\u00e7\u00e3o de material de abuso sexual infantil. Somadas, as penas podem variar de 8 a 18 anos de reclus\u00e3o.<\/p>\n\n\n\n<p>Todo o material apreendido em cumprimento aos dois mandados de busca e apreens\u00e3o ser\u00e1 submetido a exame pericial com vistas a encontrar evid\u00eancias dos crimes relacionados ao abuso sexual infantil por meio da internet.<\/p>\n\n\n\n<p><strong>Extors\u00e3o<\/strong><\/p>\n\n\n\n<p>Em um dos casos, o investigado pode vir tamb\u00e9m pelo crime de extors\u00e3o, haja vista os ind\u00edcios de que, ap\u00f3s conseguir, com desenvoltura e mal\u00edcia, convencer um adolescente estrangeiro a expor a genit\u00e1lia e o rosto numa mesma imagem, passou a chantage\u00e1-lo, amea\u00e7ando arruinar a vida e a carreira do jovem, por meio da divulga\u00e7\u00e3o das imagens produzidas, caso n\u00e3o recebesse pagamento.<\/p>\n\n\n\n<p><strong>Lei<\/strong><\/p>\n\n\n\n<p>Embora o termo &#8220;pornografia&#8221; ainda seja utilizado em nossa legisla\u00e7\u00e3o (art. 241-E da Lei n\u00ba 8.069, de 1990 &#8211; Estatuto da Crian\u00e7a e do Adolescente) para definir &#8220;qualquer situa\u00e7\u00e3o que envolva crian\u00e7a ou adolescente em atividades sexuais expl\u00edcitas, reais ou simuladas, ou exibi\u00e7\u00e3o dos \u00f3rg\u00e3os genitais de uma crian\u00e7a ou adolescente para fins primordialmente sexuais&#8221;, a comunidade internacional entende que o melhor nessas situa\u00e7\u00f5es \u00e9 referir-se a crimes de &#8220;abuso sexual de crian\u00e7as e adolescentes&#8221; ou mesmo &#8220;viol\u00eancia sexual de crian\u00e7as e adolescentes&#8221;, pois a nomenclatura ajuda a dar dimens\u00e3o da viol\u00eancia infligida nas v\u00edtimas desses crimes t\u00e3o devastadores.<\/p>\n\n\n\n<p><strong>Alerta<\/strong><\/p>\n\n\n\n<p>Al\u00e9m disso, a Pol\u00edcia Federal alerta aos pais e aos respons\u00e1veis sobre a import\u00e2ncia de monitorar e orientar seus filhos no mundo virtual e f\u00edsico, protegendo-os dos riscos de abusos sexuais. Conversar abertamente sobre os perigos do mundo virtual, explicar como utilizar redes sociais, jogos e aplicativos de forma segura e acompanhar de perto as atividades online dos jovens s\u00e3o medidas essenciais de prote\u00e7\u00e3o.<\/p>\n\n\n\n<p>Estar atento a mudan\u00e7as de comportamento, como isolamento repentino ou segredo em rela\u00e7\u00e3o ao uso do celular e do computador, pode ajudar a identificar situa\u00e7\u00f5es de risco. \u00c9 igualmente importante ensinar \u00e0s crian\u00e7as e adolescentes como agir diante de contatos inadequados em ambientes virtuais, refor\u00e7ando que podem e devem procurar ajuda. A preven\u00e7\u00e3o \u00e9 a maneira mais eficaz de garantir a seguran\u00e7a e o bem-estar de crian\u00e7as e adolescentes, e a informa\u00e7\u00e3o continua sendo um instrumento capaz de salvar vidas.<\/p>\n\n\n\n<p>Do DP<\/p>\n","protected":false},"excerpt":{"rendered":"<p>Um ator e produtor de eventos foi preso em flagrante, na Zona Norte do Recife, pela Pol\u00edcia Federal em Pernambuco,<\/p>\n","protected":false},"author":2,"featured_media":70712,"comment_status":"open","ping_status":"open","sticky":false,"template":"","format":"standard","meta":{"jetpack_post_was_ever_published":false,"_jetpack_newsletter_access":"","_jetpack_dont_email_post_to_subs":false,"_jetpack_newsletter_tier_id":0,"_jetpack_memberships_contains_paywalled_content":false,"_jetpack_memberships_contains_paid_content":false,"footnotes":"","jetpack_publicize_message":"","jetpack_publicize_feature_enabled":true,"jetpack_social_post_already_shared":true,"jetpack_social_options":{"image_generator_settings":{"template":"highway","default_image_id":0,"font":"","enabled":false},"version":2}},"categories":[34],"tags":[],"class_list":["post-70711","post","type-post","status-publish","format-standard","has-post-thumbnail","hentry","category-policia"],"yoast_head":"<!-- This site is optimized with the Yoast SEO plugin v27.5 - https:\/\/yoast.com\/product\/yoast-seo-wordpress\/ -->\n<title>Ator foi preso em flagrante no Recife por armazenar material com cenas de abuso sexual infantil - Afogados FM<\/title>\n<meta name=\"robots\" content=\"index, follow, max-snippet:-1, max-image-preview:large, max-video-preview:-1\" \/>\n<link rel=\"canonical\" href=\"https:\/\/afogadosfm.com.br\/afogadosfm\/2025\/11\/21\/ator-foi-preso-em-flagrante-no-recife-por-armazenar-material-com-cenas-de-abuso-sexual-infantil\/\" \/>\n<meta property=\"og:locale\" content=\"pt_BR\" \/>\n<meta property=\"og:type\" content=\"article\" \/>\n<meta property=\"og:title\" content=\"Ator foi preso em flagrante no Recife por armazenar material com cenas de abuso sexual infantil - Afogados FM\" \/>\n<meta property=\"og:description\" content=\"Um ator e produtor de eventos foi preso em flagrante, na Zona Norte do Recife, pela Pol\u00edcia Federal em Pernambuco,\" \/>\n<meta property=\"og:url\" content=\"https:\/\/afogadosfm.com.br\/afogadosfm\/2025\/11\/21\/ator-foi-preso-em-flagrante-no-recife-por-armazenar-material-com-cenas-de-abuso-sexual-infantil\/\" \/>\n<meta property=\"og:site_name\" content=\"Afogados FM\" \/>\n<meta property=\"article:published_time\" content=\"2025-11-21T09:37:09+00:00\" \/>\n<meta property=\"article:modified_time\" content=\"2025-11-21T09:37:10+00:00\" \/>\n<meta property=\"og:image\" content=\"https:\/\/afogadosfm.com.br\/afogadosfm\/wp-content\/uploads\/2025\/11\/pfpe.jpeg\" \/>\n\t<meta property=\"og:image:width\" content=\"600\" \/>\n\t<meta property=\"og:image:height\" content=\"400\" \/>\n\t<meta property=\"og:image:type\" content=\"image\/jpeg\" \/>\n<meta name=\"author\" content=\"afogadosfm\" \/>\n<meta name=\"twitter:card\" content=\"summary_large_image\" \/>\n<meta name=\"twitter:label1\" content=\"Escrito por\" \/>\n\t<meta name=\"twitter:data1\" content=\"afogadosfm\" \/>\n\t<meta name=\"twitter:label2\" content=\"Est. tempo de leitura\" \/>\n\t<meta name=\"twitter:data2\" content=\"4 minutos\" \/>\n<script type=\"application\/ld+json\" class=\"yoast-schema-graph\">{\"@context\":\"https:\\\/\\\/schema.org\",\"@graph\":[{\"@type\":\"Article\",\"@id\":\"https:\\\/\\\/afogadosfm.com.br\\\/afogadosfm\\\/2025\\\/11\\\/21\\\/ator-foi-preso-em-flagrante-no-recife-por-armazenar-material-com-cenas-de-abuso-sexual-infantil\\\/#article\",\"isPartOf\":{\"@id\":\"https:\\\/\\\/afogadosfm.com.br\\\/afogadosfm\\\/2025\\\/11\\\/21\\\/ator-foi-preso-em-flagrante-no-recife-por-armazenar-material-com-cenas-de-abuso-sexual-infantil\\\/\"},\"author\":{\"name\":\"afogadosfm\",\"@id\":\"https:\\\/\\\/afogadosfm.com.br\\\/afogadosfm\\\/#\\\/schema\\\/person\\\/60e56f2cf5dc960fc093fe093d9e9057\"},\"headline\":\"Ator foi preso em flagrante no Recife por armazenar material com cenas de abuso sexual infantil\",\"datePublished\":\"2025-11-21T09:37:09+00:00\",\"dateModified\":\"2025-11-21T09:37:10+00:00\",\"mainEntityOfPage\":{\"@id\":\"https:\\\/\\\/afogadosfm.com.br\\\/afogadosfm\\\/2025\\\/11\\\/21\\\/ator-foi-preso-em-flagrante-no-recife-por-armazenar-material-com-cenas-de-abuso-sexual-infantil\\\/\"},\"wordCount\":605,\"commentCount\":0,\"publisher\":{\"@id\":\"https:\\\/\\\/afogadosfm.com.br\\\/afogadosfm\\\/#organization\"},\"image\":{\"@id\":\"https:\\\/\\\/afogadosfm.com.br\\\/afogadosfm\\\/2025\\\/11\\\/21\\\/ator-foi-preso-em-flagrante-no-recife-por-armazenar-material-com-cenas-de-abuso-sexual-infantil\\\/#primaryimage\"},\"thumbnailUrl\":\"https:\\\/\\\/i0.wp.com\\\/afogadosfm.com.br\\\/afogadosfm\\\/wp-content\\\/uploads\\\/2025\\\/11\\\/pfpe.jpeg?fit=600%2C400&ssl=1\",\"articleSection\":[\"Pol\u00edcia\"],\"inLanguage\":\"pt-BR\",\"potentialAction\":[{\"@type\":\"CommentAction\",\"name\":\"Comment\",\"target\":[\"https:\\\/\\\/afogadosfm.com.br\\\/afogadosfm\\\/2025\\\/11\\\/21\\\/ator-foi-preso-em-flagrante-no-recife-por-armazenar-material-com-cenas-de-abuso-sexual-infantil\\\/#respond\"]}]},{\"@type\":\"WebPage\",\"@id\":\"https:\\\/\\\/afogadosfm.com.br\\\/afogadosfm\\\/2025\\\/11\\\/21\\\/ator-foi-preso-em-flagrante-no-recife-por-armazenar-material-com-cenas-de-abuso-sexual-infantil\\\/\",\"url\":\"https:\\\/\\\/afogadosfm.com.br\\\/afogadosfm\\\/2025\\\/11\\\/21\\\/ator-foi-preso-em-flagrante-no-recife-por-armazenar-material-com-cenas-de-abuso-sexual-infantil\\\/\",\"name\":\"Ator foi preso em flagrante no Recife por armazenar material com cenas de abuso sexual infantil - Afogados FM\",\"isPartOf\":{\"@id\":\"https:\\\/\\\/afogadosfm.com.br\\\/afogadosfm\\\/#website\"},\"primaryImageOfPage\":{\"@id\":\"https:\\\/\\\/afogadosfm.com.br\\\/afogadosfm\\\/2025\\\/11\\\/21\\\/ator-foi-preso-em-flagrante-no-recife-por-armazenar-material-com-cenas-de-abuso-sexual-infantil\\\/#primaryimage\"},\"image\":{\"@id\":\"https:\\\/\\\/afogadosfm.com.br\\\/afogadosfm\\\/2025\\\/11\\\/21\\\/ator-foi-preso-em-flagrante-no-recife-por-armazenar-material-com-cenas-de-abuso-sexual-infantil\\\/#primaryimage\"},\"thumbnailUrl\":\"https:\\\/\\\/i0.wp.com\\\/afogadosfm.com.br\\\/afogadosfm\\\/wp-content\\\/uploads\\\/2025\\\/11\\\/pfpe.jpeg?fit=600%2C400&ssl=1\",\"datePublished\":\"2025-11-21T09:37:09+00:00\",\"dateModified\":\"2025-11-21T09:37:10+00:00\",\"breadcrumb\":{\"@id\":\"https:\\\/\\\/afogadosfm.com.br\\\/afogadosfm\\\/2025\\\/11\\\/21\\\/ator-foi-preso-em-flagrante-no-recife-por-armazenar-material-com-cenas-de-abuso-sexual-infantil\\\/#breadcrumb\"},\"inLanguage\":\"pt-BR\",\"potentialAction\":[{\"@type\":\"ReadAction\",\"target\":[\"https:\\\/\\\/afogadosfm.com.br\\\/afogadosfm\\\/2025\\\/11\\\/21\\\/ator-foi-preso-em-flagrante-no-recife-por-armazenar-material-com-cenas-de-abuso-sexual-infantil\\\/\"]}]},{\"@type\":\"ImageObject\",\"inLanguage\":\"pt-BR\",\"@id\":\"https:\\\/\\\/afogadosfm.com.br\\\/afogadosfm\\\/2025\\\/11\\\/21\\\/ator-foi-preso-em-flagrante-no-recife-por-armazenar-material-com-cenas-de-abuso-sexual-infantil\\\/#primaryimage\",\"url\":\"https:\\\/\\\/i0.wp.com\\\/afogadosfm.com.br\\\/afogadosfm\\\/wp-content\\\/uploads\\\/2025\\\/11\\\/pfpe.jpeg?fit=600%2C400&ssl=1\",\"contentUrl\":\"https:\\\/\\\/i0.wp.com\\\/afogadosfm.com.br\\\/afogadosfm\\\/wp-content\\\/uploads\\\/2025\\\/11\\\/pfpe.jpeg?fit=600%2C400&ssl=1\",\"width\":600,\"height\":400},{\"@type\":\"BreadcrumbList\",\"@id\":\"https:\\\/\\\/afogadosfm.com.br\\\/afogadosfm\\\/2025\\\/11\\\/21\\\/ator-foi-preso-em-flagrante-no-recife-por-armazenar-material-com-cenas-de-abuso-sexual-infantil\\\/#breadcrumb\",\"itemListElement\":[{\"@type\":\"ListItem\",\"position\":1,\"name\":\"In\u00edcio\",\"item\":\"https:\\\/\\\/afogadosfm.com.br\\\/afogadosfm\\\/\"},{\"@type\":\"ListItem\",\"position\":2,\"name\":\"Ator foi preso em flagrante no Recife por armazenar material com cenas de abuso sexual infantil\"}]},{\"@type\":\"WebSite\",\"@id\":\"https:\\\/\\\/afogadosfm.com.br\\\/afogadosfm\\\/#website\",\"url\":\"https:\\\/\\\/afogadosfm.com.br\\\/afogadosfm\\\/\",\"name\":\"Afogados FM\",\"description\":\"Um site completo!\",\"publisher\":{\"@id\":\"https:\\\/\\\/afogadosfm.com.br\\\/afogadosfm\\\/#organization\"},\"potentialAction\":[{\"@type\":\"SearchAction\",\"target\":{\"@type\":\"EntryPoint\",\"urlTemplate\":\"https:\\\/\\\/afogadosfm.com.br\\\/afogadosfm\\\/?s={search_term_string}\"},\"query-input\":{\"@type\":\"PropertyValueSpecification\",\"valueRequired\":true,\"valueName\":\"search_term_string\"}}],\"inLanguage\":\"pt-BR\"},{\"@type\":\"Organization\",\"@id\":\"https:\\\/\\\/afogadosfm.com.br\\\/afogadosfm\\\/#organization\",\"name\":\"Afogados FM\",\"url\":\"https:\\\/\\\/afogadosfm.com.br\\\/afogadosfm\\\/\",\"logo\":{\"@type\":\"ImageObject\",\"inLanguage\":\"pt-BR\",\"@id\":\"https:\\\/\\\/afogadosfm.com.br\\\/afogadosfm\\\/#\\\/schema\\\/logo\\\/image\\\/\",\"url\":\"https:\\\/\\\/i0.wp.com\\\/afogadosfm.com.br\\\/afogadosfm\\\/wp-content\\\/uploads\\\/2020\\\/06\\\/cropped-banner-afogados-4.jpg?fit=369%2C137&ssl=1\",\"contentUrl\":\"https:\\\/\\\/i0.wp.com\\\/afogadosfm.com.br\\\/afogadosfm\\\/wp-content\\\/uploads\\\/2020\\\/06\\\/cropped-banner-afogados-4.jpg?fit=369%2C137&ssl=1\",\"width\":369,\"height\":137,\"caption\":\"Afogados FM\"},\"image\":{\"@id\":\"https:\\\/\\\/afogadosfm.com.br\\\/afogadosfm\\\/#\\\/schema\\\/logo\\\/image\\\/\"}},{\"@type\":\"Person\",\"@id\":\"https:\\\/\\\/afogadosfm.com.br\\\/afogadosfm\\\/#\\\/schema\\\/person\\\/60e56f2cf5dc960fc093fe093d9e9057\",\"name\":\"afogadosfm\",\"image\":{\"@type\":\"ImageObject\",\"inLanguage\":\"pt-BR\",\"@id\":\"https:\\\/\\\/secure.gravatar.com\\\/avatar\\\/e0359add7ed5dc3560906d861b52c6a8cf5c1e199d3a7dd85070998f49bd4701?s=96&d=mm&r=g\",\"url\":\"https:\\\/\\\/secure.gravatar.com\\\/avatar\\\/e0359add7ed5dc3560906d861b52c6a8cf5c1e199d3a7dd85070998f49bd4701?s=96&d=mm&r=g\",\"contentUrl\":\"https:\\\/\\\/secure.gravatar.com\\\/avatar\\\/e0359add7ed5dc3560906d861b52c6a8cf5c1e199d3a7dd85070998f49bd4701?s=96&d=mm&r=g\",\"caption\":\"afogadosfm\"},\"url\":\"https:\\\/\\\/afogadosfm.com.br\\\/afogadosfm\\\/author\\\/afogadosfm\\\/\"}]}<\/script>\n<!-- \/ Yoast SEO plugin. -->","yoast_head_json":{"title":"Ator foi preso em flagrante no Recife por armazenar material com cenas de abuso sexual infantil - Afogados FM","robots":{"index":"index","follow":"follow","max-snippet":"max-snippet:-1","max-image-preview":"max-image-preview:large","max-video-preview":"max-video-preview:-1"},"canonical":"https:\/\/afogadosfm.com.br\/afogadosfm\/2025\/11\/21\/ator-foi-preso-em-flagrante-no-recife-por-armazenar-material-com-cenas-de-abuso-sexual-infantil\/","og_locale":"pt_BR","og_type":"article","og_title":"Ator foi preso em flagrante no Recife por armazenar material com cenas de abuso sexual infantil - Afogados FM","og_description":"Um ator e produtor de eventos foi preso em flagrante, na Zona Norte do Recife, pela Pol\u00edcia Federal em Pernambuco,","og_url":"https:\/\/afogadosfm.com.br\/afogadosfm\/2025\/11\/21\/ator-foi-preso-em-flagrante-no-recife-por-armazenar-material-com-cenas-de-abuso-sexual-infantil\/","og_site_name":"Afogados FM","article_published_time":"2025-11-21T09:37:09+00:00","article_modified_time":"2025-11-21T09:37:10+00:00","og_image":[{"width":600,"height":400,"url":"https:\/\/afogadosfm.com.br\/afogadosfm\/wp-content\/uploads\/2025\/11\/pfpe.jpeg","type":"image\/jpeg"}],"author":"afogadosfm","twitter_card":"summary_large_image","twitter_misc":{"Escrito por":"afogadosfm","Est. tempo de leitura":"4 minutos"},"schema":{"@context":"https:\/\/schema.org","@graph":[{"@type":"Article","@id":"https:\/\/afogadosfm.com.br\/afogadosfm\/2025\/11\/21\/ator-foi-preso-em-flagrante-no-recife-por-armazenar-material-com-cenas-de-abuso-sexual-infantil\/#article","isPartOf":{"@id":"https:\/\/afogadosfm.com.br\/afogadosfm\/2025\/11\/21\/ator-foi-preso-em-flagrante-no-recife-por-armazenar-material-com-cenas-de-abuso-sexual-infantil\/"},"author":{"name":"afogadosfm","@id":"https:\/\/afogadosfm.com.br\/afogadosfm\/#\/schema\/person\/60e56f2cf5dc960fc093fe093d9e9057"},"headline":"Ator foi preso em flagrante no Recife por armazenar material com cenas de abuso sexual infantil","datePublished":"2025-11-21T09:37:09+00:00","dateModified":"2025-11-21T09:37:10+00:00","mainEntityOfPage":{"@id":"https:\/\/afogadosfm.com.br\/afogadosfm\/2025\/11\/21\/ator-foi-preso-em-flagrante-no-recife-por-armazenar-material-com-cenas-de-abuso-sexual-infantil\/"},"wordCount":605,"commentCount":0,"publisher":{"@id":"https:\/\/afogadosfm.com.br\/afogadosfm\/#organization"},"image":{"@id":"https:\/\/afogadosfm.com.br\/afogadosfm\/2025\/11\/21\/ator-foi-preso-em-flagrante-no-recife-por-armazenar-material-com-cenas-de-abuso-sexual-infantil\/#primaryimage"},"thumbnailUrl":"https:\/\/i0.wp.com\/afogadosfm.com.br\/afogadosfm\/wp-content\/uploads\/2025\/11\/pfpe.jpeg?fit=600%2C400&ssl=1","articleSection":["Pol\u00edcia"],"inLanguage":"pt-BR","potentialAction":[{"@type":"CommentAction","name":"Comment","target":["https:\/\/afogadosfm.com.br\/afogadosfm\/2025\/11\/21\/ator-foi-preso-em-flagrante-no-recife-por-armazenar-material-com-cenas-de-abuso-sexual-infantil\/#respond"]}]},{"@type":"WebPage","@id":"https:\/\/afogadosfm.com.br\/afogadosfm\/2025\/11\/21\/ator-foi-preso-em-flagrante-no-recife-por-armazenar-material-com-cenas-de-abuso-sexual-infantil\/","url":"https:\/\/afogadosfm.com.br\/afogadosfm\/2025\/11\/21\/ator-foi-preso-em-flagrante-no-recife-por-armazenar-material-com-cenas-de-abuso-sexual-infantil\/","name":"Ator foi preso em flagrante no Recife por armazenar material com cenas de abuso sexual infantil - Afogados FM","isPartOf":{"@id":"https:\/\/afogadosfm.com.br\/afogadosfm\/#website"},"primaryImageOfPage":{"@id":"https:\/\/afogadosfm.com.br\/afogadosfm\/2025\/11\/21\/ator-foi-preso-em-flagrante-no-recife-por-armazenar-material-com-cenas-de-abuso-sexual-infantil\/#primaryimage"},"image":{"@id":"https:\/\/afogadosfm.com.br\/afogadosfm\/2025\/11\/21\/ator-foi-preso-em-flagrante-no-recife-por-armazenar-material-com-cenas-de-abuso-sexual-infantil\/#primaryimage"},"thumbnailUrl":"https:\/\/i0.wp.com\/afogadosfm.com.br\/afogadosfm\/wp-content\/uploads\/2025\/11\/pfpe.jpeg?fit=600%2C400&ssl=1","datePublished":"2025-11-21T09:37:09+00:00","dateModified":"2025-11-21T09:37:10+00:00","breadcrumb":{"@id":"https:\/\/afogadosfm.com.br\/afogadosfm\/2025\/11\/21\/ator-foi-preso-em-flagrante-no-recife-por-armazenar-material-com-cenas-de-abuso-sexual-infantil\/#breadcrumb"},"inLanguage":"pt-BR","potentialAction":[{"@type":"ReadAction","target":["https:\/\/afogadosfm.com.br\/afogadosfm\/2025\/11\/21\/ator-foi-preso-em-flagrante-no-recife-por-armazenar-material-com-cenas-de-abuso-sexual-infantil\/"]}]},{"@type":"ImageObject","inLanguage":"pt-BR","@id":"https:\/\/afogadosfm.com.br\/afogadosfm\/2025\/11\/21\/ator-foi-preso-em-flagrante-no-recife-por-armazenar-material-com-cenas-de-abuso-sexual-infantil\/#primaryimage","url":"https:\/\/i0.wp.com\/afogadosfm.com.br\/afogadosfm\/wp-content\/uploads\/2025\/11\/pfpe.jpeg?fit=600%2C400&ssl=1","contentUrl":"https:\/\/i0.wp.com\/afogadosfm.com.br\/afogadosfm\/wp-content\/uploads\/2025\/11\/pfpe.jpeg?fit=600%2C400&ssl=1","width":600,"height":400},{"@type":"BreadcrumbList","@id":"https:\/\/afogadosfm.com.br\/afogadosfm\/2025\/11\/21\/ator-foi-preso-em-flagrante-no-recife-por-armazenar-material-com-cenas-de-abuso-sexual-infantil\/#breadcrumb","itemListElement":[{"@type":"ListItem","position":1,"name":"In\u00edcio","item":"https:\/\/afogadosfm.com.br\/afogadosfm\/"},{"@type":"ListItem","position":2,"name":"Ator foi preso em flagrante no Recife por armazenar material com cenas de abuso sexual infantil"}]},{"@type":"WebSite","@id":"https:\/\/afogadosfm.com.br\/afogadosfm\/#website","url":"https:\/\/afogadosfm.com.br\/afogadosfm\/","name":"Afogados FM","description":"Um site completo!","publisher":{"@id":"https:\/\/afogadosfm.com.br\/afogadosfm\/#organization"},"potentialAction":[{"@type":"SearchAction","target":{"@type":"EntryPoint","urlTemplate":"https:\/\/afogadosfm.com.br\/afogadosfm\/?s={search_term_string}"},"query-input":{"@type":"PropertyValueSpecification","valueRequired":true,"valueName":"search_term_string"}}],"inLanguage":"pt-BR"},{"@type":"Organization","@id":"https:\/\/afogadosfm.com.br\/afogadosfm\/#organization","name":"Afogados FM","url":"https:\/\/afogadosfm.com.br\/afogadosfm\/","logo":{"@type":"ImageObject","inLanguage":"pt-BR","@id":"https:\/\/afogadosfm.com.br\/afogadosfm\/#\/schema\/logo\/image\/","url":"https:\/\/i0.wp.com\/afogadosfm.com.br\/afogadosfm\/wp-content\/uploads\/2020\/06\/cropped-banner-afogados-4.jpg?fit=369%2C137&ssl=1","contentUrl":"https:\/\/i0.wp.com\/afogadosfm.com.br\/afogadosfm\/wp-content\/uploads\/2020\/06\/cropped-banner-afogados-4.jpg?fit=369%2C137&ssl=1","width":369,"height":137,"caption":"Afogados FM"},"image":{"@id":"https:\/\/afogadosfm.com.br\/afogadosfm\/#\/schema\/logo\/image\/"}},{"@type":"Person","@id":"https:\/\/afogadosfm.com.br\/afogadosfm\/#\/schema\/person\/60e56f2cf5dc960fc093fe093d9e9057","name":"afogadosfm","image":{"@type":"ImageObject","inLanguage":"pt-BR","@id":"https:\/\/secure.gravatar.com\/avatar\/e0359add7ed5dc3560906d861b52c6a8cf5c1e199d3a7dd85070998f49bd4701?s=96&d=mm&r=g","url":"https:\/\/secure.gravatar.com\/avatar\/e0359add7ed5dc3560906d861b52c6a8cf5c1e199d3a7dd85070998f49bd4701?s=96&d=mm&r=g","contentUrl":"https:\/\/secure.gravatar.com\/avatar\/e0359add7ed5dc3560906d861b52c6a8cf5c1e199d3a7dd85070998f49bd4701?s=96&d=mm&r=g","caption":"afogadosfm"},"url":"https:\/\/afogadosfm.com.br\/afogadosfm\/author\/afogadosfm\/"}]}},"jetpack_publicize_connections":[],"jetpack_featured_media_url":"https:\/\/i0.wp.com\/afogadosfm.com.br\/afogadosfm\/wp-content\/uploads\/2025\/11\/pfpe.jpeg?fit=600%2C400&ssl=1","jetpack-related-posts":[],"jetpack_sharing_enabled":true,"jetpack_likes_enabled":true,"_links":{"self":[{"href":"https:\/\/afogadosfm.com.br\/afogadosfm\/wp-json\/wp\/v2\/posts\/70711","targetHints":{"allow":["GET"]}}],"collection":[{"href":"https:\/\/afogadosfm.com.br\/afogadosfm\/wp-json\/wp\/v2\/posts"}],"about":[{"href":"https:\/\/afogadosfm.com.br\/afogadosfm\/wp-json\/wp\/v2\/types\/post"}],"author":[{"embeddable":true,"href":"https:\/\/afogadosfm.com.br\/afogadosfm\/wp-json\/wp\/v2\/users\/2"}],"replies":[{"embeddable":true,"href":"https:\/\/afogadosfm.com.br\/afogadosfm\/wp-json\/wp\/v2\/comments?post=70711"}],"version-history":[{"count":1,"href":"https:\/\/afogadosfm.com.br\/afogadosfm\/wp-json\/wp\/v2\/posts\/70711\/revisions"}],"predecessor-version":[{"id":70713,"href":"https:\/\/afogadosfm.com.br\/afogadosfm\/wp-json\/wp\/v2\/posts\/70711\/revisions\/70713"}],"wp:featuredmedia":[{"embeddable":true,"href":"https:\/\/afogadosfm.com.br\/afogadosfm\/wp-json\/wp\/v2\/media\/70712"}],"wp:attachment":[{"href":"https:\/\/afogadosfm.com.br\/afogadosfm\/wp-json\/wp\/v2\/media?parent=70711"}],"wp:term":[{"taxonomy":"category","embeddable":true,"href":"https:\/\/afogadosfm.com.br\/afogadosfm\/wp-json\/wp\/v2\/categories?post=70711"},{"taxonomy":"post_tag","embeddable":true,"href":"https:\/\/afogadosfm.com.br\/afogadosfm\/wp-json\/wp\/v2\/tags?post=70711"}],"curies":[{"name":"wp","href":"https:\/\/api.w.org\/{rel}","templated":true}]}}