{"id":70789,"date":"2025-11-25T05:49:49","date_gmt":"2025-11-25T08:49:49","guid":{"rendered":"https:\/\/afogadosfm.com.br\/afogadosfm\/?p=70789"},"modified":"2025-11-25T05:49:50","modified_gmt":"2025-11-25T08:49:50","slug":"pl-aposta-em-discurso-de-intolerancia-religiosa-na-prisao-de-bolsonaro","status":"publish","type":"post","link":"https:\/\/afogadosfm.com.br\/afogadosfm\/2025\/11\/25\/pl-aposta-em-discurso-de-intolerancia-religiosa-na-prisao-de-bolsonaro\/","title":{"rendered":"PL aposta em discurso de intoler\u00e2ncia religiosa na pris\u00e3o de Bolsonaro"},"content":{"rendered":"\n<p>O Partido Liberal (PL) resolveu apostar no discurso de que a pris\u00e3o de Jair Bolsonaro (PL) \u00e9 fruto de \u201cintoler\u00e2ncia religiosa\u201d e quer retomar a mobiliza\u00e7\u00e3o pela anistia para livrar o ex-presidente da cadeia.<\/p>\n\n\n\n<p>O partido reuniu cerca de 50 parlamentares federais em Bras\u00edlia na tarde desta segunda-feira, 24, para debater como recalcular a rota depois de Bolsonaro ser preso preventivamente no s\u00e1bado por ordem do ministro do Supremo Tribunal Federal (STF) Alexandre de Moraes.<\/p>\n\n\n\n<p>A ex-primeira-dama Michelle Bolsonaro e os filhos do ex-presidente Fl\u00e1vio, Carlos e Renan estavam presentes no encontro, convocado pelo presidente nacional da sigla, Valdemar Costa Neto.<\/p>\n\n\n\n<p>Em entrevista ap\u00f3s a reuni\u00e3o, que durou cerca de duas horas e meia, Fl\u00e1vio anunciou que o &#8220;objetivo \u00fanico \u00e9 a aprova\u00e7\u00e3o do projeto de anistia&#8221; a partir de agora. Ele foi escolhido porta-voz do pai.<\/p>\n\n\n\n<p>Fl\u00e1vio afirmou que um eventual projeto de lei que foque na redu\u00e7\u00e3o de penas dos condenados no 8 de Janeiro n\u00e3o interessa ao PL. Mas os parlamentares defendem que a proposta seja primeiro colocada em vota\u00e7\u00e3o para ent\u00e3o se votar qual o texto a ser aprovado.<\/p>\n\n\n\n<p>&#8220;N\u00e3o abrimos m\u00e3o de buscar isentar essas puni\u00e7\u00f5es absurdas que est\u00e3o sendo impostas a pessoas inocentes, ainda mais depois desse \u00faltimo ato de tirar o presidente Bolsonaro da pris\u00e3o domiciliar com base em intoler\u00e2ncia religiosa&#8221;, afirmou o senador.<\/p>\n\n\n\n<p>A acusa\u00e7\u00e3o de intoler\u00e2ncia religiosa reside no fato de que Moraes embasou parte de sua decis\u00e3o na convoca\u00e7\u00e3o de uma vig\u00edlia que o pr\u00f3prio senador convocou para a noite do s\u00e1bado. O ministro entendeu que ela poderia provocar uma confus\u00e3o que facilitaria uma eventual fuga de Bolsonaro.<\/p>\n\n\n\n<p>O foco do discurso bolsonarista exp\u00f5e uma estrat\u00e9gia de mirar a comunica\u00e7\u00e3o no &#8220;calcanhar de Aquiles&#8221; da decis\u00e3o de Moraes, uma vez que a viola\u00e7\u00e3o da tornozeleira, al\u00e9m de considerada mais grave, teve confiss\u00e3o gravada em v\u00eddeo pelo pr\u00f3prio ex-presidente.<\/p>\n\n\n\n<p>As elei\u00e7\u00f5es de 2026 foram tratadas na reuni\u00e3o. Fl\u00e1vio afirmou que todas as defini\u00e7\u00f5es de chapas e a pr\u00f3pria sucess\u00e3o de Bolsonaro passar\u00e3o pelo ex-presidente. Com informa\u00e7\u00f5es do Estad\u00e3o Conte\u00fado.<\/p>\n","protected":false},"excerpt":{"rendered":"<p>O Partido Liberal (PL) resolveu apostar no discurso de que a pris\u00e3o de Jair Bolsonaro (PL) \u00e9 fruto de \u201cintoler\u00e2ncia<\/p>\n","protected":false},"author":2,"featured_media":41515,"comment_status":"open","ping_status":"open","sticky":false,"template":"","format":"standard","meta":{"jetpack_post_was_ever_published":false,"_jetpack_newsletter_access":"","_jetpack_dont_email_post_to_subs":false,"_jetpack_newsletter_tier_id":0,"_jetpack_memberships_contains_paywalled_content":false,"_jetpack_memberships_contains_paid_content":false,"footnotes":"","jetpack_publicize_message":"","jetpack_publicize_feature_enabled":true,"jetpack_social_post_already_shared":true,"jetpack_social_options":{"image_generator_settings":{"template":"highway","default_image_id":0,"font":"","enabled":false},"version":2}},"categories":[12],"tags":[],"class_list":["post-70789","post","type-post","status-publish","format-standard","has-post-thumbnail","hentry","category-brasil"],"yoast_head":"<!-- This site is optimized with the Yoast SEO plugin v27.5 - https:\/\/yoast.com\/product\/yoast-seo-wordpress\/ -->\n<title>PL aposta em discurso de intoler\u00e2ncia religiosa na pris\u00e3o de Bolsonaro - Afogados FM<\/title>\n<meta name=\"robots\" content=\"index, follow, max-snippet:-1, max-image-preview:large, max-video-preview:-1\" \/>\n<link rel=\"canonical\" href=\"https:\/\/afogadosfm.com.br\/afogadosfm\/2025\/11\/25\/pl-aposta-em-discurso-de-intolerancia-religiosa-na-prisao-de-bolsonaro\/\" \/>\n<meta property=\"og:locale\" content=\"pt_BR\" \/>\n<meta property=\"og:type\" content=\"article\" \/>\n<meta property=\"og:title\" content=\"PL aposta em discurso de intoler\u00e2ncia religiosa na pris\u00e3o de Bolsonaro - Afogados FM\" \/>\n<meta property=\"og:description\" content=\"O Partido Liberal (PL) resolveu apostar no discurso de que a pris\u00e3o de Jair Bolsonaro (PL) \u00e9 fruto de \u201cintoler\u00e2ncia\" \/>\n<meta property=\"og:url\" content=\"https:\/\/afogadosfm.com.br\/afogadosfm\/2025\/11\/25\/pl-aposta-em-discurso-de-intolerancia-religiosa-na-prisao-de-bolsonaro\/\" \/>\n<meta property=\"og:site_name\" content=\"Afogados FM\" \/>\n<meta property=\"article:published_time\" content=\"2025-11-25T08:49:49+00:00\" \/>\n<meta property=\"article:modified_time\" content=\"2025-11-25T08:49:50+00:00\" \/>\n<meta property=\"og:image\" content=\"https:\/\/afogadosfm.com.br\/afogadosfm\/wp-content\/uploads\/2022\/10\/bolso02.jpeg\" \/>\n\t<meta property=\"og:image:width\" content=\"1059\" \/>\n\t<meta property=\"og:image:height\" content=\"599\" \/>\n\t<meta property=\"og:image:type\" content=\"image\/jpeg\" \/>\n<meta name=\"author\" content=\"afogadosfm\" \/>\n<meta name=\"twitter:card\" content=\"summary_large_image\" \/>\n<meta name=\"twitter:label1\" content=\"Escrito por\" \/>\n\t<meta name=\"twitter:data1\" content=\"afogadosfm\" \/>\n\t<meta name=\"twitter:label2\" content=\"Est. tempo de leitura\" \/>\n\t<meta name=\"twitter:data2\" content=\"3 minutos\" \/>\n<script type=\"application\/ld+json\" class=\"yoast-schema-graph\">{\"@context\":\"https:\\\/\\\/schema.org\",\"@graph\":[{\"@type\":\"Article\",\"@id\":\"https:\\\/\\\/afogadosfm.com.br\\\/afogadosfm\\\/2025\\\/11\\\/25\\\/pl-aposta-em-discurso-de-intolerancia-religiosa-na-prisao-de-bolsonaro\\\/#article\",\"isPartOf\":{\"@id\":\"https:\\\/\\\/afogadosfm.com.br\\\/afogadosfm\\\/2025\\\/11\\\/25\\\/pl-aposta-em-discurso-de-intolerancia-religiosa-na-prisao-de-bolsonaro\\\/\"},\"author\":{\"name\":\"afogadosfm\",\"@id\":\"https:\\\/\\\/afogadosfm.com.br\\\/afogadosfm\\\/#\\\/schema\\\/person\\\/60e56f2cf5dc960fc093fe093d9e9057\"},\"headline\":\"PL aposta em discurso de intoler\u00e2ncia religiosa na pris\u00e3o de Bolsonaro\",\"datePublished\":\"2025-11-25T08:49:49+00:00\",\"dateModified\":\"2025-11-25T08:49:50+00:00\",\"mainEntityOfPage\":{\"@id\":\"https:\\\/\\\/afogadosfm.com.br\\\/afogadosfm\\\/2025\\\/11\\\/25\\\/pl-aposta-em-discurso-de-intolerancia-religiosa-na-prisao-de-bolsonaro\\\/\"},\"wordCount\":393,\"commentCount\":0,\"publisher\":{\"@id\":\"https:\\\/\\\/afogadosfm.com.br\\\/afogadosfm\\\/#organization\"},\"image\":{\"@id\":\"https:\\\/\\\/afogadosfm.com.br\\\/afogadosfm\\\/2025\\\/11\\\/25\\\/pl-aposta-em-discurso-de-intolerancia-religiosa-na-prisao-de-bolsonaro\\\/#primaryimage\"},\"thumbnailUrl\":\"https:\\\/\\\/i0.wp.com\\\/afogadosfm.com.br\\\/afogadosfm\\\/wp-content\\\/uploads\\\/2022\\\/10\\\/bolso02.jpeg?fit=1059%2C599&ssl=1\",\"articleSection\":[\"Brasil\"],\"inLanguage\":\"pt-BR\",\"potentialAction\":[{\"@type\":\"CommentAction\",\"name\":\"Comment\",\"target\":[\"https:\\\/\\\/afogadosfm.com.br\\\/afogadosfm\\\/2025\\\/11\\\/25\\\/pl-aposta-em-discurso-de-intolerancia-religiosa-na-prisao-de-bolsonaro\\\/#respond\"]}]},{\"@type\":\"WebPage\",\"@id\":\"https:\\\/\\\/afogadosfm.com.br\\\/afogadosfm\\\/2025\\\/11\\\/25\\\/pl-aposta-em-discurso-de-intolerancia-religiosa-na-prisao-de-bolsonaro\\\/\",\"url\":\"https:\\\/\\\/afogadosfm.com.br\\\/afogadosfm\\\/2025\\\/11\\\/25\\\/pl-aposta-em-discurso-de-intolerancia-religiosa-na-prisao-de-bolsonaro\\\/\",\"name\":\"PL aposta em discurso de intoler\u00e2ncia religiosa na pris\u00e3o de Bolsonaro - Afogados FM\",\"isPartOf\":{\"@id\":\"https:\\\/\\\/afogadosfm.com.br\\\/afogadosfm\\\/#website\"},\"primaryImageOfPage\":{\"@id\":\"https:\\\/\\\/afogadosfm.com.br\\\/afogadosfm\\\/2025\\\/11\\\/25\\\/pl-aposta-em-discurso-de-intolerancia-religiosa-na-prisao-de-bolsonaro\\\/#primaryimage\"},\"image\":{\"@id\":\"https:\\\/\\\/afogadosfm.com.br\\\/afogadosfm\\\/2025\\\/11\\\/25\\\/pl-aposta-em-discurso-de-intolerancia-religiosa-na-prisao-de-bolsonaro\\\/#primaryimage\"},\"thumbnailUrl\":\"https:\\\/\\\/i0.wp.com\\\/afogadosfm.com.br\\\/afogadosfm\\\/wp-content\\\/uploads\\\/2022\\\/10\\\/bolso02.jpeg?fit=1059%2C599&ssl=1\",\"datePublished\":\"2025-11-25T08:49:49+00:00\",\"dateModified\":\"2025-11-25T08:49:50+00:00\",\"breadcrumb\":{\"@id\":\"https:\\\/\\\/afogadosfm.com.br\\\/afogadosfm\\\/2025\\\/11\\\/25\\\/pl-aposta-em-discurso-de-intolerancia-religiosa-na-prisao-de-bolsonaro\\\/#breadcrumb\"},\"inLanguage\":\"pt-BR\",\"potentialAction\":[{\"@type\":\"ReadAction\",\"target\":[\"https:\\\/\\\/afogadosfm.com.br\\\/afogadosfm\\\/2025\\\/11\\\/25\\\/pl-aposta-em-discurso-de-intolerancia-religiosa-na-prisao-de-bolsonaro\\\/\"]}]},{\"@type\":\"ImageObject\",\"inLanguage\":\"pt-BR\",\"@id\":\"https:\\\/\\\/afogadosfm.com.br\\\/afogadosfm\\\/2025\\\/11\\\/25\\\/pl-aposta-em-discurso-de-intolerancia-religiosa-na-prisao-de-bolsonaro\\\/#primaryimage\",\"url\":\"https:\\\/\\\/i0.wp.com\\\/afogadosfm.com.br\\\/afogadosfm\\\/wp-content\\\/uploads\\\/2022\\\/10\\\/bolso02.jpeg?fit=1059%2C599&ssl=1\",\"contentUrl\":\"https:\\\/\\\/i0.wp.com\\\/afogadosfm.com.br\\\/afogadosfm\\\/wp-content\\\/uploads\\\/2022\\\/10\\\/bolso02.jpeg?fit=1059%2C599&ssl=1\",\"width\":1059,\"height\":599},{\"@type\":\"BreadcrumbList\",\"@id\":\"https:\\\/\\\/afogadosfm.com.br\\\/afogadosfm\\\/2025\\\/11\\\/25\\\/pl-aposta-em-discurso-de-intolerancia-religiosa-na-prisao-de-bolsonaro\\\/#breadcrumb\",\"itemListElement\":[{\"@type\":\"ListItem\",\"position\":1,\"name\":\"In\u00edcio\",\"item\":\"https:\\\/\\\/afogadosfm.com.br\\\/afogadosfm\\\/\"},{\"@type\":\"ListItem\",\"position\":2,\"name\":\"PL aposta em discurso de intoler\u00e2ncia religiosa na pris\u00e3o de Bolsonaro\"}]},{\"@type\":\"WebSite\",\"@id\":\"https:\\\/\\\/afogadosfm.com.br\\\/afogadosfm\\\/#website\",\"url\":\"https:\\\/\\\/afogadosfm.com.br\\\/afogadosfm\\\/\",\"name\":\"Afogados FM\",\"description\":\"Um site completo!\",\"publisher\":{\"@id\":\"https:\\\/\\\/afogadosfm.com.br\\\/afogadosfm\\\/#organization\"},\"potentialAction\":[{\"@type\":\"SearchAction\",\"target\":{\"@type\":\"EntryPoint\",\"urlTemplate\":\"https:\\\/\\\/afogadosfm.com.br\\\/afogadosfm\\\/?s={search_term_string}\"},\"query-input\":{\"@type\":\"PropertyValueSpecification\",\"valueRequired\":true,\"valueName\":\"search_term_string\"}}],\"inLanguage\":\"pt-BR\"},{\"@type\":\"Organization\",\"@id\":\"https:\\\/\\\/afogadosfm.com.br\\\/afogadosfm\\\/#organization\",\"name\":\"Afogados FM\",\"url\":\"https:\\\/\\\/afogadosfm.com.br\\\/afogadosfm\\\/\",\"logo\":{\"@type\":\"ImageObject\",\"inLanguage\":\"pt-BR\",\"@id\":\"https:\\\/\\\/afogadosfm.com.br\\\/afogadosfm\\\/#\\\/schema\\\/logo\\\/image\\\/\",\"url\":\"https:\\\/\\\/i0.wp.com\\\/afogadosfm.com.br\\\/afogadosfm\\\/wp-content\\\/uploads\\\/2020\\\/06\\\/cropped-banner-afogados-4.jpg?fit=369%2C137&ssl=1\",\"contentUrl\":\"https:\\\/\\\/i0.wp.com\\\/afogadosfm.com.br\\\/afogadosfm\\\/wp-content\\\/uploads\\\/2020\\\/06\\\/cropped-banner-afogados-4.jpg?fit=369%2C137&ssl=1\",\"width\":369,\"height\":137,\"caption\":\"Afogados FM\"},\"image\":{\"@id\":\"https:\\\/\\\/afogadosfm.com.br\\\/afogadosfm\\\/#\\\/schema\\\/logo\\\/image\\\/\"}},{\"@type\":\"Person\",\"@id\":\"https:\\\/\\\/afogadosfm.com.br\\\/afogadosfm\\\/#\\\/schema\\\/person\\\/60e56f2cf5dc960fc093fe093d9e9057\",\"name\":\"afogadosfm\",\"image\":{\"@type\":\"ImageObject\",\"inLanguage\":\"pt-BR\",\"@id\":\"https:\\\/\\\/secure.gravatar.com\\\/avatar\\\/e0359add7ed5dc3560906d861b52c6a8cf5c1e199d3a7dd85070998f49bd4701?s=96&d=mm&r=g\",\"url\":\"https:\\\/\\\/secure.gravatar.com\\\/avatar\\\/e0359add7ed5dc3560906d861b52c6a8cf5c1e199d3a7dd85070998f49bd4701?s=96&d=mm&r=g\",\"contentUrl\":\"https:\\\/\\\/secure.gravatar.com\\\/avatar\\\/e0359add7ed5dc3560906d861b52c6a8cf5c1e199d3a7dd85070998f49bd4701?s=96&d=mm&r=g\",\"caption\":\"afogadosfm\"},\"url\":\"https:\\\/\\\/afogadosfm.com.br\\\/afogadosfm\\\/author\\\/afogadosfm\\\/\"}]}<\/script>\n<!-- \/ Yoast SEO plugin. -->","yoast_head_json":{"title":"PL aposta em discurso de intoler\u00e2ncia religiosa na pris\u00e3o de Bolsonaro - Afogados FM","robots":{"index":"index","follow":"follow","max-snippet":"max-snippet:-1","max-image-preview":"max-image-preview:large","max-video-preview":"max-video-preview:-1"},"canonical":"https:\/\/afogadosfm.com.br\/afogadosfm\/2025\/11\/25\/pl-aposta-em-discurso-de-intolerancia-religiosa-na-prisao-de-bolsonaro\/","og_locale":"pt_BR","og_type":"article","og_title":"PL aposta em discurso de intoler\u00e2ncia religiosa na pris\u00e3o de Bolsonaro - Afogados FM","og_description":"O Partido Liberal (PL) resolveu apostar no discurso de que a pris\u00e3o de Jair Bolsonaro (PL) \u00e9 fruto de \u201cintoler\u00e2ncia","og_url":"https:\/\/afogadosfm.com.br\/afogadosfm\/2025\/11\/25\/pl-aposta-em-discurso-de-intolerancia-religiosa-na-prisao-de-bolsonaro\/","og_site_name":"Afogados FM","article_published_time":"2025-11-25T08:49:49+00:00","article_modified_time":"2025-11-25T08:49:50+00:00","og_image":[{"width":1059,"height":599,"url":"https:\/\/afogadosfm.com.br\/afogadosfm\/wp-content\/uploads\/2022\/10\/bolso02.jpeg","type":"image\/jpeg"}],"author":"afogadosfm","twitter_card":"summary_large_image","twitter_misc":{"Escrito por":"afogadosfm","Est. tempo de leitura":"3 minutos"},"schema":{"@context":"https:\/\/schema.org","@graph":[{"@type":"Article","@id":"https:\/\/afogadosfm.com.br\/afogadosfm\/2025\/11\/25\/pl-aposta-em-discurso-de-intolerancia-religiosa-na-prisao-de-bolsonaro\/#article","isPartOf":{"@id":"https:\/\/afogadosfm.com.br\/afogadosfm\/2025\/11\/25\/pl-aposta-em-discurso-de-intolerancia-religiosa-na-prisao-de-bolsonaro\/"},"author":{"name":"afogadosfm","@id":"https:\/\/afogadosfm.com.br\/afogadosfm\/#\/schema\/person\/60e56f2cf5dc960fc093fe093d9e9057"},"headline":"PL aposta em discurso de intoler\u00e2ncia religiosa na pris\u00e3o de Bolsonaro","datePublished":"2025-11-25T08:49:49+00:00","dateModified":"2025-11-25T08:49:50+00:00","mainEntityOfPage":{"@id":"https:\/\/afogadosfm.com.br\/afogadosfm\/2025\/11\/25\/pl-aposta-em-discurso-de-intolerancia-religiosa-na-prisao-de-bolsonaro\/"},"wordCount":393,"commentCount":0,"publisher":{"@id":"https:\/\/afogadosfm.com.br\/afogadosfm\/#organization"},"image":{"@id":"https:\/\/afogadosfm.com.br\/afogadosfm\/2025\/11\/25\/pl-aposta-em-discurso-de-intolerancia-religiosa-na-prisao-de-bolsonaro\/#primaryimage"},"thumbnailUrl":"https:\/\/i0.wp.com\/afogadosfm.com.br\/afogadosfm\/wp-content\/uploads\/2022\/10\/bolso02.jpeg?fit=1059%2C599&ssl=1","articleSection":["Brasil"],"inLanguage":"pt-BR","potentialAction":[{"@type":"CommentAction","name":"Comment","target":["https:\/\/afogadosfm.com.br\/afogadosfm\/2025\/11\/25\/pl-aposta-em-discurso-de-intolerancia-religiosa-na-prisao-de-bolsonaro\/#respond"]}]},{"@type":"WebPage","@id":"https:\/\/afogadosfm.com.br\/afogadosfm\/2025\/11\/25\/pl-aposta-em-discurso-de-intolerancia-religiosa-na-prisao-de-bolsonaro\/","url":"https:\/\/afogadosfm.com.br\/afogadosfm\/2025\/11\/25\/pl-aposta-em-discurso-de-intolerancia-religiosa-na-prisao-de-bolsonaro\/","name":"PL aposta em discurso de intoler\u00e2ncia religiosa na pris\u00e3o de Bolsonaro - Afogados FM","isPartOf":{"@id":"https:\/\/afogadosfm.com.br\/afogadosfm\/#website"},"primaryImageOfPage":{"@id":"https:\/\/afogadosfm.com.br\/afogadosfm\/2025\/11\/25\/pl-aposta-em-discurso-de-intolerancia-religiosa-na-prisao-de-bolsonaro\/#primaryimage"},"image":{"@id":"https:\/\/afogadosfm.com.br\/afogadosfm\/2025\/11\/25\/pl-aposta-em-discurso-de-intolerancia-religiosa-na-prisao-de-bolsonaro\/#primaryimage"},"thumbnailUrl":"https:\/\/i0.wp.com\/afogadosfm.com.br\/afogadosfm\/wp-content\/uploads\/2022\/10\/bolso02.jpeg?fit=1059%2C599&ssl=1","datePublished":"2025-11-25T08:49:49+00:00","dateModified":"2025-11-25T08:49:50+00:00","breadcrumb":{"@id":"https:\/\/afogadosfm.com.br\/afogadosfm\/2025\/11\/25\/pl-aposta-em-discurso-de-intolerancia-religiosa-na-prisao-de-bolsonaro\/#breadcrumb"},"inLanguage":"pt-BR","potentialAction":[{"@type":"ReadAction","target":["https:\/\/afogadosfm.com.br\/afogadosfm\/2025\/11\/25\/pl-aposta-em-discurso-de-intolerancia-religiosa-na-prisao-de-bolsonaro\/"]}]},{"@type":"ImageObject","inLanguage":"pt-BR","@id":"https:\/\/afogadosfm.com.br\/afogadosfm\/2025\/11\/25\/pl-aposta-em-discurso-de-intolerancia-religiosa-na-prisao-de-bolsonaro\/#primaryimage","url":"https:\/\/i0.wp.com\/afogadosfm.com.br\/afogadosfm\/wp-content\/uploads\/2022\/10\/bolso02.jpeg?fit=1059%2C599&ssl=1","contentUrl":"https:\/\/i0.wp.com\/afogadosfm.com.br\/afogadosfm\/wp-content\/uploads\/2022\/10\/bolso02.jpeg?fit=1059%2C599&ssl=1","width":1059,"height":599},{"@type":"BreadcrumbList","@id":"https:\/\/afogadosfm.com.br\/afogadosfm\/2025\/11\/25\/pl-aposta-em-discurso-de-intolerancia-religiosa-na-prisao-de-bolsonaro\/#breadcrumb","itemListElement":[{"@type":"ListItem","position":1,"name":"In\u00edcio","item":"https:\/\/afogadosfm.com.br\/afogadosfm\/"},{"@type":"ListItem","position":2,"name":"PL aposta em discurso de intoler\u00e2ncia religiosa na pris\u00e3o de Bolsonaro"}]},{"@type":"WebSite","@id":"https:\/\/afogadosfm.com.br\/afogadosfm\/#website","url":"https:\/\/afogadosfm.com.br\/afogadosfm\/","name":"Afogados FM","description":"Um site completo!","publisher":{"@id":"https:\/\/afogadosfm.com.br\/afogadosfm\/#organization"},"potentialAction":[{"@type":"SearchAction","target":{"@type":"EntryPoint","urlTemplate":"https:\/\/afogadosfm.com.br\/afogadosfm\/?s={search_term_string}"},"query-input":{"@type":"PropertyValueSpecification","valueRequired":true,"valueName":"search_term_string"}}],"inLanguage":"pt-BR"},{"@type":"Organization","@id":"https:\/\/afogadosfm.com.br\/afogadosfm\/#organization","name":"Afogados FM","url":"https:\/\/afogadosfm.com.br\/afogadosfm\/","logo":{"@type":"ImageObject","inLanguage":"pt-BR","@id":"https:\/\/afogadosfm.com.br\/afogadosfm\/#\/schema\/logo\/image\/","url":"https:\/\/i0.wp.com\/afogadosfm.com.br\/afogadosfm\/wp-content\/uploads\/2020\/06\/cropped-banner-afogados-4.jpg?fit=369%2C137&ssl=1","contentUrl":"https:\/\/i0.wp.com\/afogadosfm.com.br\/afogadosfm\/wp-content\/uploads\/2020\/06\/cropped-banner-afogados-4.jpg?fit=369%2C137&ssl=1","width":369,"height":137,"caption":"Afogados FM"},"image":{"@id":"https:\/\/afogadosfm.com.br\/afogadosfm\/#\/schema\/logo\/image\/"}},{"@type":"Person","@id":"https:\/\/afogadosfm.com.br\/afogadosfm\/#\/schema\/person\/60e56f2cf5dc960fc093fe093d9e9057","name":"afogadosfm","image":{"@type":"ImageObject","inLanguage":"pt-BR","@id":"https:\/\/secure.gravatar.com\/avatar\/e0359add7ed5dc3560906d861b52c6a8cf5c1e199d3a7dd85070998f49bd4701?s=96&d=mm&r=g","url":"https:\/\/secure.gravatar.com\/avatar\/e0359add7ed5dc3560906d861b52c6a8cf5c1e199d3a7dd85070998f49bd4701?s=96&d=mm&r=g","contentUrl":"https:\/\/secure.gravatar.com\/avatar\/e0359add7ed5dc3560906d861b52c6a8cf5c1e199d3a7dd85070998f49bd4701?s=96&d=mm&r=g","caption":"afogadosfm"},"url":"https:\/\/afogadosfm.com.br\/afogadosfm\/author\/afogadosfm\/"}]}},"jetpack_publicize_connections":[],"jetpack_featured_media_url":"https:\/\/i0.wp.com\/afogadosfm.com.br\/afogadosfm\/wp-content\/uploads\/2022\/10\/bolso02.jpeg?fit=1059%2C599&ssl=1","jetpack-related-posts":[],"jetpack_sharing_enabled":true,"jetpack_likes_enabled":true,"_links":{"self":[{"href":"https:\/\/afogadosfm.com.br\/afogadosfm\/wp-json\/wp\/v2\/posts\/70789","targetHints":{"allow":["GET"]}}],"collection":[{"href":"https:\/\/afogadosfm.com.br\/afogadosfm\/wp-json\/wp\/v2\/posts"}],"about":[{"href":"https:\/\/afogadosfm.com.br\/afogadosfm\/wp-json\/wp\/v2\/types\/post"}],"author":[{"embeddable":true,"href":"https:\/\/afogadosfm.com.br\/afogadosfm\/wp-json\/wp\/v2\/users\/2"}],"replies":[{"embeddable":true,"href":"https:\/\/afogadosfm.com.br\/afogadosfm\/wp-json\/wp\/v2\/comments?post=70789"}],"version-history":[{"count":1,"href":"https:\/\/afogadosfm.com.br\/afogadosfm\/wp-json\/wp\/v2\/posts\/70789\/revisions"}],"predecessor-version":[{"id":70790,"href":"https:\/\/afogadosfm.com.br\/afogadosfm\/wp-json\/wp\/v2\/posts\/70789\/revisions\/70790"}],"wp:featuredmedia":[{"embeddable":true,"href":"https:\/\/afogadosfm.com.br\/afogadosfm\/wp-json\/wp\/v2\/media\/41515"}],"wp:attachment":[{"href":"https:\/\/afogadosfm.com.br\/afogadosfm\/wp-json\/wp\/v2\/media?parent=70789"}],"wp:term":[{"taxonomy":"category","embeddable":true,"href":"https:\/\/afogadosfm.com.br\/afogadosfm\/wp-json\/wp\/v2\/categories?post=70789"},{"taxonomy":"post_tag","embeddable":true,"href":"https:\/\/afogadosfm.com.br\/afogadosfm\/wp-json\/wp\/v2\/tags?post=70789"}],"curies":[{"name":"wp","href":"https:\/\/api.w.org\/{rel}","templated":true}]}}