{"id":70926,"date":"2025-12-01T04:35:06","date_gmt":"2025-12-01T07:35:06","guid":{"rendered":"https:\/\/afogadosfm.com.br\/afogadosfm\/?p=70926"},"modified":"2025-12-01T04:35:08","modified_gmt":"2025-12-01T07:35:08","slug":"policiais-morrem-mais-por-suicidio-do-que-em-confronto","status":"publish","type":"post","link":"https:\/\/afogadosfm.com.br\/afogadosfm\/2025\/12\/01\/policiais-morrem-mais-por-suicidio-do-que-em-confronto\/","title":{"rendered":"Policiais morrem mais por suic\u00eddio do que em confronto"},"content":{"rendered":"\n<p>N\u00e3o h\u00e1 como ser diferente: quem tem como miss\u00e3o garantir a lei e a ordem em uma sociedade marcada pela viol\u00eancia convive diariamente com altas doses de estresse.<\/p>\n\n\n\n<p>Em teoria, policiais recebem treinamentos adequados para lidar com situa\u00e7\u00f5es de risco e contam com apoio m\u00e9dico e psicol\u00f3gico se, de uma hora para outra, a farda se transformar em um pesado fardo. Na pr\u00e1tica, contudo, o que se observa \u00e9 que os profissionais das for\u00e7as de seguran\u00e7a t\u00eam encontrado dentro de si um inimigo maior do que os criminosos que combatem nas ruas.<\/p>\n\n\n\n<p>N\u00e3o s\u00e3o raros os casos que acarretam depress\u00e3o profunda. A idealiza\u00e7\u00e3o do perfil do super-her\u00f3i, que impera na forma\u00e7\u00e3o desde a academia, contribui para intensificar o problema, j\u00e1 que pedir socorro aos superiores, j\u00e1 que pedir socorro aos superiores, colegas e psic\u00f3logos \u00e9 visto como sinal de fraqueza.<\/p>\n\n\n\n<p><em>\u201cNo meio militar, o suic\u00eddio \u00e9 um tabu maior do que o visto na sociedade\u201d<\/em><\/p>\n\n\n\n<p><em>\u201cO aumento de casos mostra que estamos falhando em proteger o policial.\u201d<\/em><\/p>\n\n\n\n<p><em>\u201cQuem est\u00e1 na base da hierarquia militar sofre ainda com humilha\u00e7\u00f5es dos superiores\u201d<\/em><\/p>\n\n\n\n<p>Pela primeira vez na hist\u00f3ria, ou pelo menos desde que os registros come\u00e7aram a ser feitos, o n\u00famero de policiais mortos por&nbsp;suic\u00eddio&nbsp;superou os de agentes assassinados em confrontos, seja em servi\u00e7o ou fora dele, no Brasil. As informa\u00e7\u00f5es constam no 18\u00ba Anu\u00e1rio Brasileiro de Seguran\u00e7a P\u00fablica. O suic\u00eddio entre a categoria \u00e9 quase oito vezes maior do que entre a popula\u00e7\u00e3o em geral. Esse fen\u00f4meno acontece desde que o F\u00f3rum Brasileiro de Seguran\u00e7a P\u00fablica passou a registrar os dados de vitimiza\u00e7\u00e3o de policiais.<\/p>\n\n\n\n<p>Na vis\u00e3o de especialistas, os dados apresentados mostram que existem graves problemas estruturais de ordem psicol\u00f3gica nas corpora\u00e7\u00f5es de seguran\u00e7a p\u00fablica brasileira e que o Estado brasileiro falha na preserva\u00e7\u00e3o da sa\u00fade mental e prote\u00e7\u00e3o da vida dos policiais.<\/p>\n\n\n\n<p>&nbsp;\u201cO tratamento diminui afastamentos e transforma as institui\u00e7\u00f5es em ambientes mais saud\u00e1veis\u201d<\/p>\n\n\n\n<p>Segundo a professora Marina Rezende Bazon, do Departamento de Psicologia da Faculdade de Filosofia, Ci\u00eancias e Letras de Ribeir\u00e3o Preto (FFCLRP) da USP, esse aumento do suic\u00eddio entre os policiais \u00e9 multideterminado e depende de uma s\u00e9rie de fatores: \u201cOs policiais est\u00e3o em constante contato com v\u00e1rios fatores de estresse, como mazelas e contradi\u00e7\u00f5es sociais, extrema viol\u00eancia, sobrecarga e condi\u00e7\u00f5es prec\u00e1rias de trabalho, que criam um cen\u00e1rio dif\u00edcil para esse profissional\u201d.<\/p>\n\n\n\n<h2 class=\"wp-block-heading\"><strong>Fontes de estresse<\/strong><\/h2>\n\n\n\n<p>A natureza da fun\u00e7\u00e3o policial \u00e9 fonte de estresse e impacta diretamente a sa\u00fade mental desses profissionais, principalmente no contexto brasileiro, onde a pol\u00edcia \u00e9 considerada muito violenta. De acordo com dados do Minist\u00e9rio da Justi\u00e7a, foram registradas mais de 6,3 mil mortes por a\u00e7\u00e3o de policiais no Brasil entre janeiro e dezembro de 2023, em m\u00e9dia, s\u00e3o 17 casos por dia. Essa viol\u00eancia extrema e banalizada, em um contexto de profundas desigualdades sociais, tem grande impacto no psicol\u00f3gico dos servidores de seguran\u00e7a p\u00fablica, segundo a professora Marina.<\/p>\n\n\n\n<h2 class=\"wp-block-heading\"><strong>Identidade policial<\/strong><\/h2>\n\n\n\n<p>Outro ponto identificado pelo&nbsp;<em>Anu\u00e1rio Brasileiro de Seguran\u00e7a P\u00fablica<\/em>&nbsp;de 2024 \u00e9 que, na forma\u00e7\u00e3o desses profissionais, cria-se uma identidade policial que reproduz a ideia de que ele precisa estar preparado para qualquer situa\u00e7\u00e3o e resistir a qualquer condi\u00e7\u00e3o, por mais extrema que seja.<\/p>\n\n\n\n<p><strong>PERGUNTAS ?&nbsp;<\/strong>&nbsp;O atendimento a esses profissionais na \u00e1rea de sa\u00fade mental segue um procedimento padr\u00e3o de detectar pessoas em risco de suic\u00eddio ?<\/p>\n\n\n\n<p>Existe a preven\u00e7\u00e3o prim\u00e1ria e\/ou secund\u00e1ria, que ocorre ap\u00f3s uma tentativa de suic\u00eddio?<\/p>\n\n\n\n<p>Uma vez identificado o risco de suic\u00eddio, existem protocolos de tratamento espec\u00edfico a esse profissional ?<\/p>\n\n\n\n<p><em>&nbsp;\u201cPara aprimorar o tratamento da sa\u00fade psicol\u00f3gica dos policiais, seria fundamental criar programas de apoio mental com profissionais capacitados, mas que n\u00e3o fossem conveniados \u00e0s corpora\u00e7\u00f5es de seguran\u00e7a p\u00fablica\u201d<\/em><\/p>\n\n\n\n<p>Especialistas s\u00e3o un\u00e2nimes em alertar que, sem o apoio de superiores, a tropa tende a seguir evitando o assunto, mesmo diante de sofrimento intenso. \u201cO comandante tem que estar com o cora\u00e7\u00e3o e a porta abertos para o policial\u201d<\/p>\n\n\n\n<p>Afinal, um policial armado sem dispor de plenas \u2018condi\u00e7\u00f5es psicol\u00f3gicas\u2019 n\u00e3o coloca em risco apenas a pr\u00f3pria vida.<\/p>\n\n\n\n<p>Do Marcello Patriota<\/p>\n","protected":false},"excerpt":{"rendered":"<p>N\u00e3o h\u00e1 como ser diferente: quem tem como miss\u00e3o garantir a lei e a ordem em uma sociedade marcada pela<\/p>\n","protected":false},"author":2,"featured_media":55347,"comment_status":"open","ping_status":"open","sticky":false,"template":"","format":"standard","meta":{"jetpack_post_was_ever_published":false,"_jetpack_newsletter_access":"","_jetpack_dont_email_post_to_subs":false,"_jetpack_newsletter_tier_id":0,"_jetpack_memberships_contains_paywalled_content":false,"_jetpack_memberships_contains_paid_content":false,"footnotes":"","jetpack_publicize_message":"","jetpack_publicize_feature_enabled":true,"jetpack_social_post_already_shared":true,"jetpack_social_options":{"image_generator_settings":{"template":"highway","default_image_id":0,"font":"","enabled":false},"version":2}},"categories":[12],"tags":[],"class_list":["post-70926","post","type-post","status-publish","format-standard","has-post-thumbnail","hentry","category-brasil"],"yoast_head":"<!-- This site is optimized with the Yoast SEO plugin v27.4 - https:\/\/yoast.com\/product\/yoast-seo-wordpress\/ -->\n<title>Policiais morrem mais por suic\u00eddio do que em confronto - Afogados FM<\/title>\n<meta name=\"robots\" content=\"index, follow, max-snippet:-1, max-image-preview:large, max-video-preview:-1\" \/>\n<link rel=\"canonical\" href=\"https:\/\/afogadosfm.com.br\/afogadosfm\/2025\/12\/01\/policiais-morrem-mais-por-suicidio-do-que-em-confronto\/\" \/>\n<meta property=\"og:locale\" content=\"pt_BR\" \/>\n<meta property=\"og:type\" content=\"article\" \/>\n<meta property=\"og:title\" content=\"Policiais morrem mais por suic\u00eddio do que em confronto - Afogados FM\" \/>\n<meta property=\"og:description\" content=\"N\u00e3o h\u00e1 como ser diferente: quem tem como miss\u00e3o garantir a lei e a ordem em uma sociedade marcada pela\" \/>\n<meta property=\"og:url\" content=\"https:\/\/afogadosfm.com.br\/afogadosfm\/2025\/12\/01\/policiais-morrem-mais-por-suicidio-do-que-em-confronto\/\" \/>\n<meta property=\"og:site_name\" content=\"Afogados FM\" \/>\n<meta property=\"article:published_time\" content=\"2025-12-01T07:35:06+00:00\" \/>\n<meta property=\"article:modified_time\" content=\"2025-12-01T07:35:08+00:00\" \/>\n<meta property=\"og:image\" content=\"https:\/\/afogadosfm.com.br\/afogadosfm\/wp-content\/uploads\/2024\/04\/armadefogo.jpg\" \/>\n\t<meta property=\"og:image:width\" content=\"1280\" \/>\n\t<meta property=\"og:image:height\" content=\"853\" \/>\n\t<meta property=\"og:image:type\" content=\"image\/jpeg\" \/>\n<meta name=\"author\" content=\"afogadosfm\" \/>\n<meta name=\"twitter:card\" content=\"summary_large_image\" \/>\n<meta name=\"twitter:label1\" content=\"Escrito por\" \/>\n\t<meta name=\"twitter:data1\" content=\"afogadosfm\" \/>\n\t<meta name=\"twitter:label2\" content=\"Est. tempo de leitura\" \/>\n\t<meta name=\"twitter:data2\" content=\"4 minutos\" \/>\n<script type=\"application\/ld+json\" class=\"yoast-schema-graph\">{\"@context\":\"https:\\\/\\\/schema.org\",\"@graph\":[{\"@type\":\"Article\",\"@id\":\"https:\\\/\\\/afogadosfm.com.br\\\/afogadosfm\\\/2025\\\/12\\\/01\\\/policiais-morrem-mais-por-suicidio-do-que-em-confronto\\\/#article\",\"isPartOf\":{\"@id\":\"https:\\\/\\\/afogadosfm.com.br\\\/afogadosfm\\\/2025\\\/12\\\/01\\\/policiais-morrem-mais-por-suicidio-do-que-em-confronto\\\/\"},\"author\":{\"name\":\"afogadosfm\",\"@id\":\"https:\\\/\\\/afogadosfm.com.br\\\/afogadosfm\\\/#\\\/schema\\\/person\\\/60e56f2cf5dc960fc093fe093d9e9057\"},\"headline\":\"Policiais morrem mais por suic\u00eddio do que em confronto\",\"datePublished\":\"2025-12-01T07:35:06+00:00\",\"dateModified\":\"2025-12-01T07:35:08+00:00\",\"mainEntityOfPage\":{\"@id\":\"https:\\\/\\\/afogadosfm.com.br\\\/afogadosfm\\\/2025\\\/12\\\/01\\\/policiais-morrem-mais-por-suicidio-do-que-em-confronto\\\/\"},\"wordCount\":767,\"commentCount\":0,\"publisher\":{\"@id\":\"https:\\\/\\\/afogadosfm.com.br\\\/afogadosfm\\\/#organization\"},\"image\":{\"@id\":\"https:\\\/\\\/afogadosfm.com.br\\\/afogadosfm\\\/2025\\\/12\\\/01\\\/policiais-morrem-mais-por-suicidio-do-que-em-confronto\\\/#primaryimage\"},\"thumbnailUrl\":\"https:\\\/\\\/i0.wp.com\\\/afogadosfm.com.br\\\/afogadosfm\\\/wp-content\\\/uploads\\\/2024\\\/04\\\/armadefogo.jpg?fit=1280%2C853&ssl=1\",\"articleSection\":[\"Brasil\"],\"inLanguage\":\"pt-BR\",\"potentialAction\":[{\"@type\":\"CommentAction\",\"name\":\"Comment\",\"target\":[\"https:\\\/\\\/afogadosfm.com.br\\\/afogadosfm\\\/2025\\\/12\\\/01\\\/policiais-morrem-mais-por-suicidio-do-que-em-confronto\\\/#respond\"]}]},{\"@type\":\"WebPage\",\"@id\":\"https:\\\/\\\/afogadosfm.com.br\\\/afogadosfm\\\/2025\\\/12\\\/01\\\/policiais-morrem-mais-por-suicidio-do-que-em-confronto\\\/\",\"url\":\"https:\\\/\\\/afogadosfm.com.br\\\/afogadosfm\\\/2025\\\/12\\\/01\\\/policiais-morrem-mais-por-suicidio-do-que-em-confronto\\\/\",\"name\":\"Policiais morrem mais por suic\u00eddio do que em confronto - Afogados FM\",\"isPartOf\":{\"@id\":\"https:\\\/\\\/afogadosfm.com.br\\\/afogadosfm\\\/#website\"},\"primaryImageOfPage\":{\"@id\":\"https:\\\/\\\/afogadosfm.com.br\\\/afogadosfm\\\/2025\\\/12\\\/01\\\/policiais-morrem-mais-por-suicidio-do-que-em-confronto\\\/#primaryimage\"},\"image\":{\"@id\":\"https:\\\/\\\/afogadosfm.com.br\\\/afogadosfm\\\/2025\\\/12\\\/01\\\/policiais-morrem-mais-por-suicidio-do-que-em-confronto\\\/#primaryimage\"},\"thumbnailUrl\":\"https:\\\/\\\/i0.wp.com\\\/afogadosfm.com.br\\\/afogadosfm\\\/wp-content\\\/uploads\\\/2024\\\/04\\\/armadefogo.jpg?fit=1280%2C853&ssl=1\",\"datePublished\":\"2025-12-01T07:35:06+00:00\",\"dateModified\":\"2025-12-01T07:35:08+00:00\",\"breadcrumb\":{\"@id\":\"https:\\\/\\\/afogadosfm.com.br\\\/afogadosfm\\\/2025\\\/12\\\/01\\\/policiais-morrem-mais-por-suicidio-do-que-em-confronto\\\/#breadcrumb\"},\"inLanguage\":\"pt-BR\",\"potentialAction\":[{\"@type\":\"ReadAction\",\"target\":[\"https:\\\/\\\/afogadosfm.com.br\\\/afogadosfm\\\/2025\\\/12\\\/01\\\/policiais-morrem-mais-por-suicidio-do-que-em-confronto\\\/\"]}]},{\"@type\":\"ImageObject\",\"inLanguage\":\"pt-BR\",\"@id\":\"https:\\\/\\\/afogadosfm.com.br\\\/afogadosfm\\\/2025\\\/12\\\/01\\\/policiais-morrem-mais-por-suicidio-do-que-em-confronto\\\/#primaryimage\",\"url\":\"https:\\\/\\\/i0.wp.com\\\/afogadosfm.com.br\\\/afogadosfm\\\/wp-content\\\/uploads\\\/2024\\\/04\\\/armadefogo.jpg?fit=1280%2C853&ssl=1\",\"contentUrl\":\"https:\\\/\\\/i0.wp.com\\\/afogadosfm.com.br\\\/afogadosfm\\\/wp-content\\\/uploads\\\/2024\\\/04\\\/armadefogo.jpg?fit=1280%2C853&ssl=1\",\"width\":1280,\"height\":853},{\"@type\":\"BreadcrumbList\",\"@id\":\"https:\\\/\\\/afogadosfm.com.br\\\/afogadosfm\\\/2025\\\/12\\\/01\\\/policiais-morrem-mais-por-suicidio-do-que-em-confronto\\\/#breadcrumb\",\"itemListElement\":[{\"@type\":\"ListItem\",\"position\":1,\"name\":\"In\u00edcio\",\"item\":\"https:\\\/\\\/afogadosfm.com.br\\\/afogadosfm\\\/\"},{\"@type\":\"ListItem\",\"position\":2,\"name\":\"Policiais morrem mais por suic\u00eddio do que em confronto\"}]},{\"@type\":\"WebSite\",\"@id\":\"https:\\\/\\\/afogadosfm.com.br\\\/afogadosfm\\\/#website\",\"url\":\"https:\\\/\\\/afogadosfm.com.br\\\/afogadosfm\\\/\",\"name\":\"Afogados FM\",\"description\":\"Um site completo!\",\"publisher\":{\"@id\":\"https:\\\/\\\/afogadosfm.com.br\\\/afogadosfm\\\/#organization\"},\"potentialAction\":[{\"@type\":\"SearchAction\",\"target\":{\"@type\":\"EntryPoint\",\"urlTemplate\":\"https:\\\/\\\/afogadosfm.com.br\\\/afogadosfm\\\/?s={search_term_string}\"},\"query-input\":{\"@type\":\"PropertyValueSpecification\",\"valueRequired\":true,\"valueName\":\"search_term_string\"}}],\"inLanguage\":\"pt-BR\"},{\"@type\":\"Organization\",\"@id\":\"https:\\\/\\\/afogadosfm.com.br\\\/afogadosfm\\\/#organization\",\"name\":\"Afogados FM\",\"url\":\"https:\\\/\\\/afogadosfm.com.br\\\/afogadosfm\\\/\",\"logo\":{\"@type\":\"ImageObject\",\"inLanguage\":\"pt-BR\",\"@id\":\"https:\\\/\\\/afogadosfm.com.br\\\/afogadosfm\\\/#\\\/schema\\\/logo\\\/image\\\/\",\"url\":\"https:\\\/\\\/i0.wp.com\\\/afogadosfm.com.br\\\/afogadosfm\\\/wp-content\\\/uploads\\\/2020\\\/06\\\/cropped-banner-afogados-4.jpg?fit=369%2C137&ssl=1\",\"contentUrl\":\"https:\\\/\\\/i0.wp.com\\\/afogadosfm.com.br\\\/afogadosfm\\\/wp-content\\\/uploads\\\/2020\\\/06\\\/cropped-banner-afogados-4.jpg?fit=369%2C137&ssl=1\",\"width\":369,\"height\":137,\"caption\":\"Afogados FM\"},\"image\":{\"@id\":\"https:\\\/\\\/afogadosfm.com.br\\\/afogadosfm\\\/#\\\/schema\\\/logo\\\/image\\\/\"}},{\"@type\":\"Person\",\"@id\":\"https:\\\/\\\/afogadosfm.com.br\\\/afogadosfm\\\/#\\\/schema\\\/person\\\/60e56f2cf5dc960fc093fe093d9e9057\",\"name\":\"afogadosfm\",\"image\":{\"@type\":\"ImageObject\",\"inLanguage\":\"pt-BR\",\"@id\":\"https:\\\/\\\/secure.gravatar.com\\\/avatar\\\/e0359add7ed5dc3560906d861b52c6a8cf5c1e199d3a7dd85070998f49bd4701?s=96&d=mm&r=g\",\"url\":\"https:\\\/\\\/secure.gravatar.com\\\/avatar\\\/e0359add7ed5dc3560906d861b52c6a8cf5c1e199d3a7dd85070998f49bd4701?s=96&d=mm&r=g\",\"contentUrl\":\"https:\\\/\\\/secure.gravatar.com\\\/avatar\\\/e0359add7ed5dc3560906d861b52c6a8cf5c1e199d3a7dd85070998f49bd4701?s=96&d=mm&r=g\",\"caption\":\"afogadosfm\"},\"url\":\"https:\\\/\\\/afogadosfm.com.br\\\/afogadosfm\\\/author\\\/afogadosfm\\\/\"}]}<\/script>\n<!-- \/ Yoast SEO plugin. -->","yoast_head_json":{"title":"Policiais morrem mais por suic\u00eddio do que em confronto - Afogados FM","robots":{"index":"index","follow":"follow","max-snippet":"max-snippet:-1","max-image-preview":"max-image-preview:large","max-video-preview":"max-video-preview:-1"},"canonical":"https:\/\/afogadosfm.com.br\/afogadosfm\/2025\/12\/01\/policiais-morrem-mais-por-suicidio-do-que-em-confronto\/","og_locale":"pt_BR","og_type":"article","og_title":"Policiais morrem mais por suic\u00eddio do que em confronto - Afogados FM","og_description":"N\u00e3o h\u00e1 como ser diferente: quem tem como miss\u00e3o garantir a lei e a ordem em uma sociedade marcada pela","og_url":"https:\/\/afogadosfm.com.br\/afogadosfm\/2025\/12\/01\/policiais-morrem-mais-por-suicidio-do-que-em-confronto\/","og_site_name":"Afogados FM","article_published_time":"2025-12-01T07:35:06+00:00","article_modified_time":"2025-12-01T07:35:08+00:00","og_image":[{"width":1280,"height":853,"url":"https:\/\/afogadosfm.com.br\/afogadosfm\/wp-content\/uploads\/2024\/04\/armadefogo.jpg","type":"image\/jpeg"}],"author":"afogadosfm","twitter_card":"summary_large_image","twitter_misc":{"Escrito por":"afogadosfm","Est. tempo de leitura":"4 minutos"},"schema":{"@context":"https:\/\/schema.org","@graph":[{"@type":"Article","@id":"https:\/\/afogadosfm.com.br\/afogadosfm\/2025\/12\/01\/policiais-morrem-mais-por-suicidio-do-que-em-confronto\/#article","isPartOf":{"@id":"https:\/\/afogadosfm.com.br\/afogadosfm\/2025\/12\/01\/policiais-morrem-mais-por-suicidio-do-que-em-confronto\/"},"author":{"name":"afogadosfm","@id":"https:\/\/afogadosfm.com.br\/afogadosfm\/#\/schema\/person\/60e56f2cf5dc960fc093fe093d9e9057"},"headline":"Policiais morrem mais por suic\u00eddio do que em confronto","datePublished":"2025-12-01T07:35:06+00:00","dateModified":"2025-12-01T07:35:08+00:00","mainEntityOfPage":{"@id":"https:\/\/afogadosfm.com.br\/afogadosfm\/2025\/12\/01\/policiais-morrem-mais-por-suicidio-do-que-em-confronto\/"},"wordCount":767,"commentCount":0,"publisher":{"@id":"https:\/\/afogadosfm.com.br\/afogadosfm\/#organization"},"image":{"@id":"https:\/\/afogadosfm.com.br\/afogadosfm\/2025\/12\/01\/policiais-morrem-mais-por-suicidio-do-que-em-confronto\/#primaryimage"},"thumbnailUrl":"https:\/\/i0.wp.com\/afogadosfm.com.br\/afogadosfm\/wp-content\/uploads\/2024\/04\/armadefogo.jpg?fit=1280%2C853&ssl=1","articleSection":["Brasil"],"inLanguage":"pt-BR","potentialAction":[{"@type":"CommentAction","name":"Comment","target":["https:\/\/afogadosfm.com.br\/afogadosfm\/2025\/12\/01\/policiais-morrem-mais-por-suicidio-do-que-em-confronto\/#respond"]}]},{"@type":"WebPage","@id":"https:\/\/afogadosfm.com.br\/afogadosfm\/2025\/12\/01\/policiais-morrem-mais-por-suicidio-do-que-em-confronto\/","url":"https:\/\/afogadosfm.com.br\/afogadosfm\/2025\/12\/01\/policiais-morrem-mais-por-suicidio-do-que-em-confronto\/","name":"Policiais morrem mais por suic\u00eddio do que em confronto - Afogados FM","isPartOf":{"@id":"https:\/\/afogadosfm.com.br\/afogadosfm\/#website"},"primaryImageOfPage":{"@id":"https:\/\/afogadosfm.com.br\/afogadosfm\/2025\/12\/01\/policiais-morrem-mais-por-suicidio-do-que-em-confronto\/#primaryimage"},"image":{"@id":"https:\/\/afogadosfm.com.br\/afogadosfm\/2025\/12\/01\/policiais-morrem-mais-por-suicidio-do-que-em-confronto\/#primaryimage"},"thumbnailUrl":"https:\/\/i0.wp.com\/afogadosfm.com.br\/afogadosfm\/wp-content\/uploads\/2024\/04\/armadefogo.jpg?fit=1280%2C853&ssl=1","datePublished":"2025-12-01T07:35:06+00:00","dateModified":"2025-12-01T07:35:08+00:00","breadcrumb":{"@id":"https:\/\/afogadosfm.com.br\/afogadosfm\/2025\/12\/01\/policiais-morrem-mais-por-suicidio-do-que-em-confronto\/#breadcrumb"},"inLanguage":"pt-BR","potentialAction":[{"@type":"ReadAction","target":["https:\/\/afogadosfm.com.br\/afogadosfm\/2025\/12\/01\/policiais-morrem-mais-por-suicidio-do-que-em-confronto\/"]}]},{"@type":"ImageObject","inLanguage":"pt-BR","@id":"https:\/\/afogadosfm.com.br\/afogadosfm\/2025\/12\/01\/policiais-morrem-mais-por-suicidio-do-que-em-confronto\/#primaryimage","url":"https:\/\/i0.wp.com\/afogadosfm.com.br\/afogadosfm\/wp-content\/uploads\/2024\/04\/armadefogo.jpg?fit=1280%2C853&ssl=1","contentUrl":"https:\/\/i0.wp.com\/afogadosfm.com.br\/afogadosfm\/wp-content\/uploads\/2024\/04\/armadefogo.jpg?fit=1280%2C853&ssl=1","width":1280,"height":853},{"@type":"BreadcrumbList","@id":"https:\/\/afogadosfm.com.br\/afogadosfm\/2025\/12\/01\/policiais-morrem-mais-por-suicidio-do-que-em-confronto\/#breadcrumb","itemListElement":[{"@type":"ListItem","position":1,"name":"In\u00edcio","item":"https:\/\/afogadosfm.com.br\/afogadosfm\/"},{"@type":"ListItem","position":2,"name":"Policiais morrem mais por suic\u00eddio do que em confronto"}]},{"@type":"WebSite","@id":"https:\/\/afogadosfm.com.br\/afogadosfm\/#website","url":"https:\/\/afogadosfm.com.br\/afogadosfm\/","name":"Afogados FM","description":"Um site completo!","publisher":{"@id":"https:\/\/afogadosfm.com.br\/afogadosfm\/#organization"},"potentialAction":[{"@type":"SearchAction","target":{"@type":"EntryPoint","urlTemplate":"https:\/\/afogadosfm.com.br\/afogadosfm\/?s={search_term_string}"},"query-input":{"@type":"PropertyValueSpecification","valueRequired":true,"valueName":"search_term_string"}}],"inLanguage":"pt-BR"},{"@type":"Organization","@id":"https:\/\/afogadosfm.com.br\/afogadosfm\/#organization","name":"Afogados FM","url":"https:\/\/afogadosfm.com.br\/afogadosfm\/","logo":{"@type":"ImageObject","inLanguage":"pt-BR","@id":"https:\/\/afogadosfm.com.br\/afogadosfm\/#\/schema\/logo\/image\/","url":"https:\/\/i0.wp.com\/afogadosfm.com.br\/afogadosfm\/wp-content\/uploads\/2020\/06\/cropped-banner-afogados-4.jpg?fit=369%2C137&ssl=1","contentUrl":"https:\/\/i0.wp.com\/afogadosfm.com.br\/afogadosfm\/wp-content\/uploads\/2020\/06\/cropped-banner-afogados-4.jpg?fit=369%2C137&ssl=1","width":369,"height":137,"caption":"Afogados FM"},"image":{"@id":"https:\/\/afogadosfm.com.br\/afogadosfm\/#\/schema\/logo\/image\/"}},{"@type":"Person","@id":"https:\/\/afogadosfm.com.br\/afogadosfm\/#\/schema\/person\/60e56f2cf5dc960fc093fe093d9e9057","name":"afogadosfm","image":{"@type":"ImageObject","inLanguage":"pt-BR","@id":"https:\/\/secure.gravatar.com\/avatar\/e0359add7ed5dc3560906d861b52c6a8cf5c1e199d3a7dd85070998f49bd4701?s=96&d=mm&r=g","url":"https:\/\/secure.gravatar.com\/avatar\/e0359add7ed5dc3560906d861b52c6a8cf5c1e199d3a7dd85070998f49bd4701?s=96&d=mm&r=g","contentUrl":"https:\/\/secure.gravatar.com\/avatar\/e0359add7ed5dc3560906d861b52c6a8cf5c1e199d3a7dd85070998f49bd4701?s=96&d=mm&r=g","caption":"afogadosfm"},"url":"https:\/\/afogadosfm.com.br\/afogadosfm\/author\/afogadosfm\/"}]}},"jetpack_publicize_connections":[],"jetpack_featured_media_url":"https:\/\/i0.wp.com\/afogadosfm.com.br\/afogadosfm\/wp-content\/uploads\/2024\/04\/armadefogo.jpg?fit=1280%2C853&ssl=1","jetpack-related-posts":[],"jetpack_sharing_enabled":true,"jetpack_likes_enabled":true,"_links":{"self":[{"href":"https:\/\/afogadosfm.com.br\/afogadosfm\/wp-json\/wp\/v2\/posts\/70926","targetHints":{"allow":["GET"]}}],"collection":[{"href":"https:\/\/afogadosfm.com.br\/afogadosfm\/wp-json\/wp\/v2\/posts"}],"about":[{"href":"https:\/\/afogadosfm.com.br\/afogadosfm\/wp-json\/wp\/v2\/types\/post"}],"author":[{"embeddable":true,"href":"https:\/\/afogadosfm.com.br\/afogadosfm\/wp-json\/wp\/v2\/users\/2"}],"replies":[{"embeddable":true,"href":"https:\/\/afogadosfm.com.br\/afogadosfm\/wp-json\/wp\/v2\/comments?post=70926"}],"version-history":[{"count":1,"href":"https:\/\/afogadosfm.com.br\/afogadosfm\/wp-json\/wp\/v2\/posts\/70926\/revisions"}],"predecessor-version":[{"id":70927,"href":"https:\/\/afogadosfm.com.br\/afogadosfm\/wp-json\/wp\/v2\/posts\/70926\/revisions\/70927"}],"wp:featuredmedia":[{"embeddable":true,"href":"https:\/\/afogadosfm.com.br\/afogadosfm\/wp-json\/wp\/v2\/media\/55347"}],"wp:attachment":[{"href":"https:\/\/afogadosfm.com.br\/afogadosfm\/wp-json\/wp\/v2\/media?parent=70926"}],"wp:term":[{"taxonomy":"category","embeddable":true,"href":"https:\/\/afogadosfm.com.br\/afogadosfm\/wp-json\/wp\/v2\/categories?post=70926"},{"taxonomy":"post_tag","embeddable":true,"href":"https:\/\/afogadosfm.com.br\/afogadosfm\/wp-json\/wp\/v2\/tags?post=70926"}],"curies":[{"name":"wp","href":"https:\/\/api.w.org\/{rel}","templated":true}]}}