{"id":70928,"date":"2025-12-01T04:37:48","date_gmt":"2025-12-01T07:37:48","guid":{"rendered":"https:\/\/afogadosfm.com.br\/afogadosfm\/?p=70928"},"modified":"2025-12-01T04:37:50","modified_gmt":"2025-12-01T07:37:50","slug":"mulher-e-morta-com-disparo-de-espingarda-em-calumbi-ex-companheiro-e-o-principal-suspeito","status":"publish","type":"post","link":"https:\/\/afogadosfm.com.br\/afogadosfm\/2025\/12\/01\/mulher-e-morta-com-disparo-de-espingarda-em-calumbi-ex-companheiro-e-o-principal-suspeito\/","title":{"rendered":"Mulher \u00e9 morta com disparo de espingarda em Calumbi, ex-companheiro \u00e9 o principal suspeito"},"content":{"rendered":"\n<p>A viol\u00eancia voltou a assombrar a zona rural de Calumbi na manh\u00e3 deste domingo (30). No distrito de Ro\u00e7as Velhas, moradores encontraram Cleone Telles da Concei\u00e7\u00e3o, 38 anos, morta na porta de sua resid\u00eancia ap\u00f3s ser atingida por um disparo de espingarda. Quando a Pol\u00edcia Militar chegou ao local, o corpo da v\u00edtima j\u00e1 estava coberto por um len\u00e7ol, enquanto os agentes aguardavam a chegada da Pol\u00edcia Cient\u00edfica para os procedimentos periciais.<\/p>\n\n\n\n<p>As primeiras informa\u00e7\u00f5es apontam que o crime teria sido cometido pelo ex-companheiro da v\u00edtima, Benedito Gon\u00e7alo da Silva, que n\u00e3o aceitava o t\u00e9rmino do relacionamento. Testemunhas relataram que ele se descontrolou ao ver Cleone dan\u00e7ando com outro rapaz durante uma festa em Cai\u00e7arinha, horas antes do crime. Ap\u00f3s o disparo, Benedito fugiu e continua foragido. Ele j\u00e1 possui antecedentes por estupro.<\/p>\n\n\n\n<p>Equipes do 14\u00ba BPM estiveram no local, isolaram a \u00e1rea e aguardaram a chegada da Pol\u00edcia Cient\u00edfica. A comunidade, profundamente abalada, acompanha o caso com revolta e tristeza.<\/p>\n\n\n\n<p>As buscas pelo suspeito seguem em andamento. Informa\u00e7\u00f5es sobre o paradeiro dele podem ser repassadas ao Disque Den\u00fancia: (87) 9 9995-4641.<\/p>\n\n\n\n<p>Com Informa\u00e7\u00f5es do Rep\u00f3rter Ligeirinho e Farol de Not\u00edcias.<\/p>\n","protected":false},"excerpt":{"rendered":"<p>A viol\u00eancia voltou a assombrar a zona rural de Calumbi na manh\u00e3 deste domingo (30). No distrito de Ro\u00e7as Velhas,<\/p>\n","protected":false},"author":2,"featured_media":70929,"comment_status":"open","ping_status":"open","sticky":false,"template":"","format":"standard","meta":{"jetpack_post_was_ever_published":false,"_jetpack_newsletter_access":"","_jetpack_dont_email_post_to_subs":false,"_jetpack_newsletter_tier_id":0,"_jetpack_memberships_contains_paywalled_content":false,"_jetpack_memberships_contains_paid_content":false,"footnotes":"","jetpack_publicize_message":"","jetpack_publicize_feature_enabled":true,"jetpack_social_post_already_shared":true,"jetpack_social_options":{"image_generator_settings":{"template":"highway","default_image_id":0,"font":"","enabled":false},"version":2}},"categories":[34],"tags":[],"class_list":["post-70928","post","type-post","status-publish","format-standard","has-post-thumbnail","hentry","category-policia"],"yoast_head":"<!-- This site is optimized with the Yoast SEO plugin v27.5 - https:\/\/yoast.com\/product\/yoast-seo-wordpress\/ -->\n<title>Mulher \u00e9 morta com disparo de espingarda em Calumbi, ex-companheiro \u00e9 o principal suspeito - Afogados FM<\/title>\n<meta name=\"robots\" content=\"index, follow, max-snippet:-1, max-image-preview:large, max-video-preview:-1\" \/>\n<link rel=\"canonical\" href=\"https:\/\/afogadosfm.com.br\/afogadosfm\/2025\/12\/01\/mulher-e-morta-com-disparo-de-espingarda-em-calumbi-ex-companheiro-e-o-principal-suspeito\/\" \/>\n<meta property=\"og:locale\" content=\"pt_BR\" \/>\n<meta property=\"og:type\" content=\"article\" \/>\n<meta property=\"og:title\" content=\"Mulher \u00e9 morta com disparo de espingarda em Calumbi, ex-companheiro \u00e9 o principal suspeito - Afogados FM\" \/>\n<meta property=\"og:description\" content=\"A viol\u00eancia voltou a assombrar a zona rural de Calumbi na manh\u00e3 deste domingo (30). No distrito de Ro\u00e7as Velhas,\" \/>\n<meta property=\"og:url\" content=\"https:\/\/afogadosfm.com.br\/afogadosfm\/2025\/12\/01\/mulher-e-morta-com-disparo-de-espingarda-em-calumbi-ex-companheiro-e-o-principal-suspeito\/\" \/>\n<meta property=\"og:site_name\" content=\"Afogados FM\" \/>\n<meta property=\"article:published_time\" content=\"2025-12-01T07:37:48+00:00\" \/>\n<meta property=\"article:modified_time\" content=\"2025-12-01T07:37:50+00:00\" \/>\n<meta property=\"og:image\" content=\"https:\/\/afogadosfm.com.br\/afogadosfm\/wp-content\/uploads\/2025\/12\/Homicidio-.jpg\" \/>\n\t<meta property=\"og:image:width\" content=\"800\" \/>\n\t<meta property=\"og:image:height\" content=\"600\" \/>\n\t<meta property=\"og:image:type\" content=\"image\/jpeg\" \/>\n<meta name=\"author\" content=\"afogadosfm\" \/>\n<meta name=\"twitter:card\" content=\"summary_large_image\" \/>\n<meta name=\"twitter:label1\" content=\"Escrito por\" \/>\n\t<meta name=\"twitter:data1\" content=\"afogadosfm\" \/>\n\t<meta name=\"twitter:label2\" content=\"Est. tempo de leitura\" \/>\n\t<meta name=\"twitter:data2\" content=\"2 minutos\" \/>\n<script type=\"application\/ld+json\" class=\"yoast-schema-graph\">{\"@context\":\"https:\\\/\\\/schema.org\",\"@graph\":[{\"@type\":\"Article\",\"@id\":\"https:\\\/\\\/afogadosfm.com.br\\\/afogadosfm\\\/2025\\\/12\\\/01\\\/mulher-e-morta-com-disparo-de-espingarda-em-calumbi-ex-companheiro-e-o-principal-suspeito\\\/#article\",\"isPartOf\":{\"@id\":\"https:\\\/\\\/afogadosfm.com.br\\\/afogadosfm\\\/2025\\\/12\\\/01\\\/mulher-e-morta-com-disparo-de-espingarda-em-calumbi-ex-companheiro-e-o-principal-suspeito\\\/\"},\"author\":{\"name\":\"afogadosfm\",\"@id\":\"https:\\\/\\\/afogadosfm.com.br\\\/afogadosfm\\\/#\\\/schema\\\/person\\\/60e56f2cf5dc960fc093fe093d9e9057\"},\"headline\":\"Mulher \u00e9 morta com disparo de espingarda em Calumbi, ex-companheiro \u00e9 o principal suspeito\",\"datePublished\":\"2025-12-01T07:37:48+00:00\",\"dateModified\":\"2025-12-01T07:37:50+00:00\",\"mainEntityOfPage\":{\"@id\":\"https:\\\/\\\/afogadosfm.com.br\\\/afogadosfm\\\/2025\\\/12\\\/01\\\/mulher-e-morta-com-disparo-de-espingarda-em-calumbi-ex-companheiro-e-o-principal-suspeito\\\/\"},\"wordCount\":223,\"commentCount\":0,\"publisher\":{\"@id\":\"https:\\\/\\\/afogadosfm.com.br\\\/afogadosfm\\\/#organization\"},\"image\":{\"@id\":\"https:\\\/\\\/afogadosfm.com.br\\\/afogadosfm\\\/2025\\\/12\\\/01\\\/mulher-e-morta-com-disparo-de-espingarda-em-calumbi-ex-companheiro-e-o-principal-suspeito\\\/#primaryimage\"},\"thumbnailUrl\":\"https:\\\/\\\/i0.wp.com\\\/afogadosfm.com.br\\\/afogadosfm\\\/wp-content\\\/uploads\\\/2025\\\/12\\\/Homicidio-.jpg?fit=800%2C600&ssl=1\",\"articleSection\":[\"Pol\u00edcia\"],\"inLanguage\":\"pt-BR\",\"potentialAction\":[{\"@type\":\"CommentAction\",\"name\":\"Comment\",\"target\":[\"https:\\\/\\\/afogadosfm.com.br\\\/afogadosfm\\\/2025\\\/12\\\/01\\\/mulher-e-morta-com-disparo-de-espingarda-em-calumbi-ex-companheiro-e-o-principal-suspeito\\\/#respond\"]}]},{\"@type\":\"WebPage\",\"@id\":\"https:\\\/\\\/afogadosfm.com.br\\\/afogadosfm\\\/2025\\\/12\\\/01\\\/mulher-e-morta-com-disparo-de-espingarda-em-calumbi-ex-companheiro-e-o-principal-suspeito\\\/\",\"url\":\"https:\\\/\\\/afogadosfm.com.br\\\/afogadosfm\\\/2025\\\/12\\\/01\\\/mulher-e-morta-com-disparo-de-espingarda-em-calumbi-ex-companheiro-e-o-principal-suspeito\\\/\",\"name\":\"Mulher \u00e9 morta com disparo de espingarda em Calumbi, ex-companheiro \u00e9 o principal suspeito - Afogados FM\",\"isPartOf\":{\"@id\":\"https:\\\/\\\/afogadosfm.com.br\\\/afogadosfm\\\/#website\"},\"primaryImageOfPage\":{\"@id\":\"https:\\\/\\\/afogadosfm.com.br\\\/afogadosfm\\\/2025\\\/12\\\/01\\\/mulher-e-morta-com-disparo-de-espingarda-em-calumbi-ex-companheiro-e-o-principal-suspeito\\\/#primaryimage\"},\"image\":{\"@id\":\"https:\\\/\\\/afogadosfm.com.br\\\/afogadosfm\\\/2025\\\/12\\\/01\\\/mulher-e-morta-com-disparo-de-espingarda-em-calumbi-ex-companheiro-e-o-principal-suspeito\\\/#primaryimage\"},\"thumbnailUrl\":\"https:\\\/\\\/i0.wp.com\\\/afogadosfm.com.br\\\/afogadosfm\\\/wp-content\\\/uploads\\\/2025\\\/12\\\/Homicidio-.jpg?fit=800%2C600&ssl=1\",\"datePublished\":\"2025-12-01T07:37:48+00:00\",\"dateModified\":\"2025-12-01T07:37:50+00:00\",\"breadcrumb\":{\"@id\":\"https:\\\/\\\/afogadosfm.com.br\\\/afogadosfm\\\/2025\\\/12\\\/01\\\/mulher-e-morta-com-disparo-de-espingarda-em-calumbi-ex-companheiro-e-o-principal-suspeito\\\/#breadcrumb\"},\"inLanguage\":\"pt-BR\",\"potentialAction\":[{\"@type\":\"ReadAction\",\"target\":[\"https:\\\/\\\/afogadosfm.com.br\\\/afogadosfm\\\/2025\\\/12\\\/01\\\/mulher-e-morta-com-disparo-de-espingarda-em-calumbi-ex-companheiro-e-o-principal-suspeito\\\/\"]}]},{\"@type\":\"ImageObject\",\"inLanguage\":\"pt-BR\",\"@id\":\"https:\\\/\\\/afogadosfm.com.br\\\/afogadosfm\\\/2025\\\/12\\\/01\\\/mulher-e-morta-com-disparo-de-espingarda-em-calumbi-ex-companheiro-e-o-principal-suspeito\\\/#primaryimage\",\"url\":\"https:\\\/\\\/i0.wp.com\\\/afogadosfm.com.br\\\/afogadosfm\\\/wp-content\\\/uploads\\\/2025\\\/12\\\/Homicidio-.jpg?fit=800%2C600&ssl=1\",\"contentUrl\":\"https:\\\/\\\/i0.wp.com\\\/afogadosfm.com.br\\\/afogadosfm\\\/wp-content\\\/uploads\\\/2025\\\/12\\\/Homicidio-.jpg?fit=800%2C600&ssl=1\",\"width\":800,\"height\":600},{\"@type\":\"BreadcrumbList\",\"@id\":\"https:\\\/\\\/afogadosfm.com.br\\\/afogadosfm\\\/2025\\\/12\\\/01\\\/mulher-e-morta-com-disparo-de-espingarda-em-calumbi-ex-companheiro-e-o-principal-suspeito\\\/#breadcrumb\",\"itemListElement\":[{\"@type\":\"ListItem\",\"position\":1,\"name\":\"In\u00edcio\",\"item\":\"https:\\\/\\\/afogadosfm.com.br\\\/afogadosfm\\\/\"},{\"@type\":\"ListItem\",\"position\":2,\"name\":\"Mulher \u00e9 morta com disparo de espingarda em Calumbi, ex-companheiro \u00e9 o principal suspeito\"}]},{\"@type\":\"WebSite\",\"@id\":\"https:\\\/\\\/afogadosfm.com.br\\\/afogadosfm\\\/#website\",\"url\":\"https:\\\/\\\/afogadosfm.com.br\\\/afogadosfm\\\/\",\"name\":\"Afogados FM\",\"description\":\"Um site completo!\",\"publisher\":{\"@id\":\"https:\\\/\\\/afogadosfm.com.br\\\/afogadosfm\\\/#organization\"},\"potentialAction\":[{\"@type\":\"SearchAction\",\"target\":{\"@type\":\"EntryPoint\",\"urlTemplate\":\"https:\\\/\\\/afogadosfm.com.br\\\/afogadosfm\\\/?s={search_term_string}\"},\"query-input\":{\"@type\":\"PropertyValueSpecification\",\"valueRequired\":true,\"valueName\":\"search_term_string\"}}],\"inLanguage\":\"pt-BR\"},{\"@type\":\"Organization\",\"@id\":\"https:\\\/\\\/afogadosfm.com.br\\\/afogadosfm\\\/#organization\",\"name\":\"Afogados FM\",\"url\":\"https:\\\/\\\/afogadosfm.com.br\\\/afogadosfm\\\/\",\"logo\":{\"@type\":\"ImageObject\",\"inLanguage\":\"pt-BR\",\"@id\":\"https:\\\/\\\/afogadosfm.com.br\\\/afogadosfm\\\/#\\\/schema\\\/logo\\\/image\\\/\",\"url\":\"https:\\\/\\\/i0.wp.com\\\/afogadosfm.com.br\\\/afogadosfm\\\/wp-content\\\/uploads\\\/2020\\\/06\\\/cropped-banner-afogados-4.jpg?fit=369%2C137&ssl=1\",\"contentUrl\":\"https:\\\/\\\/i0.wp.com\\\/afogadosfm.com.br\\\/afogadosfm\\\/wp-content\\\/uploads\\\/2020\\\/06\\\/cropped-banner-afogados-4.jpg?fit=369%2C137&ssl=1\",\"width\":369,\"height\":137,\"caption\":\"Afogados FM\"},\"image\":{\"@id\":\"https:\\\/\\\/afogadosfm.com.br\\\/afogadosfm\\\/#\\\/schema\\\/logo\\\/image\\\/\"}},{\"@type\":\"Person\",\"@id\":\"https:\\\/\\\/afogadosfm.com.br\\\/afogadosfm\\\/#\\\/schema\\\/person\\\/60e56f2cf5dc960fc093fe093d9e9057\",\"name\":\"afogadosfm\",\"image\":{\"@type\":\"ImageObject\",\"inLanguage\":\"pt-BR\",\"@id\":\"https:\\\/\\\/secure.gravatar.com\\\/avatar\\\/e0359add7ed5dc3560906d861b52c6a8cf5c1e199d3a7dd85070998f49bd4701?s=96&d=mm&r=g\",\"url\":\"https:\\\/\\\/secure.gravatar.com\\\/avatar\\\/e0359add7ed5dc3560906d861b52c6a8cf5c1e199d3a7dd85070998f49bd4701?s=96&d=mm&r=g\",\"contentUrl\":\"https:\\\/\\\/secure.gravatar.com\\\/avatar\\\/e0359add7ed5dc3560906d861b52c6a8cf5c1e199d3a7dd85070998f49bd4701?s=96&d=mm&r=g\",\"caption\":\"afogadosfm\"},\"url\":\"https:\\\/\\\/afogadosfm.com.br\\\/afogadosfm\\\/author\\\/afogadosfm\\\/\"}]}<\/script>\n<!-- \/ Yoast SEO plugin. -->","yoast_head_json":{"title":"Mulher \u00e9 morta com disparo de espingarda em Calumbi, ex-companheiro \u00e9 o principal suspeito - Afogados FM","robots":{"index":"index","follow":"follow","max-snippet":"max-snippet:-1","max-image-preview":"max-image-preview:large","max-video-preview":"max-video-preview:-1"},"canonical":"https:\/\/afogadosfm.com.br\/afogadosfm\/2025\/12\/01\/mulher-e-morta-com-disparo-de-espingarda-em-calumbi-ex-companheiro-e-o-principal-suspeito\/","og_locale":"pt_BR","og_type":"article","og_title":"Mulher \u00e9 morta com disparo de espingarda em Calumbi, ex-companheiro \u00e9 o principal suspeito - Afogados FM","og_description":"A viol\u00eancia voltou a assombrar a zona rural de Calumbi na manh\u00e3 deste domingo (30). No distrito de Ro\u00e7as Velhas,","og_url":"https:\/\/afogadosfm.com.br\/afogadosfm\/2025\/12\/01\/mulher-e-morta-com-disparo-de-espingarda-em-calumbi-ex-companheiro-e-o-principal-suspeito\/","og_site_name":"Afogados FM","article_published_time":"2025-12-01T07:37:48+00:00","article_modified_time":"2025-12-01T07:37:50+00:00","og_image":[{"width":800,"height":600,"url":"https:\/\/afogadosfm.com.br\/afogadosfm\/wp-content\/uploads\/2025\/12\/Homicidio-.jpg","type":"image\/jpeg"}],"author":"afogadosfm","twitter_card":"summary_large_image","twitter_misc":{"Escrito por":"afogadosfm","Est. tempo de leitura":"2 minutos"},"schema":{"@context":"https:\/\/schema.org","@graph":[{"@type":"Article","@id":"https:\/\/afogadosfm.com.br\/afogadosfm\/2025\/12\/01\/mulher-e-morta-com-disparo-de-espingarda-em-calumbi-ex-companheiro-e-o-principal-suspeito\/#article","isPartOf":{"@id":"https:\/\/afogadosfm.com.br\/afogadosfm\/2025\/12\/01\/mulher-e-morta-com-disparo-de-espingarda-em-calumbi-ex-companheiro-e-o-principal-suspeito\/"},"author":{"name":"afogadosfm","@id":"https:\/\/afogadosfm.com.br\/afogadosfm\/#\/schema\/person\/60e56f2cf5dc960fc093fe093d9e9057"},"headline":"Mulher \u00e9 morta com disparo de espingarda em Calumbi, ex-companheiro \u00e9 o principal suspeito","datePublished":"2025-12-01T07:37:48+00:00","dateModified":"2025-12-01T07:37:50+00:00","mainEntityOfPage":{"@id":"https:\/\/afogadosfm.com.br\/afogadosfm\/2025\/12\/01\/mulher-e-morta-com-disparo-de-espingarda-em-calumbi-ex-companheiro-e-o-principal-suspeito\/"},"wordCount":223,"commentCount":0,"publisher":{"@id":"https:\/\/afogadosfm.com.br\/afogadosfm\/#organization"},"image":{"@id":"https:\/\/afogadosfm.com.br\/afogadosfm\/2025\/12\/01\/mulher-e-morta-com-disparo-de-espingarda-em-calumbi-ex-companheiro-e-o-principal-suspeito\/#primaryimage"},"thumbnailUrl":"https:\/\/i0.wp.com\/afogadosfm.com.br\/afogadosfm\/wp-content\/uploads\/2025\/12\/Homicidio-.jpg?fit=800%2C600&ssl=1","articleSection":["Pol\u00edcia"],"inLanguage":"pt-BR","potentialAction":[{"@type":"CommentAction","name":"Comment","target":["https:\/\/afogadosfm.com.br\/afogadosfm\/2025\/12\/01\/mulher-e-morta-com-disparo-de-espingarda-em-calumbi-ex-companheiro-e-o-principal-suspeito\/#respond"]}]},{"@type":"WebPage","@id":"https:\/\/afogadosfm.com.br\/afogadosfm\/2025\/12\/01\/mulher-e-morta-com-disparo-de-espingarda-em-calumbi-ex-companheiro-e-o-principal-suspeito\/","url":"https:\/\/afogadosfm.com.br\/afogadosfm\/2025\/12\/01\/mulher-e-morta-com-disparo-de-espingarda-em-calumbi-ex-companheiro-e-o-principal-suspeito\/","name":"Mulher \u00e9 morta com disparo de espingarda em Calumbi, ex-companheiro \u00e9 o principal suspeito - Afogados FM","isPartOf":{"@id":"https:\/\/afogadosfm.com.br\/afogadosfm\/#website"},"primaryImageOfPage":{"@id":"https:\/\/afogadosfm.com.br\/afogadosfm\/2025\/12\/01\/mulher-e-morta-com-disparo-de-espingarda-em-calumbi-ex-companheiro-e-o-principal-suspeito\/#primaryimage"},"image":{"@id":"https:\/\/afogadosfm.com.br\/afogadosfm\/2025\/12\/01\/mulher-e-morta-com-disparo-de-espingarda-em-calumbi-ex-companheiro-e-o-principal-suspeito\/#primaryimage"},"thumbnailUrl":"https:\/\/i0.wp.com\/afogadosfm.com.br\/afogadosfm\/wp-content\/uploads\/2025\/12\/Homicidio-.jpg?fit=800%2C600&ssl=1","datePublished":"2025-12-01T07:37:48+00:00","dateModified":"2025-12-01T07:37:50+00:00","breadcrumb":{"@id":"https:\/\/afogadosfm.com.br\/afogadosfm\/2025\/12\/01\/mulher-e-morta-com-disparo-de-espingarda-em-calumbi-ex-companheiro-e-o-principal-suspeito\/#breadcrumb"},"inLanguage":"pt-BR","potentialAction":[{"@type":"ReadAction","target":["https:\/\/afogadosfm.com.br\/afogadosfm\/2025\/12\/01\/mulher-e-morta-com-disparo-de-espingarda-em-calumbi-ex-companheiro-e-o-principal-suspeito\/"]}]},{"@type":"ImageObject","inLanguage":"pt-BR","@id":"https:\/\/afogadosfm.com.br\/afogadosfm\/2025\/12\/01\/mulher-e-morta-com-disparo-de-espingarda-em-calumbi-ex-companheiro-e-o-principal-suspeito\/#primaryimage","url":"https:\/\/i0.wp.com\/afogadosfm.com.br\/afogadosfm\/wp-content\/uploads\/2025\/12\/Homicidio-.jpg?fit=800%2C600&ssl=1","contentUrl":"https:\/\/i0.wp.com\/afogadosfm.com.br\/afogadosfm\/wp-content\/uploads\/2025\/12\/Homicidio-.jpg?fit=800%2C600&ssl=1","width":800,"height":600},{"@type":"BreadcrumbList","@id":"https:\/\/afogadosfm.com.br\/afogadosfm\/2025\/12\/01\/mulher-e-morta-com-disparo-de-espingarda-em-calumbi-ex-companheiro-e-o-principal-suspeito\/#breadcrumb","itemListElement":[{"@type":"ListItem","position":1,"name":"In\u00edcio","item":"https:\/\/afogadosfm.com.br\/afogadosfm\/"},{"@type":"ListItem","position":2,"name":"Mulher \u00e9 morta com disparo de espingarda em Calumbi, ex-companheiro \u00e9 o principal suspeito"}]},{"@type":"WebSite","@id":"https:\/\/afogadosfm.com.br\/afogadosfm\/#website","url":"https:\/\/afogadosfm.com.br\/afogadosfm\/","name":"Afogados FM","description":"Um site completo!","publisher":{"@id":"https:\/\/afogadosfm.com.br\/afogadosfm\/#organization"},"potentialAction":[{"@type":"SearchAction","target":{"@type":"EntryPoint","urlTemplate":"https:\/\/afogadosfm.com.br\/afogadosfm\/?s={search_term_string}"},"query-input":{"@type":"PropertyValueSpecification","valueRequired":true,"valueName":"search_term_string"}}],"inLanguage":"pt-BR"},{"@type":"Organization","@id":"https:\/\/afogadosfm.com.br\/afogadosfm\/#organization","name":"Afogados FM","url":"https:\/\/afogadosfm.com.br\/afogadosfm\/","logo":{"@type":"ImageObject","inLanguage":"pt-BR","@id":"https:\/\/afogadosfm.com.br\/afogadosfm\/#\/schema\/logo\/image\/","url":"https:\/\/i0.wp.com\/afogadosfm.com.br\/afogadosfm\/wp-content\/uploads\/2020\/06\/cropped-banner-afogados-4.jpg?fit=369%2C137&ssl=1","contentUrl":"https:\/\/i0.wp.com\/afogadosfm.com.br\/afogadosfm\/wp-content\/uploads\/2020\/06\/cropped-banner-afogados-4.jpg?fit=369%2C137&ssl=1","width":369,"height":137,"caption":"Afogados FM"},"image":{"@id":"https:\/\/afogadosfm.com.br\/afogadosfm\/#\/schema\/logo\/image\/"}},{"@type":"Person","@id":"https:\/\/afogadosfm.com.br\/afogadosfm\/#\/schema\/person\/60e56f2cf5dc960fc093fe093d9e9057","name":"afogadosfm","image":{"@type":"ImageObject","inLanguage":"pt-BR","@id":"https:\/\/secure.gravatar.com\/avatar\/e0359add7ed5dc3560906d861b52c6a8cf5c1e199d3a7dd85070998f49bd4701?s=96&d=mm&r=g","url":"https:\/\/secure.gravatar.com\/avatar\/e0359add7ed5dc3560906d861b52c6a8cf5c1e199d3a7dd85070998f49bd4701?s=96&d=mm&r=g","contentUrl":"https:\/\/secure.gravatar.com\/avatar\/e0359add7ed5dc3560906d861b52c6a8cf5c1e199d3a7dd85070998f49bd4701?s=96&d=mm&r=g","caption":"afogadosfm"},"url":"https:\/\/afogadosfm.com.br\/afogadosfm\/author\/afogadosfm\/"}]}},"jetpack_publicize_connections":[],"jetpack_featured_media_url":"https:\/\/i0.wp.com\/afogadosfm.com.br\/afogadosfm\/wp-content\/uploads\/2025\/12\/Homicidio-.jpg?fit=800%2C600&ssl=1","jetpack-related-posts":[],"jetpack_sharing_enabled":true,"jetpack_likes_enabled":true,"_links":{"self":[{"href":"https:\/\/afogadosfm.com.br\/afogadosfm\/wp-json\/wp\/v2\/posts\/70928","targetHints":{"allow":["GET"]}}],"collection":[{"href":"https:\/\/afogadosfm.com.br\/afogadosfm\/wp-json\/wp\/v2\/posts"}],"about":[{"href":"https:\/\/afogadosfm.com.br\/afogadosfm\/wp-json\/wp\/v2\/types\/post"}],"author":[{"embeddable":true,"href":"https:\/\/afogadosfm.com.br\/afogadosfm\/wp-json\/wp\/v2\/users\/2"}],"replies":[{"embeddable":true,"href":"https:\/\/afogadosfm.com.br\/afogadosfm\/wp-json\/wp\/v2\/comments?post=70928"}],"version-history":[{"count":1,"href":"https:\/\/afogadosfm.com.br\/afogadosfm\/wp-json\/wp\/v2\/posts\/70928\/revisions"}],"predecessor-version":[{"id":70930,"href":"https:\/\/afogadosfm.com.br\/afogadosfm\/wp-json\/wp\/v2\/posts\/70928\/revisions\/70930"}],"wp:featuredmedia":[{"embeddable":true,"href":"https:\/\/afogadosfm.com.br\/afogadosfm\/wp-json\/wp\/v2\/media\/70929"}],"wp:attachment":[{"href":"https:\/\/afogadosfm.com.br\/afogadosfm\/wp-json\/wp\/v2\/media?parent=70928"}],"wp:term":[{"taxonomy":"category","embeddable":true,"href":"https:\/\/afogadosfm.com.br\/afogadosfm\/wp-json\/wp\/v2\/categories?post=70928"},{"taxonomy":"post_tag","embeddable":true,"href":"https:\/\/afogadosfm.com.br\/afogadosfm\/wp-json\/wp\/v2\/tags?post=70928"}],"curies":[{"name":"wp","href":"https:\/\/api.w.org\/{rel}","templated":true}]}}