{"id":70931,"date":"2025-12-01T04:39:23","date_gmt":"2025-12-01T07:39:23","guid":{"rendered":"https:\/\/afogadosfm.com.br\/afogadosfm\/?p=70931"},"modified":"2025-12-01T04:39:25","modified_gmt":"2025-12-01T07:39:25","slug":"pagamentos-do-bolsa-familia-de-dezembro-sao-antecipados-para-antes-do-natal","status":"publish","type":"post","link":"https:\/\/afogadosfm.com.br\/afogadosfm\/2025\/12\/01\/pagamentos-do-bolsa-familia-de-dezembro-sao-antecipados-para-antes-do-natal\/","title":{"rendered":"Pagamentos do Bolsa Fam\u00edlia de Dezembro s\u00e3o antecipados para antes do Natal"},"content":{"rendered":"\n<p>O Minist\u00e9rio do Desenvolvimento e Assist\u00eancia Social, Fam\u00edlia e Combate \u00e0 Fome (MDS) confirmou as datas de pagamento do Bolsa Fam\u00edlia referentes ao m\u00eas de dezembro. Seguindo o modelo tradicional, o cronograma ser\u00e1 organizado conforme o \u00faltimo d\u00edgito do N\u00famero de Identifica\u00e7\u00e3o Social (NIS) de cada benefici\u00e1rio, informa\u00e7\u00e3o dispon\u00edvel no cart\u00e3o do programa.<\/p>\n\n\n\n<p>Assim como em todos os anos, o calend\u00e1rio de dezembro ser\u00e1 antecipado. A medida tem como objetivo garantir que todas as fam\u00edlias recebam o benef\u00edcio antes do Natal, diferentemente dos demais meses, quando os repasses ocorrem nos dez \u00faltimos dias \u00fateis.<\/p>\n\n\n\n<p>Os pagamentos come\u00e7am no dia 10 de dezembro, com a libera\u00e7\u00e3o para quem possui NIS final 1. Em seguida, nos dias 11 e 12, recebem os benefici\u00e1rios com NIS terminados em 2 e 3. Ap\u00f3s uma pausa no calend\u00e1rio, os dep\u00f3sitos retornam no dia 15, contemplando o NIS final 4, e continuam de forma escalonada entre os dias 16 e 19, para os finais 5, 6, 7 e 8.<\/p>\n\n\n\n<p>Por fim, os \u00faltimos pagamentos ser\u00e3o feitos nos dias 22 e 23, destinados aos benefici\u00e1rios com NIS final 9 e 0, respectivamente.<\/p>\n\n\n\n<p>Al\u00e9m de acompanhar o cronograma, as fam\u00edlias devem manter em dia as condicionalidades do programa, que incluem a frequ\u00eancia escolar de crian\u00e7as e adolescentes entre 4 e 17 anos, o acompanhamento pr\u00e9-natal de gestantes e a verifica\u00e7\u00e3o regular do crescimento e do estado nutricional de crian\u00e7as menores de 7 anos.<\/p>\n\n\n\n<p>Confira o calend\u00e1rio completo de dezembro:<\/p>\n\n\n\n<p>Calend\u00e1rio do Bolsa Fam\u00edlia \u2013 Dezembro<\/p>\n\n\n\n<p>\u2022 NIS final 1: 10\/12<\/p>\n\n\n\n<p>\u2022 NIS final 2: 11\/12<\/p>\n\n\n\n<p>\u2022 NIS final 3: 12\/12<\/p>\n\n\n\n<p>\u2022 NIS final 4: 15\/12<\/p>\n\n\n\n<p>\u2022 NIS final 5: 16\/12<\/p>\n\n\n\n<p>\u2022 NIS final 6: 17\/12<\/p>\n\n\n\n<p>\u2022 NIS final 7: 18\/12<\/p>\n\n\n\n<p>\u2022 NIS final 8: 19\/12<\/p>\n\n\n\n<p>\u2022 NIS final 9: 22\/12<\/p>\n\n\n\n<p>\u2022 NIS final 0: 23\/12<\/p>\n\n\n\n<p>Com a antecipa\u00e7\u00e3o, o governo busca garantir que as fam\u00edlias tenham mais tranquilidade financeira no per\u00edodo que antecede as festas de fim de ano.<\/p>\n","protected":false},"excerpt":{"rendered":"<p>O Minist\u00e9rio do Desenvolvimento e Assist\u00eancia Social, Fam\u00edlia e Combate \u00e0 Fome (MDS) confirmou as datas de pagamento do Bolsa<\/p>\n","protected":false},"author":2,"featured_media":47172,"comment_status":"open","ping_status":"open","sticky":false,"template":"","format":"standard","meta":{"jetpack_post_was_ever_published":false,"_jetpack_newsletter_access":"","_jetpack_dont_email_post_to_subs":false,"_jetpack_newsletter_tier_id":0,"_jetpack_memberships_contains_paywalled_content":false,"_jetpack_memberships_contains_paid_content":false,"footnotes":"","jetpack_publicize_message":"","jetpack_publicize_feature_enabled":true,"jetpack_social_post_already_shared":true,"jetpack_social_options":{"image_generator_settings":{"template":"highway","default_image_id":0,"font":"","enabled":false},"version":2}},"categories":[12],"tags":[],"class_list":["post-70931","post","type-post","status-publish","format-standard","has-post-thumbnail","hentry","category-brasil"],"yoast_head":"<!-- This site is optimized with the Yoast SEO plugin v27.4 - https:\/\/yoast.com\/product\/yoast-seo-wordpress\/ -->\n<title>Pagamentos do Bolsa Fam\u00edlia de Dezembro s\u00e3o antecipados para antes do Natal - Afogados FM<\/title>\n<meta name=\"robots\" content=\"index, follow, max-snippet:-1, max-image-preview:large, max-video-preview:-1\" \/>\n<link rel=\"canonical\" href=\"https:\/\/afogadosfm.com.br\/afogadosfm\/2025\/12\/01\/pagamentos-do-bolsa-familia-de-dezembro-sao-antecipados-para-antes-do-natal\/\" \/>\n<meta property=\"og:locale\" content=\"pt_BR\" \/>\n<meta property=\"og:type\" content=\"article\" \/>\n<meta property=\"og:title\" content=\"Pagamentos do Bolsa Fam\u00edlia de Dezembro s\u00e3o antecipados para antes do Natal - Afogados FM\" \/>\n<meta property=\"og:description\" content=\"O Minist\u00e9rio do Desenvolvimento e Assist\u00eancia Social, Fam\u00edlia e Combate \u00e0 Fome (MDS) confirmou as datas de pagamento do Bolsa\" \/>\n<meta property=\"og:url\" content=\"https:\/\/afogadosfm.com.br\/afogadosfm\/2025\/12\/01\/pagamentos-do-bolsa-familia-de-dezembro-sao-antecipados-para-antes-do-natal\/\" \/>\n<meta property=\"og:site_name\" content=\"Afogados FM\" \/>\n<meta property=\"article:published_time\" content=\"2025-12-01T07:39:23+00:00\" \/>\n<meta property=\"article:modified_time\" content=\"2025-12-01T07:39:25+00:00\" \/>\n<meta property=\"og:image\" content=\"https:\/\/afogadosfm.com.br\/afogadosfm\/wp-content\/uploads\/2023\/04\/NOVOBOLSAFAMILIA.jpg\" \/>\n\t<meta property=\"og:image:width\" content=\"1170\" \/>\n\t<meta property=\"og:image:height\" content=\"700\" \/>\n\t<meta property=\"og:image:type\" content=\"image\/jpeg\" \/>\n<meta name=\"author\" content=\"afogadosfm\" \/>\n<meta name=\"twitter:card\" content=\"summary_large_image\" \/>\n<meta name=\"twitter:label1\" content=\"Escrito por\" \/>\n\t<meta name=\"twitter:data1\" content=\"afogadosfm\" \/>\n\t<meta name=\"twitter:label2\" content=\"Est. tempo de leitura\" \/>\n\t<meta name=\"twitter:data2\" content=\"2 minutos\" \/>\n<script type=\"application\/ld+json\" class=\"yoast-schema-graph\">{\"@context\":\"https:\\\/\\\/schema.org\",\"@graph\":[{\"@type\":\"Article\",\"@id\":\"https:\\\/\\\/afogadosfm.com.br\\\/afogadosfm\\\/2025\\\/12\\\/01\\\/pagamentos-do-bolsa-familia-de-dezembro-sao-antecipados-para-antes-do-natal\\\/#article\",\"isPartOf\":{\"@id\":\"https:\\\/\\\/afogadosfm.com.br\\\/afogadosfm\\\/2025\\\/12\\\/01\\\/pagamentos-do-bolsa-familia-de-dezembro-sao-antecipados-para-antes-do-natal\\\/\"},\"author\":{\"name\":\"afogadosfm\",\"@id\":\"https:\\\/\\\/afogadosfm.com.br\\\/afogadosfm\\\/#\\\/schema\\\/person\\\/60e56f2cf5dc960fc093fe093d9e9057\"},\"headline\":\"Pagamentos do Bolsa Fam\u00edlia de Dezembro s\u00e3o antecipados para antes do Natal\",\"datePublished\":\"2025-12-01T07:39:23+00:00\",\"dateModified\":\"2025-12-01T07:39:25+00:00\",\"mainEntityOfPage\":{\"@id\":\"https:\\\/\\\/afogadosfm.com.br\\\/afogadosfm\\\/2025\\\/12\\\/01\\\/pagamentos-do-bolsa-familia-de-dezembro-sao-antecipados-para-antes-do-natal\\\/\"},\"wordCount\":318,\"commentCount\":0,\"publisher\":{\"@id\":\"https:\\\/\\\/afogadosfm.com.br\\\/afogadosfm\\\/#organization\"},\"image\":{\"@id\":\"https:\\\/\\\/afogadosfm.com.br\\\/afogadosfm\\\/2025\\\/12\\\/01\\\/pagamentos-do-bolsa-familia-de-dezembro-sao-antecipados-para-antes-do-natal\\\/#primaryimage\"},\"thumbnailUrl\":\"https:\\\/\\\/i0.wp.com\\\/afogadosfm.com.br\\\/afogadosfm\\\/wp-content\\\/uploads\\\/2023\\\/04\\\/NOVOBOLSAFAMILIA.jpg?fit=1170%2C700&ssl=1\",\"articleSection\":[\"Brasil\"],\"inLanguage\":\"pt-BR\",\"potentialAction\":[{\"@type\":\"CommentAction\",\"name\":\"Comment\",\"target\":[\"https:\\\/\\\/afogadosfm.com.br\\\/afogadosfm\\\/2025\\\/12\\\/01\\\/pagamentos-do-bolsa-familia-de-dezembro-sao-antecipados-para-antes-do-natal\\\/#respond\"]}]},{\"@type\":\"WebPage\",\"@id\":\"https:\\\/\\\/afogadosfm.com.br\\\/afogadosfm\\\/2025\\\/12\\\/01\\\/pagamentos-do-bolsa-familia-de-dezembro-sao-antecipados-para-antes-do-natal\\\/\",\"url\":\"https:\\\/\\\/afogadosfm.com.br\\\/afogadosfm\\\/2025\\\/12\\\/01\\\/pagamentos-do-bolsa-familia-de-dezembro-sao-antecipados-para-antes-do-natal\\\/\",\"name\":\"Pagamentos do Bolsa Fam\u00edlia de Dezembro s\u00e3o antecipados para antes do Natal - Afogados FM\",\"isPartOf\":{\"@id\":\"https:\\\/\\\/afogadosfm.com.br\\\/afogadosfm\\\/#website\"},\"primaryImageOfPage\":{\"@id\":\"https:\\\/\\\/afogadosfm.com.br\\\/afogadosfm\\\/2025\\\/12\\\/01\\\/pagamentos-do-bolsa-familia-de-dezembro-sao-antecipados-para-antes-do-natal\\\/#primaryimage\"},\"image\":{\"@id\":\"https:\\\/\\\/afogadosfm.com.br\\\/afogadosfm\\\/2025\\\/12\\\/01\\\/pagamentos-do-bolsa-familia-de-dezembro-sao-antecipados-para-antes-do-natal\\\/#primaryimage\"},\"thumbnailUrl\":\"https:\\\/\\\/i0.wp.com\\\/afogadosfm.com.br\\\/afogadosfm\\\/wp-content\\\/uploads\\\/2023\\\/04\\\/NOVOBOLSAFAMILIA.jpg?fit=1170%2C700&ssl=1\",\"datePublished\":\"2025-12-01T07:39:23+00:00\",\"dateModified\":\"2025-12-01T07:39:25+00:00\",\"breadcrumb\":{\"@id\":\"https:\\\/\\\/afogadosfm.com.br\\\/afogadosfm\\\/2025\\\/12\\\/01\\\/pagamentos-do-bolsa-familia-de-dezembro-sao-antecipados-para-antes-do-natal\\\/#breadcrumb\"},\"inLanguage\":\"pt-BR\",\"potentialAction\":[{\"@type\":\"ReadAction\",\"target\":[\"https:\\\/\\\/afogadosfm.com.br\\\/afogadosfm\\\/2025\\\/12\\\/01\\\/pagamentos-do-bolsa-familia-de-dezembro-sao-antecipados-para-antes-do-natal\\\/\"]}]},{\"@type\":\"ImageObject\",\"inLanguage\":\"pt-BR\",\"@id\":\"https:\\\/\\\/afogadosfm.com.br\\\/afogadosfm\\\/2025\\\/12\\\/01\\\/pagamentos-do-bolsa-familia-de-dezembro-sao-antecipados-para-antes-do-natal\\\/#primaryimage\",\"url\":\"https:\\\/\\\/i0.wp.com\\\/afogadosfm.com.br\\\/afogadosfm\\\/wp-content\\\/uploads\\\/2023\\\/04\\\/NOVOBOLSAFAMILIA.jpg?fit=1170%2C700&ssl=1\",\"contentUrl\":\"https:\\\/\\\/i0.wp.com\\\/afogadosfm.com.br\\\/afogadosfm\\\/wp-content\\\/uploads\\\/2023\\\/04\\\/NOVOBOLSAFAMILIA.jpg?fit=1170%2C700&ssl=1\",\"width\":1170,\"height\":700,\"caption\":\"Bras\u00edlia (DF), 02-03\\\/2023 - Presidente Luiz In\u00e1cio Lula da Silva lan\u00e7a o novo programa Bolsa Fam\u00edlia. Foto: Lula Marques\\\/Ag\u00eancia Brasil\"},{\"@type\":\"BreadcrumbList\",\"@id\":\"https:\\\/\\\/afogadosfm.com.br\\\/afogadosfm\\\/2025\\\/12\\\/01\\\/pagamentos-do-bolsa-familia-de-dezembro-sao-antecipados-para-antes-do-natal\\\/#breadcrumb\",\"itemListElement\":[{\"@type\":\"ListItem\",\"position\":1,\"name\":\"In\u00edcio\",\"item\":\"https:\\\/\\\/afogadosfm.com.br\\\/afogadosfm\\\/\"},{\"@type\":\"ListItem\",\"position\":2,\"name\":\"Pagamentos do Bolsa Fam\u00edlia de Dezembro s\u00e3o antecipados para antes do Natal\"}]},{\"@type\":\"WebSite\",\"@id\":\"https:\\\/\\\/afogadosfm.com.br\\\/afogadosfm\\\/#website\",\"url\":\"https:\\\/\\\/afogadosfm.com.br\\\/afogadosfm\\\/\",\"name\":\"Afogados FM\",\"description\":\"Um site completo!\",\"publisher\":{\"@id\":\"https:\\\/\\\/afogadosfm.com.br\\\/afogadosfm\\\/#organization\"},\"potentialAction\":[{\"@type\":\"SearchAction\",\"target\":{\"@type\":\"EntryPoint\",\"urlTemplate\":\"https:\\\/\\\/afogadosfm.com.br\\\/afogadosfm\\\/?s={search_term_string}\"},\"query-input\":{\"@type\":\"PropertyValueSpecification\",\"valueRequired\":true,\"valueName\":\"search_term_string\"}}],\"inLanguage\":\"pt-BR\"},{\"@type\":\"Organization\",\"@id\":\"https:\\\/\\\/afogadosfm.com.br\\\/afogadosfm\\\/#organization\",\"name\":\"Afogados FM\",\"url\":\"https:\\\/\\\/afogadosfm.com.br\\\/afogadosfm\\\/\",\"logo\":{\"@type\":\"ImageObject\",\"inLanguage\":\"pt-BR\",\"@id\":\"https:\\\/\\\/afogadosfm.com.br\\\/afogadosfm\\\/#\\\/schema\\\/logo\\\/image\\\/\",\"url\":\"https:\\\/\\\/i0.wp.com\\\/afogadosfm.com.br\\\/afogadosfm\\\/wp-content\\\/uploads\\\/2020\\\/06\\\/cropped-banner-afogados-4.jpg?fit=369%2C137&ssl=1\",\"contentUrl\":\"https:\\\/\\\/i0.wp.com\\\/afogadosfm.com.br\\\/afogadosfm\\\/wp-content\\\/uploads\\\/2020\\\/06\\\/cropped-banner-afogados-4.jpg?fit=369%2C137&ssl=1\",\"width\":369,\"height\":137,\"caption\":\"Afogados FM\"},\"image\":{\"@id\":\"https:\\\/\\\/afogadosfm.com.br\\\/afogadosfm\\\/#\\\/schema\\\/logo\\\/image\\\/\"}},{\"@type\":\"Person\",\"@id\":\"https:\\\/\\\/afogadosfm.com.br\\\/afogadosfm\\\/#\\\/schema\\\/person\\\/60e56f2cf5dc960fc093fe093d9e9057\",\"name\":\"afogadosfm\",\"image\":{\"@type\":\"ImageObject\",\"inLanguage\":\"pt-BR\",\"@id\":\"https:\\\/\\\/secure.gravatar.com\\\/avatar\\\/e0359add7ed5dc3560906d861b52c6a8cf5c1e199d3a7dd85070998f49bd4701?s=96&d=mm&r=g\",\"url\":\"https:\\\/\\\/secure.gravatar.com\\\/avatar\\\/e0359add7ed5dc3560906d861b52c6a8cf5c1e199d3a7dd85070998f49bd4701?s=96&d=mm&r=g\",\"contentUrl\":\"https:\\\/\\\/secure.gravatar.com\\\/avatar\\\/e0359add7ed5dc3560906d861b52c6a8cf5c1e199d3a7dd85070998f49bd4701?s=96&d=mm&r=g\",\"caption\":\"afogadosfm\"},\"url\":\"https:\\\/\\\/afogadosfm.com.br\\\/afogadosfm\\\/author\\\/afogadosfm\\\/\"}]}<\/script>\n<!-- \/ Yoast SEO plugin. -->","yoast_head_json":{"title":"Pagamentos do Bolsa Fam\u00edlia de Dezembro s\u00e3o antecipados para antes do Natal - Afogados FM","robots":{"index":"index","follow":"follow","max-snippet":"max-snippet:-1","max-image-preview":"max-image-preview:large","max-video-preview":"max-video-preview:-1"},"canonical":"https:\/\/afogadosfm.com.br\/afogadosfm\/2025\/12\/01\/pagamentos-do-bolsa-familia-de-dezembro-sao-antecipados-para-antes-do-natal\/","og_locale":"pt_BR","og_type":"article","og_title":"Pagamentos do Bolsa Fam\u00edlia de Dezembro s\u00e3o antecipados para antes do Natal - Afogados FM","og_description":"O Minist\u00e9rio do Desenvolvimento e Assist\u00eancia Social, Fam\u00edlia e Combate \u00e0 Fome (MDS) confirmou as datas de pagamento do Bolsa","og_url":"https:\/\/afogadosfm.com.br\/afogadosfm\/2025\/12\/01\/pagamentos-do-bolsa-familia-de-dezembro-sao-antecipados-para-antes-do-natal\/","og_site_name":"Afogados FM","article_published_time":"2025-12-01T07:39:23+00:00","article_modified_time":"2025-12-01T07:39:25+00:00","og_image":[{"width":1170,"height":700,"url":"https:\/\/afogadosfm.com.br\/afogadosfm\/wp-content\/uploads\/2023\/04\/NOVOBOLSAFAMILIA.jpg","type":"image\/jpeg"}],"author":"afogadosfm","twitter_card":"summary_large_image","twitter_misc":{"Escrito por":"afogadosfm","Est. tempo de leitura":"2 minutos"},"schema":{"@context":"https:\/\/schema.org","@graph":[{"@type":"Article","@id":"https:\/\/afogadosfm.com.br\/afogadosfm\/2025\/12\/01\/pagamentos-do-bolsa-familia-de-dezembro-sao-antecipados-para-antes-do-natal\/#article","isPartOf":{"@id":"https:\/\/afogadosfm.com.br\/afogadosfm\/2025\/12\/01\/pagamentos-do-bolsa-familia-de-dezembro-sao-antecipados-para-antes-do-natal\/"},"author":{"name":"afogadosfm","@id":"https:\/\/afogadosfm.com.br\/afogadosfm\/#\/schema\/person\/60e56f2cf5dc960fc093fe093d9e9057"},"headline":"Pagamentos do Bolsa Fam\u00edlia de Dezembro s\u00e3o antecipados para antes do Natal","datePublished":"2025-12-01T07:39:23+00:00","dateModified":"2025-12-01T07:39:25+00:00","mainEntityOfPage":{"@id":"https:\/\/afogadosfm.com.br\/afogadosfm\/2025\/12\/01\/pagamentos-do-bolsa-familia-de-dezembro-sao-antecipados-para-antes-do-natal\/"},"wordCount":318,"commentCount":0,"publisher":{"@id":"https:\/\/afogadosfm.com.br\/afogadosfm\/#organization"},"image":{"@id":"https:\/\/afogadosfm.com.br\/afogadosfm\/2025\/12\/01\/pagamentos-do-bolsa-familia-de-dezembro-sao-antecipados-para-antes-do-natal\/#primaryimage"},"thumbnailUrl":"https:\/\/i0.wp.com\/afogadosfm.com.br\/afogadosfm\/wp-content\/uploads\/2023\/04\/NOVOBOLSAFAMILIA.jpg?fit=1170%2C700&ssl=1","articleSection":["Brasil"],"inLanguage":"pt-BR","potentialAction":[{"@type":"CommentAction","name":"Comment","target":["https:\/\/afogadosfm.com.br\/afogadosfm\/2025\/12\/01\/pagamentos-do-bolsa-familia-de-dezembro-sao-antecipados-para-antes-do-natal\/#respond"]}]},{"@type":"WebPage","@id":"https:\/\/afogadosfm.com.br\/afogadosfm\/2025\/12\/01\/pagamentos-do-bolsa-familia-de-dezembro-sao-antecipados-para-antes-do-natal\/","url":"https:\/\/afogadosfm.com.br\/afogadosfm\/2025\/12\/01\/pagamentos-do-bolsa-familia-de-dezembro-sao-antecipados-para-antes-do-natal\/","name":"Pagamentos do Bolsa Fam\u00edlia de Dezembro s\u00e3o antecipados para antes do Natal - Afogados FM","isPartOf":{"@id":"https:\/\/afogadosfm.com.br\/afogadosfm\/#website"},"primaryImageOfPage":{"@id":"https:\/\/afogadosfm.com.br\/afogadosfm\/2025\/12\/01\/pagamentos-do-bolsa-familia-de-dezembro-sao-antecipados-para-antes-do-natal\/#primaryimage"},"image":{"@id":"https:\/\/afogadosfm.com.br\/afogadosfm\/2025\/12\/01\/pagamentos-do-bolsa-familia-de-dezembro-sao-antecipados-para-antes-do-natal\/#primaryimage"},"thumbnailUrl":"https:\/\/i0.wp.com\/afogadosfm.com.br\/afogadosfm\/wp-content\/uploads\/2023\/04\/NOVOBOLSAFAMILIA.jpg?fit=1170%2C700&ssl=1","datePublished":"2025-12-01T07:39:23+00:00","dateModified":"2025-12-01T07:39:25+00:00","breadcrumb":{"@id":"https:\/\/afogadosfm.com.br\/afogadosfm\/2025\/12\/01\/pagamentos-do-bolsa-familia-de-dezembro-sao-antecipados-para-antes-do-natal\/#breadcrumb"},"inLanguage":"pt-BR","potentialAction":[{"@type":"ReadAction","target":["https:\/\/afogadosfm.com.br\/afogadosfm\/2025\/12\/01\/pagamentos-do-bolsa-familia-de-dezembro-sao-antecipados-para-antes-do-natal\/"]}]},{"@type":"ImageObject","inLanguage":"pt-BR","@id":"https:\/\/afogadosfm.com.br\/afogadosfm\/2025\/12\/01\/pagamentos-do-bolsa-familia-de-dezembro-sao-antecipados-para-antes-do-natal\/#primaryimage","url":"https:\/\/i0.wp.com\/afogadosfm.com.br\/afogadosfm\/wp-content\/uploads\/2023\/04\/NOVOBOLSAFAMILIA.jpg?fit=1170%2C700&ssl=1","contentUrl":"https:\/\/i0.wp.com\/afogadosfm.com.br\/afogadosfm\/wp-content\/uploads\/2023\/04\/NOVOBOLSAFAMILIA.jpg?fit=1170%2C700&ssl=1","width":1170,"height":700,"caption":"Bras\u00edlia (DF), 02-03\/2023 - Presidente Luiz In\u00e1cio Lula da Silva lan\u00e7a o novo programa Bolsa Fam\u00edlia. Foto: Lula Marques\/Ag\u00eancia Brasil"},{"@type":"BreadcrumbList","@id":"https:\/\/afogadosfm.com.br\/afogadosfm\/2025\/12\/01\/pagamentos-do-bolsa-familia-de-dezembro-sao-antecipados-para-antes-do-natal\/#breadcrumb","itemListElement":[{"@type":"ListItem","position":1,"name":"In\u00edcio","item":"https:\/\/afogadosfm.com.br\/afogadosfm\/"},{"@type":"ListItem","position":2,"name":"Pagamentos do Bolsa Fam\u00edlia de Dezembro s\u00e3o antecipados para antes do Natal"}]},{"@type":"WebSite","@id":"https:\/\/afogadosfm.com.br\/afogadosfm\/#website","url":"https:\/\/afogadosfm.com.br\/afogadosfm\/","name":"Afogados FM","description":"Um site completo!","publisher":{"@id":"https:\/\/afogadosfm.com.br\/afogadosfm\/#organization"},"potentialAction":[{"@type":"SearchAction","target":{"@type":"EntryPoint","urlTemplate":"https:\/\/afogadosfm.com.br\/afogadosfm\/?s={search_term_string}"},"query-input":{"@type":"PropertyValueSpecification","valueRequired":true,"valueName":"search_term_string"}}],"inLanguage":"pt-BR"},{"@type":"Organization","@id":"https:\/\/afogadosfm.com.br\/afogadosfm\/#organization","name":"Afogados FM","url":"https:\/\/afogadosfm.com.br\/afogadosfm\/","logo":{"@type":"ImageObject","inLanguage":"pt-BR","@id":"https:\/\/afogadosfm.com.br\/afogadosfm\/#\/schema\/logo\/image\/","url":"https:\/\/i0.wp.com\/afogadosfm.com.br\/afogadosfm\/wp-content\/uploads\/2020\/06\/cropped-banner-afogados-4.jpg?fit=369%2C137&ssl=1","contentUrl":"https:\/\/i0.wp.com\/afogadosfm.com.br\/afogadosfm\/wp-content\/uploads\/2020\/06\/cropped-banner-afogados-4.jpg?fit=369%2C137&ssl=1","width":369,"height":137,"caption":"Afogados FM"},"image":{"@id":"https:\/\/afogadosfm.com.br\/afogadosfm\/#\/schema\/logo\/image\/"}},{"@type":"Person","@id":"https:\/\/afogadosfm.com.br\/afogadosfm\/#\/schema\/person\/60e56f2cf5dc960fc093fe093d9e9057","name":"afogadosfm","image":{"@type":"ImageObject","inLanguage":"pt-BR","@id":"https:\/\/secure.gravatar.com\/avatar\/e0359add7ed5dc3560906d861b52c6a8cf5c1e199d3a7dd85070998f49bd4701?s=96&d=mm&r=g","url":"https:\/\/secure.gravatar.com\/avatar\/e0359add7ed5dc3560906d861b52c6a8cf5c1e199d3a7dd85070998f49bd4701?s=96&d=mm&r=g","contentUrl":"https:\/\/secure.gravatar.com\/avatar\/e0359add7ed5dc3560906d861b52c6a8cf5c1e199d3a7dd85070998f49bd4701?s=96&d=mm&r=g","caption":"afogadosfm"},"url":"https:\/\/afogadosfm.com.br\/afogadosfm\/author\/afogadosfm\/"}]}},"jetpack_publicize_connections":[],"jetpack_featured_media_url":"https:\/\/i0.wp.com\/afogadosfm.com.br\/afogadosfm\/wp-content\/uploads\/2023\/04\/NOVOBOLSAFAMILIA.jpg?fit=1170%2C700&ssl=1","jetpack-related-posts":[],"jetpack_sharing_enabled":true,"jetpack_likes_enabled":true,"_links":{"self":[{"href":"https:\/\/afogadosfm.com.br\/afogadosfm\/wp-json\/wp\/v2\/posts\/70931","targetHints":{"allow":["GET"]}}],"collection":[{"href":"https:\/\/afogadosfm.com.br\/afogadosfm\/wp-json\/wp\/v2\/posts"}],"about":[{"href":"https:\/\/afogadosfm.com.br\/afogadosfm\/wp-json\/wp\/v2\/types\/post"}],"author":[{"embeddable":true,"href":"https:\/\/afogadosfm.com.br\/afogadosfm\/wp-json\/wp\/v2\/users\/2"}],"replies":[{"embeddable":true,"href":"https:\/\/afogadosfm.com.br\/afogadosfm\/wp-json\/wp\/v2\/comments?post=70931"}],"version-history":[{"count":1,"href":"https:\/\/afogadosfm.com.br\/afogadosfm\/wp-json\/wp\/v2\/posts\/70931\/revisions"}],"predecessor-version":[{"id":70932,"href":"https:\/\/afogadosfm.com.br\/afogadosfm\/wp-json\/wp\/v2\/posts\/70931\/revisions\/70932"}],"wp:featuredmedia":[{"embeddable":true,"href":"https:\/\/afogadosfm.com.br\/afogadosfm\/wp-json\/wp\/v2\/media\/47172"}],"wp:attachment":[{"href":"https:\/\/afogadosfm.com.br\/afogadosfm\/wp-json\/wp\/v2\/media?parent=70931"}],"wp:term":[{"taxonomy":"category","embeddable":true,"href":"https:\/\/afogadosfm.com.br\/afogadosfm\/wp-json\/wp\/v2\/categories?post=70931"},{"taxonomy":"post_tag","embeddable":true,"href":"https:\/\/afogadosfm.com.br\/afogadosfm\/wp-json\/wp\/v2\/tags?post=70931"}],"curies":[{"name":"wp","href":"https:\/\/api.w.org\/{rel}","templated":true}]}}