{"id":70935,"date":"2025-12-01T04:46:49","date_gmt":"2025-12-01T07:46:49","guid":{"rendered":"https:\/\/afogadosfm.com.br\/afogadosfm\/?p=70935"},"modified":"2025-12-01T04:46:52","modified_gmt":"2025-12-01T07:46:52","slug":"dor-e-tristeza-conheca-a-historia-de-vaqueirinho-que-se-jogou-na-jaula-da-leoa-em-joao-pessoa-pb","status":"publish","type":"post","link":"https:\/\/afogadosfm.com.br\/afogadosfm\/2025\/12\/01\/dor-e-tristeza-conheca-a-historia-de-vaqueirinho-que-se-jogou-na-jaula-da-leoa-em-joao-pessoa-pb\/","title":{"rendered":"Dor e tristeza: Conhe\u00e7a a hist\u00f3ria de &#8220;Vaqueirinho&#8221; que se jogou na jaula da leoa em Jo\u00e3o Pessoa\/PB"},"content":{"rendered":"\n<p>Ap\u00f3s a morte do jovem conhecido como Vaqueirinho, uma conselheira tutelar que acompanhou sua hist\u00f3ria por oito anos divulgou uma nota emocionante, relembrando momentos marcantes e o sonho constante dele: viajar para a \u00c1frica e cuidar de le\u00f5es.<\/p>\n\n\n\n<p>Em suas palavras, ela descreveu o menino como algu\u00e9m cheio de imagina\u00e7\u00e3o, inquietude e desejo de liberdade:<\/p>\n\n\n\n<p>\u201cGerson, meu menino sem ju\u00edzo\u2026 quantas vezes, na sala do Conselho Tutelar, voc\u00ea dizia a mim que ia pegar um avi\u00e3o para ir a um saf\u00e1ri na \u00c1frica cuidar dos le\u00f5es. Voc\u00ea ainda tentou\u2026 mas eu agradeci a Deus quando fui avisada pelo aeroporto que voc\u00ea tinha cortado a cerca e entrado no trem de pouso de um avi\u00e3o da Gol. Dei gra\u00e7as a Deus porque observaram pelas c\u00e2meras que havia um adolescente ali antes que uma desgra\u00e7a acontecesse.\u201d<\/p>\n\n\n\n<p>A conselheira contou que acompanhou o jovem desde os 10 anos, quando ele chegou ao Conselho Tutelar entregue pela Pol\u00edcia Rodovi\u00e1ria Federal ap\u00f3s ser encontrado sozinho na BR.<\/p>\n\n\n\n<p>\u201cForam oito anos acompanhando, lutando, brigando para garantir seus direitos. Quando voc\u00ea entrou na minha sala pela primeira vez, tinha apenas 10 anos. Eu e a conselheira Patr\u00edcia Falc\u00e3o recebemos voc\u00ea das m\u00e3os da PRF. Desde ent\u00e3o, toda a Rede de Prote\u00e7\u00e3o passou a me procurar quando qualquer coisa acontecia com voc\u00ea.\u201d<\/p>\n\n\n\n<p>Ela destacou que nunca conseguiu v\u00ea-lo da forma como as redes sociais o retratavam, mas sim como a crian\u00e7a que carregava uma hist\u00f3ria marcada por abandono, falta de acolhimento e tentativas frustradas de encontrar um lugar no mundo:<\/p>\n\n\n\n<p>\u201cEu conheci a crian\u00e7a que foi destitu\u00edda do poder familiar da m\u00e3e, que n\u00e3o tinha condi\u00e7\u00f5es de cuidar por ser esquizofr\u00eanica. A av\u00f3 tamb\u00e9m tinha problemas mentais. Ele foi impedido de ser adotado como os outros quatro irm\u00e3os. E quando perguntei o porqu\u00ea, a respons\u00e1vel pela institui\u00e7\u00e3o de acolhimento justificou: \u2018Quem iria adotar algu\u00e9m como ele?\u2019\u201d<\/p>\n\n\n\n<p>Segundo ela, tudo que o jovem queria era simples e imposs\u00edvel ao mesmo tempo: voltar a ser filho de sua m\u00e3e.<\/p>\n\n\n\n<p>Do Nill Junior<\/p>\n","protected":false},"excerpt":{"rendered":"<p>Ap\u00f3s a morte do jovem conhecido como Vaqueirinho, uma conselheira tutelar que acompanhou sua hist\u00f3ria por oito anos divulgou uma<\/p>\n","protected":false},"author":2,"featured_media":70936,"comment_status":"open","ping_status":"open","sticky":false,"template":"","format":"standard","meta":{"jetpack_post_was_ever_published":false,"_jetpack_newsletter_access":"","_jetpack_dont_email_post_to_subs":false,"_jetpack_newsletter_tier_id":0,"_jetpack_memberships_contains_paywalled_content":false,"_jetpack_memberships_contains_paid_content":false,"footnotes":"","jetpack_publicize_message":"","jetpack_publicize_feature_enabled":true,"jetpack_social_post_already_shared":true,"jetpack_social_options":{"image_generator_settings":{"template":"highway","default_image_id":0,"font":"","enabled":false},"version":2}},"categories":[31],"tags":[],"class_list":["post-70935","post","type-post","status-publish","format-standard","has-post-thumbnail","hentry","category-nordeste"],"yoast_head":"<!-- This site is optimized with the Yoast SEO plugin v27.4 - https:\/\/yoast.com\/product\/yoast-seo-wordpress\/ -->\n<title>Dor e tristeza: Conhe\u00e7a a hist\u00f3ria de &quot;Vaqueirinho&quot; que se jogou na jaula da leoa em Jo\u00e3o Pessoa\/PB - Afogados FM<\/title>\n<meta name=\"robots\" content=\"index, follow, max-snippet:-1, max-image-preview:large, max-video-preview:-1\" \/>\n<link rel=\"canonical\" href=\"https:\/\/afogadosfm.com.br\/afogadosfm\/2025\/12\/01\/dor-e-tristeza-conheca-a-historia-de-vaqueirinho-que-se-jogou-na-jaula-da-leoa-em-joao-pessoa-pb\/\" \/>\n<meta property=\"og:locale\" content=\"pt_BR\" \/>\n<meta property=\"og:type\" content=\"article\" \/>\n<meta property=\"og:title\" content=\"Dor e tristeza: Conhe\u00e7a a hist\u00f3ria de &quot;Vaqueirinho&quot; que se jogou na jaula da leoa em Jo\u00e3o Pessoa\/PB - Afogados FM\" \/>\n<meta property=\"og:description\" content=\"Ap\u00f3s a morte do jovem conhecido como Vaqueirinho, uma conselheira tutelar que acompanhou sua hist\u00f3ria por oito anos divulgou uma\" \/>\n<meta property=\"og:url\" content=\"https:\/\/afogadosfm.com.br\/afogadosfm\/2025\/12\/01\/dor-e-tristeza-conheca-a-historia-de-vaqueirinho-que-se-jogou-na-jaula-da-leoa-em-joao-pessoa-pb\/\" \/>\n<meta property=\"og:site_name\" content=\"Afogados FM\" \/>\n<meta property=\"article:published_time\" content=\"2025-12-01T07:46:49+00:00\" \/>\n<meta property=\"article:modified_time\" content=\"2025-12-01T07:46:52+00:00\" \/>\n<meta property=\"og:image\" content=\"https:\/\/afogadosfm.com.br\/afogadosfm\/wp-content\/uploads\/2025\/12\/leoajampa.jpg\" \/>\n\t<meta property=\"og:image:width\" content=\"1200\" \/>\n\t<meta property=\"og:image:height\" content=\"700\" \/>\n\t<meta property=\"og:image:type\" content=\"image\/jpeg\" \/>\n<meta name=\"author\" content=\"afogadosfm\" \/>\n<meta name=\"twitter:card\" content=\"summary_large_image\" \/>\n<meta name=\"twitter:label1\" content=\"Escrito por\" \/>\n\t<meta name=\"twitter:data1\" content=\"afogadosfm\" \/>\n\t<meta name=\"twitter:label2\" content=\"Est. tempo de leitura\" \/>\n\t<meta name=\"twitter:data2\" content=\"3 minutos\" \/>\n<script type=\"application\/ld+json\" class=\"yoast-schema-graph\">{\"@context\":\"https:\\\/\\\/schema.org\",\"@graph\":[{\"@type\":\"Article\",\"@id\":\"https:\\\/\\\/afogadosfm.com.br\\\/afogadosfm\\\/2025\\\/12\\\/01\\\/dor-e-tristeza-conheca-a-historia-de-vaqueirinho-que-se-jogou-na-jaula-da-leoa-em-joao-pessoa-pb\\\/#article\",\"isPartOf\":{\"@id\":\"https:\\\/\\\/afogadosfm.com.br\\\/afogadosfm\\\/2025\\\/12\\\/01\\\/dor-e-tristeza-conheca-a-historia-de-vaqueirinho-que-se-jogou-na-jaula-da-leoa-em-joao-pessoa-pb\\\/\"},\"author\":{\"name\":\"afogadosfm\",\"@id\":\"https:\\\/\\\/afogadosfm.com.br\\\/afogadosfm\\\/#\\\/schema\\\/person\\\/60e56f2cf5dc960fc093fe093d9e9057\"},\"headline\":\"Dor e tristeza: Conhe\u00e7a a hist\u00f3ria de &#8220;Vaqueirinho&#8221; que se jogou na jaula da leoa em Jo\u00e3o Pessoa\\\/PB\",\"datePublished\":\"2025-12-01T07:46:49+00:00\",\"dateModified\":\"2025-12-01T07:46:52+00:00\",\"mainEntityOfPage\":{\"@id\":\"https:\\\/\\\/afogadosfm.com.br\\\/afogadosfm\\\/2025\\\/12\\\/01\\\/dor-e-tristeza-conheca-a-historia-de-vaqueirinho-que-se-jogou-na-jaula-da-leoa-em-joao-pessoa-pb\\\/\"},\"wordCount\":389,\"commentCount\":0,\"publisher\":{\"@id\":\"https:\\\/\\\/afogadosfm.com.br\\\/afogadosfm\\\/#organization\"},\"image\":{\"@id\":\"https:\\\/\\\/afogadosfm.com.br\\\/afogadosfm\\\/2025\\\/12\\\/01\\\/dor-e-tristeza-conheca-a-historia-de-vaqueirinho-que-se-jogou-na-jaula-da-leoa-em-joao-pessoa-pb\\\/#primaryimage\"},\"thumbnailUrl\":\"https:\\\/\\\/i0.wp.com\\\/afogadosfm.com.br\\\/afogadosfm\\\/wp-content\\\/uploads\\\/2025\\\/12\\\/leoajampa.jpg?fit=1200%2C700&ssl=1\",\"articleSection\":[\"Nordeste\"],\"inLanguage\":\"pt-BR\",\"potentialAction\":[{\"@type\":\"CommentAction\",\"name\":\"Comment\",\"target\":[\"https:\\\/\\\/afogadosfm.com.br\\\/afogadosfm\\\/2025\\\/12\\\/01\\\/dor-e-tristeza-conheca-a-historia-de-vaqueirinho-que-se-jogou-na-jaula-da-leoa-em-joao-pessoa-pb\\\/#respond\"]}]},{\"@type\":\"WebPage\",\"@id\":\"https:\\\/\\\/afogadosfm.com.br\\\/afogadosfm\\\/2025\\\/12\\\/01\\\/dor-e-tristeza-conheca-a-historia-de-vaqueirinho-que-se-jogou-na-jaula-da-leoa-em-joao-pessoa-pb\\\/\",\"url\":\"https:\\\/\\\/afogadosfm.com.br\\\/afogadosfm\\\/2025\\\/12\\\/01\\\/dor-e-tristeza-conheca-a-historia-de-vaqueirinho-que-se-jogou-na-jaula-da-leoa-em-joao-pessoa-pb\\\/\",\"name\":\"Dor e tristeza: Conhe\u00e7a a hist\u00f3ria de \\\"Vaqueirinho\\\" que se jogou na jaula da leoa em Jo\u00e3o Pessoa\\\/PB - Afogados FM\",\"isPartOf\":{\"@id\":\"https:\\\/\\\/afogadosfm.com.br\\\/afogadosfm\\\/#website\"},\"primaryImageOfPage\":{\"@id\":\"https:\\\/\\\/afogadosfm.com.br\\\/afogadosfm\\\/2025\\\/12\\\/01\\\/dor-e-tristeza-conheca-a-historia-de-vaqueirinho-que-se-jogou-na-jaula-da-leoa-em-joao-pessoa-pb\\\/#primaryimage\"},\"image\":{\"@id\":\"https:\\\/\\\/afogadosfm.com.br\\\/afogadosfm\\\/2025\\\/12\\\/01\\\/dor-e-tristeza-conheca-a-historia-de-vaqueirinho-que-se-jogou-na-jaula-da-leoa-em-joao-pessoa-pb\\\/#primaryimage\"},\"thumbnailUrl\":\"https:\\\/\\\/i0.wp.com\\\/afogadosfm.com.br\\\/afogadosfm\\\/wp-content\\\/uploads\\\/2025\\\/12\\\/leoajampa.jpg?fit=1200%2C700&ssl=1\",\"datePublished\":\"2025-12-01T07:46:49+00:00\",\"dateModified\":\"2025-12-01T07:46:52+00:00\",\"breadcrumb\":{\"@id\":\"https:\\\/\\\/afogadosfm.com.br\\\/afogadosfm\\\/2025\\\/12\\\/01\\\/dor-e-tristeza-conheca-a-historia-de-vaqueirinho-que-se-jogou-na-jaula-da-leoa-em-joao-pessoa-pb\\\/#breadcrumb\"},\"inLanguage\":\"pt-BR\",\"potentialAction\":[{\"@type\":\"ReadAction\",\"target\":[\"https:\\\/\\\/afogadosfm.com.br\\\/afogadosfm\\\/2025\\\/12\\\/01\\\/dor-e-tristeza-conheca-a-historia-de-vaqueirinho-que-se-jogou-na-jaula-da-leoa-em-joao-pessoa-pb\\\/\"]}]},{\"@type\":\"ImageObject\",\"inLanguage\":\"pt-BR\",\"@id\":\"https:\\\/\\\/afogadosfm.com.br\\\/afogadosfm\\\/2025\\\/12\\\/01\\\/dor-e-tristeza-conheca-a-historia-de-vaqueirinho-que-se-jogou-na-jaula-da-leoa-em-joao-pessoa-pb\\\/#primaryimage\",\"url\":\"https:\\\/\\\/i0.wp.com\\\/afogadosfm.com.br\\\/afogadosfm\\\/wp-content\\\/uploads\\\/2025\\\/12\\\/leoajampa.jpg?fit=1200%2C700&ssl=1\",\"contentUrl\":\"https:\\\/\\\/i0.wp.com\\\/afogadosfm.com.br\\\/afogadosfm\\\/wp-content\\\/uploads\\\/2025\\\/12\\\/leoajampa.jpg?fit=1200%2C700&ssl=1\",\"width\":1200,\"height\":700},{\"@type\":\"BreadcrumbList\",\"@id\":\"https:\\\/\\\/afogadosfm.com.br\\\/afogadosfm\\\/2025\\\/12\\\/01\\\/dor-e-tristeza-conheca-a-historia-de-vaqueirinho-que-se-jogou-na-jaula-da-leoa-em-joao-pessoa-pb\\\/#breadcrumb\",\"itemListElement\":[{\"@type\":\"ListItem\",\"position\":1,\"name\":\"In\u00edcio\",\"item\":\"https:\\\/\\\/afogadosfm.com.br\\\/afogadosfm\\\/\"},{\"@type\":\"ListItem\",\"position\":2,\"name\":\"Dor e tristeza: Conhe\u00e7a a hist\u00f3ria de &#8220;Vaqueirinho&#8221; que se jogou na jaula da leoa em Jo\u00e3o Pessoa\\\/PB\"}]},{\"@type\":\"WebSite\",\"@id\":\"https:\\\/\\\/afogadosfm.com.br\\\/afogadosfm\\\/#website\",\"url\":\"https:\\\/\\\/afogadosfm.com.br\\\/afogadosfm\\\/\",\"name\":\"Afogados FM\",\"description\":\"Um site completo!\",\"publisher\":{\"@id\":\"https:\\\/\\\/afogadosfm.com.br\\\/afogadosfm\\\/#organization\"},\"potentialAction\":[{\"@type\":\"SearchAction\",\"target\":{\"@type\":\"EntryPoint\",\"urlTemplate\":\"https:\\\/\\\/afogadosfm.com.br\\\/afogadosfm\\\/?s={search_term_string}\"},\"query-input\":{\"@type\":\"PropertyValueSpecification\",\"valueRequired\":true,\"valueName\":\"search_term_string\"}}],\"inLanguage\":\"pt-BR\"},{\"@type\":\"Organization\",\"@id\":\"https:\\\/\\\/afogadosfm.com.br\\\/afogadosfm\\\/#organization\",\"name\":\"Afogados FM\",\"url\":\"https:\\\/\\\/afogadosfm.com.br\\\/afogadosfm\\\/\",\"logo\":{\"@type\":\"ImageObject\",\"inLanguage\":\"pt-BR\",\"@id\":\"https:\\\/\\\/afogadosfm.com.br\\\/afogadosfm\\\/#\\\/schema\\\/logo\\\/image\\\/\",\"url\":\"https:\\\/\\\/i0.wp.com\\\/afogadosfm.com.br\\\/afogadosfm\\\/wp-content\\\/uploads\\\/2020\\\/06\\\/cropped-banner-afogados-4.jpg?fit=369%2C137&ssl=1\",\"contentUrl\":\"https:\\\/\\\/i0.wp.com\\\/afogadosfm.com.br\\\/afogadosfm\\\/wp-content\\\/uploads\\\/2020\\\/06\\\/cropped-banner-afogados-4.jpg?fit=369%2C137&ssl=1\",\"width\":369,\"height\":137,\"caption\":\"Afogados FM\"},\"image\":{\"@id\":\"https:\\\/\\\/afogadosfm.com.br\\\/afogadosfm\\\/#\\\/schema\\\/logo\\\/image\\\/\"}},{\"@type\":\"Person\",\"@id\":\"https:\\\/\\\/afogadosfm.com.br\\\/afogadosfm\\\/#\\\/schema\\\/person\\\/60e56f2cf5dc960fc093fe093d9e9057\",\"name\":\"afogadosfm\",\"image\":{\"@type\":\"ImageObject\",\"inLanguage\":\"pt-BR\",\"@id\":\"https:\\\/\\\/secure.gravatar.com\\\/avatar\\\/e0359add7ed5dc3560906d861b52c6a8cf5c1e199d3a7dd85070998f49bd4701?s=96&d=mm&r=g\",\"url\":\"https:\\\/\\\/secure.gravatar.com\\\/avatar\\\/e0359add7ed5dc3560906d861b52c6a8cf5c1e199d3a7dd85070998f49bd4701?s=96&d=mm&r=g\",\"contentUrl\":\"https:\\\/\\\/secure.gravatar.com\\\/avatar\\\/e0359add7ed5dc3560906d861b52c6a8cf5c1e199d3a7dd85070998f49bd4701?s=96&d=mm&r=g\",\"caption\":\"afogadosfm\"},\"url\":\"https:\\\/\\\/afogadosfm.com.br\\\/afogadosfm\\\/author\\\/afogadosfm\\\/\"}]}<\/script>\n<!-- \/ Yoast SEO plugin. -->","yoast_head_json":{"title":"Dor e tristeza: Conhe\u00e7a a hist\u00f3ria de \"Vaqueirinho\" que se jogou na jaula da leoa em Jo\u00e3o Pessoa\/PB - Afogados FM","robots":{"index":"index","follow":"follow","max-snippet":"max-snippet:-1","max-image-preview":"max-image-preview:large","max-video-preview":"max-video-preview:-1"},"canonical":"https:\/\/afogadosfm.com.br\/afogadosfm\/2025\/12\/01\/dor-e-tristeza-conheca-a-historia-de-vaqueirinho-que-se-jogou-na-jaula-da-leoa-em-joao-pessoa-pb\/","og_locale":"pt_BR","og_type":"article","og_title":"Dor e tristeza: Conhe\u00e7a a hist\u00f3ria de \"Vaqueirinho\" que se jogou na jaula da leoa em Jo\u00e3o Pessoa\/PB - Afogados FM","og_description":"Ap\u00f3s a morte do jovem conhecido como Vaqueirinho, uma conselheira tutelar que acompanhou sua hist\u00f3ria por oito anos divulgou uma","og_url":"https:\/\/afogadosfm.com.br\/afogadosfm\/2025\/12\/01\/dor-e-tristeza-conheca-a-historia-de-vaqueirinho-que-se-jogou-na-jaula-da-leoa-em-joao-pessoa-pb\/","og_site_name":"Afogados FM","article_published_time":"2025-12-01T07:46:49+00:00","article_modified_time":"2025-12-01T07:46:52+00:00","og_image":[{"width":1200,"height":700,"url":"https:\/\/afogadosfm.com.br\/afogadosfm\/wp-content\/uploads\/2025\/12\/leoajampa.jpg","type":"image\/jpeg"}],"author":"afogadosfm","twitter_card":"summary_large_image","twitter_misc":{"Escrito por":"afogadosfm","Est. tempo de leitura":"3 minutos"},"schema":{"@context":"https:\/\/schema.org","@graph":[{"@type":"Article","@id":"https:\/\/afogadosfm.com.br\/afogadosfm\/2025\/12\/01\/dor-e-tristeza-conheca-a-historia-de-vaqueirinho-que-se-jogou-na-jaula-da-leoa-em-joao-pessoa-pb\/#article","isPartOf":{"@id":"https:\/\/afogadosfm.com.br\/afogadosfm\/2025\/12\/01\/dor-e-tristeza-conheca-a-historia-de-vaqueirinho-que-se-jogou-na-jaula-da-leoa-em-joao-pessoa-pb\/"},"author":{"name":"afogadosfm","@id":"https:\/\/afogadosfm.com.br\/afogadosfm\/#\/schema\/person\/60e56f2cf5dc960fc093fe093d9e9057"},"headline":"Dor e tristeza: Conhe\u00e7a a hist\u00f3ria de &#8220;Vaqueirinho&#8221; que se jogou na jaula da leoa em Jo\u00e3o Pessoa\/PB","datePublished":"2025-12-01T07:46:49+00:00","dateModified":"2025-12-01T07:46:52+00:00","mainEntityOfPage":{"@id":"https:\/\/afogadosfm.com.br\/afogadosfm\/2025\/12\/01\/dor-e-tristeza-conheca-a-historia-de-vaqueirinho-que-se-jogou-na-jaula-da-leoa-em-joao-pessoa-pb\/"},"wordCount":389,"commentCount":0,"publisher":{"@id":"https:\/\/afogadosfm.com.br\/afogadosfm\/#organization"},"image":{"@id":"https:\/\/afogadosfm.com.br\/afogadosfm\/2025\/12\/01\/dor-e-tristeza-conheca-a-historia-de-vaqueirinho-que-se-jogou-na-jaula-da-leoa-em-joao-pessoa-pb\/#primaryimage"},"thumbnailUrl":"https:\/\/i0.wp.com\/afogadosfm.com.br\/afogadosfm\/wp-content\/uploads\/2025\/12\/leoajampa.jpg?fit=1200%2C700&ssl=1","articleSection":["Nordeste"],"inLanguage":"pt-BR","potentialAction":[{"@type":"CommentAction","name":"Comment","target":["https:\/\/afogadosfm.com.br\/afogadosfm\/2025\/12\/01\/dor-e-tristeza-conheca-a-historia-de-vaqueirinho-que-se-jogou-na-jaula-da-leoa-em-joao-pessoa-pb\/#respond"]}]},{"@type":"WebPage","@id":"https:\/\/afogadosfm.com.br\/afogadosfm\/2025\/12\/01\/dor-e-tristeza-conheca-a-historia-de-vaqueirinho-que-se-jogou-na-jaula-da-leoa-em-joao-pessoa-pb\/","url":"https:\/\/afogadosfm.com.br\/afogadosfm\/2025\/12\/01\/dor-e-tristeza-conheca-a-historia-de-vaqueirinho-que-se-jogou-na-jaula-da-leoa-em-joao-pessoa-pb\/","name":"Dor e tristeza: Conhe\u00e7a a hist\u00f3ria de \"Vaqueirinho\" que se jogou na jaula da leoa em Jo\u00e3o Pessoa\/PB - Afogados FM","isPartOf":{"@id":"https:\/\/afogadosfm.com.br\/afogadosfm\/#website"},"primaryImageOfPage":{"@id":"https:\/\/afogadosfm.com.br\/afogadosfm\/2025\/12\/01\/dor-e-tristeza-conheca-a-historia-de-vaqueirinho-que-se-jogou-na-jaula-da-leoa-em-joao-pessoa-pb\/#primaryimage"},"image":{"@id":"https:\/\/afogadosfm.com.br\/afogadosfm\/2025\/12\/01\/dor-e-tristeza-conheca-a-historia-de-vaqueirinho-que-se-jogou-na-jaula-da-leoa-em-joao-pessoa-pb\/#primaryimage"},"thumbnailUrl":"https:\/\/i0.wp.com\/afogadosfm.com.br\/afogadosfm\/wp-content\/uploads\/2025\/12\/leoajampa.jpg?fit=1200%2C700&ssl=1","datePublished":"2025-12-01T07:46:49+00:00","dateModified":"2025-12-01T07:46:52+00:00","breadcrumb":{"@id":"https:\/\/afogadosfm.com.br\/afogadosfm\/2025\/12\/01\/dor-e-tristeza-conheca-a-historia-de-vaqueirinho-que-se-jogou-na-jaula-da-leoa-em-joao-pessoa-pb\/#breadcrumb"},"inLanguage":"pt-BR","potentialAction":[{"@type":"ReadAction","target":["https:\/\/afogadosfm.com.br\/afogadosfm\/2025\/12\/01\/dor-e-tristeza-conheca-a-historia-de-vaqueirinho-que-se-jogou-na-jaula-da-leoa-em-joao-pessoa-pb\/"]}]},{"@type":"ImageObject","inLanguage":"pt-BR","@id":"https:\/\/afogadosfm.com.br\/afogadosfm\/2025\/12\/01\/dor-e-tristeza-conheca-a-historia-de-vaqueirinho-que-se-jogou-na-jaula-da-leoa-em-joao-pessoa-pb\/#primaryimage","url":"https:\/\/i0.wp.com\/afogadosfm.com.br\/afogadosfm\/wp-content\/uploads\/2025\/12\/leoajampa.jpg?fit=1200%2C700&ssl=1","contentUrl":"https:\/\/i0.wp.com\/afogadosfm.com.br\/afogadosfm\/wp-content\/uploads\/2025\/12\/leoajampa.jpg?fit=1200%2C700&ssl=1","width":1200,"height":700},{"@type":"BreadcrumbList","@id":"https:\/\/afogadosfm.com.br\/afogadosfm\/2025\/12\/01\/dor-e-tristeza-conheca-a-historia-de-vaqueirinho-que-se-jogou-na-jaula-da-leoa-em-joao-pessoa-pb\/#breadcrumb","itemListElement":[{"@type":"ListItem","position":1,"name":"In\u00edcio","item":"https:\/\/afogadosfm.com.br\/afogadosfm\/"},{"@type":"ListItem","position":2,"name":"Dor e tristeza: Conhe\u00e7a a hist\u00f3ria de &#8220;Vaqueirinho&#8221; que se jogou na jaula da leoa em Jo\u00e3o Pessoa\/PB"}]},{"@type":"WebSite","@id":"https:\/\/afogadosfm.com.br\/afogadosfm\/#website","url":"https:\/\/afogadosfm.com.br\/afogadosfm\/","name":"Afogados FM","description":"Um site completo!","publisher":{"@id":"https:\/\/afogadosfm.com.br\/afogadosfm\/#organization"},"potentialAction":[{"@type":"SearchAction","target":{"@type":"EntryPoint","urlTemplate":"https:\/\/afogadosfm.com.br\/afogadosfm\/?s={search_term_string}"},"query-input":{"@type":"PropertyValueSpecification","valueRequired":true,"valueName":"search_term_string"}}],"inLanguage":"pt-BR"},{"@type":"Organization","@id":"https:\/\/afogadosfm.com.br\/afogadosfm\/#organization","name":"Afogados FM","url":"https:\/\/afogadosfm.com.br\/afogadosfm\/","logo":{"@type":"ImageObject","inLanguage":"pt-BR","@id":"https:\/\/afogadosfm.com.br\/afogadosfm\/#\/schema\/logo\/image\/","url":"https:\/\/i0.wp.com\/afogadosfm.com.br\/afogadosfm\/wp-content\/uploads\/2020\/06\/cropped-banner-afogados-4.jpg?fit=369%2C137&ssl=1","contentUrl":"https:\/\/i0.wp.com\/afogadosfm.com.br\/afogadosfm\/wp-content\/uploads\/2020\/06\/cropped-banner-afogados-4.jpg?fit=369%2C137&ssl=1","width":369,"height":137,"caption":"Afogados FM"},"image":{"@id":"https:\/\/afogadosfm.com.br\/afogadosfm\/#\/schema\/logo\/image\/"}},{"@type":"Person","@id":"https:\/\/afogadosfm.com.br\/afogadosfm\/#\/schema\/person\/60e56f2cf5dc960fc093fe093d9e9057","name":"afogadosfm","image":{"@type":"ImageObject","inLanguage":"pt-BR","@id":"https:\/\/secure.gravatar.com\/avatar\/e0359add7ed5dc3560906d861b52c6a8cf5c1e199d3a7dd85070998f49bd4701?s=96&d=mm&r=g","url":"https:\/\/secure.gravatar.com\/avatar\/e0359add7ed5dc3560906d861b52c6a8cf5c1e199d3a7dd85070998f49bd4701?s=96&d=mm&r=g","contentUrl":"https:\/\/secure.gravatar.com\/avatar\/e0359add7ed5dc3560906d861b52c6a8cf5c1e199d3a7dd85070998f49bd4701?s=96&d=mm&r=g","caption":"afogadosfm"},"url":"https:\/\/afogadosfm.com.br\/afogadosfm\/author\/afogadosfm\/"}]}},"jetpack_publicize_connections":[],"jetpack_featured_media_url":"https:\/\/i0.wp.com\/afogadosfm.com.br\/afogadosfm\/wp-content\/uploads\/2025\/12\/leoajampa.jpg?fit=1200%2C700&ssl=1","jetpack-related-posts":[],"jetpack_sharing_enabled":true,"jetpack_likes_enabled":true,"_links":{"self":[{"href":"https:\/\/afogadosfm.com.br\/afogadosfm\/wp-json\/wp\/v2\/posts\/70935","targetHints":{"allow":["GET"]}}],"collection":[{"href":"https:\/\/afogadosfm.com.br\/afogadosfm\/wp-json\/wp\/v2\/posts"}],"about":[{"href":"https:\/\/afogadosfm.com.br\/afogadosfm\/wp-json\/wp\/v2\/types\/post"}],"author":[{"embeddable":true,"href":"https:\/\/afogadosfm.com.br\/afogadosfm\/wp-json\/wp\/v2\/users\/2"}],"replies":[{"embeddable":true,"href":"https:\/\/afogadosfm.com.br\/afogadosfm\/wp-json\/wp\/v2\/comments?post=70935"}],"version-history":[{"count":1,"href":"https:\/\/afogadosfm.com.br\/afogadosfm\/wp-json\/wp\/v2\/posts\/70935\/revisions"}],"predecessor-version":[{"id":70937,"href":"https:\/\/afogadosfm.com.br\/afogadosfm\/wp-json\/wp\/v2\/posts\/70935\/revisions\/70937"}],"wp:featuredmedia":[{"embeddable":true,"href":"https:\/\/afogadosfm.com.br\/afogadosfm\/wp-json\/wp\/v2\/media\/70936"}],"wp:attachment":[{"href":"https:\/\/afogadosfm.com.br\/afogadosfm\/wp-json\/wp\/v2\/media?parent=70935"}],"wp:term":[{"taxonomy":"category","embeddable":true,"href":"https:\/\/afogadosfm.com.br\/afogadosfm\/wp-json\/wp\/v2\/categories?post=70935"},{"taxonomy":"post_tag","embeddable":true,"href":"https:\/\/afogadosfm.com.br\/afogadosfm\/wp-json\/wp\/v2\/tags?post=70935"}],"curies":[{"name":"wp","href":"https:\/\/api.w.org\/{rel}","templated":true}]}}