{"id":70940,"date":"2025-12-01T06:45:28","date_gmt":"2025-12-01T09:45:28","guid":{"rendered":"https:\/\/afogadosfm.com.br\/afogadosfm\/?p=70940"},"modified":"2025-12-01T06:51:56","modified_gmt":"2025-12-01T09:51:56","slug":"policia-prende-suspeitos-de-participacao-na-morte-do-cabeleireiro-achado-amordacado-em-pinheiros-sp","status":"publish","type":"post","link":"https:\/\/afogadosfm.com.br\/afogadosfm\/2025\/12\/01\/policia-prende-suspeitos-de-participacao-na-morte-do-cabeleireiro-achado-amordacado-em-pinheiros-sp\/","title":{"rendered":"Pol\u00edcia prende suspeitos de participa\u00e7\u00e3o na morte do cabeleireiro achado amorda\u00e7ado em Pinheiros\/SP"},"content":{"rendered":"\n<p>A Pol\u00edcia Civil da Para\u00edba prendeu na noite deste domingo (30) os dois suspeitos de participarem da morte do cabeleireiro Betto Silveira, encontrado amarrado e amorda\u00e7ado dentro de sua casa em Alto de Pinheiros, Zona Oeste de S\u00e3o Paulo, no s\u00e1bado (22).<\/p>\n\n\n\n<p>Aercio Leonardo e Claudeni Barreto foram presos na cidade de Tavares, no interior do estado, cidade que fica a cerca de 400km de Jo\u00e3o Pessoa. A pris\u00e3o aconteceu em coopera\u00e7\u00e3o com a Pol\u00edcia de S\u00e3o Paulo e com o Departamento de Homic\u00eddios e de Prote\u00e7\u00e3o \u00e0 Pessoa (DHPP), que pediu a pris\u00e3o da dupla.<\/p>\n\n\n\n<figure class=\"wp-block-image size-large\"><img data-recalc-dims=\"1\" loading=\"lazy\" decoding=\"async\" width=\"840\" height=\"395\" src=\"https:\/\/i0.wp.com\/afogadosfm.com.br\/afogadosfm\/wp-content\/uploads\/2025\/12\/bandidossp-1.jpg?resize=840%2C395&#038;ssl=1\" alt=\"\" class=\"wp-image-70943\" srcset=\"https:\/\/i0.wp.com\/afogadosfm.com.br\/afogadosfm\/wp-content\/uploads\/2025\/12\/bandidossp-1.jpg?resize=1024%2C481&amp;ssl=1 1024w, https:\/\/i0.wp.com\/afogadosfm.com.br\/afogadosfm\/wp-content\/uploads\/2025\/12\/bandidossp-1.jpg?resize=300%2C141&amp;ssl=1 300w, https:\/\/i0.wp.com\/afogadosfm.com.br\/afogadosfm\/wp-content\/uploads\/2025\/12\/bandidossp-1.jpg?resize=768%2C361&amp;ssl=1 768w, https:\/\/i0.wp.com\/afogadosfm.com.br\/afogadosfm\/wp-content\/uploads\/2025\/12\/bandidossp-1.jpg?w=1280&amp;ssl=1 1280w\" sizes=\"auto, (max-width: 840px) 100vw, 840px\" \/><\/figure>\n\n\n\n<p>O delegado Gabriel Brienza, do DHPP, disse que o esclarecimento do crime foi poss\u00edvel ap\u00f3s incans\u00e1vel trabalho dos investigadores da equipe BSul e da 1\u00aa Delegacia de Repress\u00e3o a Homic\u00eddios.<\/p>\n\n\n\n<p>&#8220;Com a identifica\u00e7\u00e3o, foi poss\u00edvel representar pela pris\u00e3o tempor\u00e1ria dos suspeitos e decretada judicialmente. Isso demonstra a import\u00e2ncia da coopera\u00e7\u00e3o dos \u00f3rg\u00e3os de persecu\u00e7\u00e3o penal para a solu\u00e7\u00e3o de crimes&#8221;, destacou.<\/p>\n\n\n\n<p>A pris\u00e3o preventiva dos suspeitos foi decreta pela Justi\u00e7a de S\u00e3o Paulo na quinta-feira (27). Os homens foram identificados ap\u00f3s an\u00e1lise das c\u00e2meras de seguran\u00e7a da rua que flagraram os dois saindo da casa de Betto Silveira.<\/p>\n\n\n\n<p>Na noite de quarta (26), a Pol\u00edcia Militar chegou a deter um outro suposto suspeito do crime, mas ele foi liberado ap\u00f3s prestar depoimento.<\/p>\n\n\n\n<p>O caso<\/p>\n\n\n\n<p>O cabeleireiro Jos\u00e9 Roberto Silveira tinha 59 anos e foi encontrado morto na tarde do mesmo dia. Segundo a pol\u00edcia, ele estava no quarto dele, com a boca amorda\u00e7ada por uma toalha de rosto e m\u00e3os e p\u00e9s amarrados com um fio de telefone. Havia hematomas noseus bra\u00e7os, ombro e nari<\/p>\n","protected":false},"excerpt":{"rendered":"<p>A Pol\u00edcia Civil da Para\u00edba prendeu na noite deste domingo (30) os dois suspeitos de participarem da morte do cabeleireiro<\/p>\n","protected":false},"author":2,"featured_media":35855,"comment_status":"open","ping_status":"open","sticky":false,"template":"","format":"standard","meta":{"jetpack_post_was_ever_published":false,"_jetpack_newsletter_access":"","_jetpack_dont_email_post_to_subs":false,"_jetpack_newsletter_tier_id":0,"_jetpack_memberships_contains_paywalled_content":false,"_jetpack_memberships_contains_paid_content":false,"footnotes":"","jetpack_publicize_message":"","jetpack_publicize_feature_enabled":true,"jetpack_social_post_already_shared":true,"jetpack_social_options":{"image_generator_settings":{"template":"highway","default_image_id":0,"font":"","enabled":false},"version":2}},"categories":[34],"tags":[],"class_list":["post-70940","post","type-post","status-publish","format-standard","has-post-thumbnail","hentry","category-policia"],"yoast_head":"<!-- This site is optimized with the Yoast SEO plugin v27.4 - https:\/\/yoast.com\/product\/yoast-seo-wordpress\/ -->\n<title>Pol\u00edcia prende suspeitos de participa\u00e7\u00e3o na morte do cabeleireiro achado amorda\u00e7ado em Pinheiros\/SP - Afogados FM<\/title>\n<meta name=\"robots\" content=\"index, follow, max-snippet:-1, max-image-preview:large, max-video-preview:-1\" \/>\n<link rel=\"canonical\" href=\"https:\/\/afogadosfm.com.br\/afogadosfm\/2025\/12\/01\/policia-prende-suspeitos-de-participacao-na-morte-do-cabeleireiro-achado-amordacado-em-pinheiros-sp\/\" \/>\n<meta property=\"og:locale\" content=\"pt_BR\" \/>\n<meta property=\"og:type\" content=\"article\" \/>\n<meta property=\"og:title\" content=\"Pol\u00edcia prende suspeitos de participa\u00e7\u00e3o na morte do cabeleireiro achado amorda\u00e7ado em Pinheiros\/SP - Afogados FM\" \/>\n<meta property=\"og:description\" content=\"A Pol\u00edcia Civil da Para\u00edba prendeu na noite deste domingo (30) os dois suspeitos de participarem da morte do cabeleireiro\" \/>\n<meta property=\"og:url\" content=\"https:\/\/afogadosfm.com.br\/afogadosfm\/2025\/12\/01\/policia-prende-suspeitos-de-participacao-na-morte-do-cabeleireiro-achado-amordacado-em-pinheiros-sp\/\" \/>\n<meta property=\"og:site_name\" content=\"Afogados FM\" \/>\n<meta property=\"article:published_time\" content=\"2025-12-01T09:45:28+00:00\" \/>\n<meta property=\"article:modified_time\" content=\"2025-12-01T09:51:56+00:00\" \/>\n<meta property=\"og:image\" content=\"https:\/\/afogadosfm.com.br\/afogadosfm\/wp-content\/uploads\/2022\/03\/policiaplan.jpg\" \/>\n\t<meta property=\"og:image:width\" content=\"284\" \/>\n\t<meta property=\"og:image:height\" content=\"177\" \/>\n\t<meta property=\"og:image:type\" content=\"image\/jpeg\" \/>\n<meta name=\"author\" content=\"afogadosfm\" \/>\n<meta name=\"twitter:card\" content=\"summary_large_image\" \/>\n<meta name=\"twitter:label1\" content=\"Escrito por\" \/>\n\t<meta name=\"twitter:data1\" content=\"afogadosfm\" \/>\n\t<meta name=\"twitter:label2\" content=\"Est. tempo de leitura\" \/>\n\t<meta name=\"twitter:data2\" content=\"2 minutos\" \/>\n<script type=\"application\/ld+json\" class=\"yoast-schema-graph\">{\"@context\":\"https:\\\/\\\/schema.org\",\"@graph\":[{\"@type\":\"Article\",\"@id\":\"https:\\\/\\\/afogadosfm.com.br\\\/afogadosfm\\\/2025\\\/12\\\/01\\\/policia-prende-suspeitos-de-participacao-na-morte-do-cabeleireiro-achado-amordacado-em-pinheiros-sp\\\/#article\",\"isPartOf\":{\"@id\":\"https:\\\/\\\/afogadosfm.com.br\\\/afogadosfm\\\/2025\\\/12\\\/01\\\/policia-prende-suspeitos-de-participacao-na-morte-do-cabeleireiro-achado-amordacado-em-pinheiros-sp\\\/\"},\"author\":{\"name\":\"afogadosfm\",\"@id\":\"https:\\\/\\\/afogadosfm.com.br\\\/afogadosfm\\\/#\\\/schema\\\/person\\\/60e56f2cf5dc960fc093fe093d9e9057\"},\"headline\":\"Pol\u00edcia prende suspeitos de participa\u00e7\u00e3o na morte do cabeleireiro achado amorda\u00e7ado em Pinheiros\\\/SP\",\"datePublished\":\"2025-12-01T09:45:28+00:00\",\"dateModified\":\"2025-12-01T09:51:56+00:00\",\"mainEntityOfPage\":{\"@id\":\"https:\\\/\\\/afogadosfm.com.br\\\/afogadosfm\\\/2025\\\/12\\\/01\\\/policia-prende-suspeitos-de-participacao-na-morte-do-cabeleireiro-achado-amordacado-em-pinheiros-sp\\\/\"},\"wordCount\":322,\"commentCount\":0,\"publisher\":{\"@id\":\"https:\\\/\\\/afogadosfm.com.br\\\/afogadosfm\\\/#organization\"},\"image\":{\"@id\":\"https:\\\/\\\/afogadosfm.com.br\\\/afogadosfm\\\/2025\\\/12\\\/01\\\/policia-prende-suspeitos-de-participacao-na-morte-do-cabeleireiro-achado-amordacado-em-pinheiros-sp\\\/#primaryimage\"},\"thumbnailUrl\":\"https:\\\/\\\/i0.wp.com\\\/afogadosfm.com.br\\\/afogadosfm\\\/wp-content\\\/uploads\\\/2022\\\/03\\\/policiaplan.jpg?fit=284%2C177&ssl=1\",\"articleSection\":[\"Pol\u00edcia\"],\"inLanguage\":\"pt-BR\",\"potentialAction\":[{\"@type\":\"CommentAction\",\"name\":\"Comment\",\"target\":[\"https:\\\/\\\/afogadosfm.com.br\\\/afogadosfm\\\/2025\\\/12\\\/01\\\/policia-prende-suspeitos-de-participacao-na-morte-do-cabeleireiro-achado-amordacado-em-pinheiros-sp\\\/#respond\"]}]},{\"@type\":\"WebPage\",\"@id\":\"https:\\\/\\\/afogadosfm.com.br\\\/afogadosfm\\\/2025\\\/12\\\/01\\\/policia-prende-suspeitos-de-participacao-na-morte-do-cabeleireiro-achado-amordacado-em-pinheiros-sp\\\/\",\"url\":\"https:\\\/\\\/afogadosfm.com.br\\\/afogadosfm\\\/2025\\\/12\\\/01\\\/policia-prende-suspeitos-de-participacao-na-morte-do-cabeleireiro-achado-amordacado-em-pinheiros-sp\\\/\",\"name\":\"Pol\u00edcia prende suspeitos de participa\u00e7\u00e3o na morte do cabeleireiro achado amorda\u00e7ado em Pinheiros\\\/SP - Afogados FM\",\"isPartOf\":{\"@id\":\"https:\\\/\\\/afogadosfm.com.br\\\/afogadosfm\\\/#website\"},\"primaryImageOfPage\":{\"@id\":\"https:\\\/\\\/afogadosfm.com.br\\\/afogadosfm\\\/2025\\\/12\\\/01\\\/policia-prende-suspeitos-de-participacao-na-morte-do-cabeleireiro-achado-amordacado-em-pinheiros-sp\\\/#primaryimage\"},\"image\":{\"@id\":\"https:\\\/\\\/afogadosfm.com.br\\\/afogadosfm\\\/2025\\\/12\\\/01\\\/policia-prende-suspeitos-de-participacao-na-morte-do-cabeleireiro-achado-amordacado-em-pinheiros-sp\\\/#primaryimage\"},\"thumbnailUrl\":\"https:\\\/\\\/i0.wp.com\\\/afogadosfm.com.br\\\/afogadosfm\\\/wp-content\\\/uploads\\\/2022\\\/03\\\/policiaplan.jpg?fit=284%2C177&ssl=1\",\"datePublished\":\"2025-12-01T09:45:28+00:00\",\"dateModified\":\"2025-12-01T09:51:56+00:00\",\"breadcrumb\":{\"@id\":\"https:\\\/\\\/afogadosfm.com.br\\\/afogadosfm\\\/2025\\\/12\\\/01\\\/policia-prende-suspeitos-de-participacao-na-morte-do-cabeleireiro-achado-amordacado-em-pinheiros-sp\\\/#breadcrumb\"},\"inLanguage\":\"pt-BR\",\"potentialAction\":[{\"@type\":\"ReadAction\",\"target\":[\"https:\\\/\\\/afogadosfm.com.br\\\/afogadosfm\\\/2025\\\/12\\\/01\\\/policia-prende-suspeitos-de-participacao-na-morte-do-cabeleireiro-achado-amordacado-em-pinheiros-sp\\\/\"]}]},{\"@type\":\"ImageObject\",\"inLanguage\":\"pt-BR\",\"@id\":\"https:\\\/\\\/afogadosfm.com.br\\\/afogadosfm\\\/2025\\\/12\\\/01\\\/policia-prende-suspeitos-de-participacao-na-morte-do-cabeleireiro-achado-amordacado-em-pinheiros-sp\\\/#primaryimage\",\"url\":\"https:\\\/\\\/i0.wp.com\\\/afogadosfm.com.br\\\/afogadosfm\\\/wp-content\\\/uploads\\\/2022\\\/03\\\/policiaplan.jpg?fit=284%2C177&ssl=1\",\"contentUrl\":\"https:\\\/\\\/i0.wp.com\\\/afogadosfm.com.br\\\/afogadosfm\\\/wp-content\\\/uploads\\\/2022\\\/03\\\/policiaplan.jpg?fit=284%2C177&ssl=1\",\"width\":284,\"height\":177},{\"@type\":\"BreadcrumbList\",\"@id\":\"https:\\\/\\\/afogadosfm.com.br\\\/afogadosfm\\\/2025\\\/12\\\/01\\\/policia-prende-suspeitos-de-participacao-na-morte-do-cabeleireiro-achado-amordacado-em-pinheiros-sp\\\/#breadcrumb\",\"itemListElement\":[{\"@type\":\"ListItem\",\"position\":1,\"name\":\"In\u00edcio\",\"item\":\"https:\\\/\\\/afogadosfm.com.br\\\/afogadosfm\\\/\"},{\"@type\":\"ListItem\",\"position\":2,\"name\":\"Pol\u00edcia prende suspeitos de participa\u00e7\u00e3o na morte do cabeleireiro achado amorda\u00e7ado em Pinheiros\\\/SP\"}]},{\"@type\":\"WebSite\",\"@id\":\"https:\\\/\\\/afogadosfm.com.br\\\/afogadosfm\\\/#website\",\"url\":\"https:\\\/\\\/afogadosfm.com.br\\\/afogadosfm\\\/\",\"name\":\"Afogados FM\",\"description\":\"Um site completo!\",\"publisher\":{\"@id\":\"https:\\\/\\\/afogadosfm.com.br\\\/afogadosfm\\\/#organization\"},\"potentialAction\":[{\"@type\":\"SearchAction\",\"target\":{\"@type\":\"EntryPoint\",\"urlTemplate\":\"https:\\\/\\\/afogadosfm.com.br\\\/afogadosfm\\\/?s={search_term_string}\"},\"query-input\":{\"@type\":\"PropertyValueSpecification\",\"valueRequired\":true,\"valueName\":\"search_term_string\"}}],\"inLanguage\":\"pt-BR\"},{\"@type\":\"Organization\",\"@id\":\"https:\\\/\\\/afogadosfm.com.br\\\/afogadosfm\\\/#organization\",\"name\":\"Afogados FM\",\"url\":\"https:\\\/\\\/afogadosfm.com.br\\\/afogadosfm\\\/\",\"logo\":{\"@type\":\"ImageObject\",\"inLanguage\":\"pt-BR\",\"@id\":\"https:\\\/\\\/afogadosfm.com.br\\\/afogadosfm\\\/#\\\/schema\\\/logo\\\/image\\\/\",\"url\":\"https:\\\/\\\/i0.wp.com\\\/afogadosfm.com.br\\\/afogadosfm\\\/wp-content\\\/uploads\\\/2020\\\/06\\\/cropped-banner-afogados-4.jpg?fit=369%2C137&ssl=1\",\"contentUrl\":\"https:\\\/\\\/i0.wp.com\\\/afogadosfm.com.br\\\/afogadosfm\\\/wp-content\\\/uploads\\\/2020\\\/06\\\/cropped-banner-afogados-4.jpg?fit=369%2C137&ssl=1\",\"width\":369,\"height\":137,\"caption\":\"Afogados FM\"},\"image\":{\"@id\":\"https:\\\/\\\/afogadosfm.com.br\\\/afogadosfm\\\/#\\\/schema\\\/logo\\\/image\\\/\"}},{\"@type\":\"Person\",\"@id\":\"https:\\\/\\\/afogadosfm.com.br\\\/afogadosfm\\\/#\\\/schema\\\/person\\\/60e56f2cf5dc960fc093fe093d9e9057\",\"name\":\"afogadosfm\",\"image\":{\"@type\":\"ImageObject\",\"inLanguage\":\"pt-BR\",\"@id\":\"https:\\\/\\\/secure.gravatar.com\\\/avatar\\\/e0359add7ed5dc3560906d861b52c6a8cf5c1e199d3a7dd85070998f49bd4701?s=96&d=mm&r=g\",\"url\":\"https:\\\/\\\/secure.gravatar.com\\\/avatar\\\/e0359add7ed5dc3560906d861b52c6a8cf5c1e199d3a7dd85070998f49bd4701?s=96&d=mm&r=g\",\"contentUrl\":\"https:\\\/\\\/secure.gravatar.com\\\/avatar\\\/e0359add7ed5dc3560906d861b52c6a8cf5c1e199d3a7dd85070998f49bd4701?s=96&d=mm&r=g\",\"caption\":\"afogadosfm\"},\"url\":\"https:\\\/\\\/afogadosfm.com.br\\\/afogadosfm\\\/author\\\/afogadosfm\\\/\"}]}<\/script>\n<!-- \/ Yoast SEO plugin. -->","yoast_head_json":{"title":"Pol\u00edcia prende suspeitos de participa\u00e7\u00e3o na morte do cabeleireiro achado amorda\u00e7ado em Pinheiros\/SP - Afogados FM","robots":{"index":"index","follow":"follow","max-snippet":"max-snippet:-1","max-image-preview":"max-image-preview:large","max-video-preview":"max-video-preview:-1"},"canonical":"https:\/\/afogadosfm.com.br\/afogadosfm\/2025\/12\/01\/policia-prende-suspeitos-de-participacao-na-morte-do-cabeleireiro-achado-amordacado-em-pinheiros-sp\/","og_locale":"pt_BR","og_type":"article","og_title":"Pol\u00edcia prende suspeitos de participa\u00e7\u00e3o na morte do cabeleireiro achado amorda\u00e7ado em Pinheiros\/SP - Afogados FM","og_description":"A Pol\u00edcia Civil da Para\u00edba prendeu na noite deste domingo (30) os dois suspeitos de participarem da morte do cabeleireiro","og_url":"https:\/\/afogadosfm.com.br\/afogadosfm\/2025\/12\/01\/policia-prende-suspeitos-de-participacao-na-morte-do-cabeleireiro-achado-amordacado-em-pinheiros-sp\/","og_site_name":"Afogados FM","article_published_time":"2025-12-01T09:45:28+00:00","article_modified_time":"2025-12-01T09:51:56+00:00","og_image":[{"width":284,"height":177,"url":"https:\/\/afogadosfm.com.br\/afogadosfm\/wp-content\/uploads\/2022\/03\/policiaplan.jpg","type":"image\/jpeg"}],"author":"afogadosfm","twitter_card":"summary_large_image","twitter_misc":{"Escrito por":"afogadosfm","Est. tempo de leitura":"2 minutos"},"schema":{"@context":"https:\/\/schema.org","@graph":[{"@type":"Article","@id":"https:\/\/afogadosfm.com.br\/afogadosfm\/2025\/12\/01\/policia-prende-suspeitos-de-participacao-na-morte-do-cabeleireiro-achado-amordacado-em-pinheiros-sp\/#article","isPartOf":{"@id":"https:\/\/afogadosfm.com.br\/afogadosfm\/2025\/12\/01\/policia-prende-suspeitos-de-participacao-na-morte-do-cabeleireiro-achado-amordacado-em-pinheiros-sp\/"},"author":{"name":"afogadosfm","@id":"https:\/\/afogadosfm.com.br\/afogadosfm\/#\/schema\/person\/60e56f2cf5dc960fc093fe093d9e9057"},"headline":"Pol\u00edcia prende suspeitos de participa\u00e7\u00e3o na morte do cabeleireiro achado amorda\u00e7ado em Pinheiros\/SP","datePublished":"2025-12-01T09:45:28+00:00","dateModified":"2025-12-01T09:51:56+00:00","mainEntityOfPage":{"@id":"https:\/\/afogadosfm.com.br\/afogadosfm\/2025\/12\/01\/policia-prende-suspeitos-de-participacao-na-morte-do-cabeleireiro-achado-amordacado-em-pinheiros-sp\/"},"wordCount":322,"commentCount":0,"publisher":{"@id":"https:\/\/afogadosfm.com.br\/afogadosfm\/#organization"},"image":{"@id":"https:\/\/afogadosfm.com.br\/afogadosfm\/2025\/12\/01\/policia-prende-suspeitos-de-participacao-na-morte-do-cabeleireiro-achado-amordacado-em-pinheiros-sp\/#primaryimage"},"thumbnailUrl":"https:\/\/i0.wp.com\/afogadosfm.com.br\/afogadosfm\/wp-content\/uploads\/2022\/03\/policiaplan.jpg?fit=284%2C177&ssl=1","articleSection":["Pol\u00edcia"],"inLanguage":"pt-BR","potentialAction":[{"@type":"CommentAction","name":"Comment","target":["https:\/\/afogadosfm.com.br\/afogadosfm\/2025\/12\/01\/policia-prende-suspeitos-de-participacao-na-morte-do-cabeleireiro-achado-amordacado-em-pinheiros-sp\/#respond"]}]},{"@type":"WebPage","@id":"https:\/\/afogadosfm.com.br\/afogadosfm\/2025\/12\/01\/policia-prende-suspeitos-de-participacao-na-morte-do-cabeleireiro-achado-amordacado-em-pinheiros-sp\/","url":"https:\/\/afogadosfm.com.br\/afogadosfm\/2025\/12\/01\/policia-prende-suspeitos-de-participacao-na-morte-do-cabeleireiro-achado-amordacado-em-pinheiros-sp\/","name":"Pol\u00edcia prende suspeitos de participa\u00e7\u00e3o na morte do cabeleireiro achado amorda\u00e7ado em Pinheiros\/SP - Afogados FM","isPartOf":{"@id":"https:\/\/afogadosfm.com.br\/afogadosfm\/#website"},"primaryImageOfPage":{"@id":"https:\/\/afogadosfm.com.br\/afogadosfm\/2025\/12\/01\/policia-prende-suspeitos-de-participacao-na-morte-do-cabeleireiro-achado-amordacado-em-pinheiros-sp\/#primaryimage"},"image":{"@id":"https:\/\/afogadosfm.com.br\/afogadosfm\/2025\/12\/01\/policia-prende-suspeitos-de-participacao-na-morte-do-cabeleireiro-achado-amordacado-em-pinheiros-sp\/#primaryimage"},"thumbnailUrl":"https:\/\/i0.wp.com\/afogadosfm.com.br\/afogadosfm\/wp-content\/uploads\/2022\/03\/policiaplan.jpg?fit=284%2C177&ssl=1","datePublished":"2025-12-01T09:45:28+00:00","dateModified":"2025-12-01T09:51:56+00:00","breadcrumb":{"@id":"https:\/\/afogadosfm.com.br\/afogadosfm\/2025\/12\/01\/policia-prende-suspeitos-de-participacao-na-morte-do-cabeleireiro-achado-amordacado-em-pinheiros-sp\/#breadcrumb"},"inLanguage":"pt-BR","potentialAction":[{"@type":"ReadAction","target":["https:\/\/afogadosfm.com.br\/afogadosfm\/2025\/12\/01\/policia-prende-suspeitos-de-participacao-na-morte-do-cabeleireiro-achado-amordacado-em-pinheiros-sp\/"]}]},{"@type":"ImageObject","inLanguage":"pt-BR","@id":"https:\/\/afogadosfm.com.br\/afogadosfm\/2025\/12\/01\/policia-prende-suspeitos-de-participacao-na-morte-do-cabeleireiro-achado-amordacado-em-pinheiros-sp\/#primaryimage","url":"https:\/\/i0.wp.com\/afogadosfm.com.br\/afogadosfm\/wp-content\/uploads\/2022\/03\/policiaplan.jpg?fit=284%2C177&ssl=1","contentUrl":"https:\/\/i0.wp.com\/afogadosfm.com.br\/afogadosfm\/wp-content\/uploads\/2022\/03\/policiaplan.jpg?fit=284%2C177&ssl=1","width":284,"height":177},{"@type":"BreadcrumbList","@id":"https:\/\/afogadosfm.com.br\/afogadosfm\/2025\/12\/01\/policia-prende-suspeitos-de-participacao-na-morte-do-cabeleireiro-achado-amordacado-em-pinheiros-sp\/#breadcrumb","itemListElement":[{"@type":"ListItem","position":1,"name":"In\u00edcio","item":"https:\/\/afogadosfm.com.br\/afogadosfm\/"},{"@type":"ListItem","position":2,"name":"Pol\u00edcia prende suspeitos de participa\u00e7\u00e3o na morte do cabeleireiro achado amorda\u00e7ado em Pinheiros\/SP"}]},{"@type":"WebSite","@id":"https:\/\/afogadosfm.com.br\/afogadosfm\/#website","url":"https:\/\/afogadosfm.com.br\/afogadosfm\/","name":"Afogados FM","description":"Um site completo!","publisher":{"@id":"https:\/\/afogadosfm.com.br\/afogadosfm\/#organization"},"potentialAction":[{"@type":"SearchAction","target":{"@type":"EntryPoint","urlTemplate":"https:\/\/afogadosfm.com.br\/afogadosfm\/?s={search_term_string}"},"query-input":{"@type":"PropertyValueSpecification","valueRequired":true,"valueName":"search_term_string"}}],"inLanguage":"pt-BR"},{"@type":"Organization","@id":"https:\/\/afogadosfm.com.br\/afogadosfm\/#organization","name":"Afogados FM","url":"https:\/\/afogadosfm.com.br\/afogadosfm\/","logo":{"@type":"ImageObject","inLanguage":"pt-BR","@id":"https:\/\/afogadosfm.com.br\/afogadosfm\/#\/schema\/logo\/image\/","url":"https:\/\/i0.wp.com\/afogadosfm.com.br\/afogadosfm\/wp-content\/uploads\/2020\/06\/cropped-banner-afogados-4.jpg?fit=369%2C137&ssl=1","contentUrl":"https:\/\/i0.wp.com\/afogadosfm.com.br\/afogadosfm\/wp-content\/uploads\/2020\/06\/cropped-banner-afogados-4.jpg?fit=369%2C137&ssl=1","width":369,"height":137,"caption":"Afogados FM"},"image":{"@id":"https:\/\/afogadosfm.com.br\/afogadosfm\/#\/schema\/logo\/image\/"}},{"@type":"Person","@id":"https:\/\/afogadosfm.com.br\/afogadosfm\/#\/schema\/person\/60e56f2cf5dc960fc093fe093d9e9057","name":"afogadosfm","image":{"@type":"ImageObject","inLanguage":"pt-BR","@id":"https:\/\/secure.gravatar.com\/avatar\/e0359add7ed5dc3560906d861b52c6a8cf5c1e199d3a7dd85070998f49bd4701?s=96&d=mm&r=g","url":"https:\/\/secure.gravatar.com\/avatar\/e0359add7ed5dc3560906d861b52c6a8cf5c1e199d3a7dd85070998f49bd4701?s=96&d=mm&r=g","contentUrl":"https:\/\/secure.gravatar.com\/avatar\/e0359add7ed5dc3560906d861b52c6a8cf5c1e199d3a7dd85070998f49bd4701?s=96&d=mm&r=g","caption":"afogadosfm"},"url":"https:\/\/afogadosfm.com.br\/afogadosfm\/author\/afogadosfm\/"}]}},"jetpack_publicize_connections":[],"jetpack_featured_media_url":"https:\/\/i0.wp.com\/afogadosfm.com.br\/afogadosfm\/wp-content\/uploads\/2022\/03\/policiaplan.jpg?fit=284%2C177&ssl=1","jetpack-related-posts":[],"jetpack_sharing_enabled":true,"jetpack_likes_enabled":true,"_links":{"self":[{"href":"https:\/\/afogadosfm.com.br\/afogadosfm\/wp-json\/wp\/v2\/posts\/70940","targetHints":{"allow":["GET"]}}],"collection":[{"href":"https:\/\/afogadosfm.com.br\/afogadosfm\/wp-json\/wp\/v2\/posts"}],"about":[{"href":"https:\/\/afogadosfm.com.br\/afogadosfm\/wp-json\/wp\/v2\/types\/post"}],"author":[{"embeddable":true,"href":"https:\/\/afogadosfm.com.br\/afogadosfm\/wp-json\/wp\/v2\/users\/2"}],"replies":[{"embeddable":true,"href":"https:\/\/afogadosfm.com.br\/afogadosfm\/wp-json\/wp\/v2\/comments?post=70940"}],"version-history":[{"count":2,"href":"https:\/\/afogadosfm.com.br\/afogadosfm\/wp-json\/wp\/v2\/posts\/70940\/revisions"}],"predecessor-version":[{"id":70944,"href":"https:\/\/afogadosfm.com.br\/afogadosfm\/wp-json\/wp\/v2\/posts\/70940\/revisions\/70944"}],"wp:featuredmedia":[{"embeddable":true,"href":"https:\/\/afogadosfm.com.br\/afogadosfm\/wp-json\/wp\/v2\/media\/35855"}],"wp:attachment":[{"href":"https:\/\/afogadosfm.com.br\/afogadosfm\/wp-json\/wp\/v2\/media?parent=70940"}],"wp:term":[{"taxonomy":"category","embeddable":true,"href":"https:\/\/afogadosfm.com.br\/afogadosfm\/wp-json\/wp\/v2\/categories?post=70940"},{"taxonomy":"post_tag","embeddable":true,"href":"https:\/\/afogadosfm.com.br\/afogadosfm\/wp-json\/wp\/v2\/tags?post=70940"}],"curies":[{"name":"wp","href":"https:\/\/api.w.org\/{rel}","templated":true}]}}