{"id":70950,"date":"2025-12-01T08:08:40","date_gmt":"2025-12-01T11:08:40","guid":{"rendered":"https:\/\/afogadosfm.com.br\/afogadosfm\/?p=70950"},"modified":"2025-12-01T08:08:41","modified_gmt":"2025-12-01T11:08:41","slug":"teste-publicos-das-urnas-eletronicas-comecam-nesta-segunda-1o","status":"publish","type":"post","link":"https:\/\/afogadosfm.com.br\/afogadosfm\/2025\/12\/01\/teste-publicos-das-urnas-eletronicas-comecam-nesta-segunda-1o\/","title":{"rendered":"Teste P\u00fablicos das Urnas Eletr\u00f4nicas come\u00e7am nesta segunda (1\u00ba)"},"content":{"rendered":"\n<p>O Tribunal Superior Eleitoral (TSE) inicia na pr\u00f3xima segunda-feira (1\u00ba) a oitava edi\u00e7\u00e3o do Teste P\u00fablico de Seguran\u00e7a dos Sistemas Eleitorais, conhecido como Teste da Urna. A etapa, considerada uma das mais importantes formas de auditoria do processo eleitoral, seguir\u00e1 at\u00e9 sexta-feira (5) na sede do tribunal, em Bras\u00edlia.<\/p>\n\n\n\n<p>Ao longo da semana, especialistas selecionados pela Comiss\u00e3o Reguladora v\u00e3o colocar em pr\u00e1tica os 38 planos de testes aprovados. A iniciativa permite que investigadoras e investigadores examinem o funcionamento dos sistemas usados na vota\u00e7\u00e3o, apura\u00e7\u00e3o e transmiss\u00e3o de dados, com o objetivo de identificar falhas, propor melhorias e refor\u00e7ar a confian\u00e7a no sistema eletr\u00f4nico.<\/p>\n\n\n\n<p>O Teste da Urna de 2025 ser\u00e1 aplicado nos programas que ser\u00e3o utilizados nas Elei\u00e7\u00f5es de 2026, como o Gerenciador de Dados e Aplicativos (Gedai-UE), o software de vota\u00e7\u00e3o, o sistema de apura\u00e7\u00e3o e a ferramenta JE-Connect. Representantes da comunidade acad\u00eamica, imprensa e observadores externos acompanhar\u00e3o os trabalhos.<\/p>\n\n\n\n<p>A abertura est\u00e1 marcada para as 13h do dia 1\u00ba. Nos demais dias, as atividades ocorrer\u00e3o das 9h \u00e0s 18h. O encerramento ser\u00e1 \u00e0s 17h de sexta-feira, no Audit\u00f3rio II do TSE.<\/p>\n\n\n\n<p>Como funciona o teste:<br>Os examinadores trabalhar\u00e3o em um ambiente controlado no terceiro andar do TSE, equipado com computadores, urnas, impressoras e todo o material necess\u00e1rio para a execu\u00e7\u00e3o dos planos. O acesso \u00e9 monitorado por c\u00e2meras, e a estrutura foi preparada para dar suporte aos participantes durante a investiga\u00e7\u00e3o.<\/p>\n\n\n\n<p>A pr\u00e1tica faz parte do ciclo permanente de auditorias do tribunal, que busca manter o processo eleitoral seguro, verific\u00e1vel e transparente. Desde 2009, quando a primeira edi\u00e7\u00e3o foi realizada, 157 especialistas j\u00e1 participaram dos testes, executando 112 planos em 247 horas acumuladas de an\u00e1lise. O evento tornou-se obrigat\u00f3rio a partir de 2016, por meio da Resolu\u00e7\u00e3o 23.444.<\/p>\n\n\n\n<p>A edi\u00e7\u00e3o deste ano registrou recorde de interessados: 151 inscri\u00e7\u00f5es. Destas, 38 propostas de testes foram selecionadas para execu\u00e7\u00e3o.<\/p>\n\n\n\n<p>Do JC<\/p>\n","protected":false},"excerpt":{"rendered":"<p>O Tribunal Superior Eleitoral (TSE) inicia na pr\u00f3xima segunda-feira (1\u00ba) a oitava edi\u00e7\u00e3o do Teste P\u00fablico de Seguran\u00e7a dos Sistemas<\/p>\n","protected":false},"author":2,"featured_media":41009,"comment_status":"open","ping_status":"open","sticky":false,"template":"","format":"standard","meta":{"jetpack_post_was_ever_published":false,"_jetpack_newsletter_access":"","_jetpack_dont_email_post_to_subs":false,"_jetpack_newsletter_tier_id":0,"_jetpack_memberships_contains_paywalled_content":false,"_jetpack_memberships_contains_paid_content":false,"footnotes":"","jetpack_publicize_message":"","jetpack_publicize_feature_enabled":true,"jetpack_social_post_already_shared":true,"jetpack_social_options":{"image_generator_settings":{"template":"highway","default_image_id":0,"font":"","enabled":false},"version":2}},"categories":[12],"tags":[],"class_list":["post-70950","post","type-post","status-publish","format-standard","has-post-thumbnail","hentry","category-brasil"],"yoast_head":"<!-- This site is optimized with the Yoast SEO plugin v27.4 - https:\/\/yoast.com\/product\/yoast-seo-wordpress\/ -->\n<title>Teste P\u00fablicos das Urnas Eletr\u00f4nicas come\u00e7am nesta segunda (1\u00ba) - Afogados FM<\/title>\n<meta name=\"robots\" content=\"index, follow, max-snippet:-1, max-image-preview:large, max-video-preview:-1\" \/>\n<link rel=\"canonical\" href=\"https:\/\/afogadosfm.com.br\/afogadosfm\/2025\/12\/01\/teste-publicos-das-urnas-eletronicas-comecam-nesta-segunda-1o\/\" \/>\n<meta property=\"og:locale\" content=\"pt_BR\" \/>\n<meta property=\"og:type\" content=\"article\" \/>\n<meta property=\"og:title\" content=\"Teste P\u00fablicos das Urnas Eletr\u00f4nicas come\u00e7am nesta segunda (1\u00ba) - Afogados FM\" \/>\n<meta property=\"og:description\" content=\"O Tribunal Superior Eleitoral (TSE) inicia na pr\u00f3xima segunda-feira (1\u00ba) a oitava edi\u00e7\u00e3o do Teste P\u00fablico de Seguran\u00e7a dos Sistemas\" \/>\n<meta property=\"og:url\" content=\"https:\/\/afogadosfm.com.br\/afogadosfm\/2025\/12\/01\/teste-publicos-das-urnas-eletronicas-comecam-nesta-segunda-1o\/\" \/>\n<meta property=\"og:site_name\" content=\"Afogados FM\" \/>\n<meta property=\"article:published_time\" content=\"2025-12-01T11:08:40+00:00\" \/>\n<meta property=\"article:modified_time\" content=\"2025-12-01T11:08:41+00:00\" \/>\n<meta property=\"og:image\" content=\"https:\/\/afogadosfm.com.br\/afogadosfm\/wp-content\/uploads\/2022\/09\/urnabio.jpg\" \/>\n\t<meta property=\"og:image:width\" content=\"1170\" \/>\n\t<meta property=\"og:image:height\" content=\"700\" \/>\n\t<meta property=\"og:image:type\" content=\"image\/jpeg\" \/>\n<meta name=\"author\" content=\"afogadosfm\" \/>\n<meta name=\"twitter:card\" content=\"summary_large_image\" \/>\n<meta name=\"twitter:label1\" content=\"Escrito por\" \/>\n\t<meta name=\"twitter:data1\" content=\"afogadosfm\" \/>\n\t<meta name=\"twitter:label2\" content=\"Est. tempo de leitura\" \/>\n\t<meta name=\"twitter:data2\" content=\"2 minutos\" \/>\n<script type=\"application\/ld+json\" class=\"yoast-schema-graph\">{\"@context\":\"https:\\\/\\\/schema.org\",\"@graph\":[{\"@type\":\"Article\",\"@id\":\"https:\\\/\\\/afogadosfm.com.br\\\/afogadosfm\\\/2025\\\/12\\\/01\\\/teste-publicos-das-urnas-eletronicas-comecam-nesta-segunda-1o\\\/#article\",\"isPartOf\":{\"@id\":\"https:\\\/\\\/afogadosfm.com.br\\\/afogadosfm\\\/2025\\\/12\\\/01\\\/teste-publicos-das-urnas-eletronicas-comecam-nesta-segunda-1o\\\/\"},\"author\":{\"name\":\"afogadosfm\",\"@id\":\"https:\\\/\\\/afogadosfm.com.br\\\/afogadosfm\\\/#\\\/schema\\\/person\\\/60e56f2cf5dc960fc093fe093d9e9057\"},\"headline\":\"Teste P\u00fablicos das Urnas Eletr\u00f4nicas come\u00e7am nesta segunda (1\u00ba)\",\"datePublished\":\"2025-12-01T11:08:40+00:00\",\"dateModified\":\"2025-12-01T11:08:41+00:00\",\"mainEntityOfPage\":{\"@id\":\"https:\\\/\\\/afogadosfm.com.br\\\/afogadosfm\\\/2025\\\/12\\\/01\\\/teste-publicos-das-urnas-eletronicas-comecam-nesta-segunda-1o\\\/\"},\"wordCount\":343,\"commentCount\":0,\"publisher\":{\"@id\":\"https:\\\/\\\/afogadosfm.com.br\\\/afogadosfm\\\/#organization\"},\"image\":{\"@id\":\"https:\\\/\\\/afogadosfm.com.br\\\/afogadosfm\\\/2025\\\/12\\\/01\\\/teste-publicos-das-urnas-eletronicas-comecam-nesta-segunda-1o\\\/#primaryimage\"},\"thumbnailUrl\":\"https:\\\/\\\/i0.wp.com\\\/afogadosfm.com.br\\\/afogadosfm\\\/wp-content\\\/uploads\\\/2022\\\/09\\\/urnabio.jpg?fit=1170%2C700&ssl=1\",\"articleSection\":[\"Brasil\"],\"inLanguage\":\"pt-BR\",\"potentialAction\":[{\"@type\":\"CommentAction\",\"name\":\"Comment\",\"target\":[\"https:\\\/\\\/afogadosfm.com.br\\\/afogadosfm\\\/2025\\\/12\\\/01\\\/teste-publicos-das-urnas-eletronicas-comecam-nesta-segunda-1o\\\/#respond\"]}]},{\"@type\":\"WebPage\",\"@id\":\"https:\\\/\\\/afogadosfm.com.br\\\/afogadosfm\\\/2025\\\/12\\\/01\\\/teste-publicos-das-urnas-eletronicas-comecam-nesta-segunda-1o\\\/\",\"url\":\"https:\\\/\\\/afogadosfm.com.br\\\/afogadosfm\\\/2025\\\/12\\\/01\\\/teste-publicos-das-urnas-eletronicas-comecam-nesta-segunda-1o\\\/\",\"name\":\"Teste P\u00fablicos das Urnas Eletr\u00f4nicas come\u00e7am nesta segunda (1\u00ba) - Afogados FM\",\"isPartOf\":{\"@id\":\"https:\\\/\\\/afogadosfm.com.br\\\/afogadosfm\\\/#website\"},\"primaryImageOfPage\":{\"@id\":\"https:\\\/\\\/afogadosfm.com.br\\\/afogadosfm\\\/2025\\\/12\\\/01\\\/teste-publicos-das-urnas-eletronicas-comecam-nesta-segunda-1o\\\/#primaryimage\"},\"image\":{\"@id\":\"https:\\\/\\\/afogadosfm.com.br\\\/afogadosfm\\\/2025\\\/12\\\/01\\\/teste-publicos-das-urnas-eletronicas-comecam-nesta-segunda-1o\\\/#primaryimage\"},\"thumbnailUrl\":\"https:\\\/\\\/i0.wp.com\\\/afogadosfm.com.br\\\/afogadosfm\\\/wp-content\\\/uploads\\\/2022\\\/09\\\/urnabio.jpg?fit=1170%2C700&ssl=1\",\"datePublished\":\"2025-12-01T11:08:40+00:00\",\"dateModified\":\"2025-12-01T11:08:41+00:00\",\"breadcrumb\":{\"@id\":\"https:\\\/\\\/afogadosfm.com.br\\\/afogadosfm\\\/2025\\\/12\\\/01\\\/teste-publicos-das-urnas-eletronicas-comecam-nesta-segunda-1o\\\/#breadcrumb\"},\"inLanguage\":\"pt-BR\",\"potentialAction\":[{\"@type\":\"ReadAction\",\"target\":[\"https:\\\/\\\/afogadosfm.com.br\\\/afogadosfm\\\/2025\\\/12\\\/01\\\/teste-publicos-das-urnas-eletronicas-comecam-nesta-segunda-1o\\\/\"]}]},{\"@type\":\"ImageObject\",\"inLanguage\":\"pt-BR\",\"@id\":\"https:\\\/\\\/afogadosfm.com.br\\\/afogadosfm\\\/2025\\\/12\\\/01\\\/teste-publicos-das-urnas-eletronicas-comecam-nesta-segunda-1o\\\/#primaryimage\",\"url\":\"https:\\\/\\\/i0.wp.com\\\/afogadosfm.com.br\\\/afogadosfm\\\/wp-content\\\/uploads\\\/2022\\\/09\\\/urnabio.jpg?fit=1170%2C700&ssl=1\",\"contentUrl\":\"https:\\\/\\\/i0.wp.com\\\/afogadosfm.com.br\\\/afogadosfm\\\/wp-content\\\/uploads\\\/2022\\\/09\\\/urnabio.jpg?fit=1170%2C700&ssl=1\",\"width\":1170,\"height\":700},{\"@type\":\"BreadcrumbList\",\"@id\":\"https:\\\/\\\/afogadosfm.com.br\\\/afogadosfm\\\/2025\\\/12\\\/01\\\/teste-publicos-das-urnas-eletronicas-comecam-nesta-segunda-1o\\\/#breadcrumb\",\"itemListElement\":[{\"@type\":\"ListItem\",\"position\":1,\"name\":\"In\u00edcio\",\"item\":\"https:\\\/\\\/afogadosfm.com.br\\\/afogadosfm\\\/\"},{\"@type\":\"ListItem\",\"position\":2,\"name\":\"Teste P\u00fablicos das Urnas Eletr\u00f4nicas come\u00e7am nesta segunda (1\u00ba)\"}]},{\"@type\":\"WebSite\",\"@id\":\"https:\\\/\\\/afogadosfm.com.br\\\/afogadosfm\\\/#website\",\"url\":\"https:\\\/\\\/afogadosfm.com.br\\\/afogadosfm\\\/\",\"name\":\"Afogados FM\",\"description\":\"Um site completo!\",\"publisher\":{\"@id\":\"https:\\\/\\\/afogadosfm.com.br\\\/afogadosfm\\\/#organization\"},\"potentialAction\":[{\"@type\":\"SearchAction\",\"target\":{\"@type\":\"EntryPoint\",\"urlTemplate\":\"https:\\\/\\\/afogadosfm.com.br\\\/afogadosfm\\\/?s={search_term_string}\"},\"query-input\":{\"@type\":\"PropertyValueSpecification\",\"valueRequired\":true,\"valueName\":\"search_term_string\"}}],\"inLanguage\":\"pt-BR\"},{\"@type\":\"Organization\",\"@id\":\"https:\\\/\\\/afogadosfm.com.br\\\/afogadosfm\\\/#organization\",\"name\":\"Afogados FM\",\"url\":\"https:\\\/\\\/afogadosfm.com.br\\\/afogadosfm\\\/\",\"logo\":{\"@type\":\"ImageObject\",\"inLanguage\":\"pt-BR\",\"@id\":\"https:\\\/\\\/afogadosfm.com.br\\\/afogadosfm\\\/#\\\/schema\\\/logo\\\/image\\\/\",\"url\":\"https:\\\/\\\/i0.wp.com\\\/afogadosfm.com.br\\\/afogadosfm\\\/wp-content\\\/uploads\\\/2020\\\/06\\\/cropped-banner-afogados-4.jpg?fit=369%2C137&ssl=1\",\"contentUrl\":\"https:\\\/\\\/i0.wp.com\\\/afogadosfm.com.br\\\/afogadosfm\\\/wp-content\\\/uploads\\\/2020\\\/06\\\/cropped-banner-afogados-4.jpg?fit=369%2C137&ssl=1\",\"width\":369,\"height\":137,\"caption\":\"Afogados FM\"},\"image\":{\"@id\":\"https:\\\/\\\/afogadosfm.com.br\\\/afogadosfm\\\/#\\\/schema\\\/logo\\\/image\\\/\"}},{\"@type\":\"Person\",\"@id\":\"https:\\\/\\\/afogadosfm.com.br\\\/afogadosfm\\\/#\\\/schema\\\/person\\\/60e56f2cf5dc960fc093fe093d9e9057\",\"name\":\"afogadosfm\",\"image\":{\"@type\":\"ImageObject\",\"inLanguage\":\"pt-BR\",\"@id\":\"https:\\\/\\\/secure.gravatar.com\\\/avatar\\\/e0359add7ed5dc3560906d861b52c6a8cf5c1e199d3a7dd85070998f49bd4701?s=96&d=mm&r=g\",\"url\":\"https:\\\/\\\/secure.gravatar.com\\\/avatar\\\/e0359add7ed5dc3560906d861b52c6a8cf5c1e199d3a7dd85070998f49bd4701?s=96&d=mm&r=g\",\"contentUrl\":\"https:\\\/\\\/secure.gravatar.com\\\/avatar\\\/e0359add7ed5dc3560906d861b52c6a8cf5c1e199d3a7dd85070998f49bd4701?s=96&d=mm&r=g\",\"caption\":\"afogadosfm\"},\"url\":\"https:\\\/\\\/afogadosfm.com.br\\\/afogadosfm\\\/author\\\/afogadosfm\\\/\"}]}<\/script>\n<!-- \/ Yoast SEO plugin. -->","yoast_head_json":{"title":"Teste P\u00fablicos das Urnas Eletr\u00f4nicas come\u00e7am nesta segunda (1\u00ba) - Afogados FM","robots":{"index":"index","follow":"follow","max-snippet":"max-snippet:-1","max-image-preview":"max-image-preview:large","max-video-preview":"max-video-preview:-1"},"canonical":"https:\/\/afogadosfm.com.br\/afogadosfm\/2025\/12\/01\/teste-publicos-das-urnas-eletronicas-comecam-nesta-segunda-1o\/","og_locale":"pt_BR","og_type":"article","og_title":"Teste P\u00fablicos das Urnas Eletr\u00f4nicas come\u00e7am nesta segunda (1\u00ba) - Afogados FM","og_description":"O Tribunal Superior Eleitoral (TSE) inicia na pr\u00f3xima segunda-feira (1\u00ba) a oitava edi\u00e7\u00e3o do Teste P\u00fablico de Seguran\u00e7a dos Sistemas","og_url":"https:\/\/afogadosfm.com.br\/afogadosfm\/2025\/12\/01\/teste-publicos-das-urnas-eletronicas-comecam-nesta-segunda-1o\/","og_site_name":"Afogados FM","article_published_time":"2025-12-01T11:08:40+00:00","article_modified_time":"2025-12-01T11:08:41+00:00","og_image":[{"width":1170,"height":700,"url":"https:\/\/afogadosfm.com.br\/afogadosfm\/wp-content\/uploads\/2022\/09\/urnabio.jpg","type":"image\/jpeg"}],"author":"afogadosfm","twitter_card":"summary_large_image","twitter_misc":{"Escrito por":"afogadosfm","Est. tempo de leitura":"2 minutos"},"schema":{"@context":"https:\/\/schema.org","@graph":[{"@type":"Article","@id":"https:\/\/afogadosfm.com.br\/afogadosfm\/2025\/12\/01\/teste-publicos-das-urnas-eletronicas-comecam-nesta-segunda-1o\/#article","isPartOf":{"@id":"https:\/\/afogadosfm.com.br\/afogadosfm\/2025\/12\/01\/teste-publicos-das-urnas-eletronicas-comecam-nesta-segunda-1o\/"},"author":{"name":"afogadosfm","@id":"https:\/\/afogadosfm.com.br\/afogadosfm\/#\/schema\/person\/60e56f2cf5dc960fc093fe093d9e9057"},"headline":"Teste P\u00fablicos das Urnas Eletr\u00f4nicas come\u00e7am nesta segunda (1\u00ba)","datePublished":"2025-12-01T11:08:40+00:00","dateModified":"2025-12-01T11:08:41+00:00","mainEntityOfPage":{"@id":"https:\/\/afogadosfm.com.br\/afogadosfm\/2025\/12\/01\/teste-publicos-das-urnas-eletronicas-comecam-nesta-segunda-1o\/"},"wordCount":343,"commentCount":0,"publisher":{"@id":"https:\/\/afogadosfm.com.br\/afogadosfm\/#organization"},"image":{"@id":"https:\/\/afogadosfm.com.br\/afogadosfm\/2025\/12\/01\/teste-publicos-das-urnas-eletronicas-comecam-nesta-segunda-1o\/#primaryimage"},"thumbnailUrl":"https:\/\/i0.wp.com\/afogadosfm.com.br\/afogadosfm\/wp-content\/uploads\/2022\/09\/urnabio.jpg?fit=1170%2C700&ssl=1","articleSection":["Brasil"],"inLanguage":"pt-BR","potentialAction":[{"@type":"CommentAction","name":"Comment","target":["https:\/\/afogadosfm.com.br\/afogadosfm\/2025\/12\/01\/teste-publicos-das-urnas-eletronicas-comecam-nesta-segunda-1o\/#respond"]}]},{"@type":"WebPage","@id":"https:\/\/afogadosfm.com.br\/afogadosfm\/2025\/12\/01\/teste-publicos-das-urnas-eletronicas-comecam-nesta-segunda-1o\/","url":"https:\/\/afogadosfm.com.br\/afogadosfm\/2025\/12\/01\/teste-publicos-das-urnas-eletronicas-comecam-nesta-segunda-1o\/","name":"Teste P\u00fablicos das Urnas Eletr\u00f4nicas come\u00e7am nesta segunda (1\u00ba) - Afogados FM","isPartOf":{"@id":"https:\/\/afogadosfm.com.br\/afogadosfm\/#website"},"primaryImageOfPage":{"@id":"https:\/\/afogadosfm.com.br\/afogadosfm\/2025\/12\/01\/teste-publicos-das-urnas-eletronicas-comecam-nesta-segunda-1o\/#primaryimage"},"image":{"@id":"https:\/\/afogadosfm.com.br\/afogadosfm\/2025\/12\/01\/teste-publicos-das-urnas-eletronicas-comecam-nesta-segunda-1o\/#primaryimage"},"thumbnailUrl":"https:\/\/i0.wp.com\/afogadosfm.com.br\/afogadosfm\/wp-content\/uploads\/2022\/09\/urnabio.jpg?fit=1170%2C700&ssl=1","datePublished":"2025-12-01T11:08:40+00:00","dateModified":"2025-12-01T11:08:41+00:00","breadcrumb":{"@id":"https:\/\/afogadosfm.com.br\/afogadosfm\/2025\/12\/01\/teste-publicos-das-urnas-eletronicas-comecam-nesta-segunda-1o\/#breadcrumb"},"inLanguage":"pt-BR","potentialAction":[{"@type":"ReadAction","target":["https:\/\/afogadosfm.com.br\/afogadosfm\/2025\/12\/01\/teste-publicos-das-urnas-eletronicas-comecam-nesta-segunda-1o\/"]}]},{"@type":"ImageObject","inLanguage":"pt-BR","@id":"https:\/\/afogadosfm.com.br\/afogadosfm\/2025\/12\/01\/teste-publicos-das-urnas-eletronicas-comecam-nesta-segunda-1o\/#primaryimage","url":"https:\/\/i0.wp.com\/afogadosfm.com.br\/afogadosfm\/wp-content\/uploads\/2022\/09\/urnabio.jpg?fit=1170%2C700&ssl=1","contentUrl":"https:\/\/i0.wp.com\/afogadosfm.com.br\/afogadosfm\/wp-content\/uploads\/2022\/09\/urnabio.jpg?fit=1170%2C700&ssl=1","width":1170,"height":700},{"@type":"BreadcrumbList","@id":"https:\/\/afogadosfm.com.br\/afogadosfm\/2025\/12\/01\/teste-publicos-das-urnas-eletronicas-comecam-nesta-segunda-1o\/#breadcrumb","itemListElement":[{"@type":"ListItem","position":1,"name":"In\u00edcio","item":"https:\/\/afogadosfm.com.br\/afogadosfm\/"},{"@type":"ListItem","position":2,"name":"Teste P\u00fablicos das Urnas Eletr\u00f4nicas come\u00e7am nesta segunda (1\u00ba)"}]},{"@type":"WebSite","@id":"https:\/\/afogadosfm.com.br\/afogadosfm\/#website","url":"https:\/\/afogadosfm.com.br\/afogadosfm\/","name":"Afogados FM","description":"Um site completo!","publisher":{"@id":"https:\/\/afogadosfm.com.br\/afogadosfm\/#organization"},"potentialAction":[{"@type":"SearchAction","target":{"@type":"EntryPoint","urlTemplate":"https:\/\/afogadosfm.com.br\/afogadosfm\/?s={search_term_string}"},"query-input":{"@type":"PropertyValueSpecification","valueRequired":true,"valueName":"search_term_string"}}],"inLanguage":"pt-BR"},{"@type":"Organization","@id":"https:\/\/afogadosfm.com.br\/afogadosfm\/#organization","name":"Afogados FM","url":"https:\/\/afogadosfm.com.br\/afogadosfm\/","logo":{"@type":"ImageObject","inLanguage":"pt-BR","@id":"https:\/\/afogadosfm.com.br\/afogadosfm\/#\/schema\/logo\/image\/","url":"https:\/\/i0.wp.com\/afogadosfm.com.br\/afogadosfm\/wp-content\/uploads\/2020\/06\/cropped-banner-afogados-4.jpg?fit=369%2C137&ssl=1","contentUrl":"https:\/\/i0.wp.com\/afogadosfm.com.br\/afogadosfm\/wp-content\/uploads\/2020\/06\/cropped-banner-afogados-4.jpg?fit=369%2C137&ssl=1","width":369,"height":137,"caption":"Afogados FM"},"image":{"@id":"https:\/\/afogadosfm.com.br\/afogadosfm\/#\/schema\/logo\/image\/"}},{"@type":"Person","@id":"https:\/\/afogadosfm.com.br\/afogadosfm\/#\/schema\/person\/60e56f2cf5dc960fc093fe093d9e9057","name":"afogadosfm","image":{"@type":"ImageObject","inLanguage":"pt-BR","@id":"https:\/\/secure.gravatar.com\/avatar\/e0359add7ed5dc3560906d861b52c6a8cf5c1e199d3a7dd85070998f49bd4701?s=96&d=mm&r=g","url":"https:\/\/secure.gravatar.com\/avatar\/e0359add7ed5dc3560906d861b52c6a8cf5c1e199d3a7dd85070998f49bd4701?s=96&d=mm&r=g","contentUrl":"https:\/\/secure.gravatar.com\/avatar\/e0359add7ed5dc3560906d861b52c6a8cf5c1e199d3a7dd85070998f49bd4701?s=96&d=mm&r=g","caption":"afogadosfm"},"url":"https:\/\/afogadosfm.com.br\/afogadosfm\/author\/afogadosfm\/"}]}},"jetpack_publicize_connections":[],"jetpack_featured_media_url":"https:\/\/i0.wp.com\/afogadosfm.com.br\/afogadosfm\/wp-content\/uploads\/2022\/09\/urnabio.jpg?fit=1170%2C700&ssl=1","jetpack-related-posts":[],"jetpack_sharing_enabled":true,"jetpack_likes_enabled":true,"_links":{"self":[{"href":"https:\/\/afogadosfm.com.br\/afogadosfm\/wp-json\/wp\/v2\/posts\/70950","targetHints":{"allow":["GET"]}}],"collection":[{"href":"https:\/\/afogadosfm.com.br\/afogadosfm\/wp-json\/wp\/v2\/posts"}],"about":[{"href":"https:\/\/afogadosfm.com.br\/afogadosfm\/wp-json\/wp\/v2\/types\/post"}],"author":[{"embeddable":true,"href":"https:\/\/afogadosfm.com.br\/afogadosfm\/wp-json\/wp\/v2\/users\/2"}],"replies":[{"embeddable":true,"href":"https:\/\/afogadosfm.com.br\/afogadosfm\/wp-json\/wp\/v2\/comments?post=70950"}],"version-history":[{"count":1,"href":"https:\/\/afogadosfm.com.br\/afogadosfm\/wp-json\/wp\/v2\/posts\/70950\/revisions"}],"predecessor-version":[{"id":70951,"href":"https:\/\/afogadosfm.com.br\/afogadosfm\/wp-json\/wp\/v2\/posts\/70950\/revisions\/70951"}],"wp:featuredmedia":[{"embeddable":true,"href":"https:\/\/afogadosfm.com.br\/afogadosfm\/wp-json\/wp\/v2\/media\/41009"}],"wp:attachment":[{"href":"https:\/\/afogadosfm.com.br\/afogadosfm\/wp-json\/wp\/v2\/media?parent=70950"}],"wp:term":[{"taxonomy":"category","embeddable":true,"href":"https:\/\/afogadosfm.com.br\/afogadosfm\/wp-json\/wp\/v2\/categories?post=70950"},{"taxonomy":"post_tag","embeddable":true,"href":"https:\/\/afogadosfm.com.br\/afogadosfm\/wp-json\/wp\/v2\/tags?post=70950"}],"curies":[{"name":"wp","href":"https:\/\/api.w.org\/{rel}","templated":true}]}}