{"id":70965,"date":"2025-12-02T06:00:20","date_gmt":"2025-12-02T09:00:20","guid":{"rendered":"https:\/\/afogadosfm.com.br\/afogadosfm\/?p=70965"},"modified":"2025-12-02T06:00:21","modified_gmt":"2025-12-02T09:00:21","slug":"carlos-flavio-e-eduardo-bolsonaro-criticam-fala-da-madrasta-no-ceara","status":"publish","type":"post","link":"https:\/\/afogadosfm.com.br\/afogadosfm\/2025\/12\/02\/carlos-flavio-e-eduardo-bolsonaro-criticam-fala-da-madrasta-no-ceara\/","title":{"rendered":"Carlos, Fl\u00e1vio e Eduardo Bolsonaro criticam fala da madrasta no Cear\u00e1"},"content":{"rendered":"\n<p>A participa\u00e7\u00e3o da ex-primeira-dama Michelle Bolsonaro (PL) no lan\u00e7amento de candidatura de Eduardo Gir\u00e3o (Novo) ao governo do Cear\u00e1 criou um racha na fam\u00edlia do ex-presidente, com Carlos, Fl\u00e1vio e Eduardo Bolsonaro criticando publicamente a madrasta.<\/p>\n\n\n\n<p>Durante o evento, Michelle criticou o deputado federal Andr\u00e9 Fernandes (PL-CE) por ter se aproximado de Ciro Gomes (PSDB), ao qual o parlamentar articula um poss\u00edvel apoio nas elei\u00e7\u00f5es para o governo do Cear\u00e1 em 2026.<\/p>\n\n\n\n<p>\u201cA Michelle atropelou o pr\u00f3prio presidente Bolsonaro, que havia autorizado o movimento do deputado Andr\u00e9 Fernandes no Cear\u00e1. E a forma com que ela se dirigiu a ele, que talvez seja nossa maior lideran\u00e7a local, foi autorit\u00e1ria e constrangedora\u201d, reagiu Fl\u00e1vio Bolsonaro, em entrevista \u00e0 Coluna de Igor Gadelha no Metr\u00f3poles.<\/p>\n\n\n\n<p>No X (antigo Twitter), Carlos refor\u00e7ou o posicionamento do \u201801\u2019: \u201cMeu irm\u00e3o Fl\u00e1vio Bolsonaro est\u00e1 certo, e temos que estar unidos e respeitando a lideran\u00e7a do meu pai, sem deixar nos levar por outras for\u00e7as!\u201d.<\/p>\n\n\n\n<p>Por outro lado, o \u201802\u2019 destacou que tem prefer\u00eancia pela candidatura de Gir\u00e3o, o que quis deixar \u201cbem claro\u201d. De qualquer maneira, considerou o ato de Michelle inadequado em rela\u00e7\u00e3o \u00e0 articula\u00e7\u00e3o bolsonarista no Cear\u00e1.<\/p>\n\n\n\n<p>Eduardo foi o terceiro a se manifestar e endossou o posicionamento dos irm\u00e3os. &#8220;Meu irm\u00e3o Fl\u00e1vio Bolsonaro est\u00e1 correto. Foi injusto e desrespeitoso com o Andr\u00e9 Fernandes o que foi feito no evento. N\u00e3o vou entrar no m\u00e9rito de ser um bom ou mal acordo, foi uma posi\u00e7\u00e3o definida pelo meu pai. Andr\u00e9 n\u00e3o poderia ser criticado por obedecer o l\u00edder&#8221;, escreveu.<\/p>\n\n\n\n<p>A esposa de Jair Bolsonaro (PL) disse que \u201cadora\u201d Andr\u00e9 Fernandes, mas disparou: &#8220;Fazer alian\u00e7a com o homem que \u00e9 contra o maior l\u00edder da direita? Isso n\u00e3o d\u00e1. Vou falar uma coisa: n\u00f3s vamos nos levantar, n\u00f3s vamos nos levantar e n\u00f3s vamos trabalhar para eleger o Gir\u00e3o&#8221;. Com informa\u00e7\u00f5es do Estado de Minas.<\/p>\n","protected":false},"excerpt":{"rendered":"<p>A participa\u00e7\u00e3o da ex-primeira-dama Michelle Bolsonaro (PL) no lan\u00e7amento de candidatura de Eduardo Gir\u00e3o (Novo) ao governo do Cear\u00e1 criou<\/p>\n","protected":false},"author":2,"featured_media":34200,"comment_status":"open","ping_status":"open","sticky":false,"template":"","format":"standard","meta":{"jetpack_post_was_ever_published":false,"_jetpack_newsletter_access":"","_jetpack_dont_email_post_to_subs":false,"_jetpack_newsletter_tier_id":0,"_jetpack_memberships_contains_paywalled_content":false,"_jetpack_memberships_contains_paid_content":false,"footnotes":"","jetpack_publicize_message":"","jetpack_publicize_feature_enabled":true,"jetpack_social_post_already_shared":true,"jetpack_social_options":{"image_generator_settings":{"template":"highway","default_image_id":0,"font":"","enabled":false},"version":2}},"categories":[35],"tags":[],"class_list":["post-70965","post","type-post","status-publish","format-standard","has-post-thumbnail","hentry","category-politica"],"yoast_head":"<!-- This site is optimized with the Yoast SEO plugin v27.4 - https:\/\/yoast.com\/product\/yoast-seo-wordpress\/ -->\n<title>Carlos, Fl\u00e1vio e Eduardo Bolsonaro criticam fala da madrasta no Cear\u00e1 - Afogados FM<\/title>\n<meta name=\"robots\" content=\"index, follow, max-snippet:-1, max-image-preview:large, max-video-preview:-1\" \/>\n<link rel=\"canonical\" href=\"https:\/\/afogadosfm.com.br\/afogadosfm\/2025\/12\/02\/carlos-flavio-e-eduardo-bolsonaro-criticam-fala-da-madrasta-no-ceara\/\" \/>\n<meta property=\"og:locale\" content=\"pt_BR\" \/>\n<meta property=\"og:type\" content=\"article\" \/>\n<meta property=\"og:title\" content=\"Carlos, Fl\u00e1vio e Eduardo Bolsonaro criticam fala da madrasta no Cear\u00e1 - Afogados FM\" \/>\n<meta property=\"og:description\" content=\"A participa\u00e7\u00e3o da ex-primeira-dama Michelle Bolsonaro (PL) no lan\u00e7amento de candidatura de Eduardo Gir\u00e3o (Novo) ao governo do Cear\u00e1 criou\" \/>\n<meta property=\"og:url\" content=\"https:\/\/afogadosfm.com.br\/afogadosfm\/2025\/12\/02\/carlos-flavio-e-eduardo-bolsonaro-criticam-fala-da-madrasta-no-ceara\/\" \/>\n<meta property=\"og:site_name\" content=\"Afogados FM\" \/>\n<meta property=\"article:published_time\" content=\"2025-12-02T09:00:20+00:00\" \/>\n<meta property=\"article:modified_time\" content=\"2025-12-02T09:00:21+00:00\" \/>\n<meta property=\"og:image\" content=\"https:\/\/afogadosfm.com.br\/afogadosfm\/wp-content\/uploads\/2022\/01\/balaio-de-gatos.jpg\" \/>\n\t<meta property=\"og:image:width\" content=\"259\" \/>\n\t<meta property=\"og:image:height\" content=\"195\" \/>\n\t<meta property=\"og:image:type\" content=\"image\/jpeg\" \/>\n<meta name=\"author\" content=\"afogadosfm\" \/>\n<meta name=\"twitter:card\" content=\"summary_large_image\" \/>\n<meta name=\"twitter:label1\" content=\"Escrito por\" \/>\n\t<meta name=\"twitter:data1\" content=\"afogadosfm\" \/>\n\t<meta name=\"twitter:label2\" content=\"Est. tempo de leitura\" \/>\n\t<meta name=\"twitter:data2\" content=\"2 minutos\" \/>\n<script type=\"application\/ld+json\" class=\"yoast-schema-graph\">{\"@context\":\"https:\\\/\\\/schema.org\",\"@graph\":[{\"@type\":\"Article\",\"@id\":\"https:\\\/\\\/afogadosfm.com.br\\\/afogadosfm\\\/2025\\\/12\\\/02\\\/carlos-flavio-e-eduardo-bolsonaro-criticam-fala-da-madrasta-no-ceara\\\/#article\",\"isPartOf\":{\"@id\":\"https:\\\/\\\/afogadosfm.com.br\\\/afogadosfm\\\/2025\\\/12\\\/02\\\/carlos-flavio-e-eduardo-bolsonaro-criticam-fala-da-madrasta-no-ceara\\\/\"},\"author\":{\"name\":\"afogadosfm\",\"@id\":\"https:\\\/\\\/afogadosfm.com.br\\\/afogadosfm\\\/#\\\/schema\\\/person\\\/60e56f2cf5dc960fc093fe093d9e9057\"},\"headline\":\"Carlos, Fl\u00e1vio e Eduardo Bolsonaro criticam fala da madrasta no Cear\u00e1\",\"datePublished\":\"2025-12-02T09:00:20+00:00\",\"dateModified\":\"2025-12-02T09:00:21+00:00\",\"mainEntityOfPage\":{\"@id\":\"https:\\\/\\\/afogadosfm.com.br\\\/afogadosfm\\\/2025\\\/12\\\/02\\\/carlos-flavio-e-eduardo-bolsonaro-criticam-fala-da-madrasta-no-ceara\\\/\"},\"wordCount\":353,\"commentCount\":0,\"publisher\":{\"@id\":\"https:\\\/\\\/afogadosfm.com.br\\\/afogadosfm\\\/#organization\"},\"image\":{\"@id\":\"https:\\\/\\\/afogadosfm.com.br\\\/afogadosfm\\\/2025\\\/12\\\/02\\\/carlos-flavio-e-eduardo-bolsonaro-criticam-fala-da-madrasta-no-ceara\\\/#primaryimage\"},\"thumbnailUrl\":\"https:\\\/\\\/i0.wp.com\\\/afogadosfm.com.br\\\/afogadosfm\\\/wp-content\\\/uploads\\\/2022\\\/01\\\/balaio-de-gatos.jpg?fit=259%2C195&ssl=1\",\"articleSection\":[\"Pol\u00edtica\"],\"inLanguage\":\"pt-BR\",\"potentialAction\":[{\"@type\":\"CommentAction\",\"name\":\"Comment\",\"target\":[\"https:\\\/\\\/afogadosfm.com.br\\\/afogadosfm\\\/2025\\\/12\\\/02\\\/carlos-flavio-e-eduardo-bolsonaro-criticam-fala-da-madrasta-no-ceara\\\/#respond\"]}]},{\"@type\":\"WebPage\",\"@id\":\"https:\\\/\\\/afogadosfm.com.br\\\/afogadosfm\\\/2025\\\/12\\\/02\\\/carlos-flavio-e-eduardo-bolsonaro-criticam-fala-da-madrasta-no-ceara\\\/\",\"url\":\"https:\\\/\\\/afogadosfm.com.br\\\/afogadosfm\\\/2025\\\/12\\\/02\\\/carlos-flavio-e-eduardo-bolsonaro-criticam-fala-da-madrasta-no-ceara\\\/\",\"name\":\"Carlos, Fl\u00e1vio e Eduardo Bolsonaro criticam fala da madrasta no Cear\u00e1 - Afogados FM\",\"isPartOf\":{\"@id\":\"https:\\\/\\\/afogadosfm.com.br\\\/afogadosfm\\\/#website\"},\"primaryImageOfPage\":{\"@id\":\"https:\\\/\\\/afogadosfm.com.br\\\/afogadosfm\\\/2025\\\/12\\\/02\\\/carlos-flavio-e-eduardo-bolsonaro-criticam-fala-da-madrasta-no-ceara\\\/#primaryimage\"},\"image\":{\"@id\":\"https:\\\/\\\/afogadosfm.com.br\\\/afogadosfm\\\/2025\\\/12\\\/02\\\/carlos-flavio-e-eduardo-bolsonaro-criticam-fala-da-madrasta-no-ceara\\\/#primaryimage\"},\"thumbnailUrl\":\"https:\\\/\\\/i0.wp.com\\\/afogadosfm.com.br\\\/afogadosfm\\\/wp-content\\\/uploads\\\/2022\\\/01\\\/balaio-de-gatos.jpg?fit=259%2C195&ssl=1\",\"datePublished\":\"2025-12-02T09:00:20+00:00\",\"dateModified\":\"2025-12-02T09:00:21+00:00\",\"breadcrumb\":{\"@id\":\"https:\\\/\\\/afogadosfm.com.br\\\/afogadosfm\\\/2025\\\/12\\\/02\\\/carlos-flavio-e-eduardo-bolsonaro-criticam-fala-da-madrasta-no-ceara\\\/#breadcrumb\"},\"inLanguage\":\"pt-BR\",\"potentialAction\":[{\"@type\":\"ReadAction\",\"target\":[\"https:\\\/\\\/afogadosfm.com.br\\\/afogadosfm\\\/2025\\\/12\\\/02\\\/carlos-flavio-e-eduardo-bolsonaro-criticam-fala-da-madrasta-no-ceara\\\/\"]}]},{\"@type\":\"ImageObject\",\"inLanguage\":\"pt-BR\",\"@id\":\"https:\\\/\\\/afogadosfm.com.br\\\/afogadosfm\\\/2025\\\/12\\\/02\\\/carlos-flavio-e-eduardo-bolsonaro-criticam-fala-da-madrasta-no-ceara\\\/#primaryimage\",\"url\":\"https:\\\/\\\/i0.wp.com\\\/afogadosfm.com.br\\\/afogadosfm\\\/wp-content\\\/uploads\\\/2022\\\/01\\\/balaio-de-gatos.jpg?fit=259%2C195&ssl=1\",\"contentUrl\":\"https:\\\/\\\/i0.wp.com\\\/afogadosfm.com.br\\\/afogadosfm\\\/wp-content\\\/uploads\\\/2022\\\/01\\\/balaio-de-gatos.jpg?fit=259%2C195&ssl=1\",\"width\":259,\"height\":195},{\"@type\":\"BreadcrumbList\",\"@id\":\"https:\\\/\\\/afogadosfm.com.br\\\/afogadosfm\\\/2025\\\/12\\\/02\\\/carlos-flavio-e-eduardo-bolsonaro-criticam-fala-da-madrasta-no-ceara\\\/#breadcrumb\",\"itemListElement\":[{\"@type\":\"ListItem\",\"position\":1,\"name\":\"In\u00edcio\",\"item\":\"https:\\\/\\\/afogadosfm.com.br\\\/afogadosfm\\\/\"},{\"@type\":\"ListItem\",\"position\":2,\"name\":\"Carlos, Fl\u00e1vio e Eduardo Bolsonaro criticam fala da madrasta no Cear\u00e1\"}]},{\"@type\":\"WebSite\",\"@id\":\"https:\\\/\\\/afogadosfm.com.br\\\/afogadosfm\\\/#website\",\"url\":\"https:\\\/\\\/afogadosfm.com.br\\\/afogadosfm\\\/\",\"name\":\"Afogados FM\",\"description\":\"Um site completo!\",\"publisher\":{\"@id\":\"https:\\\/\\\/afogadosfm.com.br\\\/afogadosfm\\\/#organization\"},\"potentialAction\":[{\"@type\":\"SearchAction\",\"target\":{\"@type\":\"EntryPoint\",\"urlTemplate\":\"https:\\\/\\\/afogadosfm.com.br\\\/afogadosfm\\\/?s={search_term_string}\"},\"query-input\":{\"@type\":\"PropertyValueSpecification\",\"valueRequired\":true,\"valueName\":\"search_term_string\"}}],\"inLanguage\":\"pt-BR\"},{\"@type\":\"Organization\",\"@id\":\"https:\\\/\\\/afogadosfm.com.br\\\/afogadosfm\\\/#organization\",\"name\":\"Afogados FM\",\"url\":\"https:\\\/\\\/afogadosfm.com.br\\\/afogadosfm\\\/\",\"logo\":{\"@type\":\"ImageObject\",\"inLanguage\":\"pt-BR\",\"@id\":\"https:\\\/\\\/afogadosfm.com.br\\\/afogadosfm\\\/#\\\/schema\\\/logo\\\/image\\\/\",\"url\":\"https:\\\/\\\/i0.wp.com\\\/afogadosfm.com.br\\\/afogadosfm\\\/wp-content\\\/uploads\\\/2020\\\/06\\\/cropped-banner-afogados-4.jpg?fit=369%2C137&ssl=1\",\"contentUrl\":\"https:\\\/\\\/i0.wp.com\\\/afogadosfm.com.br\\\/afogadosfm\\\/wp-content\\\/uploads\\\/2020\\\/06\\\/cropped-banner-afogados-4.jpg?fit=369%2C137&ssl=1\",\"width\":369,\"height\":137,\"caption\":\"Afogados FM\"},\"image\":{\"@id\":\"https:\\\/\\\/afogadosfm.com.br\\\/afogadosfm\\\/#\\\/schema\\\/logo\\\/image\\\/\"}},{\"@type\":\"Person\",\"@id\":\"https:\\\/\\\/afogadosfm.com.br\\\/afogadosfm\\\/#\\\/schema\\\/person\\\/60e56f2cf5dc960fc093fe093d9e9057\",\"name\":\"afogadosfm\",\"image\":{\"@type\":\"ImageObject\",\"inLanguage\":\"pt-BR\",\"@id\":\"https:\\\/\\\/secure.gravatar.com\\\/avatar\\\/e0359add7ed5dc3560906d861b52c6a8cf5c1e199d3a7dd85070998f49bd4701?s=96&d=mm&r=g\",\"url\":\"https:\\\/\\\/secure.gravatar.com\\\/avatar\\\/e0359add7ed5dc3560906d861b52c6a8cf5c1e199d3a7dd85070998f49bd4701?s=96&d=mm&r=g\",\"contentUrl\":\"https:\\\/\\\/secure.gravatar.com\\\/avatar\\\/e0359add7ed5dc3560906d861b52c6a8cf5c1e199d3a7dd85070998f49bd4701?s=96&d=mm&r=g\",\"caption\":\"afogadosfm\"},\"url\":\"https:\\\/\\\/afogadosfm.com.br\\\/afogadosfm\\\/author\\\/afogadosfm\\\/\"}]}<\/script>\n<!-- \/ Yoast SEO plugin. -->","yoast_head_json":{"title":"Carlos, Fl\u00e1vio e Eduardo Bolsonaro criticam fala da madrasta no Cear\u00e1 - Afogados FM","robots":{"index":"index","follow":"follow","max-snippet":"max-snippet:-1","max-image-preview":"max-image-preview:large","max-video-preview":"max-video-preview:-1"},"canonical":"https:\/\/afogadosfm.com.br\/afogadosfm\/2025\/12\/02\/carlos-flavio-e-eduardo-bolsonaro-criticam-fala-da-madrasta-no-ceara\/","og_locale":"pt_BR","og_type":"article","og_title":"Carlos, Fl\u00e1vio e Eduardo Bolsonaro criticam fala da madrasta no Cear\u00e1 - Afogados FM","og_description":"A participa\u00e7\u00e3o da ex-primeira-dama Michelle Bolsonaro (PL) no lan\u00e7amento de candidatura de Eduardo Gir\u00e3o (Novo) ao governo do Cear\u00e1 criou","og_url":"https:\/\/afogadosfm.com.br\/afogadosfm\/2025\/12\/02\/carlos-flavio-e-eduardo-bolsonaro-criticam-fala-da-madrasta-no-ceara\/","og_site_name":"Afogados FM","article_published_time":"2025-12-02T09:00:20+00:00","article_modified_time":"2025-12-02T09:00:21+00:00","og_image":[{"width":259,"height":195,"url":"https:\/\/afogadosfm.com.br\/afogadosfm\/wp-content\/uploads\/2022\/01\/balaio-de-gatos.jpg","type":"image\/jpeg"}],"author":"afogadosfm","twitter_card":"summary_large_image","twitter_misc":{"Escrito por":"afogadosfm","Est. tempo de leitura":"2 minutos"},"schema":{"@context":"https:\/\/schema.org","@graph":[{"@type":"Article","@id":"https:\/\/afogadosfm.com.br\/afogadosfm\/2025\/12\/02\/carlos-flavio-e-eduardo-bolsonaro-criticam-fala-da-madrasta-no-ceara\/#article","isPartOf":{"@id":"https:\/\/afogadosfm.com.br\/afogadosfm\/2025\/12\/02\/carlos-flavio-e-eduardo-bolsonaro-criticam-fala-da-madrasta-no-ceara\/"},"author":{"name":"afogadosfm","@id":"https:\/\/afogadosfm.com.br\/afogadosfm\/#\/schema\/person\/60e56f2cf5dc960fc093fe093d9e9057"},"headline":"Carlos, Fl\u00e1vio e Eduardo Bolsonaro criticam fala da madrasta no Cear\u00e1","datePublished":"2025-12-02T09:00:20+00:00","dateModified":"2025-12-02T09:00:21+00:00","mainEntityOfPage":{"@id":"https:\/\/afogadosfm.com.br\/afogadosfm\/2025\/12\/02\/carlos-flavio-e-eduardo-bolsonaro-criticam-fala-da-madrasta-no-ceara\/"},"wordCount":353,"commentCount":0,"publisher":{"@id":"https:\/\/afogadosfm.com.br\/afogadosfm\/#organization"},"image":{"@id":"https:\/\/afogadosfm.com.br\/afogadosfm\/2025\/12\/02\/carlos-flavio-e-eduardo-bolsonaro-criticam-fala-da-madrasta-no-ceara\/#primaryimage"},"thumbnailUrl":"https:\/\/i0.wp.com\/afogadosfm.com.br\/afogadosfm\/wp-content\/uploads\/2022\/01\/balaio-de-gatos.jpg?fit=259%2C195&ssl=1","articleSection":["Pol\u00edtica"],"inLanguage":"pt-BR","potentialAction":[{"@type":"CommentAction","name":"Comment","target":["https:\/\/afogadosfm.com.br\/afogadosfm\/2025\/12\/02\/carlos-flavio-e-eduardo-bolsonaro-criticam-fala-da-madrasta-no-ceara\/#respond"]}]},{"@type":"WebPage","@id":"https:\/\/afogadosfm.com.br\/afogadosfm\/2025\/12\/02\/carlos-flavio-e-eduardo-bolsonaro-criticam-fala-da-madrasta-no-ceara\/","url":"https:\/\/afogadosfm.com.br\/afogadosfm\/2025\/12\/02\/carlos-flavio-e-eduardo-bolsonaro-criticam-fala-da-madrasta-no-ceara\/","name":"Carlos, Fl\u00e1vio e Eduardo Bolsonaro criticam fala da madrasta no Cear\u00e1 - Afogados FM","isPartOf":{"@id":"https:\/\/afogadosfm.com.br\/afogadosfm\/#website"},"primaryImageOfPage":{"@id":"https:\/\/afogadosfm.com.br\/afogadosfm\/2025\/12\/02\/carlos-flavio-e-eduardo-bolsonaro-criticam-fala-da-madrasta-no-ceara\/#primaryimage"},"image":{"@id":"https:\/\/afogadosfm.com.br\/afogadosfm\/2025\/12\/02\/carlos-flavio-e-eduardo-bolsonaro-criticam-fala-da-madrasta-no-ceara\/#primaryimage"},"thumbnailUrl":"https:\/\/i0.wp.com\/afogadosfm.com.br\/afogadosfm\/wp-content\/uploads\/2022\/01\/balaio-de-gatos.jpg?fit=259%2C195&ssl=1","datePublished":"2025-12-02T09:00:20+00:00","dateModified":"2025-12-02T09:00:21+00:00","breadcrumb":{"@id":"https:\/\/afogadosfm.com.br\/afogadosfm\/2025\/12\/02\/carlos-flavio-e-eduardo-bolsonaro-criticam-fala-da-madrasta-no-ceara\/#breadcrumb"},"inLanguage":"pt-BR","potentialAction":[{"@type":"ReadAction","target":["https:\/\/afogadosfm.com.br\/afogadosfm\/2025\/12\/02\/carlos-flavio-e-eduardo-bolsonaro-criticam-fala-da-madrasta-no-ceara\/"]}]},{"@type":"ImageObject","inLanguage":"pt-BR","@id":"https:\/\/afogadosfm.com.br\/afogadosfm\/2025\/12\/02\/carlos-flavio-e-eduardo-bolsonaro-criticam-fala-da-madrasta-no-ceara\/#primaryimage","url":"https:\/\/i0.wp.com\/afogadosfm.com.br\/afogadosfm\/wp-content\/uploads\/2022\/01\/balaio-de-gatos.jpg?fit=259%2C195&ssl=1","contentUrl":"https:\/\/i0.wp.com\/afogadosfm.com.br\/afogadosfm\/wp-content\/uploads\/2022\/01\/balaio-de-gatos.jpg?fit=259%2C195&ssl=1","width":259,"height":195},{"@type":"BreadcrumbList","@id":"https:\/\/afogadosfm.com.br\/afogadosfm\/2025\/12\/02\/carlos-flavio-e-eduardo-bolsonaro-criticam-fala-da-madrasta-no-ceara\/#breadcrumb","itemListElement":[{"@type":"ListItem","position":1,"name":"In\u00edcio","item":"https:\/\/afogadosfm.com.br\/afogadosfm\/"},{"@type":"ListItem","position":2,"name":"Carlos, Fl\u00e1vio e Eduardo Bolsonaro criticam fala da madrasta no Cear\u00e1"}]},{"@type":"WebSite","@id":"https:\/\/afogadosfm.com.br\/afogadosfm\/#website","url":"https:\/\/afogadosfm.com.br\/afogadosfm\/","name":"Afogados FM","description":"Um site completo!","publisher":{"@id":"https:\/\/afogadosfm.com.br\/afogadosfm\/#organization"},"potentialAction":[{"@type":"SearchAction","target":{"@type":"EntryPoint","urlTemplate":"https:\/\/afogadosfm.com.br\/afogadosfm\/?s={search_term_string}"},"query-input":{"@type":"PropertyValueSpecification","valueRequired":true,"valueName":"search_term_string"}}],"inLanguage":"pt-BR"},{"@type":"Organization","@id":"https:\/\/afogadosfm.com.br\/afogadosfm\/#organization","name":"Afogados FM","url":"https:\/\/afogadosfm.com.br\/afogadosfm\/","logo":{"@type":"ImageObject","inLanguage":"pt-BR","@id":"https:\/\/afogadosfm.com.br\/afogadosfm\/#\/schema\/logo\/image\/","url":"https:\/\/i0.wp.com\/afogadosfm.com.br\/afogadosfm\/wp-content\/uploads\/2020\/06\/cropped-banner-afogados-4.jpg?fit=369%2C137&ssl=1","contentUrl":"https:\/\/i0.wp.com\/afogadosfm.com.br\/afogadosfm\/wp-content\/uploads\/2020\/06\/cropped-banner-afogados-4.jpg?fit=369%2C137&ssl=1","width":369,"height":137,"caption":"Afogados FM"},"image":{"@id":"https:\/\/afogadosfm.com.br\/afogadosfm\/#\/schema\/logo\/image\/"}},{"@type":"Person","@id":"https:\/\/afogadosfm.com.br\/afogadosfm\/#\/schema\/person\/60e56f2cf5dc960fc093fe093d9e9057","name":"afogadosfm","image":{"@type":"ImageObject","inLanguage":"pt-BR","@id":"https:\/\/secure.gravatar.com\/avatar\/e0359add7ed5dc3560906d861b52c6a8cf5c1e199d3a7dd85070998f49bd4701?s=96&d=mm&r=g","url":"https:\/\/secure.gravatar.com\/avatar\/e0359add7ed5dc3560906d861b52c6a8cf5c1e199d3a7dd85070998f49bd4701?s=96&d=mm&r=g","contentUrl":"https:\/\/secure.gravatar.com\/avatar\/e0359add7ed5dc3560906d861b52c6a8cf5c1e199d3a7dd85070998f49bd4701?s=96&d=mm&r=g","caption":"afogadosfm"},"url":"https:\/\/afogadosfm.com.br\/afogadosfm\/author\/afogadosfm\/"}]}},"jetpack_publicize_connections":[],"jetpack_featured_media_url":"https:\/\/i0.wp.com\/afogadosfm.com.br\/afogadosfm\/wp-content\/uploads\/2022\/01\/balaio-de-gatos.jpg?fit=259%2C195&ssl=1","jetpack-related-posts":[],"jetpack_sharing_enabled":true,"jetpack_likes_enabled":true,"_links":{"self":[{"href":"https:\/\/afogadosfm.com.br\/afogadosfm\/wp-json\/wp\/v2\/posts\/70965","targetHints":{"allow":["GET"]}}],"collection":[{"href":"https:\/\/afogadosfm.com.br\/afogadosfm\/wp-json\/wp\/v2\/posts"}],"about":[{"href":"https:\/\/afogadosfm.com.br\/afogadosfm\/wp-json\/wp\/v2\/types\/post"}],"author":[{"embeddable":true,"href":"https:\/\/afogadosfm.com.br\/afogadosfm\/wp-json\/wp\/v2\/users\/2"}],"replies":[{"embeddable":true,"href":"https:\/\/afogadosfm.com.br\/afogadosfm\/wp-json\/wp\/v2\/comments?post=70965"}],"version-history":[{"count":1,"href":"https:\/\/afogadosfm.com.br\/afogadosfm\/wp-json\/wp\/v2\/posts\/70965\/revisions"}],"predecessor-version":[{"id":70966,"href":"https:\/\/afogadosfm.com.br\/afogadosfm\/wp-json\/wp\/v2\/posts\/70965\/revisions\/70966"}],"wp:featuredmedia":[{"embeddable":true,"href":"https:\/\/afogadosfm.com.br\/afogadosfm\/wp-json\/wp\/v2\/media\/34200"}],"wp:attachment":[{"href":"https:\/\/afogadosfm.com.br\/afogadosfm\/wp-json\/wp\/v2\/media?parent=70965"}],"wp:term":[{"taxonomy":"category","embeddable":true,"href":"https:\/\/afogadosfm.com.br\/afogadosfm\/wp-json\/wp\/v2\/categories?post=70965"},{"taxonomy":"post_tag","embeddable":true,"href":"https:\/\/afogadosfm.com.br\/afogadosfm\/wp-json\/wp\/v2\/tags?post=70965"}],"curies":[{"name":"wp","href":"https:\/\/api.w.org\/{rel}","templated":true}]}}