{"id":70976,"date":"2025-12-02T08:54:21","date_gmt":"2025-12-02T11:54:21","guid":{"rendered":"https:\/\/afogadosfm.com.br\/afogadosfm\/?p=70976"},"modified":"2025-12-02T08:54:22","modified_gmt":"2025-12-02T11:54:22","slug":"viuva-do-eterno-chaves-florinda-meza-choca-o-brasil-com-revelacao-no-domingo-legal","status":"publish","type":"post","link":"https:\/\/afogadosfm.com.br\/afogadosfm\/2025\/12\/02\/viuva-do-eterno-chaves-florinda-meza-choca-o-brasil-com-revelacao-no-domingo-legal\/","title":{"rendered":"Vi\u00fava do eterno Chaves, Florinda Meza choca o Brasil com revela\u00e7\u00e3o no Domingo Legal"},"content":{"rendered":"\n<p>A atriz&nbsp;<strong>Florinda Meza<\/strong>, eternizada como Dona Florinda no seriado \u2018Chaves\u2019, rompeu o sil\u00eancio e comentou abertamente sobre sua insatisfa\u00e7\u00e3o com a s\u00e9rie produzida sobre a vida de Roberto G\u00f3mez Bola\u00f1os (1929-2014). Em entrevista ao \u2018Domingo Legal\u2019, ela afirmou que a dramatiza\u00e7\u00e3o traz situa\u00e7\u00f5es que, segundo ela, \u2018n\u00e3o correspondem \u00e0 realidade\u2019 e classificou grande parte do que foi exibido como \u2018mentira\u2019.<\/p>\n\n\n\n<p>Florinda Meza revelou ao vivo no Domingo Legal, do SBT, que n\u00e3o participou de nenhuma etapa da produ\u00e7\u00e3o e garantiu que n\u00e3o foi procurada pelos respons\u00e1veis, entre eles, os filhos de Bola\u00f1os. A atriz explicou ainda que a figura que seria sua representa\u00e7\u00e3o na trama n\u00e3o traduz quem ela realmente \u00e9.<\/p>\n\n\n\n<p>\u201c<em>Nunca me consultaram, n\u00e3o dei minha autoriza\u00e7\u00e3o. Obviamente, essa personagem n\u00e3o era eu, mas todos interpretavam que era eu. \u00c9 uma engana\u00e7\u00e3o ao p\u00fablico, porque nada disso \u00e9 verdade. \u00c9 uma fantasia<\/em>\u201c, declarou. Meza ainda recordou o in\u00edcio de seu relacionamento com Roberto, assumido quando ele ainda era casado, fato que gerou atritos que se estendem at\u00e9 hoje.<\/p>\n\n\n\n<p>A atriz admitiu que j\u00e1 esperava ser retratada de maneira desfavor\u00e1vel na produ\u00e7\u00e3o. \u201c<em>Nossa hist\u00f3ria foi muito dif\u00edcil no princ\u00edpio\u2026 Naquela \u00e9poca, n\u00e3o se falava da vida privada, n\u00e3o era como agora. O adult\u00e9rio no M\u00e9xico era penalizado com cadeia, agora as pessoas se divorciam facilmente, mas naquele tempo era muito dif\u00edcil conseguir um div\u00f3rcio<\/em>\u201c, desabafou, acrescentando: \u201c<em>N\u00f3s n\u00e3o quer\u00edamos fazer ningu\u00e9m sofrer, mas quer\u00edamos ser felizes<\/em>\u201c, disse.<\/p>\n","protected":false},"excerpt":{"rendered":"<p>A atriz&nbsp;Florinda Meza, eternizada como Dona Florinda no seriado \u2018Chaves\u2019, rompeu o sil\u00eancio e comentou abertamente sobre sua insatisfa\u00e7\u00e3o com<\/p>\n","protected":false},"author":2,"featured_media":70977,"comment_status":"open","ping_status":"open","sticky":false,"template":"","format":"standard","meta":{"jetpack_post_was_ever_published":false,"_jetpack_newsletter_access":"","_jetpack_dont_email_post_to_subs":false,"_jetpack_newsletter_tier_id":0,"_jetpack_memberships_contains_paywalled_content":false,"_jetpack_memberships_contains_paid_content":false,"footnotes":"","jetpack_publicize_message":"","jetpack_publicize_feature_enabled":true,"jetpack_social_post_already_shared":true,"jetpack_social_options":{"image_generator_settings":{"template":"highway","default_image_id":0,"font":"","enabled":false},"version":2}},"categories":[38],"tags":[],"class_list":["post-70976","post","type-post","status-publish","format-standard","has-post-thumbnail","hentry","category-famosos"],"yoast_head":"<!-- This site is optimized with the Yoast SEO plugin v27.4 - https:\/\/yoast.com\/product\/yoast-seo-wordpress\/ -->\n<title>Vi\u00fava do eterno Chaves, Florinda Meza choca o Brasil com revela\u00e7\u00e3o no Domingo Legal - Afogados FM<\/title>\n<meta name=\"robots\" content=\"index, follow, max-snippet:-1, max-image-preview:large, max-video-preview:-1\" \/>\n<link rel=\"canonical\" href=\"https:\/\/afogadosfm.com.br\/afogadosfm\/2025\/12\/02\/viuva-do-eterno-chaves-florinda-meza-choca-o-brasil-com-revelacao-no-domingo-legal\/\" \/>\n<meta property=\"og:locale\" content=\"pt_BR\" \/>\n<meta property=\"og:type\" content=\"article\" \/>\n<meta property=\"og:title\" content=\"Vi\u00fava do eterno Chaves, Florinda Meza choca o Brasil com revela\u00e7\u00e3o no Domingo Legal - Afogados FM\" \/>\n<meta property=\"og:description\" content=\"A atriz&nbsp;Florinda Meza, eternizada como Dona Florinda no seriado \u2018Chaves\u2019, rompeu o sil\u00eancio e comentou abertamente sobre sua insatisfa\u00e7\u00e3o com\" \/>\n<meta property=\"og:url\" content=\"https:\/\/afogadosfm.com.br\/afogadosfm\/2025\/12\/02\/viuva-do-eterno-chaves-florinda-meza-choca-o-brasil-com-revelacao-no-domingo-legal\/\" \/>\n<meta property=\"og:site_name\" content=\"Afogados FM\" \/>\n<meta property=\"article:published_time\" content=\"2025-12-02T11:54:21+00:00\" \/>\n<meta property=\"article:modified_time\" content=\"2025-12-02T11:54:22+00:00\" \/>\n<meta property=\"og:image\" content=\"https:\/\/afogadosfm.com.br\/afogadosfm\/wp-content\/uploads\/2025\/12\/florinda-meza.jpg\" \/>\n\t<meta property=\"og:image:width\" content=\"696\" \/>\n\t<meta property=\"og:image:height\" content=\"464\" \/>\n\t<meta property=\"og:image:type\" content=\"image\/jpeg\" \/>\n<meta name=\"author\" content=\"afogadosfm\" \/>\n<meta name=\"twitter:card\" content=\"summary_large_image\" \/>\n<meta name=\"twitter:label1\" content=\"Escrito por\" \/>\n\t<meta name=\"twitter:data1\" content=\"afogadosfm\" \/>\n\t<meta name=\"twitter:label2\" content=\"Est. tempo de leitura\" \/>\n\t<meta name=\"twitter:data2\" content=\"2 minutos\" \/>\n<script type=\"application\/ld+json\" class=\"yoast-schema-graph\">{\"@context\":\"https:\\\/\\\/schema.org\",\"@graph\":[{\"@type\":\"Article\",\"@id\":\"https:\\\/\\\/afogadosfm.com.br\\\/afogadosfm\\\/2025\\\/12\\\/02\\\/viuva-do-eterno-chaves-florinda-meza-choca-o-brasil-com-revelacao-no-domingo-legal\\\/#article\",\"isPartOf\":{\"@id\":\"https:\\\/\\\/afogadosfm.com.br\\\/afogadosfm\\\/2025\\\/12\\\/02\\\/viuva-do-eterno-chaves-florinda-meza-choca-o-brasil-com-revelacao-no-domingo-legal\\\/\"},\"author\":{\"name\":\"afogadosfm\",\"@id\":\"https:\\\/\\\/afogadosfm.com.br\\\/afogadosfm\\\/#\\\/schema\\\/person\\\/60e56f2cf5dc960fc093fe093d9e9057\"},\"headline\":\"Vi\u00fava do eterno Chaves, Florinda Meza choca o Brasil com revela\u00e7\u00e3o no Domingo Legal\",\"datePublished\":\"2025-12-02T11:54:21+00:00\",\"dateModified\":\"2025-12-02T11:54:22+00:00\",\"mainEntityOfPage\":{\"@id\":\"https:\\\/\\\/afogadosfm.com.br\\\/afogadosfm\\\/2025\\\/12\\\/02\\\/viuva-do-eterno-chaves-florinda-meza-choca-o-brasil-com-revelacao-no-domingo-legal\\\/\"},\"wordCount\":287,\"commentCount\":0,\"publisher\":{\"@id\":\"https:\\\/\\\/afogadosfm.com.br\\\/afogadosfm\\\/#organization\"},\"image\":{\"@id\":\"https:\\\/\\\/afogadosfm.com.br\\\/afogadosfm\\\/2025\\\/12\\\/02\\\/viuva-do-eterno-chaves-florinda-meza-choca-o-brasil-com-revelacao-no-domingo-legal\\\/#primaryimage\"},\"thumbnailUrl\":\"https:\\\/\\\/i0.wp.com\\\/afogadosfm.com.br\\\/afogadosfm\\\/wp-content\\\/uploads\\\/2025\\\/12\\\/florinda-meza.jpg?fit=696%2C464&ssl=1\",\"articleSection\":[\"Famosos\"],\"inLanguage\":\"pt-BR\",\"potentialAction\":[{\"@type\":\"CommentAction\",\"name\":\"Comment\",\"target\":[\"https:\\\/\\\/afogadosfm.com.br\\\/afogadosfm\\\/2025\\\/12\\\/02\\\/viuva-do-eterno-chaves-florinda-meza-choca-o-brasil-com-revelacao-no-domingo-legal\\\/#respond\"]}]},{\"@type\":\"WebPage\",\"@id\":\"https:\\\/\\\/afogadosfm.com.br\\\/afogadosfm\\\/2025\\\/12\\\/02\\\/viuva-do-eterno-chaves-florinda-meza-choca-o-brasil-com-revelacao-no-domingo-legal\\\/\",\"url\":\"https:\\\/\\\/afogadosfm.com.br\\\/afogadosfm\\\/2025\\\/12\\\/02\\\/viuva-do-eterno-chaves-florinda-meza-choca-o-brasil-com-revelacao-no-domingo-legal\\\/\",\"name\":\"Vi\u00fava do eterno Chaves, Florinda Meza choca o Brasil com revela\u00e7\u00e3o no Domingo Legal - Afogados FM\",\"isPartOf\":{\"@id\":\"https:\\\/\\\/afogadosfm.com.br\\\/afogadosfm\\\/#website\"},\"primaryImageOfPage\":{\"@id\":\"https:\\\/\\\/afogadosfm.com.br\\\/afogadosfm\\\/2025\\\/12\\\/02\\\/viuva-do-eterno-chaves-florinda-meza-choca-o-brasil-com-revelacao-no-domingo-legal\\\/#primaryimage\"},\"image\":{\"@id\":\"https:\\\/\\\/afogadosfm.com.br\\\/afogadosfm\\\/2025\\\/12\\\/02\\\/viuva-do-eterno-chaves-florinda-meza-choca-o-brasil-com-revelacao-no-domingo-legal\\\/#primaryimage\"},\"thumbnailUrl\":\"https:\\\/\\\/i0.wp.com\\\/afogadosfm.com.br\\\/afogadosfm\\\/wp-content\\\/uploads\\\/2025\\\/12\\\/florinda-meza.jpg?fit=696%2C464&ssl=1\",\"datePublished\":\"2025-12-02T11:54:21+00:00\",\"dateModified\":\"2025-12-02T11:54:22+00:00\",\"breadcrumb\":{\"@id\":\"https:\\\/\\\/afogadosfm.com.br\\\/afogadosfm\\\/2025\\\/12\\\/02\\\/viuva-do-eterno-chaves-florinda-meza-choca-o-brasil-com-revelacao-no-domingo-legal\\\/#breadcrumb\"},\"inLanguage\":\"pt-BR\",\"potentialAction\":[{\"@type\":\"ReadAction\",\"target\":[\"https:\\\/\\\/afogadosfm.com.br\\\/afogadosfm\\\/2025\\\/12\\\/02\\\/viuva-do-eterno-chaves-florinda-meza-choca-o-brasil-com-revelacao-no-domingo-legal\\\/\"]}]},{\"@type\":\"ImageObject\",\"inLanguage\":\"pt-BR\",\"@id\":\"https:\\\/\\\/afogadosfm.com.br\\\/afogadosfm\\\/2025\\\/12\\\/02\\\/viuva-do-eterno-chaves-florinda-meza-choca-o-brasil-com-revelacao-no-domingo-legal\\\/#primaryimage\",\"url\":\"https:\\\/\\\/i0.wp.com\\\/afogadosfm.com.br\\\/afogadosfm\\\/wp-content\\\/uploads\\\/2025\\\/12\\\/florinda-meza.jpg?fit=696%2C464&ssl=1\",\"contentUrl\":\"https:\\\/\\\/i0.wp.com\\\/afogadosfm.com.br\\\/afogadosfm\\\/wp-content\\\/uploads\\\/2025\\\/12\\\/florinda-meza.jpg?fit=696%2C464&ssl=1\",\"width\":696,\"height\":464},{\"@type\":\"BreadcrumbList\",\"@id\":\"https:\\\/\\\/afogadosfm.com.br\\\/afogadosfm\\\/2025\\\/12\\\/02\\\/viuva-do-eterno-chaves-florinda-meza-choca-o-brasil-com-revelacao-no-domingo-legal\\\/#breadcrumb\",\"itemListElement\":[{\"@type\":\"ListItem\",\"position\":1,\"name\":\"In\u00edcio\",\"item\":\"https:\\\/\\\/afogadosfm.com.br\\\/afogadosfm\\\/\"},{\"@type\":\"ListItem\",\"position\":2,\"name\":\"Vi\u00fava do eterno Chaves, Florinda Meza choca o Brasil com revela\u00e7\u00e3o no Domingo Legal\"}]},{\"@type\":\"WebSite\",\"@id\":\"https:\\\/\\\/afogadosfm.com.br\\\/afogadosfm\\\/#website\",\"url\":\"https:\\\/\\\/afogadosfm.com.br\\\/afogadosfm\\\/\",\"name\":\"Afogados FM\",\"description\":\"Um site completo!\",\"publisher\":{\"@id\":\"https:\\\/\\\/afogadosfm.com.br\\\/afogadosfm\\\/#organization\"},\"potentialAction\":[{\"@type\":\"SearchAction\",\"target\":{\"@type\":\"EntryPoint\",\"urlTemplate\":\"https:\\\/\\\/afogadosfm.com.br\\\/afogadosfm\\\/?s={search_term_string}\"},\"query-input\":{\"@type\":\"PropertyValueSpecification\",\"valueRequired\":true,\"valueName\":\"search_term_string\"}}],\"inLanguage\":\"pt-BR\"},{\"@type\":\"Organization\",\"@id\":\"https:\\\/\\\/afogadosfm.com.br\\\/afogadosfm\\\/#organization\",\"name\":\"Afogados FM\",\"url\":\"https:\\\/\\\/afogadosfm.com.br\\\/afogadosfm\\\/\",\"logo\":{\"@type\":\"ImageObject\",\"inLanguage\":\"pt-BR\",\"@id\":\"https:\\\/\\\/afogadosfm.com.br\\\/afogadosfm\\\/#\\\/schema\\\/logo\\\/image\\\/\",\"url\":\"https:\\\/\\\/i0.wp.com\\\/afogadosfm.com.br\\\/afogadosfm\\\/wp-content\\\/uploads\\\/2020\\\/06\\\/cropped-banner-afogados-4.jpg?fit=369%2C137&ssl=1\",\"contentUrl\":\"https:\\\/\\\/i0.wp.com\\\/afogadosfm.com.br\\\/afogadosfm\\\/wp-content\\\/uploads\\\/2020\\\/06\\\/cropped-banner-afogados-4.jpg?fit=369%2C137&ssl=1\",\"width\":369,\"height\":137,\"caption\":\"Afogados FM\"},\"image\":{\"@id\":\"https:\\\/\\\/afogadosfm.com.br\\\/afogadosfm\\\/#\\\/schema\\\/logo\\\/image\\\/\"}},{\"@type\":\"Person\",\"@id\":\"https:\\\/\\\/afogadosfm.com.br\\\/afogadosfm\\\/#\\\/schema\\\/person\\\/60e56f2cf5dc960fc093fe093d9e9057\",\"name\":\"afogadosfm\",\"image\":{\"@type\":\"ImageObject\",\"inLanguage\":\"pt-BR\",\"@id\":\"https:\\\/\\\/secure.gravatar.com\\\/avatar\\\/e0359add7ed5dc3560906d861b52c6a8cf5c1e199d3a7dd85070998f49bd4701?s=96&d=mm&r=g\",\"url\":\"https:\\\/\\\/secure.gravatar.com\\\/avatar\\\/e0359add7ed5dc3560906d861b52c6a8cf5c1e199d3a7dd85070998f49bd4701?s=96&d=mm&r=g\",\"contentUrl\":\"https:\\\/\\\/secure.gravatar.com\\\/avatar\\\/e0359add7ed5dc3560906d861b52c6a8cf5c1e199d3a7dd85070998f49bd4701?s=96&d=mm&r=g\",\"caption\":\"afogadosfm\"},\"url\":\"https:\\\/\\\/afogadosfm.com.br\\\/afogadosfm\\\/author\\\/afogadosfm\\\/\"}]}<\/script>\n<!-- \/ Yoast SEO plugin. -->","yoast_head_json":{"title":"Vi\u00fava do eterno Chaves, Florinda Meza choca o Brasil com revela\u00e7\u00e3o no Domingo Legal - Afogados FM","robots":{"index":"index","follow":"follow","max-snippet":"max-snippet:-1","max-image-preview":"max-image-preview:large","max-video-preview":"max-video-preview:-1"},"canonical":"https:\/\/afogadosfm.com.br\/afogadosfm\/2025\/12\/02\/viuva-do-eterno-chaves-florinda-meza-choca-o-brasil-com-revelacao-no-domingo-legal\/","og_locale":"pt_BR","og_type":"article","og_title":"Vi\u00fava do eterno Chaves, Florinda Meza choca o Brasil com revela\u00e7\u00e3o no Domingo Legal - Afogados FM","og_description":"A atriz&nbsp;Florinda Meza, eternizada como Dona Florinda no seriado \u2018Chaves\u2019, rompeu o sil\u00eancio e comentou abertamente sobre sua insatisfa\u00e7\u00e3o com","og_url":"https:\/\/afogadosfm.com.br\/afogadosfm\/2025\/12\/02\/viuva-do-eterno-chaves-florinda-meza-choca-o-brasil-com-revelacao-no-domingo-legal\/","og_site_name":"Afogados FM","article_published_time":"2025-12-02T11:54:21+00:00","article_modified_time":"2025-12-02T11:54:22+00:00","og_image":[{"width":696,"height":464,"url":"https:\/\/afogadosfm.com.br\/afogadosfm\/wp-content\/uploads\/2025\/12\/florinda-meza.jpg","type":"image\/jpeg"}],"author":"afogadosfm","twitter_card":"summary_large_image","twitter_misc":{"Escrito por":"afogadosfm","Est. tempo de leitura":"2 minutos"},"schema":{"@context":"https:\/\/schema.org","@graph":[{"@type":"Article","@id":"https:\/\/afogadosfm.com.br\/afogadosfm\/2025\/12\/02\/viuva-do-eterno-chaves-florinda-meza-choca-o-brasil-com-revelacao-no-domingo-legal\/#article","isPartOf":{"@id":"https:\/\/afogadosfm.com.br\/afogadosfm\/2025\/12\/02\/viuva-do-eterno-chaves-florinda-meza-choca-o-brasil-com-revelacao-no-domingo-legal\/"},"author":{"name":"afogadosfm","@id":"https:\/\/afogadosfm.com.br\/afogadosfm\/#\/schema\/person\/60e56f2cf5dc960fc093fe093d9e9057"},"headline":"Vi\u00fava do eterno Chaves, Florinda Meza choca o Brasil com revela\u00e7\u00e3o no Domingo Legal","datePublished":"2025-12-02T11:54:21+00:00","dateModified":"2025-12-02T11:54:22+00:00","mainEntityOfPage":{"@id":"https:\/\/afogadosfm.com.br\/afogadosfm\/2025\/12\/02\/viuva-do-eterno-chaves-florinda-meza-choca-o-brasil-com-revelacao-no-domingo-legal\/"},"wordCount":287,"commentCount":0,"publisher":{"@id":"https:\/\/afogadosfm.com.br\/afogadosfm\/#organization"},"image":{"@id":"https:\/\/afogadosfm.com.br\/afogadosfm\/2025\/12\/02\/viuva-do-eterno-chaves-florinda-meza-choca-o-brasil-com-revelacao-no-domingo-legal\/#primaryimage"},"thumbnailUrl":"https:\/\/i0.wp.com\/afogadosfm.com.br\/afogadosfm\/wp-content\/uploads\/2025\/12\/florinda-meza.jpg?fit=696%2C464&ssl=1","articleSection":["Famosos"],"inLanguage":"pt-BR","potentialAction":[{"@type":"CommentAction","name":"Comment","target":["https:\/\/afogadosfm.com.br\/afogadosfm\/2025\/12\/02\/viuva-do-eterno-chaves-florinda-meza-choca-o-brasil-com-revelacao-no-domingo-legal\/#respond"]}]},{"@type":"WebPage","@id":"https:\/\/afogadosfm.com.br\/afogadosfm\/2025\/12\/02\/viuva-do-eterno-chaves-florinda-meza-choca-o-brasil-com-revelacao-no-domingo-legal\/","url":"https:\/\/afogadosfm.com.br\/afogadosfm\/2025\/12\/02\/viuva-do-eterno-chaves-florinda-meza-choca-o-brasil-com-revelacao-no-domingo-legal\/","name":"Vi\u00fava do eterno Chaves, Florinda Meza choca o Brasil com revela\u00e7\u00e3o no Domingo Legal - Afogados FM","isPartOf":{"@id":"https:\/\/afogadosfm.com.br\/afogadosfm\/#website"},"primaryImageOfPage":{"@id":"https:\/\/afogadosfm.com.br\/afogadosfm\/2025\/12\/02\/viuva-do-eterno-chaves-florinda-meza-choca-o-brasil-com-revelacao-no-domingo-legal\/#primaryimage"},"image":{"@id":"https:\/\/afogadosfm.com.br\/afogadosfm\/2025\/12\/02\/viuva-do-eterno-chaves-florinda-meza-choca-o-brasil-com-revelacao-no-domingo-legal\/#primaryimage"},"thumbnailUrl":"https:\/\/i0.wp.com\/afogadosfm.com.br\/afogadosfm\/wp-content\/uploads\/2025\/12\/florinda-meza.jpg?fit=696%2C464&ssl=1","datePublished":"2025-12-02T11:54:21+00:00","dateModified":"2025-12-02T11:54:22+00:00","breadcrumb":{"@id":"https:\/\/afogadosfm.com.br\/afogadosfm\/2025\/12\/02\/viuva-do-eterno-chaves-florinda-meza-choca-o-brasil-com-revelacao-no-domingo-legal\/#breadcrumb"},"inLanguage":"pt-BR","potentialAction":[{"@type":"ReadAction","target":["https:\/\/afogadosfm.com.br\/afogadosfm\/2025\/12\/02\/viuva-do-eterno-chaves-florinda-meza-choca-o-brasil-com-revelacao-no-domingo-legal\/"]}]},{"@type":"ImageObject","inLanguage":"pt-BR","@id":"https:\/\/afogadosfm.com.br\/afogadosfm\/2025\/12\/02\/viuva-do-eterno-chaves-florinda-meza-choca-o-brasil-com-revelacao-no-domingo-legal\/#primaryimage","url":"https:\/\/i0.wp.com\/afogadosfm.com.br\/afogadosfm\/wp-content\/uploads\/2025\/12\/florinda-meza.jpg?fit=696%2C464&ssl=1","contentUrl":"https:\/\/i0.wp.com\/afogadosfm.com.br\/afogadosfm\/wp-content\/uploads\/2025\/12\/florinda-meza.jpg?fit=696%2C464&ssl=1","width":696,"height":464},{"@type":"BreadcrumbList","@id":"https:\/\/afogadosfm.com.br\/afogadosfm\/2025\/12\/02\/viuva-do-eterno-chaves-florinda-meza-choca-o-brasil-com-revelacao-no-domingo-legal\/#breadcrumb","itemListElement":[{"@type":"ListItem","position":1,"name":"In\u00edcio","item":"https:\/\/afogadosfm.com.br\/afogadosfm\/"},{"@type":"ListItem","position":2,"name":"Vi\u00fava do eterno Chaves, Florinda Meza choca o Brasil com revela\u00e7\u00e3o no Domingo Legal"}]},{"@type":"WebSite","@id":"https:\/\/afogadosfm.com.br\/afogadosfm\/#website","url":"https:\/\/afogadosfm.com.br\/afogadosfm\/","name":"Afogados FM","description":"Um site completo!","publisher":{"@id":"https:\/\/afogadosfm.com.br\/afogadosfm\/#organization"},"potentialAction":[{"@type":"SearchAction","target":{"@type":"EntryPoint","urlTemplate":"https:\/\/afogadosfm.com.br\/afogadosfm\/?s={search_term_string}"},"query-input":{"@type":"PropertyValueSpecification","valueRequired":true,"valueName":"search_term_string"}}],"inLanguage":"pt-BR"},{"@type":"Organization","@id":"https:\/\/afogadosfm.com.br\/afogadosfm\/#organization","name":"Afogados FM","url":"https:\/\/afogadosfm.com.br\/afogadosfm\/","logo":{"@type":"ImageObject","inLanguage":"pt-BR","@id":"https:\/\/afogadosfm.com.br\/afogadosfm\/#\/schema\/logo\/image\/","url":"https:\/\/i0.wp.com\/afogadosfm.com.br\/afogadosfm\/wp-content\/uploads\/2020\/06\/cropped-banner-afogados-4.jpg?fit=369%2C137&ssl=1","contentUrl":"https:\/\/i0.wp.com\/afogadosfm.com.br\/afogadosfm\/wp-content\/uploads\/2020\/06\/cropped-banner-afogados-4.jpg?fit=369%2C137&ssl=1","width":369,"height":137,"caption":"Afogados FM"},"image":{"@id":"https:\/\/afogadosfm.com.br\/afogadosfm\/#\/schema\/logo\/image\/"}},{"@type":"Person","@id":"https:\/\/afogadosfm.com.br\/afogadosfm\/#\/schema\/person\/60e56f2cf5dc960fc093fe093d9e9057","name":"afogadosfm","image":{"@type":"ImageObject","inLanguage":"pt-BR","@id":"https:\/\/secure.gravatar.com\/avatar\/e0359add7ed5dc3560906d861b52c6a8cf5c1e199d3a7dd85070998f49bd4701?s=96&d=mm&r=g","url":"https:\/\/secure.gravatar.com\/avatar\/e0359add7ed5dc3560906d861b52c6a8cf5c1e199d3a7dd85070998f49bd4701?s=96&d=mm&r=g","contentUrl":"https:\/\/secure.gravatar.com\/avatar\/e0359add7ed5dc3560906d861b52c6a8cf5c1e199d3a7dd85070998f49bd4701?s=96&d=mm&r=g","caption":"afogadosfm"},"url":"https:\/\/afogadosfm.com.br\/afogadosfm\/author\/afogadosfm\/"}]}},"jetpack_publicize_connections":[],"jetpack_featured_media_url":"https:\/\/i0.wp.com\/afogadosfm.com.br\/afogadosfm\/wp-content\/uploads\/2025\/12\/florinda-meza.jpg?fit=696%2C464&ssl=1","jetpack-related-posts":[],"jetpack_sharing_enabled":true,"jetpack_likes_enabled":true,"_links":{"self":[{"href":"https:\/\/afogadosfm.com.br\/afogadosfm\/wp-json\/wp\/v2\/posts\/70976","targetHints":{"allow":["GET"]}}],"collection":[{"href":"https:\/\/afogadosfm.com.br\/afogadosfm\/wp-json\/wp\/v2\/posts"}],"about":[{"href":"https:\/\/afogadosfm.com.br\/afogadosfm\/wp-json\/wp\/v2\/types\/post"}],"author":[{"embeddable":true,"href":"https:\/\/afogadosfm.com.br\/afogadosfm\/wp-json\/wp\/v2\/users\/2"}],"replies":[{"embeddable":true,"href":"https:\/\/afogadosfm.com.br\/afogadosfm\/wp-json\/wp\/v2\/comments?post=70976"}],"version-history":[{"count":1,"href":"https:\/\/afogadosfm.com.br\/afogadosfm\/wp-json\/wp\/v2\/posts\/70976\/revisions"}],"predecessor-version":[{"id":70978,"href":"https:\/\/afogadosfm.com.br\/afogadosfm\/wp-json\/wp\/v2\/posts\/70976\/revisions\/70978"}],"wp:featuredmedia":[{"embeddable":true,"href":"https:\/\/afogadosfm.com.br\/afogadosfm\/wp-json\/wp\/v2\/media\/70977"}],"wp:attachment":[{"href":"https:\/\/afogadosfm.com.br\/afogadosfm\/wp-json\/wp\/v2\/media?parent=70976"}],"wp:term":[{"taxonomy":"category","embeddable":true,"href":"https:\/\/afogadosfm.com.br\/afogadosfm\/wp-json\/wp\/v2\/categories?post=70976"},{"taxonomy":"post_tag","embeddable":true,"href":"https:\/\/afogadosfm.com.br\/afogadosfm\/wp-json\/wp\/v2\/tags?post=70976"}],"curies":[{"name":"wp","href":"https:\/\/api.w.org\/{rel}","templated":true}]}}