{"id":71160,"date":"2025-12-10T06:01:29","date_gmt":"2025-12-10T09:01:29","guid":{"rendered":"https:\/\/afogadosfm.com.br\/afogadosfm\/?p=71160"},"modified":"2025-12-10T06:20:41","modified_gmt":"2025-12-10T09:20:41","slug":"governo-anuncia-cnh-vai-renovar-sozinha-e-de-graca-para-quem-nao-levar-multa","status":"publish","type":"post","link":"https:\/\/afogadosfm.com.br\/afogadosfm\/2025\/12\/10\/governo-anuncia-cnh-vai-renovar-sozinha-e-de-graca-para-quem-nao-levar-multa\/","title":{"rendered":"Governo anuncia, CNH vai renovar sozinha e de gra\u00e7a para quem n\u00e3o levar multa"},"content":{"rendered":"\n<p>O ministro dos Transportes, Renan Filho, confirmou que o governo vai lan\u00e7ar uma novidade que promete facilitar a vida de muita gente: a CNH ser\u00e1 renovada automaticamente e sem custo para o motorista que n\u00e3o tiver levado nenhum ponto no ano anterior.<\/p>\n\n\n\n<p>Segundo ele, quem dirige direitinho n\u00e3o deveria ter que fazer tudo de novo nem perder tempo em fila.<br>\u201cSe a pessoa n\u00e3o comete infra\u00e7\u00e3o, por que fazer exame de novo?\u201d, disse o ministro.<\/p>\n\n\n\n<p>Como \u00e9 hoje?<\/p>\n\n\n\n<p>Hoje, para renovar, todo mundo precisa fazer exame m\u00e9dico e seguir regras que mudam conforme a idade e a categoria da carteira. Depois de 30 dias do vencimento, dirigir vira infra\u00e7\u00e3o grav\u00edssima.<\/p>\n\n\n\n<p>Quando come\u00e7a?<\/p>\n\n\n\n<p>A novidade foi anunciada oficialmente na ter\u00e7a (9), no Pal\u00e1cio do Planalto, com a presen\u00e7a do presidente Lula, do vice Geraldo Alckmin e de autoridades do setor.<br>Logo depois do evento, as mudan\u00e7as devem sair numa edi\u00e7\u00e3o extra do Di\u00e1rio Oficial da Uni\u00e3o e come\u00e7am a valer.<\/p>\n\n\n\n<p>Parte de um pacote maior<\/p>\n\n\n\n<p>A medida faz parte de um conjunto de a\u00e7\u00f5es do governo para modernizar e desburocratizar tudo relacionado \u00e0 CNH, junto com as novas regras para tirar o documento.<\/p>\n","protected":false},"excerpt":{"rendered":"<p>O ministro dos Transportes, Renan Filho, confirmou que o governo vai lan\u00e7ar uma novidade que promete facilitar a vida de<\/p>\n","protected":false},"author":2,"featured_media":54362,"comment_status":"open","ping_status":"open","sticky":false,"template":"","format":"standard","meta":{"jetpack_post_was_ever_published":false,"_jetpack_newsletter_access":"","_jetpack_dont_email_post_to_subs":false,"_jetpack_newsletter_tier_id":0,"_jetpack_memberships_contains_paywalled_content":false,"_jetpack_memberships_contains_paid_content":false,"footnotes":"","jetpack_publicize_message":"","jetpack_publicize_feature_enabled":true,"jetpack_social_post_already_shared":true,"jetpack_social_options":{"image_generator_settings":{"template":"highway","default_image_id":0,"font":"","enabled":false},"version":2}},"categories":[12],"tags":[],"class_list":["post-71160","post","type-post","status-publish","format-standard","has-post-thumbnail","hentry","category-brasil"],"yoast_head":"<!-- This site is optimized with the Yoast SEO plugin v27.4 - https:\/\/yoast.com\/product\/yoast-seo-wordpress\/ -->\n<title>Governo anuncia, CNH vai renovar sozinha e de gra\u00e7a para quem n\u00e3o levar multa - Afogados FM<\/title>\n<meta name=\"robots\" content=\"index, follow, max-snippet:-1, max-image-preview:large, max-video-preview:-1\" \/>\n<link rel=\"canonical\" href=\"https:\/\/afogadosfm.com.br\/afogadosfm\/2025\/12\/10\/governo-anuncia-cnh-vai-renovar-sozinha-e-de-graca-para-quem-nao-levar-multa\/\" \/>\n<meta property=\"og:locale\" content=\"pt_BR\" \/>\n<meta property=\"og:type\" content=\"article\" \/>\n<meta property=\"og:title\" content=\"Governo anuncia, CNH vai renovar sozinha e de gra\u00e7a para quem n\u00e3o levar multa - Afogados FM\" \/>\n<meta property=\"og:description\" content=\"O ministro dos Transportes, Renan Filho, confirmou que o governo vai lan\u00e7ar uma novidade que promete facilitar a vida de\" \/>\n<meta property=\"og:url\" content=\"https:\/\/afogadosfm.com.br\/afogadosfm\/2025\/12\/10\/governo-anuncia-cnh-vai-renovar-sozinha-e-de-graca-para-quem-nao-levar-multa\/\" \/>\n<meta property=\"og:site_name\" content=\"Afogados FM\" \/>\n<meta property=\"article:published_time\" content=\"2025-12-10T09:01:29+00:00\" \/>\n<meta property=\"article:modified_time\" content=\"2025-12-10T09:20:41+00:00\" \/>\n<meta property=\"og:image\" content=\"https:\/\/afogadosfm.com.br\/afogadosfm\/wp-content\/uploads\/2024\/02\/nova-cnh.jpg\" \/>\n\t<meta property=\"og:image:width\" content=\"1100\" \/>\n\t<meta property=\"og:image:height\" content=\"659\" \/>\n\t<meta property=\"og:image:type\" content=\"image\/jpeg\" \/>\n<meta name=\"author\" content=\"afogadosfm\" \/>\n<meta name=\"twitter:card\" content=\"summary_large_image\" \/>\n<meta name=\"twitter:label1\" content=\"Escrito por\" \/>\n\t<meta name=\"twitter:data1\" content=\"afogadosfm\" \/>\n\t<meta name=\"twitter:label2\" content=\"Est. tempo de leitura\" \/>\n\t<meta name=\"twitter:data2\" content=\"2 minutos\" \/>\n<script type=\"application\/ld+json\" class=\"yoast-schema-graph\">{\"@context\":\"https:\\\/\\\/schema.org\",\"@graph\":[{\"@type\":\"Article\",\"@id\":\"https:\\\/\\\/afogadosfm.com.br\\\/afogadosfm\\\/2025\\\/12\\\/10\\\/governo-anuncia-cnh-vai-renovar-sozinha-e-de-graca-para-quem-nao-levar-multa\\\/#article\",\"isPartOf\":{\"@id\":\"https:\\\/\\\/afogadosfm.com.br\\\/afogadosfm\\\/2025\\\/12\\\/10\\\/governo-anuncia-cnh-vai-renovar-sozinha-e-de-graca-para-quem-nao-levar-multa\\\/\"},\"author\":{\"name\":\"afogadosfm\",\"@id\":\"https:\\\/\\\/afogadosfm.com.br\\\/afogadosfm\\\/#\\\/schema\\\/person\\\/60e56f2cf5dc960fc093fe093d9e9057\"},\"headline\":\"Governo anuncia, CNH vai renovar sozinha e de gra\u00e7a para quem n\u00e3o levar multa\",\"datePublished\":\"2025-12-10T09:01:29+00:00\",\"dateModified\":\"2025-12-10T09:20:41+00:00\",\"mainEntityOfPage\":{\"@id\":\"https:\\\/\\\/afogadosfm.com.br\\\/afogadosfm\\\/2025\\\/12\\\/10\\\/governo-anuncia-cnh-vai-renovar-sozinha-e-de-graca-para-quem-nao-levar-multa\\\/\"},\"wordCount\":222,\"commentCount\":0,\"publisher\":{\"@id\":\"https:\\\/\\\/afogadosfm.com.br\\\/afogadosfm\\\/#organization\"},\"image\":{\"@id\":\"https:\\\/\\\/afogadosfm.com.br\\\/afogadosfm\\\/2025\\\/12\\\/10\\\/governo-anuncia-cnh-vai-renovar-sozinha-e-de-graca-para-quem-nao-levar-multa\\\/#primaryimage\"},\"thumbnailUrl\":\"https:\\\/\\\/i0.wp.com\\\/afogadosfm.com.br\\\/afogadosfm\\\/wp-content\\\/uploads\\\/2024\\\/02\\\/nova-cnh.jpg?fit=1100%2C659&ssl=1\",\"articleSection\":[\"Brasil\"],\"inLanguage\":\"pt-BR\",\"potentialAction\":[{\"@type\":\"CommentAction\",\"name\":\"Comment\",\"target\":[\"https:\\\/\\\/afogadosfm.com.br\\\/afogadosfm\\\/2025\\\/12\\\/10\\\/governo-anuncia-cnh-vai-renovar-sozinha-e-de-graca-para-quem-nao-levar-multa\\\/#respond\"]}]},{\"@type\":\"WebPage\",\"@id\":\"https:\\\/\\\/afogadosfm.com.br\\\/afogadosfm\\\/2025\\\/12\\\/10\\\/governo-anuncia-cnh-vai-renovar-sozinha-e-de-graca-para-quem-nao-levar-multa\\\/\",\"url\":\"https:\\\/\\\/afogadosfm.com.br\\\/afogadosfm\\\/2025\\\/12\\\/10\\\/governo-anuncia-cnh-vai-renovar-sozinha-e-de-graca-para-quem-nao-levar-multa\\\/\",\"name\":\"Governo anuncia, CNH vai renovar sozinha e de gra\u00e7a para quem n\u00e3o levar multa - Afogados FM\",\"isPartOf\":{\"@id\":\"https:\\\/\\\/afogadosfm.com.br\\\/afogadosfm\\\/#website\"},\"primaryImageOfPage\":{\"@id\":\"https:\\\/\\\/afogadosfm.com.br\\\/afogadosfm\\\/2025\\\/12\\\/10\\\/governo-anuncia-cnh-vai-renovar-sozinha-e-de-graca-para-quem-nao-levar-multa\\\/#primaryimage\"},\"image\":{\"@id\":\"https:\\\/\\\/afogadosfm.com.br\\\/afogadosfm\\\/2025\\\/12\\\/10\\\/governo-anuncia-cnh-vai-renovar-sozinha-e-de-graca-para-quem-nao-levar-multa\\\/#primaryimage\"},\"thumbnailUrl\":\"https:\\\/\\\/i0.wp.com\\\/afogadosfm.com.br\\\/afogadosfm\\\/wp-content\\\/uploads\\\/2024\\\/02\\\/nova-cnh.jpg?fit=1100%2C659&ssl=1\",\"datePublished\":\"2025-12-10T09:01:29+00:00\",\"dateModified\":\"2025-12-10T09:20:41+00:00\",\"breadcrumb\":{\"@id\":\"https:\\\/\\\/afogadosfm.com.br\\\/afogadosfm\\\/2025\\\/12\\\/10\\\/governo-anuncia-cnh-vai-renovar-sozinha-e-de-graca-para-quem-nao-levar-multa\\\/#breadcrumb\"},\"inLanguage\":\"pt-BR\",\"potentialAction\":[{\"@type\":\"ReadAction\",\"target\":[\"https:\\\/\\\/afogadosfm.com.br\\\/afogadosfm\\\/2025\\\/12\\\/10\\\/governo-anuncia-cnh-vai-renovar-sozinha-e-de-graca-para-quem-nao-levar-multa\\\/\"]}]},{\"@type\":\"ImageObject\",\"inLanguage\":\"pt-BR\",\"@id\":\"https:\\\/\\\/afogadosfm.com.br\\\/afogadosfm\\\/2025\\\/12\\\/10\\\/governo-anuncia-cnh-vai-renovar-sozinha-e-de-graca-para-quem-nao-levar-multa\\\/#primaryimage\",\"url\":\"https:\\\/\\\/i0.wp.com\\\/afogadosfm.com.br\\\/afogadosfm\\\/wp-content\\\/uploads\\\/2024\\\/02\\\/nova-cnh.jpg?fit=1100%2C659&ssl=1\",\"contentUrl\":\"https:\\\/\\\/i0.wp.com\\\/afogadosfm.com.br\\\/afogadosfm\\\/wp-content\\\/uploads\\\/2024\\\/02\\\/nova-cnh.jpg?fit=1100%2C659&ssl=1\",\"width\":1100,\"height\":659},{\"@type\":\"BreadcrumbList\",\"@id\":\"https:\\\/\\\/afogadosfm.com.br\\\/afogadosfm\\\/2025\\\/12\\\/10\\\/governo-anuncia-cnh-vai-renovar-sozinha-e-de-graca-para-quem-nao-levar-multa\\\/#breadcrumb\",\"itemListElement\":[{\"@type\":\"ListItem\",\"position\":1,\"name\":\"In\u00edcio\",\"item\":\"https:\\\/\\\/afogadosfm.com.br\\\/afogadosfm\\\/\"},{\"@type\":\"ListItem\",\"position\":2,\"name\":\"Governo anuncia, CNH vai renovar sozinha e de gra\u00e7a para quem n\u00e3o levar multa\"}]},{\"@type\":\"WebSite\",\"@id\":\"https:\\\/\\\/afogadosfm.com.br\\\/afogadosfm\\\/#website\",\"url\":\"https:\\\/\\\/afogadosfm.com.br\\\/afogadosfm\\\/\",\"name\":\"Afogados FM\",\"description\":\"Um site completo!\",\"publisher\":{\"@id\":\"https:\\\/\\\/afogadosfm.com.br\\\/afogadosfm\\\/#organization\"},\"potentialAction\":[{\"@type\":\"SearchAction\",\"target\":{\"@type\":\"EntryPoint\",\"urlTemplate\":\"https:\\\/\\\/afogadosfm.com.br\\\/afogadosfm\\\/?s={search_term_string}\"},\"query-input\":{\"@type\":\"PropertyValueSpecification\",\"valueRequired\":true,\"valueName\":\"search_term_string\"}}],\"inLanguage\":\"pt-BR\"},{\"@type\":\"Organization\",\"@id\":\"https:\\\/\\\/afogadosfm.com.br\\\/afogadosfm\\\/#organization\",\"name\":\"Afogados FM\",\"url\":\"https:\\\/\\\/afogadosfm.com.br\\\/afogadosfm\\\/\",\"logo\":{\"@type\":\"ImageObject\",\"inLanguage\":\"pt-BR\",\"@id\":\"https:\\\/\\\/afogadosfm.com.br\\\/afogadosfm\\\/#\\\/schema\\\/logo\\\/image\\\/\",\"url\":\"https:\\\/\\\/i0.wp.com\\\/afogadosfm.com.br\\\/afogadosfm\\\/wp-content\\\/uploads\\\/2020\\\/06\\\/cropped-banner-afogados-4.jpg?fit=369%2C137&ssl=1\",\"contentUrl\":\"https:\\\/\\\/i0.wp.com\\\/afogadosfm.com.br\\\/afogadosfm\\\/wp-content\\\/uploads\\\/2020\\\/06\\\/cropped-banner-afogados-4.jpg?fit=369%2C137&ssl=1\",\"width\":369,\"height\":137,\"caption\":\"Afogados FM\"},\"image\":{\"@id\":\"https:\\\/\\\/afogadosfm.com.br\\\/afogadosfm\\\/#\\\/schema\\\/logo\\\/image\\\/\"}},{\"@type\":\"Person\",\"@id\":\"https:\\\/\\\/afogadosfm.com.br\\\/afogadosfm\\\/#\\\/schema\\\/person\\\/60e56f2cf5dc960fc093fe093d9e9057\",\"name\":\"afogadosfm\",\"image\":{\"@type\":\"ImageObject\",\"inLanguage\":\"pt-BR\",\"@id\":\"https:\\\/\\\/secure.gravatar.com\\\/avatar\\\/e0359add7ed5dc3560906d861b52c6a8cf5c1e199d3a7dd85070998f49bd4701?s=96&d=mm&r=g\",\"url\":\"https:\\\/\\\/secure.gravatar.com\\\/avatar\\\/e0359add7ed5dc3560906d861b52c6a8cf5c1e199d3a7dd85070998f49bd4701?s=96&d=mm&r=g\",\"contentUrl\":\"https:\\\/\\\/secure.gravatar.com\\\/avatar\\\/e0359add7ed5dc3560906d861b52c6a8cf5c1e199d3a7dd85070998f49bd4701?s=96&d=mm&r=g\",\"caption\":\"afogadosfm\"},\"url\":\"https:\\\/\\\/afogadosfm.com.br\\\/afogadosfm\\\/author\\\/afogadosfm\\\/\"}]}<\/script>\n<!-- \/ Yoast SEO plugin. -->","yoast_head_json":{"title":"Governo anuncia, CNH vai renovar sozinha e de gra\u00e7a para quem n\u00e3o levar multa - Afogados FM","robots":{"index":"index","follow":"follow","max-snippet":"max-snippet:-1","max-image-preview":"max-image-preview:large","max-video-preview":"max-video-preview:-1"},"canonical":"https:\/\/afogadosfm.com.br\/afogadosfm\/2025\/12\/10\/governo-anuncia-cnh-vai-renovar-sozinha-e-de-graca-para-quem-nao-levar-multa\/","og_locale":"pt_BR","og_type":"article","og_title":"Governo anuncia, CNH vai renovar sozinha e de gra\u00e7a para quem n\u00e3o levar multa - Afogados FM","og_description":"O ministro dos Transportes, Renan Filho, confirmou que o governo vai lan\u00e7ar uma novidade que promete facilitar a vida de","og_url":"https:\/\/afogadosfm.com.br\/afogadosfm\/2025\/12\/10\/governo-anuncia-cnh-vai-renovar-sozinha-e-de-graca-para-quem-nao-levar-multa\/","og_site_name":"Afogados FM","article_published_time":"2025-12-10T09:01:29+00:00","article_modified_time":"2025-12-10T09:20:41+00:00","og_image":[{"width":1100,"height":659,"url":"https:\/\/afogadosfm.com.br\/afogadosfm\/wp-content\/uploads\/2024\/02\/nova-cnh.jpg","type":"image\/jpeg"}],"author":"afogadosfm","twitter_card":"summary_large_image","twitter_misc":{"Escrito por":"afogadosfm","Est. tempo de leitura":"2 minutos"},"schema":{"@context":"https:\/\/schema.org","@graph":[{"@type":"Article","@id":"https:\/\/afogadosfm.com.br\/afogadosfm\/2025\/12\/10\/governo-anuncia-cnh-vai-renovar-sozinha-e-de-graca-para-quem-nao-levar-multa\/#article","isPartOf":{"@id":"https:\/\/afogadosfm.com.br\/afogadosfm\/2025\/12\/10\/governo-anuncia-cnh-vai-renovar-sozinha-e-de-graca-para-quem-nao-levar-multa\/"},"author":{"name":"afogadosfm","@id":"https:\/\/afogadosfm.com.br\/afogadosfm\/#\/schema\/person\/60e56f2cf5dc960fc093fe093d9e9057"},"headline":"Governo anuncia, CNH vai renovar sozinha e de gra\u00e7a para quem n\u00e3o levar multa","datePublished":"2025-12-10T09:01:29+00:00","dateModified":"2025-12-10T09:20:41+00:00","mainEntityOfPage":{"@id":"https:\/\/afogadosfm.com.br\/afogadosfm\/2025\/12\/10\/governo-anuncia-cnh-vai-renovar-sozinha-e-de-graca-para-quem-nao-levar-multa\/"},"wordCount":222,"commentCount":0,"publisher":{"@id":"https:\/\/afogadosfm.com.br\/afogadosfm\/#organization"},"image":{"@id":"https:\/\/afogadosfm.com.br\/afogadosfm\/2025\/12\/10\/governo-anuncia-cnh-vai-renovar-sozinha-e-de-graca-para-quem-nao-levar-multa\/#primaryimage"},"thumbnailUrl":"https:\/\/i0.wp.com\/afogadosfm.com.br\/afogadosfm\/wp-content\/uploads\/2024\/02\/nova-cnh.jpg?fit=1100%2C659&ssl=1","articleSection":["Brasil"],"inLanguage":"pt-BR","potentialAction":[{"@type":"CommentAction","name":"Comment","target":["https:\/\/afogadosfm.com.br\/afogadosfm\/2025\/12\/10\/governo-anuncia-cnh-vai-renovar-sozinha-e-de-graca-para-quem-nao-levar-multa\/#respond"]}]},{"@type":"WebPage","@id":"https:\/\/afogadosfm.com.br\/afogadosfm\/2025\/12\/10\/governo-anuncia-cnh-vai-renovar-sozinha-e-de-graca-para-quem-nao-levar-multa\/","url":"https:\/\/afogadosfm.com.br\/afogadosfm\/2025\/12\/10\/governo-anuncia-cnh-vai-renovar-sozinha-e-de-graca-para-quem-nao-levar-multa\/","name":"Governo anuncia, CNH vai renovar sozinha e de gra\u00e7a para quem n\u00e3o levar multa - Afogados FM","isPartOf":{"@id":"https:\/\/afogadosfm.com.br\/afogadosfm\/#website"},"primaryImageOfPage":{"@id":"https:\/\/afogadosfm.com.br\/afogadosfm\/2025\/12\/10\/governo-anuncia-cnh-vai-renovar-sozinha-e-de-graca-para-quem-nao-levar-multa\/#primaryimage"},"image":{"@id":"https:\/\/afogadosfm.com.br\/afogadosfm\/2025\/12\/10\/governo-anuncia-cnh-vai-renovar-sozinha-e-de-graca-para-quem-nao-levar-multa\/#primaryimage"},"thumbnailUrl":"https:\/\/i0.wp.com\/afogadosfm.com.br\/afogadosfm\/wp-content\/uploads\/2024\/02\/nova-cnh.jpg?fit=1100%2C659&ssl=1","datePublished":"2025-12-10T09:01:29+00:00","dateModified":"2025-12-10T09:20:41+00:00","breadcrumb":{"@id":"https:\/\/afogadosfm.com.br\/afogadosfm\/2025\/12\/10\/governo-anuncia-cnh-vai-renovar-sozinha-e-de-graca-para-quem-nao-levar-multa\/#breadcrumb"},"inLanguage":"pt-BR","potentialAction":[{"@type":"ReadAction","target":["https:\/\/afogadosfm.com.br\/afogadosfm\/2025\/12\/10\/governo-anuncia-cnh-vai-renovar-sozinha-e-de-graca-para-quem-nao-levar-multa\/"]}]},{"@type":"ImageObject","inLanguage":"pt-BR","@id":"https:\/\/afogadosfm.com.br\/afogadosfm\/2025\/12\/10\/governo-anuncia-cnh-vai-renovar-sozinha-e-de-graca-para-quem-nao-levar-multa\/#primaryimage","url":"https:\/\/i0.wp.com\/afogadosfm.com.br\/afogadosfm\/wp-content\/uploads\/2024\/02\/nova-cnh.jpg?fit=1100%2C659&ssl=1","contentUrl":"https:\/\/i0.wp.com\/afogadosfm.com.br\/afogadosfm\/wp-content\/uploads\/2024\/02\/nova-cnh.jpg?fit=1100%2C659&ssl=1","width":1100,"height":659},{"@type":"BreadcrumbList","@id":"https:\/\/afogadosfm.com.br\/afogadosfm\/2025\/12\/10\/governo-anuncia-cnh-vai-renovar-sozinha-e-de-graca-para-quem-nao-levar-multa\/#breadcrumb","itemListElement":[{"@type":"ListItem","position":1,"name":"In\u00edcio","item":"https:\/\/afogadosfm.com.br\/afogadosfm\/"},{"@type":"ListItem","position":2,"name":"Governo anuncia, CNH vai renovar sozinha e de gra\u00e7a para quem n\u00e3o levar multa"}]},{"@type":"WebSite","@id":"https:\/\/afogadosfm.com.br\/afogadosfm\/#website","url":"https:\/\/afogadosfm.com.br\/afogadosfm\/","name":"Afogados FM","description":"Um site completo!","publisher":{"@id":"https:\/\/afogadosfm.com.br\/afogadosfm\/#organization"},"potentialAction":[{"@type":"SearchAction","target":{"@type":"EntryPoint","urlTemplate":"https:\/\/afogadosfm.com.br\/afogadosfm\/?s={search_term_string}"},"query-input":{"@type":"PropertyValueSpecification","valueRequired":true,"valueName":"search_term_string"}}],"inLanguage":"pt-BR"},{"@type":"Organization","@id":"https:\/\/afogadosfm.com.br\/afogadosfm\/#organization","name":"Afogados FM","url":"https:\/\/afogadosfm.com.br\/afogadosfm\/","logo":{"@type":"ImageObject","inLanguage":"pt-BR","@id":"https:\/\/afogadosfm.com.br\/afogadosfm\/#\/schema\/logo\/image\/","url":"https:\/\/i0.wp.com\/afogadosfm.com.br\/afogadosfm\/wp-content\/uploads\/2020\/06\/cropped-banner-afogados-4.jpg?fit=369%2C137&ssl=1","contentUrl":"https:\/\/i0.wp.com\/afogadosfm.com.br\/afogadosfm\/wp-content\/uploads\/2020\/06\/cropped-banner-afogados-4.jpg?fit=369%2C137&ssl=1","width":369,"height":137,"caption":"Afogados FM"},"image":{"@id":"https:\/\/afogadosfm.com.br\/afogadosfm\/#\/schema\/logo\/image\/"}},{"@type":"Person","@id":"https:\/\/afogadosfm.com.br\/afogadosfm\/#\/schema\/person\/60e56f2cf5dc960fc093fe093d9e9057","name":"afogadosfm","image":{"@type":"ImageObject","inLanguage":"pt-BR","@id":"https:\/\/secure.gravatar.com\/avatar\/e0359add7ed5dc3560906d861b52c6a8cf5c1e199d3a7dd85070998f49bd4701?s=96&d=mm&r=g","url":"https:\/\/secure.gravatar.com\/avatar\/e0359add7ed5dc3560906d861b52c6a8cf5c1e199d3a7dd85070998f49bd4701?s=96&d=mm&r=g","contentUrl":"https:\/\/secure.gravatar.com\/avatar\/e0359add7ed5dc3560906d861b52c6a8cf5c1e199d3a7dd85070998f49bd4701?s=96&d=mm&r=g","caption":"afogadosfm"},"url":"https:\/\/afogadosfm.com.br\/afogadosfm\/author\/afogadosfm\/"}]}},"jetpack_publicize_connections":[],"jetpack_featured_media_url":"https:\/\/i0.wp.com\/afogadosfm.com.br\/afogadosfm\/wp-content\/uploads\/2024\/02\/nova-cnh.jpg?fit=1100%2C659&ssl=1","jetpack-related-posts":[],"jetpack_sharing_enabled":true,"jetpack_likes_enabled":true,"_links":{"self":[{"href":"https:\/\/afogadosfm.com.br\/afogadosfm\/wp-json\/wp\/v2\/posts\/71160","targetHints":{"allow":["GET"]}}],"collection":[{"href":"https:\/\/afogadosfm.com.br\/afogadosfm\/wp-json\/wp\/v2\/posts"}],"about":[{"href":"https:\/\/afogadosfm.com.br\/afogadosfm\/wp-json\/wp\/v2\/types\/post"}],"author":[{"embeddable":true,"href":"https:\/\/afogadosfm.com.br\/afogadosfm\/wp-json\/wp\/v2\/users\/2"}],"replies":[{"embeddable":true,"href":"https:\/\/afogadosfm.com.br\/afogadosfm\/wp-json\/wp\/v2\/comments?post=71160"}],"version-history":[{"count":2,"href":"https:\/\/afogadosfm.com.br\/afogadosfm\/wp-json\/wp\/v2\/posts\/71160\/revisions"}],"predecessor-version":[{"id":71167,"href":"https:\/\/afogadosfm.com.br\/afogadosfm\/wp-json\/wp\/v2\/posts\/71160\/revisions\/71167"}],"wp:featuredmedia":[{"embeddable":true,"href":"https:\/\/afogadosfm.com.br\/afogadosfm\/wp-json\/wp\/v2\/media\/54362"}],"wp:attachment":[{"href":"https:\/\/afogadosfm.com.br\/afogadosfm\/wp-json\/wp\/v2\/media?parent=71160"}],"wp:term":[{"taxonomy":"category","embeddable":true,"href":"https:\/\/afogadosfm.com.br\/afogadosfm\/wp-json\/wp\/v2\/categories?post=71160"},{"taxonomy":"post_tag","embeddable":true,"href":"https:\/\/afogadosfm.com.br\/afogadosfm\/wp-json\/wp\/v2\/tags?post=71160"}],"curies":[{"name":"wp","href":"https:\/\/api.w.org\/{rel}","templated":true}]}}