{"id":71688,"date":"2025-12-31T05:57:59","date_gmt":"2025-12-31T08:57:59","guid":{"rendered":"https:\/\/afogadosfm.com.br\/afogadosfm\/?p=71688"},"modified":"2025-12-31T05:57:59","modified_gmt":"2025-12-31T08:57:59","slug":"rmr-barbeiro-diz-que-irmaos-morrem-em-cima-dele-em-chacina-na-cidade-de-jaboatao","status":"publish","type":"post","link":"https:\/\/afogadosfm.com.br\/afogadosfm\/2025\/12\/31\/rmr-barbeiro-diz-que-irmaos-morrem-em-cima-dele-em-chacina-na-cidade-de-jaboatao\/","title":{"rendered":"RMR: Barbeiro diz que irm\u00e3os morrem em cima dele em chacina na cidade de Jaboat\u00e3o"},"content":{"rendered":"\n<p>O dono da barbearia em Vila Sotave, Jaboat\u00e3o dos Guararapes, onde ocorreu a chacina que deixou quatro mortos, na manh\u00e3 da ter\u00e7a-feira (30), descreveu o ataque como um \u201cfilme de terror\u201d.<\/p>\n\n\n\n<p>Os suspeitos do ataque s\u00e3o dois homens que teriam estacionado uma motocicleta em frente ao estabelecimento.<\/p>\n\n\n\n<p>Por meio das redes sociais, o barbeiro Geovane Soares afirmou que as v\u00edtimas eram \u201cgente do bem\u201d.<\/p>\n\n\n\n<p>\u201cQue desespero, meu Deus. Que filme de terror. Meus amigos&#8230; Adeus, barbearia. Acabaram com meu mundo. S\u00f3 corto o cabelo de gente do bem. Meus irm\u00e3os se foram no local que eu mais amava estar. Morreram em cima de mim\u201d, escreveu Geovane.<\/p>\n\n\n\n<p>Morreram no ataque Yan Batista da Silva Costa e Mykael de Ara\u00fajo Victor Durval, ambos de 18 anos; Paulo Gabriel Xavier de Melo, de 23; e Ednaldo Sales da Silva Filho, de 31. Nenhum tinha hist\u00f3rico criminoso.<\/p>\n\n\n\n<p>Outros tr\u00eas homens, de 16, 17 e 28 anos, foram atingidos e encaminhados a unidades de sa\u00fade. Uma quarta pessoa tamb\u00e9m foi ferida e n\u00e3o precisou de atendimento m\u00e9dico.<\/p>\n\n\n\n<p>O crime est\u00e1 sendo investigado pela Pol\u00edcia Civil de Pernambuco (PCPE). Segundo o delegado S\u00e9rgio Ricardo, do Departamento de Homic\u00eddios e Prote\u00e7\u00e3o \u00e0 Pessoa (DHPP), o ve\u00edculo usado no ataque havia sido roubado minutos antes da chacina e foi bloqueado remotamente pelo propriet\u00e1rio por meio de um servi\u00e7o de seguro.<\/p>\n\n\n\n<p>\u201cPor conta do bloqueio, os criminosos n\u00e3o conseguiram dar partida na moto ap\u00f3s o crime\u201d, explicou. Com a falha do ve\u00edculo, os autores teriam abandonado a motocicleta no local e fugido utilizando bicicletas.<\/p>\n\n\n\n<p>O delegado afirmou, ainda, que as v\u00edtimas tentaram se esconder dos tiros no banheiro da barbearia: \u201cO local \u00e9 muito pequeno; eles tentaram se abrigar, mas, infelizmente, os autores efetuaram disparos em dire\u00e7\u00e3o a eles\u201d.<\/p>\n","protected":false},"excerpt":{"rendered":"<p>O dono da barbearia em Vila Sotave, Jaboat\u00e3o dos Guararapes, onde ocorreu a chacina que deixou quatro mortos, na manh\u00e3<\/p>\n","protected":false},"author":2,"featured_media":273,"comment_status":"open","ping_status":"open","sticky":false,"template":"","format":"standard","meta":{"jetpack_post_was_ever_published":false,"_jetpack_newsletter_access":"","_jetpack_dont_email_post_to_subs":false,"_jetpack_newsletter_tier_id":0,"_jetpack_memberships_contains_paywalled_content":false,"_jetpack_memberships_contains_paid_content":false,"footnotes":"","jetpack_publicize_message":"","jetpack_publicize_feature_enabled":true,"jetpack_social_post_already_shared":true,"jetpack_social_options":{"image_generator_settings":{"template":"highway","default_image_id":0,"font":"","enabled":false},"version":2}},"categories":[13],"tags":[],"class_list":["post-71688","post","type-post","status-publish","format-standard","has-post-thumbnail","hentry","category-pernambuco"],"yoast_head":"<!-- This site is optimized with the Yoast SEO plugin v27.4 - https:\/\/yoast.com\/product\/yoast-seo-wordpress\/ -->\n<title>RMR: Barbeiro diz que irm\u00e3os morrem em cima dele em chacina na cidade de Jaboat\u00e3o - Afogados FM<\/title>\n<meta name=\"robots\" content=\"index, follow, max-snippet:-1, max-image-preview:large, max-video-preview:-1\" \/>\n<link rel=\"canonical\" href=\"https:\/\/afogadosfm.com.br\/afogadosfm\/2025\/12\/31\/rmr-barbeiro-diz-que-irmaos-morrem-em-cima-dele-em-chacina-na-cidade-de-jaboatao\/\" \/>\n<meta property=\"og:locale\" content=\"pt_BR\" \/>\n<meta property=\"og:type\" content=\"article\" \/>\n<meta property=\"og:title\" content=\"RMR: Barbeiro diz que irm\u00e3os morrem em cima dele em chacina na cidade de Jaboat\u00e3o - Afogados FM\" \/>\n<meta property=\"og:description\" content=\"O dono da barbearia em Vila Sotave, Jaboat\u00e3o dos Guararapes, onde ocorreu a chacina que deixou quatro mortos, na manh\u00e3\" \/>\n<meta property=\"og:url\" content=\"https:\/\/afogadosfm.com.br\/afogadosfm\/2025\/12\/31\/rmr-barbeiro-diz-que-irmaos-morrem-em-cima-dele-em-chacina-na-cidade-de-jaboatao\/\" \/>\n<meta property=\"og:site_name\" content=\"Afogados FM\" \/>\n<meta property=\"article:published_time\" content=\"2025-12-31T08:57:59+00:00\" \/>\n<meta property=\"og:image\" content=\"https:\/\/afogadosfm.com.br\/afogadosfm\/wp-content\/uploads\/2017\/10\/arma.png\" \/>\n\t<meta property=\"og:image:width\" content=\"300\" \/>\n\t<meta property=\"og:image:height\" content=\"168\" \/>\n\t<meta property=\"og:image:type\" content=\"image\/png\" \/>\n<meta name=\"author\" content=\"afogadosfm\" \/>\n<meta name=\"twitter:card\" content=\"summary_large_image\" \/>\n<meta name=\"twitter:label1\" content=\"Escrito por\" \/>\n\t<meta name=\"twitter:data1\" content=\"afogadosfm\" \/>\n\t<meta name=\"twitter:label2\" content=\"Est. tempo de leitura\" \/>\n\t<meta name=\"twitter:data2\" content=\"2 minutos\" \/>\n<script type=\"application\/ld+json\" class=\"yoast-schema-graph\">{\"@context\":\"https:\\\/\\\/schema.org\",\"@graph\":[{\"@type\":\"Article\",\"@id\":\"https:\\\/\\\/afogadosfm.com.br\\\/afogadosfm\\\/2025\\\/12\\\/31\\\/rmr-barbeiro-diz-que-irmaos-morrem-em-cima-dele-em-chacina-na-cidade-de-jaboatao\\\/#article\",\"isPartOf\":{\"@id\":\"https:\\\/\\\/afogadosfm.com.br\\\/afogadosfm\\\/2025\\\/12\\\/31\\\/rmr-barbeiro-diz-que-irmaos-morrem-em-cima-dele-em-chacina-na-cidade-de-jaboatao\\\/\"},\"author\":{\"name\":\"afogadosfm\",\"@id\":\"https:\\\/\\\/afogadosfm.com.br\\\/afogadosfm\\\/#\\\/schema\\\/person\\\/60e56f2cf5dc960fc093fe093d9e9057\"},\"headline\":\"RMR: Barbeiro diz que irm\u00e3os morrem em cima dele em chacina na cidade de Jaboat\u00e3o\",\"datePublished\":\"2025-12-31T08:57:59+00:00\",\"mainEntityOfPage\":{\"@id\":\"https:\\\/\\\/afogadosfm.com.br\\\/afogadosfm\\\/2025\\\/12\\\/31\\\/rmr-barbeiro-diz-que-irmaos-morrem-em-cima-dele-em-chacina-na-cidade-de-jaboatao\\\/\"},\"wordCount\":322,\"commentCount\":0,\"publisher\":{\"@id\":\"https:\\\/\\\/afogadosfm.com.br\\\/afogadosfm\\\/#organization\"},\"image\":{\"@id\":\"https:\\\/\\\/afogadosfm.com.br\\\/afogadosfm\\\/2025\\\/12\\\/31\\\/rmr-barbeiro-diz-que-irmaos-morrem-em-cima-dele-em-chacina-na-cidade-de-jaboatao\\\/#primaryimage\"},\"thumbnailUrl\":\"https:\\\/\\\/i0.wp.com\\\/afogadosfm.com.br\\\/afogadosfm\\\/wp-content\\\/uploads\\\/2017\\\/10\\\/arma.png?fit=300%2C168&ssl=1\",\"articleSection\":[\"Pernambuco\"],\"inLanguage\":\"pt-BR\",\"potentialAction\":[{\"@type\":\"CommentAction\",\"name\":\"Comment\",\"target\":[\"https:\\\/\\\/afogadosfm.com.br\\\/afogadosfm\\\/2025\\\/12\\\/31\\\/rmr-barbeiro-diz-que-irmaos-morrem-em-cima-dele-em-chacina-na-cidade-de-jaboatao\\\/#respond\"]}]},{\"@type\":\"WebPage\",\"@id\":\"https:\\\/\\\/afogadosfm.com.br\\\/afogadosfm\\\/2025\\\/12\\\/31\\\/rmr-barbeiro-diz-que-irmaos-morrem-em-cima-dele-em-chacina-na-cidade-de-jaboatao\\\/\",\"url\":\"https:\\\/\\\/afogadosfm.com.br\\\/afogadosfm\\\/2025\\\/12\\\/31\\\/rmr-barbeiro-diz-que-irmaos-morrem-em-cima-dele-em-chacina-na-cidade-de-jaboatao\\\/\",\"name\":\"RMR: Barbeiro diz que irm\u00e3os morrem em cima dele em chacina na cidade de Jaboat\u00e3o - Afogados FM\",\"isPartOf\":{\"@id\":\"https:\\\/\\\/afogadosfm.com.br\\\/afogadosfm\\\/#website\"},\"primaryImageOfPage\":{\"@id\":\"https:\\\/\\\/afogadosfm.com.br\\\/afogadosfm\\\/2025\\\/12\\\/31\\\/rmr-barbeiro-diz-que-irmaos-morrem-em-cima-dele-em-chacina-na-cidade-de-jaboatao\\\/#primaryimage\"},\"image\":{\"@id\":\"https:\\\/\\\/afogadosfm.com.br\\\/afogadosfm\\\/2025\\\/12\\\/31\\\/rmr-barbeiro-diz-que-irmaos-morrem-em-cima-dele-em-chacina-na-cidade-de-jaboatao\\\/#primaryimage\"},\"thumbnailUrl\":\"https:\\\/\\\/i0.wp.com\\\/afogadosfm.com.br\\\/afogadosfm\\\/wp-content\\\/uploads\\\/2017\\\/10\\\/arma.png?fit=300%2C168&ssl=1\",\"datePublished\":\"2025-12-31T08:57:59+00:00\",\"breadcrumb\":{\"@id\":\"https:\\\/\\\/afogadosfm.com.br\\\/afogadosfm\\\/2025\\\/12\\\/31\\\/rmr-barbeiro-diz-que-irmaos-morrem-em-cima-dele-em-chacina-na-cidade-de-jaboatao\\\/#breadcrumb\"},\"inLanguage\":\"pt-BR\",\"potentialAction\":[{\"@type\":\"ReadAction\",\"target\":[\"https:\\\/\\\/afogadosfm.com.br\\\/afogadosfm\\\/2025\\\/12\\\/31\\\/rmr-barbeiro-diz-que-irmaos-morrem-em-cima-dele-em-chacina-na-cidade-de-jaboatao\\\/\"]}]},{\"@type\":\"ImageObject\",\"inLanguage\":\"pt-BR\",\"@id\":\"https:\\\/\\\/afogadosfm.com.br\\\/afogadosfm\\\/2025\\\/12\\\/31\\\/rmr-barbeiro-diz-que-irmaos-morrem-em-cima-dele-em-chacina-na-cidade-de-jaboatao\\\/#primaryimage\",\"url\":\"https:\\\/\\\/i0.wp.com\\\/afogadosfm.com.br\\\/afogadosfm\\\/wp-content\\\/uploads\\\/2017\\\/10\\\/arma.png?fit=300%2C168&ssl=1\",\"contentUrl\":\"https:\\\/\\\/i0.wp.com\\\/afogadosfm.com.br\\\/afogadosfm\\\/wp-content\\\/uploads\\\/2017\\\/10\\\/arma.png?fit=300%2C168&ssl=1\",\"width\":300,\"height\":168},{\"@type\":\"BreadcrumbList\",\"@id\":\"https:\\\/\\\/afogadosfm.com.br\\\/afogadosfm\\\/2025\\\/12\\\/31\\\/rmr-barbeiro-diz-que-irmaos-morrem-em-cima-dele-em-chacina-na-cidade-de-jaboatao\\\/#breadcrumb\",\"itemListElement\":[{\"@type\":\"ListItem\",\"position\":1,\"name\":\"In\u00edcio\",\"item\":\"https:\\\/\\\/afogadosfm.com.br\\\/afogadosfm\\\/\"},{\"@type\":\"ListItem\",\"position\":2,\"name\":\"RMR: Barbeiro diz que irm\u00e3os morrem em cima dele em chacina na cidade de Jaboat\u00e3o\"}]},{\"@type\":\"WebSite\",\"@id\":\"https:\\\/\\\/afogadosfm.com.br\\\/afogadosfm\\\/#website\",\"url\":\"https:\\\/\\\/afogadosfm.com.br\\\/afogadosfm\\\/\",\"name\":\"Afogados FM\",\"description\":\"Um site completo!\",\"publisher\":{\"@id\":\"https:\\\/\\\/afogadosfm.com.br\\\/afogadosfm\\\/#organization\"},\"potentialAction\":[{\"@type\":\"SearchAction\",\"target\":{\"@type\":\"EntryPoint\",\"urlTemplate\":\"https:\\\/\\\/afogadosfm.com.br\\\/afogadosfm\\\/?s={search_term_string}\"},\"query-input\":{\"@type\":\"PropertyValueSpecification\",\"valueRequired\":true,\"valueName\":\"search_term_string\"}}],\"inLanguage\":\"pt-BR\"},{\"@type\":\"Organization\",\"@id\":\"https:\\\/\\\/afogadosfm.com.br\\\/afogadosfm\\\/#organization\",\"name\":\"Afogados FM\",\"url\":\"https:\\\/\\\/afogadosfm.com.br\\\/afogadosfm\\\/\",\"logo\":{\"@type\":\"ImageObject\",\"inLanguage\":\"pt-BR\",\"@id\":\"https:\\\/\\\/afogadosfm.com.br\\\/afogadosfm\\\/#\\\/schema\\\/logo\\\/image\\\/\",\"url\":\"https:\\\/\\\/i0.wp.com\\\/afogadosfm.com.br\\\/afogadosfm\\\/wp-content\\\/uploads\\\/2020\\\/06\\\/cropped-banner-afogados-4.jpg?fit=369%2C137&ssl=1\",\"contentUrl\":\"https:\\\/\\\/i0.wp.com\\\/afogadosfm.com.br\\\/afogadosfm\\\/wp-content\\\/uploads\\\/2020\\\/06\\\/cropped-banner-afogados-4.jpg?fit=369%2C137&ssl=1\",\"width\":369,\"height\":137,\"caption\":\"Afogados FM\"},\"image\":{\"@id\":\"https:\\\/\\\/afogadosfm.com.br\\\/afogadosfm\\\/#\\\/schema\\\/logo\\\/image\\\/\"}},{\"@type\":\"Person\",\"@id\":\"https:\\\/\\\/afogadosfm.com.br\\\/afogadosfm\\\/#\\\/schema\\\/person\\\/60e56f2cf5dc960fc093fe093d9e9057\",\"name\":\"afogadosfm\",\"image\":{\"@type\":\"ImageObject\",\"inLanguage\":\"pt-BR\",\"@id\":\"https:\\\/\\\/secure.gravatar.com\\\/avatar\\\/e0359add7ed5dc3560906d861b52c6a8cf5c1e199d3a7dd85070998f49bd4701?s=96&d=mm&r=g\",\"url\":\"https:\\\/\\\/secure.gravatar.com\\\/avatar\\\/e0359add7ed5dc3560906d861b52c6a8cf5c1e199d3a7dd85070998f49bd4701?s=96&d=mm&r=g\",\"contentUrl\":\"https:\\\/\\\/secure.gravatar.com\\\/avatar\\\/e0359add7ed5dc3560906d861b52c6a8cf5c1e199d3a7dd85070998f49bd4701?s=96&d=mm&r=g\",\"caption\":\"afogadosfm\"},\"url\":\"https:\\\/\\\/afogadosfm.com.br\\\/afogadosfm\\\/author\\\/afogadosfm\\\/\"}]}<\/script>\n<!-- \/ Yoast SEO plugin. -->","yoast_head_json":{"title":"RMR: Barbeiro diz que irm\u00e3os morrem em cima dele em chacina na cidade de Jaboat\u00e3o - Afogados FM","robots":{"index":"index","follow":"follow","max-snippet":"max-snippet:-1","max-image-preview":"max-image-preview:large","max-video-preview":"max-video-preview:-1"},"canonical":"https:\/\/afogadosfm.com.br\/afogadosfm\/2025\/12\/31\/rmr-barbeiro-diz-que-irmaos-morrem-em-cima-dele-em-chacina-na-cidade-de-jaboatao\/","og_locale":"pt_BR","og_type":"article","og_title":"RMR: Barbeiro diz que irm\u00e3os morrem em cima dele em chacina na cidade de Jaboat\u00e3o - Afogados FM","og_description":"O dono da barbearia em Vila Sotave, Jaboat\u00e3o dos Guararapes, onde ocorreu a chacina que deixou quatro mortos, na manh\u00e3","og_url":"https:\/\/afogadosfm.com.br\/afogadosfm\/2025\/12\/31\/rmr-barbeiro-diz-que-irmaos-morrem-em-cima-dele-em-chacina-na-cidade-de-jaboatao\/","og_site_name":"Afogados FM","article_published_time":"2025-12-31T08:57:59+00:00","og_image":[{"width":300,"height":168,"url":"https:\/\/afogadosfm.com.br\/afogadosfm\/wp-content\/uploads\/2017\/10\/arma.png","type":"image\/png"}],"author":"afogadosfm","twitter_card":"summary_large_image","twitter_misc":{"Escrito por":"afogadosfm","Est. tempo de leitura":"2 minutos"},"schema":{"@context":"https:\/\/schema.org","@graph":[{"@type":"Article","@id":"https:\/\/afogadosfm.com.br\/afogadosfm\/2025\/12\/31\/rmr-barbeiro-diz-que-irmaos-morrem-em-cima-dele-em-chacina-na-cidade-de-jaboatao\/#article","isPartOf":{"@id":"https:\/\/afogadosfm.com.br\/afogadosfm\/2025\/12\/31\/rmr-barbeiro-diz-que-irmaos-morrem-em-cima-dele-em-chacina-na-cidade-de-jaboatao\/"},"author":{"name":"afogadosfm","@id":"https:\/\/afogadosfm.com.br\/afogadosfm\/#\/schema\/person\/60e56f2cf5dc960fc093fe093d9e9057"},"headline":"RMR: Barbeiro diz que irm\u00e3os morrem em cima dele em chacina na cidade de Jaboat\u00e3o","datePublished":"2025-12-31T08:57:59+00:00","mainEntityOfPage":{"@id":"https:\/\/afogadosfm.com.br\/afogadosfm\/2025\/12\/31\/rmr-barbeiro-diz-que-irmaos-morrem-em-cima-dele-em-chacina-na-cidade-de-jaboatao\/"},"wordCount":322,"commentCount":0,"publisher":{"@id":"https:\/\/afogadosfm.com.br\/afogadosfm\/#organization"},"image":{"@id":"https:\/\/afogadosfm.com.br\/afogadosfm\/2025\/12\/31\/rmr-barbeiro-diz-que-irmaos-morrem-em-cima-dele-em-chacina-na-cidade-de-jaboatao\/#primaryimage"},"thumbnailUrl":"https:\/\/i0.wp.com\/afogadosfm.com.br\/afogadosfm\/wp-content\/uploads\/2017\/10\/arma.png?fit=300%2C168&ssl=1","articleSection":["Pernambuco"],"inLanguage":"pt-BR","potentialAction":[{"@type":"CommentAction","name":"Comment","target":["https:\/\/afogadosfm.com.br\/afogadosfm\/2025\/12\/31\/rmr-barbeiro-diz-que-irmaos-morrem-em-cima-dele-em-chacina-na-cidade-de-jaboatao\/#respond"]}]},{"@type":"WebPage","@id":"https:\/\/afogadosfm.com.br\/afogadosfm\/2025\/12\/31\/rmr-barbeiro-diz-que-irmaos-morrem-em-cima-dele-em-chacina-na-cidade-de-jaboatao\/","url":"https:\/\/afogadosfm.com.br\/afogadosfm\/2025\/12\/31\/rmr-barbeiro-diz-que-irmaos-morrem-em-cima-dele-em-chacina-na-cidade-de-jaboatao\/","name":"RMR: Barbeiro diz que irm\u00e3os morrem em cima dele em chacina na cidade de Jaboat\u00e3o - Afogados FM","isPartOf":{"@id":"https:\/\/afogadosfm.com.br\/afogadosfm\/#website"},"primaryImageOfPage":{"@id":"https:\/\/afogadosfm.com.br\/afogadosfm\/2025\/12\/31\/rmr-barbeiro-diz-que-irmaos-morrem-em-cima-dele-em-chacina-na-cidade-de-jaboatao\/#primaryimage"},"image":{"@id":"https:\/\/afogadosfm.com.br\/afogadosfm\/2025\/12\/31\/rmr-barbeiro-diz-que-irmaos-morrem-em-cima-dele-em-chacina-na-cidade-de-jaboatao\/#primaryimage"},"thumbnailUrl":"https:\/\/i0.wp.com\/afogadosfm.com.br\/afogadosfm\/wp-content\/uploads\/2017\/10\/arma.png?fit=300%2C168&ssl=1","datePublished":"2025-12-31T08:57:59+00:00","breadcrumb":{"@id":"https:\/\/afogadosfm.com.br\/afogadosfm\/2025\/12\/31\/rmr-barbeiro-diz-que-irmaos-morrem-em-cima-dele-em-chacina-na-cidade-de-jaboatao\/#breadcrumb"},"inLanguage":"pt-BR","potentialAction":[{"@type":"ReadAction","target":["https:\/\/afogadosfm.com.br\/afogadosfm\/2025\/12\/31\/rmr-barbeiro-diz-que-irmaos-morrem-em-cima-dele-em-chacina-na-cidade-de-jaboatao\/"]}]},{"@type":"ImageObject","inLanguage":"pt-BR","@id":"https:\/\/afogadosfm.com.br\/afogadosfm\/2025\/12\/31\/rmr-barbeiro-diz-que-irmaos-morrem-em-cima-dele-em-chacina-na-cidade-de-jaboatao\/#primaryimage","url":"https:\/\/i0.wp.com\/afogadosfm.com.br\/afogadosfm\/wp-content\/uploads\/2017\/10\/arma.png?fit=300%2C168&ssl=1","contentUrl":"https:\/\/i0.wp.com\/afogadosfm.com.br\/afogadosfm\/wp-content\/uploads\/2017\/10\/arma.png?fit=300%2C168&ssl=1","width":300,"height":168},{"@type":"BreadcrumbList","@id":"https:\/\/afogadosfm.com.br\/afogadosfm\/2025\/12\/31\/rmr-barbeiro-diz-que-irmaos-morrem-em-cima-dele-em-chacina-na-cidade-de-jaboatao\/#breadcrumb","itemListElement":[{"@type":"ListItem","position":1,"name":"In\u00edcio","item":"https:\/\/afogadosfm.com.br\/afogadosfm\/"},{"@type":"ListItem","position":2,"name":"RMR: Barbeiro diz que irm\u00e3os morrem em cima dele em chacina na cidade de Jaboat\u00e3o"}]},{"@type":"WebSite","@id":"https:\/\/afogadosfm.com.br\/afogadosfm\/#website","url":"https:\/\/afogadosfm.com.br\/afogadosfm\/","name":"Afogados FM","description":"Um site completo!","publisher":{"@id":"https:\/\/afogadosfm.com.br\/afogadosfm\/#organization"},"potentialAction":[{"@type":"SearchAction","target":{"@type":"EntryPoint","urlTemplate":"https:\/\/afogadosfm.com.br\/afogadosfm\/?s={search_term_string}"},"query-input":{"@type":"PropertyValueSpecification","valueRequired":true,"valueName":"search_term_string"}}],"inLanguage":"pt-BR"},{"@type":"Organization","@id":"https:\/\/afogadosfm.com.br\/afogadosfm\/#organization","name":"Afogados FM","url":"https:\/\/afogadosfm.com.br\/afogadosfm\/","logo":{"@type":"ImageObject","inLanguage":"pt-BR","@id":"https:\/\/afogadosfm.com.br\/afogadosfm\/#\/schema\/logo\/image\/","url":"https:\/\/i0.wp.com\/afogadosfm.com.br\/afogadosfm\/wp-content\/uploads\/2020\/06\/cropped-banner-afogados-4.jpg?fit=369%2C137&ssl=1","contentUrl":"https:\/\/i0.wp.com\/afogadosfm.com.br\/afogadosfm\/wp-content\/uploads\/2020\/06\/cropped-banner-afogados-4.jpg?fit=369%2C137&ssl=1","width":369,"height":137,"caption":"Afogados FM"},"image":{"@id":"https:\/\/afogadosfm.com.br\/afogadosfm\/#\/schema\/logo\/image\/"}},{"@type":"Person","@id":"https:\/\/afogadosfm.com.br\/afogadosfm\/#\/schema\/person\/60e56f2cf5dc960fc093fe093d9e9057","name":"afogadosfm","image":{"@type":"ImageObject","inLanguage":"pt-BR","@id":"https:\/\/secure.gravatar.com\/avatar\/e0359add7ed5dc3560906d861b52c6a8cf5c1e199d3a7dd85070998f49bd4701?s=96&d=mm&r=g","url":"https:\/\/secure.gravatar.com\/avatar\/e0359add7ed5dc3560906d861b52c6a8cf5c1e199d3a7dd85070998f49bd4701?s=96&d=mm&r=g","contentUrl":"https:\/\/secure.gravatar.com\/avatar\/e0359add7ed5dc3560906d861b52c6a8cf5c1e199d3a7dd85070998f49bd4701?s=96&d=mm&r=g","caption":"afogadosfm"},"url":"https:\/\/afogadosfm.com.br\/afogadosfm\/author\/afogadosfm\/"}]}},"jetpack_publicize_connections":[],"jetpack_featured_media_url":"https:\/\/i0.wp.com\/afogadosfm.com.br\/afogadosfm\/wp-content\/uploads\/2017\/10\/arma.png?fit=300%2C168&ssl=1","jetpack-related-posts":[],"jetpack_sharing_enabled":true,"jetpack_likes_enabled":true,"_links":{"self":[{"href":"https:\/\/afogadosfm.com.br\/afogadosfm\/wp-json\/wp\/v2\/posts\/71688","targetHints":{"allow":["GET"]}}],"collection":[{"href":"https:\/\/afogadosfm.com.br\/afogadosfm\/wp-json\/wp\/v2\/posts"}],"about":[{"href":"https:\/\/afogadosfm.com.br\/afogadosfm\/wp-json\/wp\/v2\/types\/post"}],"author":[{"embeddable":true,"href":"https:\/\/afogadosfm.com.br\/afogadosfm\/wp-json\/wp\/v2\/users\/2"}],"replies":[{"embeddable":true,"href":"https:\/\/afogadosfm.com.br\/afogadosfm\/wp-json\/wp\/v2\/comments?post=71688"}],"version-history":[{"count":1,"href":"https:\/\/afogadosfm.com.br\/afogadosfm\/wp-json\/wp\/v2\/posts\/71688\/revisions"}],"predecessor-version":[{"id":71689,"href":"https:\/\/afogadosfm.com.br\/afogadosfm\/wp-json\/wp\/v2\/posts\/71688\/revisions\/71689"}],"wp:featuredmedia":[{"embeddable":true,"href":"https:\/\/afogadosfm.com.br\/afogadosfm\/wp-json\/wp\/v2\/media\/273"}],"wp:attachment":[{"href":"https:\/\/afogadosfm.com.br\/afogadosfm\/wp-json\/wp\/v2\/media?parent=71688"}],"wp:term":[{"taxonomy":"category","embeddable":true,"href":"https:\/\/afogadosfm.com.br\/afogadosfm\/wp-json\/wp\/v2\/categories?post=71688"},{"taxonomy":"post_tag","embeddable":true,"href":"https:\/\/afogadosfm.com.br\/afogadosfm\/wp-json\/wp\/v2\/tags?post=71688"}],"curies":[{"name":"wp","href":"https:\/\/api.w.org\/{rel}","templated":true}]}}