{"id":71723,"date":"2026-01-02T05:51:31","date_gmt":"2026-01-02T08:51:31","guid":{"rendered":"https:\/\/afogadosfm.com.br\/afogadosfm\/?p=71723"},"modified":"2026-01-02T05:51:32","modified_gmt":"2026-01-02T08:51:32","slug":"desaprovacao-ao-governo-lula-supera-aprovacao-no-terceiro-ano-de-mandato","status":"publish","type":"post","link":"https:\/\/afogadosfm.com.br\/afogadosfm\/2026\/01\/02\/desaprovacao-ao-governo-lula-supera-aprovacao-no-terceiro-ano-de-mandato\/","title":{"rendered":"Desaprova\u00e7\u00e3o ao governo Lula supera aprova\u00e7\u00e3o no terceiro ano de mandato"},"content":{"rendered":"\n<p>O terceiro ano do governo do presidente Luiz In\u00e1cio Lula da Silva (PT) registra \u00edndices de desaprova\u00e7\u00e3o superiores aos de aprova\u00e7\u00e3o entre os brasileiros. De acordo com levantamento quantitativo da Paran\u00e1 Pesquisas, divulgado na segunda-feira (29), 50,9% da popula\u00e7\u00e3o desaprova a atual gest\u00e3o federal, enquanto 45,6% afirmam aprov\u00e1-la.<\/p>\n\n\n\n<p>Segundo a pesquisa, 3,5% dos entrevistados n\u00e3o souberam ou preferiram n\u00e3o opinar. Na avalia\u00e7\u00e3o detalhada do governo, 42,8% classificam a administra\u00e7\u00e3o como ruim ou p\u00e9ssima \u2014 sendo 34,8% de avalia\u00e7\u00f5es \u201cp\u00e9ssima\u201d e 8,0% \u201cruim\u201d. J\u00e1 a avalia\u00e7\u00e3o positiva soma 32,7%, com 12,9% considerando o governo \u00f3timo e 19,8% bom. Para outros 23,1%, a gest\u00e3o \u00e9 regular.<\/p>\n\n\n\n<p>O levantamento foi realizado entre os dias 18 e 22 de dezembro de 2025, com 2.038 entrevistas presenciais em 163 munic\u00edpios de todas as regi\u00f5es do pa\u00eds, abrangendo os 26 estados e o Distrito Federal. A margem de erro \u00e9 de 2,2 pontos percentuais, com n\u00edvel de confian\u00e7a de 95%.<\/p>\n\n\n\n<p>Os dados indicam que a aprova\u00e7\u00e3o do presidente caiu ao longo do per\u00edodo entre 2024 e 2025, atingindo seus menores patamares no primeiro semestre deste ano. Apesar de uma leve recupera\u00e7\u00e3o nos \u00faltimos meses, a desaprova\u00e7\u00e3o segue acima da aprova\u00e7\u00e3o.<\/p>\n\n\n\n<p>A pesquisa tamb\u00e9m revela diferen\u00e7as significativas conforme o perfil social e regional dos entrevistados. A aprova\u00e7\u00e3o do governo \u00e9 maior entre eleitores com mais de 60 anos, com menor escolaridade e entre moradores das regi\u00f5es Nordeste e Norte\/Centro-Oeste. Em contrapartida, a desaprova\u00e7\u00e3o se concentra entre eleitores com ensino superior, pessoas economicamente ativas e residentes nas regi\u00f5es Sul e Sudeste.<\/p>\n\n\n\n<p>No recorte religioso, o levantamento aponta maior rejei\u00e7\u00e3o ao governo entre eleitores evang\u00e9licos. J\u00e1 a aprova\u00e7\u00e3o \u00e9 relativamente mais elevada entre cat\u00f3licos e entre aqueles que n\u00e3o participaram recentemente de celebra\u00e7\u00f5es religiosas.<\/p>\n\n\n\n<p>Os n\u00fameros refletem um cen\u00e1rio de polariza\u00e7\u00e3o persistente e indicam os desafios enfrentados pelo governo federal para ampliar sua base de apoio no pa\u00eds.<\/p>\n","protected":false},"excerpt":{"rendered":"<p>O terceiro ano do governo do presidente Luiz In\u00e1cio Lula da Silva (PT) registra \u00edndices de desaprova\u00e7\u00e3o superiores aos de<\/p>\n","protected":false},"author":2,"featured_media":44195,"comment_status":"open","ping_status":"open","sticky":false,"template":"","format":"standard","meta":{"jetpack_post_was_ever_published":false,"_jetpack_newsletter_access":"","_jetpack_dont_email_post_to_subs":false,"_jetpack_newsletter_tier_id":0,"_jetpack_memberships_contains_paywalled_content":false,"_jetpack_memberships_contains_paid_content":false,"footnotes":"","jetpack_publicize_message":"","jetpack_publicize_feature_enabled":true,"jetpack_social_post_already_shared":true,"jetpack_social_options":{"image_generator_settings":{"template":"highway","default_image_id":0,"font":"","enabled":false},"version":2}},"categories":[12],"tags":[],"class_list":["post-71723","post","type-post","status-publish","format-standard","has-post-thumbnail","hentry","category-brasil"],"yoast_head":"<!-- This site is optimized with the Yoast SEO plugin v27.5 - https:\/\/yoast.com\/product\/yoast-seo-wordpress\/ -->\n<title>Desaprova\u00e7\u00e3o ao governo Lula supera aprova\u00e7\u00e3o no terceiro ano de mandato - Afogados FM<\/title>\n<meta name=\"robots\" content=\"index, follow, max-snippet:-1, max-image-preview:large, max-video-preview:-1\" \/>\n<link rel=\"canonical\" href=\"https:\/\/afogadosfm.com.br\/afogadosfm\/2026\/01\/02\/desaprovacao-ao-governo-lula-supera-aprovacao-no-terceiro-ano-de-mandato\/\" \/>\n<meta property=\"og:locale\" content=\"pt_BR\" \/>\n<meta property=\"og:type\" content=\"article\" \/>\n<meta property=\"og:title\" content=\"Desaprova\u00e7\u00e3o ao governo Lula supera aprova\u00e7\u00e3o no terceiro ano de mandato - Afogados FM\" \/>\n<meta property=\"og:description\" content=\"O terceiro ano do governo do presidente Luiz In\u00e1cio Lula da Silva (PT) registra \u00edndices de desaprova\u00e7\u00e3o superiores aos de\" \/>\n<meta property=\"og:url\" content=\"https:\/\/afogadosfm.com.br\/afogadosfm\/2026\/01\/02\/desaprovacao-ao-governo-lula-supera-aprovacao-no-terceiro-ano-de-mandato\/\" \/>\n<meta property=\"og:site_name\" content=\"Afogados FM\" \/>\n<meta property=\"article:published_time\" content=\"2026-01-02T08:51:31+00:00\" \/>\n<meta property=\"article:modified_time\" content=\"2026-01-02T08:51:32+00:00\" \/>\n<meta property=\"og:image\" content=\"https:\/\/afogadosfm.com.br\/afogadosfm\/wp-content\/uploads\/2023\/01\/lulair.webp\" \/>\n\t<meta property=\"og:image:width\" content=\"1024\" \/>\n\t<meta property=\"og:image:height\" content=\"768\" \/>\n\t<meta property=\"og:image:type\" content=\"image\/webp\" \/>\n<meta name=\"author\" content=\"afogadosfm\" \/>\n<meta name=\"twitter:card\" content=\"summary_large_image\" \/>\n<meta name=\"twitter:label1\" content=\"Escrito por\" \/>\n\t<meta name=\"twitter:data1\" content=\"afogadosfm\" \/>\n\t<meta name=\"twitter:label2\" content=\"Est. tempo de leitura\" \/>\n\t<meta name=\"twitter:data2\" content=\"2 minutos\" \/>\n<script type=\"application\/ld+json\" class=\"yoast-schema-graph\">{\"@context\":\"https:\\\/\\\/schema.org\",\"@graph\":[{\"@type\":\"Article\",\"@id\":\"https:\\\/\\\/afogadosfm.com.br\\\/afogadosfm\\\/2026\\\/01\\\/02\\\/desaprovacao-ao-governo-lula-supera-aprovacao-no-terceiro-ano-de-mandato\\\/#article\",\"isPartOf\":{\"@id\":\"https:\\\/\\\/afogadosfm.com.br\\\/afogadosfm\\\/2026\\\/01\\\/02\\\/desaprovacao-ao-governo-lula-supera-aprovacao-no-terceiro-ano-de-mandato\\\/\"},\"author\":{\"name\":\"afogadosfm\",\"@id\":\"https:\\\/\\\/afogadosfm.com.br\\\/afogadosfm\\\/#\\\/schema\\\/person\\\/60e56f2cf5dc960fc093fe093d9e9057\"},\"headline\":\"Desaprova\u00e7\u00e3o ao governo Lula supera aprova\u00e7\u00e3o no terceiro ano de mandato\",\"datePublished\":\"2026-01-02T08:51:31+00:00\",\"dateModified\":\"2026-01-02T08:51:32+00:00\",\"mainEntityOfPage\":{\"@id\":\"https:\\\/\\\/afogadosfm.com.br\\\/afogadosfm\\\/2026\\\/01\\\/02\\\/desaprovacao-ao-governo-lula-supera-aprovacao-no-terceiro-ano-de-mandato\\\/\"},\"wordCount\":337,\"commentCount\":0,\"publisher\":{\"@id\":\"https:\\\/\\\/afogadosfm.com.br\\\/afogadosfm\\\/#organization\"},\"image\":{\"@id\":\"https:\\\/\\\/afogadosfm.com.br\\\/afogadosfm\\\/2026\\\/01\\\/02\\\/desaprovacao-ao-governo-lula-supera-aprovacao-no-terceiro-ano-de-mandato\\\/#primaryimage\"},\"thumbnailUrl\":\"https:\\\/\\\/i0.wp.com\\\/afogadosfm.com.br\\\/afogadosfm\\\/wp-content\\\/uploads\\\/2023\\\/01\\\/lulair.webp?fit=1024%2C768&ssl=1\",\"articleSection\":[\"Brasil\"],\"inLanguage\":\"pt-BR\",\"potentialAction\":[{\"@type\":\"CommentAction\",\"name\":\"Comment\",\"target\":[\"https:\\\/\\\/afogadosfm.com.br\\\/afogadosfm\\\/2026\\\/01\\\/02\\\/desaprovacao-ao-governo-lula-supera-aprovacao-no-terceiro-ano-de-mandato\\\/#respond\"]}]},{\"@type\":\"WebPage\",\"@id\":\"https:\\\/\\\/afogadosfm.com.br\\\/afogadosfm\\\/2026\\\/01\\\/02\\\/desaprovacao-ao-governo-lula-supera-aprovacao-no-terceiro-ano-de-mandato\\\/\",\"url\":\"https:\\\/\\\/afogadosfm.com.br\\\/afogadosfm\\\/2026\\\/01\\\/02\\\/desaprovacao-ao-governo-lula-supera-aprovacao-no-terceiro-ano-de-mandato\\\/\",\"name\":\"Desaprova\u00e7\u00e3o ao governo Lula supera aprova\u00e7\u00e3o no terceiro ano de mandato - Afogados FM\",\"isPartOf\":{\"@id\":\"https:\\\/\\\/afogadosfm.com.br\\\/afogadosfm\\\/#website\"},\"primaryImageOfPage\":{\"@id\":\"https:\\\/\\\/afogadosfm.com.br\\\/afogadosfm\\\/2026\\\/01\\\/02\\\/desaprovacao-ao-governo-lula-supera-aprovacao-no-terceiro-ano-de-mandato\\\/#primaryimage\"},\"image\":{\"@id\":\"https:\\\/\\\/afogadosfm.com.br\\\/afogadosfm\\\/2026\\\/01\\\/02\\\/desaprovacao-ao-governo-lula-supera-aprovacao-no-terceiro-ano-de-mandato\\\/#primaryimage\"},\"thumbnailUrl\":\"https:\\\/\\\/i0.wp.com\\\/afogadosfm.com.br\\\/afogadosfm\\\/wp-content\\\/uploads\\\/2023\\\/01\\\/lulair.webp?fit=1024%2C768&ssl=1\",\"datePublished\":\"2026-01-02T08:51:31+00:00\",\"dateModified\":\"2026-01-02T08:51:32+00:00\",\"breadcrumb\":{\"@id\":\"https:\\\/\\\/afogadosfm.com.br\\\/afogadosfm\\\/2026\\\/01\\\/02\\\/desaprovacao-ao-governo-lula-supera-aprovacao-no-terceiro-ano-de-mandato\\\/#breadcrumb\"},\"inLanguage\":\"pt-BR\",\"potentialAction\":[{\"@type\":\"ReadAction\",\"target\":[\"https:\\\/\\\/afogadosfm.com.br\\\/afogadosfm\\\/2026\\\/01\\\/02\\\/desaprovacao-ao-governo-lula-supera-aprovacao-no-terceiro-ano-de-mandato\\\/\"]}]},{\"@type\":\"ImageObject\",\"inLanguage\":\"pt-BR\",\"@id\":\"https:\\\/\\\/afogadosfm.com.br\\\/afogadosfm\\\/2026\\\/01\\\/02\\\/desaprovacao-ao-governo-lula-supera-aprovacao-no-terceiro-ano-de-mandato\\\/#primaryimage\",\"url\":\"https:\\\/\\\/i0.wp.com\\\/afogadosfm.com.br\\\/afogadosfm\\\/wp-content\\\/uploads\\\/2023\\\/01\\\/lulair.webp?fit=1024%2C768&ssl=1\",\"contentUrl\":\"https:\\\/\\\/i0.wp.com\\\/afogadosfm.com.br\\\/afogadosfm\\\/wp-content\\\/uploads\\\/2023\\\/01\\\/lulair.webp?fit=1024%2C768&ssl=1\",\"width\":1024,\"height\":768},{\"@type\":\"BreadcrumbList\",\"@id\":\"https:\\\/\\\/afogadosfm.com.br\\\/afogadosfm\\\/2026\\\/01\\\/02\\\/desaprovacao-ao-governo-lula-supera-aprovacao-no-terceiro-ano-de-mandato\\\/#breadcrumb\",\"itemListElement\":[{\"@type\":\"ListItem\",\"position\":1,\"name\":\"In\u00edcio\",\"item\":\"https:\\\/\\\/afogadosfm.com.br\\\/afogadosfm\\\/\"},{\"@type\":\"ListItem\",\"position\":2,\"name\":\"Desaprova\u00e7\u00e3o ao governo Lula supera aprova\u00e7\u00e3o no terceiro ano de mandato\"}]},{\"@type\":\"WebSite\",\"@id\":\"https:\\\/\\\/afogadosfm.com.br\\\/afogadosfm\\\/#website\",\"url\":\"https:\\\/\\\/afogadosfm.com.br\\\/afogadosfm\\\/\",\"name\":\"Afogados FM\",\"description\":\"Um site completo!\",\"publisher\":{\"@id\":\"https:\\\/\\\/afogadosfm.com.br\\\/afogadosfm\\\/#organization\"},\"potentialAction\":[{\"@type\":\"SearchAction\",\"target\":{\"@type\":\"EntryPoint\",\"urlTemplate\":\"https:\\\/\\\/afogadosfm.com.br\\\/afogadosfm\\\/?s={search_term_string}\"},\"query-input\":{\"@type\":\"PropertyValueSpecification\",\"valueRequired\":true,\"valueName\":\"search_term_string\"}}],\"inLanguage\":\"pt-BR\"},{\"@type\":\"Organization\",\"@id\":\"https:\\\/\\\/afogadosfm.com.br\\\/afogadosfm\\\/#organization\",\"name\":\"Afogados FM\",\"url\":\"https:\\\/\\\/afogadosfm.com.br\\\/afogadosfm\\\/\",\"logo\":{\"@type\":\"ImageObject\",\"inLanguage\":\"pt-BR\",\"@id\":\"https:\\\/\\\/afogadosfm.com.br\\\/afogadosfm\\\/#\\\/schema\\\/logo\\\/image\\\/\",\"url\":\"https:\\\/\\\/i0.wp.com\\\/afogadosfm.com.br\\\/afogadosfm\\\/wp-content\\\/uploads\\\/2020\\\/06\\\/cropped-banner-afogados-4.jpg?fit=369%2C137&ssl=1\",\"contentUrl\":\"https:\\\/\\\/i0.wp.com\\\/afogadosfm.com.br\\\/afogadosfm\\\/wp-content\\\/uploads\\\/2020\\\/06\\\/cropped-banner-afogados-4.jpg?fit=369%2C137&ssl=1\",\"width\":369,\"height\":137,\"caption\":\"Afogados FM\"},\"image\":{\"@id\":\"https:\\\/\\\/afogadosfm.com.br\\\/afogadosfm\\\/#\\\/schema\\\/logo\\\/image\\\/\"}},{\"@type\":\"Person\",\"@id\":\"https:\\\/\\\/afogadosfm.com.br\\\/afogadosfm\\\/#\\\/schema\\\/person\\\/60e56f2cf5dc960fc093fe093d9e9057\",\"name\":\"afogadosfm\",\"image\":{\"@type\":\"ImageObject\",\"inLanguage\":\"pt-BR\",\"@id\":\"https:\\\/\\\/secure.gravatar.com\\\/avatar\\\/e0359add7ed5dc3560906d861b52c6a8cf5c1e199d3a7dd85070998f49bd4701?s=96&d=mm&r=g\",\"url\":\"https:\\\/\\\/secure.gravatar.com\\\/avatar\\\/e0359add7ed5dc3560906d861b52c6a8cf5c1e199d3a7dd85070998f49bd4701?s=96&d=mm&r=g\",\"contentUrl\":\"https:\\\/\\\/secure.gravatar.com\\\/avatar\\\/e0359add7ed5dc3560906d861b52c6a8cf5c1e199d3a7dd85070998f49bd4701?s=96&d=mm&r=g\",\"caption\":\"afogadosfm\"},\"url\":\"https:\\\/\\\/afogadosfm.com.br\\\/afogadosfm\\\/author\\\/afogadosfm\\\/\"}]}<\/script>\n<!-- \/ Yoast SEO plugin. -->","yoast_head_json":{"title":"Desaprova\u00e7\u00e3o ao governo Lula supera aprova\u00e7\u00e3o no terceiro ano de mandato - Afogados FM","robots":{"index":"index","follow":"follow","max-snippet":"max-snippet:-1","max-image-preview":"max-image-preview:large","max-video-preview":"max-video-preview:-1"},"canonical":"https:\/\/afogadosfm.com.br\/afogadosfm\/2026\/01\/02\/desaprovacao-ao-governo-lula-supera-aprovacao-no-terceiro-ano-de-mandato\/","og_locale":"pt_BR","og_type":"article","og_title":"Desaprova\u00e7\u00e3o ao governo Lula supera aprova\u00e7\u00e3o no terceiro ano de mandato - Afogados FM","og_description":"O terceiro ano do governo do presidente Luiz In\u00e1cio Lula da Silva (PT) registra \u00edndices de desaprova\u00e7\u00e3o superiores aos de","og_url":"https:\/\/afogadosfm.com.br\/afogadosfm\/2026\/01\/02\/desaprovacao-ao-governo-lula-supera-aprovacao-no-terceiro-ano-de-mandato\/","og_site_name":"Afogados FM","article_published_time":"2026-01-02T08:51:31+00:00","article_modified_time":"2026-01-02T08:51:32+00:00","og_image":[{"width":1024,"height":768,"url":"https:\/\/afogadosfm.com.br\/afogadosfm\/wp-content\/uploads\/2023\/01\/lulair.webp","type":"image\/webp"}],"author":"afogadosfm","twitter_card":"summary_large_image","twitter_misc":{"Escrito por":"afogadosfm","Est. tempo de leitura":"2 minutos"},"schema":{"@context":"https:\/\/schema.org","@graph":[{"@type":"Article","@id":"https:\/\/afogadosfm.com.br\/afogadosfm\/2026\/01\/02\/desaprovacao-ao-governo-lula-supera-aprovacao-no-terceiro-ano-de-mandato\/#article","isPartOf":{"@id":"https:\/\/afogadosfm.com.br\/afogadosfm\/2026\/01\/02\/desaprovacao-ao-governo-lula-supera-aprovacao-no-terceiro-ano-de-mandato\/"},"author":{"name":"afogadosfm","@id":"https:\/\/afogadosfm.com.br\/afogadosfm\/#\/schema\/person\/60e56f2cf5dc960fc093fe093d9e9057"},"headline":"Desaprova\u00e7\u00e3o ao governo Lula supera aprova\u00e7\u00e3o no terceiro ano de mandato","datePublished":"2026-01-02T08:51:31+00:00","dateModified":"2026-01-02T08:51:32+00:00","mainEntityOfPage":{"@id":"https:\/\/afogadosfm.com.br\/afogadosfm\/2026\/01\/02\/desaprovacao-ao-governo-lula-supera-aprovacao-no-terceiro-ano-de-mandato\/"},"wordCount":337,"commentCount":0,"publisher":{"@id":"https:\/\/afogadosfm.com.br\/afogadosfm\/#organization"},"image":{"@id":"https:\/\/afogadosfm.com.br\/afogadosfm\/2026\/01\/02\/desaprovacao-ao-governo-lula-supera-aprovacao-no-terceiro-ano-de-mandato\/#primaryimage"},"thumbnailUrl":"https:\/\/i0.wp.com\/afogadosfm.com.br\/afogadosfm\/wp-content\/uploads\/2023\/01\/lulair.webp?fit=1024%2C768&ssl=1","articleSection":["Brasil"],"inLanguage":"pt-BR","potentialAction":[{"@type":"CommentAction","name":"Comment","target":["https:\/\/afogadosfm.com.br\/afogadosfm\/2026\/01\/02\/desaprovacao-ao-governo-lula-supera-aprovacao-no-terceiro-ano-de-mandato\/#respond"]}]},{"@type":"WebPage","@id":"https:\/\/afogadosfm.com.br\/afogadosfm\/2026\/01\/02\/desaprovacao-ao-governo-lula-supera-aprovacao-no-terceiro-ano-de-mandato\/","url":"https:\/\/afogadosfm.com.br\/afogadosfm\/2026\/01\/02\/desaprovacao-ao-governo-lula-supera-aprovacao-no-terceiro-ano-de-mandato\/","name":"Desaprova\u00e7\u00e3o ao governo Lula supera aprova\u00e7\u00e3o no terceiro ano de mandato - Afogados FM","isPartOf":{"@id":"https:\/\/afogadosfm.com.br\/afogadosfm\/#website"},"primaryImageOfPage":{"@id":"https:\/\/afogadosfm.com.br\/afogadosfm\/2026\/01\/02\/desaprovacao-ao-governo-lula-supera-aprovacao-no-terceiro-ano-de-mandato\/#primaryimage"},"image":{"@id":"https:\/\/afogadosfm.com.br\/afogadosfm\/2026\/01\/02\/desaprovacao-ao-governo-lula-supera-aprovacao-no-terceiro-ano-de-mandato\/#primaryimage"},"thumbnailUrl":"https:\/\/i0.wp.com\/afogadosfm.com.br\/afogadosfm\/wp-content\/uploads\/2023\/01\/lulair.webp?fit=1024%2C768&ssl=1","datePublished":"2026-01-02T08:51:31+00:00","dateModified":"2026-01-02T08:51:32+00:00","breadcrumb":{"@id":"https:\/\/afogadosfm.com.br\/afogadosfm\/2026\/01\/02\/desaprovacao-ao-governo-lula-supera-aprovacao-no-terceiro-ano-de-mandato\/#breadcrumb"},"inLanguage":"pt-BR","potentialAction":[{"@type":"ReadAction","target":["https:\/\/afogadosfm.com.br\/afogadosfm\/2026\/01\/02\/desaprovacao-ao-governo-lula-supera-aprovacao-no-terceiro-ano-de-mandato\/"]}]},{"@type":"ImageObject","inLanguage":"pt-BR","@id":"https:\/\/afogadosfm.com.br\/afogadosfm\/2026\/01\/02\/desaprovacao-ao-governo-lula-supera-aprovacao-no-terceiro-ano-de-mandato\/#primaryimage","url":"https:\/\/i0.wp.com\/afogadosfm.com.br\/afogadosfm\/wp-content\/uploads\/2023\/01\/lulair.webp?fit=1024%2C768&ssl=1","contentUrl":"https:\/\/i0.wp.com\/afogadosfm.com.br\/afogadosfm\/wp-content\/uploads\/2023\/01\/lulair.webp?fit=1024%2C768&ssl=1","width":1024,"height":768},{"@type":"BreadcrumbList","@id":"https:\/\/afogadosfm.com.br\/afogadosfm\/2026\/01\/02\/desaprovacao-ao-governo-lula-supera-aprovacao-no-terceiro-ano-de-mandato\/#breadcrumb","itemListElement":[{"@type":"ListItem","position":1,"name":"In\u00edcio","item":"https:\/\/afogadosfm.com.br\/afogadosfm\/"},{"@type":"ListItem","position":2,"name":"Desaprova\u00e7\u00e3o ao governo Lula supera aprova\u00e7\u00e3o no terceiro ano de mandato"}]},{"@type":"WebSite","@id":"https:\/\/afogadosfm.com.br\/afogadosfm\/#website","url":"https:\/\/afogadosfm.com.br\/afogadosfm\/","name":"Afogados FM","description":"Um site completo!","publisher":{"@id":"https:\/\/afogadosfm.com.br\/afogadosfm\/#organization"},"potentialAction":[{"@type":"SearchAction","target":{"@type":"EntryPoint","urlTemplate":"https:\/\/afogadosfm.com.br\/afogadosfm\/?s={search_term_string}"},"query-input":{"@type":"PropertyValueSpecification","valueRequired":true,"valueName":"search_term_string"}}],"inLanguage":"pt-BR"},{"@type":"Organization","@id":"https:\/\/afogadosfm.com.br\/afogadosfm\/#organization","name":"Afogados FM","url":"https:\/\/afogadosfm.com.br\/afogadosfm\/","logo":{"@type":"ImageObject","inLanguage":"pt-BR","@id":"https:\/\/afogadosfm.com.br\/afogadosfm\/#\/schema\/logo\/image\/","url":"https:\/\/i0.wp.com\/afogadosfm.com.br\/afogadosfm\/wp-content\/uploads\/2020\/06\/cropped-banner-afogados-4.jpg?fit=369%2C137&ssl=1","contentUrl":"https:\/\/i0.wp.com\/afogadosfm.com.br\/afogadosfm\/wp-content\/uploads\/2020\/06\/cropped-banner-afogados-4.jpg?fit=369%2C137&ssl=1","width":369,"height":137,"caption":"Afogados FM"},"image":{"@id":"https:\/\/afogadosfm.com.br\/afogadosfm\/#\/schema\/logo\/image\/"}},{"@type":"Person","@id":"https:\/\/afogadosfm.com.br\/afogadosfm\/#\/schema\/person\/60e56f2cf5dc960fc093fe093d9e9057","name":"afogadosfm","image":{"@type":"ImageObject","inLanguage":"pt-BR","@id":"https:\/\/secure.gravatar.com\/avatar\/e0359add7ed5dc3560906d861b52c6a8cf5c1e199d3a7dd85070998f49bd4701?s=96&d=mm&r=g","url":"https:\/\/secure.gravatar.com\/avatar\/e0359add7ed5dc3560906d861b52c6a8cf5c1e199d3a7dd85070998f49bd4701?s=96&d=mm&r=g","contentUrl":"https:\/\/secure.gravatar.com\/avatar\/e0359add7ed5dc3560906d861b52c6a8cf5c1e199d3a7dd85070998f49bd4701?s=96&d=mm&r=g","caption":"afogadosfm"},"url":"https:\/\/afogadosfm.com.br\/afogadosfm\/author\/afogadosfm\/"}]}},"jetpack_publicize_connections":[],"jetpack_featured_media_url":"https:\/\/i0.wp.com\/afogadosfm.com.br\/afogadosfm\/wp-content\/uploads\/2023\/01\/lulair.webp?fit=1024%2C768&ssl=1","jetpack-related-posts":[],"jetpack_sharing_enabled":true,"jetpack_likes_enabled":true,"_links":{"self":[{"href":"https:\/\/afogadosfm.com.br\/afogadosfm\/wp-json\/wp\/v2\/posts\/71723","targetHints":{"allow":["GET"]}}],"collection":[{"href":"https:\/\/afogadosfm.com.br\/afogadosfm\/wp-json\/wp\/v2\/posts"}],"about":[{"href":"https:\/\/afogadosfm.com.br\/afogadosfm\/wp-json\/wp\/v2\/types\/post"}],"author":[{"embeddable":true,"href":"https:\/\/afogadosfm.com.br\/afogadosfm\/wp-json\/wp\/v2\/users\/2"}],"replies":[{"embeddable":true,"href":"https:\/\/afogadosfm.com.br\/afogadosfm\/wp-json\/wp\/v2\/comments?post=71723"}],"version-history":[{"count":1,"href":"https:\/\/afogadosfm.com.br\/afogadosfm\/wp-json\/wp\/v2\/posts\/71723\/revisions"}],"predecessor-version":[{"id":71724,"href":"https:\/\/afogadosfm.com.br\/afogadosfm\/wp-json\/wp\/v2\/posts\/71723\/revisions\/71724"}],"wp:featuredmedia":[{"embeddable":true,"href":"https:\/\/afogadosfm.com.br\/afogadosfm\/wp-json\/wp\/v2\/media\/44195"}],"wp:attachment":[{"href":"https:\/\/afogadosfm.com.br\/afogadosfm\/wp-json\/wp\/v2\/media?parent=71723"}],"wp:term":[{"taxonomy":"category","embeddable":true,"href":"https:\/\/afogadosfm.com.br\/afogadosfm\/wp-json\/wp\/v2\/categories?post=71723"},{"taxonomy":"post_tag","embeddable":true,"href":"https:\/\/afogadosfm.com.br\/afogadosfm\/wp-json\/wp\/v2\/tags?post=71723"}],"curies":[{"name":"wp","href":"https:\/\/api.w.org\/{rel}","templated":true}]}}