{"id":71955,"date":"2026-01-13T06:10:53","date_gmt":"2026-01-13T09:10:53","guid":{"rendered":"https:\/\/afogadosfm.com.br\/afogadosfm\/?p=71955"},"modified":"2026-01-13T06:10:54","modified_gmt":"2026-01-13T09:10:54","slug":"idoso-e-conduzido-a-delegacia-em-serra-talhada-por-assedio-a-criancas-no-centro-da-cidade","status":"publish","type":"post","link":"https:\/\/afogadosfm.com.br\/afogadosfm\/2026\/01\/13\/idoso-e-conduzido-a-delegacia-em-serra-talhada-por-assedio-a-criancas-no-centro-da-cidade\/","title":{"rendered":"Idoso \u00e9 conduzido a delegacia em Serra Talhada por ass\u00e9dio a crian\u00e7as no centro da cidade"},"content":{"rendered":"\n<p>Na noite desta segunda-feira (12), um homem de aproximadamente 60 anos de idade foi conduzido a delegacia de Pol\u00edcia Civil local pelos policiais militares do 14\u00baBPM ap\u00f3s assediar uma crian\u00e7a que estava sentada no banco de uma farm\u00e1cia Rua Enock Ign\u00e1cio de Oliveira no centro de Serra Talhada.<\/p>\n\n\n\n<p>Informa\u00e7\u00f5es apuradas informam que ele ainda tentou abordar duas adolescentes na mesma cal\u00e7ada. Ainda foi informado de que o meliante tem medida protetiva contra a pr\u00f3pria m\u00e3e.<\/p>\n\n\n\n<p>Segundo informa\u00e7\u00f5es, o meliante teria convidado a crian\u00e7a para ir utilizar seu banheiro no apartamento em que reside pr\u00f3ximo ao local do fato.<\/p>\n\n\n\n<p>A m\u00e3e da crian\u00e7a estava tomando uma inje\u00e7\u00e3o na farm\u00e1cia, nesse momento ele se aproxima da crian\u00e7a e tentou assediar a crian\u00e7a.<\/p>\n\n\n\n<p>A ocorr\u00eancia foi conduzida a delegacia de Pol\u00edcia Civil para ado\u00e7\u00e3o das medidas cab\u00edveis.<\/p>\n\n\n\n<p>Do Rep\u00f3rter Ligeirinho<\/p>\n\n\n\n<p><\/p>\n","protected":false},"excerpt":{"rendered":"<p>Na noite desta segunda-feira (12), um homem de aproximadamente 60 anos de idade foi conduzido a delegacia de Pol\u00edcia Civil<\/p>\n","protected":false},"author":2,"featured_media":53382,"comment_status":"open","ping_status":"open","sticky":false,"template":"","format":"standard","meta":{"jetpack_post_was_ever_published":false,"_jetpack_newsletter_access":"","_jetpack_dont_email_post_to_subs":false,"_jetpack_newsletter_tier_id":0,"_jetpack_memberships_contains_paywalled_content":false,"_jetpack_memberships_contains_paid_content":false,"footnotes":"","jetpack_publicize_message":"","jetpack_publicize_feature_enabled":true,"jetpack_social_post_already_shared":true,"jetpack_social_options":{"image_generator_settings":{"template":"highway","default_image_id":0,"font":"","enabled":false},"version":2}},"categories":[34],"tags":[],"class_list":["post-71955","post","type-post","status-publish","format-standard","has-post-thumbnail","hentry","category-policia"],"yoast_head":"<!-- This site is optimized with the Yoast SEO plugin v27.4 - https:\/\/yoast.com\/product\/yoast-seo-wordpress\/ -->\n<title>Idoso \u00e9 conduzido a delegacia em Serra Talhada por ass\u00e9dio a crian\u00e7as no centro da cidade - Afogados FM<\/title>\n<meta name=\"robots\" content=\"index, follow, max-snippet:-1, max-image-preview:large, max-video-preview:-1\" \/>\n<link rel=\"canonical\" href=\"https:\/\/afogadosfm.com.br\/afogadosfm\/2026\/01\/13\/idoso-e-conduzido-a-delegacia-em-serra-talhada-por-assedio-a-criancas-no-centro-da-cidade\/\" \/>\n<meta property=\"og:locale\" content=\"pt_BR\" \/>\n<meta property=\"og:type\" content=\"article\" \/>\n<meta property=\"og:title\" content=\"Idoso \u00e9 conduzido a delegacia em Serra Talhada por ass\u00e9dio a crian\u00e7as no centro da cidade - Afogados FM\" \/>\n<meta property=\"og:description\" content=\"Na noite desta segunda-feira (12), um homem de aproximadamente 60 anos de idade foi conduzido a delegacia de Pol\u00edcia Civil\" \/>\n<meta property=\"og:url\" content=\"https:\/\/afogadosfm.com.br\/afogadosfm\/2026\/01\/13\/idoso-e-conduzido-a-delegacia-em-serra-talhada-por-assedio-a-criancas-no-centro-da-cidade\/\" \/>\n<meta property=\"og:site_name\" content=\"Afogados FM\" \/>\n<meta property=\"article:published_time\" content=\"2026-01-13T09:10:53+00:00\" \/>\n<meta property=\"article:modified_time\" content=\"2026-01-13T09:10:54+00:00\" \/>\n<meta property=\"og:image\" content=\"https:\/\/afogadosfm.com.br\/afogadosfm\/wp-content\/uploads\/2024\/01\/viatura.webp\" \/>\n\t<meta property=\"og:image:width\" content=\"904\" \/>\n\t<meta property=\"og:image:height\" content=\"508\" \/>\n\t<meta property=\"og:image:type\" content=\"image\/webp\" \/>\n<meta name=\"author\" content=\"afogadosfm\" \/>\n<meta name=\"twitter:card\" content=\"summary_large_image\" \/>\n<meta name=\"twitter:label1\" content=\"Escrito por\" \/>\n\t<meta name=\"twitter:data1\" content=\"afogadosfm\" \/>\n\t<meta name=\"twitter:label2\" content=\"Est. tempo de leitura\" \/>\n\t<meta name=\"twitter:data2\" content=\"1 minuto\" \/>\n<script type=\"application\/ld+json\" class=\"yoast-schema-graph\">{\"@context\":\"https:\\\/\\\/schema.org\",\"@graph\":[{\"@type\":\"Article\",\"@id\":\"https:\\\/\\\/afogadosfm.com.br\\\/afogadosfm\\\/2026\\\/01\\\/13\\\/idoso-e-conduzido-a-delegacia-em-serra-talhada-por-assedio-a-criancas-no-centro-da-cidade\\\/#article\",\"isPartOf\":{\"@id\":\"https:\\\/\\\/afogadosfm.com.br\\\/afogadosfm\\\/2026\\\/01\\\/13\\\/idoso-e-conduzido-a-delegacia-em-serra-talhada-por-assedio-a-criancas-no-centro-da-cidade\\\/\"},\"author\":{\"name\":\"afogadosfm\",\"@id\":\"https:\\\/\\\/afogadosfm.com.br\\\/afogadosfm\\\/#\\\/schema\\\/person\\\/60e56f2cf5dc960fc093fe093d9e9057\"},\"headline\":\"Idoso \u00e9 conduzido a delegacia em Serra Talhada por ass\u00e9dio a crian\u00e7as no centro da cidade\",\"datePublished\":\"2026-01-13T09:10:53+00:00\",\"dateModified\":\"2026-01-13T09:10:54+00:00\",\"mainEntityOfPage\":{\"@id\":\"https:\\\/\\\/afogadosfm.com.br\\\/afogadosfm\\\/2026\\\/01\\\/13\\\/idoso-e-conduzido-a-delegacia-em-serra-talhada-por-assedio-a-criancas-no-centro-da-cidade\\\/\"},\"wordCount\":175,\"commentCount\":0,\"publisher\":{\"@id\":\"https:\\\/\\\/afogadosfm.com.br\\\/afogadosfm\\\/#organization\"},\"image\":{\"@id\":\"https:\\\/\\\/afogadosfm.com.br\\\/afogadosfm\\\/2026\\\/01\\\/13\\\/idoso-e-conduzido-a-delegacia-em-serra-talhada-por-assedio-a-criancas-no-centro-da-cidade\\\/#primaryimage\"},\"thumbnailUrl\":\"https:\\\/\\\/i0.wp.com\\\/afogadosfm.com.br\\\/afogadosfm\\\/wp-content\\\/uploads\\\/2024\\\/01\\\/viatura.webp?fit=904%2C508&ssl=1\",\"articleSection\":[\"Pol\u00edcia\"],\"inLanguage\":\"pt-BR\",\"potentialAction\":[{\"@type\":\"CommentAction\",\"name\":\"Comment\",\"target\":[\"https:\\\/\\\/afogadosfm.com.br\\\/afogadosfm\\\/2026\\\/01\\\/13\\\/idoso-e-conduzido-a-delegacia-em-serra-talhada-por-assedio-a-criancas-no-centro-da-cidade\\\/#respond\"]}]},{\"@type\":\"WebPage\",\"@id\":\"https:\\\/\\\/afogadosfm.com.br\\\/afogadosfm\\\/2026\\\/01\\\/13\\\/idoso-e-conduzido-a-delegacia-em-serra-talhada-por-assedio-a-criancas-no-centro-da-cidade\\\/\",\"url\":\"https:\\\/\\\/afogadosfm.com.br\\\/afogadosfm\\\/2026\\\/01\\\/13\\\/idoso-e-conduzido-a-delegacia-em-serra-talhada-por-assedio-a-criancas-no-centro-da-cidade\\\/\",\"name\":\"Idoso \u00e9 conduzido a delegacia em Serra Talhada por ass\u00e9dio a crian\u00e7as no centro da cidade - Afogados FM\",\"isPartOf\":{\"@id\":\"https:\\\/\\\/afogadosfm.com.br\\\/afogadosfm\\\/#website\"},\"primaryImageOfPage\":{\"@id\":\"https:\\\/\\\/afogadosfm.com.br\\\/afogadosfm\\\/2026\\\/01\\\/13\\\/idoso-e-conduzido-a-delegacia-em-serra-talhada-por-assedio-a-criancas-no-centro-da-cidade\\\/#primaryimage\"},\"image\":{\"@id\":\"https:\\\/\\\/afogadosfm.com.br\\\/afogadosfm\\\/2026\\\/01\\\/13\\\/idoso-e-conduzido-a-delegacia-em-serra-talhada-por-assedio-a-criancas-no-centro-da-cidade\\\/#primaryimage\"},\"thumbnailUrl\":\"https:\\\/\\\/i0.wp.com\\\/afogadosfm.com.br\\\/afogadosfm\\\/wp-content\\\/uploads\\\/2024\\\/01\\\/viatura.webp?fit=904%2C508&ssl=1\",\"datePublished\":\"2026-01-13T09:10:53+00:00\",\"dateModified\":\"2026-01-13T09:10:54+00:00\",\"breadcrumb\":{\"@id\":\"https:\\\/\\\/afogadosfm.com.br\\\/afogadosfm\\\/2026\\\/01\\\/13\\\/idoso-e-conduzido-a-delegacia-em-serra-talhada-por-assedio-a-criancas-no-centro-da-cidade\\\/#breadcrumb\"},\"inLanguage\":\"pt-BR\",\"potentialAction\":[{\"@type\":\"ReadAction\",\"target\":[\"https:\\\/\\\/afogadosfm.com.br\\\/afogadosfm\\\/2026\\\/01\\\/13\\\/idoso-e-conduzido-a-delegacia-em-serra-talhada-por-assedio-a-criancas-no-centro-da-cidade\\\/\"]}]},{\"@type\":\"ImageObject\",\"inLanguage\":\"pt-BR\",\"@id\":\"https:\\\/\\\/afogadosfm.com.br\\\/afogadosfm\\\/2026\\\/01\\\/13\\\/idoso-e-conduzido-a-delegacia-em-serra-talhada-por-assedio-a-criancas-no-centro-da-cidade\\\/#primaryimage\",\"url\":\"https:\\\/\\\/i0.wp.com\\\/afogadosfm.com.br\\\/afogadosfm\\\/wp-content\\\/uploads\\\/2024\\\/01\\\/viatura.webp?fit=904%2C508&ssl=1\",\"contentUrl\":\"https:\\\/\\\/i0.wp.com\\\/afogadosfm.com.br\\\/afogadosfm\\\/wp-content\\\/uploads\\\/2024\\\/01\\\/viatura.webp?fit=904%2C508&ssl=1\",\"width\":904,\"height\":508},{\"@type\":\"BreadcrumbList\",\"@id\":\"https:\\\/\\\/afogadosfm.com.br\\\/afogadosfm\\\/2026\\\/01\\\/13\\\/idoso-e-conduzido-a-delegacia-em-serra-talhada-por-assedio-a-criancas-no-centro-da-cidade\\\/#breadcrumb\",\"itemListElement\":[{\"@type\":\"ListItem\",\"position\":1,\"name\":\"In\u00edcio\",\"item\":\"https:\\\/\\\/afogadosfm.com.br\\\/afogadosfm\\\/\"},{\"@type\":\"ListItem\",\"position\":2,\"name\":\"Idoso \u00e9 conduzido a delegacia em Serra Talhada por ass\u00e9dio a crian\u00e7as no centro da cidade\"}]},{\"@type\":\"WebSite\",\"@id\":\"https:\\\/\\\/afogadosfm.com.br\\\/afogadosfm\\\/#website\",\"url\":\"https:\\\/\\\/afogadosfm.com.br\\\/afogadosfm\\\/\",\"name\":\"Afogados FM\",\"description\":\"Um site completo!\",\"publisher\":{\"@id\":\"https:\\\/\\\/afogadosfm.com.br\\\/afogadosfm\\\/#organization\"},\"potentialAction\":[{\"@type\":\"SearchAction\",\"target\":{\"@type\":\"EntryPoint\",\"urlTemplate\":\"https:\\\/\\\/afogadosfm.com.br\\\/afogadosfm\\\/?s={search_term_string}\"},\"query-input\":{\"@type\":\"PropertyValueSpecification\",\"valueRequired\":true,\"valueName\":\"search_term_string\"}}],\"inLanguage\":\"pt-BR\"},{\"@type\":\"Organization\",\"@id\":\"https:\\\/\\\/afogadosfm.com.br\\\/afogadosfm\\\/#organization\",\"name\":\"Afogados FM\",\"url\":\"https:\\\/\\\/afogadosfm.com.br\\\/afogadosfm\\\/\",\"logo\":{\"@type\":\"ImageObject\",\"inLanguage\":\"pt-BR\",\"@id\":\"https:\\\/\\\/afogadosfm.com.br\\\/afogadosfm\\\/#\\\/schema\\\/logo\\\/image\\\/\",\"url\":\"https:\\\/\\\/i0.wp.com\\\/afogadosfm.com.br\\\/afogadosfm\\\/wp-content\\\/uploads\\\/2020\\\/06\\\/cropped-banner-afogados-4.jpg?fit=369%2C137&ssl=1\",\"contentUrl\":\"https:\\\/\\\/i0.wp.com\\\/afogadosfm.com.br\\\/afogadosfm\\\/wp-content\\\/uploads\\\/2020\\\/06\\\/cropped-banner-afogados-4.jpg?fit=369%2C137&ssl=1\",\"width\":369,\"height\":137,\"caption\":\"Afogados FM\"},\"image\":{\"@id\":\"https:\\\/\\\/afogadosfm.com.br\\\/afogadosfm\\\/#\\\/schema\\\/logo\\\/image\\\/\"}},{\"@type\":\"Person\",\"@id\":\"https:\\\/\\\/afogadosfm.com.br\\\/afogadosfm\\\/#\\\/schema\\\/person\\\/60e56f2cf5dc960fc093fe093d9e9057\",\"name\":\"afogadosfm\",\"image\":{\"@type\":\"ImageObject\",\"inLanguage\":\"pt-BR\",\"@id\":\"https:\\\/\\\/secure.gravatar.com\\\/avatar\\\/e0359add7ed5dc3560906d861b52c6a8cf5c1e199d3a7dd85070998f49bd4701?s=96&d=mm&r=g\",\"url\":\"https:\\\/\\\/secure.gravatar.com\\\/avatar\\\/e0359add7ed5dc3560906d861b52c6a8cf5c1e199d3a7dd85070998f49bd4701?s=96&d=mm&r=g\",\"contentUrl\":\"https:\\\/\\\/secure.gravatar.com\\\/avatar\\\/e0359add7ed5dc3560906d861b52c6a8cf5c1e199d3a7dd85070998f49bd4701?s=96&d=mm&r=g\",\"caption\":\"afogadosfm\"},\"url\":\"https:\\\/\\\/afogadosfm.com.br\\\/afogadosfm\\\/author\\\/afogadosfm\\\/\"}]}<\/script>\n<!-- \/ Yoast SEO plugin. -->","yoast_head_json":{"title":"Idoso \u00e9 conduzido a delegacia em Serra Talhada por ass\u00e9dio a crian\u00e7as no centro da cidade - Afogados FM","robots":{"index":"index","follow":"follow","max-snippet":"max-snippet:-1","max-image-preview":"max-image-preview:large","max-video-preview":"max-video-preview:-1"},"canonical":"https:\/\/afogadosfm.com.br\/afogadosfm\/2026\/01\/13\/idoso-e-conduzido-a-delegacia-em-serra-talhada-por-assedio-a-criancas-no-centro-da-cidade\/","og_locale":"pt_BR","og_type":"article","og_title":"Idoso \u00e9 conduzido a delegacia em Serra Talhada por ass\u00e9dio a crian\u00e7as no centro da cidade - Afogados FM","og_description":"Na noite desta segunda-feira (12), um homem de aproximadamente 60 anos de idade foi conduzido a delegacia de Pol\u00edcia Civil","og_url":"https:\/\/afogadosfm.com.br\/afogadosfm\/2026\/01\/13\/idoso-e-conduzido-a-delegacia-em-serra-talhada-por-assedio-a-criancas-no-centro-da-cidade\/","og_site_name":"Afogados FM","article_published_time":"2026-01-13T09:10:53+00:00","article_modified_time":"2026-01-13T09:10:54+00:00","og_image":[{"width":904,"height":508,"url":"https:\/\/afogadosfm.com.br\/afogadosfm\/wp-content\/uploads\/2024\/01\/viatura.webp","type":"image\/webp"}],"author":"afogadosfm","twitter_card":"summary_large_image","twitter_misc":{"Escrito por":"afogadosfm","Est. tempo de leitura":"1 minuto"},"schema":{"@context":"https:\/\/schema.org","@graph":[{"@type":"Article","@id":"https:\/\/afogadosfm.com.br\/afogadosfm\/2026\/01\/13\/idoso-e-conduzido-a-delegacia-em-serra-talhada-por-assedio-a-criancas-no-centro-da-cidade\/#article","isPartOf":{"@id":"https:\/\/afogadosfm.com.br\/afogadosfm\/2026\/01\/13\/idoso-e-conduzido-a-delegacia-em-serra-talhada-por-assedio-a-criancas-no-centro-da-cidade\/"},"author":{"name":"afogadosfm","@id":"https:\/\/afogadosfm.com.br\/afogadosfm\/#\/schema\/person\/60e56f2cf5dc960fc093fe093d9e9057"},"headline":"Idoso \u00e9 conduzido a delegacia em Serra Talhada por ass\u00e9dio a crian\u00e7as no centro da cidade","datePublished":"2026-01-13T09:10:53+00:00","dateModified":"2026-01-13T09:10:54+00:00","mainEntityOfPage":{"@id":"https:\/\/afogadosfm.com.br\/afogadosfm\/2026\/01\/13\/idoso-e-conduzido-a-delegacia-em-serra-talhada-por-assedio-a-criancas-no-centro-da-cidade\/"},"wordCount":175,"commentCount":0,"publisher":{"@id":"https:\/\/afogadosfm.com.br\/afogadosfm\/#organization"},"image":{"@id":"https:\/\/afogadosfm.com.br\/afogadosfm\/2026\/01\/13\/idoso-e-conduzido-a-delegacia-em-serra-talhada-por-assedio-a-criancas-no-centro-da-cidade\/#primaryimage"},"thumbnailUrl":"https:\/\/i0.wp.com\/afogadosfm.com.br\/afogadosfm\/wp-content\/uploads\/2024\/01\/viatura.webp?fit=904%2C508&ssl=1","articleSection":["Pol\u00edcia"],"inLanguage":"pt-BR","potentialAction":[{"@type":"CommentAction","name":"Comment","target":["https:\/\/afogadosfm.com.br\/afogadosfm\/2026\/01\/13\/idoso-e-conduzido-a-delegacia-em-serra-talhada-por-assedio-a-criancas-no-centro-da-cidade\/#respond"]}]},{"@type":"WebPage","@id":"https:\/\/afogadosfm.com.br\/afogadosfm\/2026\/01\/13\/idoso-e-conduzido-a-delegacia-em-serra-talhada-por-assedio-a-criancas-no-centro-da-cidade\/","url":"https:\/\/afogadosfm.com.br\/afogadosfm\/2026\/01\/13\/idoso-e-conduzido-a-delegacia-em-serra-talhada-por-assedio-a-criancas-no-centro-da-cidade\/","name":"Idoso \u00e9 conduzido a delegacia em Serra Talhada por ass\u00e9dio a crian\u00e7as no centro da cidade - Afogados FM","isPartOf":{"@id":"https:\/\/afogadosfm.com.br\/afogadosfm\/#website"},"primaryImageOfPage":{"@id":"https:\/\/afogadosfm.com.br\/afogadosfm\/2026\/01\/13\/idoso-e-conduzido-a-delegacia-em-serra-talhada-por-assedio-a-criancas-no-centro-da-cidade\/#primaryimage"},"image":{"@id":"https:\/\/afogadosfm.com.br\/afogadosfm\/2026\/01\/13\/idoso-e-conduzido-a-delegacia-em-serra-talhada-por-assedio-a-criancas-no-centro-da-cidade\/#primaryimage"},"thumbnailUrl":"https:\/\/i0.wp.com\/afogadosfm.com.br\/afogadosfm\/wp-content\/uploads\/2024\/01\/viatura.webp?fit=904%2C508&ssl=1","datePublished":"2026-01-13T09:10:53+00:00","dateModified":"2026-01-13T09:10:54+00:00","breadcrumb":{"@id":"https:\/\/afogadosfm.com.br\/afogadosfm\/2026\/01\/13\/idoso-e-conduzido-a-delegacia-em-serra-talhada-por-assedio-a-criancas-no-centro-da-cidade\/#breadcrumb"},"inLanguage":"pt-BR","potentialAction":[{"@type":"ReadAction","target":["https:\/\/afogadosfm.com.br\/afogadosfm\/2026\/01\/13\/idoso-e-conduzido-a-delegacia-em-serra-talhada-por-assedio-a-criancas-no-centro-da-cidade\/"]}]},{"@type":"ImageObject","inLanguage":"pt-BR","@id":"https:\/\/afogadosfm.com.br\/afogadosfm\/2026\/01\/13\/idoso-e-conduzido-a-delegacia-em-serra-talhada-por-assedio-a-criancas-no-centro-da-cidade\/#primaryimage","url":"https:\/\/i0.wp.com\/afogadosfm.com.br\/afogadosfm\/wp-content\/uploads\/2024\/01\/viatura.webp?fit=904%2C508&ssl=1","contentUrl":"https:\/\/i0.wp.com\/afogadosfm.com.br\/afogadosfm\/wp-content\/uploads\/2024\/01\/viatura.webp?fit=904%2C508&ssl=1","width":904,"height":508},{"@type":"BreadcrumbList","@id":"https:\/\/afogadosfm.com.br\/afogadosfm\/2026\/01\/13\/idoso-e-conduzido-a-delegacia-em-serra-talhada-por-assedio-a-criancas-no-centro-da-cidade\/#breadcrumb","itemListElement":[{"@type":"ListItem","position":1,"name":"In\u00edcio","item":"https:\/\/afogadosfm.com.br\/afogadosfm\/"},{"@type":"ListItem","position":2,"name":"Idoso \u00e9 conduzido a delegacia em Serra Talhada por ass\u00e9dio a crian\u00e7as no centro da cidade"}]},{"@type":"WebSite","@id":"https:\/\/afogadosfm.com.br\/afogadosfm\/#website","url":"https:\/\/afogadosfm.com.br\/afogadosfm\/","name":"Afogados FM","description":"Um site completo!","publisher":{"@id":"https:\/\/afogadosfm.com.br\/afogadosfm\/#organization"},"potentialAction":[{"@type":"SearchAction","target":{"@type":"EntryPoint","urlTemplate":"https:\/\/afogadosfm.com.br\/afogadosfm\/?s={search_term_string}"},"query-input":{"@type":"PropertyValueSpecification","valueRequired":true,"valueName":"search_term_string"}}],"inLanguage":"pt-BR"},{"@type":"Organization","@id":"https:\/\/afogadosfm.com.br\/afogadosfm\/#organization","name":"Afogados FM","url":"https:\/\/afogadosfm.com.br\/afogadosfm\/","logo":{"@type":"ImageObject","inLanguage":"pt-BR","@id":"https:\/\/afogadosfm.com.br\/afogadosfm\/#\/schema\/logo\/image\/","url":"https:\/\/i0.wp.com\/afogadosfm.com.br\/afogadosfm\/wp-content\/uploads\/2020\/06\/cropped-banner-afogados-4.jpg?fit=369%2C137&ssl=1","contentUrl":"https:\/\/i0.wp.com\/afogadosfm.com.br\/afogadosfm\/wp-content\/uploads\/2020\/06\/cropped-banner-afogados-4.jpg?fit=369%2C137&ssl=1","width":369,"height":137,"caption":"Afogados FM"},"image":{"@id":"https:\/\/afogadosfm.com.br\/afogadosfm\/#\/schema\/logo\/image\/"}},{"@type":"Person","@id":"https:\/\/afogadosfm.com.br\/afogadosfm\/#\/schema\/person\/60e56f2cf5dc960fc093fe093d9e9057","name":"afogadosfm","image":{"@type":"ImageObject","inLanguage":"pt-BR","@id":"https:\/\/secure.gravatar.com\/avatar\/e0359add7ed5dc3560906d861b52c6a8cf5c1e199d3a7dd85070998f49bd4701?s=96&d=mm&r=g","url":"https:\/\/secure.gravatar.com\/avatar\/e0359add7ed5dc3560906d861b52c6a8cf5c1e199d3a7dd85070998f49bd4701?s=96&d=mm&r=g","contentUrl":"https:\/\/secure.gravatar.com\/avatar\/e0359add7ed5dc3560906d861b52c6a8cf5c1e199d3a7dd85070998f49bd4701?s=96&d=mm&r=g","caption":"afogadosfm"},"url":"https:\/\/afogadosfm.com.br\/afogadosfm\/author\/afogadosfm\/"}]}},"jetpack_publicize_connections":[],"jetpack_featured_media_url":"https:\/\/i0.wp.com\/afogadosfm.com.br\/afogadosfm\/wp-content\/uploads\/2024\/01\/viatura.webp?fit=904%2C508&ssl=1","jetpack-related-posts":[],"jetpack_sharing_enabled":true,"jetpack_likes_enabled":true,"_links":{"self":[{"href":"https:\/\/afogadosfm.com.br\/afogadosfm\/wp-json\/wp\/v2\/posts\/71955","targetHints":{"allow":["GET"]}}],"collection":[{"href":"https:\/\/afogadosfm.com.br\/afogadosfm\/wp-json\/wp\/v2\/posts"}],"about":[{"href":"https:\/\/afogadosfm.com.br\/afogadosfm\/wp-json\/wp\/v2\/types\/post"}],"author":[{"embeddable":true,"href":"https:\/\/afogadosfm.com.br\/afogadosfm\/wp-json\/wp\/v2\/users\/2"}],"replies":[{"embeddable":true,"href":"https:\/\/afogadosfm.com.br\/afogadosfm\/wp-json\/wp\/v2\/comments?post=71955"}],"version-history":[{"count":1,"href":"https:\/\/afogadosfm.com.br\/afogadosfm\/wp-json\/wp\/v2\/posts\/71955\/revisions"}],"predecessor-version":[{"id":71956,"href":"https:\/\/afogadosfm.com.br\/afogadosfm\/wp-json\/wp\/v2\/posts\/71955\/revisions\/71956"}],"wp:featuredmedia":[{"embeddable":true,"href":"https:\/\/afogadosfm.com.br\/afogadosfm\/wp-json\/wp\/v2\/media\/53382"}],"wp:attachment":[{"href":"https:\/\/afogadosfm.com.br\/afogadosfm\/wp-json\/wp\/v2\/media?parent=71955"}],"wp:term":[{"taxonomy":"category","embeddable":true,"href":"https:\/\/afogadosfm.com.br\/afogadosfm\/wp-json\/wp\/v2\/categories?post=71955"},{"taxonomy":"post_tag","embeddable":true,"href":"https:\/\/afogadosfm.com.br\/afogadosfm\/wp-json\/wp\/v2\/tags?post=71955"}],"curies":[{"name":"wp","href":"https:\/\/api.w.org\/{rel}","templated":true}]}}