{"id":71961,"date":"2026-01-13T06:46:15","date_gmt":"2026-01-13T09:46:15","guid":{"rendered":"https:\/\/afogadosfm.com.br\/afogadosfm\/?p=71961"},"modified":"2026-01-13T06:46:16","modified_gmt":"2026-01-13T09:46:16","slug":"comissao-aprova-dois-projetos-de-protecao-a-pessoas-com-autismo","status":"publish","type":"post","link":"https:\/\/afogadosfm.com.br\/afogadosfm\/2026\/01\/13\/comissao-aprova-dois-projetos-de-protecao-a-pessoas-com-autismo\/","title":{"rendered":"Comiss\u00e3o aprova dois projetos de prote\u00e7\u00e3o a pessoas com autismo"},"content":{"rendered":"\n<p>A Comiss\u00e3o de Constitui\u00e7\u00e3o e Justi\u00e7a da C\u00e2mara dos Deputados aprovou dois projetos que ampliam a prote\u00e7\u00e3o e a inclus\u00e3o de pessoas com transtorno do espectro autista (TEA). Uma das propostas (PL 2179\/24) garante o uso de pulseira lil\u00e1s por pacientes autistas e seus familiares durante atendimentos em institui\u00e7\u00f5es de sa\u00fade p\u00fablicas e privadas.<\/p>\n\n\n\n<p>A outra (PL 1758\/22) endurece as puni\u00e7\u00f5es contra quem praticar ou incentivar a discrimina\u00e7\u00e3o contra pessoas com autismo.<\/p>\n\n\n\n<p>Segundo o IBGE, mais de 2 milh\u00f5es de brasileiros s\u00e3o diagnosticados com autismo. A legisla\u00e7\u00e3o brasileira j\u00e1 prev\u00ea puni\u00e7\u00e3o para a discrimina\u00e7\u00e3o contra pessoas com defici\u00eancia, incluindo os autistas. A pena varia de um a tr\u00eas anos de reclus\u00e3o, al\u00e9m de multa.<\/p>\n\n\n\n<p>O novo projeto amplia essas medidas ao prever advert\u00eancias, aplica\u00e7\u00e3o de multas a pessoas f\u00edsicas e empresas e at\u00e9 a suspens\u00e3o da participa\u00e7\u00e3o em licita\u00e7\u00f5es p\u00fablicas quando forem identificadas pr\u00e1ticas discriminat\u00f3rias. A proposta tamb\u00e9m determina o encaminhamento dos infratores para palestras educativas sobre o transtorno do espectro autista.<\/p>\n\n\n\n<p>Os dois textos foram relatados pelo deputado Marangoni (Uni\u00e3o-SP) (Uni\u00e3o-SP). Para ele, as a\u00e7\u00f5es t\u00eam car\u00e1ter punitivo e, ao mesmo tempo, educativo no combate ao preconceito.<\/p>\n\n\n\n<p>&#8220;Prever puni\u00e7\u00f5es administrativas que v\u00e3o desde multa, e encaminhamento a palestras, e material, multas acompanhadas de material explicativo sobre o que \u00e9 o autismo, n\u00e9, para que a gente tenha, principalmente, \u00e9 as boas informa\u00e7\u00f5es e a conscientiza\u00e7\u00e3o das pessoas, n\u00e9\u201d<\/p>\n\n\n\n<p>J\u00e1 sobre o projeto que trata do uso volunt\u00e1rio da pulseira lil\u00e1s durante atendimentos de sa\u00fade, o parlamentar destacou que o acess\u00f3rio facilita a identifica\u00e7\u00e3o do paciente pelo profissional e contribui para um ambiente mais seguro e acolhedor. Ele explicou ainda que, diferentemente da Carteira de Identifica\u00e7\u00e3o da Pessoa com Transtorno do Espectro Autista (CIPTEA), a pulseira ser\u00e1 usada apenas durante a perman\u00eancia do paciente na unidade de sa\u00fade.<\/p>\n\n\n\n<p>\u201cInclusive, \u00e9 para risco de fuga e eventual crise, n\u00e9? Os todos os funcion\u00e1rios da unidade de sa\u00fade j\u00e1 conseguem observar ali de longe que \u00e9 uma pessoa autista que eventualmente precisa ser conduzida para uma sala de apoio, n\u00e9, em caso de crise, enfim, para garantir efetividade aos direitos do autista.\u201d<\/p>\n\n\n\n<p>As duas propostas, que ampliam os direitos das pessoas com transtorno do espectro autista e alteram a Pol\u00edtica Nacional de Prote\u00e7\u00e3o dos Direitos da Pessoa com Transtorno do Espectro Autista, seguem agora para an\u00e1lise do Senado.<\/p>\n\n\n\n<p>Da R\u00e1dio C\u00e2mara, de Bras\u00edlia, Julia Lopes.<\/p>\n","protected":false},"excerpt":{"rendered":"<p>A Comiss\u00e3o de Constitui\u00e7\u00e3o e Justi\u00e7a da C\u00e2mara dos Deputados aprovou dois projetos que ampliam a prote\u00e7\u00e3o e a inclus\u00e3o<\/p>\n","protected":false},"author":2,"featured_media":66101,"comment_status":"open","ping_status":"open","sticky":false,"template":"","format":"standard","meta":{"jetpack_post_was_ever_published":false,"_jetpack_newsletter_access":"","_jetpack_dont_email_post_to_subs":false,"_jetpack_newsletter_tier_id":0,"_jetpack_memberships_contains_paywalled_content":false,"_jetpack_memberships_contains_paid_content":false,"footnotes":"","jetpack_publicize_message":"","jetpack_publicize_feature_enabled":true,"jetpack_social_post_already_shared":true,"jetpack_social_options":{"image_generator_settings":{"template":"highway","default_image_id":0,"font":"","enabled":false},"version":2}},"categories":[12],"tags":[],"class_list":["post-71961","post","type-post","status-publish","format-standard","has-post-thumbnail","hentry","category-brasil"],"yoast_head":"<!-- This site is optimized with the Yoast SEO plugin v27.4 - https:\/\/yoast.com\/product\/yoast-seo-wordpress\/ -->\n<title>Comiss\u00e3o aprova dois projetos de prote\u00e7\u00e3o a pessoas com autismo - Afogados FM<\/title>\n<meta name=\"robots\" content=\"index, follow, max-snippet:-1, max-image-preview:large, max-video-preview:-1\" \/>\n<link rel=\"canonical\" href=\"https:\/\/afogadosfm.com.br\/afogadosfm\/2026\/01\/13\/comissao-aprova-dois-projetos-de-protecao-a-pessoas-com-autismo\/\" \/>\n<meta property=\"og:locale\" content=\"pt_BR\" \/>\n<meta property=\"og:type\" content=\"article\" \/>\n<meta property=\"og:title\" content=\"Comiss\u00e3o aprova dois projetos de prote\u00e7\u00e3o a pessoas com autismo - Afogados FM\" \/>\n<meta property=\"og:description\" content=\"A Comiss\u00e3o de Constitui\u00e7\u00e3o e Justi\u00e7a da C\u00e2mara dos Deputados aprovou dois projetos que ampliam a prote\u00e7\u00e3o e a inclus\u00e3o\" \/>\n<meta property=\"og:url\" content=\"https:\/\/afogadosfm.com.br\/afogadosfm\/2026\/01\/13\/comissao-aprova-dois-projetos-de-protecao-a-pessoas-com-autismo\/\" \/>\n<meta property=\"og:site_name\" content=\"Afogados FM\" \/>\n<meta property=\"article:published_time\" content=\"2026-01-13T09:46:15+00:00\" \/>\n<meta property=\"article:modified_time\" content=\"2026-01-13T09:46:16+00:00\" \/>\n<meta property=\"og:image\" content=\"https:\/\/afogadosfm.com.br\/afogadosfm\/wp-content\/uploads\/2025\/05\/autismo.png\" \/>\n\t<meta property=\"og:image:width\" content=\"960\" \/>\n\t<meta property=\"og:image:height\" content=\"640\" \/>\n\t<meta property=\"og:image:type\" content=\"image\/png\" \/>\n<meta name=\"author\" content=\"afogadosfm\" \/>\n<meta name=\"twitter:card\" content=\"summary_large_image\" \/>\n<meta name=\"twitter:label1\" content=\"Escrito por\" \/>\n\t<meta name=\"twitter:data1\" content=\"afogadosfm\" \/>\n\t<meta name=\"twitter:label2\" content=\"Est. tempo de leitura\" \/>\n\t<meta name=\"twitter:data2\" content=\"3 minutos\" \/>\n<script type=\"application\/ld+json\" class=\"yoast-schema-graph\">{\"@context\":\"https:\\\/\\\/schema.org\",\"@graph\":[{\"@type\":\"Article\",\"@id\":\"https:\\\/\\\/afogadosfm.com.br\\\/afogadosfm\\\/2026\\\/01\\\/13\\\/comissao-aprova-dois-projetos-de-protecao-a-pessoas-com-autismo\\\/#article\",\"isPartOf\":{\"@id\":\"https:\\\/\\\/afogadosfm.com.br\\\/afogadosfm\\\/2026\\\/01\\\/13\\\/comissao-aprova-dois-projetos-de-protecao-a-pessoas-com-autismo\\\/\"},\"author\":{\"name\":\"afogadosfm\",\"@id\":\"https:\\\/\\\/afogadosfm.com.br\\\/afogadosfm\\\/#\\\/schema\\\/person\\\/60e56f2cf5dc960fc093fe093d9e9057\"},\"headline\":\"Comiss\u00e3o aprova dois projetos de prote\u00e7\u00e3o a pessoas com autismo\",\"datePublished\":\"2026-01-13T09:46:15+00:00\",\"dateModified\":\"2026-01-13T09:46:16+00:00\",\"mainEntityOfPage\":{\"@id\":\"https:\\\/\\\/afogadosfm.com.br\\\/afogadosfm\\\/2026\\\/01\\\/13\\\/comissao-aprova-dois-projetos-de-protecao-a-pessoas-com-autismo\\\/\"},\"wordCount\":454,\"commentCount\":0,\"publisher\":{\"@id\":\"https:\\\/\\\/afogadosfm.com.br\\\/afogadosfm\\\/#organization\"},\"image\":{\"@id\":\"https:\\\/\\\/afogadosfm.com.br\\\/afogadosfm\\\/2026\\\/01\\\/13\\\/comissao-aprova-dois-projetos-de-protecao-a-pessoas-com-autismo\\\/#primaryimage\"},\"thumbnailUrl\":\"https:\\\/\\\/i0.wp.com\\\/afogadosfm.com.br\\\/afogadosfm\\\/wp-content\\\/uploads\\\/2025\\\/05\\\/autismo.png?fit=960%2C640&ssl=1\",\"articleSection\":[\"Brasil\"],\"inLanguage\":\"pt-BR\",\"potentialAction\":[{\"@type\":\"CommentAction\",\"name\":\"Comment\",\"target\":[\"https:\\\/\\\/afogadosfm.com.br\\\/afogadosfm\\\/2026\\\/01\\\/13\\\/comissao-aprova-dois-projetos-de-protecao-a-pessoas-com-autismo\\\/#respond\"]}]},{\"@type\":\"WebPage\",\"@id\":\"https:\\\/\\\/afogadosfm.com.br\\\/afogadosfm\\\/2026\\\/01\\\/13\\\/comissao-aprova-dois-projetos-de-protecao-a-pessoas-com-autismo\\\/\",\"url\":\"https:\\\/\\\/afogadosfm.com.br\\\/afogadosfm\\\/2026\\\/01\\\/13\\\/comissao-aprova-dois-projetos-de-protecao-a-pessoas-com-autismo\\\/\",\"name\":\"Comiss\u00e3o aprova dois projetos de prote\u00e7\u00e3o a pessoas com autismo - Afogados FM\",\"isPartOf\":{\"@id\":\"https:\\\/\\\/afogadosfm.com.br\\\/afogadosfm\\\/#website\"},\"primaryImageOfPage\":{\"@id\":\"https:\\\/\\\/afogadosfm.com.br\\\/afogadosfm\\\/2026\\\/01\\\/13\\\/comissao-aprova-dois-projetos-de-protecao-a-pessoas-com-autismo\\\/#primaryimage\"},\"image\":{\"@id\":\"https:\\\/\\\/afogadosfm.com.br\\\/afogadosfm\\\/2026\\\/01\\\/13\\\/comissao-aprova-dois-projetos-de-protecao-a-pessoas-com-autismo\\\/#primaryimage\"},\"thumbnailUrl\":\"https:\\\/\\\/i0.wp.com\\\/afogadosfm.com.br\\\/afogadosfm\\\/wp-content\\\/uploads\\\/2025\\\/05\\\/autismo.png?fit=960%2C640&ssl=1\",\"datePublished\":\"2026-01-13T09:46:15+00:00\",\"dateModified\":\"2026-01-13T09:46:16+00:00\",\"breadcrumb\":{\"@id\":\"https:\\\/\\\/afogadosfm.com.br\\\/afogadosfm\\\/2026\\\/01\\\/13\\\/comissao-aprova-dois-projetos-de-protecao-a-pessoas-com-autismo\\\/#breadcrumb\"},\"inLanguage\":\"pt-BR\",\"potentialAction\":[{\"@type\":\"ReadAction\",\"target\":[\"https:\\\/\\\/afogadosfm.com.br\\\/afogadosfm\\\/2026\\\/01\\\/13\\\/comissao-aprova-dois-projetos-de-protecao-a-pessoas-com-autismo\\\/\"]}]},{\"@type\":\"ImageObject\",\"inLanguage\":\"pt-BR\",\"@id\":\"https:\\\/\\\/afogadosfm.com.br\\\/afogadosfm\\\/2026\\\/01\\\/13\\\/comissao-aprova-dois-projetos-de-protecao-a-pessoas-com-autismo\\\/#primaryimage\",\"url\":\"https:\\\/\\\/i0.wp.com\\\/afogadosfm.com.br\\\/afogadosfm\\\/wp-content\\\/uploads\\\/2025\\\/05\\\/autismo.png?fit=960%2C640&ssl=1\",\"contentUrl\":\"https:\\\/\\\/i0.wp.com\\\/afogadosfm.com.br\\\/afogadosfm\\\/wp-content\\\/uploads\\\/2025\\\/05\\\/autismo.png?fit=960%2C640&ssl=1\",\"width\":960,\"height\":640},{\"@type\":\"BreadcrumbList\",\"@id\":\"https:\\\/\\\/afogadosfm.com.br\\\/afogadosfm\\\/2026\\\/01\\\/13\\\/comissao-aprova-dois-projetos-de-protecao-a-pessoas-com-autismo\\\/#breadcrumb\",\"itemListElement\":[{\"@type\":\"ListItem\",\"position\":1,\"name\":\"In\u00edcio\",\"item\":\"https:\\\/\\\/afogadosfm.com.br\\\/afogadosfm\\\/\"},{\"@type\":\"ListItem\",\"position\":2,\"name\":\"Comiss\u00e3o aprova dois projetos de prote\u00e7\u00e3o a pessoas com autismo\"}]},{\"@type\":\"WebSite\",\"@id\":\"https:\\\/\\\/afogadosfm.com.br\\\/afogadosfm\\\/#website\",\"url\":\"https:\\\/\\\/afogadosfm.com.br\\\/afogadosfm\\\/\",\"name\":\"Afogados FM\",\"description\":\"Um site completo!\",\"publisher\":{\"@id\":\"https:\\\/\\\/afogadosfm.com.br\\\/afogadosfm\\\/#organization\"},\"potentialAction\":[{\"@type\":\"SearchAction\",\"target\":{\"@type\":\"EntryPoint\",\"urlTemplate\":\"https:\\\/\\\/afogadosfm.com.br\\\/afogadosfm\\\/?s={search_term_string}\"},\"query-input\":{\"@type\":\"PropertyValueSpecification\",\"valueRequired\":true,\"valueName\":\"search_term_string\"}}],\"inLanguage\":\"pt-BR\"},{\"@type\":\"Organization\",\"@id\":\"https:\\\/\\\/afogadosfm.com.br\\\/afogadosfm\\\/#organization\",\"name\":\"Afogados FM\",\"url\":\"https:\\\/\\\/afogadosfm.com.br\\\/afogadosfm\\\/\",\"logo\":{\"@type\":\"ImageObject\",\"inLanguage\":\"pt-BR\",\"@id\":\"https:\\\/\\\/afogadosfm.com.br\\\/afogadosfm\\\/#\\\/schema\\\/logo\\\/image\\\/\",\"url\":\"https:\\\/\\\/i0.wp.com\\\/afogadosfm.com.br\\\/afogadosfm\\\/wp-content\\\/uploads\\\/2020\\\/06\\\/cropped-banner-afogados-4.jpg?fit=369%2C137&ssl=1\",\"contentUrl\":\"https:\\\/\\\/i0.wp.com\\\/afogadosfm.com.br\\\/afogadosfm\\\/wp-content\\\/uploads\\\/2020\\\/06\\\/cropped-banner-afogados-4.jpg?fit=369%2C137&ssl=1\",\"width\":369,\"height\":137,\"caption\":\"Afogados FM\"},\"image\":{\"@id\":\"https:\\\/\\\/afogadosfm.com.br\\\/afogadosfm\\\/#\\\/schema\\\/logo\\\/image\\\/\"}},{\"@type\":\"Person\",\"@id\":\"https:\\\/\\\/afogadosfm.com.br\\\/afogadosfm\\\/#\\\/schema\\\/person\\\/60e56f2cf5dc960fc093fe093d9e9057\",\"name\":\"afogadosfm\",\"image\":{\"@type\":\"ImageObject\",\"inLanguage\":\"pt-BR\",\"@id\":\"https:\\\/\\\/secure.gravatar.com\\\/avatar\\\/e0359add7ed5dc3560906d861b52c6a8cf5c1e199d3a7dd85070998f49bd4701?s=96&d=mm&r=g\",\"url\":\"https:\\\/\\\/secure.gravatar.com\\\/avatar\\\/e0359add7ed5dc3560906d861b52c6a8cf5c1e199d3a7dd85070998f49bd4701?s=96&d=mm&r=g\",\"contentUrl\":\"https:\\\/\\\/secure.gravatar.com\\\/avatar\\\/e0359add7ed5dc3560906d861b52c6a8cf5c1e199d3a7dd85070998f49bd4701?s=96&d=mm&r=g\",\"caption\":\"afogadosfm\"},\"url\":\"https:\\\/\\\/afogadosfm.com.br\\\/afogadosfm\\\/author\\\/afogadosfm\\\/\"}]}<\/script>\n<!-- \/ Yoast SEO plugin. -->","yoast_head_json":{"title":"Comiss\u00e3o aprova dois projetos de prote\u00e7\u00e3o a pessoas com autismo - Afogados FM","robots":{"index":"index","follow":"follow","max-snippet":"max-snippet:-1","max-image-preview":"max-image-preview:large","max-video-preview":"max-video-preview:-1"},"canonical":"https:\/\/afogadosfm.com.br\/afogadosfm\/2026\/01\/13\/comissao-aprova-dois-projetos-de-protecao-a-pessoas-com-autismo\/","og_locale":"pt_BR","og_type":"article","og_title":"Comiss\u00e3o aprova dois projetos de prote\u00e7\u00e3o a pessoas com autismo - Afogados FM","og_description":"A Comiss\u00e3o de Constitui\u00e7\u00e3o e Justi\u00e7a da C\u00e2mara dos Deputados aprovou dois projetos que ampliam a prote\u00e7\u00e3o e a inclus\u00e3o","og_url":"https:\/\/afogadosfm.com.br\/afogadosfm\/2026\/01\/13\/comissao-aprova-dois-projetos-de-protecao-a-pessoas-com-autismo\/","og_site_name":"Afogados FM","article_published_time":"2026-01-13T09:46:15+00:00","article_modified_time":"2026-01-13T09:46:16+00:00","og_image":[{"width":960,"height":640,"url":"https:\/\/afogadosfm.com.br\/afogadosfm\/wp-content\/uploads\/2025\/05\/autismo.png","type":"image\/png"}],"author":"afogadosfm","twitter_card":"summary_large_image","twitter_misc":{"Escrito por":"afogadosfm","Est. tempo de leitura":"3 minutos"},"schema":{"@context":"https:\/\/schema.org","@graph":[{"@type":"Article","@id":"https:\/\/afogadosfm.com.br\/afogadosfm\/2026\/01\/13\/comissao-aprova-dois-projetos-de-protecao-a-pessoas-com-autismo\/#article","isPartOf":{"@id":"https:\/\/afogadosfm.com.br\/afogadosfm\/2026\/01\/13\/comissao-aprova-dois-projetos-de-protecao-a-pessoas-com-autismo\/"},"author":{"name":"afogadosfm","@id":"https:\/\/afogadosfm.com.br\/afogadosfm\/#\/schema\/person\/60e56f2cf5dc960fc093fe093d9e9057"},"headline":"Comiss\u00e3o aprova dois projetos de prote\u00e7\u00e3o a pessoas com autismo","datePublished":"2026-01-13T09:46:15+00:00","dateModified":"2026-01-13T09:46:16+00:00","mainEntityOfPage":{"@id":"https:\/\/afogadosfm.com.br\/afogadosfm\/2026\/01\/13\/comissao-aprova-dois-projetos-de-protecao-a-pessoas-com-autismo\/"},"wordCount":454,"commentCount":0,"publisher":{"@id":"https:\/\/afogadosfm.com.br\/afogadosfm\/#organization"},"image":{"@id":"https:\/\/afogadosfm.com.br\/afogadosfm\/2026\/01\/13\/comissao-aprova-dois-projetos-de-protecao-a-pessoas-com-autismo\/#primaryimage"},"thumbnailUrl":"https:\/\/i0.wp.com\/afogadosfm.com.br\/afogadosfm\/wp-content\/uploads\/2025\/05\/autismo.png?fit=960%2C640&ssl=1","articleSection":["Brasil"],"inLanguage":"pt-BR","potentialAction":[{"@type":"CommentAction","name":"Comment","target":["https:\/\/afogadosfm.com.br\/afogadosfm\/2026\/01\/13\/comissao-aprova-dois-projetos-de-protecao-a-pessoas-com-autismo\/#respond"]}]},{"@type":"WebPage","@id":"https:\/\/afogadosfm.com.br\/afogadosfm\/2026\/01\/13\/comissao-aprova-dois-projetos-de-protecao-a-pessoas-com-autismo\/","url":"https:\/\/afogadosfm.com.br\/afogadosfm\/2026\/01\/13\/comissao-aprova-dois-projetos-de-protecao-a-pessoas-com-autismo\/","name":"Comiss\u00e3o aprova dois projetos de prote\u00e7\u00e3o a pessoas com autismo - Afogados FM","isPartOf":{"@id":"https:\/\/afogadosfm.com.br\/afogadosfm\/#website"},"primaryImageOfPage":{"@id":"https:\/\/afogadosfm.com.br\/afogadosfm\/2026\/01\/13\/comissao-aprova-dois-projetos-de-protecao-a-pessoas-com-autismo\/#primaryimage"},"image":{"@id":"https:\/\/afogadosfm.com.br\/afogadosfm\/2026\/01\/13\/comissao-aprova-dois-projetos-de-protecao-a-pessoas-com-autismo\/#primaryimage"},"thumbnailUrl":"https:\/\/i0.wp.com\/afogadosfm.com.br\/afogadosfm\/wp-content\/uploads\/2025\/05\/autismo.png?fit=960%2C640&ssl=1","datePublished":"2026-01-13T09:46:15+00:00","dateModified":"2026-01-13T09:46:16+00:00","breadcrumb":{"@id":"https:\/\/afogadosfm.com.br\/afogadosfm\/2026\/01\/13\/comissao-aprova-dois-projetos-de-protecao-a-pessoas-com-autismo\/#breadcrumb"},"inLanguage":"pt-BR","potentialAction":[{"@type":"ReadAction","target":["https:\/\/afogadosfm.com.br\/afogadosfm\/2026\/01\/13\/comissao-aprova-dois-projetos-de-protecao-a-pessoas-com-autismo\/"]}]},{"@type":"ImageObject","inLanguage":"pt-BR","@id":"https:\/\/afogadosfm.com.br\/afogadosfm\/2026\/01\/13\/comissao-aprova-dois-projetos-de-protecao-a-pessoas-com-autismo\/#primaryimage","url":"https:\/\/i0.wp.com\/afogadosfm.com.br\/afogadosfm\/wp-content\/uploads\/2025\/05\/autismo.png?fit=960%2C640&ssl=1","contentUrl":"https:\/\/i0.wp.com\/afogadosfm.com.br\/afogadosfm\/wp-content\/uploads\/2025\/05\/autismo.png?fit=960%2C640&ssl=1","width":960,"height":640},{"@type":"BreadcrumbList","@id":"https:\/\/afogadosfm.com.br\/afogadosfm\/2026\/01\/13\/comissao-aprova-dois-projetos-de-protecao-a-pessoas-com-autismo\/#breadcrumb","itemListElement":[{"@type":"ListItem","position":1,"name":"In\u00edcio","item":"https:\/\/afogadosfm.com.br\/afogadosfm\/"},{"@type":"ListItem","position":2,"name":"Comiss\u00e3o aprova dois projetos de prote\u00e7\u00e3o a pessoas com autismo"}]},{"@type":"WebSite","@id":"https:\/\/afogadosfm.com.br\/afogadosfm\/#website","url":"https:\/\/afogadosfm.com.br\/afogadosfm\/","name":"Afogados FM","description":"Um site completo!","publisher":{"@id":"https:\/\/afogadosfm.com.br\/afogadosfm\/#organization"},"potentialAction":[{"@type":"SearchAction","target":{"@type":"EntryPoint","urlTemplate":"https:\/\/afogadosfm.com.br\/afogadosfm\/?s={search_term_string}"},"query-input":{"@type":"PropertyValueSpecification","valueRequired":true,"valueName":"search_term_string"}}],"inLanguage":"pt-BR"},{"@type":"Organization","@id":"https:\/\/afogadosfm.com.br\/afogadosfm\/#organization","name":"Afogados FM","url":"https:\/\/afogadosfm.com.br\/afogadosfm\/","logo":{"@type":"ImageObject","inLanguage":"pt-BR","@id":"https:\/\/afogadosfm.com.br\/afogadosfm\/#\/schema\/logo\/image\/","url":"https:\/\/i0.wp.com\/afogadosfm.com.br\/afogadosfm\/wp-content\/uploads\/2020\/06\/cropped-banner-afogados-4.jpg?fit=369%2C137&ssl=1","contentUrl":"https:\/\/i0.wp.com\/afogadosfm.com.br\/afogadosfm\/wp-content\/uploads\/2020\/06\/cropped-banner-afogados-4.jpg?fit=369%2C137&ssl=1","width":369,"height":137,"caption":"Afogados FM"},"image":{"@id":"https:\/\/afogadosfm.com.br\/afogadosfm\/#\/schema\/logo\/image\/"}},{"@type":"Person","@id":"https:\/\/afogadosfm.com.br\/afogadosfm\/#\/schema\/person\/60e56f2cf5dc960fc093fe093d9e9057","name":"afogadosfm","image":{"@type":"ImageObject","inLanguage":"pt-BR","@id":"https:\/\/secure.gravatar.com\/avatar\/e0359add7ed5dc3560906d861b52c6a8cf5c1e199d3a7dd85070998f49bd4701?s=96&d=mm&r=g","url":"https:\/\/secure.gravatar.com\/avatar\/e0359add7ed5dc3560906d861b52c6a8cf5c1e199d3a7dd85070998f49bd4701?s=96&d=mm&r=g","contentUrl":"https:\/\/secure.gravatar.com\/avatar\/e0359add7ed5dc3560906d861b52c6a8cf5c1e199d3a7dd85070998f49bd4701?s=96&d=mm&r=g","caption":"afogadosfm"},"url":"https:\/\/afogadosfm.com.br\/afogadosfm\/author\/afogadosfm\/"}]}},"jetpack_publicize_connections":[],"jetpack_featured_media_url":"https:\/\/i0.wp.com\/afogadosfm.com.br\/afogadosfm\/wp-content\/uploads\/2025\/05\/autismo.png?fit=960%2C640&ssl=1","jetpack-related-posts":[],"jetpack_sharing_enabled":true,"jetpack_likes_enabled":true,"_links":{"self":[{"href":"https:\/\/afogadosfm.com.br\/afogadosfm\/wp-json\/wp\/v2\/posts\/71961","targetHints":{"allow":["GET"]}}],"collection":[{"href":"https:\/\/afogadosfm.com.br\/afogadosfm\/wp-json\/wp\/v2\/posts"}],"about":[{"href":"https:\/\/afogadosfm.com.br\/afogadosfm\/wp-json\/wp\/v2\/types\/post"}],"author":[{"embeddable":true,"href":"https:\/\/afogadosfm.com.br\/afogadosfm\/wp-json\/wp\/v2\/users\/2"}],"replies":[{"embeddable":true,"href":"https:\/\/afogadosfm.com.br\/afogadosfm\/wp-json\/wp\/v2\/comments?post=71961"}],"version-history":[{"count":1,"href":"https:\/\/afogadosfm.com.br\/afogadosfm\/wp-json\/wp\/v2\/posts\/71961\/revisions"}],"predecessor-version":[{"id":71962,"href":"https:\/\/afogadosfm.com.br\/afogadosfm\/wp-json\/wp\/v2\/posts\/71961\/revisions\/71962"}],"wp:featuredmedia":[{"embeddable":true,"href":"https:\/\/afogadosfm.com.br\/afogadosfm\/wp-json\/wp\/v2\/media\/66101"}],"wp:attachment":[{"href":"https:\/\/afogadosfm.com.br\/afogadosfm\/wp-json\/wp\/v2\/media?parent=71961"}],"wp:term":[{"taxonomy":"category","embeddable":true,"href":"https:\/\/afogadosfm.com.br\/afogadosfm\/wp-json\/wp\/v2\/categories?post=71961"},{"taxonomy":"post_tag","embeddable":true,"href":"https:\/\/afogadosfm.com.br\/afogadosfm\/wp-json\/wp\/v2\/tags?post=71961"}],"curies":[{"name":"wp","href":"https:\/\/api.w.org\/{rel}","templated":true}]}}