{"id":71973,"date":"2026-01-14T05:58:47","date_gmt":"2026-01-14T08:58:47","guid":{"rendered":"https:\/\/afogadosfm.com.br\/afogadosfm\/?p=71973"},"modified":"2026-01-14T05:58:48","modified_gmt":"2026-01-14T08:58:48","slug":"prefeitura-de-afogados-promoveu-limpeza-de-acude-comunitario-na-escada","status":"publish","type":"post","link":"https:\/\/afogadosfm.com.br\/afogadosfm\/2026\/01\/14\/prefeitura-de-afogados-promoveu-limpeza-de-acude-comunitario-na-escada\/","title":{"rendered":"Prefeitura de Afogados promoveu limpeza de a\u00e7ude comunit\u00e1rio na Escada"},"content":{"rendered":"\n<p>A Prefeitura de Afogados da Ingazeira concluiu essa semana a limpeza do a\u00e7ude comunit\u00e1rio que atende aos moradores da Escada. A a\u00e7\u00e3o visa melhorar e aumentar a capacidade de armazenamento d\u2019\u00e1gua do reservat\u00f3rio, al\u00e9m de melhorar a qualidade da \u00e1gua, com a retirada de vegeta\u00e7\u00e3o morta e outros detritos.&nbsp;<\/p>\n\n\n\n<figure class=\"wp-block-image\"><a href=\"https:\/\/i0.wp.com\/blogger.googleusercontent.com\/img\/b\/R29vZ2xl\/AVvXsEg9LGdZkaM5cUJx1mU96z40b793e7IgTvBemsw-kN2ImaVl1WKBC-PYPty32tnSlJFpTAbVs6sDU39C1Plmuv3m4BDdyh_J1qKV4xgILFAGheejk733P4q6SN1fCdmG5-Vu1Dik3qpKymIKGTzoFURq_QHfWJ3M8Y5UeLeevldavKuCff9gbPO2e0ikqOTq\/s828\/de441f12-a36d-44a2-a8ab-b55a144b5f3a.jpeg?ssl=1\"><img data-recalc-dims=\"1\" decoding=\"async\" src=\"https:\/\/i0.wp.com\/blogger.googleusercontent.com\/img\/b\/R29vZ2xl\/AVvXsEg9LGdZkaM5cUJx1mU96z40b793e7IgTvBemsw-kN2ImaVl1WKBC-PYPty32tnSlJFpTAbVs6sDU39C1Plmuv3m4BDdyh_J1qKV4xgILFAGheejk733P4q6SN1fCdmG5-Vu1Dik3qpKymIKGTzoFURq_QHfWJ3M8Y5UeLeevldavKuCff9gbPO2e0ikqOTq\/w400-h221\/de441f12-a36d-44a2-a8ab-b55a144b5f3a.jpeg?w=840&#038;ssl=1\" alt=\"\"\/><\/a><\/figure>\n\n\n\n<p>\u201cTendo em vista \u00e0 proximidade da quadra chuvosa em nossa regi\u00e3o, estamos realizando esse trabalho de limpeza dos nossos a\u00e7udes comunit\u00e1rios, de modo que as comunidades possam, com a chegada das chuvas, ter acesso a um maior volume de \u00e1gua dispon\u00edvel,\u201d destacou o coordenador da a\u00e7\u00e3o, Valberto Amaral, secret\u00e1rio de agricultura de Afogados.&nbsp;<\/p>\n\n\n\n<p>Para o trabalho, foram utilizadas uma retroescavadeira, duas m\u00e1quinas patrol, uma enchedeira e um caminh\u00e3o ca\u00e7amba. Na pr\u00f3xima sexta, a secretaria far\u00e1 a limpeza de um a\u00e7ude comunit\u00e1rio no Saco da serra.<\/p>\n","protected":false},"excerpt":{"rendered":"<p>A Prefeitura de Afogados da Ingazeira concluiu essa semana a limpeza do a\u00e7ude comunit\u00e1rio que atende aos moradores da Escada.<\/p>\n","protected":false},"author":2,"featured_media":71974,"comment_status":"open","ping_status":"open","sticky":false,"template":"","format":"standard","meta":{"jetpack_post_was_ever_published":false,"_jetpack_newsletter_access":"","_jetpack_dont_email_post_to_subs":false,"_jetpack_newsletter_tier_id":0,"_jetpack_memberships_contains_paywalled_content":false,"_jetpack_memberships_contains_paid_content":false,"footnotes":"","jetpack_publicize_message":"","jetpack_publicize_feature_enabled":true,"jetpack_social_post_already_shared":true,"jetpack_social_options":{"image_generator_settings":{"template":"highway","default_image_id":0,"font":"","enabled":false},"version":2}},"categories":[14],"tags":[],"class_list":["post-71973","post","type-post","status-publish","format-standard","has-post-thumbnail","hentry","category-afogados-da-ingazeira"],"yoast_head":"<!-- This site is optimized with the Yoast SEO plugin v27.4 - https:\/\/yoast.com\/product\/yoast-seo-wordpress\/ -->\n<title>Prefeitura de Afogados promoveu limpeza de a\u00e7ude comunit\u00e1rio na Escada - Afogados FM<\/title>\n<meta name=\"robots\" content=\"index, follow, max-snippet:-1, max-image-preview:large, max-video-preview:-1\" \/>\n<link rel=\"canonical\" href=\"https:\/\/afogadosfm.com.br\/afogadosfm\/2026\/01\/14\/prefeitura-de-afogados-promoveu-limpeza-de-acude-comunitario-na-escada\/\" \/>\n<meta property=\"og:locale\" content=\"pt_BR\" \/>\n<meta property=\"og:type\" content=\"article\" \/>\n<meta property=\"og:title\" content=\"Prefeitura de Afogados promoveu limpeza de a\u00e7ude comunit\u00e1rio na Escada - Afogados FM\" \/>\n<meta property=\"og:description\" content=\"A Prefeitura de Afogados da Ingazeira concluiu essa semana a limpeza do a\u00e7ude comunit\u00e1rio que atende aos moradores da Escada.\" \/>\n<meta property=\"og:url\" content=\"https:\/\/afogadosfm.com.br\/afogadosfm\/2026\/01\/14\/prefeitura-de-afogados-promoveu-limpeza-de-acude-comunitario-na-escada\/\" \/>\n<meta property=\"og:site_name\" content=\"Afogados FM\" \/>\n<meta property=\"article:published_time\" content=\"2026-01-14T08:58:47+00:00\" \/>\n<meta property=\"article:modified_time\" content=\"2026-01-14T08:58:48+00:00\" \/>\n<meta property=\"og:image\" content=\"https:\/\/afogadosfm.com.br\/afogadosfm\/wp-content\/uploads\/2026\/01\/acude.jpeg\" \/>\n\t<meta property=\"og:image:width\" content=\"400\" \/>\n\t<meta property=\"og:image:height\" content=\"221\" \/>\n\t<meta property=\"og:image:type\" content=\"image\/jpeg\" \/>\n<meta name=\"author\" content=\"afogadosfm\" \/>\n<meta name=\"twitter:card\" content=\"summary_large_image\" \/>\n<meta name=\"twitter:label1\" content=\"Escrito por\" \/>\n\t<meta name=\"twitter:data1\" content=\"afogadosfm\" \/>\n\t<meta name=\"twitter:label2\" content=\"Est. tempo de leitura\" \/>\n\t<meta name=\"twitter:data2\" content=\"2 minutos\" \/>\n<script type=\"application\/ld+json\" class=\"yoast-schema-graph\">{\"@context\":\"https:\\\/\\\/schema.org\",\"@graph\":[{\"@type\":\"Article\",\"@id\":\"https:\\\/\\\/afogadosfm.com.br\\\/afogadosfm\\\/2026\\\/01\\\/14\\\/prefeitura-de-afogados-promoveu-limpeza-de-acude-comunitario-na-escada\\\/#article\",\"isPartOf\":{\"@id\":\"https:\\\/\\\/afogadosfm.com.br\\\/afogadosfm\\\/2026\\\/01\\\/14\\\/prefeitura-de-afogados-promoveu-limpeza-de-acude-comunitario-na-escada\\\/\"},\"author\":{\"name\":\"afogadosfm\",\"@id\":\"https:\\\/\\\/afogadosfm.com.br\\\/afogadosfm\\\/#\\\/schema\\\/person\\\/60e56f2cf5dc960fc093fe093d9e9057\"},\"headline\":\"Prefeitura de Afogados promoveu limpeza de a\u00e7ude comunit\u00e1rio na Escada\",\"datePublished\":\"2026-01-14T08:58:47+00:00\",\"dateModified\":\"2026-01-14T08:58:48+00:00\",\"mainEntityOfPage\":{\"@id\":\"https:\\\/\\\/afogadosfm.com.br\\\/afogadosfm\\\/2026\\\/01\\\/14\\\/prefeitura-de-afogados-promoveu-limpeza-de-acude-comunitario-na-escada\\\/\"},\"wordCount\":166,\"commentCount\":0,\"publisher\":{\"@id\":\"https:\\\/\\\/afogadosfm.com.br\\\/afogadosfm\\\/#organization\"},\"image\":{\"@id\":\"https:\\\/\\\/afogadosfm.com.br\\\/afogadosfm\\\/2026\\\/01\\\/14\\\/prefeitura-de-afogados-promoveu-limpeza-de-acude-comunitario-na-escada\\\/#primaryimage\"},\"thumbnailUrl\":\"https:\\\/\\\/i0.wp.com\\\/afogadosfm.com.br\\\/afogadosfm\\\/wp-content\\\/uploads\\\/2026\\\/01\\\/acude.jpeg?fit=400%2C221&ssl=1\",\"articleSection\":[\"Afogados da Ingazeira\"],\"inLanguage\":\"pt-BR\",\"potentialAction\":[{\"@type\":\"CommentAction\",\"name\":\"Comment\",\"target\":[\"https:\\\/\\\/afogadosfm.com.br\\\/afogadosfm\\\/2026\\\/01\\\/14\\\/prefeitura-de-afogados-promoveu-limpeza-de-acude-comunitario-na-escada\\\/#respond\"]}]},{\"@type\":\"WebPage\",\"@id\":\"https:\\\/\\\/afogadosfm.com.br\\\/afogadosfm\\\/2026\\\/01\\\/14\\\/prefeitura-de-afogados-promoveu-limpeza-de-acude-comunitario-na-escada\\\/\",\"url\":\"https:\\\/\\\/afogadosfm.com.br\\\/afogadosfm\\\/2026\\\/01\\\/14\\\/prefeitura-de-afogados-promoveu-limpeza-de-acude-comunitario-na-escada\\\/\",\"name\":\"Prefeitura de Afogados promoveu limpeza de a\u00e7ude comunit\u00e1rio na Escada - Afogados FM\",\"isPartOf\":{\"@id\":\"https:\\\/\\\/afogadosfm.com.br\\\/afogadosfm\\\/#website\"},\"primaryImageOfPage\":{\"@id\":\"https:\\\/\\\/afogadosfm.com.br\\\/afogadosfm\\\/2026\\\/01\\\/14\\\/prefeitura-de-afogados-promoveu-limpeza-de-acude-comunitario-na-escada\\\/#primaryimage\"},\"image\":{\"@id\":\"https:\\\/\\\/afogadosfm.com.br\\\/afogadosfm\\\/2026\\\/01\\\/14\\\/prefeitura-de-afogados-promoveu-limpeza-de-acude-comunitario-na-escada\\\/#primaryimage\"},\"thumbnailUrl\":\"https:\\\/\\\/i0.wp.com\\\/afogadosfm.com.br\\\/afogadosfm\\\/wp-content\\\/uploads\\\/2026\\\/01\\\/acude.jpeg?fit=400%2C221&ssl=1\",\"datePublished\":\"2026-01-14T08:58:47+00:00\",\"dateModified\":\"2026-01-14T08:58:48+00:00\",\"breadcrumb\":{\"@id\":\"https:\\\/\\\/afogadosfm.com.br\\\/afogadosfm\\\/2026\\\/01\\\/14\\\/prefeitura-de-afogados-promoveu-limpeza-de-acude-comunitario-na-escada\\\/#breadcrumb\"},\"inLanguage\":\"pt-BR\",\"potentialAction\":[{\"@type\":\"ReadAction\",\"target\":[\"https:\\\/\\\/afogadosfm.com.br\\\/afogadosfm\\\/2026\\\/01\\\/14\\\/prefeitura-de-afogados-promoveu-limpeza-de-acude-comunitario-na-escada\\\/\"]}]},{\"@type\":\"ImageObject\",\"inLanguage\":\"pt-BR\",\"@id\":\"https:\\\/\\\/afogadosfm.com.br\\\/afogadosfm\\\/2026\\\/01\\\/14\\\/prefeitura-de-afogados-promoveu-limpeza-de-acude-comunitario-na-escada\\\/#primaryimage\",\"url\":\"https:\\\/\\\/i0.wp.com\\\/afogadosfm.com.br\\\/afogadosfm\\\/wp-content\\\/uploads\\\/2026\\\/01\\\/acude.jpeg?fit=400%2C221&ssl=1\",\"contentUrl\":\"https:\\\/\\\/i0.wp.com\\\/afogadosfm.com.br\\\/afogadosfm\\\/wp-content\\\/uploads\\\/2026\\\/01\\\/acude.jpeg?fit=400%2C221&ssl=1\",\"width\":400,\"height\":221},{\"@type\":\"BreadcrumbList\",\"@id\":\"https:\\\/\\\/afogadosfm.com.br\\\/afogadosfm\\\/2026\\\/01\\\/14\\\/prefeitura-de-afogados-promoveu-limpeza-de-acude-comunitario-na-escada\\\/#breadcrumb\",\"itemListElement\":[{\"@type\":\"ListItem\",\"position\":1,\"name\":\"In\u00edcio\",\"item\":\"https:\\\/\\\/afogadosfm.com.br\\\/afogadosfm\\\/\"},{\"@type\":\"ListItem\",\"position\":2,\"name\":\"Prefeitura de Afogados promoveu limpeza de a\u00e7ude comunit\u00e1rio na Escada\"}]},{\"@type\":\"WebSite\",\"@id\":\"https:\\\/\\\/afogadosfm.com.br\\\/afogadosfm\\\/#website\",\"url\":\"https:\\\/\\\/afogadosfm.com.br\\\/afogadosfm\\\/\",\"name\":\"Afogados FM\",\"description\":\"Um site completo!\",\"publisher\":{\"@id\":\"https:\\\/\\\/afogadosfm.com.br\\\/afogadosfm\\\/#organization\"},\"potentialAction\":[{\"@type\":\"SearchAction\",\"target\":{\"@type\":\"EntryPoint\",\"urlTemplate\":\"https:\\\/\\\/afogadosfm.com.br\\\/afogadosfm\\\/?s={search_term_string}\"},\"query-input\":{\"@type\":\"PropertyValueSpecification\",\"valueRequired\":true,\"valueName\":\"search_term_string\"}}],\"inLanguage\":\"pt-BR\"},{\"@type\":\"Organization\",\"@id\":\"https:\\\/\\\/afogadosfm.com.br\\\/afogadosfm\\\/#organization\",\"name\":\"Afogados FM\",\"url\":\"https:\\\/\\\/afogadosfm.com.br\\\/afogadosfm\\\/\",\"logo\":{\"@type\":\"ImageObject\",\"inLanguage\":\"pt-BR\",\"@id\":\"https:\\\/\\\/afogadosfm.com.br\\\/afogadosfm\\\/#\\\/schema\\\/logo\\\/image\\\/\",\"url\":\"https:\\\/\\\/i0.wp.com\\\/afogadosfm.com.br\\\/afogadosfm\\\/wp-content\\\/uploads\\\/2020\\\/06\\\/cropped-banner-afogados-4.jpg?fit=369%2C137&ssl=1\",\"contentUrl\":\"https:\\\/\\\/i0.wp.com\\\/afogadosfm.com.br\\\/afogadosfm\\\/wp-content\\\/uploads\\\/2020\\\/06\\\/cropped-banner-afogados-4.jpg?fit=369%2C137&ssl=1\",\"width\":369,\"height\":137,\"caption\":\"Afogados FM\"},\"image\":{\"@id\":\"https:\\\/\\\/afogadosfm.com.br\\\/afogadosfm\\\/#\\\/schema\\\/logo\\\/image\\\/\"}},{\"@type\":\"Person\",\"@id\":\"https:\\\/\\\/afogadosfm.com.br\\\/afogadosfm\\\/#\\\/schema\\\/person\\\/60e56f2cf5dc960fc093fe093d9e9057\",\"name\":\"afogadosfm\",\"image\":{\"@type\":\"ImageObject\",\"inLanguage\":\"pt-BR\",\"@id\":\"https:\\\/\\\/secure.gravatar.com\\\/avatar\\\/e0359add7ed5dc3560906d861b52c6a8cf5c1e199d3a7dd85070998f49bd4701?s=96&d=mm&r=g\",\"url\":\"https:\\\/\\\/secure.gravatar.com\\\/avatar\\\/e0359add7ed5dc3560906d861b52c6a8cf5c1e199d3a7dd85070998f49bd4701?s=96&d=mm&r=g\",\"contentUrl\":\"https:\\\/\\\/secure.gravatar.com\\\/avatar\\\/e0359add7ed5dc3560906d861b52c6a8cf5c1e199d3a7dd85070998f49bd4701?s=96&d=mm&r=g\",\"caption\":\"afogadosfm\"},\"url\":\"https:\\\/\\\/afogadosfm.com.br\\\/afogadosfm\\\/author\\\/afogadosfm\\\/\"}]}<\/script>\n<!-- \/ Yoast SEO plugin. -->","yoast_head_json":{"title":"Prefeitura de Afogados promoveu limpeza de a\u00e7ude comunit\u00e1rio na Escada - Afogados FM","robots":{"index":"index","follow":"follow","max-snippet":"max-snippet:-1","max-image-preview":"max-image-preview:large","max-video-preview":"max-video-preview:-1"},"canonical":"https:\/\/afogadosfm.com.br\/afogadosfm\/2026\/01\/14\/prefeitura-de-afogados-promoveu-limpeza-de-acude-comunitario-na-escada\/","og_locale":"pt_BR","og_type":"article","og_title":"Prefeitura de Afogados promoveu limpeza de a\u00e7ude comunit\u00e1rio na Escada - Afogados FM","og_description":"A Prefeitura de Afogados da Ingazeira concluiu essa semana a limpeza do a\u00e7ude comunit\u00e1rio que atende aos moradores da Escada.","og_url":"https:\/\/afogadosfm.com.br\/afogadosfm\/2026\/01\/14\/prefeitura-de-afogados-promoveu-limpeza-de-acude-comunitario-na-escada\/","og_site_name":"Afogados FM","article_published_time":"2026-01-14T08:58:47+00:00","article_modified_time":"2026-01-14T08:58:48+00:00","og_image":[{"width":400,"height":221,"url":"https:\/\/afogadosfm.com.br\/afogadosfm\/wp-content\/uploads\/2026\/01\/acude.jpeg","type":"image\/jpeg"}],"author":"afogadosfm","twitter_card":"summary_large_image","twitter_misc":{"Escrito por":"afogadosfm","Est. tempo de leitura":"2 minutos"},"schema":{"@context":"https:\/\/schema.org","@graph":[{"@type":"Article","@id":"https:\/\/afogadosfm.com.br\/afogadosfm\/2026\/01\/14\/prefeitura-de-afogados-promoveu-limpeza-de-acude-comunitario-na-escada\/#article","isPartOf":{"@id":"https:\/\/afogadosfm.com.br\/afogadosfm\/2026\/01\/14\/prefeitura-de-afogados-promoveu-limpeza-de-acude-comunitario-na-escada\/"},"author":{"name":"afogadosfm","@id":"https:\/\/afogadosfm.com.br\/afogadosfm\/#\/schema\/person\/60e56f2cf5dc960fc093fe093d9e9057"},"headline":"Prefeitura de Afogados promoveu limpeza de a\u00e7ude comunit\u00e1rio na Escada","datePublished":"2026-01-14T08:58:47+00:00","dateModified":"2026-01-14T08:58:48+00:00","mainEntityOfPage":{"@id":"https:\/\/afogadosfm.com.br\/afogadosfm\/2026\/01\/14\/prefeitura-de-afogados-promoveu-limpeza-de-acude-comunitario-na-escada\/"},"wordCount":166,"commentCount":0,"publisher":{"@id":"https:\/\/afogadosfm.com.br\/afogadosfm\/#organization"},"image":{"@id":"https:\/\/afogadosfm.com.br\/afogadosfm\/2026\/01\/14\/prefeitura-de-afogados-promoveu-limpeza-de-acude-comunitario-na-escada\/#primaryimage"},"thumbnailUrl":"https:\/\/i0.wp.com\/afogadosfm.com.br\/afogadosfm\/wp-content\/uploads\/2026\/01\/acude.jpeg?fit=400%2C221&ssl=1","articleSection":["Afogados da Ingazeira"],"inLanguage":"pt-BR","potentialAction":[{"@type":"CommentAction","name":"Comment","target":["https:\/\/afogadosfm.com.br\/afogadosfm\/2026\/01\/14\/prefeitura-de-afogados-promoveu-limpeza-de-acude-comunitario-na-escada\/#respond"]}]},{"@type":"WebPage","@id":"https:\/\/afogadosfm.com.br\/afogadosfm\/2026\/01\/14\/prefeitura-de-afogados-promoveu-limpeza-de-acude-comunitario-na-escada\/","url":"https:\/\/afogadosfm.com.br\/afogadosfm\/2026\/01\/14\/prefeitura-de-afogados-promoveu-limpeza-de-acude-comunitario-na-escada\/","name":"Prefeitura de Afogados promoveu limpeza de a\u00e7ude comunit\u00e1rio na Escada - Afogados FM","isPartOf":{"@id":"https:\/\/afogadosfm.com.br\/afogadosfm\/#website"},"primaryImageOfPage":{"@id":"https:\/\/afogadosfm.com.br\/afogadosfm\/2026\/01\/14\/prefeitura-de-afogados-promoveu-limpeza-de-acude-comunitario-na-escada\/#primaryimage"},"image":{"@id":"https:\/\/afogadosfm.com.br\/afogadosfm\/2026\/01\/14\/prefeitura-de-afogados-promoveu-limpeza-de-acude-comunitario-na-escada\/#primaryimage"},"thumbnailUrl":"https:\/\/i0.wp.com\/afogadosfm.com.br\/afogadosfm\/wp-content\/uploads\/2026\/01\/acude.jpeg?fit=400%2C221&ssl=1","datePublished":"2026-01-14T08:58:47+00:00","dateModified":"2026-01-14T08:58:48+00:00","breadcrumb":{"@id":"https:\/\/afogadosfm.com.br\/afogadosfm\/2026\/01\/14\/prefeitura-de-afogados-promoveu-limpeza-de-acude-comunitario-na-escada\/#breadcrumb"},"inLanguage":"pt-BR","potentialAction":[{"@type":"ReadAction","target":["https:\/\/afogadosfm.com.br\/afogadosfm\/2026\/01\/14\/prefeitura-de-afogados-promoveu-limpeza-de-acude-comunitario-na-escada\/"]}]},{"@type":"ImageObject","inLanguage":"pt-BR","@id":"https:\/\/afogadosfm.com.br\/afogadosfm\/2026\/01\/14\/prefeitura-de-afogados-promoveu-limpeza-de-acude-comunitario-na-escada\/#primaryimage","url":"https:\/\/i0.wp.com\/afogadosfm.com.br\/afogadosfm\/wp-content\/uploads\/2026\/01\/acude.jpeg?fit=400%2C221&ssl=1","contentUrl":"https:\/\/i0.wp.com\/afogadosfm.com.br\/afogadosfm\/wp-content\/uploads\/2026\/01\/acude.jpeg?fit=400%2C221&ssl=1","width":400,"height":221},{"@type":"BreadcrumbList","@id":"https:\/\/afogadosfm.com.br\/afogadosfm\/2026\/01\/14\/prefeitura-de-afogados-promoveu-limpeza-de-acude-comunitario-na-escada\/#breadcrumb","itemListElement":[{"@type":"ListItem","position":1,"name":"In\u00edcio","item":"https:\/\/afogadosfm.com.br\/afogadosfm\/"},{"@type":"ListItem","position":2,"name":"Prefeitura de Afogados promoveu limpeza de a\u00e7ude comunit\u00e1rio na Escada"}]},{"@type":"WebSite","@id":"https:\/\/afogadosfm.com.br\/afogadosfm\/#website","url":"https:\/\/afogadosfm.com.br\/afogadosfm\/","name":"Afogados FM","description":"Um site completo!","publisher":{"@id":"https:\/\/afogadosfm.com.br\/afogadosfm\/#organization"},"potentialAction":[{"@type":"SearchAction","target":{"@type":"EntryPoint","urlTemplate":"https:\/\/afogadosfm.com.br\/afogadosfm\/?s={search_term_string}"},"query-input":{"@type":"PropertyValueSpecification","valueRequired":true,"valueName":"search_term_string"}}],"inLanguage":"pt-BR"},{"@type":"Organization","@id":"https:\/\/afogadosfm.com.br\/afogadosfm\/#organization","name":"Afogados FM","url":"https:\/\/afogadosfm.com.br\/afogadosfm\/","logo":{"@type":"ImageObject","inLanguage":"pt-BR","@id":"https:\/\/afogadosfm.com.br\/afogadosfm\/#\/schema\/logo\/image\/","url":"https:\/\/i0.wp.com\/afogadosfm.com.br\/afogadosfm\/wp-content\/uploads\/2020\/06\/cropped-banner-afogados-4.jpg?fit=369%2C137&ssl=1","contentUrl":"https:\/\/i0.wp.com\/afogadosfm.com.br\/afogadosfm\/wp-content\/uploads\/2020\/06\/cropped-banner-afogados-4.jpg?fit=369%2C137&ssl=1","width":369,"height":137,"caption":"Afogados FM"},"image":{"@id":"https:\/\/afogadosfm.com.br\/afogadosfm\/#\/schema\/logo\/image\/"}},{"@type":"Person","@id":"https:\/\/afogadosfm.com.br\/afogadosfm\/#\/schema\/person\/60e56f2cf5dc960fc093fe093d9e9057","name":"afogadosfm","image":{"@type":"ImageObject","inLanguage":"pt-BR","@id":"https:\/\/secure.gravatar.com\/avatar\/e0359add7ed5dc3560906d861b52c6a8cf5c1e199d3a7dd85070998f49bd4701?s=96&d=mm&r=g","url":"https:\/\/secure.gravatar.com\/avatar\/e0359add7ed5dc3560906d861b52c6a8cf5c1e199d3a7dd85070998f49bd4701?s=96&d=mm&r=g","contentUrl":"https:\/\/secure.gravatar.com\/avatar\/e0359add7ed5dc3560906d861b52c6a8cf5c1e199d3a7dd85070998f49bd4701?s=96&d=mm&r=g","caption":"afogadosfm"},"url":"https:\/\/afogadosfm.com.br\/afogadosfm\/author\/afogadosfm\/"}]}},"jetpack_publicize_connections":[],"jetpack_featured_media_url":"https:\/\/i0.wp.com\/afogadosfm.com.br\/afogadosfm\/wp-content\/uploads\/2026\/01\/acude.jpeg?fit=400%2C221&ssl=1","jetpack-related-posts":[],"jetpack_sharing_enabled":true,"jetpack_likes_enabled":true,"_links":{"self":[{"href":"https:\/\/afogadosfm.com.br\/afogadosfm\/wp-json\/wp\/v2\/posts\/71973","targetHints":{"allow":["GET"]}}],"collection":[{"href":"https:\/\/afogadosfm.com.br\/afogadosfm\/wp-json\/wp\/v2\/posts"}],"about":[{"href":"https:\/\/afogadosfm.com.br\/afogadosfm\/wp-json\/wp\/v2\/types\/post"}],"author":[{"embeddable":true,"href":"https:\/\/afogadosfm.com.br\/afogadosfm\/wp-json\/wp\/v2\/users\/2"}],"replies":[{"embeddable":true,"href":"https:\/\/afogadosfm.com.br\/afogadosfm\/wp-json\/wp\/v2\/comments?post=71973"}],"version-history":[{"count":1,"href":"https:\/\/afogadosfm.com.br\/afogadosfm\/wp-json\/wp\/v2\/posts\/71973\/revisions"}],"predecessor-version":[{"id":71975,"href":"https:\/\/afogadosfm.com.br\/afogadosfm\/wp-json\/wp\/v2\/posts\/71973\/revisions\/71975"}],"wp:featuredmedia":[{"embeddable":true,"href":"https:\/\/afogadosfm.com.br\/afogadosfm\/wp-json\/wp\/v2\/media\/71974"}],"wp:attachment":[{"href":"https:\/\/afogadosfm.com.br\/afogadosfm\/wp-json\/wp\/v2\/media?parent=71973"}],"wp:term":[{"taxonomy":"category","embeddable":true,"href":"https:\/\/afogadosfm.com.br\/afogadosfm\/wp-json\/wp\/v2\/categories?post=71973"},{"taxonomy":"post_tag","embeddable":true,"href":"https:\/\/afogadosfm.com.br\/afogadosfm\/wp-json\/wp\/v2\/tags?post=71973"}],"curies":[{"name":"wp","href":"https:\/\/api.w.org\/{rel}","templated":true}]}}