{"id":71976,"date":"2026-01-14T06:02:31","date_gmt":"2026-01-14T09:02:31","guid":{"rendered":"https:\/\/afogadosfm.com.br\/afogadosfm\/?p=71976"},"modified":"2026-01-14T06:02:33","modified_gmt":"2026-01-14T09:02:33","slug":"justica-rejeita-acao-do-atletico-mineiro-e-garante-direito-do-galo-da-madrugada-a-marca-galo","status":"publish","type":"post","link":"https:\/\/afogadosfm.com.br\/afogadosfm\/2026\/01\/14\/justica-rejeita-acao-do-atletico-mineiro-e-garante-direito-do-galo-da-madrugada-a-marca-galo\/","title":{"rendered":"Justi\u00e7a rejeita a\u00e7\u00e3o do Atl\u00e9tico Mineiro e garante direito do Galo da Madrugada \u00e0 marca &#8220;Galo&#8221;"},"content":{"rendered":"\n<p>A Justi\u00e7a Federal do Rio de Janeiro deu ganho de causa ao bloco Galo da Madrugada em uma disputa com o Clube Atl\u00e9tico Mineiro pelo uso do nome &#8220;Galo&#8221;.<\/p>\n\n\n\n<p>A senten\u00e7a manteve o registro da marca &#8220;Galo Folia&#8221;, pertencente ao bloco pernambucano, rejeitando o pedido do clube mineiro que buscava anul\u00e1-lo.<\/p>\n\n\n\n<p>O Atl\u00e9tico Mineiro citou a Lei da Propriedade Industrial, sob o argumento de que o registro do bloco no setor de entretenimento poderia gerar confus\u00e3o com suas marcas esportivas que tamb\u00e9m utilizam o apelido &#8220;Galo&#8221;.<\/p>\n\n\n\n<p>No entanto, a Ju\u00edza Federal Qu\u00e9zia Silva Reis, da 9\u00aa Vara Federal do Rio de Janeiro, esclareceu que o dispositivo legal citado pelo clube protege apenas apelidos de pessoas f\u00edsicas, n\u00e3o se aplicando a entidades esportivas. A senten\u00e7a ainda afirma que futebol e carnaval s\u00e3o segmentos distintos, com p\u00fablicos e contextos de consumo diferentes, sem risco real de confus\u00e3o para o consumidor.<\/p>\n\n\n\n<p>A decis\u00e3o destacou que o Galo da Madrugada possui registros anteriores consolidados h\u00e1 mais de duas d\u00e9cadas utilizando o termo &#8220;Galo&#8221; em atividades culturais. O bloco pernambucano tem como um de seus primeiros registros a marca &#8220;O Galo da Madrugada&#8221;, protocolada em 1993, uma d\u00e9cada antes do dep\u00f3sito da marca &#8220;Galo Folia&#8221;. A funda\u00e7\u00e3o do Clube de M\u00e1scaras Galo da Madrugada, entretanto, aconteceu ainda antes, em 1978.<\/p>\n\n\n\n<p>A ju\u00edza tamb\u00e9m afastou o argumento do clube com base na Lei Pel\u00e9, que protege s\u00edmbolos de entidades esportivas. Em sua justificativa, ela apontou que a lei s\u00f3 vale para quest\u00f5es dentro do esporte, e n\u00e3o para marcas no carnaval.<\/p>\n\n\n\n<p>Do DP<\/p>\n","protected":false},"excerpt":{"rendered":"<p>A Justi\u00e7a Federal do Rio de Janeiro deu ganho de causa ao bloco Galo da Madrugada em uma disputa com<\/p>\n","protected":false},"author":2,"featured_media":71977,"comment_status":"open","ping_status":"open","sticky":false,"template":"","format":"standard","meta":{"jetpack_post_was_ever_published":false,"_jetpack_newsletter_access":"","_jetpack_dont_email_post_to_subs":false,"_jetpack_newsletter_tier_id":0,"_jetpack_memberships_contains_paywalled_content":false,"_jetpack_memberships_contains_paid_content":false,"footnotes":"","jetpack_publicize_message":"","jetpack_publicize_feature_enabled":true,"jetpack_social_post_already_shared":true,"jetpack_social_options":{"image_generator_settings":{"template":"highway","default_image_id":0,"font":"","enabled":false},"version":2}},"categories":[13],"tags":[],"class_list":["post-71976","post","type-post","status-publish","format-standard","has-post-thumbnail","hentry","category-pernambuco"],"yoast_head":"<!-- This site is optimized with the Yoast SEO plugin v27.4 - https:\/\/yoast.com\/product\/yoast-seo-wordpress\/ -->\n<title>Justi\u00e7a rejeita a\u00e7\u00e3o do Atl\u00e9tico Mineiro e garante direito do Galo da Madrugada \u00e0 marca &quot;Galo&quot; - Afogados FM<\/title>\n<meta name=\"robots\" content=\"index, follow, max-snippet:-1, max-image-preview:large, max-video-preview:-1\" \/>\n<link rel=\"canonical\" href=\"https:\/\/afogadosfm.com.br\/afogadosfm\/2026\/01\/14\/justica-rejeita-acao-do-atletico-mineiro-e-garante-direito-do-galo-da-madrugada-a-marca-galo\/\" \/>\n<meta property=\"og:locale\" content=\"pt_BR\" \/>\n<meta property=\"og:type\" content=\"article\" \/>\n<meta property=\"og:title\" content=\"Justi\u00e7a rejeita a\u00e7\u00e3o do Atl\u00e9tico Mineiro e garante direito do Galo da Madrugada \u00e0 marca &quot;Galo&quot; - Afogados FM\" \/>\n<meta property=\"og:description\" content=\"A Justi\u00e7a Federal do Rio de Janeiro deu ganho de causa ao bloco Galo da Madrugada em uma disputa com\" \/>\n<meta property=\"og:url\" content=\"https:\/\/afogadosfm.com.br\/afogadosfm\/2026\/01\/14\/justica-rejeita-acao-do-atletico-mineiro-e-garante-direito-do-galo-da-madrugada-a-marca-galo\/\" \/>\n<meta property=\"og:site_name\" content=\"Afogados FM\" \/>\n<meta property=\"article:published_time\" content=\"2026-01-14T09:02:31+00:00\" \/>\n<meta property=\"article:modified_time\" content=\"2026-01-14T09:02:33+00:00\" \/>\n<meta property=\"og:image\" content=\"https:\/\/afogadosfm.com.br\/afogadosfm\/wp-content\/uploads\/2026\/01\/glo.jpeg\" \/>\n\t<meta property=\"og:image:width\" content=\"1274\" \/>\n\t<meta property=\"og:image:height\" content=\"1177\" \/>\n\t<meta property=\"og:image:type\" content=\"image\/jpeg\" \/>\n<meta name=\"author\" content=\"afogadosfm\" \/>\n<meta name=\"twitter:card\" content=\"summary_large_image\" \/>\n<meta name=\"twitter:label1\" content=\"Escrito por\" \/>\n\t<meta name=\"twitter:data1\" content=\"afogadosfm\" \/>\n\t<meta name=\"twitter:label2\" content=\"Est. tempo de leitura\" \/>\n\t<meta name=\"twitter:data2\" content=\"2 minutos\" \/>\n<script type=\"application\/ld+json\" class=\"yoast-schema-graph\">{\"@context\":\"https:\\\/\\\/schema.org\",\"@graph\":[{\"@type\":\"Article\",\"@id\":\"https:\\\/\\\/afogadosfm.com.br\\\/afogadosfm\\\/2026\\\/01\\\/14\\\/justica-rejeita-acao-do-atletico-mineiro-e-garante-direito-do-galo-da-madrugada-a-marca-galo\\\/#article\",\"isPartOf\":{\"@id\":\"https:\\\/\\\/afogadosfm.com.br\\\/afogadosfm\\\/2026\\\/01\\\/14\\\/justica-rejeita-acao-do-atletico-mineiro-e-garante-direito-do-galo-da-madrugada-a-marca-galo\\\/\"},\"author\":{\"name\":\"afogadosfm\",\"@id\":\"https:\\\/\\\/afogadosfm.com.br\\\/afogadosfm\\\/#\\\/schema\\\/person\\\/60e56f2cf5dc960fc093fe093d9e9057\"},\"headline\":\"Justi\u00e7a rejeita a\u00e7\u00e3o do Atl\u00e9tico Mineiro e garante direito do Galo da Madrugada \u00e0 marca &#8220;Galo&#8221;\",\"datePublished\":\"2026-01-14T09:02:31+00:00\",\"dateModified\":\"2026-01-14T09:02:33+00:00\",\"mainEntityOfPage\":{\"@id\":\"https:\\\/\\\/afogadosfm.com.br\\\/afogadosfm\\\/2026\\\/01\\\/14\\\/justica-rejeita-acao-do-atletico-mineiro-e-garante-direito-do-galo-da-madrugada-a-marca-galo\\\/\"},\"wordCount\":298,\"commentCount\":0,\"publisher\":{\"@id\":\"https:\\\/\\\/afogadosfm.com.br\\\/afogadosfm\\\/#organization\"},\"image\":{\"@id\":\"https:\\\/\\\/afogadosfm.com.br\\\/afogadosfm\\\/2026\\\/01\\\/14\\\/justica-rejeita-acao-do-atletico-mineiro-e-garante-direito-do-galo-da-madrugada-a-marca-galo\\\/#primaryimage\"},\"thumbnailUrl\":\"https:\\\/\\\/i0.wp.com\\\/afogadosfm.com.br\\\/afogadosfm\\\/wp-content\\\/uploads\\\/2026\\\/01\\\/glo.jpeg?fit=1274%2C1177&ssl=1\",\"articleSection\":[\"Pernambuco\"],\"inLanguage\":\"pt-BR\",\"potentialAction\":[{\"@type\":\"CommentAction\",\"name\":\"Comment\",\"target\":[\"https:\\\/\\\/afogadosfm.com.br\\\/afogadosfm\\\/2026\\\/01\\\/14\\\/justica-rejeita-acao-do-atletico-mineiro-e-garante-direito-do-galo-da-madrugada-a-marca-galo\\\/#respond\"]}]},{\"@type\":\"WebPage\",\"@id\":\"https:\\\/\\\/afogadosfm.com.br\\\/afogadosfm\\\/2026\\\/01\\\/14\\\/justica-rejeita-acao-do-atletico-mineiro-e-garante-direito-do-galo-da-madrugada-a-marca-galo\\\/\",\"url\":\"https:\\\/\\\/afogadosfm.com.br\\\/afogadosfm\\\/2026\\\/01\\\/14\\\/justica-rejeita-acao-do-atletico-mineiro-e-garante-direito-do-galo-da-madrugada-a-marca-galo\\\/\",\"name\":\"Justi\u00e7a rejeita a\u00e7\u00e3o do Atl\u00e9tico Mineiro e garante direito do Galo da Madrugada \u00e0 marca \\\"Galo\\\" - Afogados FM\",\"isPartOf\":{\"@id\":\"https:\\\/\\\/afogadosfm.com.br\\\/afogadosfm\\\/#website\"},\"primaryImageOfPage\":{\"@id\":\"https:\\\/\\\/afogadosfm.com.br\\\/afogadosfm\\\/2026\\\/01\\\/14\\\/justica-rejeita-acao-do-atletico-mineiro-e-garante-direito-do-galo-da-madrugada-a-marca-galo\\\/#primaryimage\"},\"image\":{\"@id\":\"https:\\\/\\\/afogadosfm.com.br\\\/afogadosfm\\\/2026\\\/01\\\/14\\\/justica-rejeita-acao-do-atletico-mineiro-e-garante-direito-do-galo-da-madrugada-a-marca-galo\\\/#primaryimage\"},\"thumbnailUrl\":\"https:\\\/\\\/i0.wp.com\\\/afogadosfm.com.br\\\/afogadosfm\\\/wp-content\\\/uploads\\\/2026\\\/01\\\/glo.jpeg?fit=1274%2C1177&ssl=1\",\"datePublished\":\"2026-01-14T09:02:31+00:00\",\"dateModified\":\"2026-01-14T09:02:33+00:00\",\"breadcrumb\":{\"@id\":\"https:\\\/\\\/afogadosfm.com.br\\\/afogadosfm\\\/2026\\\/01\\\/14\\\/justica-rejeita-acao-do-atletico-mineiro-e-garante-direito-do-galo-da-madrugada-a-marca-galo\\\/#breadcrumb\"},\"inLanguage\":\"pt-BR\",\"potentialAction\":[{\"@type\":\"ReadAction\",\"target\":[\"https:\\\/\\\/afogadosfm.com.br\\\/afogadosfm\\\/2026\\\/01\\\/14\\\/justica-rejeita-acao-do-atletico-mineiro-e-garante-direito-do-galo-da-madrugada-a-marca-galo\\\/\"]}]},{\"@type\":\"ImageObject\",\"inLanguage\":\"pt-BR\",\"@id\":\"https:\\\/\\\/afogadosfm.com.br\\\/afogadosfm\\\/2026\\\/01\\\/14\\\/justica-rejeita-acao-do-atletico-mineiro-e-garante-direito-do-galo-da-madrugada-a-marca-galo\\\/#primaryimage\",\"url\":\"https:\\\/\\\/i0.wp.com\\\/afogadosfm.com.br\\\/afogadosfm\\\/wp-content\\\/uploads\\\/2026\\\/01\\\/glo.jpeg?fit=1274%2C1177&ssl=1\",\"contentUrl\":\"https:\\\/\\\/i0.wp.com\\\/afogadosfm.com.br\\\/afogadosfm\\\/wp-content\\\/uploads\\\/2026\\\/01\\\/glo.jpeg?fit=1274%2C1177&ssl=1\",\"width\":1274,\"height\":1177},{\"@type\":\"BreadcrumbList\",\"@id\":\"https:\\\/\\\/afogadosfm.com.br\\\/afogadosfm\\\/2026\\\/01\\\/14\\\/justica-rejeita-acao-do-atletico-mineiro-e-garante-direito-do-galo-da-madrugada-a-marca-galo\\\/#breadcrumb\",\"itemListElement\":[{\"@type\":\"ListItem\",\"position\":1,\"name\":\"In\u00edcio\",\"item\":\"https:\\\/\\\/afogadosfm.com.br\\\/afogadosfm\\\/\"},{\"@type\":\"ListItem\",\"position\":2,\"name\":\"Justi\u00e7a rejeita a\u00e7\u00e3o do Atl\u00e9tico Mineiro e garante direito do Galo da Madrugada \u00e0 marca &#8220;Galo&#8221;\"}]},{\"@type\":\"WebSite\",\"@id\":\"https:\\\/\\\/afogadosfm.com.br\\\/afogadosfm\\\/#website\",\"url\":\"https:\\\/\\\/afogadosfm.com.br\\\/afogadosfm\\\/\",\"name\":\"Afogados FM\",\"description\":\"Um site completo!\",\"publisher\":{\"@id\":\"https:\\\/\\\/afogadosfm.com.br\\\/afogadosfm\\\/#organization\"},\"potentialAction\":[{\"@type\":\"SearchAction\",\"target\":{\"@type\":\"EntryPoint\",\"urlTemplate\":\"https:\\\/\\\/afogadosfm.com.br\\\/afogadosfm\\\/?s={search_term_string}\"},\"query-input\":{\"@type\":\"PropertyValueSpecification\",\"valueRequired\":true,\"valueName\":\"search_term_string\"}}],\"inLanguage\":\"pt-BR\"},{\"@type\":\"Organization\",\"@id\":\"https:\\\/\\\/afogadosfm.com.br\\\/afogadosfm\\\/#organization\",\"name\":\"Afogados FM\",\"url\":\"https:\\\/\\\/afogadosfm.com.br\\\/afogadosfm\\\/\",\"logo\":{\"@type\":\"ImageObject\",\"inLanguage\":\"pt-BR\",\"@id\":\"https:\\\/\\\/afogadosfm.com.br\\\/afogadosfm\\\/#\\\/schema\\\/logo\\\/image\\\/\",\"url\":\"https:\\\/\\\/i0.wp.com\\\/afogadosfm.com.br\\\/afogadosfm\\\/wp-content\\\/uploads\\\/2020\\\/06\\\/cropped-banner-afogados-4.jpg?fit=369%2C137&ssl=1\",\"contentUrl\":\"https:\\\/\\\/i0.wp.com\\\/afogadosfm.com.br\\\/afogadosfm\\\/wp-content\\\/uploads\\\/2020\\\/06\\\/cropped-banner-afogados-4.jpg?fit=369%2C137&ssl=1\",\"width\":369,\"height\":137,\"caption\":\"Afogados FM\"},\"image\":{\"@id\":\"https:\\\/\\\/afogadosfm.com.br\\\/afogadosfm\\\/#\\\/schema\\\/logo\\\/image\\\/\"}},{\"@type\":\"Person\",\"@id\":\"https:\\\/\\\/afogadosfm.com.br\\\/afogadosfm\\\/#\\\/schema\\\/person\\\/60e56f2cf5dc960fc093fe093d9e9057\",\"name\":\"afogadosfm\",\"image\":{\"@type\":\"ImageObject\",\"inLanguage\":\"pt-BR\",\"@id\":\"https:\\\/\\\/secure.gravatar.com\\\/avatar\\\/e0359add7ed5dc3560906d861b52c6a8cf5c1e199d3a7dd85070998f49bd4701?s=96&d=mm&r=g\",\"url\":\"https:\\\/\\\/secure.gravatar.com\\\/avatar\\\/e0359add7ed5dc3560906d861b52c6a8cf5c1e199d3a7dd85070998f49bd4701?s=96&d=mm&r=g\",\"contentUrl\":\"https:\\\/\\\/secure.gravatar.com\\\/avatar\\\/e0359add7ed5dc3560906d861b52c6a8cf5c1e199d3a7dd85070998f49bd4701?s=96&d=mm&r=g\",\"caption\":\"afogadosfm\"},\"url\":\"https:\\\/\\\/afogadosfm.com.br\\\/afogadosfm\\\/author\\\/afogadosfm\\\/\"}]}<\/script>\n<!-- \/ Yoast SEO plugin. -->","yoast_head_json":{"title":"Justi\u00e7a rejeita a\u00e7\u00e3o do Atl\u00e9tico Mineiro e garante direito do Galo da Madrugada \u00e0 marca \"Galo\" - Afogados FM","robots":{"index":"index","follow":"follow","max-snippet":"max-snippet:-1","max-image-preview":"max-image-preview:large","max-video-preview":"max-video-preview:-1"},"canonical":"https:\/\/afogadosfm.com.br\/afogadosfm\/2026\/01\/14\/justica-rejeita-acao-do-atletico-mineiro-e-garante-direito-do-galo-da-madrugada-a-marca-galo\/","og_locale":"pt_BR","og_type":"article","og_title":"Justi\u00e7a rejeita a\u00e7\u00e3o do Atl\u00e9tico Mineiro e garante direito do Galo da Madrugada \u00e0 marca \"Galo\" - Afogados FM","og_description":"A Justi\u00e7a Federal do Rio de Janeiro deu ganho de causa ao bloco Galo da Madrugada em uma disputa com","og_url":"https:\/\/afogadosfm.com.br\/afogadosfm\/2026\/01\/14\/justica-rejeita-acao-do-atletico-mineiro-e-garante-direito-do-galo-da-madrugada-a-marca-galo\/","og_site_name":"Afogados FM","article_published_time":"2026-01-14T09:02:31+00:00","article_modified_time":"2026-01-14T09:02:33+00:00","og_image":[{"width":1274,"height":1177,"url":"https:\/\/afogadosfm.com.br\/afogadosfm\/wp-content\/uploads\/2026\/01\/glo.jpeg","type":"image\/jpeg"}],"author":"afogadosfm","twitter_card":"summary_large_image","twitter_misc":{"Escrito por":"afogadosfm","Est. tempo de leitura":"2 minutos"},"schema":{"@context":"https:\/\/schema.org","@graph":[{"@type":"Article","@id":"https:\/\/afogadosfm.com.br\/afogadosfm\/2026\/01\/14\/justica-rejeita-acao-do-atletico-mineiro-e-garante-direito-do-galo-da-madrugada-a-marca-galo\/#article","isPartOf":{"@id":"https:\/\/afogadosfm.com.br\/afogadosfm\/2026\/01\/14\/justica-rejeita-acao-do-atletico-mineiro-e-garante-direito-do-galo-da-madrugada-a-marca-galo\/"},"author":{"name":"afogadosfm","@id":"https:\/\/afogadosfm.com.br\/afogadosfm\/#\/schema\/person\/60e56f2cf5dc960fc093fe093d9e9057"},"headline":"Justi\u00e7a rejeita a\u00e7\u00e3o do Atl\u00e9tico Mineiro e garante direito do Galo da Madrugada \u00e0 marca &#8220;Galo&#8221;","datePublished":"2026-01-14T09:02:31+00:00","dateModified":"2026-01-14T09:02:33+00:00","mainEntityOfPage":{"@id":"https:\/\/afogadosfm.com.br\/afogadosfm\/2026\/01\/14\/justica-rejeita-acao-do-atletico-mineiro-e-garante-direito-do-galo-da-madrugada-a-marca-galo\/"},"wordCount":298,"commentCount":0,"publisher":{"@id":"https:\/\/afogadosfm.com.br\/afogadosfm\/#organization"},"image":{"@id":"https:\/\/afogadosfm.com.br\/afogadosfm\/2026\/01\/14\/justica-rejeita-acao-do-atletico-mineiro-e-garante-direito-do-galo-da-madrugada-a-marca-galo\/#primaryimage"},"thumbnailUrl":"https:\/\/i0.wp.com\/afogadosfm.com.br\/afogadosfm\/wp-content\/uploads\/2026\/01\/glo.jpeg?fit=1274%2C1177&ssl=1","articleSection":["Pernambuco"],"inLanguage":"pt-BR","potentialAction":[{"@type":"CommentAction","name":"Comment","target":["https:\/\/afogadosfm.com.br\/afogadosfm\/2026\/01\/14\/justica-rejeita-acao-do-atletico-mineiro-e-garante-direito-do-galo-da-madrugada-a-marca-galo\/#respond"]}]},{"@type":"WebPage","@id":"https:\/\/afogadosfm.com.br\/afogadosfm\/2026\/01\/14\/justica-rejeita-acao-do-atletico-mineiro-e-garante-direito-do-galo-da-madrugada-a-marca-galo\/","url":"https:\/\/afogadosfm.com.br\/afogadosfm\/2026\/01\/14\/justica-rejeita-acao-do-atletico-mineiro-e-garante-direito-do-galo-da-madrugada-a-marca-galo\/","name":"Justi\u00e7a rejeita a\u00e7\u00e3o do Atl\u00e9tico Mineiro e garante direito do Galo da Madrugada \u00e0 marca \"Galo\" - Afogados FM","isPartOf":{"@id":"https:\/\/afogadosfm.com.br\/afogadosfm\/#website"},"primaryImageOfPage":{"@id":"https:\/\/afogadosfm.com.br\/afogadosfm\/2026\/01\/14\/justica-rejeita-acao-do-atletico-mineiro-e-garante-direito-do-galo-da-madrugada-a-marca-galo\/#primaryimage"},"image":{"@id":"https:\/\/afogadosfm.com.br\/afogadosfm\/2026\/01\/14\/justica-rejeita-acao-do-atletico-mineiro-e-garante-direito-do-galo-da-madrugada-a-marca-galo\/#primaryimage"},"thumbnailUrl":"https:\/\/i0.wp.com\/afogadosfm.com.br\/afogadosfm\/wp-content\/uploads\/2026\/01\/glo.jpeg?fit=1274%2C1177&ssl=1","datePublished":"2026-01-14T09:02:31+00:00","dateModified":"2026-01-14T09:02:33+00:00","breadcrumb":{"@id":"https:\/\/afogadosfm.com.br\/afogadosfm\/2026\/01\/14\/justica-rejeita-acao-do-atletico-mineiro-e-garante-direito-do-galo-da-madrugada-a-marca-galo\/#breadcrumb"},"inLanguage":"pt-BR","potentialAction":[{"@type":"ReadAction","target":["https:\/\/afogadosfm.com.br\/afogadosfm\/2026\/01\/14\/justica-rejeita-acao-do-atletico-mineiro-e-garante-direito-do-galo-da-madrugada-a-marca-galo\/"]}]},{"@type":"ImageObject","inLanguage":"pt-BR","@id":"https:\/\/afogadosfm.com.br\/afogadosfm\/2026\/01\/14\/justica-rejeita-acao-do-atletico-mineiro-e-garante-direito-do-galo-da-madrugada-a-marca-galo\/#primaryimage","url":"https:\/\/i0.wp.com\/afogadosfm.com.br\/afogadosfm\/wp-content\/uploads\/2026\/01\/glo.jpeg?fit=1274%2C1177&ssl=1","contentUrl":"https:\/\/i0.wp.com\/afogadosfm.com.br\/afogadosfm\/wp-content\/uploads\/2026\/01\/glo.jpeg?fit=1274%2C1177&ssl=1","width":1274,"height":1177},{"@type":"BreadcrumbList","@id":"https:\/\/afogadosfm.com.br\/afogadosfm\/2026\/01\/14\/justica-rejeita-acao-do-atletico-mineiro-e-garante-direito-do-galo-da-madrugada-a-marca-galo\/#breadcrumb","itemListElement":[{"@type":"ListItem","position":1,"name":"In\u00edcio","item":"https:\/\/afogadosfm.com.br\/afogadosfm\/"},{"@type":"ListItem","position":2,"name":"Justi\u00e7a rejeita a\u00e7\u00e3o do Atl\u00e9tico Mineiro e garante direito do Galo da Madrugada \u00e0 marca &#8220;Galo&#8221;"}]},{"@type":"WebSite","@id":"https:\/\/afogadosfm.com.br\/afogadosfm\/#website","url":"https:\/\/afogadosfm.com.br\/afogadosfm\/","name":"Afogados FM","description":"Um site completo!","publisher":{"@id":"https:\/\/afogadosfm.com.br\/afogadosfm\/#organization"},"potentialAction":[{"@type":"SearchAction","target":{"@type":"EntryPoint","urlTemplate":"https:\/\/afogadosfm.com.br\/afogadosfm\/?s={search_term_string}"},"query-input":{"@type":"PropertyValueSpecification","valueRequired":true,"valueName":"search_term_string"}}],"inLanguage":"pt-BR"},{"@type":"Organization","@id":"https:\/\/afogadosfm.com.br\/afogadosfm\/#organization","name":"Afogados FM","url":"https:\/\/afogadosfm.com.br\/afogadosfm\/","logo":{"@type":"ImageObject","inLanguage":"pt-BR","@id":"https:\/\/afogadosfm.com.br\/afogadosfm\/#\/schema\/logo\/image\/","url":"https:\/\/i0.wp.com\/afogadosfm.com.br\/afogadosfm\/wp-content\/uploads\/2020\/06\/cropped-banner-afogados-4.jpg?fit=369%2C137&ssl=1","contentUrl":"https:\/\/i0.wp.com\/afogadosfm.com.br\/afogadosfm\/wp-content\/uploads\/2020\/06\/cropped-banner-afogados-4.jpg?fit=369%2C137&ssl=1","width":369,"height":137,"caption":"Afogados FM"},"image":{"@id":"https:\/\/afogadosfm.com.br\/afogadosfm\/#\/schema\/logo\/image\/"}},{"@type":"Person","@id":"https:\/\/afogadosfm.com.br\/afogadosfm\/#\/schema\/person\/60e56f2cf5dc960fc093fe093d9e9057","name":"afogadosfm","image":{"@type":"ImageObject","inLanguage":"pt-BR","@id":"https:\/\/secure.gravatar.com\/avatar\/e0359add7ed5dc3560906d861b52c6a8cf5c1e199d3a7dd85070998f49bd4701?s=96&d=mm&r=g","url":"https:\/\/secure.gravatar.com\/avatar\/e0359add7ed5dc3560906d861b52c6a8cf5c1e199d3a7dd85070998f49bd4701?s=96&d=mm&r=g","contentUrl":"https:\/\/secure.gravatar.com\/avatar\/e0359add7ed5dc3560906d861b52c6a8cf5c1e199d3a7dd85070998f49bd4701?s=96&d=mm&r=g","caption":"afogadosfm"},"url":"https:\/\/afogadosfm.com.br\/afogadosfm\/author\/afogadosfm\/"}]}},"jetpack_publicize_connections":[],"jetpack_featured_media_url":"https:\/\/i0.wp.com\/afogadosfm.com.br\/afogadosfm\/wp-content\/uploads\/2026\/01\/glo.jpeg?fit=1274%2C1177&ssl=1","jetpack-related-posts":[],"jetpack_sharing_enabled":true,"jetpack_likes_enabled":true,"_links":{"self":[{"href":"https:\/\/afogadosfm.com.br\/afogadosfm\/wp-json\/wp\/v2\/posts\/71976","targetHints":{"allow":["GET"]}}],"collection":[{"href":"https:\/\/afogadosfm.com.br\/afogadosfm\/wp-json\/wp\/v2\/posts"}],"about":[{"href":"https:\/\/afogadosfm.com.br\/afogadosfm\/wp-json\/wp\/v2\/types\/post"}],"author":[{"embeddable":true,"href":"https:\/\/afogadosfm.com.br\/afogadosfm\/wp-json\/wp\/v2\/users\/2"}],"replies":[{"embeddable":true,"href":"https:\/\/afogadosfm.com.br\/afogadosfm\/wp-json\/wp\/v2\/comments?post=71976"}],"version-history":[{"count":1,"href":"https:\/\/afogadosfm.com.br\/afogadosfm\/wp-json\/wp\/v2\/posts\/71976\/revisions"}],"predecessor-version":[{"id":71978,"href":"https:\/\/afogadosfm.com.br\/afogadosfm\/wp-json\/wp\/v2\/posts\/71976\/revisions\/71978"}],"wp:featuredmedia":[{"embeddable":true,"href":"https:\/\/afogadosfm.com.br\/afogadosfm\/wp-json\/wp\/v2\/media\/71977"}],"wp:attachment":[{"href":"https:\/\/afogadosfm.com.br\/afogadosfm\/wp-json\/wp\/v2\/media?parent=71976"}],"wp:term":[{"taxonomy":"category","embeddable":true,"href":"https:\/\/afogadosfm.com.br\/afogadosfm\/wp-json\/wp\/v2\/categories?post=71976"},{"taxonomy":"post_tag","embeddable":true,"href":"https:\/\/afogadosfm.com.br\/afogadosfm\/wp-json\/wp\/v2\/tags?post=71976"}],"curies":[{"name":"wp","href":"https:\/\/api.w.org\/{rel}","templated":true}]}}