{"id":71979,"date":"2026-01-14T06:03:44","date_gmt":"2026-01-14T09:03:44","guid":{"rendered":"https:\/\/afogadosfm.com.br\/afogadosfm\/?p=71979"},"modified":"2026-01-14T06:03:45","modified_gmt":"2026-01-14T09:03:45","slug":"entre-marco-e-abril-paixao-de-cristo-de-nova-jerusalem-confirma-temporada-2026","status":"publish","type":"post","link":"https:\/\/afogadosfm.com.br\/afogadosfm\/2026\/01\/14\/entre-marco-e-abril-paixao-de-cristo-de-nova-jerusalem-confirma-temporada-2026\/","title":{"rendered":"Entre mar\u00e7o e abril: Paix\u00e3o de Cristo de Nova Jerusal\u00e9m confirma temporada 2026"},"content":{"rendered":"\n<p>A temporada 2026 da Paix\u00e3o de Cristo de Nova Jerusal\u00e9m j\u00e1 est\u00e1 oficialmente confirmada e come\u00e7a a ser preparada para receber o p\u00fablico entre os dias 28 de mar\u00e7o e 4 de abril, na cidade-teatro de Nova Jerusal\u00e9m, localizada em Fazenda Nova, no Agreste pernambucano. Reconhecido como um dos maiores espet\u00e1culos a c\u00e9u aberto do mundo, o evento re\u00fane anualmente milhares de espectadores que acompanham a encena\u00e7\u00e3o da vida, morte e ressurrei\u00e7\u00e3o de Jesus Cristo em um cen\u00e1rio monumental.<\/p>\n\n\n\n<p>Entre os destaques do elenco da pr\u00f3xima temporada est\u00e1 o ator Dudu Azevedo, convidado para interpretar Jesus. O personagem j\u00e1 fez parte de sua trajet\u00f3ria art\u00edstica em uma produ\u00e7\u00e3o televisiva de grande repercuss\u00e3o nacional, o que torna o convite ainda mais simb\u00f3lico em sua carreira.<\/p>\n\n\n\n<p>Ao comentar o retorno ao papel, o ator destacou que a experi\u00eancia vai al\u00e9m do aspecto profissional. \u201cEu sinto que tenho um chamado para essa hist\u00f3ria. N\u00e3o vejo como algo aleat\u00f3rio. Existe uma liga\u00e7\u00e3o forte e uma responsabilidade que se renova agora\u201d, afirmou.<\/p>\n\n\n\n<p>Dudu Azevedo tamb\u00e9m ressaltou a dimens\u00e3o art\u00edstica e simb\u00f3lica da Paix\u00e3o de Cristo de Nova Jerusal\u00e9m, enfatizando o impacto do espet\u00e1culo para o p\u00fablico e para os artistas envolvidos. Segundo ele, integrar a montagem representa um reconhecimento pessoal e profissional. \u201cFazer parte de um trabalho dessa magnitude \u00e9 um presente que vai al\u00e9m da aleatoriedade\u201d, declarou.<\/p>\n\n\n\n<p>Apesar da experi\u00eancia anterior com o personagem, o ator refor\u00e7a que a proposta para 2026 \u00e9 construir uma nova interpreta\u00e7\u00e3o, alinhada \u00e0 concep\u00e7\u00e3o da dire\u00e7\u00e3o e \u00e0 grandiosidade do espa\u00e7o c\u00eanico da cidade-teatro. \u201cO compromisso \u00e9 entregar o melhor trabalho poss\u00edvel, com responsabilidade e entendimento da seriedade dessa hist\u00f3ria, que impacta e transforma a vida das pessoas\u201d, completou.<\/p>\n\n\n\n<p>A Paix\u00e3o de Cristo de Nova Jerusal\u00e9m segue como um dos principais eventos culturais e religiosos do pa\u00eds, movimentando o turismo e fortalecendo a tradi\u00e7\u00e3o do teatro popular brasileiro durante a Semana Santa.<\/p>\n\n\n\n<p>Servi\u00e7o<\/p>\n\n\n\n<p>* Data: 28 de mar\u00e7o a 4 de abril de 2026<\/p>\n\n\n\n<p>* Local: Nova Jerusal\u00e9m \u2013 Fazenda Nova (PE)<\/p>\n\n\n\n<p>* Ingressos: \u00e0 venda no site oficial do espet\u00e1culo<\/p>\n","protected":false},"excerpt":{"rendered":"<p>A temporada 2026 da Paix\u00e3o de Cristo de Nova Jerusal\u00e9m j\u00e1 est\u00e1 oficialmente confirmada e come\u00e7a a ser preparada para<\/p>\n","protected":false},"author":2,"featured_media":2615,"comment_status":"open","ping_status":"open","sticky":false,"template":"","format":"standard","meta":{"jetpack_post_was_ever_published":false,"_jetpack_newsletter_access":"","_jetpack_dont_email_post_to_subs":false,"_jetpack_newsletter_tier_id":0,"_jetpack_memberships_contains_paywalled_content":false,"_jetpack_memberships_contains_paid_content":false,"footnotes":"","jetpack_publicize_message":"","jetpack_publicize_feature_enabled":true,"jetpack_social_post_already_shared":true,"jetpack_social_options":{"image_generator_settings":{"template":"highway","default_image_id":0,"font":"","enabled":false},"version":2}},"categories":[33],"tags":[],"class_list":["post-71979","post","type-post","status-publish","format-standard","has-post-thumbnail","hentry","category-cultura"],"yoast_head":"<!-- This site is optimized with the Yoast SEO plugin v27.4 - https:\/\/yoast.com\/product\/yoast-seo-wordpress\/ -->\n<title>Entre mar\u00e7o e abril: Paix\u00e3o de Cristo de Nova Jerusal\u00e9m confirma temporada 2026 - Afogados FM<\/title>\n<meta name=\"robots\" content=\"index, follow, max-snippet:-1, max-image-preview:large, max-video-preview:-1\" \/>\n<link rel=\"canonical\" href=\"https:\/\/afogadosfm.com.br\/afogadosfm\/2026\/01\/14\/entre-marco-e-abril-paixao-de-cristo-de-nova-jerusalem-confirma-temporada-2026\/\" \/>\n<meta property=\"og:locale\" content=\"pt_BR\" \/>\n<meta property=\"og:type\" content=\"article\" \/>\n<meta property=\"og:title\" content=\"Entre mar\u00e7o e abril: Paix\u00e3o de Cristo de Nova Jerusal\u00e9m confirma temporada 2026 - Afogados FM\" \/>\n<meta property=\"og:description\" content=\"A temporada 2026 da Paix\u00e3o de Cristo de Nova Jerusal\u00e9m j\u00e1 est\u00e1 oficialmente confirmada e come\u00e7a a ser preparada para\" \/>\n<meta property=\"og:url\" content=\"https:\/\/afogadosfm.com.br\/afogadosfm\/2026\/01\/14\/entre-marco-e-abril-paixao-de-cristo-de-nova-jerusalem-confirma-temporada-2026\/\" \/>\n<meta property=\"og:site_name\" content=\"Afogados FM\" \/>\n<meta property=\"article:published_time\" content=\"2026-01-14T09:03:44+00:00\" \/>\n<meta property=\"article:modified_time\" content=\"2026-01-14T09:03:45+00:00\" \/>\n<meta property=\"og:image\" content=\"https:\/\/afogadosfm.com.br\/afogadosfm\/wp-content\/uploads\/2018\/03\/paix\u00e3o-de-cristo.jpg\" \/>\n\t<meta property=\"og:image:width\" content=\"640\" \/>\n\t<meta property=\"og:image:height\" content=\"400\" \/>\n\t<meta property=\"og:image:type\" content=\"image\/jpeg\" \/>\n<meta name=\"author\" content=\"afogadosfm\" \/>\n<meta name=\"twitter:card\" content=\"summary_large_image\" \/>\n<meta name=\"twitter:label1\" content=\"Escrito por\" \/>\n\t<meta name=\"twitter:data1\" content=\"afogadosfm\" \/>\n\t<meta name=\"twitter:label2\" content=\"Est. tempo de leitura\" \/>\n\t<meta name=\"twitter:data2\" content=\"3 minutos\" \/>\n<script type=\"application\/ld+json\" class=\"yoast-schema-graph\">{\"@context\":\"https:\\\/\\\/schema.org\",\"@graph\":[{\"@type\":\"Article\",\"@id\":\"https:\\\/\\\/afogadosfm.com.br\\\/afogadosfm\\\/2026\\\/01\\\/14\\\/entre-marco-e-abril-paixao-de-cristo-de-nova-jerusalem-confirma-temporada-2026\\\/#article\",\"isPartOf\":{\"@id\":\"https:\\\/\\\/afogadosfm.com.br\\\/afogadosfm\\\/2026\\\/01\\\/14\\\/entre-marco-e-abril-paixao-de-cristo-de-nova-jerusalem-confirma-temporada-2026\\\/\"},\"author\":{\"name\":\"afogadosfm\",\"@id\":\"https:\\\/\\\/afogadosfm.com.br\\\/afogadosfm\\\/#\\\/schema\\\/person\\\/60e56f2cf5dc960fc093fe093d9e9057\"},\"headline\":\"Entre mar\u00e7o e abril: Paix\u00e3o de Cristo de Nova Jerusal\u00e9m confirma temporada 2026\",\"datePublished\":\"2026-01-14T09:03:44+00:00\",\"dateModified\":\"2026-01-14T09:03:45+00:00\",\"mainEntityOfPage\":{\"@id\":\"https:\\\/\\\/afogadosfm.com.br\\\/afogadosfm\\\/2026\\\/01\\\/14\\\/entre-marco-e-abril-paixao-de-cristo-de-nova-jerusalem-confirma-temporada-2026\\\/\"},\"wordCount\":391,\"commentCount\":0,\"publisher\":{\"@id\":\"https:\\\/\\\/afogadosfm.com.br\\\/afogadosfm\\\/#organization\"},\"image\":{\"@id\":\"https:\\\/\\\/afogadosfm.com.br\\\/afogadosfm\\\/2026\\\/01\\\/14\\\/entre-marco-e-abril-paixao-de-cristo-de-nova-jerusalem-confirma-temporada-2026\\\/#primaryimage\"},\"thumbnailUrl\":\"https:\\\/\\\/i0.wp.com\\\/afogadosfm.com.br\\\/afogadosfm\\\/wp-content\\\/uploads\\\/2018\\\/03\\\/paix%C3%A3o-de-cristo.jpg?fit=640%2C400&ssl=1\",\"articleSection\":[\"Cultura\"],\"inLanguage\":\"pt-BR\",\"potentialAction\":[{\"@type\":\"CommentAction\",\"name\":\"Comment\",\"target\":[\"https:\\\/\\\/afogadosfm.com.br\\\/afogadosfm\\\/2026\\\/01\\\/14\\\/entre-marco-e-abril-paixao-de-cristo-de-nova-jerusalem-confirma-temporada-2026\\\/#respond\"]}]},{\"@type\":\"WebPage\",\"@id\":\"https:\\\/\\\/afogadosfm.com.br\\\/afogadosfm\\\/2026\\\/01\\\/14\\\/entre-marco-e-abril-paixao-de-cristo-de-nova-jerusalem-confirma-temporada-2026\\\/\",\"url\":\"https:\\\/\\\/afogadosfm.com.br\\\/afogadosfm\\\/2026\\\/01\\\/14\\\/entre-marco-e-abril-paixao-de-cristo-de-nova-jerusalem-confirma-temporada-2026\\\/\",\"name\":\"Entre mar\u00e7o e abril: Paix\u00e3o de Cristo de Nova Jerusal\u00e9m confirma temporada 2026 - Afogados FM\",\"isPartOf\":{\"@id\":\"https:\\\/\\\/afogadosfm.com.br\\\/afogadosfm\\\/#website\"},\"primaryImageOfPage\":{\"@id\":\"https:\\\/\\\/afogadosfm.com.br\\\/afogadosfm\\\/2026\\\/01\\\/14\\\/entre-marco-e-abril-paixao-de-cristo-de-nova-jerusalem-confirma-temporada-2026\\\/#primaryimage\"},\"image\":{\"@id\":\"https:\\\/\\\/afogadosfm.com.br\\\/afogadosfm\\\/2026\\\/01\\\/14\\\/entre-marco-e-abril-paixao-de-cristo-de-nova-jerusalem-confirma-temporada-2026\\\/#primaryimage\"},\"thumbnailUrl\":\"https:\\\/\\\/i0.wp.com\\\/afogadosfm.com.br\\\/afogadosfm\\\/wp-content\\\/uploads\\\/2018\\\/03\\\/paix%C3%A3o-de-cristo.jpg?fit=640%2C400&ssl=1\",\"datePublished\":\"2026-01-14T09:03:44+00:00\",\"dateModified\":\"2026-01-14T09:03:45+00:00\",\"breadcrumb\":{\"@id\":\"https:\\\/\\\/afogadosfm.com.br\\\/afogadosfm\\\/2026\\\/01\\\/14\\\/entre-marco-e-abril-paixao-de-cristo-de-nova-jerusalem-confirma-temporada-2026\\\/#breadcrumb\"},\"inLanguage\":\"pt-BR\",\"potentialAction\":[{\"@type\":\"ReadAction\",\"target\":[\"https:\\\/\\\/afogadosfm.com.br\\\/afogadosfm\\\/2026\\\/01\\\/14\\\/entre-marco-e-abril-paixao-de-cristo-de-nova-jerusalem-confirma-temporada-2026\\\/\"]}]},{\"@type\":\"ImageObject\",\"inLanguage\":\"pt-BR\",\"@id\":\"https:\\\/\\\/afogadosfm.com.br\\\/afogadosfm\\\/2026\\\/01\\\/14\\\/entre-marco-e-abril-paixao-de-cristo-de-nova-jerusalem-confirma-temporada-2026\\\/#primaryimage\",\"url\":\"https:\\\/\\\/i0.wp.com\\\/afogadosfm.com.br\\\/afogadosfm\\\/wp-content\\\/uploads\\\/2018\\\/03\\\/paix%C3%A3o-de-cristo.jpg?fit=640%2C400&ssl=1\",\"contentUrl\":\"https:\\\/\\\/i0.wp.com\\\/afogadosfm.com.br\\\/afogadosfm\\\/wp-content\\\/uploads\\\/2018\\\/03\\\/paix%C3%A3o-de-cristo.jpg?fit=640%2C400&ssl=1\",\"width\":640,\"height\":400},{\"@type\":\"BreadcrumbList\",\"@id\":\"https:\\\/\\\/afogadosfm.com.br\\\/afogadosfm\\\/2026\\\/01\\\/14\\\/entre-marco-e-abril-paixao-de-cristo-de-nova-jerusalem-confirma-temporada-2026\\\/#breadcrumb\",\"itemListElement\":[{\"@type\":\"ListItem\",\"position\":1,\"name\":\"In\u00edcio\",\"item\":\"https:\\\/\\\/afogadosfm.com.br\\\/afogadosfm\\\/\"},{\"@type\":\"ListItem\",\"position\":2,\"name\":\"Entre mar\u00e7o e abril: Paix\u00e3o de Cristo de Nova Jerusal\u00e9m confirma temporada 2026\"}]},{\"@type\":\"WebSite\",\"@id\":\"https:\\\/\\\/afogadosfm.com.br\\\/afogadosfm\\\/#website\",\"url\":\"https:\\\/\\\/afogadosfm.com.br\\\/afogadosfm\\\/\",\"name\":\"Afogados FM\",\"description\":\"Um site completo!\",\"publisher\":{\"@id\":\"https:\\\/\\\/afogadosfm.com.br\\\/afogadosfm\\\/#organization\"},\"potentialAction\":[{\"@type\":\"SearchAction\",\"target\":{\"@type\":\"EntryPoint\",\"urlTemplate\":\"https:\\\/\\\/afogadosfm.com.br\\\/afogadosfm\\\/?s={search_term_string}\"},\"query-input\":{\"@type\":\"PropertyValueSpecification\",\"valueRequired\":true,\"valueName\":\"search_term_string\"}}],\"inLanguage\":\"pt-BR\"},{\"@type\":\"Organization\",\"@id\":\"https:\\\/\\\/afogadosfm.com.br\\\/afogadosfm\\\/#organization\",\"name\":\"Afogados FM\",\"url\":\"https:\\\/\\\/afogadosfm.com.br\\\/afogadosfm\\\/\",\"logo\":{\"@type\":\"ImageObject\",\"inLanguage\":\"pt-BR\",\"@id\":\"https:\\\/\\\/afogadosfm.com.br\\\/afogadosfm\\\/#\\\/schema\\\/logo\\\/image\\\/\",\"url\":\"https:\\\/\\\/i0.wp.com\\\/afogadosfm.com.br\\\/afogadosfm\\\/wp-content\\\/uploads\\\/2020\\\/06\\\/cropped-banner-afogados-4.jpg?fit=369%2C137&ssl=1\",\"contentUrl\":\"https:\\\/\\\/i0.wp.com\\\/afogadosfm.com.br\\\/afogadosfm\\\/wp-content\\\/uploads\\\/2020\\\/06\\\/cropped-banner-afogados-4.jpg?fit=369%2C137&ssl=1\",\"width\":369,\"height\":137,\"caption\":\"Afogados FM\"},\"image\":{\"@id\":\"https:\\\/\\\/afogadosfm.com.br\\\/afogadosfm\\\/#\\\/schema\\\/logo\\\/image\\\/\"}},{\"@type\":\"Person\",\"@id\":\"https:\\\/\\\/afogadosfm.com.br\\\/afogadosfm\\\/#\\\/schema\\\/person\\\/60e56f2cf5dc960fc093fe093d9e9057\",\"name\":\"afogadosfm\",\"image\":{\"@type\":\"ImageObject\",\"inLanguage\":\"pt-BR\",\"@id\":\"https:\\\/\\\/secure.gravatar.com\\\/avatar\\\/e0359add7ed5dc3560906d861b52c6a8cf5c1e199d3a7dd85070998f49bd4701?s=96&d=mm&r=g\",\"url\":\"https:\\\/\\\/secure.gravatar.com\\\/avatar\\\/e0359add7ed5dc3560906d861b52c6a8cf5c1e199d3a7dd85070998f49bd4701?s=96&d=mm&r=g\",\"contentUrl\":\"https:\\\/\\\/secure.gravatar.com\\\/avatar\\\/e0359add7ed5dc3560906d861b52c6a8cf5c1e199d3a7dd85070998f49bd4701?s=96&d=mm&r=g\",\"caption\":\"afogadosfm\"},\"url\":\"https:\\\/\\\/afogadosfm.com.br\\\/afogadosfm\\\/author\\\/afogadosfm\\\/\"}]}<\/script>\n<!-- \/ Yoast SEO plugin. -->","yoast_head_json":{"title":"Entre mar\u00e7o e abril: Paix\u00e3o de Cristo de Nova Jerusal\u00e9m confirma temporada 2026 - Afogados FM","robots":{"index":"index","follow":"follow","max-snippet":"max-snippet:-1","max-image-preview":"max-image-preview:large","max-video-preview":"max-video-preview:-1"},"canonical":"https:\/\/afogadosfm.com.br\/afogadosfm\/2026\/01\/14\/entre-marco-e-abril-paixao-de-cristo-de-nova-jerusalem-confirma-temporada-2026\/","og_locale":"pt_BR","og_type":"article","og_title":"Entre mar\u00e7o e abril: Paix\u00e3o de Cristo de Nova Jerusal\u00e9m confirma temporada 2026 - Afogados FM","og_description":"A temporada 2026 da Paix\u00e3o de Cristo de Nova Jerusal\u00e9m j\u00e1 est\u00e1 oficialmente confirmada e come\u00e7a a ser preparada para","og_url":"https:\/\/afogadosfm.com.br\/afogadosfm\/2026\/01\/14\/entre-marco-e-abril-paixao-de-cristo-de-nova-jerusalem-confirma-temporada-2026\/","og_site_name":"Afogados FM","article_published_time":"2026-01-14T09:03:44+00:00","article_modified_time":"2026-01-14T09:03:45+00:00","og_image":[{"width":640,"height":400,"url":"https:\/\/afogadosfm.com.br\/afogadosfm\/wp-content\/uploads\/2018\/03\/paix\u00e3o-de-cristo.jpg","type":"image\/jpeg"}],"author":"afogadosfm","twitter_card":"summary_large_image","twitter_misc":{"Escrito por":"afogadosfm","Est. tempo de leitura":"3 minutos"},"schema":{"@context":"https:\/\/schema.org","@graph":[{"@type":"Article","@id":"https:\/\/afogadosfm.com.br\/afogadosfm\/2026\/01\/14\/entre-marco-e-abril-paixao-de-cristo-de-nova-jerusalem-confirma-temporada-2026\/#article","isPartOf":{"@id":"https:\/\/afogadosfm.com.br\/afogadosfm\/2026\/01\/14\/entre-marco-e-abril-paixao-de-cristo-de-nova-jerusalem-confirma-temporada-2026\/"},"author":{"name":"afogadosfm","@id":"https:\/\/afogadosfm.com.br\/afogadosfm\/#\/schema\/person\/60e56f2cf5dc960fc093fe093d9e9057"},"headline":"Entre mar\u00e7o e abril: Paix\u00e3o de Cristo de Nova Jerusal\u00e9m confirma temporada 2026","datePublished":"2026-01-14T09:03:44+00:00","dateModified":"2026-01-14T09:03:45+00:00","mainEntityOfPage":{"@id":"https:\/\/afogadosfm.com.br\/afogadosfm\/2026\/01\/14\/entre-marco-e-abril-paixao-de-cristo-de-nova-jerusalem-confirma-temporada-2026\/"},"wordCount":391,"commentCount":0,"publisher":{"@id":"https:\/\/afogadosfm.com.br\/afogadosfm\/#organization"},"image":{"@id":"https:\/\/afogadosfm.com.br\/afogadosfm\/2026\/01\/14\/entre-marco-e-abril-paixao-de-cristo-de-nova-jerusalem-confirma-temporada-2026\/#primaryimage"},"thumbnailUrl":"https:\/\/i0.wp.com\/afogadosfm.com.br\/afogadosfm\/wp-content\/uploads\/2018\/03\/paix%C3%A3o-de-cristo.jpg?fit=640%2C400&ssl=1","articleSection":["Cultura"],"inLanguage":"pt-BR","potentialAction":[{"@type":"CommentAction","name":"Comment","target":["https:\/\/afogadosfm.com.br\/afogadosfm\/2026\/01\/14\/entre-marco-e-abril-paixao-de-cristo-de-nova-jerusalem-confirma-temporada-2026\/#respond"]}]},{"@type":"WebPage","@id":"https:\/\/afogadosfm.com.br\/afogadosfm\/2026\/01\/14\/entre-marco-e-abril-paixao-de-cristo-de-nova-jerusalem-confirma-temporada-2026\/","url":"https:\/\/afogadosfm.com.br\/afogadosfm\/2026\/01\/14\/entre-marco-e-abril-paixao-de-cristo-de-nova-jerusalem-confirma-temporada-2026\/","name":"Entre mar\u00e7o e abril: Paix\u00e3o de Cristo de Nova Jerusal\u00e9m confirma temporada 2026 - Afogados FM","isPartOf":{"@id":"https:\/\/afogadosfm.com.br\/afogadosfm\/#website"},"primaryImageOfPage":{"@id":"https:\/\/afogadosfm.com.br\/afogadosfm\/2026\/01\/14\/entre-marco-e-abril-paixao-de-cristo-de-nova-jerusalem-confirma-temporada-2026\/#primaryimage"},"image":{"@id":"https:\/\/afogadosfm.com.br\/afogadosfm\/2026\/01\/14\/entre-marco-e-abril-paixao-de-cristo-de-nova-jerusalem-confirma-temporada-2026\/#primaryimage"},"thumbnailUrl":"https:\/\/i0.wp.com\/afogadosfm.com.br\/afogadosfm\/wp-content\/uploads\/2018\/03\/paix%C3%A3o-de-cristo.jpg?fit=640%2C400&ssl=1","datePublished":"2026-01-14T09:03:44+00:00","dateModified":"2026-01-14T09:03:45+00:00","breadcrumb":{"@id":"https:\/\/afogadosfm.com.br\/afogadosfm\/2026\/01\/14\/entre-marco-e-abril-paixao-de-cristo-de-nova-jerusalem-confirma-temporada-2026\/#breadcrumb"},"inLanguage":"pt-BR","potentialAction":[{"@type":"ReadAction","target":["https:\/\/afogadosfm.com.br\/afogadosfm\/2026\/01\/14\/entre-marco-e-abril-paixao-de-cristo-de-nova-jerusalem-confirma-temporada-2026\/"]}]},{"@type":"ImageObject","inLanguage":"pt-BR","@id":"https:\/\/afogadosfm.com.br\/afogadosfm\/2026\/01\/14\/entre-marco-e-abril-paixao-de-cristo-de-nova-jerusalem-confirma-temporada-2026\/#primaryimage","url":"https:\/\/i0.wp.com\/afogadosfm.com.br\/afogadosfm\/wp-content\/uploads\/2018\/03\/paix%C3%A3o-de-cristo.jpg?fit=640%2C400&ssl=1","contentUrl":"https:\/\/i0.wp.com\/afogadosfm.com.br\/afogadosfm\/wp-content\/uploads\/2018\/03\/paix%C3%A3o-de-cristo.jpg?fit=640%2C400&ssl=1","width":640,"height":400},{"@type":"BreadcrumbList","@id":"https:\/\/afogadosfm.com.br\/afogadosfm\/2026\/01\/14\/entre-marco-e-abril-paixao-de-cristo-de-nova-jerusalem-confirma-temporada-2026\/#breadcrumb","itemListElement":[{"@type":"ListItem","position":1,"name":"In\u00edcio","item":"https:\/\/afogadosfm.com.br\/afogadosfm\/"},{"@type":"ListItem","position":2,"name":"Entre mar\u00e7o e abril: Paix\u00e3o de Cristo de Nova Jerusal\u00e9m confirma temporada 2026"}]},{"@type":"WebSite","@id":"https:\/\/afogadosfm.com.br\/afogadosfm\/#website","url":"https:\/\/afogadosfm.com.br\/afogadosfm\/","name":"Afogados FM","description":"Um site completo!","publisher":{"@id":"https:\/\/afogadosfm.com.br\/afogadosfm\/#organization"},"potentialAction":[{"@type":"SearchAction","target":{"@type":"EntryPoint","urlTemplate":"https:\/\/afogadosfm.com.br\/afogadosfm\/?s={search_term_string}"},"query-input":{"@type":"PropertyValueSpecification","valueRequired":true,"valueName":"search_term_string"}}],"inLanguage":"pt-BR"},{"@type":"Organization","@id":"https:\/\/afogadosfm.com.br\/afogadosfm\/#organization","name":"Afogados FM","url":"https:\/\/afogadosfm.com.br\/afogadosfm\/","logo":{"@type":"ImageObject","inLanguage":"pt-BR","@id":"https:\/\/afogadosfm.com.br\/afogadosfm\/#\/schema\/logo\/image\/","url":"https:\/\/i0.wp.com\/afogadosfm.com.br\/afogadosfm\/wp-content\/uploads\/2020\/06\/cropped-banner-afogados-4.jpg?fit=369%2C137&ssl=1","contentUrl":"https:\/\/i0.wp.com\/afogadosfm.com.br\/afogadosfm\/wp-content\/uploads\/2020\/06\/cropped-banner-afogados-4.jpg?fit=369%2C137&ssl=1","width":369,"height":137,"caption":"Afogados FM"},"image":{"@id":"https:\/\/afogadosfm.com.br\/afogadosfm\/#\/schema\/logo\/image\/"}},{"@type":"Person","@id":"https:\/\/afogadosfm.com.br\/afogadosfm\/#\/schema\/person\/60e56f2cf5dc960fc093fe093d9e9057","name":"afogadosfm","image":{"@type":"ImageObject","inLanguage":"pt-BR","@id":"https:\/\/secure.gravatar.com\/avatar\/e0359add7ed5dc3560906d861b52c6a8cf5c1e199d3a7dd85070998f49bd4701?s=96&d=mm&r=g","url":"https:\/\/secure.gravatar.com\/avatar\/e0359add7ed5dc3560906d861b52c6a8cf5c1e199d3a7dd85070998f49bd4701?s=96&d=mm&r=g","contentUrl":"https:\/\/secure.gravatar.com\/avatar\/e0359add7ed5dc3560906d861b52c6a8cf5c1e199d3a7dd85070998f49bd4701?s=96&d=mm&r=g","caption":"afogadosfm"},"url":"https:\/\/afogadosfm.com.br\/afogadosfm\/author\/afogadosfm\/"}]}},"jetpack_publicize_connections":[],"jetpack_featured_media_url":"https:\/\/i0.wp.com\/afogadosfm.com.br\/afogadosfm\/wp-content\/uploads\/2018\/03\/paix%C3%A3o-de-cristo.jpg?fit=640%2C400&ssl=1","jetpack-related-posts":[],"jetpack_sharing_enabled":true,"jetpack_likes_enabled":true,"_links":{"self":[{"href":"https:\/\/afogadosfm.com.br\/afogadosfm\/wp-json\/wp\/v2\/posts\/71979","targetHints":{"allow":["GET"]}}],"collection":[{"href":"https:\/\/afogadosfm.com.br\/afogadosfm\/wp-json\/wp\/v2\/posts"}],"about":[{"href":"https:\/\/afogadosfm.com.br\/afogadosfm\/wp-json\/wp\/v2\/types\/post"}],"author":[{"embeddable":true,"href":"https:\/\/afogadosfm.com.br\/afogadosfm\/wp-json\/wp\/v2\/users\/2"}],"replies":[{"embeddable":true,"href":"https:\/\/afogadosfm.com.br\/afogadosfm\/wp-json\/wp\/v2\/comments?post=71979"}],"version-history":[{"count":1,"href":"https:\/\/afogadosfm.com.br\/afogadosfm\/wp-json\/wp\/v2\/posts\/71979\/revisions"}],"predecessor-version":[{"id":71980,"href":"https:\/\/afogadosfm.com.br\/afogadosfm\/wp-json\/wp\/v2\/posts\/71979\/revisions\/71980"}],"wp:featuredmedia":[{"embeddable":true,"href":"https:\/\/afogadosfm.com.br\/afogadosfm\/wp-json\/wp\/v2\/media\/2615"}],"wp:attachment":[{"href":"https:\/\/afogadosfm.com.br\/afogadosfm\/wp-json\/wp\/v2\/media?parent=71979"}],"wp:term":[{"taxonomy":"category","embeddable":true,"href":"https:\/\/afogadosfm.com.br\/afogadosfm\/wp-json\/wp\/v2\/categories?post=71979"},{"taxonomy":"post_tag","embeddable":true,"href":"https:\/\/afogadosfm.com.br\/afogadosfm\/wp-json\/wp\/v2\/tags?post=71979"}],"curies":[{"name":"wp","href":"https:\/\/api.w.org\/{rel}","templated":true}]}}