{"id":71988,"date":"2026-01-14T07:12:59","date_gmt":"2026-01-14T10:12:59","guid":{"rendered":"https:\/\/afogadosfm.com.br\/afogadosfm\/?p=71988"},"modified":"2026-01-14T07:12:59","modified_gmt":"2026-01-14T10:12:59","slug":"a-escola-de-referencia-professora-ione-goes-barros-antigo-colegio-normal-passara-a-ser-uma-escola-tecnica","status":"publish","type":"post","link":"https:\/\/afogadosfm.com.br\/afogadosfm\/2026\/01\/14\/a-escola-de-referencia-professora-ione-goes-barros-antigo-colegio-normal-passara-a-ser-uma-escola-tecnica\/","title":{"rendered":"A escola de refer\u00eancia professora Ione G\u00f3es Barros, antigo Col\u00e9gio Normal, passar\u00e1 a ser uma escola t\u00e9cnica."},"content":{"rendered":"\n<p>Pais e m\u00e3es de alguns alunos que fizeram a pr\u00e9-matr\u00edcula na EREM Ione de Goes Barros aguardam a informa\u00e7\u00e3o se as primeiras turmas dever\u00e3o fazer a avalia\u00e7\u00e3o ou n\u00e3o.<\/p>\n\n\n\n<p>Diferente do ingresso da EREM, a ETE \u00e9 atrav\u00e9s de uma sele\u00e7\u00e3o, onde os alunos s\u00e3o escolhidos ap\u00f3s realizarem uma prova. A not\u00edcia pegou de surpresa alguns pais que esperavam matricular seus filhos no in\u00edcio do ano letivo de 2026.<\/p>\n\n\n\n<p>A informa\u00e7\u00e3o j\u00e1 havia sido confirmada numa entrevista pela diretora da GRE do Alto Paje\u00fa, Edjane Gomes. Al\u00e9m do Instituto Federal, Afogados da Ingazeira passar\u00e1 a ter uma escola t\u00e9cnica e nesse momento aguarda apenas a assinatura da governadora Raquel Lyra e a publica\u00e7\u00e3o no di\u00e1rio oficial.<\/p>\n\n\n\n<p>O Col\u00e9gio Normal completou 71 anos desde a sua funda\u00e7\u00e3o e \u00e9 uma das escolas mais importantes de Afogados da Ingazeira pela forma\u00e7\u00e3o dos primeiros professores em turmas de magist\u00e9rio, al\u00e9m de ser destaque nos jogos escolares por conta dos excelentes times que formou, conquistando t\u00edtulos brasileiros em diversas modalidades.<\/p>\n\n\n\n<p>Do Coruj\u00e3o do Pepeu<\/p>\n","protected":false},"excerpt":{"rendered":"<p>Pais e m\u00e3es de alguns alunos que fizeram a pr\u00e9-matr\u00edcula na EREM Ione de Goes Barros aguardam a informa\u00e7\u00e3o se<\/p>\n","protected":false},"author":2,"featured_media":71989,"comment_status":"open","ping_status":"open","sticky":false,"template":"","format":"standard","meta":{"jetpack_post_was_ever_published":false,"_jetpack_newsletter_access":"","_jetpack_dont_email_post_to_subs":false,"_jetpack_newsletter_tier_id":0,"_jetpack_memberships_contains_paywalled_content":false,"_jetpack_memberships_contains_paid_content":false,"footnotes":"","jetpack_publicize_message":"","jetpack_publicize_feature_enabled":true,"jetpack_social_post_already_shared":true,"jetpack_social_options":{"image_generator_settings":{"template":"highway","default_image_id":0,"font":"","enabled":false},"version":2}},"categories":[23],"tags":[],"class_list":["post-71988","post","type-post","status-publish","format-standard","has-post-thumbnail","hentry","category-educacao"],"yoast_head":"<!-- This site is optimized with the Yoast SEO plugin v27.5 - https:\/\/yoast.com\/product\/yoast-seo-wordpress\/ -->\n<title>A escola de refer\u00eancia professora Ione G\u00f3es Barros, antigo Col\u00e9gio Normal, passar\u00e1 a ser uma escola t\u00e9cnica. - Afogados FM<\/title>\n<meta name=\"robots\" content=\"index, follow, max-snippet:-1, max-image-preview:large, max-video-preview:-1\" \/>\n<link rel=\"canonical\" href=\"https:\/\/afogadosfm.com.br\/afogadosfm\/2026\/01\/14\/a-escola-de-referencia-professora-ione-goes-barros-antigo-colegio-normal-passara-a-ser-uma-escola-tecnica\/\" \/>\n<meta property=\"og:locale\" content=\"pt_BR\" \/>\n<meta property=\"og:type\" content=\"article\" \/>\n<meta property=\"og:title\" content=\"A escola de refer\u00eancia professora Ione G\u00f3es Barros, antigo Col\u00e9gio Normal, passar\u00e1 a ser uma escola t\u00e9cnica. - Afogados FM\" \/>\n<meta property=\"og:description\" content=\"Pais e m\u00e3es de alguns alunos que fizeram a pr\u00e9-matr\u00edcula na EREM Ione de Goes Barros aguardam a informa\u00e7\u00e3o se\" \/>\n<meta property=\"og:url\" content=\"https:\/\/afogadosfm.com.br\/afogadosfm\/2026\/01\/14\/a-escola-de-referencia-professora-ione-goes-barros-antigo-colegio-normal-passara-a-ser-uma-escola-tecnica\/\" \/>\n<meta property=\"og:site_name\" content=\"Afogados FM\" \/>\n<meta property=\"article:published_time\" content=\"2026-01-14T10:12:59+00:00\" \/>\n<meta property=\"og:image\" content=\"https:\/\/afogadosfm.com.br\/afogadosfm\/wp-content\/uploads\/2026\/01\/cne.jpeg\" \/>\n\t<meta property=\"og:image:width\" content=\"1280\" \/>\n\t<meta property=\"og:image:height\" content=\"750\" \/>\n\t<meta property=\"og:image:type\" content=\"image\/jpeg\" \/>\n<meta name=\"author\" content=\"afogadosfm\" \/>\n<meta name=\"twitter:card\" content=\"summary_large_image\" \/>\n<meta name=\"twitter:label1\" content=\"Escrito por\" \/>\n\t<meta name=\"twitter:data1\" content=\"afogadosfm\" \/>\n\t<meta name=\"twitter:label2\" content=\"Est. tempo de leitura\" \/>\n\t<meta name=\"twitter:data2\" content=\"1 minuto\" \/>\n<script type=\"application\/ld+json\" class=\"yoast-schema-graph\">{\"@context\":\"https:\\\/\\\/schema.org\",\"@graph\":[{\"@type\":\"Article\",\"@id\":\"https:\\\/\\\/afogadosfm.com.br\\\/afogadosfm\\\/2026\\\/01\\\/14\\\/a-escola-de-referencia-professora-ione-goes-barros-antigo-colegio-normal-passara-a-ser-uma-escola-tecnica\\\/#article\",\"isPartOf\":{\"@id\":\"https:\\\/\\\/afogadosfm.com.br\\\/afogadosfm\\\/2026\\\/01\\\/14\\\/a-escola-de-referencia-professora-ione-goes-barros-antigo-colegio-normal-passara-a-ser-uma-escola-tecnica\\\/\"},\"author\":{\"name\":\"afogadosfm\",\"@id\":\"https:\\\/\\\/afogadosfm.com.br\\\/afogadosfm\\\/#\\\/schema\\\/person\\\/60e56f2cf5dc960fc093fe093d9e9057\"},\"headline\":\"A escola de refer\u00eancia professora Ione G\u00f3es Barros, antigo Col\u00e9gio Normal, passar\u00e1 a ser uma escola t\u00e9cnica.\",\"datePublished\":\"2026-01-14T10:12:59+00:00\",\"mainEntityOfPage\":{\"@id\":\"https:\\\/\\\/afogadosfm.com.br\\\/afogadosfm\\\/2026\\\/01\\\/14\\\/a-escola-de-referencia-professora-ione-goes-barros-antigo-colegio-normal-passara-a-ser-uma-escola-tecnica\\\/\"},\"wordCount\":212,\"commentCount\":0,\"publisher\":{\"@id\":\"https:\\\/\\\/afogadosfm.com.br\\\/afogadosfm\\\/#organization\"},\"image\":{\"@id\":\"https:\\\/\\\/afogadosfm.com.br\\\/afogadosfm\\\/2026\\\/01\\\/14\\\/a-escola-de-referencia-professora-ione-goes-barros-antigo-colegio-normal-passara-a-ser-uma-escola-tecnica\\\/#primaryimage\"},\"thumbnailUrl\":\"https:\\\/\\\/i0.wp.com\\\/afogadosfm.com.br\\\/afogadosfm\\\/wp-content\\\/uploads\\\/2026\\\/01\\\/cne.jpeg?fit=1280%2C750&ssl=1\",\"articleSection\":[\"Educa\u00e7\u00e3o\"],\"inLanguage\":\"pt-BR\",\"potentialAction\":[{\"@type\":\"CommentAction\",\"name\":\"Comment\",\"target\":[\"https:\\\/\\\/afogadosfm.com.br\\\/afogadosfm\\\/2026\\\/01\\\/14\\\/a-escola-de-referencia-professora-ione-goes-barros-antigo-colegio-normal-passara-a-ser-uma-escola-tecnica\\\/#respond\"]}]},{\"@type\":\"WebPage\",\"@id\":\"https:\\\/\\\/afogadosfm.com.br\\\/afogadosfm\\\/2026\\\/01\\\/14\\\/a-escola-de-referencia-professora-ione-goes-barros-antigo-colegio-normal-passara-a-ser-uma-escola-tecnica\\\/\",\"url\":\"https:\\\/\\\/afogadosfm.com.br\\\/afogadosfm\\\/2026\\\/01\\\/14\\\/a-escola-de-referencia-professora-ione-goes-barros-antigo-colegio-normal-passara-a-ser-uma-escola-tecnica\\\/\",\"name\":\"A escola de refer\u00eancia professora Ione G\u00f3es Barros, antigo Col\u00e9gio Normal, passar\u00e1 a ser uma escola t\u00e9cnica. - Afogados FM\",\"isPartOf\":{\"@id\":\"https:\\\/\\\/afogadosfm.com.br\\\/afogadosfm\\\/#website\"},\"primaryImageOfPage\":{\"@id\":\"https:\\\/\\\/afogadosfm.com.br\\\/afogadosfm\\\/2026\\\/01\\\/14\\\/a-escola-de-referencia-professora-ione-goes-barros-antigo-colegio-normal-passara-a-ser-uma-escola-tecnica\\\/#primaryimage\"},\"image\":{\"@id\":\"https:\\\/\\\/afogadosfm.com.br\\\/afogadosfm\\\/2026\\\/01\\\/14\\\/a-escola-de-referencia-professora-ione-goes-barros-antigo-colegio-normal-passara-a-ser-uma-escola-tecnica\\\/#primaryimage\"},\"thumbnailUrl\":\"https:\\\/\\\/i0.wp.com\\\/afogadosfm.com.br\\\/afogadosfm\\\/wp-content\\\/uploads\\\/2026\\\/01\\\/cne.jpeg?fit=1280%2C750&ssl=1\",\"datePublished\":\"2026-01-14T10:12:59+00:00\",\"breadcrumb\":{\"@id\":\"https:\\\/\\\/afogadosfm.com.br\\\/afogadosfm\\\/2026\\\/01\\\/14\\\/a-escola-de-referencia-professora-ione-goes-barros-antigo-colegio-normal-passara-a-ser-uma-escola-tecnica\\\/#breadcrumb\"},\"inLanguage\":\"pt-BR\",\"potentialAction\":[{\"@type\":\"ReadAction\",\"target\":[\"https:\\\/\\\/afogadosfm.com.br\\\/afogadosfm\\\/2026\\\/01\\\/14\\\/a-escola-de-referencia-professora-ione-goes-barros-antigo-colegio-normal-passara-a-ser-uma-escola-tecnica\\\/\"]}]},{\"@type\":\"ImageObject\",\"inLanguage\":\"pt-BR\",\"@id\":\"https:\\\/\\\/afogadosfm.com.br\\\/afogadosfm\\\/2026\\\/01\\\/14\\\/a-escola-de-referencia-professora-ione-goes-barros-antigo-colegio-normal-passara-a-ser-uma-escola-tecnica\\\/#primaryimage\",\"url\":\"https:\\\/\\\/i0.wp.com\\\/afogadosfm.com.br\\\/afogadosfm\\\/wp-content\\\/uploads\\\/2026\\\/01\\\/cne.jpeg?fit=1280%2C750&ssl=1\",\"contentUrl\":\"https:\\\/\\\/i0.wp.com\\\/afogadosfm.com.br\\\/afogadosfm\\\/wp-content\\\/uploads\\\/2026\\\/01\\\/cne.jpeg?fit=1280%2C750&ssl=1\",\"width\":1280,\"height\":750},{\"@type\":\"BreadcrumbList\",\"@id\":\"https:\\\/\\\/afogadosfm.com.br\\\/afogadosfm\\\/2026\\\/01\\\/14\\\/a-escola-de-referencia-professora-ione-goes-barros-antigo-colegio-normal-passara-a-ser-uma-escola-tecnica\\\/#breadcrumb\",\"itemListElement\":[{\"@type\":\"ListItem\",\"position\":1,\"name\":\"In\u00edcio\",\"item\":\"https:\\\/\\\/afogadosfm.com.br\\\/afogadosfm\\\/\"},{\"@type\":\"ListItem\",\"position\":2,\"name\":\"A escola de refer\u00eancia professora Ione G\u00f3es Barros, antigo Col\u00e9gio Normal, passar\u00e1 a ser uma escola t\u00e9cnica.\"}]},{\"@type\":\"WebSite\",\"@id\":\"https:\\\/\\\/afogadosfm.com.br\\\/afogadosfm\\\/#website\",\"url\":\"https:\\\/\\\/afogadosfm.com.br\\\/afogadosfm\\\/\",\"name\":\"Afogados FM\",\"description\":\"Um site completo!\",\"publisher\":{\"@id\":\"https:\\\/\\\/afogadosfm.com.br\\\/afogadosfm\\\/#organization\"},\"potentialAction\":[{\"@type\":\"SearchAction\",\"target\":{\"@type\":\"EntryPoint\",\"urlTemplate\":\"https:\\\/\\\/afogadosfm.com.br\\\/afogadosfm\\\/?s={search_term_string}\"},\"query-input\":{\"@type\":\"PropertyValueSpecification\",\"valueRequired\":true,\"valueName\":\"search_term_string\"}}],\"inLanguage\":\"pt-BR\"},{\"@type\":\"Organization\",\"@id\":\"https:\\\/\\\/afogadosfm.com.br\\\/afogadosfm\\\/#organization\",\"name\":\"Afogados FM\",\"url\":\"https:\\\/\\\/afogadosfm.com.br\\\/afogadosfm\\\/\",\"logo\":{\"@type\":\"ImageObject\",\"inLanguage\":\"pt-BR\",\"@id\":\"https:\\\/\\\/afogadosfm.com.br\\\/afogadosfm\\\/#\\\/schema\\\/logo\\\/image\\\/\",\"url\":\"https:\\\/\\\/i0.wp.com\\\/afogadosfm.com.br\\\/afogadosfm\\\/wp-content\\\/uploads\\\/2020\\\/06\\\/cropped-banner-afogados-4.jpg?fit=369%2C137&ssl=1\",\"contentUrl\":\"https:\\\/\\\/i0.wp.com\\\/afogadosfm.com.br\\\/afogadosfm\\\/wp-content\\\/uploads\\\/2020\\\/06\\\/cropped-banner-afogados-4.jpg?fit=369%2C137&ssl=1\",\"width\":369,\"height\":137,\"caption\":\"Afogados FM\"},\"image\":{\"@id\":\"https:\\\/\\\/afogadosfm.com.br\\\/afogadosfm\\\/#\\\/schema\\\/logo\\\/image\\\/\"}},{\"@type\":\"Person\",\"@id\":\"https:\\\/\\\/afogadosfm.com.br\\\/afogadosfm\\\/#\\\/schema\\\/person\\\/60e56f2cf5dc960fc093fe093d9e9057\",\"name\":\"afogadosfm\",\"image\":{\"@type\":\"ImageObject\",\"inLanguage\":\"pt-BR\",\"@id\":\"https:\\\/\\\/secure.gravatar.com\\\/avatar\\\/e0359add7ed5dc3560906d861b52c6a8cf5c1e199d3a7dd85070998f49bd4701?s=96&d=mm&r=g\",\"url\":\"https:\\\/\\\/secure.gravatar.com\\\/avatar\\\/e0359add7ed5dc3560906d861b52c6a8cf5c1e199d3a7dd85070998f49bd4701?s=96&d=mm&r=g\",\"contentUrl\":\"https:\\\/\\\/secure.gravatar.com\\\/avatar\\\/e0359add7ed5dc3560906d861b52c6a8cf5c1e199d3a7dd85070998f49bd4701?s=96&d=mm&r=g\",\"caption\":\"afogadosfm\"},\"url\":\"https:\\\/\\\/afogadosfm.com.br\\\/afogadosfm\\\/author\\\/afogadosfm\\\/\"}]}<\/script>\n<!-- \/ Yoast SEO plugin. -->","yoast_head_json":{"title":"A escola de refer\u00eancia professora Ione G\u00f3es Barros, antigo Col\u00e9gio Normal, passar\u00e1 a ser uma escola t\u00e9cnica. - Afogados FM","robots":{"index":"index","follow":"follow","max-snippet":"max-snippet:-1","max-image-preview":"max-image-preview:large","max-video-preview":"max-video-preview:-1"},"canonical":"https:\/\/afogadosfm.com.br\/afogadosfm\/2026\/01\/14\/a-escola-de-referencia-professora-ione-goes-barros-antigo-colegio-normal-passara-a-ser-uma-escola-tecnica\/","og_locale":"pt_BR","og_type":"article","og_title":"A escola de refer\u00eancia professora Ione G\u00f3es Barros, antigo Col\u00e9gio Normal, passar\u00e1 a ser uma escola t\u00e9cnica. - Afogados FM","og_description":"Pais e m\u00e3es de alguns alunos que fizeram a pr\u00e9-matr\u00edcula na EREM Ione de Goes Barros aguardam a informa\u00e7\u00e3o se","og_url":"https:\/\/afogadosfm.com.br\/afogadosfm\/2026\/01\/14\/a-escola-de-referencia-professora-ione-goes-barros-antigo-colegio-normal-passara-a-ser-uma-escola-tecnica\/","og_site_name":"Afogados FM","article_published_time":"2026-01-14T10:12:59+00:00","og_image":[{"width":1280,"height":750,"url":"https:\/\/afogadosfm.com.br\/afogadosfm\/wp-content\/uploads\/2026\/01\/cne.jpeg","type":"image\/jpeg"}],"author":"afogadosfm","twitter_card":"summary_large_image","twitter_misc":{"Escrito por":"afogadosfm","Est. tempo de leitura":"1 minuto"},"schema":{"@context":"https:\/\/schema.org","@graph":[{"@type":"Article","@id":"https:\/\/afogadosfm.com.br\/afogadosfm\/2026\/01\/14\/a-escola-de-referencia-professora-ione-goes-barros-antigo-colegio-normal-passara-a-ser-uma-escola-tecnica\/#article","isPartOf":{"@id":"https:\/\/afogadosfm.com.br\/afogadosfm\/2026\/01\/14\/a-escola-de-referencia-professora-ione-goes-barros-antigo-colegio-normal-passara-a-ser-uma-escola-tecnica\/"},"author":{"name":"afogadosfm","@id":"https:\/\/afogadosfm.com.br\/afogadosfm\/#\/schema\/person\/60e56f2cf5dc960fc093fe093d9e9057"},"headline":"A escola de refer\u00eancia professora Ione G\u00f3es Barros, antigo Col\u00e9gio Normal, passar\u00e1 a ser uma escola t\u00e9cnica.","datePublished":"2026-01-14T10:12:59+00:00","mainEntityOfPage":{"@id":"https:\/\/afogadosfm.com.br\/afogadosfm\/2026\/01\/14\/a-escola-de-referencia-professora-ione-goes-barros-antigo-colegio-normal-passara-a-ser-uma-escola-tecnica\/"},"wordCount":212,"commentCount":0,"publisher":{"@id":"https:\/\/afogadosfm.com.br\/afogadosfm\/#organization"},"image":{"@id":"https:\/\/afogadosfm.com.br\/afogadosfm\/2026\/01\/14\/a-escola-de-referencia-professora-ione-goes-barros-antigo-colegio-normal-passara-a-ser-uma-escola-tecnica\/#primaryimage"},"thumbnailUrl":"https:\/\/i0.wp.com\/afogadosfm.com.br\/afogadosfm\/wp-content\/uploads\/2026\/01\/cne.jpeg?fit=1280%2C750&ssl=1","articleSection":["Educa\u00e7\u00e3o"],"inLanguage":"pt-BR","potentialAction":[{"@type":"CommentAction","name":"Comment","target":["https:\/\/afogadosfm.com.br\/afogadosfm\/2026\/01\/14\/a-escola-de-referencia-professora-ione-goes-barros-antigo-colegio-normal-passara-a-ser-uma-escola-tecnica\/#respond"]}]},{"@type":"WebPage","@id":"https:\/\/afogadosfm.com.br\/afogadosfm\/2026\/01\/14\/a-escola-de-referencia-professora-ione-goes-barros-antigo-colegio-normal-passara-a-ser-uma-escola-tecnica\/","url":"https:\/\/afogadosfm.com.br\/afogadosfm\/2026\/01\/14\/a-escola-de-referencia-professora-ione-goes-barros-antigo-colegio-normal-passara-a-ser-uma-escola-tecnica\/","name":"A escola de refer\u00eancia professora Ione G\u00f3es Barros, antigo Col\u00e9gio Normal, passar\u00e1 a ser uma escola t\u00e9cnica. - Afogados FM","isPartOf":{"@id":"https:\/\/afogadosfm.com.br\/afogadosfm\/#website"},"primaryImageOfPage":{"@id":"https:\/\/afogadosfm.com.br\/afogadosfm\/2026\/01\/14\/a-escola-de-referencia-professora-ione-goes-barros-antigo-colegio-normal-passara-a-ser-uma-escola-tecnica\/#primaryimage"},"image":{"@id":"https:\/\/afogadosfm.com.br\/afogadosfm\/2026\/01\/14\/a-escola-de-referencia-professora-ione-goes-barros-antigo-colegio-normal-passara-a-ser-uma-escola-tecnica\/#primaryimage"},"thumbnailUrl":"https:\/\/i0.wp.com\/afogadosfm.com.br\/afogadosfm\/wp-content\/uploads\/2026\/01\/cne.jpeg?fit=1280%2C750&ssl=1","datePublished":"2026-01-14T10:12:59+00:00","breadcrumb":{"@id":"https:\/\/afogadosfm.com.br\/afogadosfm\/2026\/01\/14\/a-escola-de-referencia-professora-ione-goes-barros-antigo-colegio-normal-passara-a-ser-uma-escola-tecnica\/#breadcrumb"},"inLanguage":"pt-BR","potentialAction":[{"@type":"ReadAction","target":["https:\/\/afogadosfm.com.br\/afogadosfm\/2026\/01\/14\/a-escola-de-referencia-professora-ione-goes-barros-antigo-colegio-normal-passara-a-ser-uma-escola-tecnica\/"]}]},{"@type":"ImageObject","inLanguage":"pt-BR","@id":"https:\/\/afogadosfm.com.br\/afogadosfm\/2026\/01\/14\/a-escola-de-referencia-professora-ione-goes-barros-antigo-colegio-normal-passara-a-ser-uma-escola-tecnica\/#primaryimage","url":"https:\/\/i0.wp.com\/afogadosfm.com.br\/afogadosfm\/wp-content\/uploads\/2026\/01\/cne.jpeg?fit=1280%2C750&ssl=1","contentUrl":"https:\/\/i0.wp.com\/afogadosfm.com.br\/afogadosfm\/wp-content\/uploads\/2026\/01\/cne.jpeg?fit=1280%2C750&ssl=1","width":1280,"height":750},{"@type":"BreadcrumbList","@id":"https:\/\/afogadosfm.com.br\/afogadosfm\/2026\/01\/14\/a-escola-de-referencia-professora-ione-goes-barros-antigo-colegio-normal-passara-a-ser-uma-escola-tecnica\/#breadcrumb","itemListElement":[{"@type":"ListItem","position":1,"name":"In\u00edcio","item":"https:\/\/afogadosfm.com.br\/afogadosfm\/"},{"@type":"ListItem","position":2,"name":"A escola de refer\u00eancia professora Ione G\u00f3es Barros, antigo Col\u00e9gio Normal, passar\u00e1 a ser uma escola t\u00e9cnica."}]},{"@type":"WebSite","@id":"https:\/\/afogadosfm.com.br\/afogadosfm\/#website","url":"https:\/\/afogadosfm.com.br\/afogadosfm\/","name":"Afogados FM","description":"Um site completo!","publisher":{"@id":"https:\/\/afogadosfm.com.br\/afogadosfm\/#organization"},"potentialAction":[{"@type":"SearchAction","target":{"@type":"EntryPoint","urlTemplate":"https:\/\/afogadosfm.com.br\/afogadosfm\/?s={search_term_string}"},"query-input":{"@type":"PropertyValueSpecification","valueRequired":true,"valueName":"search_term_string"}}],"inLanguage":"pt-BR"},{"@type":"Organization","@id":"https:\/\/afogadosfm.com.br\/afogadosfm\/#organization","name":"Afogados FM","url":"https:\/\/afogadosfm.com.br\/afogadosfm\/","logo":{"@type":"ImageObject","inLanguage":"pt-BR","@id":"https:\/\/afogadosfm.com.br\/afogadosfm\/#\/schema\/logo\/image\/","url":"https:\/\/i0.wp.com\/afogadosfm.com.br\/afogadosfm\/wp-content\/uploads\/2020\/06\/cropped-banner-afogados-4.jpg?fit=369%2C137&ssl=1","contentUrl":"https:\/\/i0.wp.com\/afogadosfm.com.br\/afogadosfm\/wp-content\/uploads\/2020\/06\/cropped-banner-afogados-4.jpg?fit=369%2C137&ssl=1","width":369,"height":137,"caption":"Afogados FM"},"image":{"@id":"https:\/\/afogadosfm.com.br\/afogadosfm\/#\/schema\/logo\/image\/"}},{"@type":"Person","@id":"https:\/\/afogadosfm.com.br\/afogadosfm\/#\/schema\/person\/60e56f2cf5dc960fc093fe093d9e9057","name":"afogadosfm","image":{"@type":"ImageObject","inLanguage":"pt-BR","@id":"https:\/\/secure.gravatar.com\/avatar\/e0359add7ed5dc3560906d861b52c6a8cf5c1e199d3a7dd85070998f49bd4701?s=96&d=mm&r=g","url":"https:\/\/secure.gravatar.com\/avatar\/e0359add7ed5dc3560906d861b52c6a8cf5c1e199d3a7dd85070998f49bd4701?s=96&d=mm&r=g","contentUrl":"https:\/\/secure.gravatar.com\/avatar\/e0359add7ed5dc3560906d861b52c6a8cf5c1e199d3a7dd85070998f49bd4701?s=96&d=mm&r=g","caption":"afogadosfm"},"url":"https:\/\/afogadosfm.com.br\/afogadosfm\/author\/afogadosfm\/"}]}},"jetpack_publicize_connections":[],"jetpack_featured_media_url":"https:\/\/i0.wp.com\/afogadosfm.com.br\/afogadosfm\/wp-content\/uploads\/2026\/01\/cne.jpeg?fit=1280%2C750&ssl=1","jetpack-related-posts":[],"jetpack_sharing_enabled":true,"jetpack_likes_enabled":true,"_links":{"self":[{"href":"https:\/\/afogadosfm.com.br\/afogadosfm\/wp-json\/wp\/v2\/posts\/71988","targetHints":{"allow":["GET"]}}],"collection":[{"href":"https:\/\/afogadosfm.com.br\/afogadosfm\/wp-json\/wp\/v2\/posts"}],"about":[{"href":"https:\/\/afogadosfm.com.br\/afogadosfm\/wp-json\/wp\/v2\/types\/post"}],"author":[{"embeddable":true,"href":"https:\/\/afogadosfm.com.br\/afogadosfm\/wp-json\/wp\/v2\/users\/2"}],"replies":[{"embeddable":true,"href":"https:\/\/afogadosfm.com.br\/afogadosfm\/wp-json\/wp\/v2\/comments?post=71988"}],"version-history":[{"count":1,"href":"https:\/\/afogadosfm.com.br\/afogadosfm\/wp-json\/wp\/v2\/posts\/71988\/revisions"}],"predecessor-version":[{"id":71990,"href":"https:\/\/afogadosfm.com.br\/afogadosfm\/wp-json\/wp\/v2\/posts\/71988\/revisions\/71990"}],"wp:featuredmedia":[{"embeddable":true,"href":"https:\/\/afogadosfm.com.br\/afogadosfm\/wp-json\/wp\/v2\/media\/71989"}],"wp:attachment":[{"href":"https:\/\/afogadosfm.com.br\/afogadosfm\/wp-json\/wp\/v2\/media?parent=71988"}],"wp:term":[{"taxonomy":"category","embeddable":true,"href":"https:\/\/afogadosfm.com.br\/afogadosfm\/wp-json\/wp\/v2\/categories?post=71988"},{"taxonomy":"post_tag","embeddable":true,"href":"https:\/\/afogadosfm.com.br\/afogadosfm\/wp-json\/wp\/v2\/tags?post=71988"}],"curies":[{"name":"wp","href":"https:\/\/api.w.org\/{rel}","templated":true}]}}