{"id":72002,"date":"2026-01-15T06:06:20","date_gmt":"2026-01-15T09:06:20","guid":{"rendered":"https:\/\/afogadosfm.com.br\/afogadosfm\/?p=72002"},"modified":"2026-01-15T06:06:21","modified_gmt":"2026-01-15T09:06:21","slug":"policia-descobre-fabrica-de-armas-caseiras-em-serra-talhada","status":"publish","type":"post","link":"https:\/\/afogadosfm.com.br\/afogadosfm\/2026\/01\/15\/policia-descobre-fabrica-de-armas-caseiras-em-serra-talhada\/","title":{"rendered":"Pol\u00edcia descobre fabrica de armas caseiras em Serra Talhada"},"content":{"rendered":"\n<p>Uma interven\u00e7\u00e3o estrat\u00e9gica do 14\u00ba Batalh\u00e3o da Pol\u00edcia Militar (BPM) resultou na desarticula\u00e7\u00e3o de uma oficina clandestina de armas de fogo no s\u00edtio Po\u00e7o do Serrote, zona rural de Serra Talhada. A a\u00e7\u00e3o revelou um complexo de fabrica\u00e7\u00e3o artesanal e manuten\u00e7\u00e3o de armamentos.<\/p>\n\n\n\n<p>O Flagrante<\/p>\n\n\n\n<p>A opera\u00e7\u00e3o teve in\u00edcio ap\u00f3s a abordagem de um motociclista que transportava uma carabina de press\u00e3o. Ao ser questionado, o condutor indicou que vinha de uma oficina nas proximidades, onde teria realizado reparos no equipamento. Ao se deslocarem para o endere\u00e7o citado, \u00e0s margens da rodovia carro\u00e7al, os policiais avistaram um homem de 45 anos saindo apressadamente do local.<\/p>\n\n\n\n<p>Arsenal e Estrutura Industrial<\/p>\n\n\n\n<p>No interior do im\u00f3vel, o efetivo encontrou um aparato t\u00e9cnico sofisticado para a produ\u00e7\u00e3o b\u00e9lica. Foram apreendidos tornos, m\u00e1quinas, canos industriais, conjuntos de ferrolhos, coronhas e moldes de madeira, al\u00e9m de pe\u00e7as de a\u00e7o prontas para montagem. O balan\u00e7o final da apreens\u00e3o incluiu:<\/p>\n\n\n\n<p>03 espingardas artesanais;<\/p>\n\n\n\n<p>01 espingarda industrial calibre .36;<\/p>\n\n\n\n<p>Vasto material de ferraria e marcenaria destinado \u00e0 armaria.<\/p>\n\n\n\n<p>Alega\u00e7\u00f5es e Provid\u00eancias<\/p>\n\n\n\n<p>O respons\u00e1vel pelo local afirmou que o maquin\u00e1rio pertencia ao seu falecido pai, que exercia a profiss\u00e3o de armeiro. Ele alegou que utilizava o espa\u00e7o apenas para marcenaria, negando a continuidade da atividade ilegal.<\/p>\n\n\n\n<p>Contudo, diante das evid\u00eancias encontradas, o envolvido foi conduzido \u00e0 Delegacia de Pol\u00edcia Civil local, juntamente com todo o material apreendido, para a autua\u00e7\u00e3o pelos crimes de fabrica\u00e7\u00e3o e posse ilegal de arma de fogo e muni\u00e7\u00f5es.<\/p>\n","protected":false},"excerpt":{"rendered":"<p>Uma interven\u00e7\u00e3o estrat\u00e9gica do 14\u00ba Batalh\u00e3o da Pol\u00edcia Militar (BPM) resultou na desarticula\u00e7\u00e3o de uma oficina clandestina de armas de<\/p>\n","protected":false},"author":2,"featured_media":72003,"comment_status":"open","ping_status":"open","sticky":false,"template":"","format":"standard","meta":{"jetpack_post_was_ever_published":false,"_jetpack_newsletter_access":"","_jetpack_dont_email_post_to_subs":false,"_jetpack_newsletter_tier_id":0,"_jetpack_memberships_contains_paywalled_content":false,"_jetpack_memberships_contains_paid_content":false,"footnotes":"","jetpack_publicize_message":"","jetpack_publicize_feature_enabled":true,"jetpack_social_post_already_shared":true,"jetpack_social_options":{"image_generator_settings":{"template":"highway","default_image_id":0,"font":"","enabled":false},"version":2}},"categories":[32],"tags":[],"class_list":["post-72002","post","type-post","status-publish","format-standard","has-post-thumbnail","hentry","category-sertao"],"yoast_head":"<!-- This site is optimized with the Yoast SEO plugin v27.5 - https:\/\/yoast.com\/product\/yoast-seo-wordpress\/ -->\n<title>Pol\u00edcia descobre fabrica de armas caseiras em Serra Talhada - Afogados FM<\/title>\n<meta name=\"robots\" content=\"index, follow, max-snippet:-1, max-image-preview:large, max-video-preview:-1\" \/>\n<link rel=\"canonical\" href=\"https:\/\/afogadosfm.com.br\/afogadosfm\/2026\/01\/15\/policia-descobre-fabrica-de-armas-caseiras-em-serra-talhada\/\" \/>\n<meta property=\"og:locale\" content=\"pt_BR\" \/>\n<meta property=\"og:type\" content=\"article\" \/>\n<meta property=\"og:title\" content=\"Pol\u00edcia descobre fabrica de armas caseiras em Serra Talhada - Afogados FM\" \/>\n<meta property=\"og:description\" content=\"Uma interven\u00e7\u00e3o estrat\u00e9gica do 14\u00ba Batalh\u00e3o da Pol\u00edcia Militar (BPM) resultou na desarticula\u00e7\u00e3o de uma oficina clandestina de armas de\" \/>\n<meta property=\"og:url\" content=\"https:\/\/afogadosfm.com.br\/afogadosfm\/2026\/01\/15\/policia-descobre-fabrica-de-armas-caseiras-em-serra-talhada\/\" \/>\n<meta property=\"og:site_name\" content=\"Afogados FM\" \/>\n<meta property=\"article:published_time\" content=\"2026-01-15T09:06:20+00:00\" \/>\n<meta property=\"article:modified_time\" content=\"2026-01-15T09:06:21+00:00\" \/>\n<meta property=\"og:image\" content=\"https:\/\/afogadosfm.com.br\/afogadosfm\/wp-content\/uploads\/2026\/01\/armas.jpeg\" \/>\n\t<meta property=\"og:image:width\" content=\"1249\" \/>\n\t<meta property=\"og:image:height\" content=\"719\" \/>\n\t<meta property=\"og:image:type\" content=\"image\/jpeg\" \/>\n<meta name=\"author\" content=\"afogadosfm\" \/>\n<meta name=\"twitter:card\" content=\"summary_large_image\" \/>\n<meta name=\"twitter:label1\" content=\"Escrito por\" \/>\n\t<meta name=\"twitter:data1\" content=\"afogadosfm\" \/>\n\t<meta name=\"twitter:label2\" content=\"Est. tempo de leitura\" \/>\n\t<meta name=\"twitter:data2\" content=\"2 minutos\" \/>\n<script type=\"application\/ld+json\" class=\"yoast-schema-graph\">{\"@context\":\"https:\\\/\\\/schema.org\",\"@graph\":[{\"@type\":\"Article\",\"@id\":\"https:\\\/\\\/afogadosfm.com.br\\\/afogadosfm\\\/2026\\\/01\\\/15\\\/policia-descobre-fabrica-de-armas-caseiras-em-serra-talhada\\\/#article\",\"isPartOf\":{\"@id\":\"https:\\\/\\\/afogadosfm.com.br\\\/afogadosfm\\\/2026\\\/01\\\/15\\\/policia-descobre-fabrica-de-armas-caseiras-em-serra-talhada\\\/\"},\"author\":{\"name\":\"afogadosfm\",\"@id\":\"https:\\\/\\\/afogadosfm.com.br\\\/afogadosfm\\\/#\\\/schema\\\/person\\\/60e56f2cf5dc960fc093fe093d9e9057\"},\"headline\":\"Pol\u00edcia descobre fabrica de armas caseiras em Serra Talhada\",\"datePublished\":\"2026-01-15T09:06:20+00:00\",\"dateModified\":\"2026-01-15T09:06:21+00:00\",\"mainEntityOfPage\":{\"@id\":\"https:\\\/\\\/afogadosfm.com.br\\\/afogadosfm\\\/2026\\\/01\\\/15\\\/policia-descobre-fabrica-de-armas-caseiras-em-serra-talhada\\\/\"},\"wordCount\":282,\"commentCount\":0,\"publisher\":{\"@id\":\"https:\\\/\\\/afogadosfm.com.br\\\/afogadosfm\\\/#organization\"},\"image\":{\"@id\":\"https:\\\/\\\/afogadosfm.com.br\\\/afogadosfm\\\/2026\\\/01\\\/15\\\/policia-descobre-fabrica-de-armas-caseiras-em-serra-talhada\\\/#primaryimage\"},\"thumbnailUrl\":\"https:\\\/\\\/i0.wp.com\\\/afogadosfm.com.br\\\/afogadosfm\\\/wp-content\\\/uploads\\\/2026\\\/01\\\/armas.jpeg?fit=1249%2C719&ssl=1\",\"articleSection\":[\"Sert\u00e3o\"],\"inLanguage\":\"pt-BR\",\"potentialAction\":[{\"@type\":\"CommentAction\",\"name\":\"Comment\",\"target\":[\"https:\\\/\\\/afogadosfm.com.br\\\/afogadosfm\\\/2026\\\/01\\\/15\\\/policia-descobre-fabrica-de-armas-caseiras-em-serra-talhada\\\/#respond\"]}]},{\"@type\":\"WebPage\",\"@id\":\"https:\\\/\\\/afogadosfm.com.br\\\/afogadosfm\\\/2026\\\/01\\\/15\\\/policia-descobre-fabrica-de-armas-caseiras-em-serra-talhada\\\/\",\"url\":\"https:\\\/\\\/afogadosfm.com.br\\\/afogadosfm\\\/2026\\\/01\\\/15\\\/policia-descobre-fabrica-de-armas-caseiras-em-serra-talhada\\\/\",\"name\":\"Pol\u00edcia descobre fabrica de armas caseiras em Serra Talhada - Afogados FM\",\"isPartOf\":{\"@id\":\"https:\\\/\\\/afogadosfm.com.br\\\/afogadosfm\\\/#website\"},\"primaryImageOfPage\":{\"@id\":\"https:\\\/\\\/afogadosfm.com.br\\\/afogadosfm\\\/2026\\\/01\\\/15\\\/policia-descobre-fabrica-de-armas-caseiras-em-serra-talhada\\\/#primaryimage\"},\"image\":{\"@id\":\"https:\\\/\\\/afogadosfm.com.br\\\/afogadosfm\\\/2026\\\/01\\\/15\\\/policia-descobre-fabrica-de-armas-caseiras-em-serra-talhada\\\/#primaryimage\"},\"thumbnailUrl\":\"https:\\\/\\\/i0.wp.com\\\/afogadosfm.com.br\\\/afogadosfm\\\/wp-content\\\/uploads\\\/2026\\\/01\\\/armas.jpeg?fit=1249%2C719&ssl=1\",\"datePublished\":\"2026-01-15T09:06:20+00:00\",\"dateModified\":\"2026-01-15T09:06:21+00:00\",\"breadcrumb\":{\"@id\":\"https:\\\/\\\/afogadosfm.com.br\\\/afogadosfm\\\/2026\\\/01\\\/15\\\/policia-descobre-fabrica-de-armas-caseiras-em-serra-talhada\\\/#breadcrumb\"},\"inLanguage\":\"pt-BR\",\"potentialAction\":[{\"@type\":\"ReadAction\",\"target\":[\"https:\\\/\\\/afogadosfm.com.br\\\/afogadosfm\\\/2026\\\/01\\\/15\\\/policia-descobre-fabrica-de-armas-caseiras-em-serra-talhada\\\/\"]}]},{\"@type\":\"ImageObject\",\"inLanguage\":\"pt-BR\",\"@id\":\"https:\\\/\\\/afogadosfm.com.br\\\/afogadosfm\\\/2026\\\/01\\\/15\\\/policia-descobre-fabrica-de-armas-caseiras-em-serra-talhada\\\/#primaryimage\",\"url\":\"https:\\\/\\\/i0.wp.com\\\/afogadosfm.com.br\\\/afogadosfm\\\/wp-content\\\/uploads\\\/2026\\\/01\\\/armas.jpeg?fit=1249%2C719&ssl=1\",\"contentUrl\":\"https:\\\/\\\/i0.wp.com\\\/afogadosfm.com.br\\\/afogadosfm\\\/wp-content\\\/uploads\\\/2026\\\/01\\\/armas.jpeg?fit=1249%2C719&ssl=1\",\"width\":1249,\"height\":719},{\"@type\":\"BreadcrumbList\",\"@id\":\"https:\\\/\\\/afogadosfm.com.br\\\/afogadosfm\\\/2026\\\/01\\\/15\\\/policia-descobre-fabrica-de-armas-caseiras-em-serra-talhada\\\/#breadcrumb\",\"itemListElement\":[{\"@type\":\"ListItem\",\"position\":1,\"name\":\"In\u00edcio\",\"item\":\"https:\\\/\\\/afogadosfm.com.br\\\/afogadosfm\\\/\"},{\"@type\":\"ListItem\",\"position\":2,\"name\":\"Pol\u00edcia descobre fabrica de armas caseiras em Serra Talhada\"}]},{\"@type\":\"WebSite\",\"@id\":\"https:\\\/\\\/afogadosfm.com.br\\\/afogadosfm\\\/#website\",\"url\":\"https:\\\/\\\/afogadosfm.com.br\\\/afogadosfm\\\/\",\"name\":\"Afogados FM\",\"description\":\"Um site completo!\",\"publisher\":{\"@id\":\"https:\\\/\\\/afogadosfm.com.br\\\/afogadosfm\\\/#organization\"},\"potentialAction\":[{\"@type\":\"SearchAction\",\"target\":{\"@type\":\"EntryPoint\",\"urlTemplate\":\"https:\\\/\\\/afogadosfm.com.br\\\/afogadosfm\\\/?s={search_term_string}\"},\"query-input\":{\"@type\":\"PropertyValueSpecification\",\"valueRequired\":true,\"valueName\":\"search_term_string\"}}],\"inLanguage\":\"pt-BR\"},{\"@type\":\"Organization\",\"@id\":\"https:\\\/\\\/afogadosfm.com.br\\\/afogadosfm\\\/#organization\",\"name\":\"Afogados FM\",\"url\":\"https:\\\/\\\/afogadosfm.com.br\\\/afogadosfm\\\/\",\"logo\":{\"@type\":\"ImageObject\",\"inLanguage\":\"pt-BR\",\"@id\":\"https:\\\/\\\/afogadosfm.com.br\\\/afogadosfm\\\/#\\\/schema\\\/logo\\\/image\\\/\",\"url\":\"https:\\\/\\\/i0.wp.com\\\/afogadosfm.com.br\\\/afogadosfm\\\/wp-content\\\/uploads\\\/2020\\\/06\\\/cropped-banner-afogados-4.jpg?fit=369%2C137&ssl=1\",\"contentUrl\":\"https:\\\/\\\/i0.wp.com\\\/afogadosfm.com.br\\\/afogadosfm\\\/wp-content\\\/uploads\\\/2020\\\/06\\\/cropped-banner-afogados-4.jpg?fit=369%2C137&ssl=1\",\"width\":369,\"height\":137,\"caption\":\"Afogados FM\"},\"image\":{\"@id\":\"https:\\\/\\\/afogadosfm.com.br\\\/afogadosfm\\\/#\\\/schema\\\/logo\\\/image\\\/\"}},{\"@type\":\"Person\",\"@id\":\"https:\\\/\\\/afogadosfm.com.br\\\/afogadosfm\\\/#\\\/schema\\\/person\\\/60e56f2cf5dc960fc093fe093d9e9057\",\"name\":\"afogadosfm\",\"image\":{\"@type\":\"ImageObject\",\"inLanguage\":\"pt-BR\",\"@id\":\"https:\\\/\\\/secure.gravatar.com\\\/avatar\\\/e0359add7ed5dc3560906d861b52c6a8cf5c1e199d3a7dd85070998f49bd4701?s=96&d=mm&r=g\",\"url\":\"https:\\\/\\\/secure.gravatar.com\\\/avatar\\\/e0359add7ed5dc3560906d861b52c6a8cf5c1e199d3a7dd85070998f49bd4701?s=96&d=mm&r=g\",\"contentUrl\":\"https:\\\/\\\/secure.gravatar.com\\\/avatar\\\/e0359add7ed5dc3560906d861b52c6a8cf5c1e199d3a7dd85070998f49bd4701?s=96&d=mm&r=g\",\"caption\":\"afogadosfm\"},\"url\":\"https:\\\/\\\/afogadosfm.com.br\\\/afogadosfm\\\/author\\\/afogadosfm\\\/\"}]}<\/script>\n<!-- \/ Yoast SEO plugin. -->","yoast_head_json":{"title":"Pol\u00edcia descobre fabrica de armas caseiras em Serra Talhada - Afogados FM","robots":{"index":"index","follow":"follow","max-snippet":"max-snippet:-1","max-image-preview":"max-image-preview:large","max-video-preview":"max-video-preview:-1"},"canonical":"https:\/\/afogadosfm.com.br\/afogadosfm\/2026\/01\/15\/policia-descobre-fabrica-de-armas-caseiras-em-serra-talhada\/","og_locale":"pt_BR","og_type":"article","og_title":"Pol\u00edcia descobre fabrica de armas caseiras em Serra Talhada - Afogados FM","og_description":"Uma interven\u00e7\u00e3o estrat\u00e9gica do 14\u00ba Batalh\u00e3o da Pol\u00edcia Militar (BPM) resultou na desarticula\u00e7\u00e3o de uma oficina clandestina de armas de","og_url":"https:\/\/afogadosfm.com.br\/afogadosfm\/2026\/01\/15\/policia-descobre-fabrica-de-armas-caseiras-em-serra-talhada\/","og_site_name":"Afogados FM","article_published_time":"2026-01-15T09:06:20+00:00","article_modified_time":"2026-01-15T09:06:21+00:00","og_image":[{"width":1249,"height":719,"url":"https:\/\/afogadosfm.com.br\/afogadosfm\/wp-content\/uploads\/2026\/01\/armas.jpeg","type":"image\/jpeg"}],"author":"afogadosfm","twitter_card":"summary_large_image","twitter_misc":{"Escrito por":"afogadosfm","Est. tempo de leitura":"2 minutos"},"schema":{"@context":"https:\/\/schema.org","@graph":[{"@type":"Article","@id":"https:\/\/afogadosfm.com.br\/afogadosfm\/2026\/01\/15\/policia-descobre-fabrica-de-armas-caseiras-em-serra-talhada\/#article","isPartOf":{"@id":"https:\/\/afogadosfm.com.br\/afogadosfm\/2026\/01\/15\/policia-descobre-fabrica-de-armas-caseiras-em-serra-talhada\/"},"author":{"name":"afogadosfm","@id":"https:\/\/afogadosfm.com.br\/afogadosfm\/#\/schema\/person\/60e56f2cf5dc960fc093fe093d9e9057"},"headline":"Pol\u00edcia descobre fabrica de armas caseiras em Serra Talhada","datePublished":"2026-01-15T09:06:20+00:00","dateModified":"2026-01-15T09:06:21+00:00","mainEntityOfPage":{"@id":"https:\/\/afogadosfm.com.br\/afogadosfm\/2026\/01\/15\/policia-descobre-fabrica-de-armas-caseiras-em-serra-talhada\/"},"wordCount":282,"commentCount":0,"publisher":{"@id":"https:\/\/afogadosfm.com.br\/afogadosfm\/#organization"},"image":{"@id":"https:\/\/afogadosfm.com.br\/afogadosfm\/2026\/01\/15\/policia-descobre-fabrica-de-armas-caseiras-em-serra-talhada\/#primaryimage"},"thumbnailUrl":"https:\/\/i0.wp.com\/afogadosfm.com.br\/afogadosfm\/wp-content\/uploads\/2026\/01\/armas.jpeg?fit=1249%2C719&ssl=1","articleSection":["Sert\u00e3o"],"inLanguage":"pt-BR","potentialAction":[{"@type":"CommentAction","name":"Comment","target":["https:\/\/afogadosfm.com.br\/afogadosfm\/2026\/01\/15\/policia-descobre-fabrica-de-armas-caseiras-em-serra-talhada\/#respond"]}]},{"@type":"WebPage","@id":"https:\/\/afogadosfm.com.br\/afogadosfm\/2026\/01\/15\/policia-descobre-fabrica-de-armas-caseiras-em-serra-talhada\/","url":"https:\/\/afogadosfm.com.br\/afogadosfm\/2026\/01\/15\/policia-descobre-fabrica-de-armas-caseiras-em-serra-talhada\/","name":"Pol\u00edcia descobre fabrica de armas caseiras em Serra Talhada - Afogados FM","isPartOf":{"@id":"https:\/\/afogadosfm.com.br\/afogadosfm\/#website"},"primaryImageOfPage":{"@id":"https:\/\/afogadosfm.com.br\/afogadosfm\/2026\/01\/15\/policia-descobre-fabrica-de-armas-caseiras-em-serra-talhada\/#primaryimage"},"image":{"@id":"https:\/\/afogadosfm.com.br\/afogadosfm\/2026\/01\/15\/policia-descobre-fabrica-de-armas-caseiras-em-serra-talhada\/#primaryimage"},"thumbnailUrl":"https:\/\/i0.wp.com\/afogadosfm.com.br\/afogadosfm\/wp-content\/uploads\/2026\/01\/armas.jpeg?fit=1249%2C719&ssl=1","datePublished":"2026-01-15T09:06:20+00:00","dateModified":"2026-01-15T09:06:21+00:00","breadcrumb":{"@id":"https:\/\/afogadosfm.com.br\/afogadosfm\/2026\/01\/15\/policia-descobre-fabrica-de-armas-caseiras-em-serra-talhada\/#breadcrumb"},"inLanguage":"pt-BR","potentialAction":[{"@type":"ReadAction","target":["https:\/\/afogadosfm.com.br\/afogadosfm\/2026\/01\/15\/policia-descobre-fabrica-de-armas-caseiras-em-serra-talhada\/"]}]},{"@type":"ImageObject","inLanguage":"pt-BR","@id":"https:\/\/afogadosfm.com.br\/afogadosfm\/2026\/01\/15\/policia-descobre-fabrica-de-armas-caseiras-em-serra-talhada\/#primaryimage","url":"https:\/\/i0.wp.com\/afogadosfm.com.br\/afogadosfm\/wp-content\/uploads\/2026\/01\/armas.jpeg?fit=1249%2C719&ssl=1","contentUrl":"https:\/\/i0.wp.com\/afogadosfm.com.br\/afogadosfm\/wp-content\/uploads\/2026\/01\/armas.jpeg?fit=1249%2C719&ssl=1","width":1249,"height":719},{"@type":"BreadcrumbList","@id":"https:\/\/afogadosfm.com.br\/afogadosfm\/2026\/01\/15\/policia-descobre-fabrica-de-armas-caseiras-em-serra-talhada\/#breadcrumb","itemListElement":[{"@type":"ListItem","position":1,"name":"In\u00edcio","item":"https:\/\/afogadosfm.com.br\/afogadosfm\/"},{"@type":"ListItem","position":2,"name":"Pol\u00edcia descobre fabrica de armas caseiras em Serra Talhada"}]},{"@type":"WebSite","@id":"https:\/\/afogadosfm.com.br\/afogadosfm\/#website","url":"https:\/\/afogadosfm.com.br\/afogadosfm\/","name":"Afogados FM","description":"Um site completo!","publisher":{"@id":"https:\/\/afogadosfm.com.br\/afogadosfm\/#organization"},"potentialAction":[{"@type":"SearchAction","target":{"@type":"EntryPoint","urlTemplate":"https:\/\/afogadosfm.com.br\/afogadosfm\/?s={search_term_string}"},"query-input":{"@type":"PropertyValueSpecification","valueRequired":true,"valueName":"search_term_string"}}],"inLanguage":"pt-BR"},{"@type":"Organization","@id":"https:\/\/afogadosfm.com.br\/afogadosfm\/#organization","name":"Afogados FM","url":"https:\/\/afogadosfm.com.br\/afogadosfm\/","logo":{"@type":"ImageObject","inLanguage":"pt-BR","@id":"https:\/\/afogadosfm.com.br\/afogadosfm\/#\/schema\/logo\/image\/","url":"https:\/\/i0.wp.com\/afogadosfm.com.br\/afogadosfm\/wp-content\/uploads\/2020\/06\/cropped-banner-afogados-4.jpg?fit=369%2C137&ssl=1","contentUrl":"https:\/\/i0.wp.com\/afogadosfm.com.br\/afogadosfm\/wp-content\/uploads\/2020\/06\/cropped-banner-afogados-4.jpg?fit=369%2C137&ssl=1","width":369,"height":137,"caption":"Afogados FM"},"image":{"@id":"https:\/\/afogadosfm.com.br\/afogadosfm\/#\/schema\/logo\/image\/"}},{"@type":"Person","@id":"https:\/\/afogadosfm.com.br\/afogadosfm\/#\/schema\/person\/60e56f2cf5dc960fc093fe093d9e9057","name":"afogadosfm","image":{"@type":"ImageObject","inLanguage":"pt-BR","@id":"https:\/\/secure.gravatar.com\/avatar\/e0359add7ed5dc3560906d861b52c6a8cf5c1e199d3a7dd85070998f49bd4701?s=96&d=mm&r=g","url":"https:\/\/secure.gravatar.com\/avatar\/e0359add7ed5dc3560906d861b52c6a8cf5c1e199d3a7dd85070998f49bd4701?s=96&d=mm&r=g","contentUrl":"https:\/\/secure.gravatar.com\/avatar\/e0359add7ed5dc3560906d861b52c6a8cf5c1e199d3a7dd85070998f49bd4701?s=96&d=mm&r=g","caption":"afogadosfm"},"url":"https:\/\/afogadosfm.com.br\/afogadosfm\/author\/afogadosfm\/"}]}},"jetpack_publicize_connections":[],"jetpack_featured_media_url":"https:\/\/i0.wp.com\/afogadosfm.com.br\/afogadosfm\/wp-content\/uploads\/2026\/01\/armas.jpeg?fit=1249%2C719&ssl=1","jetpack-related-posts":[],"jetpack_sharing_enabled":true,"jetpack_likes_enabled":true,"_links":{"self":[{"href":"https:\/\/afogadosfm.com.br\/afogadosfm\/wp-json\/wp\/v2\/posts\/72002","targetHints":{"allow":["GET"]}}],"collection":[{"href":"https:\/\/afogadosfm.com.br\/afogadosfm\/wp-json\/wp\/v2\/posts"}],"about":[{"href":"https:\/\/afogadosfm.com.br\/afogadosfm\/wp-json\/wp\/v2\/types\/post"}],"author":[{"embeddable":true,"href":"https:\/\/afogadosfm.com.br\/afogadosfm\/wp-json\/wp\/v2\/users\/2"}],"replies":[{"embeddable":true,"href":"https:\/\/afogadosfm.com.br\/afogadosfm\/wp-json\/wp\/v2\/comments?post=72002"}],"version-history":[{"count":1,"href":"https:\/\/afogadosfm.com.br\/afogadosfm\/wp-json\/wp\/v2\/posts\/72002\/revisions"}],"predecessor-version":[{"id":72004,"href":"https:\/\/afogadosfm.com.br\/afogadosfm\/wp-json\/wp\/v2\/posts\/72002\/revisions\/72004"}],"wp:featuredmedia":[{"embeddable":true,"href":"https:\/\/afogadosfm.com.br\/afogadosfm\/wp-json\/wp\/v2\/media\/72003"}],"wp:attachment":[{"href":"https:\/\/afogadosfm.com.br\/afogadosfm\/wp-json\/wp\/v2\/media?parent=72002"}],"wp:term":[{"taxonomy":"category","embeddable":true,"href":"https:\/\/afogadosfm.com.br\/afogadosfm\/wp-json\/wp\/v2\/categories?post=72002"},{"taxonomy":"post_tag","embeddable":true,"href":"https:\/\/afogadosfm.com.br\/afogadosfm\/wp-json\/wp\/v2\/tags?post=72002"}],"curies":[{"name":"wp","href":"https:\/\/api.w.org\/{rel}","templated":true}]}}