{"id":72005,"date":"2026-01-15T06:09:32","date_gmt":"2026-01-15T09:09:32","guid":{"rendered":"https:\/\/afogadosfm.com.br\/afogadosfm\/?p=72005"},"modified":"2026-01-15T06:09:33","modified_gmt":"2026-01-15T09:09:33","slug":"pernambuco-mais-de-22-mil-doses-de-vacina-contra-o-virus-sincicial-respiratorio","status":"publish","type":"post","link":"https:\/\/afogadosfm.com.br\/afogadosfm\/2026\/01\/15\/pernambuco-mais-de-22-mil-doses-de-vacina-contra-o-virus-sincicial-respiratorio\/","title":{"rendered":"Pernambuco mais de 22 mil doses de vacina contra o V\u00edrus Sincicial Respirat\u00f3rio"},"content":{"rendered":"\n<p>Pernambuco recebeu mais 22.810 doses da vacina contra o V\u00edrus Sincicial Respirat\u00f3rio (VSR). \u00c9 a segunda remessa enviada pelo Minist\u00e9rio da Sa\u00fade (MS) ao estado desde o in\u00edcio da estrat\u00e9gia de imuniza\u00e7\u00e3o de gestantes a partir da 28\u00aa semana de gesta\u00e7\u00e3o, em dezembro de 2025. Estima-se que Pernambuco tenha 114.058 gestantes aptas \u00e0 vacina\u00e7\u00e3o.<\/p>\n\n\n\n<p>A VSR A e B (recombinante), aplicada em dose \u00fanica, \u00e9 indicada para todas as gestantes a partir da 28\u00aa semana de gesta\u00e7\u00e3o, sem restri\u00e7\u00e3o de idade materna, com foco na prote\u00e7\u00e3o dos beb\u00eas menores de 6 meses contra a bronquiolite. A partir da organiza\u00e7\u00e3o da log\u00edstica de distribui\u00e7\u00e3o do Programa Estadual de Imuniza\u00e7\u00f5es, as doses do imunobiol\u00f3gico ser\u00e3o encaminhadas para as doze Ger\u00eancias Regionais de Sa\u00fade (Geres), onde ficar\u00e3o \u00e0 disposi\u00e7\u00e3o dos munic\u00edpios para incremento das a\u00e7\u00f5es de vacina\u00e7\u00e3o.<\/p>\n","protected":false},"excerpt":{"rendered":"<p>Pernambuco recebeu mais 22.810 doses da vacina contra o V\u00edrus Sincicial Respirat\u00f3rio (VSR). \u00c9 a segunda remessa enviada pelo Minist\u00e9rio<\/p>\n","protected":false},"author":2,"featured_media":50373,"comment_status":"open","ping_status":"open","sticky":false,"template":"","format":"standard","meta":{"jetpack_post_was_ever_published":false,"_jetpack_newsletter_access":"","_jetpack_dont_email_post_to_subs":false,"_jetpack_newsletter_tier_id":0,"_jetpack_memberships_contains_paywalled_content":false,"_jetpack_memberships_contains_paid_content":false,"footnotes":"","jetpack_publicize_message":"","jetpack_publicize_feature_enabled":true,"jetpack_social_post_already_shared":true,"jetpack_social_options":{"image_generator_settings":{"template":"highway","default_image_id":0,"font":"","enabled":false},"version":2}},"categories":[37],"tags":[],"class_list":["post-72005","post","type-post","status-publish","format-standard","has-post-thumbnail","hentry","category-saude"],"yoast_head":"<!-- This site is optimized with the Yoast SEO plugin v27.5 - https:\/\/yoast.com\/product\/yoast-seo-wordpress\/ -->\n<title>Pernambuco mais de 22 mil doses de vacina contra o V\u00edrus Sincicial Respirat\u00f3rio - Afogados FM<\/title>\n<meta name=\"robots\" content=\"index, follow, max-snippet:-1, max-image-preview:large, max-video-preview:-1\" \/>\n<link rel=\"canonical\" href=\"https:\/\/afogadosfm.com.br\/afogadosfm\/2026\/01\/15\/pernambuco-mais-de-22-mil-doses-de-vacina-contra-o-virus-sincicial-respiratorio\/\" \/>\n<meta property=\"og:locale\" content=\"pt_BR\" \/>\n<meta property=\"og:type\" content=\"article\" \/>\n<meta property=\"og:title\" content=\"Pernambuco mais de 22 mil doses de vacina contra o V\u00edrus Sincicial Respirat\u00f3rio - Afogados FM\" \/>\n<meta property=\"og:description\" content=\"Pernambuco recebeu mais 22.810 doses da vacina contra o V\u00edrus Sincicial Respirat\u00f3rio (VSR). \u00c9 a segunda remessa enviada pelo Minist\u00e9rio\" \/>\n<meta property=\"og:url\" content=\"https:\/\/afogadosfm.com.br\/afogadosfm\/2026\/01\/15\/pernambuco-mais-de-22-mil-doses-de-vacina-contra-o-virus-sincicial-respiratorio\/\" \/>\n<meta property=\"og:site_name\" content=\"Afogados FM\" \/>\n<meta property=\"article:published_time\" content=\"2026-01-15T09:09:32+00:00\" \/>\n<meta property=\"article:modified_time\" content=\"2026-01-15T09:09:33+00:00\" \/>\n<meta property=\"og:image\" content=\"https:\/\/afogadosfm.com.br\/afogadosfm\/wp-content\/uploads\/2023\/09\/vacinaco.jpg\" \/>\n\t<meta property=\"og:image:width\" content=\"640\" \/>\n\t<meta property=\"og:image:height\" content=\"427\" \/>\n\t<meta property=\"og:image:type\" content=\"image\/jpeg\" \/>\n<meta name=\"author\" content=\"afogadosfm\" \/>\n<meta name=\"twitter:card\" content=\"summary_large_image\" \/>\n<meta name=\"twitter:label1\" content=\"Escrito por\" \/>\n\t<meta name=\"twitter:data1\" content=\"afogadosfm\" \/>\n\t<meta name=\"twitter:label2\" content=\"Est. tempo de leitura\" \/>\n\t<meta name=\"twitter:data2\" content=\"1 minuto\" \/>\n<script type=\"application\/ld+json\" class=\"yoast-schema-graph\">{\"@context\":\"https:\\\/\\\/schema.org\",\"@graph\":[{\"@type\":\"Article\",\"@id\":\"https:\\\/\\\/afogadosfm.com.br\\\/afogadosfm\\\/2026\\\/01\\\/15\\\/pernambuco-mais-de-22-mil-doses-de-vacina-contra-o-virus-sincicial-respiratorio\\\/#article\",\"isPartOf\":{\"@id\":\"https:\\\/\\\/afogadosfm.com.br\\\/afogadosfm\\\/2026\\\/01\\\/15\\\/pernambuco-mais-de-22-mil-doses-de-vacina-contra-o-virus-sincicial-respiratorio\\\/\"},\"author\":{\"name\":\"afogadosfm\",\"@id\":\"https:\\\/\\\/afogadosfm.com.br\\\/afogadosfm\\\/#\\\/schema\\\/person\\\/60e56f2cf5dc960fc093fe093d9e9057\"},\"headline\":\"Pernambuco mais de 22 mil doses de vacina contra o V\u00edrus Sincicial Respirat\u00f3rio\",\"datePublished\":\"2026-01-15T09:09:32+00:00\",\"dateModified\":\"2026-01-15T09:09:33+00:00\",\"mainEntityOfPage\":{\"@id\":\"https:\\\/\\\/afogadosfm.com.br\\\/afogadosfm\\\/2026\\\/01\\\/15\\\/pernambuco-mais-de-22-mil-doses-de-vacina-contra-o-virus-sincicial-respiratorio\\\/\"},\"wordCount\":164,\"commentCount\":0,\"publisher\":{\"@id\":\"https:\\\/\\\/afogadosfm.com.br\\\/afogadosfm\\\/#organization\"},\"image\":{\"@id\":\"https:\\\/\\\/afogadosfm.com.br\\\/afogadosfm\\\/2026\\\/01\\\/15\\\/pernambuco-mais-de-22-mil-doses-de-vacina-contra-o-virus-sincicial-respiratorio\\\/#primaryimage\"},\"thumbnailUrl\":\"https:\\\/\\\/i0.wp.com\\\/afogadosfm.com.br\\\/afogadosfm\\\/wp-content\\\/uploads\\\/2023\\\/09\\\/vacinaco.jpg?fit=640%2C427&ssl=1\",\"articleSection\":[\"Sa\u00fade\"],\"inLanguage\":\"pt-BR\",\"potentialAction\":[{\"@type\":\"CommentAction\",\"name\":\"Comment\",\"target\":[\"https:\\\/\\\/afogadosfm.com.br\\\/afogadosfm\\\/2026\\\/01\\\/15\\\/pernambuco-mais-de-22-mil-doses-de-vacina-contra-o-virus-sincicial-respiratorio\\\/#respond\"]}]},{\"@type\":\"WebPage\",\"@id\":\"https:\\\/\\\/afogadosfm.com.br\\\/afogadosfm\\\/2026\\\/01\\\/15\\\/pernambuco-mais-de-22-mil-doses-de-vacina-contra-o-virus-sincicial-respiratorio\\\/\",\"url\":\"https:\\\/\\\/afogadosfm.com.br\\\/afogadosfm\\\/2026\\\/01\\\/15\\\/pernambuco-mais-de-22-mil-doses-de-vacina-contra-o-virus-sincicial-respiratorio\\\/\",\"name\":\"Pernambuco mais de 22 mil doses de vacina contra o V\u00edrus Sincicial Respirat\u00f3rio - Afogados FM\",\"isPartOf\":{\"@id\":\"https:\\\/\\\/afogadosfm.com.br\\\/afogadosfm\\\/#website\"},\"primaryImageOfPage\":{\"@id\":\"https:\\\/\\\/afogadosfm.com.br\\\/afogadosfm\\\/2026\\\/01\\\/15\\\/pernambuco-mais-de-22-mil-doses-de-vacina-contra-o-virus-sincicial-respiratorio\\\/#primaryimage\"},\"image\":{\"@id\":\"https:\\\/\\\/afogadosfm.com.br\\\/afogadosfm\\\/2026\\\/01\\\/15\\\/pernambuco-mais-de-22-mil-doses-de-vacina-contra-o-virus-sincicial-respiratorio\\\/#primaryimage\"},\"thumbnailUrl\":\"https:\\\/\\\/i0.wp.com\\\/afogadosfm.com.br\\\/afogadosfm\\\/wp-content\\\/uploads\\\/2023\\\/09\\\/vacinaco.jpg?fit=640%2C427&ssl=1\",\"datePublished\":\"2026-01-15T09:09:32+00:00\",\"dateModified\":\"2026-01-15T09:09:33+00:00\",\"breadcrumb\":{\"@id\":\"https:\\\/\\\/afogadosfm.com.br\\\/afogadosfm\\\/2026\\\/01\\\/15\\\/pernambuco-mais-de-22-mil-doses-de-vacina-contra-o-virus-sincicial-respiratorio\\\/#breadcrumb\"},\"inLanguage\":\"pt-BR\",\"potentialAction\":[{\"@type\":\"ReadAction\",\"target\":[\"https:\\\/\\\/afogadosfm.com.br\\\/afogadosfm\\\/2026\\\/01\\\/15\\\/pernambuco-mais-de-22-mil-doses-de-vacina-contra-o-virus-sincicial-respiratorio\\\/\"]}]},{\"@type\":\"ImageObject\",\"inLanguage\":\"pt-BR\",\"@id\":\"https:\\\/\\\/afogadosfm.com.br\\\/afogadosfm\\\/2026\\\/01\\\/15\\\/pernambuco-mais-de-22-mil-doses-de-vacina-contra-o-virus-sincicial-respiratorio\\\/#primaryimage\",\"url\":\"https:\\\/\\\/i0.wp.com\\\/afogadosfm.com.br\\\/afogadosfm\\\/wp-content\\\/uploads\\\/2023\\\/09\\\/vacinaco.jpg?fit=640%2C427&ssl=1\",\"contentUrl\":\"https:\\\/\\\/i0.wp.com\\\/afogadosfm.com.br\\\/afogadosfm\\\/wp-content\\\/uploads\\\/2023\\\/09\\\/vacinaco.jpg?fit=640%2C427&ssl=1\",\"width\":640,\"height\":427},{\"@type\":\"BreadcrumbList\",\"@id\":\"https:\\\/\\\/afogadosfm.com.br\\\/afogadosfm\\\/2026\\\/01\\\/15\\\/pernambuco-mais-de-22-mil-doses-de-vacina-contra-o-virus-sincicial-respiratorio\\\/#breadcrumb\",\"itemListElement\":[{\"@type\":\"ListItem\",\"position\":1,\"name\":\"In\u00edcio\",\"item\":\"https:\\\/\\\/afogadosfm.com.br\\\/afogadosfm\\\/\"},{\"@type\":\"ListItem\",\"position\":2,\"name\":\"Pernambuco mais de 22 mil doses de vacina contra o V\u00edrus Sincicial Respirat\u00f3rio\"}]},{\"@type\":\"WebSite\",\"@id\":\"https:\\\/\\\/afogadosfm.com.br\\\/afogadosfm\\\/#website\",\"url\":\"https:\\\/\\\/afogadosfm.com.br\\\/afogadosfm\\\/\",\"name\":\"Afogados FM\",\"description\":\"Um site completo!\",\"publisher\":{\"@id\":\"https:\\\/\\\/afogadosfm.com.br\\\/afogadosfm\\\/#organization\"},\"potentialAction\":[{\"@type\":\"SearchAction\",\"target\":{\"@type\":\"EntryPoint\",\"urlTemplate\":\"https:\\\/\\\/afogadosfm.com.br\\\/afogadosfm\\\/?s={search_term_string}\"},\"query-input\":{\"@type\":\"PropertyValueSpecification\",\"valueRequired\":true,\"valueName\":\"search_term_string\"}}],\"inLanguage\":\"pt-BR\"},{\"@type\":\"Organization\",\"@id\":\"https:\\\/\\\/afogadosfm.com.br\\\/afogadosfm\\\/#organization\",\"name\":\"Afogados FM\",\"url\":\"https:\\\/\\\/afogadosfm.com.br\\\/afogadosfm\\\/\",\"logo\":{\"@type\":\"ImageObject\",\"inLanguage\":\"pt-BR\",\"@id\":\"https:\\\/\\\/afogadosfm.com.br\\\/afogadosfm\\\/#\\\/schema\\\/logo\\\/image\\\/\",\"url\":\"https:\\\/\\\/i0.wp.com\\\/afogadosfm.com.br\\\/afogadosfm\\\/wp-content\\\/uploads\\\/2020\\\/06\\\/cropped-banner-afogados-4.jpg?fit=369%2C137&ssl=1\",\"contentUrl\":\"https:\\\/\\\/i0.wp.com\\\/afogadosfm.com.br\\\/afogadosfm\\\/wp-content\\\/uploads\\\/2020\\\/06\\\/cropped-banner-afogados-4.jpg?fit=369%2C137&ssl=1\",\"width\":369,\"height\":137,\"caption\":\"Afogados FM\"},\"image\":{\"@id\":\"https:\\\/\\\/afogadosfm.com.br\\\/afogadosfm\\\/#\\\/schema\\\/logo\\\/image\\\/\"}},{\"@type\":\"Person\",\"@id\":\"https:\\\/\\\/afogadosfm.com.br\\\/afogadosfm\\\/#\\\/schema\\\/person\\\/60e56f2cf5dc960fc093fe093d9e9057\",\"name\":\"afogadosfm\",\"image\":{\"@type\":\"ImageObject\",\"inLanguage\":\"pt-BR\",\"@id\":\"https:\\\/\\\/secure.gravatar.com\\\/avatar\\\/e0359add7ed5dc3560906d861b52c6a8cf5c1e199d3a7dd85070998f49bd4701?s=96&d=mm&r=g\",\"url\":\"https:\\\/\\\/secure.gravatar.com\\\/avatar\\\/e0359add7ed5dc3560906d861b52c6a8cf5c1e199d3a7dd85070998f49bd4701?s=96&d=mm&r=g\",\"contentUrl\":\"https:\\\/\\\/secure.gravatar.com\\\/avatar\\\/e0359add7ed5dc3560906d861b52c6a8cf5c1e199d3a7dd85070998f49bd4701?s=96&d=mm&r=g\",\"caption\":\"afogadosfm\"},\"url\":\"https:\\\/\\\/afogadosfm.com.br\\\/afogadosfm\\\/author\\\/afogadosfm\\\/\"}]}<\/script>\n<!-- \/ Yoast SEO plugin. -->","yoast_head_json":{"title":"Pernambuco mais de 22 mil doses de vacina contra o V\u00edrus Sincicial Respirat\u00f3rio - Afogados FM","robots":{"index":"index","follow":"follow","max-snippet":"max-snippet:-1","max-image-preview":"max-image-preview:large","max-video-preview":"max-video-preview:-1"},"canonical":"https:\/\/afogadosfm.com.br\/afogadosfm\/2026\/01\/15\/pernambuco-mais-de-22-mil-doses-de-vacina-contra-o-virus-sincicial-respiratorio\/","og_locale":"pt_BR","og_type":"article","og_title":"Pernambuco mais de 22 mil doses de vacina contra o V\u00edrus Sincicial Respirat\u00f3rio - Afogados FM","og_description":"Pernambuco recebeu mais 22.810 doses da vacina contra o V\u00edrus Sincicial Respirat\u00f3rio (VSR). \u00c9 a segunda remessa enviada pelo Minist\u00e9rio","og_url":"https:\/\/afogadosfm.com.br\/afogadosfm\/2026\/01\/15\/pernambuco-mais-de-22-mil-doses-de-vacina-contra-o-virus-sincicial-respiratorio\/","og_site_name":"Afogados FM","article_published_time":"2026-01-15T09:09:32+00:00","article_modified_time":"2026-01-15T09:09:33+00:00","og_image":[{"width":640,"height":427,"url":"https:\/\/afogadosfm.com.br\/afogadosfm\/wp-content\/uploads\/2023\/09\/vacinaco.jpg","type":"image\/jpeg"}],"author":"afogadosfm","twitter_card":"summary_large_image","twitter_misc":{"Escrito por":"afogadosfm","Est. tempo de leitura":"1 minuto"},"schema":{"@context":"https:\/\/schema.org","@graph":[{"@type":"Article","@id":"https:\/\/afogadosfm.com.br\/afogadosfm\/2026\/01\/15\/pernambuco-mais-de-22-mil-doses-de-vacina-contra-o-virus-sincicial-respiratorio\/#article","isPartOf":{"@id":"https:\/\/afogadosfm.com.br\/afogadosfm\/2026\/01\/15\/pernambuco-mais-de-22-mil-doses-de-vacina-contra-o-virus-sincicial-respiratorio\/"},"author":{"name":"afogadosfm","@id":"https:\/\/afogadosfm.com.br\/afogadosfm\/#\/schema\/person\/60e56f2cf5dc960fc093fe093d9e9057"},"headline":"Pernambuco mais de 22 mil doses de vacina contra o V\u00edrus Sincicial Respirat\u00f3rio","datePublished":"2026-01-15T09:09:32+00:00","dateModified":"2026-01-15T09:09:33+00:00","mainEntityOfPage":{"@id":"https:\/\/afogadosfm.com.br\/afogadosfm\/2026\/01\/15\/pernambuco-mais-de-22-mil-doses-de-vacina-contra-o-virus-sincicial-respiratorio\/"},"wordCount":164,"commentCount":0,"publisher":{"@id":"https:\/\/afogadosfm.com.br\/afogadosfm\/#organization"},"image":{"@id":"https:\/\/afogadosfm.com.br\/afogadosfm\/2026\/01\/15\/pernambuco-mais-de-22-mil-doses-de-vacina-contra-o-virus-sincicial-respiratorio\/#primaryimage"},"thumbnailUrl":"https:\/\/i0.wp.com\/afogadosfm.com.br\/afogadosfm\/wp-content\/uploads\/2023\/09\/vacinaco.jpg?fit=640%2C427&ssl=1","articleSection":["Sa\u00fade"],"inLanguage":"pt-BR","potentialAction":[{"@type":"CommentAction","name":"Comment","target":["https:\/\/afogadosfm.com.br\/afogadosfm\/2026\/01\/15\/pernambuco-mais-de-22-mil-doses-de-vacina-contra-o-virus-sincicial-respiratorio\/#respond"]}]},{"@type":"WebPage","@id":"https:\/\/afogadosfm.com.br\/afogadosfm\/2026\/01\/15\/pernambuco-mais-de-22-mil-doses-de-vacina-contra-o-virus-sincicial-respiratorio\/","url":"https:\/\/afogadosfm.com.br\/afogadosfm\/2026\/01\/15\/pernambuco-mais-de-22-mil-doses-de-vacina-contra-o-virus-sincicial-respiratorio\/","name":"Pernambuco mais de 22 mil doses de vacina contra o V\u00edrus Sincicial Respirat\u00f3rio - Afogados FM","isPartOf":{"@id":"https:\/\/afogadosfm.com.br\/afogadosfm\/#website"},"primaryImageOfPage":{"@id":"https:\/\/afogadosfm.com.br\/afogadosfm\/2026\/01\/15\/pernambuco-mais-de-22-mil-doses-de-vacina-contra-o-virus-sincicial-respiratorio\/#primaryimage"},"image":{"@id":"https:\/\/afogadosfm.com.br\/afogadosfm\/2026\/01\/15\/pernambuco-mais-de-22-mil-doses-de-vacina-contra-o-virus-sincicial-respiratorio\/#primaryimage"},"thumbnailUrl":"https:\/\/i0.wp.com\/afogadosfm.com.br\/afogadosfm\/wp-content\/uploads\/2023\/09\/vacinaco.jpg?fit=640%2C427&ssl=1","datePublished":"2026-01-15T09:09:32+00:00","dateModified":"2026-01-15T09:09:33+00:00","breadcrumb":{"@id":"https:\/\/afogadosfm.com.br\/afogadosfm\/2026\/01\/15\/pernambuco-mais-de-22-mil-doses-de-vacina-contra-o-virus-sincicial-respiratorio\/#breadcrumb"},"inLanguage":"pt-BR","potentialAction":[{"@type":"ReadAction","target":["https:\/\/afogadosfm.com.br\/afogadosfm\/2026\/01\/15\/pernambuco-mais-de-22-mil-doses-de-vacina-contra-o-virus-sincicial-respiratorio\/"]}]},{"@type":"ImageObject","inLanguage":"pt-BR","@id":"https:\/\/afogadosfm.com.br\/afogadosfm\/2026\/01\/15\/pernambuco-mais-de-22-mil-doses-de-vacina-contra-o-virus-sincicial-respiratorio\/#primaryimage","url":"https:\/\/i0.wp.com\/afogadosfm.com.br\/afogadosfm\/wp-content\/uploads\/2023\/09\/vacinaco.jpg?fit=640%2C427&ssl=1","contentUrl":"https:\/\/i0.wp.com\/afogadosfm.com.br\/afogadosfm\/wp-content\/uploads\/2023\/09\/vacinaco.jpg?fit=640%2C427&ssl=1","width":640,"height":427},{"@type":"BreadcrumbList","@id":"https:\/\/afogadosfm.com.br\/afogadosfm\/2026\/01\/15\/pernambuco-mais-de-22-mil-doses-de-vacina-contra-o-virus-sincicial-respiratorio\/#breadcrumb","itemListElement":[{"@type":"ListItem","position":1,"name":"In\u00edcio","item":"https:\/\/afogadosfm.com.br\/afogadosfm\/"},{"@type":"ListItem","position":2,"name":"Pernambuco mais de 22 mil doses de vacina contra o V\u00edrus Sincicial Respirat\u00f3rio"}]},{"@type":"WebSite","@id":"https:\/\/afogadosfm.com.br\/afogadosfm\/#website","url":"https:\/\/afogadosfm.com.br\/afogadosfm\/","name":"Afogados FM","description":"Um site completo!","publisher":{"@id":"https:\/\/afogadosfm.com.br\/afogadosfm\/#organization"},"potentialAction":[{"@type":"SearchAction","target":{"@type":"EntryPoint","urlTemplate":"https:\/\/afogadosfm.com.br\/afogadosfm\/?s={search_term_string}"},"query-input":{"@type":"PropertyValueSpecification","valueRequired":true,"valueName":"search_term_string"}}],"inLanguage":"pt-BR"},{"@type":"Organization","@id":"https:\/\/afogadosfm.com.br\/afogadosfm\/#organization","name":"Afogados FM","url":"https:\/\/afogadosfm.com.br\/afogadosfm\/","logo":{"@type":"ImageObject","inLanguage":"pt-BR","@id":"https:\/\/afogadosfm.com.br\/afogadosfm\/#\/schema\/logo\/image\/","url":"https:\/\/i0.wp.com\/afogadosfm.com.br\/afogadosfm\/wp-content\/uploads\/2020\/06\/cropped-banner-afogados-4.jpg?fit=369%2C137&ssl=1","contentUrl":"https:\/\/i0.wp.com\/afogadosfm.com.br\/afogadosfm\/wp-content\/uploads\/2020\/06\/cropped-banner-afogados-4.jpg?fit=369%2C137&ssl=1","width":369,"height":137,"caption":"Afogados FM"},"image":{"@id":"https:\/\/afogadosfm.com.br\/afogadosfm\/#\/schema\/logo\/image\/"}},{"@type":"Person","@id":"https:\/\/afogadosfm.com.br\/afogadosfm\/#\/schema\/person\/60e56f2cf5dc960fc093fe093d9e9057","name":"afogadosfm","image":{"@type":"ImageObject","inLanguage":"pt-BR","@id":"https:\/\/secure.gravatar.com\/avatar\/e0359add7ed5dc3560906d861b52c6a8cf5c1e199d3a7dd85070998f49bd4701?s=96&d=mm&r=g","url":"https:\/\/secure.gravatar.com\/avatar\/e0359add7ed5dc3560906d861b52c6a8cf5c1e199d3a7dd85070998f49bd4701?s=96&d=mm&r=g","contentUrl":"https:\/\/secure.gravatar.com\/avatar\/e0359add7ed5dc3560906d861b52c6a8cf5c1e199d3a7dd85070998f49bd4701?s=96&d=mm&r=g","caption":"afogadosfm"},"url":"https:\/\/afogadosfm.com.br\/afogadosfm\/author\/afogadosfm\/"}]}},"jetpack_publicize_connections":[],"jetpack_featured_media_url":"https:\/\/i0.wp.com\/afogadosfm.com.br\/afogadosfm\/wp-content\/uploads\/2023\/09\/vacinaco.jpg?fit=640%2C427&ssl=1","jetpack-related-posts":[],"jetpack_sharing_enabled":true,"jetpack_likes_enabled":true,"_links":{"self":[{"href":"https:\/\/afogadosfm.com.br\/afogadosfm\/wp-json\/wp\/v2\/posts\/72005","targetHints":{"allow":["GET"]}}],"collection":[{"href":"https:\/\/afogadosfm.com.br\/afogadosfm\/wp-json\/wp\/v2\/posts"}],"about":[{"href":"https:\/\/afogadosfm.com.br\/afogadosfm\/wp-json\/wp\/v2\/types\/post"}],"author":[{"embeddable":true,"href":"https:\/\/afogadosfm.com.br\/afogadosfm\/wp-json\/wp\/v2\/users\/2"}],"replies":[{"embeddable":true,"href":"https:\/\/afogadosfm.com.br\/afogadosfm\/wp-json\/wp\/v2\/comments?post=72005"}],"version-history":[{"count":1,"href":"https:\/\/afogadosfm.com.br\/afogadosfm\/wp-json\/wp\/v2\/posts\/72005\/revisions"}],"predecessor-version":[{"id":72006,"href":"https:\/\/afogadosfm.com.br\/afogadosfm\/wp-json\/wp\/v2\/posts\/72005\/revisions\/72006"}],"wp:featuredmedia":[{"embeddable":true,"href":"https:\/\/afogadosfm.com.br\/afogadosfm\/wp-json\/wp\/v2\/media\/50373"}],"wp:attachment":[{"href":"https:\/\/afogadosfm.com.br\/afogadosfm\/wp-json\/wp\/v2\/media?parent=72005"}],"wp:term":[{"taxonomy":"category","embeddable":true,"href":"https:\/\/afogadosfm.com.br\/afogadosfm\/wp-json\/wp\/v2\/categories?post=72005"},{"taxonomy":"post_tag","embeddable":true,"href":"https:\/\/afogadosfm.com.br\/afogadosfm\/wp-json\/wp\/v2\/tags?post=72005"}],"curies":[{"name":"wp","href":"https:\/\/api.w.org\/{rel}","templated":true}]}}